{"id":6883,"date":"2018-09-07T10:03:25","date_gmt":"2018-09-07T08:03:25","guid":{"rendered":"https:\/\/news.save.ch\/?p=6883"},"modified":"2023-03-14T08:58:57","modified_gmt":"2023-03-14T07:58:57","slug":"wo-der-blitz-am-haeufigsten-einschlaegt","status":null,"type":"post","link":"https:\/\/news.save.ch\/fr\/wo-der-blitz-am-haeufigsten-einschlaegt\/","title":{"rendered":"O\u00f9 la foudre tombe le plus souvent"},"content":{"rendered":"<figure id=\"attachment_6893\" aria-describedby=\"caption-attachment-6893\" style=\"width: 680px\" class=\"wp-caption aligncenter\"><img loading=\"lazy\" decoding=\"async\" class=\"size-medium wp-image-6893\" src=\"https:\/\/news.save.ch\/wp-content\/uploads\/2018\/09\/Unbenannt.gif\" alt=\"\" width=\"680\" height=\"353\" \/><figcaption id=\"caption-attachment-6893\" class=\"wp-caption-text\">Le classement des cantons. \u00a9 Siemens<\/figcaption><\/figure>\n<p>Le service d'information sur la foudre <strong>(<\/strong>BLIDS) de Siemens vient de publier les donn\u00e9es relatives \u00e0 la foudre terrestre pour l'\u00e9t\u00e9 2018 en Suisse. Cela comprend uniquement <a href=\"https:\/\/de.wikipedia.org\/wiki\/Blitz\">Foudre<\/a>Les \u00e9clairs sont des \u00e9clairs qui se produisent entre la partie inf\u00e9rieure d'un nuage et le sol. Selon BLIDS, la commune de Rivaz, dans le canton de Vaud, a subi le plus grand nombre d'impacts de foudre au cours des trois mois d'\u00e9t\u00e9, de juin \u00e0 ao\u00fbt 2018, par rapport \u00e0 sa superficie. On y a enregistr\u00e9 22,83 coups de foudre par km.<sup>2<\/sup>.<\/p>\n<p><strong>Le plus grand nombre de d\u00e9charges radio dans les Grisons <\/strong><\/p>\n<p>La localit\u00e9 la plus foudroy\u00e9e de Suisse al\u00e9manique est Titterten dans le canton de B\u00e2le-Campagne avec 6,1 \u00e9clairs par km<sup>2<\/sup>. En revanche, plus de 140 localit\u00e9s suisses n'ont enregistr\u00e9 aucun impact de foudre l'\u00e9t\u00e9 dernier, selon les donn\u00e9es fournies. Si l'on consid\u00e8re les chiffres absolus au niveau cantonal, c'est le canton des Grisons qui a enregistr\u00e9 le plus grand nombre d'impacts avec 7913 \u00e9clairs de terre, suivi du canton du Tessin (7687) et du canton de Berne (7357). Dans le canton de B\u00e2le-Ville, la foudre n'est tomb\u00e9e que 37 fois durant la m\u00eame p\u00e9riode. A titre de comparaison : rien que dans la localit\u00e9 tessinoise de Lavertezzo, on a enregistr\u00e9 361 impacts de foudre en trois mois.<\/p>\n<p><strong>Plus c'est pr\u00e9cis et rapide, plus la protection est \u00e9lev\u00e9e<\/strong><\/p>\n<p>La grande pr\u00e9cision de BLIDS est bas\u00e9e sur le principe du temps d'arriv\u00e9e (TOA). Le lieu de la foudre est calcul\u00e9 \u00e0 partir de la diff\u00e9rence des temps enregistr\u00e9s dans les r\u00e9cepteurs. \"Alors qu'il fallait auparavant jusqu'\u00e0 30 secondes pour obtenir des informations sur un impact de foudre dans le syst\u00e8me, il n'en faut plus que dix aujourd'hui\", explique Stephan Thern, responsable du service d'information sur la foudre. \"Aujourd'hui, nous pouvons d\u00e9terminer environ la moiti\u00e9 des coups de foudre \u00e0 moins de 100 m\u00e8tres pr\u00e8s\". Outre la localisation pr\u00e9cise, cette m\u00e9thode de mesure et de calcul permettrait en outre de reconna\u00eetre la polarit\u00e9 et l'intensit\u00e9 du courant ainsi que les \u00e9clairs partiels au sein d'un \u00e9clair global. Plus les donn\u00e9es sont pr\u00e9cises et rapides, plus la protection des personnes, des installations industrielles et des infrastructures est \u00e9lev\u00e9e. Le service d'information est utilis\u00e9 entre autres par les services m\u00e9t\u00e9orologiques, les assurances et les entreprises industrielles et \u00e9lectriques. Gr\u00e2ce \u00e0 \"MindSphere\", le syst\u00e8me d'exploitation ouvert bas\u00e9 sur le cloud pour l'Internet des objets, les donn\u00e9es sur la foudre sont \u00e9galement disponibles pour les clients sur les PC et les appareils mobiles.<\/p>\n<p><strong>Comment fonctionne le syst\u00e8me BLIDS <\/strong><\/p>\n<p>Chaque \u00e9clair \u00e9met un signal \u00e9lectromagn\u00e9tique, ou plut\u00f4t des ondes \u00e9lectromagn\u00e9tiques. Ces informations sont enregistr\u00e9es par des antennes et analys\u00e9es dans la centrale BLIDS \u00e0 Karlsruhe. Les antennes sont con\u00e7ues de mani\u00e8re \u00e0 pouvoir reconna\u00eetre la direction d'o\u00f9 provient le signal, comme l'\u00e9crit Siemens. En combinaison avec les informations fournies par d'autres antennes, il est possible de d\u00e9terminer le point d'impact. Le d\u00e9roulement d'un orage peut ainsi \u00eatre repr\u00e9sent\u00e9 sans faille.<\/p>\n<p><em>Le service d'information sur la foudre utilise environ 160 stations de mesure connect\u00e9es en Europe pour d\u00e9tecter les \u00e9clairs et g\u00e8re le r\u00e9seau de mesure en Suisse, en Allemagne, en Grande-Bretagne, au Benelux, en R\u00e9publique tch\u00e8que, en Slovaquie et en Hongrie.<\/em>\u00a0<em>Avec l'outil gratuit <a href=\"https:\/\/www.blids.de\">Espion BLIDS<\/a> les personnes int\u00e9ress\u00e9es peuvent \u00e9galement s'informer sur les impacts de foudre en Suisse.<\/em><\/p>\n<p>&nbsp;<\/p>\n<p>&nbsp;<\/p>","protected":false},"excerpt":{"rendered":"<p>Der Blitz-Informationsdienst (BLIDS) von Siemens hat soeben die Daten der Erdblitze f\u00fcr den Sommer 2018 in der Schweiz ver\u00f6ffentlicht. Dazu geh\u00f6ren nur Blitze, welche zwischen dem unteren Teil einer Wolke und dem Erdboden entstehen. Laut BLIDS gab es die meisten Blitzeinschl\u00e4ge in den drei Sommermonaten Juni bis August 2018 \u2013 bezogen auf die Fl\u00e4chengr\u00f6sse \u2013 [&hellip;]<\/p>\n","protected":false},"author":8,"featured_media":6884,"comment_status":"open","ping_status":"open","sticky":false,"template":"","format":"standard","meta":{"_acf_changed":false,"pgc_sgb_lightbox_settings":"","footnotes":""},"categories":[3312],"tags":[395],"class_list":["post-6883","post","type-post","status-publish","format-standard","has-post-thumbnail","hentry","category-sicherheit","tag-blitzeinschlaege"],"acf":[],"hkrextid":null,"publication":null,"issue":null,"workflow":null,"startPage":null,"spitzmarke":null,"_posts_by_tag_page_fields":{"widget_title":"","widget_tags":""},"_at_widget":"1","_yoast_wpseo_primary_category":"5","_yoast_wpseo_focuskw_text_input":"Blitz-Informationsdienst","_yoast_wpseo_opengraph-image":null,"_yoast_wpseo_opengraph-description":null,"_yoast_wpseo_opengraph-title":null,"enclosure":null,"_yoast_wpseo_twitter-title":null,"_yoast_wpseo_twitter-description":null,"_yoast_wpseo_twitter-image":null,"_wp_old_slug":null,"_yoast_wpseo_title":null,"_yoast_wpseo_canonical":null,"yoast_head":"<!-- This site is optimized with the Yoast SEO plugin v27.5 - https:\/\/yoast.com\/product\/yoast-seo-wordpress\/ -->\n<title>Wo der Blitz am h\u00e4ufigsten einschl\u00e4gt - Save<\/title>\n<meta name=\"description\" content=\"Der Blitz-Informationsdienst hat die aktuelle Statistik der Blitzeinschl\u00e4ge f\u00fcr die Schweiz ver\u00f6ffentlicht. GR geh\u00f6rt zu den blitzreichsten Kantonen.\" \/>\n<meta name=\"robots\" content=\"index, follow, max-snippet:-1, max-image-preview:large, max-video-preview:-1\" \/>\n<link rel=\"canonical\" href=\"https:\/\/news.save.ch\/fr\/wo-der-blitz-am-haeufigsten-einschlaegt\/\" \/>\n<meta property=\"og:locale\" content=\"fr_FR\" \/>\n<meta property=\"og:type\" content=\"article\" \/>\n<meta property=\"og:title\" content=\"Wo der Blitz am h\u00e4ufigsten einschl\u00e4gt - Save\" \/>\n<meta property=\"og:description\" content=\"Der Blitz-Informationsdienst hat die aktuelle Statistik der Blitzeinschl\u00e4ge f\u00fcr die Schweiz ver\u00f6ffentlicht. GR geh\u00f6rt zu den blitzreichsten Kantonen.\" \/>\n<meta property=\"og:url\" content=\"https:\/\/news.save.ch\/fr\/wo-der-blitz-am-haeufigsten-einschlaegt\/\" \/>\n<meta property=\"og:site_name\" content=\"Save\" \/>\n<meta property=\"article:published_time\" content=\"2018-09-07T08:03:25+00:00\" \/>\n<meta property=\"article:modified_time\" content=\"2023-03-14T07:58:57+00:00\" \/>\n<meta property=\"og:image\" content=\"https:\/\/news.save.ch\/wp-content\/uploads\/2018\/09\/1444.jpg\" \/>\n\t<meta property=\"og:image:width\" content=\"527\" \/>\n\t<meta property=\"og:image:height\" content=\"301\" \/>\n\t<meta property=\"og:image:type\" content=\"image\/jpeg\" \/>\n<meta name=\"author\" content=\"Roger Str\u00e4ssle\" \/>\n<meta name=\"twitter:card\" content=\"summary_large_image\" \/>\n<meta name=\"twitter:label1\" content=\"\u00c9crit par\" \/>\n\t<meta name=\"twitter:data1\" content=\"Roger Str\u00e4ssle\" \/>\n\t<meta name=\"twitter:label2\" content=\"Dur\u00e9e de lecture estim\u00e9e\" \/>\n\t<meta name=\"twitter:data2\" content=\"2 minutes\" \/>\n<script type=\"application\/ld+json\" class=\"yoast-schema-graph\">{\"@context\":\"https:\\\/\\\/schema.org\",\"@graph\":[{\"@type\":\"Article\",\"@id\":\"https:\\\/\\\/news.save.ch\\\/wo-der-blitz-am-haeufigsten-einschlaegt\\\/#article\",\"isPartOf\":{\"@id\":\"https:\\\/\\\/news.save.ch\\\/wo-der-blitz-am-haeufigsten-einschlaegt\\\/\"},\"author\":{\"name\":\"Roger Str\u00e4ssle\",\"@id\":\"https:\\\/\\\/news.save.ch\\\/de\\\/#\\\/schema\\\/person\\\/d5022db048e0e2b9785c50e5b24da5aa\"},\"headline\":\"Wo der Blitz am h\u00e4ufigsten einschl\u00e4gt\",\"datePublished\":\"2018-09-07T08:03:25+00:00\",\"dateModified\":\"2023-03-14T07:58:57+00:00\",\"mainEntityOfPage\":{\"@id\":\"https:\\\/\\\/news.save.ch\\\/wo-der-blitz-am-haeufigsten-einschlaegt\\\/\"},\"wordCount\":458,\"commentCount\":0,\"publisher\":{\"@id\":\"https:\\\/\\\/news.save.ch\\\/de\\\/#organization\"},\"image\":{\"@id\":\"https:\\\/\\\/news.save.ch\\\/wo-der-blitz-am-haeufigsten-einschlaegt\\\/#primaryimage\"},\"thumbnailUrl\":\"https:\\\/\\\/news.save.ch\\\/wp-content\\\/uploads\\\/2018\\\/09\\\/1444.jpg\",\"keywords\":[\"Blitzeinschl\u00e4ge\"],\"articleSection\":[\"SICHERHEIT\"],\"inLanguage\":\"fr-FR\"},{\"@type\":\"WebPage\",\"@id\":\"https:\\\/\\\/news.save.ch\\\/wo-der-blitz-am-haeufigsten-einschlaegt\\\/\",\"url\":\"https:\\\/\\\/news.save.ch\\\/wo-der-blitz-am-haeufigsten-einschlaegt\\\/\",\"name\":\"Wo der Blitz am h\u00e4ufigsten einschl\u00e4gt - Save\",\"isPartOf\":{\"@id\":\"https:\\\/\\\/news.save.ch\\\/de\\\/#website\"},\"primaryImageOfPage\":{\"@id\":\"https:\\\/\\\/news.save.ch\\\/wo-der-blitz-am-haeufigsten-einschlaegt\\\/#primaryimage\"},\"image\":{\"@id\":\"https:\\\/\\\/news.save.ch\\\/wo-der-blitz-am-haeufigsten-einschlaegt\\\/#primaryimage\"},\"thumbnailUrl\":\"https:\\\/\\\/news.save.ch\\\/wp-content\\\/uploads\\\/2018\\\/09\\\/1444.jpg\",\"datePublished\":\"2018-09-07T08:03:25+00:00\",\"dateModified\":\"2023-03-14T07:58:57+00:00\",\"description\":\"Der Blitz-Informationsdienst hat die aktuelle Statistik der Blitzeinschl\u00e4ge f\u00fcr die Schweiz ver\u00f6ffentlicht. GR geh\u00f6rt zu den blitzreichsten Kantonen.\",\"breadcrumb\":{\"@id\":\"https:\\\/\\\/news.save.ch\\\/wo-der-blitz-am-haeufigsten-einschlaegt\\\/#breadcrumb\"},\"inLanguage\":\"fr-FR\",\"potentialAction\":[{\"@type\":\"ReadAction\",\"target\":[\"https:\\\/\\\/news.save.ch\\\/wo-der-blitz-am-haeufigsten-einschlaegt\\\/\"]}]},{\"@type\":\"ImageObject\",\"inLanguage\":\"fr-FR\",\"@id\":\"https:\\\/\\\/news.save.ch\\\/wo-der-blitz-am-haeufigsten-einschlaegt\\\/#primaryimage\",\"url\":\"https:\\\/\\\/news.save.ch\\\/wp-content\\\/uploads\\\/2018\\\/09\\\/1444.jpg\",\"contentUrl\":\"https:\\\/\\\/news.save.ch\\\/wp-content\\\/uploads\\\/2018\\\/09\\\/1444.jpg\",\"width\":527,\"height\":301,\"caption\":\"\u00a9 Siemens\"},{\"@type\":\"BreadcrumbList\",\"@id\":\"https:\\\/\\\/news.save.ch\\\/wo-der-blitz-am-haeufigsten-einschlaegt\\\/#breadcrumb\",\"itemListElement\":[{\"@type\":\"ListItem\",\"position\":1,\"name\":\"Home\",\"item\":\"https:\\\/\\\/news.save.ch\\\/de\\\/\"},{\"@type\":\"ListItem\",\"position\":2,\"name\":\"Wo der Blitz am h\u00e4ufigsten einschl\u00e4gt\"}]},{\"@type\":\"WebSite\",\"@id\":\"https:\\\/\\\/news.save.ch\\\/de\\\/#website\",\"url\":\"https:\\\/\\\/news.save.ch\\\/de\\\/\",\"name\":\"Save\",\"description\":\"Schweizer Fachzeitschrift f\u00fcr Sicherheit\",\"publisher\":{\"@id\":\"https:\\\/\\\/news.save.ch\\\/de\\\/#organization\"},\"potentialAction\":[{\"@type\":\"SearchAction\",\"target\":{\"@type\":\"EntryPoint\",\"urlTemplate\":\"https:\\\/\\\/news.save.ch\\\/de\\\/?s={search_term_string}\"},\"query-input\":{\"@type\":\"PropertyValueSpecification\",\"valueRequired\":true,\"valueName\":\"search_term_string\"}}],\"inLanguage\":\"fr-FR\"},{\"@type\":\"Organization\",\"@id\":\"https:\\\/\\\/news.save.ch\\\/de\\\/#organization\",\"name\":\"Sicherheitsforum\",\"url\":\"https:\\\/\\\/news.save.ch\\\/de\\\/\",\"logo\":{\"@type\":\"ImageObject\",\"inLanguage\":\"fr-FR\",\"@id\":\"https:\\\/\\\/news.save.ch\\\/de\\\/#\\\/schema\\\/logo\\\/image\\\/\",\"url\":\"https:\\\/\\\/news.save.ch\\\/wp-content\\\/uploads\\\/2022\\\/06\\\/Logo_SF_2012.png\",\"contentUrl\":\"https:\\\/\\\/news.save.ch\\\/wp-content\\\/uploads\\\/2022\\\/06\\\/Logo_SF_2012.png\",\"width\":1100,\"height\":91,\"caption\":\"Sicherheitsforum\"},\"image\":{\"@id\":\"https:\\\/\\\/news.save.ch\\\/de\\\/#\\\/schema\\\/logo\\\/image\\\/\"}},{\"@type\":\"Person\",\"@id\":\"https:\\\/\\\/news.save.ch\\\/de\\\/#\\\/schema\\\/person\\\/d5022db048e0e2b9785c50e5b24da5aa\",\"name\":\"Roger Str\u00e4ssle\",\"image\":{\"@type\":\"ImageObject\",\"inLanguage\":\"fr-FR\",\"@id\":\"https:\\\/\\\/secure.gravatar.com\\\/avatar\\\/862a5569d087de48e5856e32f45d719a03804c891d6deb8d4f71a660e79e4a47?s=96&d=mm&r=g\",\"url\":\"https:\\\/\\\/secure.gravatar.com\\\/avatar\\\/862a5569d087de48e5856e32f45d719a03804c891d6deb8d4f71a660e79e4a47?s=96&d=mm&r=g\",\"contentUrl\":\"https:\\\/\\\/secure.gravatar.com\\\/avatar\\\/862a5569d087de48e5856e32f45d719a03804c891d6deb8d4f71a660e79e4a47?s=96&d=mm&r=g\",\"caption\":\"Roger Str\u00e4ssle\"},\"url\":\"https:\\\/\\\/news.save.ch\\\/fr\\\/author\\\/roger-straessle\\\/\"}]}<\/script>\n<!-- \/ Yoast SEO plugin. -->","yoast_head_json":{"title":"L\u00e0 o\u00f9 la foudre tombe le plus souvent - Save","description":"Le service d'information sur la foudre a publi\u00e9 les statistiques actuelles des impacts de foudre pour la Suisse. GR fait partie des cantons les plus touch\u00e9s par la foudre.","robots":{"index":"index","follow":"follow","max-snippet":"max-snippet:-1","max-image-preview":"max-image-preview:large","max-video-preview":"max-video-preview:-1"},"canonical":"https:\/\/news.save.ch\/fr\/wo-der-blitz-am-haeufigsten-einschlaegt\/","og_locale":"fr_FR","og_type":"article","og_title":"Wo der Blitz am h\u00e4ufigsten einschl\u00e4gt - Save","og_description":"Der Blitz-Informationsdienst hat die aktuelle Statistik der Blitzeinschl\u00e4ge f\u00fcr die Schweiz ver\u00f6ffentlicht. GR geh\u00f6rt zu den blitzreichsten Kantonen.","og_url":"https:\/\/news.save.ch\/fr\/wo-der-blitz-am-haeufigsten-einschlaegt\/","og_site_name":"Save","article_published_time":"2018-09-07T08:03:25+00:00","article_modified_time":"2023-03-14T07:58:57+00:00","og_image":[{"width":527,"height":301,"url":"https:\/\/news.save.ch\/wp-content\/uploads\/2018\/09\/1444.jpg","type":"image\/jpeg"}],"author":"Roger Str\u00e4ssle","twitter_card":"summary_large_image","twitter_misc":{"\u00c9crit par":"Roger Str\u00e4ssle","Dur\u00e9e de lecture estim\u00e9e":"2 minutes"},"schema":{"@context":"https:\/\/schema.org","@graph":[{"@type":"Article","@id":"https:\/\/news.save.ch\/wo-der-blitz-am-haeufigsten-einschlaegt\/#article","isPartOf":{"@id":"https:\/\/news.save.ch\/wo-der-blitz-am-haeufigsten-einschlaegt\/"},"author":{"name":"Roger Str\u00e4ssle","@id":"https:\/\/news.save.ch\/de\/#\/schema\/person\/d5022db048e0e2b9785c50e5b24da5aa"},"headline":"Wo der Blitz am h\u00e4ufigsten einschl\u00e4gt","datePublished":"2018-09-07T08:03:25+00:00","dateModified":"2023-03-14T07:58:57+00:00","mainEntityOfPage":{"@id":"https:\/\/news.save.ch\/wo-der-blitz-am-haeufigsten-einschlaegt\/"},"wordCount":458,"commentCount":0,"publisher":{"@id":"https:\/\/news.save.ch\/de\/#organization"},"image":{"@id":"https:\/\/news.save.ch\/wo-der-blitz-am-haeufigsten-einschlaegt\/#primaryimage"},"thumbnailUrl":"https:\/\/news.save.ch\/wp-content\/uploads\/2018\/09\/1444.jpg","keywords":["Blitzeinschl\u00e4ge"],"articleSection":["SICHERHEIT"],"inLanguage":"fr-FR"},{"@type":"WebPage","@id":"https:\/\/news.save.ch\/wo-der-blitz-am-haeufigsten-einschlaegt\/","url":"https:\/\/news.save.ch\/wo-der-blitz-am-haeufigsten-einschlaegt\/","name":"L\u00e0 o\u00f9 la foudre tombe le plus souvent - Save","isPartOf":{"@id":"https:\/\/news.save.ch\/de\/#website"},"primaryImageOfPage":{"@id":"https:\/\/news.save.ch\/wo-der-blitz-am-haeufigsten-einschlaegt\/#primaryimage"},"image":{"@id":"https:\/\/news.save.ch\/wo-der-blitz-am-haeufigsten-einschlaegt\/#primaryimage"},"thumbnailUrl":"https:\/\/news.save.ch\/wp-content\/uploads\/2018\/09\/1444.jpg","datePublished":"2018-09-07T08:03:25+00:00","dateModified":"2023-03-14T07:58:57+00:00","description":"Le service d'information sur la foudre a publi\u00e9 les statistiques actuelles des impacts de foudre pour la Suisse. GR fait partie des cantons les plus touch\u00e9s par la foudre.","breadcrumb":{"@id":"https:\/\/news.save.ch\/wo-der-blitz-am-haeufigsten-einschlaegt\/#breadcrumb"},"inLanguage":"fr-FR","potentialAction":[{"@type":"ReadAction","target":["https:\/\/news.save.ch\/wo-der-blitz-am-haeufigsten-einschlaegt\/"]}]},{"@type":"ImageObject","inLanguage":"fr-FR","@id":"https:\/\/news.save.ch\/wo-der-blitz-am-haeufigsten-einschlaegt\/#primaryimage","url":"https:\/\/news.save.ch\/wp-content\/uploads\/2018\/09\/1444.jpg","contentUrl":"https:\/\/news.save.ch\/wp-content\/uploads\/2018\/09\/1444.jpg","width":527,"height":301,"caption":"\u00a9 Siemens"},{"@type":"BreadcrumbList","@id":"https:\/\/news.save.ch\/wo-der-blitz-am-haeufigsten-einschlaegt\/#breadcrumb","itemListElement":[{"@type":"ListItem","position":1,"name":"Home","item":"https:\/\/news.save.ch\/de\/"},{"@type":"ListItem","position":2,"name":"Wo der Blitz am h\u00e4ufigsten einschl\u00e4gt"}]},{"@type":"WebSite","@id":"https:\/\/news.save.ch\/de\/#website","url":"https:\/\/news.save.ch\/de\/","name":"Save","description":"Revue suisse sp\u00e9cialis\u00e9e dans la s\u00e9curit\u00e9","publisher":{"@id":"https:\/\/news.save.ch\/de\/#organization"},"potentialAction":[{"@type":"SearchAction","target":{"@type":"EntryPoint","urlTemplate":"https:\/\/news.save.ch\/de\/?s={search_term_string}"},"query-input":{"@type":"PropertyValueSpecification","valueRequired":true,"valueName":"search_term_string"}}],"inLanguage":"fr-FR"},{"@type":"Organization","@id":"https:\/\/news.save.ch\/de\/#organization","name":"Forum sur la s\u00e9curit\u00e9","url":"https:\/\/news.save.ch\/de\/","logo":{"@type":"ImageObject","inLanguage":"fr-FR","@id":"https:\/\/news.save.ch\/de\/#\/schema\/logo\/image\/","url":"https:\/\/news.save.ch\/wp-content\/uploads\/2022\/06\/Logo_SF_2012.png","contentUrl":"https:\/\/news.save.ch\/wp-content\/uploads\/2022\/06\/Logo_SF_2012.png","width":1100,"height":91,"caption":"Sicherheitsforum"},"image":{"@id":"https:\/\/news.save.ch\/de\/#\/schema\/logo\/image\/"}},{"@type":"Person","@id":"https:\/\/news.save.ch\/de\/#\/schema\/person\/d5022db048e0e2b9785c50e5b24da5aa","name":"Roger Str\u00e4ssle","image":{"@type":"ImageObject","inLanguage":"fr-FR","@id":"https:\/\/secure.gravatar.com\/avatar\/862a5569d087de48e5856e32f45d719a03804c891d6deb8d4f71a660e79e4a47?s=96&d=mm&r=g","url":"https:\/\/secure.gravatar.com\/avatar\/862a5569d087de48e5856e32f45d719a03804c891d6deb8d4f71a660e79e4a47?s=96&d=mm&r=g","contentUrl":"https:\/\/secure.gravatar.com\/avatar\/862a5569d087de48e5856e32f45d719a03804c891d6deb8d4f71a660e79e4a47?s=96&d=mm&r=g","caption":"Roger Str\u00e4ssle"},"url":"https:\/\/news.save.ch\/fr\/author\/roger-straessle\/"}]}},"_links":{"self":[{"href":"https:\/\/news.save.ch\/fr\/wp-json\/wp\/v2\/posts\/6883","targetHints":{"allow":["GET"]}}],"collection":[{"href":"https:\/\/news.save.ch\/fr\/wp-json\/wp\/v2\/posts"}],"about":[{"href":"https:\/\/news.save.ch\/fr\/wp-json\/wp\/v2\/types\/post"}],"author":[{"embeddable":true,"href":"https:\/\/news.save.ch\/fr\/wp-json\/wp\/v2\/users\/8"}],"replies":[{"embeddable":true,"href":"https:\/\/news.save.ch\/fr\/wp-json\/wp\/v2\/comments?post=6883"}],"version-history":[{"count":1,"href":"https:\/\/news.save.ch\/fr\/wp-json\/wp\/v2\/posts\/6883\/revisions"}],"predecessor-version":[{"id":17860,"href":"https:\/\/news.save.ch\/fr\/wp-json\/wp\/v2\/posts\/6883\/revisions\/17860"}],"wp:featuredmedia":[{"embeddable":true,"href":"https:\/\/news.save.ch\/fr\/wp-json\/wp\/v2\/media\/6884"}],"wp:attachment":[{"href":"https:\/\/news.save.ch\/fr\/wp-json\/wp\/v2\/media?parent=6883"}],"wp:term":[{"taxonomy":"category","embeddable":true,"href":"https:\/\/news.save.ch\/fr\/wp-json\/wp\/v2\/categories?post=6883"},{"taxonomy":"post_tag","embeddable":true,"href":"https:\/\/news.save.ch\/fr\/wp-json\/wp\/v2\/tags?post=6883"}],"curies":[{"name":"wp","href":"https:\/\/api.w.org\/{rel}","templated":true}]}}