{"id":6938,"date":"2018-09-20T12:58:47","date_gmt":"2018-09-20T10:58:47","guid":{"rendered":"https:\/\/news.save.ch\/?p=6938"},"modified":"2018-09-20T12:58:47","modified_gmt":"2018-09-20T10:58:47","slug":"sicherheitsmarkt-erwartet-deutliches-umsatzwachstum","status":null,"type":"post","link":"https:\/\/news.save.ch\/fr\/sicherheitsmarkt-erwartet-deutliches-umsatzwachstum\/","title":{"rendered":"Le march\u00e9 de la s\u00e9curit\u00e9 pr\u00e9voit une croissance des ventes"},"content":{"rendered":"<p><img loading=\"lazy\" decoding=\"async\" class=\"aligncenter wp-image-6939 size-medium\" src=\"https:\/\/news.save.ch\/wp-content\/uploads\/2018\/09\/BHE.gif\" alt=\"BHE, march\u00e9 de la s\u00e9curit\u00e9, technique de s\u00e9curit\u00e9 \" width=\"680\" height=\"383\" \/><\/p>\n<p>Les fournisseurs de techniques de s\u00e9curit\u00e9 \u00e9lectroniques pourront se r\u00e9jouir d'une nette augmentation de leur chiffre d'affaires en 2018. Selon une \u00e9tude de march\u00e9 r\u00e9cente, le <a href=\"https:\/\/www.bhe.de\">BHE<\/a> Bundesverband Sicherheitstechnik pr\u00e9voit une croissance de 5% pour l'ann\u00e9e en cours.<\/p>\n<p><strong>Un nouveau record ?<\/strong><\/p>\n<p>Apr\u00e8s avoir d\u00e9j\u00e0 enregistr\u00e9 une augmentation de plus de 12% au cours des deux derni\u00e8res ann\u00e9es, un nouveau record serait atteint avec pr\u00e8s de 4,4 milliards d'euros, selon la BHE. Selon une estimation, les augmentations particuli\u00e8rement \u00e9lev\u00e9es concernent le contr\u00f4le d'acc\u00e8s (+ 6,7%) et la technique de vid\u00e9osurveillance (+ 6%). \"L'int\u00e9r\u00eat pour la technologie vid\u00e9o professionnelle et le contr\u00f4le d'acc\u00e8s ne cesse de cro\u00eetre, notamment en raison de ses nombreuses possibilit\u00e9s d'utilisation dans le domaine priv\u00e9, industriel et public et de son effet pr\u00e9ventif\", explique Norbert Schaaf, pr\u00e9sident du comit\u00e9 directeur de la BHE.<\/p>\n<p>Une augmentation consid\u00e9rable est \u00e9galement pr\u00e9vue pour les syst\u00e8mes de d\u00e9tection d'incendie (+ 5,3%), les syst\u00e8mes de d\u00e9tection d'intrusion (+ 4%) et les syst\u00e8mes d'extraction de fum\u00e9e et de chaleur et autres syst\u00e8mes (syst\u00e8mes de portes de secours, syst\u00e8mes d'appel, etc.) (+ 4%). Une croissance solide est \u00e9galement attendue pour les syst\u00e8mes d'alarme vocale (+ 1,9%), conclut le communiqu\u00e9.<\/p>","protected":false},"excerpt":{"rendered":"<p>Die Anbieter elektronischer Sicherungstechnik werden sich auch im Jahr 2018 \u00fcber ein deutliches Umsatz-Plus freuen k\u00f6nnen. Laut aktueller Markterhebung erwartet der BHE Bundesverband Sicherheitstechnik f\u00fcr das laufende Jahr ein Wachstum von 5%. Erneut Rekordwert? Nachdem schon in den beiden vergangenen Jahren eine Steigerung von \u00fcber 12% verzeichnet werden konnte, w\u00e4re mit fast 4,4 Milliarden Euro [&hellip;]<\/p>\n","protected":false},"author":8,"featured_media":6939,"comment_status":"open","ping_status":"open","sticky":false,"template":"","format":"standard","meta":{"_acf_changed":false,"pgc_sgb_lightbox_settings":"","footnotes":""},"categories":[1],"tags":[151,156,78,158],"class_list":["post-6938","post","type-post","status-publish","format-standard","has-post-thumbnail","hentry","category-allgemein","tag-alarmierung","tag-brandschutz","tag-videoueberwachung","tag-zutrittskontrolle"],"acf":[],"hkrextid":null,"publication":null,"issue":null,"workflow":null,"startPage":null,"spitzmarke":null,"_posts_by_tag_page_fields":{"widget_title":"","widget_tags":""},"_at_widget":"1","_yoast_wpseo_primary_category":"1","_yoast_wpseo_focuskw_text_input":"BHE","_yoast_wpseo_opengraph-image":null,"_yoast_wpseo_opengraph-description":null,"_yoast_wpseo_opengraph-title":null,"enclosure":null,"_yoast_wpseo_twitter-title":null,"_yoast_wpseo_twitter-description":null,"_yoast_wpseo_twitter-image":null,"_wp_old_slug":null,"_yoast_wpseo_title":null,"_yoast_wpseo_canonical":null,"yoast_head":"<!-- This site is optimized with the Yoast SEO plugin v27.5 - https:\/\/yoast.com\/product\/yoast-seo-wordpress\/ -->\n<title>Sicherheitsmarkt erwartet Umsatzwachstum - Save<\/title>\n<meta name=\"robots\" content=\"index, follow, max-snippet:-1, max-image-preview:large, max-video-preview:-1\" \/>\n<link rel=\"canonical\" href=\"https:\/\/news.save.ch\/fr\/sicherheitsmarkt-erwartet-deutliches-umsatzwachstum\/\" \/>\n<meta property=\"og:locale\" content=\"fr_FR\" \/>\n<meta property=\"og:type\" content=\"article\" \/>\n<meta property=\"og:title\" content=\"Sicherheitsmarkt erwartet Umsatzwachstum - Save\" \/>\n<meta property=\"og:description\" content=\"Die Anbieter elektronischer Sicherungstechnik werden sich auch im Jahr 2018 \u00fcber ein deutliches Umsatz-Plus freuen k\u00f6nnen. Laut aktueller Markterhebung erwartet der BHE Bundesverband Sicherheitstechnik f\u00fcr das laufende Jahr ein Wachstum von 5%. Erneut Rekordwert? Nachdem schon in den beiden vergangenen Jahren eine Steigerung von \u00fcber 12% verzeichnet werden konnte, w\u00e4re mit fast 4,4 Milliarden Euro [&hellip;]\" \/>\n<meta property=\"og:url\" content=\"https:\/\/news.save.ch\/fr\/sicherheitsmarkt-erwartet-deutliches-umsatzwachstum\/\" \/>\n<meta property=\"og:site_name\" content=\"Save\" \/>\n<meta property=\"article:published_time\" content=\"2018-09-20T10:58:47+00:00\" \/>\n<meta property=\"og:image\" content=\"https:\/\/news.save.ch\/wp-content\/uploads\/2018\/09\/BHE-scaled.gif\" \/>\n\t<meta property=\"og:image:width\" content=\"1400\" \/>\n\t<meta property=\"og:image:height\" content=\"788\" \/>\n\t<meta property=\"og:image:type\" content=\"image\/gif\" \/>\n<meta name=\"author\" content=\"Roger Str\u00e4ssle\" \/>\n<meta name=\"twitter:card\" content=\"summary_large_image\" \/>\n<meta name=\"twitter:label1\" content=\"\u00c9crit par\" \/>\n\t<meta name=\"twitter:data1\" content=\"Roger Str\u00e4ssle\" \/>\n\t<meta name=\"twitter:label2\" content=\"Dur\u00e9e de lecture estim\u00e9e\" \/>\n\t<meta name=\"twitter:data2\" content=\"1 minute\" \/>\n<script type=\"application\/ld+json\" class=\"yoast-schema-graph\">{\"@context\":\"https:\\\/\\\/schema.org\",\"@graph\":[{\"@type\":\"Article\",\"@id\":\"https:\\\/\\\/news.save.ch\\\/sicherheitsmarkt-erwartet-deutliches-umsatzwachstum\\\/#article\",\"isPartOf\":{\"@id\":\"https:\\\/\\\/news.save.ch\\\/sicherheitsmarkt-erwartet-deutliches-umsatzwachstum\\\/\"},\"author\":{\"name\":\"Roger Str\u00e4ssle\",\"@id\":\"https:\\\/\\\/news.save.ch\\\/de\\\/#\\\/schema\\\/person\\\/d5022db048e0e2b9785c50e5b24da5aa\"},\"headline\":\"Sicherheitsmarkt erwartet Umsatzwachstum\",\"datePublished\":\"2018-09-20T10:58:47+00:00\",\"mainEntityOfPage\":{\"@id\":\"https:\\\/\\\/news.save.ch\\\/sicherheitsmarkt-erwartet-deutliches-umsatzwachstum\\\/\"},\"wordCount\":155,\"commentCount\":0,\"publisher\":{\"@id\":\"https:\\\/\\\/news.save.ch\\\/de\\\/#organization\"},\"image\":{\"@id\":\"https:\\\/\\\/news.save.ch\\\/sicherheitsmarkt-erwartet-deutliches-umsatzwachstum\\\/#primaryimage\"},\"thumbnailUrl\":\"https:\\\/\\\/news.save.ch\\\/wp-content\\\/uploads\\\/2018\\\/09\\\/BHE-scaled.gif\",\"keywords\":[\"Alarmierung\",\"Brandschutz\",\"Video\u00fcberwachung\",\"Zutrittskontrolle\"],\"articleSection\":[\"ALLGEMEIN\"],\"inLanguage\":\"fr-FR\"},{\"@type\":\"WebPage\",\"@id\":\"https:\\\/\\\/news.save.ch\\\/sicherheitsmarkt-erwartet-deutliches-umsatzwachstum\\\/\",\"url\":\"https:\\\/\\\/news.save.ch\\\/sicherheitsmarkt-erwartet-deutliches-umsatzwachstum\\\/\",\"name\":\"Sicherheitsmarkt erwartet Umsatzwachstum - Save\",\"isPartOf\":{\"@id\":\"https:\\\/\\\/news.save.ch\\\/de\\\/#website\"},\"primaryImageOfPage\":{\"@id\":\"https:\\\/\\\/news.save.ch\\\/sicherheitsmarkt-erwartet-deutliches-umsatzwachstum\\\/#primaryimage\"},\"image\":{\"@id\":\"https:\\\/\\\/news.save.ch\\\/sicherheitsmarkt-erwartet-deutliches-umsatzwachstum\\\/#primaryimage\"},\"thumbnailUrl\":\"https:\\\/\\\/news.save.ch\\\/wp-content\\\/uploads\\\/2018\\\/09\\\/BHE-scaled.gif\",\"datePublished\":\"2018-09-20T10:58:47+00:00\",\"breadcrumb\":{\"@id\":\"https:\\\/\\\/news.save.ch\\\/sicherheitsmarkt-erwartet-deutliches-umsatzwachstum\\\/#breadcrumb\"},\"inLanguage\":\"fr-FR\",\"potentialAction\":[{\"@type\":\"ReadAction\",\"target\":[\"https:\\\/\\\/news.save.ch\\\/sicherheitsmarkt-erwartet-deutliches-umsatzwachstum\\\/\"]}]},{\"@type\":\"ImageObject\",\"inLanguage\":\"fr-FR\",\"@id\":\"https:\\\/\\\/news.save.ch\\\/sicherheitsmarkt-erwartet-deutliches-umsatzwachstum\\\/#primaryimage\",\"url\":\"https:\\\/\\\/news.save.ch\\\/wp-content\\\/uploads\\\/2018\\\/09\\\/BHE-scaled.gif\",\"contentUrl\":\"https:\\\/\\\/news.save.ch\\\/wp-content\\\/uploads\\\/2018\\\/09\\\/BHE-scaled.gif\",\"width\":1400,\"height\":788},{\"@type\":\"BreadcrumbList\",\"@id\":\"https:\\\/\\\/news.save.ch\\\/sicherheitsmarkt-erwartet-deutliches-umsatzwachstum\\\/#breadcrumb\",\"itemListElement\":[{\"@type\":\"ListItem\",\"position\":1,\"name\":\"Home\",\"item\":\"https:\\\/\\\/news.save.ch\\\/de\\\/\"},{\"@type\":\"ListItem\",\"position\":2,\"name\":\"Sicherheitsmarkt erwartet Umsatzwachstum\"}]},{\"@type\":\"WebSite\",\"@id\":\"https:\\\/\\\/news.save.ch\\\/de\\\/#website\",\"url\":\"https:\\\/\\\/news.save.ch\\\/de\\\/\",\"name\":\"Save\",\"description\":\"Schweizer Fachzeitschrift f\u00fcr Sicherheit\",\"publisher\":{\"@id\":\"https:\\\/\\\/news.save.ch\\\/de\\\/#organization\"},\"potentialAction\":[{\"@type\":\"SearchAction\",\"target\":{\"@type\":\"EntryPoint\",\"urlTemplate\":\"https:\\\/\\\/news.save.ch\\\/de\\\/?s={search_term_string}\"},\"query-input\":{\"@type\":\"PropertyValueSpecification\",\"valueRequired\":true,\"valueName\":\"search_term_string\"}}],\"inLanguage\":\"fr-FR\"},{\"@type\":\"Organization\",\"@id\":\"https:\\\/\\\/news.save.ch\\\/de\\\/#organization\",\"name\":\"Sicherheitsforum\",\"url\":\"https:\\\/\\\/news.save.ch\\\/de\\\/\",\"logo\":{\"@type\":\"ImageObject\",\"inLanguage\":\"fr-FR\",\"@id\":\"https:\\\/\\\/news.save.ch\\\/de\\\/#\\\/schema\\\/logo\\\/image\\\/\",\"url\":\"https:\\\/\\\/news.save.ch\\\/wp-content\\\/uploads\\\/2022\\\/06\\\/Logo_SF_2012.png\",\"contentUrl\":\"https:\\\/\\\/news.save.ch\\\/wp-content\\\/uploads\\\/2022\\\/06\\\/Logo_SF_2012.png\",\"width\":1100,\"height\":91,\"caption\":\"Sicherheitsforum\"},\"image\":{\"@id\":\"https:\\\/\\\/news.save.ch\\\/de\\\/#\\\/schema\\\/logo\\\/image\\\/\"}},{\"@type\":\"Person\",\"@id\":\"https:\\\/\\\/news.save.ch\\\/de\\\/#\\\/schema\\\/person\\\/d5022db048e0e2b9785c50e5b24da5aa\",\"name\":\"Roger Str\u00e4ssle\",\"image\":{\"@type\":\"ImageObject\",\"inLanguage\":\"fr-FR\",\"@id\":\"https:\\\/\\\/secure.gravatar.com\\\/avatar\\\/862a5569d087de48e5856e32f45d719a03804c891d6deb8d4f71a660e79e4a47?s=96&d=mm&r=g\",\"url\":\"https:\\\/\\\/secure.gravatar.com\\\/avatar\\\/862a5569d087de48e5856e32f45d719a03804c891d6deb8d4f71a660e79e4a47?s=96&d=mm&r=g\",\"contentUrl\":\"https:\\\/\\\/secure.gravatar.com\\\/avatar\\\/862a5569d087de48e5856e32f45d719a03804c891d6deb8d4f71a660e79e4a47?s=96&d=mm&r=g\",\"caption\":\"Roger Str\u00e4ssle\"},\"url\":\"https:\\\/\\\/news.save.ch\\\/fr\\\/author\\\/roger-straessle\\\/\"}]}<\/script>\n<!-- \/ Yoast SEO plugin. -->","yoast_head_json":{"title":"Le march\u00e9 de la s\u00e9curit\u00e9 pr\u00e9voit une croissance des ventes - Save","robots":{"index":"index","follow":"follow","max-snippet":"max-snippet:-1","max-image-preview":"max-image-preview:large","max-video-preview":"max-video-preview:-1"},"canonical":"https:\/\/news.save.ch\/fr\/sicherheitsmarkt-erwartet-deutliches-umsatzwachstum\/","og_locale":"fr_FR","og_type":"article","og_title":"Sicherheitsmarkt erwartet Umsatzwachstum - Save","og_description":"Die Anbieter elektronischer Sicherungstechnik werden sich auch im Jahr 2018 \u00fcber ein deutliches Umsatz-Plus freuen k\u00f6nnen. Laut aktueller Markterhebung erwartet der BHE Bundesverband Sicherheitstechnik f\u00fcr das laufende Jahr ein Wachstum von 5%. Erneut Rekordwert? Nachdem schon in den beiden vergangenen Jahren eine Steigerung von \u00fcber 12% verzeichnet werden konnte, w\u00e4re mit fast 4,4 Milliarden Euro [&hellip;]","og_url":"https:\/\/news.save.ch\/fr\/sicherheitsmarkt-erwartet-deutliches-umsatzwachstum\/","og_site_name":"Save","article_published_time":"2018-09-20T10:58:47+00:00","og_image":[{"width":1400,"height":788,"url":"https:\/\/news.save.ch\/wp-content\/uploads\/2018\/09\/BHE-scaled.gif","type":"image\/gif"}],"author":"Roger Str\u00e4ssle","twitter_card":"summary_large_image","twitter_misc":{"\u00c9crit par":"Roger Str\u00e4ssle","Dur\u00e9e de lecture estim\u00e9e":"1 minute"},"schema":{"@context":"https:\/\/schema.org","@graph":[{"@type":"Article","@id":"https:\/\/news.save.ch\/sicherheitsmarkt-erwartet-deutliches-umsatzwachstum\/#article","isPartOf":{"@id":"https:\/\/news.save.ch\/sicherheitsmarkt-erwartet-deutliches-umsatzwachstum\/"},"author":{"name":"Roger Str\u00e4ssle","@id":"https:\/\/news.save.ch\/de\/#\/schema\/person\/d5022db048e0e2b9785c50e5b24da5aa"},"headline":"Sicherheitsmarkt erwartet Umsatzwachstum","datePublished":"2018-09-20T10:58:47+00:00","mainEntityOfPage":{"@id":"https:\/\/news.save.ch\/sicherheitsmarkt-erwartet-deutliches-umsatzwachstum\/"},"wordCount":155,"commentCount":0,"publisher":{"@id":"https:\/\/news.save.ch\/de\/#organization"},"image":{"@id":"https:\/\/news.save.ch\/sicherheitsmarkt-erwartet-deutliches-umsatzwachstum\/#primaryimage"},"thumbnailUrl":"https:\/\/news.save.ch\/wp-content\/uploads\/2018\/09\/BHE-scaled.gif","keywords":["Alarmierung","Brandschutz","Video\u00fcberwachung","Zutrittskontrolle"],"articleSection":["ALLGEMEIN"],"inLanguage":"fr-FR"},{"@type":"WebPage","@id":"https:\/\/news.save.ch\/sicherheitsmarkt-erwartet-deutliches-umsatzwachstum\/","url":"https:\/\/news.save.ch\/sicherheitsmarkt-erwartet-deutliches-umsatzwachstum\/","name":"Le march\u00e9 de la s\u00e9curit\u00e9 pr\u00e9voit une croissance des ventes - Save","isPartOf":{"@id":"https:\/\/news.save.ch\/de\/#website"},"primaryImageOfPage":{"@id":"https:\/\/news.save.ch\/sicherheitsmarkt-erwartet-deutliches-umsatzwachstum\/#primaryimage"},"image":{"@id":"https:\/\/news.save.ch\/sicherheitsmarkt-erwartet-deutliches-umsatzwachstum\/#primaryimage"},"thumbnailUrl":"https:\/\/news.save.ch\/wp-content\/uploads\/2018\/09\/BHE-scaled.gif","datePublished":"2018-09-20T10:58:47+00:00","breadcrumb":{"@id":"https:\/\/news.save.ch\/sicherheitsmarkt-erwartet-deutliches-umsatzwachstum\/#breadcrumb"},"inLanguage":"fr-FR","potentialAction":[{"@type":"ReadAction","target":["https:\/\/news.save.ch\/sicherheitsmarkt-erwartet-deutliches-umsatzwachstum\/"]}]},{"@type":"ImageObject","inLanguage":"fr-FR","@id":"https:\/\/news.save.ch\/sicherheitsmarkt-erwartet-deutliches-umsatzwachstum\/#primaryimage","url":"https:\/\/news.save.ch\/wp-content\/uploads\/2018\/09\/BHE-scaled.gif","contentUrl":"https:\/\/news.save.ch\/wp-content\/uploads\/2018\/09\/BHE-scaled.gif","width":1400,"height":788},{"@type":"BreadcrumbList","@id":"https:\/\/news.save.ch\/sicherheitsmarkt-erwartet-deutliches-umsatzwachstum\/#breadcrumb","itemListElement":[{"@type":"ListItem","position":1,"name":"Home","item":"https:\/\/news.save.ch\/de\/"},{"@type":"ListItem","position":2,"name":"Sicherheitsmarkt erwartet Umsatzwachstum"}]},{"@type":"WebSite","@id":"https:\/\/news.save.ch\/de\/#website","url":"https:\/\/news.save.ch\/de\/","name":"Save","description":"Revue suisse sp\u00e9cialis\u00e9e dans la s\u00e9curit\u00e9","publisher":{"@id":"https:\/\/news.save.ch\/de\/#organization"},"potentialAction":[{"@type":"SearchAction","target":{"@type":"EntryPoint","urlTemplate":"https:\/\/news.save.ch\/de\/?s={search_term_string}"},"query-input":{"@type":"PropertyValueSpecification","valueRequired":true,"valueName":"search_term_string"}}],"inLanguage":"fr-FR"},{"@type":"Organization","@id":"https:\/\/news.save.ch\/de\/#organization","name":"Forum sur la s\u00e9curit\u00e9","url":"https:\/\/news.save.ch\/de\/","logo":{"@type":"ImageObject","inLanguage":"fr-FR","@id":"https:\/\/news.save.ch\/de\/#\/schema\/logo\/image\/","url":"https:\/\/news.save.ch\/wp-content\/uploads\/2022\/06\/Logo_SF_2012.png","contentUrl":"https:\/\/news.save.ch\/wp-content\/uploads\/2022\/06\/Logo_SF_2012.png","width":1100,"height":91,"caption":"Sicherheitsforum"},"image":{"@id":"https:\/\/news.save.ch\/de\/#\/schema\/logo\/image\/"}},{"@type":"Person","@id":"https:\/\/news.save.ch\/de\/#\/schema\/person\/d5022db048e0e2b9785c50e5b24da5aa","name":"Roger Str\u00e4ssle","image":{"@type":"ImageObject","inLanguage":"fr-FR","@id":"https:\/\/secure.gravatar.com\/avatar\/862a5569d087de48e5856e32f45d719a03804c891d6deb8d4f71a660e79e4a47?s=96&d=mm&r=g","url":"https:\/\/secure.gravatar.com\/avatar\/862a5569d087de48e5856e32f45d719a03804c891d6deb8d4f71a660e79e4a47?s=96&d=mm&r=g","contentUrl":"https:\/\/secure.gravatar.com\/avatar\/862a5569d087de48e5856e32f45d719a03804c891d6deb8d4f71a660e79e4a47?s=96&d=mm&r=g","caption":"Roger Str\u00e4ssle"},"url":"https:\/\/news.save.ch\/fr\/author\/roger-straessle\/"}]}},"_links":{"self":[{"href":"https:\/\/news.save.ch\/fr\/wp-json\/wp\/v2\/posts\/6938","targetHints":{"allow":["GET"]}}],"collection":[{"href":"https:\/\/news.save.ch\/fr\/wp-json\/wp\/v2\/posts"}],"about":[{"href":"https:\/\/news.save.ch\/fr\/wp-json\/wp\/v2\/types\/post"}],"author":[{"embeddable":true,"href":"https:\/\/news.save.ch\/fr\/wp-json\/wp\/v2\/users\/8"}],"replies":[{"embeddable":true,"href":"https:\/\/news.save.ch\/fr\/wp-json\/wp\/v2\/comments?post=6938"}],"version-history":[{"count":0,"href":"https:\/\/news.save.ch\/fr\/wp-json\/wp\/v2\/posts\/6938\/revisions"}],"wp:featuredmedia":[{"embeddable":true,"href":"https:\/\/news.save.ch\/fr\/wp-json\/wp\/v2\/media\/6939"}],"wp:attachment":[{"href":"https:\/\/news.save.ch\/fr\/wp-json\/wp\/v2\/media?parent=6938"}],"wp:term":[{"taxonomy":"category","embeddable":true,"href":"https:\/\/news.save.ch\/fr\/wp-json\/wp\/v2\/categories?post=6938"},{"taxonomy":"post_tag","embeddable":true,"href":"https:\/\/news.save.ch\/fr\/wp-json\/wp\/v2\/tags?post=6938"}],"curies":[{"name":"wp","href":"https:\/\/api.w.org\/{rel}","templated":true}]}}