{"id":6945,"date":"2018-09-22T11:42:00","date_gmt":"2018-09-22T09:42:00","guid":{"rendered":"https:\/\/news.save.ch\/?p=6945"},"modified":"2018-09-22T11:42:00","modified_gmt":"2018-09-22T09:42:00","slug":"whistleblowing-wird-gesetzlich-geregelt","status":null,"type":"post","link":"https:\/\/news.save.ch\/fr\/whistleblowing-wird-gesetzlich-geregelt\/","title":{"rendered":"Le whistleblowing sera r\u00e9glement\u00e9 par la loi"},"content":{"rendered":"<figure id=\"attachment_6946\" aria-describedby=\"caption-attachment-6946\" style=\"width: 680px\" class=\"wp-caption aligncenter\"><img loading=\"lazy\" decoding=\"async\" class=\"wp-image-6946 size-medium\" src=\"https:\/\/news.save.ch\/wp-content\/uploads\/2018\/09\/Depositphotos_183816666_m-2015.jpg\" alt=\"Whistleblowing\" width=\"680\" height=\"454\" srcset=\"https:\/\/news.save.ch\/wp-content\/uploads\/2018\/09\/Depositphotos_183816666_m-2015.jpg 1000w, https:\/\/news.save.ch\/wp-content\/uploads\/2018\/09\/Depositphotos_183816666_m-2015-375x250.jpg 375w\" sizes=\"auto, (max-width: 680px) 100vw, 680px\" \/><figcaption id=\"caption-attachment-6946\" class=\"wp-caption-text\">\u00a9 depositphotos, designer491<\/figcaption><\/figure>\n<p>Aujourd'hui, ce sont les tribunaux qui proc\u00e8dent \u00e0 cette \u00e9valuation au cas par cas. La r\u00e9glementation l\u00e9gale apporte plus de clart\u00e9 et de s\u00e9curit\u00e9 juridique, tant pour les entreprises que pour les travailleurs, comme l'\u00e9crit le Conseil f\u00e9d\u00e9ral. Lors de sa s\u00e9ance du 21 septembre 2018, il a adopt\u00e9 un message compl\u00e9mentaire \u00e0 la r\u00e9vision partielle du code des obligations (CO) allant dans ce sens.<\/p>\n<p><strong>En r\u00e8gle g\u00e9n\u00e9rale, informer d'abord l'employeur<\/strong><\/p>\n<p>Avec la <a href=\"https:\/\/www.ejpd.admin.ch\/ejpd\/de\/home\/aktuell\/news\/2018\/2018-09-210.html\">Message compl\u00e9mentaire<\/a> le Conseil f\u00e9d\u00e9ral r\u00e9pond \u00e0 une demande du Parlement qui, en 2015, avait renvoy\u00e9 un premier projet au Conseil f\u00e9d\u00e9ral en exigeant une version plus compr\u00e9hensible et formul\u00e9e de mani\u00e8re plus simple. Les remaniements concernent avant tout la r\u00e9glementation de la proc\u00e9dure \u00e0 suivre pour une d\u00e9claration l\u00e9gale.<\/p>\n<p>Selon le Conseil f\u00e9d\u00e9ral, cela ne change rien \u00e0 l'orientation de la r\u00e9vision. En r\u00e8gle g\u00e9n\u00e9rale, le signalement n'est admissible que s'il est fait en premier lieu \u00e0 l'employeur. Dans certaines conditions, l'employ\u00e9 peut \u00e9galement transmettre l'annonce \u00e0 l'autorit\u00e9 comp\u00e9tente ou au public, sans pour autant violer l'obligation de fid\u00e9lit\u00e9. Le projet de r\u00e9vision r\u00e8gle ces conditions en d\u00e9tail. Il \u00e9limine les incertitudes concernant la proc\u00e9dure d'annonce et r\u00e8gle d\u00e9sormais aussi les cas o\u00f9 une annonce anonyme est autoris\u00e9e, comme l'\u00e9crit le Conseil f\u00e9d\u00e9ral dans son communiqu\u00e9 du 21 septembre 2018.<\/p>\n<p><strong>L'objectif n'est toujours pas atteint<\/strong><\/p>\n<p>Par rapport \u00e0 la r\u00e9glementation actuelle, la proposition du Conseil f\u00e9d\u00e9ral am\u00e9liore la s\u00e9curit\u00e9 juridique, ce qui est r\u00e9jouissant selon Transparency International Suisse. Les lanceurs d'alerte pourraient ainsi mieux \u00e9valuer qu'aujourd'hui les risques qu'ils encourent en cas de signalement. Par rapport \u00e0 la version que le Parlement avait renvoy\u00e9e au Conseil f\u00e9d\u00e9ral pour qu'il la retravaille, elle renforce aussi ponctuellement la protection des lanceurs d'alerte. Il est particuli\u00e8rement important et r\u00e9jouissant que la proposition mette l'accent sur le fait que les lanceurs d'alerte puissent rester anonymes. Cependant, selon l'ONG, la protection reste insuffisante sur deux points essentiels et se d\u00e9grade m\u00eame dans certains cas de figure :<\/p>\n<ul>\n<li>Le Conseil f\u00e9d\u00e9ral ne touche pas \u00e0 la protection contre le licenciement, qui reste donc insuffisante. Tant qu'une r\u00e9glementation ne s'accompagne pas directement d'une am\u00e9lioration de la protection contre le licenciement, elle restera largement lettre morte dans la pratique. L'indemnit\u00e9 pour licenciement abusif en raison d'un signalement devrait donc \u00eatre au moins doubl\u00e9e, pour atteindre un maximum de 12 mois de salaire au lieu des six mois actuels.<\/li>\n<li>En outre, les conditions de notification aux autorit\u00e9s comp\u00e9tentes et au public sont trop restrictives. En fin de compte, les notifications sont rendues impossibles dans des cas de figure importants.<\/li>\n<\/ul>\n<p>Martin Hilti, directeur de Transparency International Suisse, explique : \"Dans la plupart des cas, la d\u00e9couverte de la corruption et d'autres irr\u00e9gularit\u00e9s sur le lieu de travail n'est possible que gr\u00e2ce aux lanceurs d'alerte. Ils ont donc une fonction importante, qui n'est pas seulement dans l'int\u00e9r\u00eat public, mais aussi dans l'int\u00e9r\u00eat de l'entreprise concern\u00e9e, car le signalement d'irr\u00e9gularit\u00e9s constitue la condition pr\u00e9alable pour pouvoir y rem\u00e9dier. Il est donc urgent de prot\u00e9ger enfin les lanceurs d'alerte de mani\u00e8re ad\u00e9quate par la loi\".<\/p>","protected":false},"excerpt":{"rendered":"<p>Heute sind es die Gerichte, die diese Beurteilung im konkreten Einzelfall vornehmen. Die gesetzliche Regelung bringt mehr Klarheit und Rechtssicherheit, sowohl f\u00fcr Unternehmen wie auch f\u00fcr Arbeitnehmende, wie der Bundesrat schreibt. Er hat an seiner Sitzung vom 21. September 2018 eine entsprechende Zusatzbotschaft zur Teilrevision des Obligationenrechts (OR) verabschiedet. In der Regel zuerst Arbeitgeber informieren [&hellip;]<\/p>\n","protected":false},"author":8,"featured_media":6946,"comment_status":"open","ping_status":"open","sticky":false,"template":"","format":"standard","meta":{"_acf_changed":false,"pgc_sgb_lightbox_settings":"","footnotes":""},"categories":[1],"tags":[124],"class_list":["post-6945","post","type-post","status-publish","format-standard","has-post-thumbnail","hentry","category-allgemein","tag-whistleblowing"],"acf":[],"hkrextid":null,"publication":null,"issue":null,"workflow":null,"startPage":null,"spitzmarke":null,"_posts_by_tag_page_fields":{"widget_title":"","widget_tags":""},"_at_widget":"1","_yoast_wpseo_primary_category":"1","_yoast_wpseo_focuskw_text_input":"Whistleblowing","_yoast_wpseo_opengraph-image":null,"_yoast_wpseo_opengraph-description":null,"_yoast_wpseo_opengraph-title":null,"enclosure":null,"_yoast_wpseo_twitter-title":null,"_yoast_wpseo_twitter-description":null,"_yoast_wpseo_twitter-image":null,"_wp_old_slug":null,"_yoast_wpseo_title":null,"_yoast_wpseo_canonical":null,"yoast_head":"<!-- This site is optimized with the Yoast SEO plugin v27.5 - https:\/\/yoast.com\/product\/yoast-seo-wordpress\/ -->\n<title>Whistleblowing wird gesetzlich geregelt - Save<\/title>\n<meta name=\"description\" content=\"Der Bundesrat will deshalb klare gesetzliche Regeln daf\u00fcr, wann das Melden solcher Missst\u00e4nde (Whistleblowing) rechtm\u00e4ssig ist und wann nicht.\" \/>\n<meta name=\"robots\" content=\"index, follow, max-snippet:-1, max-image-preview:large, max-video-preview:-1\" \/>\n<link rel=\"canonical\" href=\"https:\/\/news.save.ch\/fr\/whistleblowing-wird-gesetzlich-geregelt\/\" \/>\n<meta property=\"og:locale\" content=\"fr_FR\" \/>\n<meta property=\"og:type\" content=\"article\" \/>\n<meta property=\"og:title\" content=\"Whistleblowing wird gesetzlich geregelt - Save\" \/>\n<meta property=\"og:description\" content=\"Der Bundesrat will deshalb klare gesetzliche Regeln daf\u00fcr, wann das Melden solcher Missst\u00e4nde (Whistleblowing) rechtm\u00e4ssig ist und wann nicht.\" \/>\n<meta property=\"og:url\" content=\"https:\/\/news.save.ch\/fr\/whistleblowing-wird-gesetzlich-geregelt\/\" \/>\n<meta property=\"og:site_name\" content=\"Save\" \/>\n<meta property=\"article:published_time\" content=\"2018-09-22T09:42:00+00:00\" \/>\n<meta property=\"og:image\" content=\"https:\/\/news.save.ch\/wp-content\/uploads\/2018\/09\/Depositphotos_183816666_m-2015.jpg\" \/>\n\t<meta property=\"og:image:width\" content=\"1000\" \/>\n\t<meta property=\"og:image:height\" content=\"667\" \/>\n\t<meta property=\"og:image:type\" content=\"image\/jpeg\" \/>\n<meta name=\"author\" content=\"Roger Str\u00e4ssle\" \/>\n<meta name=\"twitter:card\" content=\"summary_large_image\" \/>\n<meta name=\"twitter:label1\" content=\"\u00c9crit par\" \/>\n\t<meta name=\"twitter:data1\" content=\"Roger Str\u00e4ssle\" \/>\n\t<meta name=\"twitter:label2\" content=\"Dur\u00e9e de lecture estim\u00e9e\" \/>\n\t<meta name=\"twitter:data2\" content=\"2 minutes\" \/>\n<script type=\"application\/ld+json\" class=\"yoast-schema-graph\">{\"@context\":\"https:\\\/\\\/schema.org\",\"@graph\":[{\"@type\":\"Article\",\"@id\":\"https:\\\/\\\/news.save.ch\\\/whistleblowing-wird-gesetzlich-geregelt\\\/#article\",\"isPartOf\":{\"@id\":\"https:\\\/\\\/news.save.ch\\\/whistleblowing-wird-gesetzlich-geregelt\\\/\"},\"author\":{\"name\":\"Roger Str\u00e4ssle\",\"@id\":\"https:\\\/\\\/news.save.ch\\\/de\\\/#\\\/schema\\\/person\\\/d5022db048e0e2b9785c50e5b24da5aa\"},\"headline\":\"Whistleblowing wird gesetzlich geregelt\",\"datePublished\":\"2018-09-22T09:42:00+00:00\",\"mainEntityOfPage\":{\"@id\":\"https:\\\/\\\/news.save.ch\\\/whistleblowing-wird-gesetzlich-geregelt\\\/\"},\"wordCount\":485,\"commentCount\":0,\"publisher\":{\"@id\":\"https:\\\/\\\/news.save.ch\\\/de\\\/#organization\"},\"image\":{\"@id\":\"https:\\\/\\\/news.save.ch\\\/whistleblowing-wird-gesetzlich-geregelt\\\/#primaryimage\"},\"thumbnailUrl\":\"https:\\\/\\\/news.save.ch\\\/wp-content\\\/uploads\\\/2018\\\/09\\\/Depositphotos_183816666_m-2015.jpg\",\"keywords\":[\"Whistleblowing\"],\"articleSection\":[\"ALLGEMEIN\"],\"inLanguage\":\"fr-FR\"},{\"@type\":\"WebPage\",\"@id\":\"https:\\\/\\\/news.save.ch\\\/whistleblowing-wird-gesetzlich-geregelt\\\/\",\"url\":\"https:\\\/\\\/news.save.ch\\\/whistleblowing-wird-gesetzlich-geregelt\\\/\",\"name\":\"Whistleblowing wird gesetzlich geregelt - Save\",\"isPartOf\":{\"@id\":\"https:\\\/\\\/news.save.ch\\\/de\\\/#website\"},\"primaryImageOfPage\":{\"@id\":\"https:\\\/\\\/news.save.ch\\\/whistleblowing-wird-gesetzlich-geregelt\\\/#primaryimage\"},\"image\":{\"@id\":\"https:\\\/\\\/news.save.ch\\\/whistleblowing-wird-gesetzlich-geregelt\\\/#primaryimage\"},\"thumbnailUrl\":\"https:\\\/\\\/news.save.ch\\\/wp-content\\\/uploads\\\/2018\\\/09\\\/Depositphotos_183816666_m-2015.jpg\",\"datePublished\":\"2018-09-22T09:42:00+00:00\",\"description\":\"Der Bundesrat will deshalb klare gesetzliche Regeln daf\u00fcr, wann das Melden solcher Missst\u00e4nde (Whistleblowing) rechtm\u00e4ssig ist und wann nicht.\",\"breadcrumb\":{\"@id\":\"https:\\\/\\\/news.save.ch\\\/whistleblowing-wird-gesetzlich-geregelt\\\/#breadcrumb\"},\"inLanguage\":\"fr-FR\",\"potentialAction\":[{\"@type\":\"ReadAction\",\"target\":[\"https:\\\/\\\/news.save.ch\\\/whistleblowing-wird-gesetzlich-geregelt\\\/\"]}]},{\"@type\":\"ImageObject\",\"inLanguage\":\"fr-FR\",\"@id\":\"https:\\\/\\\/news.save.ch\\\/whistleblowing-wird-gesetzlich-geregelt\\\/#primaryimage\",\"url\":\"https:\\\/\\\/news.save.ch\\\/wp-content\\\/uploads\\\/2018\\\/09\\\/Depositphotos_183816666_m-2015.jpg\",\"contentUrl\":\"https:\\\/\\\/news.save.ch\\\/wp-content\\\/uploads\\\/2018\\\/09\\\/Depositphotos_183816666_m-2015.jpg\",\"width\":1000,\"height\":667,\"caption\":\"\u00a9 depositphotos, designer491\"},{\"@type\":\"BreadcrumbList\",\"@id\":\"https:\\\/\\\/news.save.ch\\\/whistleblowing-wird-gesetzlich-geregelt\\\/#breadcrumb\",\"itemListElement\":[{\"@type\":\"ListItem\",\"position\":1,\"name\":\"Home\",\"item\":\"https:\\\/\\\/news.save.ch\\\/de\\\/\"},{\"@type\":\"ListItem\",\"position\":2,\"name\":\"Whistleblowing wird gesetzlich geregelt\"}]},{\"@type\":\"WebSite\",\"@id\":\"https:\\\/\\\/news.save.ch\\\/de\\\/#website\",\"url\":\"https:\\\/\\\/news.save.ch\\\/de\\\/\",\"name\":\"Save\",\"description\":\"Schweizer Fachzeitschrift f\u00fcr Sicherheit\",\"publisher\":{\"@id\":\"https:\\\/\\\/news.save.ch\\\/de\\\/#organization\"},\"potentialAction\":[{\"@type\":\"SearchAction\",\"target\":{\"@type\":\"EntryPoint\",\"urlTemplate\":\"https:\\\/\\\/news.save.ch\\\/de\\\/?s={search_term_string}\"},\"query-input\":{\"@type\":\"PropertyValueSpecification\",\"valueRequired\":true,\"valueName\":\"search_term_string\"}}],\"inLanguage\":\"fr-FR\"},{\"@type\":\"Organization\",\"@id\":\"https:\\\/\\\/news.save.ch\\\/de\\\/#organization\",\"name\":\"Sicherheitsforum\",\"url\":\"https:\\\/\\\/news.save.ch\\\/de\\\/\",\"logo\":{\"@type\":\"ImageObject\",\"inLanguage\":\"fr-FR\",\"@id\":\"https:\\\/\\\/news.save.ch\\\/de\\\/#\\\/schema\\\/logo\\\/image\\\/\",\"url\":\"https:\\\/\\\/news.save.ch\\\/wp-content\\\/uploads\\\/2022\\\/06\\\/Logo_SF_2012.png\",\"contentUrl\":\"https:\\\/\\\/news.save.ch\\\/wp-content\\\/uploads\\\/2022\\\/06\\\/Logo_SF_2012.png\",\"width\":1100,\"height\":91,\"caption\":\"Sicherheitsforum\"},\"image\":{\"@id\":\"https:\\\/\\\/news.save.ch\\\/de\\\/#\\\/schema\\\/logo\\\/image\\\/\"}},{\"@type\":\"Person\",\"@id\":\"https:\\\/\\\/news.save.ch\\\/de\\\/#\\\/schema\\\/person\\\/d5022db048e0e2b9785c50e5b24da5aa\",\"name\":\"Roger Str\u00e4ssle\",\"image\":{\"@type\":\"ImageObject\",\"inLanguage\":\"fr-FR\",\"@id\":\"https:\\\/\\\/secure.gravatar.com\\\/avatar\\\/862a5569d087de48e5856e32f45d719a03804c891d6deb8d4f71a660e79e4a47?s=96&d=mm&r=g\",\"url\":\"https:\\\/\\\/secure.gravatar.com\\\/avatar\\\/862a5569d087de48e5856e32f45d719a03804c891d6deb8d4f71a660e79e4a47?s=96&d=mm&r=g\",\"contentUrl\":\"https:\\\/\\\/secure.gravatar.com\\\/avatar\\\/862a5569d087de48e5856e32f45d719a03804c891d6deb8d4f71a660e79e4a47?s=96&d=mm&r=g\",\"caption\":\"Roger Str\u00e4ssle\"},\"url\":\"https:\\\/\\\/news.save.ch\\\/fr\\\/author\\\/roger-straessle\\\/\"}]}<\/script>\n<!-- \/ Yoast SEO plugin. -->","yoast_head_json":{"title":"Le whistleblowing sera r\u00e9glement\u00e9 par la loi - Save","description":"C'est pourquoi le Conseil f\u00e9d\u00e9ral veut des r\u00e8gles l\u00e9gales claires pour d\u00e9terminer quand le signalement de telles irr\u00e9gularit\u00e9s (whistleblowing) est l\u00e9gal et quand il ne l'est pas.","robots":{"index":"index","follow":"follow","max-snippet":"max-snippet:-1","max-image-preview":"max-image-preview:large","max-video-preview":"max-video-preview:-1"},"canonical":"https:\/\/news.save.ch\/fr\/whistleblowing-wird-gesetzlich-geregelt\/","og_locale":"fr_FR","og_type":"article","og_title":"Whistleblowing wird gesetzlich geregelt - Save","og_description":"Der Bundesrat will deshalb klare gesetzliche Regeln daf\u00fcr, wann das Melden solcher Missst\u00e4nde (Whistleblowing) rechtm\u00e4ssig ist und wann nicht.","og_url":"https:\/\/news.save.ch\/fr\/whistleblowing-wird-gesetzlich-geregelt\/","og_site_name":"Save","article_published_time":"2018-09-22T09:42:00+00:00","og_image":[{"width":1000,"height":667,"url":"https:\/\/news.save.ch\/wp-content\/uploads\/2018\/09\/Depositphotos_183816666_m-2015.jpg","type":"image\/jpeg"}],"author":"Roger Str\u00e4ssle","twitter_card":"summary_large_image","twitter_misc":{"\u00c9crit par":"Roger Str\u00e4ssle","Dur\u00e9e de lecture estim\u00e9e":"2 minutes"},"schema":{"@context":"https:\/\/schema.org","@graph":[{"@type":"Article","@id":"https:\/\/news.save.ch\/whistleblowing-wird-gesetzlich-geregelt\/#article","isPartOf":{"@id":"https:\/\/news.save.ch\/whistleblowing-wird-gesetzlich-geregelt\/"},"author":{"name":"Roger Str\u00e4ssle","@id":"https:\/\/news.save.ch\/de\/#\/schema\/person\/d5022db048e0e2b9785c50e5b24da5aa"},"headline":"Whistleblowing wird gesetzlich geregelt","datePublished":"2018-09-22T09:42:00+00:00","mainEntityOfPage":{"@id":"https:\/\/news.save.ch\/whistleblowing-wird-gesetzlich-geregelt\/"},"wordCount":485,"commentCount":0,"publisher":{"@id":"https:\/\/news.save.ch\/de\/#organization"},"image":{"@id":"https:\/\/news.save.ch\/whistleblowing-wird-gesetzlich-geregelt\/#primaryimage"},"thumbnailUrl":"https:\/\/news.save.ch\/wp-content\/uploads\/2018\/09\/Depositphotos_183816666_m-2015.jpg","keywords":["Whistleblowing"],"articleSection":["ALLGEMEIN"],"inLanguage":"fr-FR"},{"@type":"WebPage","@id":"https:\/\/news.save.ch\/whistleblowing-wird-gesetzlich-geregelt\/","url":"https:\/\/news.save.ch\/whistleblowing-wird-gesetzlich-geregelt\/","name":"Le whistleblowing sera r\u00e9glement\u00e9 par la loi - Save","isPartOf":{"@id":"https:\/\/news.save.ch\/de\/#website"},"primaryImageOfPage":{"@id":"https:\/\/news.save.ch\/whistleblowing-wird-gesetzlich-geregelt\/#primaryimage"},"image":{"@id":"https:\/\/news.save.ch\/whistleblowing-wird-gesetzlich-geregelt\/#primaryimage"},"thumbnailUrl":"https:\/\/news.save.ch\/wp-content\/uploads\/2018\/09\/Depositphotos_183816666_m-2015.jpg","datePublished":"2018-09-22T09:42:00+00:00","description":"C'est pourquoi le Conseil f\u00e9d\u00e9ral veut des r\u00e8gles l\u00e9gales claires pour d\u00e9terminer quand le signalement de telles irr\u00e9gularit\u00e9s (whistleblowing) est l\u00e9gal et quand il ne l'est pas.","breadcrumb":{"@id":"https:\/\/news.save.ch\/whistleblowing-wird-gesetzlich-geregelt\/#breadcrumb"},"inLanguage":"fr-FR","potentialAction":[{"@type":"ReadAction","target":["https:\/\/news.save.ch\/whistleblowing-wird-gesetzlich-geregelt\/"]}]},{"@type":"ImageObject","inLanguage":"fr-FR","@id":"https:\/\/news.save.ch\/whistleblowing-wird-gesetzlich-geregelt\/#primaryimage","url":"https:\/\/news.save.ch\/wp-content\/uploads\/2018\/09\/Depositphotos_183816666_m-2015.jpg","contentUrl":"https:\/\/news.save.ch\/wp-content\/uploads\/2018\/09\/Depositphotos_183816666_m-2015.jpg","width":1000,"height":667,"caption":"\u00a9 depositphotos, designer491"},{"@type":"BreadcrumbList","@id":"https:\/\/news.save.ch\/whistleblowing-wird-gesetzlich-geregelt\/#breadcrumb","itemListElement":[{"@type":"ListItem","position":1,"name":"Home","item":"https:\/\/news.save.ch\/de\/"},{"@type":"ListItem","position":2,"name":"Whistleblowing wird gesetzlich geregelt"}]},{"@type":"WebSite","@id":"https:\/\/news.save.ch\/de\/#website","url":"https:\/\/news.save.ch\/de\/","name":"Save","description":"Revue suisse sp\u00e9cialis\u00e9e dans la s\u00e9curit\u00e9","publisher":{"@id":"https:\/\/news.save.ch\/de\/#organization"},"potentialAction":[{"@type":"SearchAction","target":{"@type":"EntryPoint","urlTemplate":"https:\/\/news.save.ch\/de\/?s={search_term_string}"},"query-input":{"@type":"PropertyValueSpecification","valueRequired":true,"valueName":"search_term_string"}}],"inLanguage":"fr-FR"},{"@type":"Organization","@id":"https:\/\/news.save.ch\/de\/#organization","name":"Forum sur la s\u00e9curit\u00e9","url":"https:\/\/news.save.ch\/de\/","logo":{"@type":"ImageObject","inLanguage":"fr-FR","@id":"https:\/\/news.save.ch\/de\/#\/schema\/logo\/image\/","url":"https:\/\/news.save.ch\/wp-content\/uploads\/2022\/06\/Logo_SF_2012.png","contentUrl":"https:\/\/news.save.ch\/wp-content\/uploads\/2022\/06\/Logo_SF_2012.png","width":1100,"height":91,"caption":"Sicherheitsforum"},"image":{"@id":"https:\/\/news.save.ch\/de\/#\/schema\/logo\/image\/"}},{"@type":"Person","@id":"https:\/\/news.save.ch\/de\/#\/schema\/person\/d5022db048e0e2b9785c50e5b24da5aa","name":"Roger Str\u00e4ssle","image":{"@type":"ImageObject","inLanguage":"fr-FR","@id":"https:\/\/secure.gravatar.com\/avatar\/862a5569d087de48e5856e32f45d719a03804c891d6deb8d4f71a660e79e4a47?s=96&d=mm&r=g","url":"https:\/\/secure.gravatar.com\/avatar\/862a5569d087de48e5856e32f45d719a03804c891d6deb8d4f71a660e79e4a47?s=96&d=mm&r=g","contentUrl":"https:\/\/secure.gravatar.com\/avatar\/862a5569d087de48e5856e32f45d719a03804c891d6deb8d4f71a660e79e4a47?s=96&d=mm&r=g","caption":"Roger Str\u00e4ssle"},"url":"https:\/\/news.save.ch\/fr\/author\/roger-straessle\/"}]}},"_links":{"self":[{"href":"https:\/\/news.save.ch\/fr\/wp-json\/wp\/v2\/posts\/6945","targetHints":{"allow":["GET"]}}],"collection":[{"href":"https:\/\/news.save.ch\/fr\/wp-json\/wp\/v2\/posts"}],"about":[{"href":"https:\/\/news.save.ch\/fr\/wp-json\/wp\/v2\/types\/post"}],"author":[{"embeddable":true,"href":"https:\/\/news.save.ch\/fr\/wp-json\/wp\/v2\/users\/8"}],"replies":[{"embeddable":true,"href":"https:\/\/news.save.ch\/fr\/wp-json\/wp\/v2\/comments?post=6945"}],"version-history":[{"count":0,"href":"https:\/\/news.save.ch\/fr\/wp-json\/wp\/v2\/posts\/6945\/revisions"}],"wp:featuredmedia":[{"embeddable":true,"href":"https:\/\/news.save.ch\/fr\/wp-json\/wp\/v2\/media\/6946"}],"wp:attachment":[{"href":"https:\/\/news.save.ch\/fr\/wp-json\/wp\/v2\/media?parent=6945"}],"wp:term":[{"taxonomy":"category","embeddable":true,"href":"https:\/\/news.save.ch\/fr\/wp-json\/wp\/v2\/categories?post=6945"},{"taxonomy":"post_tag","embeddable":true,"href":"https:\/\/news.save.ch\/fr\/wp-json\/wp\/v2\/tags?post=6945"}],"curies":[{"name":"wp","href":"https:\/\/api.w.org\/{rel}","templated":true}]}}