{"id":705,"date":"2015-12-03T15:22:07","date_gmt":"2015-12-03T14:22:07","guid":{"rendered":"http:\/\/dev.safety-plus.ch\/?p=705"},"modified":"2023-03-14T09:03:04","modified_gmt":"2023-03-14T08:03:04","slug":"sicherheit-fuer-spitex-betriebe","status":null,"type":"post","link":"https:\/\/news.save.ch\/fr\/sicherheit-fuer-spitex-betriebe\/","title":{"rendered":"S\u00e9curit\u00e9 pour les \u00e9tablissements d'aide et de soins \u00e0 domicile"},"content":{"rendered":"<figure id=\"attachment_708\" aria-describedby=\"caption-attachment-708\" style=\"width: 680px\" class=\"wp-caption alignnone\"><img loading=\"lazy\" decoding=\"async\" class=\"wp-image-708 size-medium\" src=\"http:\/\/develop.safety-plus.ch\/wp-content\/uploads\/2016\/12\/Sicherheit-fuer-Spitex-Betriebe_safety-plus.jpeg\" alt=\"Le risque d&#039;accident dans les soins extra-hospitaliers augmente.\" width=\"680\" height=\"607\" \/><figcaption id=\"caption-attachment-708\" class=\"wp-caption-text\">Le risque d'accident dans les soins extra-hospitaliers augmente.<\/figcaption><\/figure>\n<p>De plus en plus de personnes \u00e2g\u00e9es ont besoin d'une aide et de soins \u00e0 domicile. Environ 30 000 personnes travaillent d\u00e9sormais \u00e0 temps plein dans ce domaine, et la tendance est \u00e0 la hausse. Au cours des dix derni\u00e8res ann\u00e9es, le risque d'accident dans les entreprises de soins \u00e0 domicile est pass\u00e9 de 69,2 \u00e0 76,1 accidents pour 1000 employ\u00e9s \u00e0 plein temps. En 2012, plus de 2200 accidents professionnels ont eu lieu dans des entreprises de soins \u00e0 domicile. Ils ont entra\u00een\u00e9 des prestations d'assurance courantes de plus de 6 millions de francs (source SSAA).<\/p>\n<p>Les collaborateurs de l'aide et des soins \u00e0 domicile sont souvent expos\u00e9s \u00e0 des contraintes psychiques et physiques \u00e9lev\u00e9es. Il est donc indispensable de disposer d'une source d'information actualis\u00e9e sur le th\u00e8me de la s\u00e9curit\u00e9 au travail et de la protection de la sant\u00e9.<\/p>\n<p><strong>Un outil de travail important dans la pr\u00e9vention<\/strong><br \/>\nLa nouvelle brochure de la CFST s'adresse avant tout aux responsables et au personnel des organisations et des entreprises qui proposent des services d'aide et de soins \u00e0 domicile. Elle constitue une base pr\u00e9cieuse pour leurs activit\u00e9s. Organis\u00e9e en sections th\u00e9matiques, cette brochure dresse une liste des dangers possibles et propose en m\u00eame temps des mesures correspondantes.<br \/>\nLa brochure a \u00e9t\u00e9 \u00e9labor\u00e9e en collaboration avec des sp\u00e9cialistes de la Conf\u00e9d\u00e9ration, de la Suva, des cantons ainsi que des principales associations professionnelles et de branche. Avec cet instrument pratique et facile \u00e0 comprendre, la CFST comble une lacune importante dans le domaine de la pr\u00e9vention. Elle contribue ainsi activement \u00e0 la r\u00e9duction des accidents et maladies professionnels ainsi que des probl\u00e8mes de sant\u00e9 li\u00e9s au travail chez le personnel sp\u00e9cialis\u00e9 dans l'aide et les soins \u00e0 domicile.<\/p>\n<p><strong>Commande en ligne gratuite<\/strong><br \/>\nSous le num\u00e9ro de commande 6291, la brochure peut \u00eatre command\u00e9e gratuitement sur le site Internet de la CFST ou t\u00e9l\u00e9charg\u00e9e en format Pdf : <a href=\"http:\/\/www.ekas.ch\" target=\"_blank\" data-cke-saved-href=\"http:\/\/www.ekas.ch\" rel=\"noopener\">www.ekas.ch<\/a> &gt; Service de commande.<\/p>","protected":false},"excerpt":{"rendered":"<p>Immer mehr betagte Menschen sind auf spitalexterne Hilfe und Pflege angewiesen.\u00a0Rund 30&#8217;000 Vollzeitbesch\u00e4ftigte arbeiten mittlerweile auf diesem Gebiet, Tendenz\u00a0steigend. Das Unfallrisiko ist in den letzten 10 Jahren in Spitexbetrieben von 69,2\u00a0auf 76,1 Unf\u00e4lle pro 1000 Vollbesch\u00e4ftigte angestiegen. 2012 ereigneten sich \u00fcber\u00a02200 Berufsunf\u00e4lle in Spitexbetrieben. Diese verursachten laufende Versicherungsleistungen\u00a0von mehr als 6 Millionen Franken (Quelle SSUV). [&hellip;]<\/p>\n","protected":false},"author":1,"featured_media":16055,"comment_status":"open","ping_status":"open","sticky":false,"template":"","format":"standard","meta":{"_acf_changed":false,"pgc_sgb_lightbox_settings":"","footnotes":""},"categories":[3314],"tags":[172,149],"class_list":["post-705","post","type-post","status-publish","format-standard","has-post-thumbnail","hentry","category-health-safety","tag-arbeitssicherheit","tag-gesundheitsschutz"],"acf":[],"hkrextid":null,"publication":null,"issue":null,"workflow":null,"startPage":null,"spitzmarke":null,"_posts_by_tag_page_fields":{"widget_title":"","widget_tags":""},"_at_widget":"1","_yoast_wpseo_primary_category":"5","_yoast_wpseo_focuskw_text_input":"Spitex","_yoast_wpseo_opengraph-image":null,"_yoast_wpseo_opengraph-description":null,"_yoast_wpseo_opengraph-title":null,"enclosure":null,"_yoast_wpseo_twitter-title":null,"_yoast_wpseo_twitter-description":null,"_yoast_wpseo_twitter-image":null,"_wp_old_slug":null,"_yoast_wpseo_title":null,"_yoast_wpseo_canonical":null,"yoast_head":"<!-- This site is optimized with the Yoast SEO plugin v27.5 - https:\/\/yoast.com\/product\/yoast-seo-wordpress\/ -->\n<title>Sicherheit f\u00fcr Spitex-Betriebe - Save<\/title>\n<meta name=\"description\" content=\"Mit der Brosch\u00fcre f\u00fcr das Fachpersonal in Spitex-Betrieben will das EKAS auf die Bedeutung von Arbeitssicherheit und Gesundheitsschutz hinweisen.\" \/>\n<meta name=\"robots\" content=\"index, follow, max-snippet:-1, max-image-preview:large, max-video-preview:-1\" \/>\n<link rel=\"canonical\" href=\"https:\/\/news.save.ch\/fr\/sicherheit-fuer-spitex-betriebe\/\" \/>\n<meta property=\"og:locale\" content=\"fr_FR\" \/>\n<meta property=\"og:type\" content=\"article\" \/>\n<meta property=\"og:title\" content=\"Sicherheit f\u00fcr Spitex-Betriebe - Save\" \/>\n<meta property=\"og:description\" content=\"Mit der Brosch\u00fcre f\u00fcr das Fachpersonal in Spitex-Betrieben will das EKAS auf die Bedeutung von Arbeitssicherheit und Gesundheitsschutz hinweisen.\" \/>\n<meta property=\"og:url\" content=\"https:\/\/news.save.ch\/fr\/sicherheit-fuer-spitex-betriebe\/\" \/>\n<meta property=\"og:site_name\" content=\"Save\" \/>\n<meta property=\"article:published_time\" content=\"2015-12-03T14:22:07+00:00\" \/>\n<meta property=\"article:modified_time\" content=\"2023-03-14T08:03:04+00:00\" \/>\n<meta property=\"og:image\" content=\"https:\/\/news.save.ch\/wp-content\/uploads\/2016\/12\/Sicherheit-fuer-Spitex-Betriebe_safety-plus-scaled-1.jpeg\" \/>\n\t<meta property=\"og:image:width\" content=\"1200\" \/>\n\t<meta property=\"og:image:height\" content=\"1071\" \/>\n\t<meta property=\"og:image:type\" content=\"image\/jpeg\" \/>\n<meta name=\"author\" content=\"admin\" \/>\n<meta name=\"twitter:card\" content=\"summary_large_image\" \/>\n<meta name=\"twitter:label1\" content=\"\u00c9crit par\" \/>\n\t<meta name=\"twitter:data1\" content=\"admin\" \/>\n\t<meta name=\"twitter:label2\" content=\"Dur\u00e9e de lecture estim\u00e9e\" \/>\n\t<meta name=\"twitter:data2\" content=\"1 minute\" \/>\n<script type=\"application\/ld+json\" class=\"yoast-schema-graph\">{\"@context\":\"https:\\\/\\\/schema.org\",\"@graph\":[{\"@type\":\"Article\",\"@id\":\"https:\\\/\\\/news.save.ch\\\/sicherheit-fuer-spitex-betriebe\\\/#article\",\"isPartOf\":{\"@id\":\"https:\\\/\\\/news.save.ch\\\/sicherheit-fuer-spitex-betriebe\\\/\"},\"author\":{\"name\":\"admin\",\"@id\":\"https:\\\/\\\/news.save.ch\\\/de\\\/#\\\/schema\\\/person\\\/d49e199490bad7c70d64b9ab51142f2b\"},\"headline\":\"Sicherheit f\u00fcr Spitex-Betriebe\",\"datePublished\":\"2015-12-03T14:22:07+00:00\",\"dateModified\":\"2023-03-14T08:03:04+00:00\",\"mainEntityOfPage\":{\"@id\":\"https:\\\/\\\/news.save.ch\\\/sicherheit-fuer-spitex-betriebe\\\/\"},\"wordCount\":253,\"commentCount\":1,\"publisher\":{\"@id\":\"https:\\\/\\\/news.save.ch\\\/de\\\/#organization\"},\"image\":{\"@id\":\"https:\\\/\\\/news.save.ch\\\/sicherheit-fuer-spitex-betriebe\\\/#primaryimage\"},\"thumbnailUrl\":\"https:\\\/\\\/news.save.ch\\\/wp-content\\\/uploads\\\/2016\\\/12\\\/Sicherheit-fuer-Spitex-Betriebe_safety-plus-scaled-1.jpeg\",\"keywords\":[\"Arbeitssicherheit\",\"Gesundheitsschutz\"],\"articleSection\":[\"HEALTH &amp; SAFETY\"],\"inLanguage\":\"fr-FR\"},{\"@type\":\"WebPage\",\"@id\":\"https:\\\/\\\/news.save.ch\\\/sicherheit-fuer-spitex-betriebe\\\/\",\"url\":\"https:\\\/\\\/news.save.ch\\\/sicherheit-fuer-spitex-betriebe\\\/\",\"name\":\"Sicherheit f\u00fcr Spitex-Betriebe - Save\",\"isPartOf\":{\"@id\":\"https:\\\/\\\/news.save.ch\\\/de\\\/#website\"},\"primaryImageOfPage\":{\"@id\":\"https:\\\/\\\/news.save.ch\\\/sicherheit-fuer-spitex-betriebe\\\/#primaryimage\"},\"image\":{\"@id\":\"https:\\\/\\\/news.save.ch\\\/sicherheit-fuer-spitex-betriebe\\\/#primaryimage\"},\"thumbnailUrl\":\"https:\\\/\\\/news.save.ch\\\/wp-content\\\/uploads\\\/2016\\\/12\\\/Sicherheit-fuer-Spitex-Betriebe_safety-plus-scaled-1.jpeg\",\"datePublished\":\"2015-12-03T14:22:07+00:00\",\"dateModified\":\"2023-03-14T08:03:04+00:00\",\"description\":\"Mit der Brosch\u00fcre f\u00fcr das Fachpersonal in Spitex-Betrieben will das EKAS auf die Bedeutung von Arbeitssicherheit und Gesundheitsschutz hinweisen.\",\"breadcrumb\":{\"@id\":\"https:\\\/\\\/news.save.ch\\\/sicherheit-fuer-spitex-betriebe\\\/#breadcrumb\"},\"inLanguage\":\"fr-FR\",\"potentialAction\":[{\"@type\":\"ReadAction\",\"target\":[\"https:\\\/\\\/news.save.ch\\\/sicherheit-fuer-spitex-betriebe\\\/\"]}]},{\"@type\":\"ImageObject\",\"inLanguage\":\"fr-FR\",\"@id\":\"https:\\\/\\\/news.save.ch\\\/sicherheit-fuer-spitex-betriebe\\\/#primaryimage\",\"url\":\"https:\\\/\\\/news.save.ch\\\/wp-content\\\/uploads\\\/2016\\\/12\\\/Sicherheit-fuer-Spitex-Betriebe_safety-plus-scaled-1.jpeg\",\"contentUrl\":\"https:\\\/\\\/news.save.ch\\\/wp-content\\\/uploads\\\/2016\\\/12\\\/Sicherheit-fuer-Spitex-Betriebe_safety-plus-scaled-1.jpeg\",\"width\":1200,\"height\":1071,\"caption\":\"Das Unfallrisiko in der spitalexternen Pflege steigt.\"},{\"@type\":\"BreadcrumbList\",\"@id\":\"https:\\\/\\\/news.save.ch\\\/sicherheit-fuer-spitex-betriebe\\\/#breadcrumb\",\"itemListElement\":[{\"@type\":\"ListItem\",\"position\":1,\"name\":\"Home\",\"item\":\"https:\\\/\\\/news.save.ch\\\/de\\\/\"},{\"@type\":\"ListItem\",\"position\":2,\"name\":\"Sicherheit f\u00fcr Spitex-Betriebe\"}]},{\"@type\":\"WebSite\",\"@id\":\"https:\\\/\\\/news.save.ch\\\/de\\\/#website\",\"url\":\"https:\\\/\\\/news.save.ch\\\/de\\\/\",\"name\":\"Save\",\"description\":\"Schweizer Fachzeitschrift f\u00fcr Sicherheit\",\"publisher\":{\"@id\":\"https:\\\/\\\/news.save.ch\\\/de\\\/#organization\"},\"potentialAction\":[{\"@type\":\"SearchAction\",\"target\":{\"@type\":\"EntryPoint\",\"urlTemplate\":\"https:\\\/\\\/news.save.ch\\\/de\\\/?s={search_term_string}\"},\"query-input\":{\"@type\":\"PropertyValueSpecification\",\"valueRequired\":true,\"valueName\":\"search_term_string\"}}],\"inLanguage\":\"fr-FR\"},{\"@type\":\"Organization\",\"@id\":\"https:\\\/\\\/news.save.ch\\\/de\\\/#organization\",\"name\":\"Sicherheitsforum\",\"url\":\"https:\\\/\\\/news.save.ch\\\/de\\\/\",\"logo\":{\"@type\":\"ImageObject\",\"inLanguage\":\"fr-FR\",\"@id\":\"https:\\\/\\\/news.save.ch\\\/de\\\/#\\\/schema\\\/logo\\\/image\\\/\",\"url\":\"https:\\\/\\\/news.save.ch\\\/wp-content\\\/uploads\\\/2022\\\/06\\\/Logo_SF_2012.png\",\"contentUrl\":\"https:\\\/\\\/news.save.ch\\\/wp-content\\\/uploads\\\/2022\\\/06\\\/Logo_SF_2012.png\",\"width\":1100,\"height\":91,\"caption\":\"Sicherheitsforum\"},\"image\":{\"@id\":\"https:\\\/\\\/news.save.ch\\\/de\\\/#\\\/schema\\\/logo\\\/image\\\/\"}},{\"@type\":\"Person\",\"@id\":\"https:\\\/\\\/news.save.ch\\\/de\\\/#\\\/schema\\\/person\\\/d49e199490bad7c70d64b9ab51142f2b\",\"name\":\"admin\",\"image\":{\"@type\":\"ImageObject\",\"inLanguage\":\"fr-FR\",\"@id\":\"https:\\\/\\\/secure.gravatar.com\\\/avatar\\\/ae2f4d718e6c49043e314ce431e7e645d646302a24a5ef5a8bc8e3f5a032e319?s=96&d=mm&r=g\",\"url\":\"https:\\\/\\\/secure.gravatar.com\\\/avatar\\\/ae2f4d718e6c49043e314ce431e7e645d646302a24a5ef5a8bc8e3f5a032e319?s=96&d=mm&r=g\",\"contentUrl\":\"https:\\\/\\\/secure.gravatar.com\\\/avatar\\\/ae2f4d718e6c49043e314ce431e7e645d646302a24a5ef5a8bc8e3f5a032e319?s=96&d=mm&r=g\",\"caption\":\"admin\"},\"sameAs\":[\"https:\\\/\\\/develop.organisator.galledia.ch\"],\"url\":\"https:\\\/\\\/news.save.ch\\\/fr\\\/author\\\/admin\\\/\"}]}<\/script>\n<!-- \/ Yoast SEO plugin. -->","yoast_head_json":{"title":"S\u00e9curit\u00e9 pour les entreprises de soins \u00e0 domicile - Save","description":"Avec cette brochure destin\u00e9e au personnel sp\u00e9cialis\u00e9 des \u00e9tablissements d'aide et de soins \u00e0 domicile, la CFST souhaite attirer l'attention sur l'importance de la s\u00e9curit\u00e9 au travail et de la protection de la sant\u00e9.","robots":{"index":"index","follow":"follow","max-snippet":"max-snippet:-1","max-image-preview":"max-image-preview:large","max-video-preview":"max-video-preview:-1"},"canonical":"https:\/\/news.save.ch\/fr\/sicherheit-fuer-spitex-betriebe\/","og_locale":"fr_FR","og_type":"article","og_title":"Sicherheit f\u00fcr Spitex-Betriebe - Save","og_description":"Mit der Brosch\u00fcre f\u00fcr das Fachpersonal in Spitex-Betrieben will das EKAS auf die Bedeutung von Arbeitssicherheit und Gesundheitsschutz hinweisen.","og_url":"https:\/\/news.save.ch\/fr\/sicherheit-fuer-spitex-betriebe\/","og_site_name":"Save","article_published_time":"2015-12-03T14:22:07+00:00","article_modified_time":"2023-03-14T08:03:04+00:00","og_image":[{"width":1200,"height":1071,"url":"https:\/\/news.save.ch\/wp-content\/uploads\/2016\/12\/Sicherheit-fuer-Spitex-Betriebe_safety-plus-scaled-1.jpeg","type":"image\/jpeg"}],"author":"admin","twitter_card":"summary_large_image","twitter_misc":{"\u00c9crit par":"admin","Dur\u00e9e de lecture estim\u00e9e":"1 minute"},"schema":{"@context":"https:\/\/schema.org","@graph":[{"@type":"Article","@id":"https:\/\/news.save.ch\/sicherheit-fuer-spitex-betriebe\/#article","isPartOf":{"@id":"https:\/\/news.save.ch\/sicherheit-fuer-spitex-betriebe\/"},"author":{"name":"admin","@id":"https:\/\/news.save.ch\/de\/#\/schema\/person\/d49e199490bad7c70d64b9ab51142f2b"},"headline":"Sicherheit f\u00fcr Spitex-Betriebe","datePublished":"2015-12-03T14:22:07+00:00","dateModified":"2023-03-14T08:03:04+00:00","mainEntityOfPage":{"@id":"https:\/\/news.save.ch\/sicherheit-fuer-spitex-betriebe\/"},"wordCount":253,"commentCount":1,"publisher":{"@id":"https:\/\/news.save.ch\/de\/#organization"},"image":{"@id":"https:\/\/news.save.ch\/sicherheit-fuer-spitex-betriebe\/#primaryimage"},"thumbnailUrl":"https:\/\/news.save.ch\/wp-content\/uploads\/2016\/12\/Sicherheit-fuer-Spitex-Betriebe_safety-plus-scaled-1.jpeg","keywords":["Arbeitssicherheit","Gesundheitsschutz"],"articleSection":["HEALTH &amp; SAFETY"],"inLanguage":"fr-FR"},{"@type":"WebPage","@id":"https:\/\/news.save.ch\/sicherheit-fuer-spitex-betriebe\/","url":"https:\/\/news.save.ch\/sicherheit-fuer-spitex-betriebe\/","name":"S\u00e9curit\u00e9 pour les entreprises de soins \u00e0 domicile - Save","isPartOf":{"@id":"https:\/\/news.save.ch\/de\/#website"},"primaryImageOfPage":{"@id":"https:\/\/news.save.ch\/sicherheit-fuer-spitex-betriebe\/#primaryimage"},"image":{"@id":"https:\/\/news.save.ch\/sicherheit-fuer-spitex-betriebe\/#primaryimage"},"thumbnailUrl":"https:\/\/news.save.ch\/wp-content\/uploads\/2016\/12\/Sicherheit-fuer-Spitex-Betriebe_safety-plus-scaled-1.jpeg","datePublished":"2015-12-03T14:22:07+00:00","dateModified":"2023-03-14T08:03:04+00:00","description":"Avec cette brochure destin\u00e9e au personnel sp\u00e9cialis\u00e9 des \u00e9tablissements d'aide et de soins \u00e0 domicile, la CFST souhaite attirer l'attention sur l'importance de la s\u00e9curit\u00e9 au travail et de la protection de la sant\u00e9.","breadcrumb":{"@id":"https:\/\/news.save.ch\/sicherheit-fuer-spitex-betriebe\/#breadcrumb"},"inLanguage":"fr-FR","potentialAction":[{"@type":"ReadAction","target":["https:\/\/news.save.ch\/sicherheit-fuer-spitex-betriebe\/"]}]},{"@type":"ImageObject","inLanguage":"fr-FR","@id":"https:\/\/news.save.ch\/sicherheit-fuer-spitex-betriebe\/#primaryimage","url":"https:\/\/news.save.ch\/wp-content\/uploads\/2016\/12\/Sicherheit-fuer-Spitex-Betriebe_safety-plus-scaled-1.jpeg","contentUrl":"https:\/\/news.save.ch\/wp-content\/uploads\/2016\/12\/Sicherheit-fuer-Spitex-Betriebe_safety-plus-scaled-1.jpeg","width":1200,"height":1071,"caption":"Das Unfallrisiko in der spitalexternen Pflege steigt."},{"@type":"BreadcrumbList","@id":"https:\/\/news.save.ch\/sicherheit-fuer-spitex-betriebe\/#breadcrumb","itemListElement":[{"@type":"ListItem","position":1,"name":"Home","item":"https:\/\/news.save.ch\/de\/"},{"@type":"ListItem","position":2,"name":"Sicherheit f\u00fcr Spitex-Betriebe"}]},{"@type":"WebSite","@id":"https:\/\/news.save.ch\/de\/#website","url":"https:\/\/news.save.ch\/de\/","name":"Save","description":"Revue suisse sp\u00e9cialis\u00e9e dans la s\u00e9curit\u00e9","publisher":{"@id":"https:\/\/news.save.ch\/de\/#organization"},"potentialAction":[{"@type":"SearchAction","target":{"@type":"EntryPoint","urlTemplate":"https:\/\/news.save.ch\/de\/?s={search_term_string}"},"query-input":{"@type":"PropertyValueSpecification","valueRequired":true,"valueName":"search_term_string"}}],"inLanguage":"fr-FR"},{"@type":"Organization","@id":"https:\/\/news.save.ch\/de\/#organization","name":"Forum sur la s\u00e9curit\u00e9","url":"https:\/\/news.save.ch\/de\/","logo":{"@type":"ImageObject","inLanguage":"fr-FR","@id":"https:\/\/news.save.ch\/de\/#\/schema\/logo\/image\/","url":"https:\/\/news.save.ch\/wp-content\/uploads\/2022\/06\/Logo_SF_2012.png","contentUrl":"https:\/\/news.save.ch\/wp-content\/uploads\/2022\/06\/Logo_SF_2012.png","width":1100,"height":91,"caption":"Sicherheitsforum"},"image":{"@id":"https:\/\/news.save.ch\/de\/#\/schema\/logo\/image\/"}},{"@type":"Person","@id":"https:\/\/news.save.ch\/de\/#\/schema\/person\/d49e199490bad7c70d64b9ab51142f2b","name":"admin","image":{"@type":"ImageObject","inLanguage":"fr-FR","@id":"https:\/\/secure.gravatar.com\/avatar\/ae2f4d718e6c49043e314ce431e7e645d646302a24a5ef5a8bc8e3f5a032e319?s=96&d=mm&r=g","url":"https:\/\/secure.gravatar.com\/avatar\/ae2f4d718e6c49043e314ce431e7e645d646302a24a5ef5a8bc8e3f5a032e319?s=96&d=mm&r=g","contentUrl":"https:\/\/secure.gravatar.com\/avatar\/ae2f4d718e6c49043e314ce431e7e645d646302a24a5ef5a8bc8e3f5a032e319?s=96&d=mm&r=g","caption":"admin"},"sameAs":["https:\/\/develop.organisator.galledia.ch"],"url":"https:\/\/news.save.ch\/fr\/author\/admin\/"}]}},"_links":{"self":[{"href":"https:\/\/news.save.ch\/fr\/wp-json\/wp\/v2\/posts\/705","targetHints":{"allow":["GET"]}}],"collection":[{"href":"https:\/\/news.save.ch\/fr\/wp-json\/wp\/v2\/posts"}],"about":[{"href":"https:\/\/news.save.ch\/fr\/wp-json\/wp\/v2\/types\/post"}],"author":[{"embeddable":true,"href":"https:\/\/news.save.ch\/fr\/wp-json\/wp\/v2\/users\/1"}],"replies":[{"embeddable":true,"href":"https:\/\/news.save.ch\/fr\/wp-json\/wp\/v2\/comments?post=705"}],"version-history":[{"count":1,"href":"https:\/\/news.save.ch\/fr\/wp-json\/wp\/v2\/posts\/705\/revisions"}],"predecessor-version":[{"id":18380,"href":"https:\/\/news.save.ch\/fr\/wp-json\/wp\/v2\/posts\/705\/revisions\/18380"}],"wp:featuredmedia":[{"embeddable":true,"href":"https:\/\/news.save.ch\/fr\/wp-json\/wp\/v2\/media\/16055"}],"wp:attachment":[{"href":"https:\/\/news.save.ch\/fr\/wp-json\/wp\/v2\/media?parent=705"}],"wp:term":[{"taxonomy":"category","embeddable":true,"href":"https:\/\/news.save.ch\/fr\/wp-json\/wp\/v2\/categories?post=705"},{"taxonomy":"post_tag","embeddable":true,"href":"https:\/\/news.save.ch\/fr\/wp-json\/wp\/v2\/tags?post=705"}],"curies":[{"name":"wp","href":"https:\/\/api.w.org\/{rel}","templated":true}]}}