{"id":7107,"date":"2018-10-24T09:34:30","date_gmt":"2018-10-24T07:34:30","guid":{"rendered":"https:\/\/news.save.ch\/?p=7107"},"modified":"2018-10-24T09:34:30","modified_gmt":"2018-10-24T07:34:30","slug":"dormakaba-gv-hoehere-dividende-cadonau-mit-doppelfunktion","status":null,"type":"post","link":"https:\/\/news.save.ch\/fr\/dormakaba-gv-hoehere-dividende-cadonau-mit-doppelfunktion\/","title":{"rendered":"Dividende plus \u00e9lev\u00e9, double fonction pour le CEO Cadonau"},"content":{"rendered":"<figure id=\"attachment_7108\" aria-describedby=\"caption-attachment-7108\" style=\"width: 680px\" class=\"wp-caption aligncenter\"><img loading=\"lazy\" decoding=\"async\" class=\"wp-image-7108 size-medium\" src=\"https:\/\/news.save.ch\/wp-content\/uploads\/2018\/10\/pic-headquarters-2-data-scaled-1.jpg\" alt=\"Dormakaba\" width=\"680\" height=\"453\" \/><figcaption id=\"caption-attachment-7108\" class=\"wp-caption-text\">dormakaba<\/figcaption><\/figure>\n<p>&nbsp;<\/p>\n<p>En raison de l'augmentation du r\u00e9sultat du groupe, le <a href=\"https:\/\/www.dormakaba.com\">Dormakaba<\/a>-Le conseil d'administration a propos\u00e9 \u00e0 l'assembl\u00e9e g\u00e9n\u00e9rale de verser un dividende de 15 francs par action, soit 1 franc de plus que l'ann\u00e9e pr\u00e9c\u00e9dente. L'AG a approuv\u00e9 cette distribution, qui sera enti\u00e8rement pr\u00e9lev\u00e9e sur les r\u00e9serves de capital, comme l'\u00e9crit l'entreprise. L'AG a en outre approuv\u00e9 les \u00e9lections ou r\u00e9\u00e9lections au conseil d'administration, \u00e0 chaque fois pour la dur\u00e9e de mandat propos\u00e9e d'un an : Riet Cadonau a \u00e9t\u00e9 \u00e9lu nouveau membre et pr\u00e9sident du conseil d'administration et Jens Birgersson a \u00e9t\u00e9 \u00e9lu nouveau membre du conseil d'administration. Les membres actuels du conseil d'administration Rolf D\u00f6rig, Stephanie Brecht-Bergen, Daniel Daeniker, Karina Dubs-Kuenzle, Hans Gummert, John Heppner, Hans Hess et Christine Mankel ont \u00e9t\u00e9 r\u00e9\u00e9lus.<\/p>\n<p><strong>Riet Cadonau, une double fonction<\/strong><\/p>\n<p>Comme d\u00e9j\u00e0 communiqu\u00e9, Ulrich Graf, apr\u00e8s douze ans de pr\u00e9sidence du conseil d'administration, et Elton SK Chiu, membre du conseil d'administration depuis 2010, ne se repr\u00e9sentaient pas. Il est pr\u00e9vu que Riet Cadonau continue d'assumer sa fonction de CEO du groupe Dormakaba pendant deux \u00e0 trois ans au maximum, parall\u00e8lement \u00e0 la pr\u00e9sidence du conseil d'administration, indique le communiqu\u00e9 de presse de Dormakaba. Hans Hess assumera la fonction nouvellement cr\u00e9\u00e9e de Lead Independent Director ainsi que la vice-pr\u00e9sidence. Les membres actuels du comit\u00e9 de r\u00e9mun\u00e9ration Rolf D\u00f6rig, Hans Gummert et Hans Hess ont \u00e9galement \u00e9t\u00e9 r\u00e9\u00e9lus comme propos\u00e9 pour un mandat d'un an.<\/p>\n<p>Dans le cadre du vote consultatif, l'assembl\u00e9e g\u00e9n\u00e9rale a \u00e9galement approuv\u00e9 le rapport de r\u00e9mun\u00e9ration 2017\/18. Elle a \u00e9galement approuv\u00e9 la r\u00e9mun\u00e9ration maximale propos\u00e9e pour le conseil d'administration jusqu'\u00e0 l'AG ordinaire de 2019 et le montant maximal propos\u00e9 pour la r\u00e9mun\u00e9ration de la direction du groupe pour l'exercice 2019\/20.<\/p>\n<p><em>Source : Communiqu\u00e9 de presse Dormakaba<\/em><\/p>\n<p>&nbsp;<\/p>","protected":false},"excerpt":{"rendered":"<p>&nbsp; Aufgrund des gesteigerten Konzernergebnisses schlug der Dormakaba-Verwaltungsrat der Generalversammlung die Auszahlung einer gegen\u00fcber Vorjahr um Fr. 1.- pro Aktie auf Fr. 15.- pro Aktie erh\u00f6hten Dividende vor. Die GV genehmigte diese Aussch\u00fcttung, die vollst\u00e4ndig aus Kapitalreserven erfolgen wird, wie das Unternehmen schreibt. Im Weiteren genehmigte die GV die Wahlen beziehungsweise Wiederwahlen in den Verwaltungsrat, [&hellip;]<\/p>\n","protected":false},"author":8,"featured_media":7108,"comment_status":"open","ping_status":"open","sticky":false,"template":"","format":"standard","meta":{"_acf_changed":false,"pgc_sgb_lightbox_settings":"","footnotes":""},"categories":[1],"tags":[137,65],"class_list":["post-7107","post","type-post","status-publish","format-standard","has-post-thumbnail","hentry","category-allgemein","tag-generalversammlung","tag-unternehmen"],"acf":[],"hkrextid":null,"publication":null,"issue":null,"workflow":null,"startPage":null,"spitzmarke":null,"_posts_by_tag_page_fields":{"widget_title":"","widget_tags":""},"_at_widget":"1","_yoast_wpseo_primary_category":"1","_yoast_wpseo_focuskw_text_input":"Dormakaba","_yoast_wpseo_opengraph-image":null,"_yoast_wpseo_opengraph-description":null,"_yoast_wpseo_opengraph-title":null,"enclosure":null,"_yoast_wpseo_twitter-title":null,"_yoast_wpseo_twitter-description":null,"_yoast_wpseo_twitter-image":null,"_wp_old_slug":null,"_yoast_wpseo_title":null,"_yoast_wpseo_canonical":null,"yoast_head":"<!-- This site is optimized with the Yoast SEO plugin v27.4 - https:\/\/yoast.com\/product\/yoast-seo-wordpress\/ -->\n<title>H\u00f6here Dividende, CEO Cadonau mit Doppelfunktion - Save<\/title>\n<meta name=\"description\" content=\"An der ordentlichen Generalversammlung der Dormakaba Holding AG vom 23. Oktober 2018 in Regensdorf ZH haben die Aktion\u00e4re alle Antr\u00e4ge angenommen.\" \/>\n<meta name=\"robots\" content=\"index, follow, max-snippet:-1, max-image-preview:large, max-video-preview:-1\" \/>\n<link rel=\"canonical\" href=\"https:\/\/news.save.ch\/fr\/dormakaba-gv-hoehere-dividende-cadonau-mit-doppelfunktion\/\" \/>\n<meta property=\"og:locale\" content=\"fr_FR\" \/>\n<meta property=\"og:type\" content=\"article\" \/>\n<meta property=\"og:title\" content=\"H\u00f6here Dividende, CEO Cadonau mit Doppelfunktion - Save\" \/>\n<meta property=\"og:description\" content=\"An der ordentlichen Generalversammlung der Dormakaba Holding AG vom 23. Oktober 2018 in Regensdorf ZH haben die Aktion\u00e4re alle Antr\u00e4ge angenommen.\" \/>\n<meta property=\"og:url\" content=\"https:\/\/news.save.ch\/fr\/dormakaba-gv-hoehere-dividende-cadonau-mit-doppelfunktion\/\" \/>\n<meta property=\"og:site_name\" content=\"Save\" \/>\n<meta property=\"article:published_time\" content=\"2018-10-24T07:34:30+00:00\" \/>\n<meta property=\"og:image\" content=\"https:\/\/news.save.ch\/wp-content\/uploads\/2018\/10\/pic-headquarters-2-data-scaled-1-scaled.jpg\" \/>\n\t<meta property=\"og:image:width\" content=\"1400\" \/>\n\t<meta property=\"og:image:height\" content=\"933\" \/>\n\t<meta property=\"og:image:type\" content=\"image\/jpeg\" \/>\n<meta name=\"author\" content=\"Roger Str\u00e4ssle\" \/>\n<meta name=\"twitter:card\" content=\"summary_large_image\" \/>\n<meta name=\"twitter:label1\" content=\"\u00c9crit par\" \/>\n\t<meta name=\"twitter:data1\" content=\"Roger Str\u00e4ssle\" \/>\n\t<meta name=\"twitter:label2\" content=\"Dur\u00e9e de lecture estim\u00e9e\" \/>\n\t<meta name=\"twitter:data2\" content=\"1 minute\" \/>\n<script type=\"application\/ld+json\" class=\"yoast-schema-graph\">{\"@context\":\"https:\\\/\\\/schema.org\",\"@graph\":[{\"@type\":\"Article\",\"@id\":\"https:\\\/\\\/news.save.ch\\\/dormakaba-gv-hoehere-dividende-cadonau-mit-doppelfunktion\\\/#article\",\"isPartOf\":{\"@id\":\"https:\\\/\\\/news.save.ch\\\/dormakaba-gv-hoehere-dividende-cadonau-mit-doppelfunktion\\\/\"},\"author\":{\"name\":\"Roger Str\u00e4ssle\",\"@id\":\"https:\\\/\\\/news.save.ch\\\/de\\\/#\\\/schema\\\/person\\\/d5022db048e0e2b9785c50e5b24da5aa\"},\"headline\":\"H\u00f6here Dividende, CEO Cadonau mit Doppelfunktion\",\"datePublished\":\"2018-10-24T07:34:30+00:00\",\"mainEntityOfPage\":{\"@id\":\"https:\\\/\\\/news.save.ch\\\/dormakaba-gv-hoehere-dividende-cadonau-mit-doppelfunktion\\\/\"},\"wordCount\":279,\"commentCount\":0,\"publisher\":{\"@id\":\"https:\\\/\\\/news.save.ch\\\/de\\\/#organization\"},\"image\":{\"@id\":\"https:\\\/\\\/news.save.ch\\\/dormakaba-gv-hoehere-dividende-cadonau-mit-doppelfunktion\\\/#primaryimage\"},\"thumbnailUrl\":\"https:\\\/\\\/news.save.ch\\\/wp-content\\\/uploads\\\/2018\\\/10\\\/pic-headquarters-2-data-scaled-1-scaled.jpg\",\"keywords\":[\"Generalversammlung\",\"Unternehmen\"],\"articleSection\":[\"ALLGEMEIN\"],\"inLanguage\":\"fr-FR\"},{\"@type\":\"WebPage\",\"@id\":\"https:\\\/\\\/news.save.ch\\\/dormakaba-gv-hoehere-dividende-cadonau-mit-doppelfunktion\\\/\",\"url\":\"https:\\\/\\\/news.save.ch\\\/dormakaba-gv-hoehere-dividende-cadonau-mit-doppelfunktion\\\/\",\"name\":\"H\u00f6here Dividende, CEO Cadonau mit Doppelfunktion - Save\",\"isPartOf\":{\"@id\":\"https:\\\/\\\/news.save.ch\\\/de\\\/#website\"},\"primaryImageOfPage\":{\"@id\":\"https:\\\/\\\/news.save.ch\\\/dormakaba-gv-hoehere-dividende-cadonau-mit-doppelfunktion\\\/#primaryimage\"},\"image\":{\"@id\":\"https:\\\/\\\/news.save.ch\\\/dormakaba-gv-hoehere-dividende-cadonau-mit-doppelfunktion\\\/#primaryimage\"},\"thumbnailUrl\":\"https:\\\/\\\/news.save.ch\\\/wp-content\\\/uploads\\\/2018\\\/10\\\/pic-headquarters-2-data-scaled-1-scaled.jpg\",\"datePublished\":\"2018-10-24T07:34:30+00:00\",\"description\":\"An der ordentlichen Generalversammlung der Dormakaba Holding AG vom 23. Oktober 2018 in Regensdorf ZH haben die Aktion\u00e4re alle Antr\u00e4ge angenommen.\",\"breadcrumb\":{\"@id\":\"https:\\\/\\\/news.save.ch\\\/dormakaba-gv-hoehere-dividende-cadonau-mit-doppelfunktion\\\/#breadcrumb\"},\"inLanguage\":\"fr-FR\",\"potentialAction\":[{\"@type\":\"ReadAction\",\"target\":[\"https:\\\/\\\/news.save.ch\\\/dormakaba-gv-hoehere-dividende-cadonau-mit-doppelfunktion\\\/\"]}]},{\"@type\":\"ImageObject\",\"inLanguage\":\"fr-FR\",\"@id\":\"https:\\\/\\\/news.save.ch\\\/dormakaba-gv-hoehere-dividende-cadonau-mit-doppelfunktion\\\/#primaryimage\",\"url\":\"https:\\\/\\\/news.save.ch\\\/wp-content\\\/uploads\\\/2018\\\/10\\\/pic-headquarters-2-data-scaled-1-scaled.jpg\",\"contentUrl\":\"https:\\\/\\\/news.save.ch\\\/wp-content\\\/uploads\\\/2018\\\/10\\\/pic-headquarters-2-data-scaled-1-scaled.jpg\",\"width\":1400,\"height\":933,\"caption\":\"\u00a9 dormakaba\"},{\"@type\":\"BreadcrumbList\",\"@id\":\"https:\\\/\\\/news.save.ch\\\/dormakaba-gv-hoehere-dividende-cadonau-mit-doppelfunktion\\\/#breadcrumb\",\"itemListElement\":[{\"@type\":\"ListItem\",\"position\":1,\"name\":\"Home\",\"item\":\"https:\\\/\\\/news.save.ch\\\/de\\\/\"},{\"@type\":\"ListItem\",\"position\":2,\"name\":\"H\u00f6here Dividende, CEO Cadonau mit Doppelfunktion\"}]},{\"@type\":\"WebSite\",\"@id\":\"https:\\\/\\\/news.save.ch\\\/de\\\/#website\",\"url\":\"https:\\\/\\\/news.save.ch\\\/de\\\/\",\"name\":\"Save\",\"description\":\"Schweizer Fachzeitschrift f\u00fcr Sicherheit\",\"publisher\":{\"@id\":\"https:\\\/\\\/news.save.ch\\\/de\\\/#organization\"},\"potentialAction\":[{\"@type\":\"SearchAction\",\"target\":{\"@type\":\"EntryPoint\",\"urlTemplate\":\"https:\\\/\\\/news.save.ch\\\/de\\\/?s={search_term_string}\"},\"query-input\":{\"@type\":\"PropertyValueSpecification\",\"valueRequired\":true,\"valueName\":\"search_term_string\"}}],\"inLanguage\":\"fr-FR\"},{\"@type\":\"Organization\",\"@id\":\"https:\\\/\\\/news.save.ch\\\/de\\\/#organization\",\"name\":\"Sicherheitsforum\",\"url\":\"https:\\\/\\\/news.save.ch\\\/de\\\/\",\"logo\":{\"@type\":\"ImageObject\",\"inLanguage\":\"fr-FR\",\"@id\":\"https:\\\/\\\/news.save.ch\\\/de\\\/#\\\/schema\\\/logo\\\/image\\\/\",\"url\":\"https:\\\/\\\/news.save.ch\\\/wp-content\\\/uploads\\\/2022\\\/06\\\/Logo_SF_2012.png\",\"contentUrl\":\"https:\\\/\\\/news.save.ch\\\/wp-content\\\/uploads\\\/2022\\\/06\\\/Logo_SF_2012.png\",\"width\":1100,\"height\":91,\"caption\":\"Sicherheitsforum\"},\"image\":{\"@id\":\"https:\\\/\\\/news.save.ch\\\/de\\\/#\\\/schema\\\/logo\\\/image\\\/\"}},{\"@type\":\"Person\",\"@id\":\"https:\\\/\\\/news.save.ch\\\/de\\\/#\\\/schema\\\/person\\\/d5022db048e0e2b9785c50e5b24da5aa\",\"name\":\"Roger Str\u00e4ssle\",\"image\":{\"@type\":\"ImageObject\",\"inLanguage\":\"fr-FR\",\"@id\":\"https:\\\/\\\/secure.gravatar.com\\\/avatar\\\/862a5569d087de48e5856e32f45d719a03804c891d6deb8d4f71a660e79e4a47?s=96&d=mm&r=g\",\"url\":\"https:\\\/\\\/secure.gravatar.com\\\/avatar\\\/862a5569d087de48e5856e32f45d719a03804c891d6deb8d4f71a660e79e4a47?s=96&d=mm&r=g\",\"contentUrl\":\"https:\\\/\\\/secure.gravatar.com\\\/avatar\\\/862a5569d087de48e5856e32f45d719a03804c891d6deb8d4f71a660e79e4a47?s=96&d=mm&r=g\",\"caption\":\"Roger Str\u00e4ssle\"},\"url\":\"https:\\\/\\\/news.save.ch\\\/fr\\\/author\\\/roger-straessle\\\/\"}]}<\/script>\n<!-- \/ Yoast SEO plugin. -->","yoast_head_json":{"title":"Dividende plus \u00e9lev\u00e9, double fonction pour le CEO Cadonau - Save","description":"Lors de l'assembl\u00e9e g\u00e9n\u00e9rale ordinaire de Dormakaba Holding AG du 23 octobre 2018 \u00e0 Regensdorf ZH, les actionnaires ont accept\u00e9 toutes les propositions.","robots":{"index":"index","follow":"follow","max-snippet":"max-snippet:-1","max-image-preview":"max-image-preview:large","max-video-preview":"max-video-preview:-1"},"canonical":"https:\/\/news.save.ch\/fr\/dormakaba-gv-hoehere-dividende-cadonau-mit-doppelfunktion\/","og_locale":"fr_FR","og_type":"article","og_title":"H\u00f6here Dividende, CEO Cadonau mit Doppelfunktion - Save","og_description":"An der ordentlichen Generalversammlung der Dormakaba Holding AG vom 23. Oktober 2018 in Regensdorf ZH haben die Aktion\u00e4re alle Antr\u00e4ge angenommen.","og_url":"https:\/\/news.save.ch\/fr\/dormakaba-gv-hoehere-dividende-cadonau-mit-doppelfunktion\/","og_site_name":"Save","article_published_time":"2018-10-24T07:34:30+00:00","og_image":[{"width":1400,"height":933,"url":"https:\/\/news.save.ch\/wp-content\/uploads\/2018\/10\/pic-headquarters-2-data-scaled-1-scaled.jpg","type":"image\/jpeg"}],"author":"Roger Str\u00e4ssle","twitter_card":"summary_large_image","twitter_misc":{"\u00c9crit par":"Roger Str\u00e4ssle","Dur\u00e9e de lecture estim\u00e9e":"1 minute"},"schema":{"@context":"https:\/\/schema.org","@graph":[{"@type":"Article","@id":"https:\/\/news.save.ch\/dormakaba-gv-hoehere-dividende-cadonau-mit-doppelfunktion\/#article","isPartOf":{"@id":"https:\/\/news.save.ch\/dormakaba-gv-hoehere-dividende-cadonau-mit-doppelfunktion\/"},"author":{"name":"Roger Str\u00e4ssle","@id":"https:\/\/news.save.ch\/de\/#\/schema\/person\/d5022db048e0e2b9785c50e5b24da5aa"},"headline":"H\u00f6here Dividende, CEO Cadonau mit Doppelfunktion","datePublished":"2018-10-24T07:34:30+00:00","mainEntityOfPage":{"@id":"https:\/\/news.save.ch\/dormakaba-gv-hoehere-dividende-cadonau-mit-doppelfunktion\/"},"wordCount":279,"commentCount":0,"publisher":{"@id":"https:\/\/news.save.ch\/de\/#organization"},"image":{"@id":"https:\/\/news.save.ch\/dormakaba-gv-hoehere-dividende-cadonau-mit-doppelfunktion\/#primaryimage"},"thumbnailUrl":"https:\/\/news.save.ch\/wp-content\/uploads\/2018\/10\/pic-headquarters-2-data-scaled-1-scaled.jpg","keywords":["Generalversammlung","Unternehmen"],"articleSection":["ALLGEMEIN"],"inLanguage":"fr-FR"},{"@type":"WebPage","@id":"https:\/\/news.save.ch\/dormakaba-gv-hoehere-dividende-cadonau-mit-doppelfunktion\/","url":"https:\/\/news.save.ch\/dormakaba-gv-hoehere-dividende-cadonau-mit-doppelfunktion\/","name":"Dividende plus \u00e9lev\u00e9, double fonction pour le CEO Cadonau - Save","isPartOf":{"@id":"https:\/\/news.save.ch\/de\/#website"},"primaryImageOfPage":{"@id":"https:\/\/news.save.ch\/dormakaba-gv-hoehere-dividende-cadonau-mit-doppelfunktion\/#primaryimage"},"image":{"@id":"https:\/\/news.save.ch\/dormakaba-gv-hoehere-dividende-cadonau-mit-doppelfunktion\/#primaryimage"},"thumbnailUrl":"https:\/\/news.save.ch\/wp-content\/uploads\/2018\/10\/pic-headquarters-2-data-scaled-1-scaled.jpg","datePublished":"2018-10-24T07:34:30+00:00","description":"Lors de l'assembl\u00e9e g\u00e9n\u00e9rale ordinaire de Dormakaba Holding AG du 23 octobre 2018 \u00e0 Regensdorf ZH, les actionnaires ont accept\u00e9 toutes les propositions.","breadcrumb":{"@id":"https:\/\/news.save.ch\/dormakaba-gv-hoehere-dividende-cadonau-mit-doppelfunktion\/#breadcrumb"},"inLanguage":"fr-FR","potentialAction":[{"@type":"ReadAction","target":["https:\/\/news.save.ch\/dormakaba-gv-hoehere-dividende-cadonau-mit-doppelfunktion\/"]}]},{"@type":"ImageObject","inLanguage":"fr-FR","@id":"https:\/\/news.save.ch\/dormakaba-gv-hoehere-dividende-cadonau-mit-doppelfunktion\/#primaryimage","url":"https:\/\/news.save.ch\/wp-content\/uploads\/2018\/10\/pic-headquarters-2-data-scaled-1-scaled.jpg","contentUrl":"https:\/\/news.save.ch\/wp-content\/uploads\/2018\/10\/pic-headquarters-2-data-scaled-1-scaled.jpg","width":1400,"height":933,"caption":"\u00a9 dormakaba"},{"@type":"BreadcrumbList","@id":"https:\/\/news.save.ch\/dormakaba-gv-hoehere-dividende-cadonau-mit-doppelfunktion\/#breadcrumb","itemListElement":[{"@type":"ListItem","position":1,"name":"Home","item":"https:\/\/news.save.ch\/de\/"},{"@type":"ListItem","position":2,"name":"H\u00f6here Dividende, CEO Cadonau mit Doppelfunktion"}]},{"@type":"WebSite","@id":"https:\/\/news.save.ch\/de\/#website","url":"https:\/\/news.save.ch\/de\/","name":"Save","description":"Revue suisse sp\u00e9cialis\u00e9e dans la s\u00e9curit\u00e9","publisher":{"@id":"https:\/\/news.save.ch\/de\/#organization"},"potentialAction":[{"@type":"SearchAction","target":{"@type":"EntryPoint","urlTemplate":"https:\/\/news.save.ch\/de\/?s={search_term_string}"},"query-input":{"@type":"PropertyValueSpecification","valueRequired":true,"valueName":"search_term_string"}}],"inLanguage":"fr-FR"},{"@type":"Organization","@id":"https:\/\/news.save.ch\/de\/#organization","name":"Forum sur la s\u00e9curit\u00e9","url":"https:\/\/news.save.ch\/de\/","logo":{"@type":"ImageObject","inLanguage":"fr-FR","@id":"https:\/\/news.save.ch\/de\/#\/schema\/logo\/image\/","url":"https:\/\/news.save.ch\/wp-content\/uploads\/2022\/06\/Logo_SF_2012.png","contentUrl":"https:\/\/news.save.ch\/wp-content\/uploads\/2022\/06\/Logo_SF_2012.png","width":1100,"height":91,"caption":"Sicherheitsforum"},"image":{"@id":"https:\/\/news.save.ch\/de\/#\/schema\/logo\/image\/"}},{"@type":"Person","@id":"https:\/\/news.save.ch\/de\/#\/schema\/person\/d5022db048e0e2b9785c50e5b24da5aa","name":"Roger Str\u00e4ssle","image":{"@type":"ImageObject","inLanguage":"fr-FR","@id":"https:\/\/secure.gravatar.com\/avatar\/862a5569d087de48e5856e32f45d719a03804c891d6deb8d4f71a660e79e4a47?s=96&d=mm&r=g","url":"https:\/\/secure.gravatar.com\/avatar\/862a5569d087de48e5856e32f45d719a03804c891d6deb8d4f71a660e79e4a47?s=96&d=mm&r=g","contentUrl":"https:\/\/secure.gravatar.com\/avatar\/862a5569d087de48e5856e32f45d719a03804c891d6deb8d4f71a660e79e4a47?s=96&d=mm&r=g","caption":"Roger Str\u00e4ssle"},"url":"https:\/\/news.save.ch\/fr\/author\/roger-straessle\/"}]}},"_links":{"self":[{"href":"https:\/\/news.save.ch\/fr\/wp-json\/wp\/v2\/posts\/7107","targetHints":{"allow":["GET"]}}],"collection":[{"href":"https:\/\/news.save.ch\/fr\/wp-json\/wp\/v2\/posts"}],"about":[{"href":"https:\/\/news.save.ch\/fr\/wp-json\/wp\/v2\/types\/post"}],"author":[{"embeddable":true,"href":"https:\/\/news.save.ch\/fr\/wp-json\/wp\/v2\/users\/8"}],"replies":[{"embeddable":true,"href":"https:\/\/news.save.ch\/fr\/wp-json\/wp\/v2\/comments?post=7107"}],"version-history":[{"count":0,"href":"https:\/\/news.save.ch\/fr\/wp-json\/wp\/v2\/posts\/7107\/revisions"}],"wp:featuredmedia":[{"embeddable":true,"href":"https:\/\/news.save.ch\/fr\/wp-json\/wp\/v2\/media\/7108"}],"wp:attachment":[{"href":"https:\/\/news.save.ch\/fr\/wp-json\/wp\/v2\/media?parent=7107"}],"wp:term":[{"taxonomy":"category","embeddable":true,"href":"https:\/\/news.save.ch\/fr\/wp-json\/wp\/v2\/categories?post=7107"},{"taxonomy":"post_tag","embeddable":true,"href":"https:\/\/news.save.ch\/fr\/wp-json\/wp\/v2\/tags?post=7107"}],"curies":[{"name":"wp","href":"https:\/\/api.w.org\/{rel}","templated":true}]}}