{"id":7162,"date":"2018-11-05T14:08:15","date_gmt":"2018-11-05T13:08:15","guid":{"rendered":"https:\/\/news.save.ch\/?p=7162"},"modified":"2023-03-14T08:59:20","modified_gmt":"2023-03-14T07:59:20","slug":"gefaehrlicher-zugriff-auf-videokameras","status":null,"type":"post","link":"https:\/\/news.save.ch\/fr\/gefaehrlicher-zugriff-auf-videokameras\/","title":{"rendered":"Acc\u00e8s dangereux aux cam\u00e9ras vid\u00e9o"},"content":{"rendered":"<figure id=\"attachment_7195\" aria-describedby=\"caption-attachment-7195\" style=\"width: 680px\" class=\"wp-caption aligncenter\"><img loading=\"lazy\" decoding=\"async\" class=\"size-medium wp-image-7195\" src=\"https:\/\/news.save.ch\/wp-content\/uploads\/2018\/11\/Depositphotos_80733006_m-2015.jpg\" alt=\"\" width=\"680\" height=\"451\" srcset=\"https:\/\/news.save.ch\/wp-content\/uploads\/2018\/11\/Depositphotos_80733006_m-2015.jpg 999w, https:\/\/news.save.ch\/wp-content\/uploads\/2018\/11\/Depositphotos_80733006_m-2015-375x248.jpg 375w\" sizes=\"auto, (max-width: 680px) 100vw, 680px\" \/><figcaption id=\"caption-attachment-7195\" class=\"wp-caption-text\">\u00a9 depositphotos, kwanchaidp<\/figcaption><\/figure>\n<p>La police et l'Institut <a href=\"https:\/\/vds.de\/\">VdS<\/a> mettent en garde depuis des ann\u00e9es contre la vuln\u00e9rabilit\u00e9 souvent facile des solutions cloud non s\u00e9curis\u00e9es - m\u00eame pour les composants utilis\u00e9s dans le domaine de la s\u00e9curit\u00e9. L'exemple le plus r\u00e9cent est celui des composants de cam\u00e9ras vid\u00e9o d'un des plus grands fabricants mondiaux de l'est de la Chine. Les tentatives de piratage de la soci\u00e9t\u00e9 viennoise de conseil en s\u00e9curit\u00e9 informatique SEC Consult ont r\u00e9v\u00e9l\u00e9 des possibilit\u00e9s d'acc\u00e8s rapide \u00e0 neuf millions de cam\u00e9ras en service, dont 1,3 million en Allemagne, comme le souligne le VdS. Des manipulations de programmes sont \u00e9galement facilement r\u00e9alisables.<\/p>\n<p>Selon le VdS, il est particuli\u00e8rement probl\u00e9matique que les composants soient utilis\u00e9s par plus d'une centaine de fabricants finaux, mais qu'ils ne soient g\u00e9n\u00e9ralement mentionn\u00e9s nulle part. D'ailleurs, le <a href=\"https:\/\/de.wikipedia.org\/wiki\/Mirai_(Malware)\">Botnet \"Mirai<\/a> (auteur arr\u00eat\u00e9 et condamn\u00e9), qui a paralys\u00e9 en 2016 une grande partie d'Internet, y compris Twitter, Spotify et Netflix, tire en grande partie sa force d'attaque de composants pirat\u00e9s du fabricant de l'est de la Chine.<\/p>\n<p><strong>Acc\u00e8s \u00e0 distance probl\u00e9matique<\/strong><\/p>\n<p>Sebastian Brose du VdS explique : \"Depuis, les optimisations n'ont g\u00e9n\u00e9ralement pas eu lieu. De tr\u00e8s nombreuses institutions dans le monde, tr\u00e8s int\u00e9ressantes pour les criminels, utilisent les composants vuln\u00e9rables. Non seulement les pirates y voient rapidement et facilement tout ce qui se passe, mais ils peuvent \u00e9galement s'installer dans d'autres syst\u00e8mes utilis\u00e9s sur place via la faille et les utiliser comme outil d'attaque. Les utilisateurs d'installations reconnues par VdS n'ont pas ce genre de probl\u00e8mes - c'est pr\u00e9cis\u00e9ment ce genre de d\u00e9fauts que nous contr\u00f4lons en fin de compte\".<\/p>\n<p>Le probl\u00e8me survient souvent parce que l'acc\u00e8s \u00e0 distance est possible via une application. Les d\u00e9veloppeurs trouveront des aides pour une mise en \u0153uvre s\u00fbre dans les directives VdS 3169, comme l'indique l'institut en conclusion.<\/p>\n<figure id=\"attachment_7163\" aria-describedby=\"caption-attachment-7163\" style=\"width: 680px\" class=\"wp-caption alignleft\"><img loading=\"lazy\" decoding=\"async\" class=\"wp-image-7163 size-medium\" src=\"https:\/\/news.save.ch\/wp-content\/uploads\/2018\/11\/VdS_Hack.jpg\" alt=\"VdS\" width=\"680\" height=\"526\" \/><figcaption id=\"caption-attachment-7163\" class=\"wp-caption-text\">VdS<\/figcaption><\/figure>\n<p>&nbsp;<\/p>","protected":false},"excerpt":{"rendered":"<p>Die Polizei und das Institut VdS warnen seit Jahren vor der oftmals leichten Angreifbarkeit unsicherer Cloud-L\u00f6sungen \u2013 selbst bei Komponenten, die im Sicherheitsbereich eingesetzt werden. Das j\u00fcngste Beispiel seien Videokamera-Bauteile eines der weltweit gr\u00f6ssten Hersteller in Ostchina. Hackversuche der Wiener IT-Sicherheitsberater SEC Consult deckten schnelle Zugriffsm\u00f6glichkeiten f\u00fcr neun Millionen in Nutzung befindliche Kameras auf, davon [&hellip;]<\/p>\n","protected":false},"author":8,"featured_media":7195,"comment_status":"open","ping_status":"open","sticky":false,"template":"","format":"standard","meta":{"_acf_changed":false,"pgc_sgb_lightbox_settings":"","footnotes":""},"categories":[3312],"tags":[62,157,78],"class_list":["post-7162","post","type-post","status-publish","format-standard","has-post-thumbnail","hentry","category-sicherheit","tag-ict-sicherheit","tag-video-security","tag-videoueberwachung"],"acf":[],"hkrextid":null,"publication":null,"issue":null,"workflow":null,"startPage":null,"spitzmarke":null,"_posts_by_tag_page_fields":{"widget_title":"","widget_tags":""},"_at_widget":"1","_yoast_wpseo_primary_category":"529","_yoast_wpseo_focuskw_text_input":"VdS","_yoast_wpseo_opengraph-image":null,"_yoast_wpseo_opengraph-description":null,"_yoast_wpseo_opengraph-title":null,"enclosure":null,"_yoast_wpseo_twitter-title":null,"_yoast_wpseo_twitter-description":null,"_yoast_wpseo_twitter-image":null,"_wp_old_slug":null,"_yoast_wpseo_title":null,"_yoast_wpseo_canonical":null,"yoast_head":"<!-- This site is optimized with the Yoast SEO plugin v27.5 - https:\/\/yoast.com\/product\/yoast-seo-wordpress\/ -->\n<title>Gef\u00e4hrlicher Zugriff auf Videokameras - Save<\/title>\n<meta name=\"description\" content=\"Die unsicheren Cloud-Funktionen, vor denen schon lange gewarnt wird, erm\u00f6glichen Manipulationen der Video\u00fcberwachungssysteme der Endhersteller.\" \/>\n<meta name=\"robots\" content=\"index, follow, max-snippet:-1, max-image-preview:large, max-video-preview:-1\" \/>\n<link rel=\"canonical\" href=\"https:\/\/news.save.ch\/fr\/gefaehrlicher-zugriff-auf-videokameras\/\" \/>\n<meta property=\"og:locale\" content=\"fr_FR\" \/>\n<meta property=\"og:type\" content=\"article\" \/>\n<meta property=\"og:title\" content=\"Gef\u00e4hrlicher Zugriff auf Videokameras - Save\" \/>\n<meta property=\"og:description\" content=\"Die unsicheren Cloud-Funktionen, vor denen schon lange gewarnt wird, erm\u00f6glichen Manipulationen der Video\u00fcberwachungssysteme der Endhersteller.\" \/>\n<meta property=\"og:url\" content=\"https:\/\/news.save.ch\/fr\/gefaehrlicher-zugriff-auf-videokameras\/\" \/>\n<meta property=\"og:site_name\" content=\"Save\" \/>\n<meta property=\"article:published_time\" content=\"2018-11-05T13:08:15+00:00\" \/>\n<meta property=\"article:modified_time\" content=\"2023-03-14T07:59:20+00:00\" \/>\n<meta property=\"og:image\" content=\"https:\/\/news.save.ch\/wp-content\/uploads\/2018\/11\/Depositphotos_80733006_m-2015.jpg\" \/>\n\t<meta property=\"og:image:width\" content=\"999\" \/>\n\t<meta property=\"og:image:height\" content=\"662\" \/>\n\t<meta property=\"og:image:type\" content=\"image\/jpeg\" \/>\n<meta name=\"author\" content=\"Roger Str\u00e4ssle\" \/>\n<meta name=\"twitter:card\" content=\"summary_large_image\" \/>\n<meta name=\"twitter:label1\" content=\"\u00c9crit par\" \/>\n\t<meta name=\"twitter:data1\" content=\"Roger Str\u00e4ssle\" \/>\n\t<meta name=\"twitter:label2\" content=\"Dur\u00e9e de lecture estim\u00e9e\" \/>\n\t<meta name=\"twitter:data2\" content=\"1 minute\" \/>\n<script type=\"application\/ld+json\" class=\"yoast-schema-graph\">{\"@context\":\"https:\\\/\\\/schema.org\",\"@graph\":[{\"@type\":\"Article\",\"@id\":\"https:\\\/\\\/news.save.ch\\\/gefaehrlicher-zugriff-auf-videokameras\\\/#article\",\"isPartOf\":{\"@id\":\"https:\\\/\\\/news.save.ch\\\/gefaehrlicher-zugriff-auf-videokameras\\\/\"},\"author\":{\"name\":\"Roger Str\u00e4ssle\",\"@id\":\"https:\\\/\\\/news.save.ch\\\/de\\\/#\\\/schema\\\/person\\\/d5022db048e0e2b9785c50e5b24da5aa\"},\"headline\":\"Gef\u00e4hrlicher Zugriff auf Videokameras\",\"datePublished\":\"2018-11-05T13:08:15+00:00\",\"dateModified\":\"2023-03-14T07:59:20+00:00\",\"mainEntityOfPage\":{\"@id\":\"https:\\\/\\\/news.save.ch\\\/gefaehrlicher-zugriff-auf-videokameras\\\/\"},\"wordCount\":257,\"commentCount\":0,\"publisher\":{\"@id\":\"https:\\\/\\\/news.save.ch\\\/de\\\/#organization\"},\"image\":{\"@id\":\"https:\\\/\\\/news.save.ch\\\/gefaehrlicher-zugriff-auf-videokameras\\\/#primaryimage\"},\"thumbnailUrl\":\"https:\\\/\\\/news.save.ch\\\/wp-content\\\/uploads\\\/2018\\\/11\\\/Depositphotos_80733006_m-2015.jpg\",\"keywords\":[\"ICT-Sicherheit\",\"Video-Security\",\"Video\u00fcberwachung\"],\"articleSection\":[\"SICHERHEIT\"],\"inLanguage\":\"fr-FR\"},{\"@type\":\"WebPage\",\"@id\":\"https:\\\/\\\/news.save.ch\\\/gefaehrlicher-zugriff-auf-videokameras\\\/\",\"url\":\"https:\\\/\\\/news.save.ch\\\/gefaehrlicher-zugriff-auf-videokameras\\\/\",\"name\":\"Gef\u00e4hrlicher Zugriff auf Videokameras - Save\",\"isPartOf\":{\"@id\":\"https:\\\/\\\/news.save.ch\\\/de\\\/#website\"},\"primaryImageOfPage\":{\"@id\":\"https:\\\/\\\/news.save.ch\\\/gefaehrlicher-zugriff-auf-videokameras\\\/#primaryimage\"},\"image\":{\"@id\":\"https:\\\/\\\/news.save.ch\\\/gefaehrlicher-zugriff-auf-videokameras\\\/#primaryimage\"},\"thumbnailUrl\":\"https:\\\/\\\/news.save.ch\\\/wp-content\\\/uploads\\\/2018\\\/11\\\/Depositphotos_80733006_m-2015.jpg\",\"datePublished\":\"2018-11-05T13:08:15+00:00\",\"dateModified\":\"2023-03-14T07:59:20+00:00\",\"description\":\"Die unsicheren Cloud-Funktionen, vor denen schon lange gewarnt wird, erm\u00f6glichen Manipulationen der Video\u00fcberwachungssysteme der Endhersteller.\",\"breadcrumb\":{\"@id\":\"https:\\\/\\\/news.save.ch\\\/gefaehrlicher-zugriff-auf-videokameras\\\/#breadcrumb\"},\"inLanguage\":\"fr-FR\",\"potentialAction\":[{\"@type\":\"ReadAction\",\"target\":[\"https:\\\/\\\/news.save.ch\\\/gefaehrlicher-zugriff-auf-videokameras\\\/\"]}]},{\"@type\":\"ImageObject\",\"inLanguage\":\"fr-FR\",\"@id\":\"https:\\\/\\\/news.save.ch\\\/gefaehrlicher-zugriff-auf-videokameras\\\/#primaryimage\",\"url\":\"https:\\\/\\\/news.save.ch\\\/wp-content\\\/uploads\\\/2018\\\/11\\\/Depositphotos_80733006_m-2015.jpg\",\"contentUrl\":\"https:\\\/\\\/news.save.ch\\\/wp-content\\\/uploads\\\/2018\\\/11\\\/Depositphotos_80733006_m-2015.jpg\",\"width\":999,\"height\":662,\"caption\":\"\u00a9 depositphotos, kwanchaidp\"},{\"@type\":\"BreadcrumbList\",\"@id\":\"https:\\\/\\\/news.save.ch\\\/gefaehrlicher-zugriff-auf-videokameras\\\/#breadcrumb\",\"itemListElement\":[{\"@type\":\"ListItem\",\"position\":1,\"name\":\"Home\",\"item\":\"https:\\\/\\\/news.save.ch\\\/de\\\/\"},{\"@type\":\"ListItem\",\"position\":2,\"name\":\"Gef\u00e4hrlicher Zugriff auf Videokameras\"}]},{\"@type\":\"WebSite\",\"@id\":\"https:\\\/\\\/news.save.ch\\\/de\\\/#website\",\"url\":\"https:\\\/\\\/news.save.ch\\\/de\\\/\",\"name\":\"Save\",\"description\":\"Schweizer Fachzeitschrift f\u00fcr Sicherheit\",\"publisher\":{\"@id\":\"https:\\\/\\\/news.save.ch\\\/de\\\/#organization\"},\"potentialAction\":[{\"@type\":\"SearchAction\",\"target\":{\"@type\":\"EntryPoint\",\"urlTemplate\":\"https:\\\/\\\/news.save.ch\\\/de\\\/?s={search_term_string}\"},\"query-input\":{\"@type\":\"PropertyValueSpecification\",\"valueRequired\":true,\"valueName\":\"search_term_string\"}}],\"inLanguage\":\"fr-FR\"},{\"@type\":\"Organization\",\"@id\":\"https:\\\/\\\/news.save.ch\\\/de\\\/#organization\",\"name\":\"Sicherheitsforum\",\"url\":\"https:\\\/\\\/news.save.ch\\\/de\\\/\",\"logo\":{\"@type\":\"ImageObject\",\"inLanguage\":\"fr-FR\",\"@id\":\"https:\\\/\\\/news.save.ch\\\/de\\\/#\\\/schema\\\/logo\\\/image\\\/\",\"url\":\"https:\\\/\\\/news.save.ch\\\/wp-content\\\/uploads\\\/2022\\\/06\\\/Logo_SF_2012.png\",\"contentUrl\":\"https:\\\/\\\/news.save.ch\\\/wp-content\\\/uploads\\\/2022\\\/06\\\/Logo_SF_2012.png\",\"width\":1100,\"height\":91,\"caption\":\"Sicherheitsforum\"},\"image\":{\"@id\":\"https:\\\/\\\/news.save.ch\\\/de\\\/#\\\/schema\\\/logo\\\/image\\\/\"}},{\"@type\":\"Person\",\"@id\":\"https:\\\/\\\/news.save.ch\\\/de\\\/#\\\/schema\\\/person\\\/d5022db048e0e2b9785c50e5b24da5aa\",\"name\":\"Roger Str\u00e4ssle\",\"image\":{\"@type\":\"ImageObject\",\"inLanguage\":\"fr-FR\",\"@id\":\"https:\\\/\\\/secure.gravatar.com\\\/avatar\\\/862a5569d087de48e5856e32f45d719a03804c891d6deb8d4f71a660e79e4a47?s=96&d=mm&r=g\",\"url\":\"https:\\\/\\\/secure.gravatar.com\\\/avatar\\\/862a5569d087de48e5856e32f45d719a03804c891d6deb8d4f71a660e79e4a47?s=96&d=mm&r=g\",\"contentUrl\":\"https:\\\/\\\/secure.gravatar.com\\\/avatar\\\/862a5569d087de48e5856e32f45d719a03804c891d6deb8d4f71a660e79e4a47?s=96&d=mm&r=g\",\"caption\":\"Roger Str\u00e4ssle\"},\"url\":\"https:\\\/\\\/news.save.ch\\\/fr\\\/author\\\/roger-straessle\\\/\"}]}<\/script>\n<!-- \/ Yoast SEO plugin. -->","yoast_head_json":{"title":"Acc\u00e8s dangereux aux cam\u00e9ras vid\u00e9o - Save","description":"Les fonctions cloud non s\u00e9curis\u00e9es, contre lesquelles on met en garde depuis longtemps, permettent de manipuler les syst\u00e8mes de vid\u00e9osurveillance des fabricants finaux.","robots":{"index":"index","follow":"follow","max-snippet":"max-snippet:-1","max-image-preview":"max-image-preview:large","max-video-preview":"max-video-preview:-1"},"canonical":"https:\/\/news.save.ch\/fr\/gefaehrlicher-zugriff-auf-videokameras\/","og_locale":"fr_FR","og_type":"article","og_title":"Gef\u00e4hrlicher Zugriff auf Videokameras - Save","og_description":"Die unsicheren Cloud-Funktionen, vor denen schon lange gewarnt wird, erm\u00f6glichen Manipulationen der Video\u00fcberwachungssysteme der Endhersteller.","og_url":"https:\/\/news.save.ch\/fr\/gefaehrlicher-zugriff-auf-videokameras\/","og_site_name":"Save","article_published_time":"2018-11-05T13:08:15+00:00","article_modified_time":"2023-03-14T07:59:20+00:00","og_image":[{"width":999,"height":662,"url":"https:\/\/news.save.ch\/wp-content\/uploads\/2018\/11\/Depositphotos_80733006_m-2015.jpg","type":"image\/jpeg"}],"author":"Roger Str\u00e4ssle","twitter_card":"summary_large_image","twitter_misc":{"\u00c9crit par":"Roger Str\u00e4ssle","Dur\u00e9e de lecture estim\u00e9e":"1 minute"},"schema":{"@context":"https:\/\/schema.org","@graph":[{"@type":"Article","@id":"https:\/\/news.save.ch\/gefaehrlicher-zugriff-auf-videokameras\/#article","isPartOf":{"@id":"https:\/\/news.save.ch\/gefaehrlicher-zugriff-auf-videokameras\/"},"author":{"name":"Roger Str\u00e4ssle","@id":"https:\/\/news.save.ch\/de\/#\/schema\/person\/d5022db048e0e2b9785c50e5b24da5aa"},"headline":"Gef\u00e4hrlicher Zugriff auf Videokameras","datePublished":"2018-11-05T13:08:15+00:00","dateModified":"2023-03-14T07:59:20+00:00","mainEntityOfPage":{"@id":"https:\/\/news.save.ch\/gefaehrlicher-zugriff-auf-videokameras\/"},"wordCount":257,"commentCount":0,"publisher":{"@id":"https:\/\/news.save.ch\/de\/#organization"},"image":{"@id":"https:\/\/news.save.ch\/gefaehrlicher-zugriff-auf-videokameras\/#primaryimage"},"thumbnailUrl":"https:\/\/news.save.ch\/wp-content\/uploads\/2018\/11\/Depositphotos_80733006_m-2015.jpg","keywords":["ICT-Sicherheit","Video-Security","Video\u00fcberwachung"],"articleSection":["SICHERHEIT"],"inLanguage":"fr-FR"},{"@type":"WebPage","@id":"https:\/\/news.save.ch\/gefaehrlicher-zugriff-auf-videokameras\/","url":"https:\/\/news.save.ch\/gefaehrlicher-zugriff-auf-videokameras\/","name":"Acc\u00e8s dangereux aux cam\u00e9ras vid\u00e9o - Save","isPartOf":{"@id":"https:\/\/news.save.ch\/de\/#website"},"primaryImageOfPage":{"@id":"https:\/\/news.save.ch\/gefaehrlicher-zugriff-auf-videokameras\/#primaryimage"},"image":{"@id":"https:\/\/news.save.ch\/gefaehrlicher-zugriff-auf-videokameras\/#primaryimage"},"thumbnailUrl":"https:\/\/news.save.ch\/wp-content\/uploads\/2018\/11\/Depositphotos_80733006_m-2015.jpg","datePublished":"2018-11-05T13:08:15+00:00","dateModified":"2023-03-14T07:59:20+00:00","description":"Les fonctions cloud non s\u00e9curis\u00e9es, contre lesquelles on met en garde depuis longtemps, permettent de manipuler les syst\u00e8mes de vid\u00e9osurveillance des fabricants finaux.","breadcrumb":{"@id":"https:\/\/news.save.ch\/gefaehrlicher-zugriff-auf-videokameras\/#breadcrumb"},"inLanguage":"fr-FR","potentialAction":[{"@type":"ReadAction","target":["https:\/\/news.save.ch\/gefaehrlicher-zugriff-auf-videokameras\/"]}]},{"@type":"ImageObject","inLanguage":"fr-FR","@id":"https:\/\/news.save.ch\/gefaehrlicher-zugriff-auf-videokameras\/#primaryimage","url":"https:\/\/news.save.ch\/wp-content\/uploads\/2018\/11\/Depositphotos_80733006_m-2015.jpg","contentUrl":"https:\/\/news.save.ch\/wp-content\/uploads\/2018\/11\/Depositphotos_80733006_m-2015.jpg","width":999,"height":662,"caption":"\u00a9 depositphotos, kwanchaidp"},{"@type":"BreadcrumbList","@id":"https:\/\/news.save.ch\/gefaehrlicher-zugriff-auf-videokameras\/#breadcrumb","itemListElement":[{"@type":"ListItem","position":1,"name":"Home","item":"https:\/\/news.save.ch\/de\/"},{"@type":"ListItem","position":2,"name":"Gef\u00e4hrlicher Zugriff auf Videokameras"}]},{"@type":"WebSite","@id":"https:\/\/news.save.ch\/de\/#website","url":"https:\/\/news.save.ch\/de\/","name":"Save","description":"Revue suisse sp\u00e9cialis\u00e9e dans la s\u00e9curit\u00e9","publisher":{"@id":"https:\/\/news.save.ch\/de\/#organization"},"potentialAction":[{"@type":"SearchAction","target":{"@type":"EntryPoint","urlTemplate":"https:\/\/news.save.ch\/de\/?s={search_term_string}"},"query-input":{"@type":"PropertyValueSpecification","valueRequired":true,"valueName":"search_term_string"}}],"inLanguage":"fr-FR"},{"@type":"Organization","@id":"https:\/\/news.save.ch\/de\/#organization","name":"Forum sur la s\u00e9curit\u00e9","url":"https:\/\/news.save.ch\/de\/","logo":{"@type":"ImageObject","inLanguage":"fr-FR","@id":"https:\/\/news.save.ch\/de\/#\/schema\/logo\/image\/","url":"https:\/\/news.save.ch\/wp-content\/uploads\/2022\/06\/Logo_SF_2012.png","contentUrl":"https:\/\/news.save.ch\/wp-content\/uploads\/2022\/06\/Logo_SF_2012.png","width":1100,"height":91,"caption":"Sicherheitsforum"},"image":{"@id":"https:\/\/news.save.ch\/de\/#\/schema\/logo\/image\/"}},{"@type":"Person","@id":"https:\/\/news.save.ch\/de\/#\/schema\/person\/d5022db048e0e2b9785c50e5b24da5aa","name":"Roger Str\u00e4ssle","image":{"@type":"ImageObject","inLanguage":"fr-FR","@id":"https:\/\/secure.gravatar.com\/avatar\/862a5569d087de48e5856e32f45d719a03804c891d6deb8d4f71a660e79e4a47?s=96&d=mm&r=g","url":"https:\/\/secure.gravatar.com\/avatar\/862a5569d087de48e5856e32f45d719a03804c891d6deb8d4f71a660e79e4a47?s=96&d=mm&r=g","contentUrl":"https:\/\/secure.gravatar.com\/avatar\/862a5569d087de48e5856e32f45d719a03804c891d6deb8d4f71a660e79e4a47?s=96&d=mm&r=g","caption":"Roger Str\u00e4ssle"},"url":"https:\/\/news.save.ch\/fr\/author\/roger-straessle\/"}]}},"_links":{"self":[{"href":"https:\/\/news.save.ch\/fr\/wp-json\/wp\/v2\/posts\/7162","targetHints":{"allow":["GET"]}}],"collection":[{"href":"https:\/\/news.save.ch\/fr\/wp-json\/wp\/v2\/posts"}],"about":[{"href":"https:\/\/news.save.ch\/fr\/wp-json\/wp\/v2\/types\/post"}],"author":[{"embeddable":true,"href":"https:\/\/news.save.ch\/fr\/wp-json\/wp\/v2\/users\/8"}],"replies":[{"embeddable":true,"href":"https:\/\/news.save.ch\/fr\/wp-json\/wp\/v2\/comments?post=7162"}],"version-history":[{"count":1,"href":"https:\/\/news.save.ch\/fr\/wp-json\/wp\/v2\/posts\/7162\/revisions"}],"predecessor-version":[{"id":17921,"href":"https:\/\/news.save.ch\/fr\/wp-json\/wp\/v2\/posts\/7162\/revisions\/17921"}],"wp:featuredmedia":[{"embeddable":true,"href":"https:\/\/news.save.ch\/fr\/wp-json\/wp\/v2\/media\/7195"}],"wp:attachment":[{"href":"https:\/\/news.save.ch\/fr\/wp-json\/wp\/v2\/media?parent=7162"}],"wp:term":[{"taxonomy":"category","embeddable":true,"href":"https:\/\/news.save.ch\/fr\/wp-json\/wp\/v2\/categories?post=7162"},{"taxonomy":"post_tag","embeddable":true,"href":"https:\/\/news.save.ch\/fr\/wp-json\/wp\/v2\/tags?post=7162"}],"curies":[{"name":"wp","href":"https:\/\/api.w.org\/{rel}","templated":true}]}}