{"id":7268,"date":"2018-11-27T15:53:31","date_gmt":"2018-11-27T14:53:31","guid":{"rendered":"https:\/\/news.save.ch\/?p=7268"},"modified":"2018-11-27T15:53:31","modified_gmt":"2018-11-27T14:53:31","slug":"vssu-steht-weiterhin-zum-gesamtarbeitsvertrag","status":null,"type":"post","link":"https:\/\/news.save.ch\/fr\/vssu-steht-weiterhin-zum-gesamtarbeitsvertrag\/","title":{"rendered":"La VSSU reste attach\u00e9e \u00e0 la convention collective de travail"},"content":{"rendered":"<figure id=\"attachment_7269\" aria-describedby=\"caption-attachment-7269\" style=\"width: 680px\" class=\"wp-caption aligncenter\"><img loading=\"lazy\" decoding=\"async\" class=\"size-medium wp-image-7269\" src=\"https:\/\/news.save.ch\/wp-content\/uploads\/2018\/11\/Depositphotos_151248194_m-2015.jpg\" alt=\"\" width=\"680\" height=\"454\" srcset=\"https:\/\/news.save.ch\/wp-content\/uploads\/2018\/11\/Depositphotos_151248194_m-2015.jpg 999w, https:\/\/news.save.ch\/wp-content\/uploads\/2018\/11\/Depositphotos_151248194_m-2015-375x250.jpg 375w\" sizes=\"auto, (max-width: 680px) 100vw, 680px\" \/><figcaption id=\"caption-attachment-7269\" class=\"wp-caption-text\">\u00a9 depositphotos, Dmitry Poch<\/figcaption><\/figure>\n<p>&nbsp;<\/p>\n<p>Le site <a href=\"https:\/\/www.vssu.org\">VSSU<\/a> repr\u00e9sente depuis plus de 20 ans les int\u00e9r\u00eats du secteur des services de s\u00e9curit\u00e9 priv\u00e9e. Ses membres emploient environ 19'000 collaborateurs, ce qui correspond \u00e0 plus de 85% des travailleurs actifs dans la branche. Depuis sa cr\u00e9ation, la VSSU s'engage pour des conditions de travail progressistes et une bonne formation professionnelle continue, \u00e9crit l'association. Les membres sont pr\u00eats \u00e0 <a href=\"https:\/\/www.vssu.org\/Gesamtarbeitsvertrag\">CCT<\/a> et se battent en particulier pour le respect des salaires minimaux, comme l'indique en outre le communiqu\u00e9 de presse d'aujourd'hui.<\/p>\n<p>La CCT actuellement en vigueur dans la branche des services de s\u00e9curit\u00e9 priv\u00e9e expire fin juin 2019. La VSSU et le syndicat <a href=\"https:\/\/www.unia.ch\/de\/\">Unia<\/a> ont donc entam\u00e9 de nouvelles n\u00e9gociations il y a presque deux ans. Selon la VSSU, celles-ci sont actuellement bloqu\u00e9es, Unia ayant rejet\u00e9 la derni\u00e8re proposition de la VSSU, encore une fois remani\u00e9e.<\/p>\n<p><strong>Un signe clair en faveur du partenariat social<\/strong><\/p>\n<p>Nous regrettons cette \u00e9volution. En effet, malgr\u00e9 un contexte de march\u00e9 difficile avec des prix et des marges en baisse, la VSSU a essay\u00e9 de prendre en compte les revendications d'Unia et des collaborateurs qu'elle repr\u00e9sente de mani\u00e8re compatible avec la branche. La VSSU s'en tient en particulier au syst\u00e8me salarial actuel : celui-ci garantit \u00e0 la plupart des collaborateurs des augmentations de salaire automatiques annuelles. Pour la cat\u00e9gorie salariale la plus \u00e9lev\u00e9e, cela repr\u00e9sente par exemple plus de 16% apr\u00e8s dix ans de service. La VSSU a en outre propos\u00e9 des am\u00e9liorations cibl\u00e9es dans le cadre des n\u00e9gociations actuelles : des augmentations de salaire automatiques seraient ainsi garanties aux collaborateurs fid\u00e8les des cat\u00e9gories salariales inf\u00e9rieures \u00e0 partir de la cinqui\u00e8me ou de la septi\u00e8me ann\u00e9e de service. En outre, nous sommes \u00e9galement pr\u00eats \u00e0 introduire un suppl\u00e9ment de salaire pour les sp\u00e9cialistes.<\/p>\n<p>En outre, la volont\u00e9 est de permettre un contr\u00f4le plus important par la commission paritaire gr\u00e2ce \u00e0 des cotisations patronales plus \u00e9lev\u00e9es. Des am\u00e9liorations suppl\u00e9mentaires - par exemple dans le domaine des commissions d'entreprise, de la formation, des heures suppl\u00e9mentaires et de l'introduction d'un cong\u00e9 de paternit\u00e9 plus long - compl\u00e8teraient l'offre de la VSSU pour la CCT 2019.<\/p>\n<p>Nous sommes d'avis qu'avec cette offre, nous avons donn\u00e9 un signal clair en faveur du partenariat social. L'association continue \u00e0 s'engager pour que les n\u00e9gociations pour une nouvelle CCT 2019 aboutissent, conclut la VSSU.<\/p>\n<p>&nbsp;<\/p>\n<p>&nbsp;<\/p>","protected":false},"excerpt":{"rendered":"<p>&nbsp; Der VSSU vertritt seit mehr als 20 Jahren die Interessen der privaten Sicherheitsdienstleistungsbranche. Seine Mitglieder besch\u00e4ftigen rund 19&#8217;000 Mitarbeitende, was mehr als 85% der in der Branche aktiven Arbeitnehmer entspricht. Der VSSU setze sich seit seiner Gr\u00fcndung f\u00fcr fortschrittliche Arbeitsbedingungen und eine gute berufliche Weiterbildung ein, schreibt der Verband. Die Mitglieder stehen zum GAV [&hellip;]<\/p>\n","protected":false},"author":8,"featured_media":7269,"comment_status":"open","ping_status":"open","sticky":false,"template":"","format":"standard","meta":{"_acf_changed":false,"pgc_sgb_lightbox_settings":"","footnotes":""},"categories":[1],"tags":[423,66,331],"class_list":["post-7268","post","type-post","status-publish","format-standard","has-post-thumbnail","hentry","category-allgemein","tag-gav","tag-verbaende","tag-vssu"],"acf":[],"hkrextid":null,"publication":null,"issue":null,"workflow":null,"startPage":null,"spitzmarke":null,"_posts_by_tag_page_fields":{"widget_title":"","widget_tags":""},"_at_widget":"1","_yoast_wpseo_primary_category":"","_yoast_wpseo_focuskw_text_input":"VSSU","_yoast_wpseo_opengraph-image":null,"_yoast_wpseo_opengraph-description":null,"_yoast_wpseo_opengraph-title":null,"enclosure":null,"_yoast_wpseo_twitter-title":null,"_yoast_wpseo_twitter-description":null,"_yoast_wpseo_twitter-image":null,"_wp_old_slug":null,"_yoast_wpseo_title":null,"_yoast_wpseo_canonical":null,"yoast_head":"<!-- This site is optimized with the Yoast SEO plugin v27.5 - https:\/\/yoast.com\/product\/yoast-seo-wordpress\/ -->\n<title>VSSU steht weiterhin zum Gesamtarbeitsvertrag - Save<\/title>\n<meta name=\"description\" content=\"Der VSSU will die langj\u00e4hrige Sozialpartnerschaft in der Branche fortsetzen. Er setzt sich deswegen f\u00fcr eine Weiterf\u00fchrung des GAV ein.\" \/>\n<meta name=\"robots\" content=\"index, follow, max-snippet:-1, max-image-preview:large, max-video-preview:-1\" \/>\n<link rel=\"canonical\" href=\"https:\/\/news.save.ch\/fr\/vssu-steht-weiterhin-zum-gesamtarbeitsvertrag\/\" \/>\n<meta property=\"og:locale\" content=\"fr_FR\" \/>\n<meta property=\"og:type\" content=\"article\" \/>\n<meta property=\"og:title\" content=\"VSSU steht weiterhin zum Gesamtarbeitsvertrag - Save\" \/>\n<meta property=\"og:description\" content=\"Der VSSU will die langj\u00e4hrige Sozialpartnerschaft in der Branche fortsetzen. Er setzt sich deswegen f\u00fcr eine Weiterf\u00fchrung des GAV ein.\" \/>\n<meta property=\"og:url\" content=\"https:\/\/news.save.ch\/fr\/vssu-steht-weiterhin-zum-gesamtarbeitsvertrag\/\" \/>\n<meta property=\"og:site_name\" content=\"Save\" \/>\n<meta property=\"article:published_time\" content=\"2018-11-27T14:53:31+00:00\" \/>\n<meta property=\"og:image\" content=\"https:\/\/news.save.ch\/wp-content\/uploads\/2018\/11\/Depositphotos_151248194_m-2015.jpg\" \/>\n\t<meta property=\"og:image:width\" content=\"999\" \/>\n\t<meta property=\"og:image:height\" content=\"667\" \/>\n\t<meta property=\"og:image:type\" content=\"image\/jpeg\" \/>\n<meta name=\"author\" content=\"Roger Str\u00e4ssle\" \/>\n<meta name=\"twitter:card\" content=\"summary_large_image\" \/>\n<meta name=\"twitter:label1\" content=\"\u00c9crit par\" \/>\n\t<meta name=\"twitter:data1\" content=\"Roger Str\u00e4ssle\" \/>\n\t<meta name=\"twitter:label2\" content=\"Dur\u00e9e de lecture estim\u00e9e\" \/>\n\t<meta name=\"twitter:data2\" content=\"2 minutes\" \/>\n<script type=\"application\/ld+json\" class=\"yoast-schema-graph\">{\"@context\":\"https:\\\/\\\/schema.org\",\"@graph\":[{\"@type\":\"Article\",\"@id\":\"https:\\\/\\\/news.save.ch\\\/vssu-steht-weiterhin-zum-gesamtarbeitsvertrag\\\/#article\",\"isPartOf\":{\"@id\":\"https:\\\/\\\/news.save.ch\\\/vssu-steht-weiterhin-zum-gesamtarbeitsvertrag\\\/\"},\"author\":{\"name\":\"Roger Str\u00e4ssle\",\"@id\":\"https:\\\/\\\/news.save.ch\\\/de\\\/#\\\/schema\\\/person\\\/d5022db048e0e2b9785c50e5b24da5aa\"},\"headline\":\"VSSU steht weiterhin zum Gesamtarbeitsvertrag\",\"datePublished\":\"2018-11-27T14:53:31+00:00\",\"mainEntityOfPage\":{\"@id\":\"https:\\\/\\\/news.save.ch\\\/vssu-steht-weiterhin-zum-gesamtarbeitsvertrag\\\/\"},\"wordCount\":353,\"commentCount\":0,\"publisher\":{\"@id\":\"https:\\\/\\\/news.save.ch\\\/de\\\/#organization\"},\"image\":{\"@id\":\"https:\\\/\\\/news.save.ch\\\/vssu-steht-weiterhin-zum-gesamtarbeitsvertrag\\\/#primaryimage\"},\"thumbnailUrl\":\"https:\\\/\\\/news.save.ch\\\/wp-content\\\/uploads\\\/2018\\\/11\\\/Depositphotos_151248194_m-2015.jpg\",\"keywords\":[\"GAV\",\"Verb\u00e4nde\",\"VSSU\"],\"articleSection\":[\"ALLGEMEIN\"],\"inLanguage\":\"fr-FR\"},{\"@type\":\"WebPage\",\"@id\":\"https:\\\/\\\/news.save.ch\\\/vssu-steht-weiterhin-zum-gesamtarbeitsvertrag\\\/\",\"url\":\"https:\\\/\\\/news.save.ch\\\/vssu-steht-weiterhin-zum-gesamtarbeitsvertrag\\\/\",\"name\":\"VSSU steht weiterhin zum Gesamtarbeitsvertrag - Save\",\"isPartOf\":{\"@id\":\"https:\\\/\\\/news.save.ch\\\/de\\\/#website\"},\"primaryImageOfPage\":{\"@id\":\"https:\\\/\\\/news.save.ch\\\/vssu-steht-weiterhin-zum-gesamtarbeitsvertrag\\\/#primaryimage\"},\"image\":{\"@id\":\"https:\\\/\\\/news.save.ch\\\/vssu-steht-weiterhin-zum-gesamtarbeitsvertrag\\\/#primaryimage\"},\"thumbnailUrl\":\"https:\\\/\\\/news.save.ch\\\/wp-content\\\/uploads\\\/2018\\\/11\\\/Depositphotos_151248194_m-2015.jpg\",\"datePublished\":\"2018-11-27T14:53:31+00:00\",\"description\":\"Der VSSU will die langj\u00e4hrige Sozialpartnerschaft in der Branche fortsetzen. Er setzt sich deswegen f\u00fcr eine Weiterf\u00fchrung des GAV ein.\",\"breadcrumb\":{\"@id\":\"https:\\\/\\\/news.save.ch\\\/vssu-steht-weiterhin-zum-gesamtarbeitsvertrag\\\/#breadcrumb\"},\"inLanguage\":\"fr-FR\",\"potentialAction\":[{\"@type\":\"ReadAction\",\"target\":[\"https:\\\/\\\/news.save.ch\\\/vssu-steht-weiterhin-zum-gesamtarbeitsvertrag\\\/\"]}]},{\"@type\":\"ImageObject\",\"inLanguage\":\"fr-FR\",\"@id\":\"https:\\\/\\\/news.save.ch\\\/vssu-steht-weiterhin-zum-gesamtarbeitsvertrag\\\/#primaryimage\",\"url\":\"https:\\\/\\\/news.save.ch\\\/wp-content\\\/uploads\\\/2018\\\/11\\\/Depositphotos_151248194_m-2015.jpg\",\"contentUrl\":\"https:\\\/\\\/news.save.ch\\\/wp-content\\\/uploads\\\/2018\\\/11\\\/Depositphotos_151248194_m-2015.jpg\",\"width\":999,\"height\":667,\"caption\":\"\u00a9 depositphotos, DmitryPoch\"},{\"@type\":\"BreadcrumbList\",\"@id\":\"https:\\\/\\\/news.save.ch\\\/vssu-steht-weiterhin-zum-gesamtarbeitsvertrag\\\/#breadcrumb\",\"itemListElement\":[{\"@type\":\"ListItem\",\"position\":1,\"name\":\"Home\",\"item\":\"https:\\\/\\\/news.save.ch\\\/de\\\/\"},{\"@type\":\"ListItem\",\"position\":2,\"name\":\"VSSU steht weiterhin zum Gesamtarbeitsvertrag\"}]},{\"@type\":\"WebSite\",\"@id\":\"https:\\\/\\\/news.save.ch\\\/de\\\/#website\",\"url\":\"https:\\\/\\\/news.save.ch\\\/de\\\/\",\"name\":\"Save\",\"description\":\"Schweizer Fachzeitschrift f\u00fcr Sicherheit\",\"publisher\":{\"@id\":\"https:\\\/\\\/news.save.ch\\\/de\\\/#organization\"},\"potentialAction\":[{\"@type\":\"SearchAction\",\"target\":{\"@type\":\"EntryPoint\",\"urlTemplate\":\"https:\\\/\\\/news.save.ch\\\/de\\\/?s={search_term_string}\"},\"query-input\":{\"@type\":\"PropertyValueSpecification\",\"valueRequired\":true,\"valueName\":\"search_term_string\"}}],\"inLanguage\":\"fr-FR\"},{\"@type\":\"Organization\",\"@id\":\"https:\\\/\\\/news.save.ch\\\/de\\\/#organization\",\"name\":\"Sicherheitsforum\",\"url\":\"https:\\\/\\\/news.save.ch\\\/de\\\/\",\"logo\":{\"@type\":\"ImageObject\",\"inLanguage\":\"fr-FR\",\"@id\":\"https:\\\/\\\/news.save.ch\\\/de\\\/#\\\/schema\\\/logo\\\/image\\\/\",\"url\":\"https:\\\/\\\/news.save.ch\\\/wp-content\\\/uploads\\\/2022\\\/06\\\/Logo_SF_2012.png\",\"contentUrl\":\"https:\\\/\\\/news.save.ch\\\/wp-content\\\/uploads\\\/2022\\\/06\\\/Logo_SF_2012.png\",\"width\":1100,\"height\":91,\"caption\":\"Sicherheitsforum\"},\"image\":{\"@id\":\"https:\\\/\\\/news.save.ch\\\/de\\\/#\\\/schema\\\/logo\\\/image\\\/\"}},{\"@type\":\"Person\",\"@id\":\"https:\\\/\\\/news.save.ch\\\/de\\\/#\\\/schema\\\/person\\\/d5022db048e0e2b9785c50e5b24da5aa\",\"name\":\"Roger Str\u00e4ssle\",\"image\":{\"@type\":\"ImageObject\",\"inLanguage\":\"fr-FR\",\"@id\":\"https:\\\/\\\/secure.gravatar.com\\\/avatar\\\/862a5569d087de48e5856e32f45d719a03804c891d6deb8d4f71a660e79e4a47?s=96&d=mm&r=g\",\"url\":\"https:\\\/\\\/secure.gravatar.com\\\/avatar\\\/862a5569d087de48e5856e32f45d719a03804c891d6deb8d4f71a660e79e4a47?s=96&d=mm&r=g\",\"contentUrl\":\"https:\\\/\\\/secure.gravatar.com\\\/avatar\\\/862a5569d087de48e5856e32f45d719a03804c891d6deb8d4f71a660e79e4a47?s=96&d=mm&r=g\",\"caption\":\"Roger Str\u00e4ssle\"},\"url\":\"https:\\\/\\\/news.save.ch\\\/fr\\\/author\\\/roger-straessle\\\/\"}]}<\/script>\n<!-- \/ Yoast SEO plugin. -->","yoast_head_json":{"title":"La VSSU reste fid\u00e8le \u00e0 la convention collective de travail - Save","description":"La VSSU veut poursuivre le partenariat social de longue date dans la branche. C'est pourquoi elle s'engage en faveur de la reconduction de la CCT.","robots":{"index":"index","follow":"follow","max-snippet":"max-snippet:-1","max-image-preview":"max-image-preview:large","max-video-preview":"max-video-preview:-1"},"canonical":"https:\/\/news.save.ch\/fr\/vssu-steht-weiterhin-zum-gesamtarbeitsvertrag\/","og_locale":"fr_FR","og_type":"article","og_title":"VSSU steht weiterhin zum Gesamtarbeitsvertrag - Save","og_description":"Der VSSU will die langj\u00e4hrige Sozialpartnerschaft in der Branche fortsetzen. Er setzt sich deswegen f\u00fcr eine Weiterf\u00fchrung des GAV ein.","og_url":"https:\/\/news.save.ch\/fr\/vssu-steht-weiterhin-zum-gesamtarbeitsvertrag\/","og_site_name":"Save","article_published_time":"2018-11-27T14:53:31+00:00","og_image":[{"width":999,"height":667,"url":"https:\/\/news.save.ch\/wp-content\/uploads\/2018\/11\/Depositphotos_151248194_m-2015.jpg","type":"image\/jpeg"}],"author":"Roger Str\u00e4ssle","twitter_card":"summary_large_image","twitter_misc":{"\u00c9crit par":"Roger Str\u00e4ssle","Dur\u00e9e de lecture estim\u00e9e":"2 minutes"},"schema":{"@context":"https:\/\/schema.org","@graph":[{"@type":"Article","@id":"https:\/\/news.save.ch\/vssu-steht-weiterhin-zum-gesamtarbeitsvertrag\/#article","isPartOf":{"@id":"https:\/\/news.save.ch\/vssu-steht-weiterhin-zum-gesamtarbeitsvertrag\/"},"author":{"name":"Roger Str\u00e4ssle","@id":"https:\/\/news.save.ch\/de\/#\/schema\/person\/d5022db048e0e2b9785c50e5b24da5aa"},"headline":"VSSU steht weiterhin zum Gesamtarbeitsvertrag","datePublished":"2018-11-27T14:53:31+00:00","mainEntityOfPage":{"@id":"https:\/\/news.save.ch\/vssu-steht-weiterhin-zum-gesamtarbeitsvertrag\/"},"wordCount":353,"commentCount":0,"publisher":{"@id":"https:\/\/news.save.ch\/de\/#organization"},"image":{"@id":"https:\/\/news.save.ch\/vssu-steht-weiterhin-zum-gesamtarbeitsvertrag\/#primaryimage"},"thumbnailUrl":"https:\/\/news.save.ch\/wp-content\/uploads\/2018\/11\/Depositphotos_151248194_m-2015.jpg","keywords":["GAV","Verb\u00e4nde","VSSU"],"articleSection":["ALLGEMEIN"],"inLanguage":"fr-FR"},{"@type":"WebPage","@id":"https:\/\/news.save.ch\/vssu-steht-weiterhin-zum-gesamtarbeitsvertrag\/","url":"https:\/\/news.save.ch\/vssu-steht-weiterhin-zum-gesamtarbeitsvertrag\/","name":"La VSSU reste fid\u00e8le \u00e0 la convention collective de travail - Save","isPartOf":{"@id":"https:\/\/news.save.ch\/de\/#website"},"primaryImageOfPage":{"@id":"https:\/\/news.save.ch\/vssu-steht-weiterhin-zum-gesamtarbeitsvertrag\/#primaryimage"},"image":{"@id":"https:\/\/news.save.ch\/vssu-steht-weiterhin-zum-gesamtarbeitsvertrag\/#primaryimage"},"thumbnailUrl":"https:\/\/news.save.ch\/wp-content\/uploads\/2018\/11\/Depositphotos_151248194_m-2015.jpg","datePublished":"2018-11-27T14:53:31+00:00","description":"La VSSU veut poursuivre le partenariat social de longue date dans la branche. C'est pourquoi elle s'engage en faveur de la reconduction de la CCT.","breadcrumb":{"@id":"https:\/\/news.save.ch\/vssu-steht-weiterhin-zum-gesamtarbeitsvertrag\/#breadcrumb"},"inLanguage":"fr-FR","potentialAction":[{"@type":"ReadAction","target":["https:\/\/news.save.ch\/vssu-steht-weiterhin-zum-gesamtarbeitsvertrag\/"]}]},{"@type":"ImageObject","inLanguage":"fr-FR","@id":"https:\/\/news.save.ch\/vssu-steht-weiterhin-zum-gesamtarbeitsvertrag\/#primaryimage","url":"https:\/\/news.save.ch\/wp-content\/uploads\/2018\/11\/Depositphotos_151248194_m-2015.jpg","contentUrl":"https:\/\/news.save.ch\/wp-content\/uploads\/2018\/11\/Depositphotos_151248194_m-2015.jpg","width":999,"height":667,"caption":"\u00a9 depositphotos, DmitryPoch"},{"@type":"BreadcrumbList","@id":"https:\/\/news.save.ch\/vssu-steht-weiterhin-zum-gesamtarbeitsvertrag\/#breadcrumb","itemListElement":[{"@type":"ListItem","position":1,"name":"Home","item":"https:\/\/news.save.ch\/de\/"},{"@type":"ListItem","position":2,"name":"VSSU steht weiterhin zum Gesamtarbeitsvertrag"}]},{"@type":"WebSite","@id":"https:\/\/news.save.ch\/de\/#website","url":"https:\/\/news.save.ch\/de\/","name":"Save","description":"Revue suisse sp\u00e9cialis\u00e9e dans la s\u00e9curit\u00e9","publisher":{"@id":"https:\/\/news.save.ch\/de\/#organization"},"potentialAction":[{"@type":"SearchAction","target":{"@type":"EntryPoint","urlTemplate":"https:\/\/news.save.ch\/de\/?s={search_term_string}"},"query-input":{"@type":"PropertyValueSpecification","valueRequired":true,"valueName":"search_term_string"}}],"inLanguage":"fr-FR"},{"@type":"Organization","@id":"https:\/\/news.save.ch\/de\/#organization","name":"Forum sur la s\u00e9curit\u00e9","url":"https:\/\/news.save.ch\/de\/","logo":{"@type":"ImageObject","inLanguage":"fr-FR","@id":"https:\/\/news.save.ch\/de\/#\/schema\/logo\/image\/","url":"https:\/\/news.save.ch\/wp-content\/uploads\/2022\/06\/Logo_SF_2012.png","contentUrl":"https:\/\/news.save.ch\/wp-content\/uploads\/2022\/06\/Logo_SF_2012.png","width":1100,"height":91,"caption":"Sicherheitsforum"},"image":{"@id":"https:\/\/news.save.ch\/de\/#\/schema\/logo\/image\/"}},{"@type":"Person","@id":"https:\/\/news.save.ch\/de\/#\/schema\/person\/d5022db048e0e2b9785c50e5b24da5aa","name":"Roger Str\u00e4ssle","image":{"@type":"ImageObject","inLanguage":"fr-FR","@id":"https:\/\/secure.gravatar.com\/avatar\/862a5569d087de48e5856e32f45d719a03804c891d6deb8d4f71a660e79e4a47?s=96&d=mm&r=g","url":"https:\/\/secure.gravatar.com\/avatar\/862a5569d087de48e5856e32f45d719a03804c891d6deb8d4f71a660e79e4a47?s=96&d=mm&r=g","contentUrl":"https:\/\/secure.gravatar.com\/avatar\/862a5569d087de48e5856e32f45d719a03804c891d6deb8d4f71a660e79e4a47?s=96&d=mm&r=g","caption":"Roger Str\u00e4ssle"},"url":"https:\/\/news.save.ch\/fr\/author\/roger-straessle\/"}]}},"_links":{"self":[{"href":"https:\/\/news.save.ch\/fr\/wp-json\/wp\/v2\/posts\/7268","targetHints":{"allow":["GET"]}}],"collection":[{"href":"https:\/\/news.save.ch\/fr\/wp-json\/wp\/v2\/posts"}],"about":[{"href":"https:\/\/news.save.ch\/fr\/wp-json\/wp\/v2\/types\/post"}],"author":[{"embeddable":true,"href":"https:\/\/news.save.ch\/fr\/wp-json\/wp\/v2\/users\/8"}],"replies":[{"embeddable":true,"href":"https:\/\/news.save.ch\/fr\/wp-json\/wp\/v2\/comments?post=7268"}],"version-history":[{"count":0,"href":"https:\/\/news.save.ch\/fr\/wp-json\/wp\/v2\/posts\/7268\/revisions"}],"wp:featuredmedia":[{"embeddable":true,"href":"https:\/\/news.save.ch\/fr\/wp-json\/wp\/v2\/media\/7269"}],"wp:attachment":[{"href":"https:\/\/news.save.ch\/fr\/wp-json\/wp\/v2\/media?parent=7268"}],"wp:term":[{"taxonomy":"category","embeddable":true,"href":"https:\/\/news.save.ch\/fr\/wp-json\/wp\/v2\/categories?post=7268"},{"taxonomy":"post_tag","embeddable":true,"href":"https:\/\/news.save.ch\/fr\/wp-json\/wp\/v2\/tags?post=7268"}],"curies":[{"name":"wp","href":"https:\/\/api.w.org\/{rel}","templated":true}]}}