{"id":7273,"date":"2018-11-28T16:45:24","date_gmt":"2018-11-28T15:45:24","guid":{"rendered":"https:\/\/news.save.ch\/?p=7273"},"modified":"2023-03-14T08:56:51","modified_gmt":"2023-03-14T07:56:51","slug":"isss-excellence-award-2018-fuer-it-und-informationssicherheit","status":null,"type":"post","link":"https:\/\/news.save.ch\/fr\/isss-excellence-award-2018-fuer-it-und-informationssicherheit\/","title":{"rendered":"Le prix ISSS de la s\u00e9curit\u00e9 informatique et de l'information a \u00e9t\u00e9 d\u00e9cern\u00e9"},"content":{"rendered":"<figure id=\"attachment_7274\" aria-describedby=\"caption-attachment-7274\" style=\"width: 680px\" class=\"wp-caption aligncenter\"><img loading=\"lazy\" decoding=\"async\" class=\"size-medium wp-image-7274\" src=\"https:\/\/news.save.ch\/wp-content\/uploads\/2018\/11\/Foto-Sieger-Award-2018-scaled-1.jpg\" alt=\"\" width=\"680\" height=\"438\" \/><figcaption id=\"caption-attachment-7274\" class=\"wp-caption-text\">De gauche \u00e0 droite : Eric Dubuis (pr\u00e9sident du OK Excellence Award), Julien Farine, Xavier Hennig, Damian Vizar et Umberto Annino, pr\u00e9sident de l'ISSS.  Photo : C. Albin, ISSS<\/figcaption><\/figure>\n<p>Le site <a href=\"https:\/\/www.isss.ch\/home\/\">ISSS\u00a0<\/a>Le prix d'excellence de la plus grande association de professionnels de la s\u00e9curit\u00e9 des TIC de Suisse r\u00e9compense chaque ann\u00e9e des travaux de bachelor, de master et de doctorat de premier ordre sur la s\u00e9curit\u00e9 informatique et de l'information. Il a \u00e9t\u00e9 remis le 27 novembre \u00e0 Zurich dans le cadre d'un ISSS Security Talk auquel ont particip\u00e9 environ 80 personnes. Cette ann\u00e9e, un travail de doctorat et un travail de bachelor se partagent le prix dot\u00e9 de 8'000 francs :<\/p>\n<p><strong>Damian Viz\u00e0r<\/strong>, EPFL, Facult\u00e9 Information et Communication, Laboratoire de S\u00e9curit\u00e9 et Cryptographie, pour son excellente th\u00e8se de doctorat \"Provably Secure Authenticated Encryption\". Le ton original du jury : Authenticated Encryption (AE) est une primitive cryptographique \u00e0 cl\u00e9 sym\u00e9trique qui assure la confidentialit\u00e9 et l'authenticit\u00e9 des messages trait\u00e9s en m\u00eame temps. Alors que la recherche sur l'AE a d\u00e9but\u00e9 d\u00e8s 2000, Damian Viz\u00e0r pr\u00e9sente dans sa th\u00e8se le premier sch\u00e9ma d'AE provocablement s\u00e9curis\u00e9 bas\u00e9 sur une fonction de compression, \u00e9value et discute de diverses autres approches propos\u00e9es par d'autres chercheurs et d\u00e9veloppe une nouvelle d\u00e9finition pour la s\u00e9curit\u00e9 en ligne bas\u00e9e sur l'AE. Avec ses coll\u00e8gues, il a soumis le sch\u00e9ma Offset Merkle-Damg\u00e5rd (OMD) au concours international CAESAR et l'a fait passer au deuxi\u00e8me des trois tours, avec un total de 57 concurrents. Le prix d'excellence de l'ISSS est attribu\u00e9 \u00e0 cette th\u00e8se bien \u00e9crite et excellente, qui fournit une multitude d'informations th\u00e9oriques et pratiques et aura un impact acad\u00e9mique significatif. Le montant attribu\u00e9 est de CHF 4'000.<\/p>\n<p><strong>Julien Farine et Xavier Hennig<\/strong>, Haute \u00e9cole sp\u00e9cialis\u00e9e bernoise, pour son excellent travail de bachelor \"Measuring Darknet Vendors Revenue Using Bitcoin Multisig Feature\". Le ton original du jury : \"Les blockchains ont de nombreuses applications potentielles dans un monde num\u00e9rique. Elles peuvent remplacer les services financiers traditionnels, r\u00e9volutionner la gestion de la cha\u00eene d'approvisionnement ou servir de technologie d'habilitation pour de nouveaux syst\u00e8mes de collecte de fonds. Sans surprise, la technologie blockchain a \u00e9galement \u00e9t\u00e9 adopt\u00e9e par les op\u00e9rateurs du darknet comme un moyen d'\u00e9tablir la confiance entre le fournisseur de biens, le dark market et l'acheteur. La caract\u00e9ristique \"multisig\" de l'architecture Bitcoin garantira que le paiement en Bitcoin ne sera lib\u00e9r\u00e9 pour le vendeur que lorsque la partie pr\u00e9c\u00e9dente de la transaction sera termin\u00e9e, confirm\u00e9e par les signatures de l'op\u00e9rateur de march\u00e9 et de l'acheteur. Les auteurs de cette th\u00e8se, cependant, ont not\u00e9 que cette propri\u00e9t\u00e9 peut \u00eatre utilis\u00e9e pour observer les transactions effectu\u00e9es sur les march\u00e9s noirs, et pour estimer le revenu g\u00e9n\u00e9r\u00e9 par les ventes sur les march\u00e9s noirs.<\/p>\n<p><em>Source : ISSS<\/em><\/p>","protected":false},"excerpt":{"rendered":"<p>Der ISSS\u00a0Excellence Award des schweizweit gr\u00f6ssten Verbandes von ICT Security Professionals zeichnet jeweils erstklassige Bachelor-, Master- und Doktorarbeiten zur IT- und Informationssicherheit aus. Er wurde am 27. November in Z\u00fcrich im Rahmen eines ISSS Security Talks mit rund 80 Teilnehmenden \u00fcberreicht. Der mit 8\u2018000 Franken dotierte Award teilen sich dieses Jahr eine Doktor- und eine [&hellip;]<\/p>\n","protected":false},"author":8,"featured_media":7274,"comment_status":"open","ping_status":"open","sticky":false,"template":"","format":"standard","meta":{"_acf_changed":false,"pgc_sgb_lightbox_settings":"","footnotes":""},"categories":[3313],"tags":[62,63],"class_list":["post-7273","post","type-post","status-publish","format-standard","has-post-thumbnail","hentry","category-digitalisierung","tag-ict-sicherheit","tag-it-security"],"acf":[],"hkrextid":null,"publication":null,"issue":null,"workflow":null,"startPage":null,"spitzmarke":null,"_posts_by_tag_page_fields":{"widget_title":"","widget_tags":""},"_at_widget":"1","_yoast_wpseo_primary_category":"2","_yoast_wpseo_focuskw_text_input":"ISSS","_yoast_wpseo_opengraph-image":null,"_yoast_wpseo_opengraph-description":null,"_yoast_wpseo_opengraph-title":null,"enclosure":null,"_yoast_wpseo_twitter-title":null,"_yoast_wpseo_twitter-description":null,"_yoast_wpseo_twitter-image":null,"_wp_old_slug":null,"_yoast_wpseo_title":null,"_yoast_wpseo_canonical":null,"yoast_head":"<!-- This site is optimized with the Yoast SEO plugin v27.5 - https:\/\/yoast.com\/product\/yoast-seo-wordpress\/ -->\n<title>ISSS-Award f\u00fcr IT- und Informationssicherheit verliehen - Save<\/title>\n<meta name=\"description\" content=\"Bereits zum sechsten Mal hat die Information Security Society Switzerland (ISSS) ihren \u201eISSS Excellence Award\u201c verliehen.\" \/>\n<meta name=\"robots\" content=\"index, follow, max-snippet:-1, max-image-preview:large, max-video-preview:-1\" \/>\n<link rel=\"canonical\" href=\"https:\/\/news.save.ch\/fr\/isss-excellence-award-2018-fuer-it-und-informationssicherheit\/\" \/>\n<meta property=\"og:locale\" content=\"fr_FR\" \/>\n<meta property=\"og:type\" content=\"article\" \/>\n<meta property=\"og:title\" content=\"ISSS-Award f\u00fcr IT- und Informationssicherheit verliehen - Save\" \/>\n<meta property=\"og:description\" content=\"Bereits zum sechsten Mal hat die Information Security Society Switzerland (ISSS) ihren \u201eISSS Excellence Award\u201c verliehen.\" \/>\n<meta property=\"og:url\" content=\"https:\/\/news.save.ch\/fr\/isss-excellence-award-2018-fuer-it-und-informationssicherheit\/\" \/>\n<meta property=\"og:site_name\" content=\"Save\" \/>\n<meta property=\"article:published_time\" content=\"2018-11-28T15:45:24+00:00\" \/>\n<meta property=\"article:modified_time\" content=\"2023-03-14T07:56:51+00:00\" \/>\n<meta property=\"og:image\" content=\"https:\/\/news.save.ch\/wp-content\/uploads\/2018\/11\/Foto-Sieger-Award-2018-scaled-1-scaled.jpg\" \/>\n\t<meta property=\"og:image:width\" content=\"1400\" \/>\n\t<meta property=\"og:image:height\" content=\"901\" \/>\n\t<meta property=\"og:image:type\" content=\"image\/jpeg\" \/>\n<meta name=\"author\" content=\"Roger Str\u00e4ssle\" \/>\n<meta name=\"twitter:card\" content=\"summary_large_image\" \/>\n<meta name=\"twitter:label1\" content=\"\u00c9crit par\" \/>\n\t<meta name=\"twitter:data1\" content=\"Roger Str\u00e4ssle\" \/>\n\t<meta name=\"twitter:label2\" content=\"Dur\u00e9e de lecture estim\u00e9e\" \/>\n\t<meta name=\"twitter:data2\" content=\"2 minutes\" \/>\n<script type=\"application\/ld+json\" class=\"yoast-schema-graph\">{\"@context\":\"https:\\\/\\\/schema.org\",\"@graph\":[{\"@type\":\"Article\",\"@id\":\"https:\\\/\\\/news.save.ch\\\/isss-excellence-award-2018-fuer-it-und-informationssicherheit\\\/#article\",\"isPartOf\":{\"@id\":\"https:\\\/\\\/news.save.ch\\\/isss-excellence-award-2018-fuer-it-und-informationssicherheit\\\/\"},\"author\":{\"name\":\"Roger Str\u00e4ssle\",\"@id\":\"https:\\\/\\\/news.save.ch\\\/de\\\/#\\\/schema\\\/person\\\/d5022db048e0e2b9785c50e5b24da5aa\"},\"headline\":\"ISSS-Award f\u00fcr IT- und Informationssicherheit verliehen\",\"datePublished\":\"2018-11-28T15:45:24+00:00\",\"dateModified\":\"2023-03-14T07:56:51+00:00\",\"mainEntityOfPage\":{\"@id\":\"https:\\\/\\\/news.save.ch\\\/isss-excellence-award-2018-fuer-it-und-informationssicherheit\\\/\"},\"wordCount\":409,\"commentCount\":0,\"publisher\":{\"@id\":\"https:\\\/\\\/news.save.ch\\\/de\\\/#organization\"},\"image\":{\"@id\":\"https:\\\/\\\/news.save.ch\\\/isss-excellence-award-2018-fuer-it-und-informationssicherheit\\\/#primaryimage\"},\"thumbnailUrl\":\"https:\\\/\\\/news.save.ch\\\/wp-content\\\/uploads\\\/2018\\\/11\\\/Foto-Sieger-Award-2018-scaled-1-scaled.jpg\",\"keywords\":[\"ICT-Sicherheit\",\"IT-SECURITY\"],\"articleSection\":[\"DIGITALISIERUNG\"],\"inLanguage\":\"fr-FR\"},{\"@type\":\"WebPage\",\"@id\":\"https:\\\/\\\/news.save.ch\\\/isss-excellence-award-2018-fuer-it-und-informationssicherheit\\\/\",\"url\":\"https:\\\/\\\/news.save.ch\\\/isss-excellence-award-2018-fuer-it-und-informationssicherheit\\\/\",\"name\":\"ISSS-Award f\u00fcr IT- und Informationssicherheit verliehen - Save\",\"isPartOf\":{\"@id\":\"https:\\\/\\\/news.save.ch\\\/de\\\/#website\"},\"primaryImageOfPage\":{\"@id\":\"https:\\\/\\\/news.save.ch\\\/isss-excellence-award-2018-fuer-it-und-informationssicherheit\\\/#primaryimage\"},\"image\":{\"@id\":\"https:\\\/\\\/news.save.ch\\\/isss-excellence-award-2018-fuer-it-und-informationssicherheit\\\/#primaryimage\"},\"thumbnailUrl\":\"https:\\\/\\\/news.save.ch\\\/wp-content\\\/uploads\\\/2018\\\/11\\\/Foto-Sieger-Award-2018-scaled-1-scaled.jpg\",\"datePublished\":\"2018-11-28T15:45:24+00:00\",\"dateModified\":\"2023-03-14T07:56:51+00:00\",\"description\":\"Bereits zum sechsten Mal hat die Information Security Society Switzerland (ISSS) ihren \u201eISSS Excellence Award\u201c verliehen.\",\"breadcrumb\":{\"@id\":\"https:\\\/\\\/news.save.ch\\\/isss-excellence-award-2018-fuer-it-und-informationssicherheit\\\/#breadcrumb\"},\"inLanguage\":\"fr-FR\",\"potentialAction\":[{\"@type\":\"ReadAction\",\"target\":[\"https:\\\/\\\/news.save.ch\\\/isss-excellence-award-2018-fuer-it-und-informationssicherheit\\\/\"]}]},{\"@type\":\"ImageObject\",\"inLanguage\":\"fr-FR\",\"@id\":\"https:\\\/\\\/news.save.ch\\\/isss-excellence-award-2018-fuer-it-und-informationssicherheit\\\/#primaryimage\",\"url\":\"https:\\\/\\\/news.save.ch\\\/wp-content\\\/uploads\\\/2018\\\/11\\\/Foto-Sieger-Award-2018-scaled-1-scaled.jpg\",\"contentUrl\":\"https:\\\/\\\/news.save.ch\\\/wp-content\\\/uploads\\\/2018\\\/11\\\/Foto-Sieger-Award-2018-scaled-1-scaled.jpg\",\"width\":1400,\"height\":901,\"caption\":\"V.l.: Eric Dubuis (Pr\u00e4sident OK Excellence Award), Julien Farine, Xavier Hennig, Damian Vizar und Umberto Annino (Pr\u00e4sident ISSS). Foto: C. Albin, ISSS\"},{\"@type\":\"BreadcrumbList\",\"@id\":\"https:\\\/\\\/news.save.ch\\\/isss-excellence-award-2018-fuer-it-und-informationssicherheit\\\/#breadcrumb\",\"itemListElement\":[{\"@type\":\"ListItem\",\"position\":1,\"name\":\"Home\",\"item\":\"https:\\\/\\\/news.save.ch\\\/de\\\/\"},{\"@type\":\"ListItem\",\"position\":2,\"name\":\"ISSS-Award f\u00fcr IT- und Informationssicherheit verliehen\"}]},{\"@type\":\"WebSite\",\"@id\":\"https:\\\/\\\/news.save.ch\\\/de\\\/#website\",\"url\":\"https:\\\/\\\/news.save.ch\\\/de\\\/\",\"name\":\"Save\",\"description\":\"Schweizer Fachzeitschrift f\u00fcr Sicherheit\",\"publisher\":{\"@id\":\"https:\\\/\\\/news.save.ch\\\/de\\\/#organization\"},\"potentialAction\":[{\"@type\":\"SearchAction\",\"target\":{\"@type\":\"EntryPoint\",\"urlTemplate\":\"https:\\\/\\\/news.save.ch\\\/de\\\/?s={search_term_string}\"},\"query-input\":{\"@type\":\"PropertyValueSpecification\",\"valueRequired\":true,\"valueName\":\"search_term_string\"}}],\"inLanguage\":\"fr-FR\"},{\"@type\":\"Organization\",\"@id\":\"https:\\\/\\\/news.save.ch\\\/de\\\/#organization\",\"name\":\"Sicherheitsforum\",\"url\":\"https:\\\/\\\/news.save.ch\\\/de\\\/\",\"logo\":{\"@type\":\"ImageObject\",\"inLanguage\":\"fr-FR\",\"@id\":\"https:\\\/\\\/news.save.ch\\\/de\\\/#\\\/schema\\\/logo\\\/image\\\/\",\"url\":\"https:\\\/\\\/news.save.ch\\\/wp-content\\\/uploads\\\/2022\\\/06\\\/Logo_SF_2012.png\",\"contentUrl\":\"https:\\\/\\\/news.save.ch\\\/wp-content\\\/uploads\\\/2022\\\/06\\\/Logo_SF_2012.png\",\"width\":1100,\"height\":91,\"caption\":\"Sicherheitsforum\"},\"image\":{\"@id\":\"https:\\\/\\\/news.save.ch\\\/de\\\/#\\\/schema\\\/logo\\\/image\\\/\"}},{\"@type\":\"Person\",\"@id\":\"https:\\\/\\\/news.save.ch\\\/de\\\/#\\\/schema\\\/person\\\/d5022db048e0e2b9785c50e5b24da5aa\",\"name\":\"Roger Str\u00e4ssle\",\"image\":{\"@type\":\"ImageObject\",\"inLanguage\":\"fr-FR\",\"@id\":\"https:\\\/\\\/secure.gravatar.com\\\/avatar\\\/862a5569d087de48e5856e32f45d719a03804c891d6deb8d4f71a660e79e4a47?s=96&d=mm&r=g\",\"url\":\"https:\\\/\\\/secure.gravatar.com\\\/avatar\\\/862a5569d087de48e5856e32f45d719a03804c891d6deb8d4f71a660e79e4a47?s=96&d=mm&r=g\",\"contentUrl\":\"https:\\\/\\\/secure.gravatar.com\\\/avatar\\\/862a5569d087de48e5856e32f45d719a03804c891d6deb8d4f71a660e79e4a47?s=96&d=mm&r=g\",\"caption\":\"Roger Str\u00e4ssle\"},\"url\":\"https:\\\/\\\/news.save.ch\\\/fr\\\/author\\\/roger-straessle\\\/\"}]}<\/script>\n<!-- \/ Yoast SEO plugin. -->","yoast_head_json":{"title":"L'ISSS d\u00e9cerne son prix de la s\u00e9curit\u00e9 informatique et de l'information - Save","description":"Pour la sixi\u00e8me fois d\u00e9j\u00e0, l'Information Security Society Switzerland (ISSS) a d\u00e9cern\u00e9 son \"ISSS Excellence Award\".","robots":{"index":"index","follow":"follow","max-snippet":"max-snippet:-1","max-image-preview":"max-image-preview:large","max-video-preview":"max-video-preview:-1"},"canonical":"https:\/\/news.save.ch\/fr\/isss-excellence-award-2018-fuer-it-und-informationssicherheit\/","og_locale":"fr_FR","og_type":"article","og_title":"ISSS-Award f\u00fcr IT- und Informationssicherheit verliehen - Save","og_description":"Bereits zum sechsten Mal hat die Information Security Society Switzerland (ISSS) ihren \u201eISSS Excellence Award\u201c verliehen.","og_url":"https:\/\/news.save.ch\/fr\/isss-excellence-award-2018-fuer-it-und-informationssicherheit\/","og_site_name":"Save","article_published_time":"2018-11-28T15:45:24+00:00","article_modified_time":"2023-03-14T07:56:51+00:00","og_image":[{"width":1400,"height":901,"url":"https:\/\/news.save.ch\/wp-content\/uploads\/2018\/11\/Foto-Sieger-Award-2018-scaled-1-scaled.jpg","type":"image\/jpeg"}],"author":"Roger Str\u00e4ssle","twitter_card":"summary_large_image","twitter_misc":{"\u00c9crit par":"Roger Str\u00e4ssle","Dur\u00e9e de lecture estim\u00e9e":"2 minutes"},"schema":{"@context":"https:\/\/schema.org","@graph":[{"@type":"Article","@id":"https:\/\/news.save.ch\/isss-excellence-award-2018-fuer-it-und-informationssicherheit\/#article","isPartOf":{"@id":"https:\/\/news.save.ch\/isss-excellence-award-2018-fuer-it-und-informationssicherheit\/"},"author":{"name":"Roger Str\u00e4ssle","@id":"https:\/\/news.save.ch\/de\/#\/schema\/person\/d5022db048e0e2b9785c50e5b24da5aa"},"headline":"ISSS-Award f\u00fcr IT- und Informationssicherheit verliehen","datePublished":"2018-11-28T15:45:24+00:00","dateModified":"2023-03-14T07:56:51+00:00","mainEntityOfPage":{"@id":"https:\/\/news.save.ch\/isss-excellence-award-2018-fuer-it-und-informationssicherheit\/"},"wordCount":409,"commentCount":0,"publisher":{"@id":"https:\/\/news.save.ch\/de\/#organization"},"image":{"@id":"https:\/\/news.save.ch\/isss-excellence-award-2018-fuer-it-und-informationssicherheit\/#primaryimage"},"thumbnailUrl":"https:\/\/news.save.ch\/wp-content\/uploads\/2018\/11\/Foto-Sieger-Award-2018-scaled-1-scaled.jpg","keywords":["ICT-Sicherheit","IT-SECURITY"],"articleSection":["DIGITALISIERUNG"],"inLanguage":"fr-FR"},{"@type":"WebPage","@id":"https:\/\/news.save.ch\/isss-excellence-award-2018-fuer-it-und-informationssicherheit\/","url":"https:\/\/news.save.ch\/isss-excellence-award-2018-fuer-it-und-informationssicherheit\/","name":"L'ISSS d\u00e9cerne son prix de la s\u00e9curit\u00e9 informatique et de l'information - Save","isPartOf":{"@id":"https:\/\/news.save.ch\/de\/#website"},"primaryImageOfPage":{"@id":"https:\/\/news.save.ch\/isss-excellence-award-2018-fuer-it-und-informationssicherheit\/#primaryimage"},"image":{"@id":"https:\/\/news.save.ch\/isss-excellence-award-2018-fuer-it-und-informationssicherheit\/#primaryimage"},"thumbnailUrl":"https:\/\/news.save.ch\/wp-content\/uploads\/2018\/11\/Foto-Sieger-Award-2018-scaled-1-scaled.jpg","datePublished":"2018-11-28T15:45:24+00:00","dateModified":"2023-03-14T07:56:51+00:00","description":"Pour la sixi\u00e8me fois d\u00e9j\u00e0, l'Information Security Society Switzerland (ISSS) a d\u00e9cern\u00e9 son \"ISSS Excellence Award\".","breadcrumb":{"@id":"https:\/\/news.save.ch\/isss-excellence-award-2018-fuer-it-und-informationssicherheit\/#breadcrumb"},"inLanguage":"fr-FR","potentialAction":[{"@type":"ReadAction","target":["https:\/\/news.save.ch\/isss-excellence-award-2018-fuer-it-und-informationssicherheit\/"]}]},{"@type":"ImageObject","inLanguage":"fr-FR","@id":"https:\/\/news.save.ch\/isss-excellence-award-2018-fuer-it-und-informationssicherheit\/#primaryimage","url":"https:\/\/news.save.ch\/wp-content\/uploads\/2018\/11\/Foto-Sieger-Award-2018-scaled-1-scaled.jpg","contentUrl":"https:\/\/news.save.ch\/wp-content\/uploads\/2018\/11\/Foto-Sieger-Award-2018-scaled-1-scaled.jpg","width":1400,"height":901,"caption":"V.l.: Eric Dubuis (Pr\u00e4sident OK Excellence Award), Julien Farine, Xavier Hennig, Damian Vizar und Umberto Annino (Pr\u00e4sident ISSS). Foto: C. Albin, ISSS"},{"@type":"BreadcrumbList","@id":"https:\/\/news.save.ch\/isss-excellence-award-2018-fuer-it-und-informationssicherheit\/#breadcrumb","itemListElement":[{"@type":"ListItem","position":1,"name":"Home","item":"https:\/\/news.save.ch\/de\/"},{"@type":"ListItem","position":2,"name":"ISSS-Award f\u00fcr IT- und Informationssicherheit verliehen"}]},{"@type":"WebSite","@id":"https:\/\/news.save.ch\/de\/#website","url":"https:\/\/news.save.ch\/de\/","name":"Save","description":"Revue suisse sp\u00e9cialis\u00e9e dans la s\u00e9curit\u00e9","publisher":{"@id":"https:\/\/news.save.ch\/de\/#organization"},"potentialAction":[{"@type":"SearchAction","target":{"@type":"EntryPoint","urlTemplate":"https:\/\/news.save.ch\/de\/?s={search_term_string}"},"query-input":{"@type":"PropertyValueSpecification","valueRequired":true,"valueName":"search_term_string"}}],"inLanguage":"fr-FR"},{"@type":"Organization","@id":"https:\/\/news.save.ch\/de\/#organization","name":"Forum sur la s\u00e9curit\u00e9","url":"https:\/\/news.save.ch\/de\/","logo":{"@type":"ImageObject","inLanguage":"fr-FR","@id":"https:\/\/news.save.ch\/de\/#\/schema\/logo\/image\/","url":"https:\/\/news.save.ch\/wp-content\/uploads\/2022\/06\/Logo_SF_2012.png","contentUrl":"https:\/\/news.save.ch\/wp-content\/uploads\/2022\/06\/Logo_SF_2012.png","width":1100,"height":91,"caption":"Sicherheitsforum"},"image":{"@id":"https:\/\/news.save.ch\/de\/#\/schema\/logo\/image\/"}},{"@type":"Person","@id":"https:\/\/news.save.ch\/de\/#\/schema\/person\/d5022db048e0e2b9785c50e5b24da5aa","name":"Roger Str\u00e4ssle","image":{"@type":"ImageObject","inLanguage":"fr-FR","@id":"https:\/\/secure.gravatar.com\/avatar\/862a5569d087de48e5856e32f45d719a03804c891d6deb8d4f71a660e79e4a47?s=96&d=mm&r=g","url":"https:\/\/secure.gravatar.com\/avatar\/862a5569d087de48e5856e32f45d719a03804c891d6deb8d4f71a660e79e4a47?s=96&d=mm&r=g","contentUrl":"https:\/\/secure.gravatar.com\/avatar\/862a5569d087de48e5856e32f45d719a03804c891d6deb8d4f71a660e79e4a47?s=96&d=mm&r=g","caption":"Roger Str\u00e4ssle"},"url":"https:\/\/news.save.ch\/fr\/author\/roger-straessle\/"}]}},"_links":{"self":[{"href":"https:\/\/news.save.ch\/fr\/wp-json\/wp\/v2\/posts\/7273","targetHints":{"allow":["GET"]}}],"collection":[{"href":"https:\/\/news.save.ch\/fr\/wp-json\/wp\/v2\/posts"}],"about":[{"href":"https:\/\/news.save.ch\/fr\/wp-json\/wp\/v2\/types\/post"}],"author":[{"embeddable":true,"href":"https:\/\/news.save.ch\/fr\/wp-json\/wp\/v2\/users\/8"}],"replies":[{"embeddable":true,"href":"https:\/\/news.save.ch\/fr\/wp-json\/wp\/v2\/comments?post=7273"}],"version-history":[{"count":1,"href":"https:\/\/news.save.ch\/fr\/wp-json\/wp\/v2\/posts\/7273\/revisions"}],"predecessor-version":[{"id":17421,"href":"https:\/\/news.save.ch\/fr\/wp-json\/wp\/v2\/posts\/7273\/revisions\/17421"}],"wp:featuredmedia":[{"embeddable":true,"href":"https:\/\/news.save.ch\/fr\/wp-json\/wp\/v2\/media\/7274"}],"wp:attachment":[{"href":"https:\/\/news.save.ch\/fr\/wp-json\/wp\/v2\/media?parent=7273"}],"wp:term":[{"taxonomy":"category","embeddable":true,"href":"https:\/\/news.save.ch\/fr\/wp-json\/wp\/v2\/categories?post=7273"},{"taxonomy":"post_tag","embeddable":true,"href":"https:\/\/news.save.ch\/fr\/wp-json\/wp\/v2\/tags?post=7273"}],"curies":[{"name":"wp","href":"https:\/\/api.w.org\/{rel}","templated":true}]}}