{"id":7287,"date":"2018-11-30T14:34:45","date_gmt":"2018-11-30T13:34:45","guid":{"rendered":"https:\/\/news.save.ch\/?p=7287"},"modified":"2018-11-30T14:34:45","modified_gmt":"2018-11-30T13:34:45","slug":"die-ersten-tuerplaner-sind-zertifiziert","status":null,"type":"post","link":"https:\/\/news.save.ch\/fr\/die-ersten-tuerplaner-sind-zertifiziert\/","title":{"rendered":"Les premiers concepteurs de portes dipl\u00f4m\u00e9s"},"content":{"rendered":"<figure id=\"attachment_7292\" aria-describedby=\"caption-attachment-7292\" style=\"width: 680px\" class=\"wp-caption aligncenter\"><img loading=\"lazy\" decoding=\"async\" class=\"size-medium wp-image-7292\" src=\"https:\/\/news.save.ch\/wp-content\/uploads\/2018\/11\/IMG_20181129_154005_bearbeitet-1-scaled-1.jpg\" alt=\"\" width=\"680\" height=\"405\" \/><figcaption id=\"caption-attachment-7292\" class=\"wp-caption-text\">Les premiers dipl\u00f4m\u00e9s de la formation continue \"VST \/ VSSM Concepteur de portes\". Photo : R. Str\u00e4ssle<\/figcaption><\/figure>\n<p>Derri\u00e8re une porte se cache bien plus que ce que l'on croit. En effet, une porte doit r\u00e9pondre \u00e0 de nombreuses exigences : Protection contre l'incendie, fonction d'issue de secours, protection contre l'effraction, isolation acoustique et bien d'autres choses encore. Il ne faut pas non plus oublier les exigences \u00e9lev\u00e9es en mati\u00e8re d'esth\u00e9tique de la communaut\u00e9 des architectes. Ce n'est pas une t\u00e2che facile pour le secteur des portes que de concilier toutes les exigences, si tant est que cela soit possible.<\/p>\n<p><strong>Les dipl\u00f4m\u00e9s 2018<\/strong><\/p>\n<p>Afin que la profession dispose d'un bon savoir-faire, les associations de <a href=\"https:\/\/www.vst.ch\/\">Secteur des portes<\/a> (VST) et la <a href=\"https:\/\/www.vssm.ch\/\">Ma\u00eetres menuisiers et fabricants de meubles<\/a>\u00a0(VSSM) a mis en place une formation continue correspondante. Elle a d\u00e9but\u00e9 en mars dernier. Dans le cadre de son s\u00e9minaire annuel, Jim Steiner, pr\u00e9sident de l'AST, a remis solennellement le 29 novembre \u00e0 T\u00e4gi Wettingen AG le dipl\u00f4me \"ASTM\" aux 16 premiers participants.<a href=\"https:\/\/www.hfb.ch\/de\/seminare-planung-technik\/tuerplaner-vst-vssm\">VST \/ VSSM Planificateur de portes<\/a>\".<\/p>\n<p>Marquer des points avec les meilleurs dipl\u00f4mes de cette premi\u00e8re formation :<\/p>\n<ul>\n<li>Schneebeli Christian, Schneebeli Metallbau AG<\/li>\n<li>K\u00e4ser David Jonas, J\u00e4ggi AG<\/li>\n<li>B\u00fchler Cornelius, H&amp;Z Rorbach AG<\/li>\n<\/ul>\n<p>Ont \u00e9galement r\u00e9ussi (par ordre alphab\u00e9tique) :<\/p>\n<ul>\n<li>Bellini Sanjo, Schneebeli Metallbau AG<\/li>\n<li>Bersia Agron, Norma Reiden AG<\/li>\n<li>Brun Martin, Entla AG<\/li>\n<li>Dittli Stefan, PVA AG<\/li>\n<li>Eglin Hugo, Eurodoor AG<\/li>\n<li>Grossmann Marcel, Tschudin AG<\/li>\n<li>Hager Jolanda, Elkuch Eisenring AG<\/li>\n<li>Moser Alina, Moser Sicherheit AG<\/li>\n<li>Siegenthaler Andres, Norma Reiden AG<\/li>\n<li>Staub Daniel, Sp\u00e4ti Innenausbau AG<\/li>\n<li>Steiner Toni, Fanzun AG<\/li>\n<li>Wespi Urs, Entla AG<\/li>\n<\/ul>\n<p><strong>Quels sont les th\u00e8mes principaux ?<\/strong><\/p>\n<p>La VST et la VSSM proposent cette formation en collaboration avec la H\u00f6here Fachschule B\u00fcrgenstock. La formation continue de \"<a href=\"https:\/\/www.hfb.ch\/de\/seminare-planung-technik\/tuerplaner-vst-vssm\">Planificateur de portes VST \/ VSSM<\/a>\"L'objectif de cette formation est d'\u00e9largir la compr\u00e9hension du contexte de la planification et de la fabrication des portes, comme l'indique le site Internet de l'institut de formation. Les participants doivent acqu\u00e9rir une base solide pour leur avenir professionnel dans le secteur des portes. Les points forts de ce cours de 8 jours sont les suivants :<\/p>\n<ul>\n<li>Acqu\u00e9rir des connaissances de base sur la construction et les normes des portes<\/li>\n<li>Conna\u00eetre les ferrures et les possibilit\u00e9s des commandes \u00e9lectroniques<\/li>\n<li>Comprendre les aspects de s\u00e9curit\u00e9<\/li>\n<li>Comprendre les exigences de physique du b\u00e2timent pour les portes et les mettre en \u0153uvre techniquement<\/li>\n<li>\u00c9valuer l'aptitude \u00e0 l'emploi des portes<\/li>\n<li>Concevoir et mettre en \u0153uvre des commandes de portes dans la pratique<\/li>\n<\/ul>\n<p>Le public cible est constitu\u00e9 de constructeurs de portes, de menuisiers, de personnes en reconversion professionnelle, de constructeurs m\u00e9talliques et d'architectes.<\/p>\n<p>La formation continue semble rencontrer un grand \u00e9cho. En tout cas, le deuxi\u00e8me cours est d\u00e9j\u00e0 en cours et il reste encore quelques places pour le troisi\u00e8me.\u00a0 <em>(rs)<\/em><\/p>\n<p>&nbsp;<\/p>\n<p>&nbsp;<\/p>","protected":false},"excerpt":{"rendered":"<p>Hinter einer T\u00fcre steckt mehr, als man landl\u00e4ufig annimmt. Denn eine T\u00fcre muss viele Anforderungen erf\u00fcllen: Brandschutz, Fluchtwegfunktion, Einbruchhemmung, Schallschutz und vieles mehr. Nicht zu vergessen sind die hohen Anspr\u00fcche an die \u00c4sthetik der Architektengemeinschaft. Es ist f\u00fcr die T\u00fcrenbranche keine leichte Aufgabe, alle Anforderungen, so \u00fcberhaupt m\u00f6glich, unter einen Hut zu bringen. Die Absolventen [&hellip;]<\/p>\n","protected":false},"author":8,"featured_media":7292,"comment_status":"open","ping_status":"open","sticky":false,"template":"","format":"standard","meta":{"_acf_changed":false,"pgc_sgb_lightbox_settings":"","footnotes":""},"categories":[1],"tags":[424,66,425,158],"class_list":["post-7287","post","type-post","status-publish","format-standard","has-post-thumbnail","hentry","category-allgemein","tag-tuerplaner","tag-verbaende","tag-vst","tag-zutrittskontrolle"],"acf":[],"hkrextid":null,"publication":null,"issue":null,"workflow":null,"startPage":null,"spitzmarke":null,"_posts_by_tag_page_fields":{"widget_title":"","widget_tags":""},"_at_widget":"1","_yoast_wpseo_primary_category":"1","_yoast_wpseo_focuskw_text_input":"T\u00fcrplaner","_yoast_wpseo_opengraph-image":null,"_yoast_wpseo_opengraph-description":null,"_yoast_wpseo_opengraph-title":null,"enclosure":null,"_yoast_wpseo_twitter-title":null,"_yoast_wpseo_twitter-description":null,"_yoast_wpseo_twitter-image":null,"_wp_old_slug":null,"_yoast_wpseo_title":null,"_yoast_wpseo_canonical":null,"yoast_head":"<!-- This site is optimized with the Yoast SEO plugin v27.4 - https:\/\/yoast.com\/product\/yoast-seo-wordpress\/ -->\n<title>Die ersten diplomierten T\u00fcrplaner - Save<\/title>\n<meta name=\"description\" content=\"Die ersten Absolventen der neu geschaffenen Weiterbildung \u201eVST \/ VSSM T\u00fcrplaner\u201c konnten ihr Zertifikat in Empfang nehmen.\" \/>\n<meta name=\"robots\" content=\"index, follow, max-snippet:-1, max-image-preview:large, max-video-preview:-1\" \/>\n<link rel=\"canonical\" href=\"https:\/\/news.save.ch\/fr\/die-ersten-tuerplaner-sind-zertifiziert\/\" \/>\n<meta property=\"og:locale\" content=\"fr_FR\" \/>\n<meta property=\"og:type\" content=\"article\" \/>\n<meta property=\"og:title\" content=\"Die ersten diplomierten T\u00fcrplaner - Save\" \/>\n<meta property=\"og:description\" content=\"Die ersten Absolventen der neu geschaffenen Weiterbildung \u201eVST \/ VSSM T\u00fcrplaner\u201c konnten ihr Zertifikat in Empfang nehmen.\" \/>\n<meta property=\"og:url\" content=\"https:\/\/news.save.ch\/fr\/die-ersten-tuerplaner-sind-zertifiziert\/\" \/>\n<meta property=\"og:site_name\" content=\"Save\" \/>\n<meta property=\"article:published_time\" content=\"2018-11-30T13:34:45+00:00\" \/>\n<meta property=\"og:image\" content=\"https:\/\/news.save.ch\/wp-content\/uploads\/2018\/11\/IMG_20181129_154005_bearbeitet-1-scaled-1-scaled.jpg\" \/>\n\t<meta property=\"og:image:width\" content=\"1400\" \/>\n\t<meta property=\"og:image:height\" content=\"833\" \/>\n\t<meta property=\"og:image:type\" content=\"image\/jpeg\" \/>\n<meta name=\"author\" content=\"Roger Str\u00e4ssle\" \/>\n<meta name=\"twitter:card\" content=\"summary_large_image\" \/>\n<meta name=\"twitter:label1\" content=\"\u00c9crit par\" \/>\n\t<meta name=\"twitter:data1\" content=\"Roger Str\u00e4ssle\" \/>\n\t<meta name=\"twitter:label2\" content=\"Dur\u00e9e de lecture estim\u00e9e\" \/>\n\t<meta name=\"twitter:data2\" content=\"2 minutes\" \/>\n<script type=\"application\/ld+json\" class=\"yoast-schema-graph\">{\"@context\":\"https:\\\/\\\/schema.org\",\"@graph\":[{\"@type\":\"Article\",\"@id\":\"https:\\\/\\\/news.save.ch\\\/die-ersten-tuerplaner-sind-zertifiziert\\\/#article\",\"isPartOf\":{\"@id\":\"https:\\\/\\\/news.save.ch\\\/die-ersten-tuerplaner-sind-zertifiziert\\\/\"},\"author\":{\"name\":\"Roger Str\u00e4ssle\",\"@id\":\"https:\\\/\\\/news.save.ch\\\/de\\\/#\\\/schema\\\/person\\\/d5022db048e0e2b9785c50e5b24da5aa\"},\"headline\":\"Die ersten diplomierten T\u00fcrplaner\",\"datePublished\":\"2018-11-30T13:34:45+00:00\",\"mainEntityOfPage\":{\"@id\":\"https:\\\/\\\/news.save.ch\\\/die-ersten-tuerplaner-sind-zertifiziert\\\/\"},\"wordCount\":403,\"commentCount\":0,\"publisher\":{\"@id\":\"https:\\\/\\\/news.save.ch\\\/de\\\/#organization\"},\"image\":{\"@id\":\"https:\\\/\\\/news.save.ch\\\/die-ersten-tuerplaner-sind-zertifiziert\\\/#primaryimage\"},\"thumbnailUrl\":\"https:\\\/\\\/news.save.ch\\\/wp-content\\\/uploads\\\/2018\\\/11\\\/IMG_20181129_154005_bearbeitet-1-scaled-1-scaled.jpg\",\"keywords\":[\"T\u00fcrplaner\",\"Verb\u00e4nde\",\"VST\",\"Zutrittskontrolle\"],\"articleSection\":[\"ALLGEMEIN\"],\"inLanguage\":\"fr-FR\"},{\"@type\":\"WebPage\",\"@id\":\"https:\\\/\\\/news.save.ch\\\/die-ersten-tuerplaner-sind-zertifiziert\\\/\",\"url\":\"https:\\\/\\\/news.save.ch\\\/die-ersten-tuerplaner-sind-zertifiziert\\\/\",\"name\":\"Die ersten diplomierten T\u00fcrplaner - Save\",\"isPartOf\":{\"@id\":\"https:\\\/\\\/news.save.ch\\\/de\\\/#website\"},\"primaryImageOfPage\":{\"@id\":\"https:\\\/\\\/news.save.ch\\\/die-ersten-tuerplaner-sind-zertifiziert\\\/#primaryimage\"},\"image\":{\"@id\":\"https:\\\/\\\/news.save.ch\\\/die-ersten-tuerplaner-sind-zertifiziert\\\/#primaryimage\"},\"thumbnailUrl\":\"https:\\\/\\\/news.save.ch\\\/wp-content\\\/uploads\\\/2018\\\/11\\\/IMG_20181129_154005_bearbeitet-1-scaled-1-scaled.jpg\",\"datePublished\":\"2018-11-30T13:34:45+00:00\",\"description\":\"Die ersten Absolventen der neu geschaffenen Weiterbildung \u201eVST \\\/ VSSM T\u00fcrplaner\u201c konnten ihr Zertifikat in Empfang nehmen.\",\"breadcrumb\":{\"@id\":\"https:\\\/\\\/news.save.ch\\\/die-ersten-tuerplaner-sind-zertifiziert\\\/#breadcrumb\"},\"inLanguage\":\"fr-FR\",\"potentialAction\":[{\"@type\":\"ReadAction\",\"target\":[\"https:\\\/\\\/news.save.ch\\\/die-ersten-tuerplaner-sind-zertifiziert\\\/\"]}]},{\"@type\":\"ImageObject\",\"inLanguage\":\"fr-FR\",\"@id\":\"https:\\\/\\\/news.save.ch\\\/die-ersten-tuerplaner-sind-zertifiziert\\\/#primaryimage\",\"url\":\"https:\\\/\\\/news.save.ch\\\/wp-content\\\/uploads\\\/2018\\\/11\\\/IMG_20181129_154005_bearbeitet-1-scaled-1-scaled.jpg\",\"contentUrl\":\"https:\\\/\\\/news.save.ch\\\/wp-content\\\/uploads\\\/2018\\\/11\\\/IMG_20181129_154005_bearbeitet-1-scaled-1-scaled.jpg\",\"width\":1400,\"height\":833,\"caption\":\"Die ersten Absolventen der Weiterbildung \\\"VST \\\/ VSSM T\u00fcrplaner. Foto: R. Str\u00e4ssle\"},{\"@type\":\"BreadcrumbList\",\"@id\":\"https:\\\/\\\/news.save.ch\\\/die-ersten-tuerplaner-sind-zertifiziert\\\/#breadcrumb\",\"itemListElement\":[{\"@type\":\"ListItem\",\"position\":1,\"name\":\"Home\",\"item\":\"https:\\\/\\\/news.save.ch\\\/de\\\/\"},{\"@type\":\"ListItem\",\"position\":2,\"name\":\"Die ersten diplomierten T\u00fcrplaner\"}]},{\"@type\":\"WebSite\",\"@id\":\"https:\\\/\\\/news.save.ch\\\/de\\\/#website\",\"url\":\"https:\\\/\\\/news.save.ch\\\/de\\\/\",\"name\":\"Save\",\"description\":\"Schweizer Fachzeitschrift f\u00fcr Sicherheit\",\"publisher\":{\"@id\":\"https:\\\/\\\/news.save.ch\\\/de\\\/#organization\"},\"potentialAction\":[{\"@type\":\"SearchAction\",\"target\":{\"@type\":\"EntryPoint\",\"urlTemplate\":\"https:\\\/\\\/news.save.ch\\\/de\\\/?s={search_term_string}\"},\"query-input\":{\"@type\":\"PropertyValueSpecification\",\"valueRequired\":true,\"valueName\":\"search_term_string\"}}],\"inLanguage\":\"fr-FR\"},{\"@type\":\"Organization\",\"@id\":\"https:\\\/\\\/news.save.ch\\\/de\\\/#organization\",\"name\":\"Sicherheitsforum\",\"url\":\"https:\\\/\\\/news.save.ch\\\/de\\\/\",\"logo\":{\"@type\":\"ImageObject\",\"inLanguage\":\"fr-FR\",\"@id\":\"https:\\\/\\\/news.save.ch\\\/de\\\/#\\\/schema\\\/logo\\\/image\\\/\",\"url\":\"https:\\\/\\\/news.save.ch\\\/wp-content\\\/uploads\\\/2022\\\/06\\\/Logo_SF_2012.png\",\"contentUrl\":\"https:\\\/\\\/news.save.ch\\\/wp-content\\\/uploads\\\/2022\\\/06\\\/Logo_SF_2012.png\",\"width\":1100,\"height\":91,\"caption\":\"Sicherheitsforum\"},\"image\":{\"@id\":\"https:\\\/\\\/news.save.ch\\\/de\\\/#\\\/schema\\\/logo\\\/image\\\/\"}},{\"@type\":\"Person\",\"@id\":\"https:\\\/\\\/news.save.ch\\\/de\\\/#\\\/schema\\\/person\\\/d5022db048e0e2b9785c50e5b24da5aa\",\"name\":\"Roger Str\u00e4ssle\",\"image\":{\"@type\":\"ImageObject\",\"inLanguage\":\"fr-FR\",\"@id\":\"https:\\\/\\\/secure.gravatar.com\\\/avatar\\\/862a5569d087de48e5856e32f45d719a03804c891d6deb8d4f71a660e79e4a47?s=96&d=mm&r=g\",\"url\":\"https:\\\/\\\/secure.gravatar.com\\\/avatar\\\/862a5569d087de48e5856e32f45d719a03804c891d6deb8d4f71a660e79e4a47?s=96&d=mm&r=g\",\"contentUrl\":\"https:\\\/\\\/secure.gravatar.com\\\/avatar\\\/862a5569d087de48e5856e32f45d719a03804c891d6deb8d4f71a660e79e4a47?s=96&d=mm&r=g\",\"caption\":\"Roger Str\u00e4ssle\"},\"url\":\"https:\\\/\\\/news.save.ch\\\/fr\\\/author\\\/roger-straessle\\\/\"}]}<\/script>\n<!-- \/ Yoast SEO plugin. -->","yoast_head_json":{"title":"Les premiers concepteurs de portes dipl\u00f4m\u00e9s - Save","description":"Les premiers dipl\u00f4m\u00e9s de la nouvelle formation continue \"VST \/ VSSM planificateur de portes\" ont re\u00e7u leur certificat.","robots":{"index":"index","follow":"follow","max-snippet":"max-snippet:-1","max-image-preview":"max-image-preview:large","max-video-preview":"max-video-preview:-1"},"canonical":"https:\/\/news.save.ch\/fr\/die-ersten-tuerplaner-sind-zertifiziert\/","og_locale":"fr_FR","og_type":"article","og_title":"Die ersten diplomierten T\u00fcrplaner - Save","og_description":"Die ersten Absolventen der neu geschaffenen Weiterbildung \u201eVST \/ VSSM T\u00fcrplaner\u201c konnten ihr Zertifikat in Empfang nehmen.","og_url":"https:\/\/news.save.ch\/fr\/die-ersten-tuerplaner-sind-zertifiziert\/","og_site_name":"Save","article_published_time":"2018-11-30T13:34:45+00:00","og_image":[{"width":1400,"height":833,"url":"https:\/\/news.save.ch\/wp-content\/uploads\/2018\/11\/IMG_20181129_154005_bearbeitet-1-scaled-1-scaled.jpg","type":"image\/jpeg"}],"author":"Roger Str\u00e4ssle","twitter_card":"summary_large_image","twitter_misc":{"\u00c9crit par":"Roger Str\u00e4ssle","Dur\u00e9e de lecture estim\u00e9e":"2 minutes"},"schema":{"@context":"https:\/\/schema.org","@graph":[{"@type":"Article","@id":"https:\/\/news.save.ch\/die-ersten-tuerplaner-sind-zertifiziert\/#article","isPartOf":{"@id":"https:\/\/news.save.ch\/die-ersten-tuerplaner-sind-zertifiziert\/"},"author":{"name":"Roger Str\u00e4ssle","@id":"https:\/\/news.save.ch\/de\/#\/schema\/person\/d5022db048e0e2b9785c50e5b24da5aa"},"headline":"Die ersten diplomierten T\u00fcrplaner","datePublished":"2018-11-30T13:34:45+00:00","mainEntityOfPage":{"@id":"https:\/\/news.save.ch\/die-ersten-tuerplaner-sind-zertifiziert\/"},"wordCount":403,"commentCount":0,"publisher":{"@id":"https:\/\/news.save.ch\/de\/#organization"},"image":{"@id":"https:\/\/news.save.ch\/die-ersten-tuerplaner-sind-zertifiziert\/#primaryimage"},"thumbnailUrl":"https:\/\/news.save.ch\/wp-content\/uploads\/2018\/11\/IMG_20181129_154005_bearbeitet-1-scaled-1-scaled.jpg","keywords":["T\u00fcrplaner","Verb\u00e4nde","VST","Zutrittskontrolle"],"articleSection":["ALLGEMEIN"],"inLanguage":"fr-FR"},{"@type":"WebPage","@id":"https:\/\/news.save.ch\/die-ersten-tuerplaner-sind-zertifiziert\/","url":"https:\/\/news.save.ch\/die-ersten-tuerplaner-sind-zertifiziert\/","name":"Les premiers concepteurs de portes dipl\u00f4m\u00e9s - Save","isPartOf":{"@id":"https:\/\/news.save.ch\/de\/#website"},"primaryImageOfPage":{"@id":"https:\/\/news.save.ch\/die-ersten-tuerplaner-sind-zertifiziert\/#primaryimage"},"image":{"@id":"https:\/\/news.save.ch\/die-ersten-tuerplaner-sind-zertifiziert\/#primaryimage"},"thumbnailUrl":"https:\/\/news.save.ch\/wp-content\/uploads\/2018\/11\/IMG_20181129_154005_bearbeitet-1-scaled-1-scaled.jpg","datePublished":"2018-11-30T13:34:45+00:00","description":"Les premiers dipl\u00f4m\u00e9s de la nouvelle formation continue \"VST \/ VSSM planificateur de portes\" ont re\u00e7u leur certificat.","breadcrumb":{"@id":"https:\/\/news.save.ch\/die-ersten-tuerplaner-sind-zertifiziert\/#breadcrumb"},"inLanguage":"fr-FR","potentialAction":[{"@type":"ReadAction","target":["https:\/\/news.save.ch\/die-ersten-tuerplaner-sind-zertifiziert\/"]}]},{"@type":"ImageObject","inLanguage":"fr-FR","@id":"https:\/\/news.save.ch\/die-ersten-tuerplaner-sind-zertifiziert\/#primaryimage","url":"https:\/\/news.save.ch\/wp-content\/uploads\/2018\/11\/IMG_20181129_154005_bearbeitet-1-scaled-1-scaled.jpg","contentUrl":"https:\/\/news.save.ch\/wp-content\/uploads\/2018\/11\/IMG_20181129_154005_bearbeitet-1-scaled-1-scaled.jpg","width":1400,"height":833,"caption":"Die ersten Absolventen der Weiterbildung \"VST \/ VSSM T\u00fcrplaner. Foto: R. Str\u00e4ssle"},{"@type":"BreadcrumbList","@id":"https:\/\/news.save.ch\/die-ersten-tuerplaner-sind-zertifiziert\/#breadcrumb","itemListElement":[{"@type":"ListItem","position":1,"name":"Home","item":"https:\/\/news.save.ch\/de\/"},{"@type":"ListItem","position":2,"name":"Die ersten diplomierten T\u00fcrplaner"}]},{"@type":"WebSite","@id":"https:\/\/news.save.ch\/de\/#website","url":"https:\/\/news.save.ch\/de\/","name":"Save","description":"Revue suisse sp\u00e9cialis\u00e9e dans la s\u00e9curit\u00e9","publisher":{"@id":"https:\/\/news.save.ch\/de\/#organization"},"potentialAction":[{"@type":"SearchAction","target":{"@type":"EntryPoint","urlTemplate":"https:\/\/news.save.ch\/de\/?s={search_term_string}"},"query-input":{"@type":"PropertyValueSpecification","valueRequired":true,"valueName":"search_term_string"}}],"inLanguage":"fr-FR"},{"@type":"Organization","@id":"https:\/\/news.save.ch\/de\/#organization","name":"Forum sur la s\u00e9curit\u00e9","url":"https:\/\/news.save.ch\/de\/","logo":{"@type":"ImageObject","inLanguage":"fr-FR","@id":"https:\/\/news.save.ch\/de\/#\/schema\/logo\/image\/","url":"https:\/\/news.save.ch\/wp-content\/uploads\/2022\/06\/Logo_SF_2012.png","contentUrl":"https:\/\/news.save.ch\/wp-content\/uploads\/2022\/06\/Logo_SF_2012.png","width":1100,"height":91,"caption":"Sicherheitsforum"},"image":{"@id":"https:\/\/news.save.ch\/de\/#\/schema\/logo\/image\/"}},{"@type":"Person","@id":"https:\/\/news.save.ch\/de\/#\/schema\/person\/d5022db048e0e2b9785c50e5b24da5aa","name":"Roger Str\u00e4ssle","image":{"@type":"ImageObject","inLanguage":"fr-FR","@id":"https:\/\/secure.gravatar.com\/avatar\/862a5569d087de48e5856e32f45d719a03804c891d6deb8d4f71a660e79e4a47?s=96&d=mm&r=g","url":"https:\/\/secure.gravatar.com\/avatar\/862a5569d087de48e5856e32f45d719a03804c891d6deb8d4f71a660e79e4a47?s=96&d=mm&r=g","contentUrl":"https:\/\/secure.gravatar.com\/avatar\/862a5569d087de48e5856e32f45d719a03804c891d6deb8d4f71a660e79e4a47?s=96&d=mm&r=g","caption":"Roger Str\u00e4ssle"},"url":"https:\/\/news.save.ch\/fr\/author\/roger-straessle\/"}]}},"_links":{"self":[{"href":"https:\/\/news.save.ch\/fr\/wp-json\/wp\/v2\/posts\/7287","targetHints":{"allow":["GET"]}}],"collection":[{"href":"https:\/\/news.save.ch\/fr\/wp-json\/wp\/v2\/posts"}],"about":[{"href":"https:\/\/news.save.ch\/fr\/wp-json\/wp\/v2\/types\/post"}],"author":[{"embeddable":true,"href":"https:\/\/news.save.ch\/fr\/wp-json\/wp\/v2\/users\/8"}],"replies":[{"embeddable":true,"href":"https:\/\/news.save.ch\/fr\/wp-json\/wp\/v2\/comments?post=7287"}],"version-history":[{"count":0,"href":"https:\/\/news.save.ch\/fr\/wp-json\/wp\/v2\/posts\/7287\/revisions"}],"wp:featuredmedia":[{"embeddable":true,"href":"https:\/\/news.save.ch\/fr\/wp-json\/wp\/v2\/media\/7292"}],"wp:attachment":[{"href":"https:\/\/news.save.ch\/fr\/wp-json\/wp\/v2\/media?parent=7287"}],"wp:term":[{"taxonomy":"category","embeddable":true,"href":"https:\/\/news.save.ch\/fr\/wp-json\/wp\/v2\/categories?post=7287"},{"taxonomy":"post_tag","embeddable":true,"href":"https:\/\/news.save.ch\/fr\/wp-json\/wp\/v2\/tags?post=7287"}],"curies":[{"name":"wp","href":"https:\/\/api.w.org\/{rel}","templated":true}]}}