{"id":7320,"date":"2018-12-07T11:12:29","date_gmt":"2018-12-07T10:12:29","guid":{"rendered":"https:\/\/news.save.ch\/?p=7320"},"modified":"2018-12-07T11:12:29","modified_gmt":"2018-12-07T10:12:29","slug":"vssu-ueber-170-berufsleute-erhalten-eidg-fachausweis","status":null,"type":"post","link":"https:\/\/news.save.ch\/fr\/vssu-ueber-170-berufsleute-erhalten-eidg-fachausweis\/","title":{"rendered":"Plus de 170 professionnels re\u00e7oivent le brevet f\u00e9d\u00e9ral de la VSSU"},"content":{"rendered":"<figure id=\"attachment_7321\" aria-describedby=\"caption-attachment-7321\" style=\"width: 680px\" class=\"wp-caption aligncenter\"><img loading=\"lazy\" decoding=\"async\" class=\"wp-image-7321 size-medium\" src=\"https:\/\/news.save.ch\/wp-content\/uploads\/2018\/12\/VSSU-Korr-1-scaled-1.jpg\" alt=\"VSSU\" width=\"680\" height=\"453\" \/><figcaption id=\"caption-attachment-7321\" class=\"wp-caption-text\">177 dipl\u00f4m\u00e9(e)s ont obtenu leur brevet f\u00e9d\u00e9ral. Photo : R. Str\u00e4ssle<\/figcaption><\/figure>\n<p>Journ\u00e9e de la Saint-Nicolas 2018 au Landhaus de Soleure : la grande salle de cette v\u00e9n\u00e9rable maison datant de 1722 se remplit peu \u00e0 peu. Comme toujours en d\u00e9cembre, le <a href=\"https:\/\/www.vssu.org\/\">VSSU<\/a> a remis dans un cadre festif le dipl\u00f4me aux femmes et aux hommes qui se sont pr\u00e9sent\u00e9s aux examens professionnels de \"sp\u00e9cialiste de la s\u00e9curit\u00e9 et de la surveillance\" avec brevet f\u00e9d\u00e9ral (FSB) ou de \"sp\u00e9cialiste de la protection de personnes et de biens\" avec brevet f\u00e9d\u00e9ral (FPO). Plus de 260 personnes se sont pr\u00e9sent\u00e9es \u00e0 la formation et 177 dipl\u00f4m\u00e9s ont re\u00e7u cette ann\u00e9e le brevet tant convoit\u00e9 \u00e0 Soleure.<\/p>\n<p><strong>T\u00e2che compl\u00e9mentaire importante<\/strong><\/p>\n<p>Les agents de s\u00e9curit\u00e9 form\u00e9s travaillent dans des entreprises de services de s\u00e9curit\u00e9 qui d\u00e9fendent les int\u00e9r\u00eats des particuliers et de l'\u00e9conomie priv\u00e9e. Le personnel de s\u00e9curit\u00e9 remplit ainsi des t\u00e2ches importantes compl\u00e9mentaires \u00e0 celles des autorit\u00e9s, des organisations d'intervention d'urgence et pour d'autres cercles de clients, comme l'a expliqu\u00e9 Armin Berchtold, pr\u00e9sident de la VSSU, \u00e0 Soleure. Gr\u00e2ce \u00e0 leur formation, les agents de s\u00e9curit\u00e9 dipl\u00f4m\u00e9s disposeraient de connaissances et de capacit\u00e9s leur permettant d'agir de mani\u00e8re s\u00fbre et proportionn\u00e9e, m\u00eame dans des situations extraordinaires. Malheureusement, il y a encore des brebis galeuses dans la branche, qui ne respectent par exemple pas les r\u00e8gles de s\u00e9curit\u00e9. <a href=\"https:\/\/news.save.ch\/fr\/vssu-steht-weiterhin-zum-gesamtarbeitsvertrag\/\">Convention collective de travail<\/a> a soulign\u00e9 Berchtold dans son discours.<\/p>\n<p>La situation s\u00e9curitaire ne s'est pas non plus am\u00e9lior\u00e9e en Suisse ces derni\u00e8res ann\u00e9es. \"C'est pourquoi, chers dipl\u00f4m\u00e9s, vous apportez une contribution importante \u00e0 la s\u00e9curit\u00e9 dans notre pays\", a d\u00e9clar\u00e9 Berchtold aux professionnels r\u00e9compens\u00e9s.<\/p>\n<p><strong>La VSSU compl\u00e8te le Manuel Spreng Award<\/strong><\/p>\n<p>La Ligue internationale des soci\u00e9t\u00e9s de gardiennage <a href=\"https:\/\/www.security-ligue.org\">(www.security-ligue.org)<\/a> honore chaque ann\u00e9e les meilleurs candidats aux examens professionnels d'\u00c9tat en leur d\u00e9cernant le Manuel Spreng Award. En 2018, le dipl\u00f4m\u00e9 suisse ayant obtenu la meilleure note s'appelle Michael Rast (FSB Printemps) - il re\u00e7oit un prix de 1 500 francs.<\/p>\n<p>La VSSU compl\u00e8te le Manuel Spreng Award en r\u00e9compensant les candidats ayant obtenu la deuxi\u00e8me ou la troisi\u00e8me meilleure note \u00e0 l'examen de brevet. En 2018, la deuxi\u00e8me place est occup\u00e9e par Urs Reber (FSB Herbst, 700 Fr. de prix) et la troisi\u00e8me par Sven Walser (FSB Herbst, 300 Fr. de prix).\u00a0 <em>(rs)<\/em><\/p>\n<figure id=\"attachment_7322\" aria-describedby=\"caption-attachment-7322\" style=\"width: 680px\" class=\"wp-caption aligncenter\"><img loading=\"lazy\" decoding=\"async\" class=\"size-medium wp-image-7322\" src=\"https:\/\/news.save.ch\/wp-content\/uploads\/2018\/12\/Rast-IMG_8195-scaled-1.jpg\" alt=\"\" width=\"680\" height=\"453\" \/><figcaption id=\"caption-attachment-7322\" class=\"wp-caption-text\">Meilleure note pour Michael Rast. Le pr\u00e9sident de la VSSU Armin Berchtold (\u00e0 droite) et le vice-pr\u00e9sident Charles Zaugg (\u00e0 gauche).<\/figcaption><\/figure>\n<figure id=\"attachment_7361\" aria-describedby=\"caption-attachment-7361\" style=\"width: 680px\" class=\"wp-caption aligncenter\"><img loading=\"lazy\" decoding=\"async\" class=\"size-medium wp-image-7361\" src=\"https:\/\/news.save.ch\/wp-content\/uploads\/2018\/12\/Korr-II-1.jpg\" alt=\"\" width=\"680\" height=\"461\" srcset=\"https:\/\/news.save.ch\/wp-content\/uploads\/2018\/12\/Korr-II-1.jpg 1006w, https:\/\/news.save.ch\/wp-content\/uploads\/2018\/12\/Korr-II-1-375x254.jpg 375w\" sizes=\"auto, (max-width: 680px) 100vw, 680px\" \/><figcaption id=\"caption-attachment-7361\" class=\"wp-caption-text\">La deuxi\u00e8me meilleure note a \u00e9t\u00e9 obtenue par Urs Reber.<\/figcaption><\/figure>\n<figure id=\"attachment_7324\" aria-describedby=\"caption-attachment-7324\" style=\"width: 680px\" class=\"wp-caption aligncenter\"><img loading=\"lazy\" decoding=\"async\" class=\"size-medium wp-image-7324\" src=\"https:\/\/news.save.ch\/wp-content\/uploads\/2018\/12\/Sven-Walser-IMG_8184_bearbeitet-1-scaled-1.jpg\" alt=\"\" width=\"680\" height=\"453\" \/><figcaption id=\"caption-attachment-7324\" class=\"wp-caption-text\">Sven Walser a obtenu la troisi\u00e8me meilleure note.<\/figcaption><\/figure>\n<p>&nbsp;<\/p>\n<p>&nbsp;<\/p>\n<p>&nbsp;<\/p>\n<p>&nbsp;<\/p>\n<p>&nbsp;<\/p>\n<p>&nbsp;<\/p>","protected":false},"excerpt":{"rendered":"<p>Nikolaustag 2018 im Landhaus Solothurn: Der grosse Saal in diesem ehrw\u00fcrdigen Haus aus dem Jahr 1722 f\u00fcllt sich allm\u00e4hlich. Wie immer im Dezember \u00fcberreicht der VSSU im feierlichen Rahmen den Frauen und M\u00e4nnern, die zu den Berufspr\u00fcfungen &#8222;Fachfrau\/Fachmann f\u00fcr Sicherheit und Bewachung&#8220; mit eidgen\u00f6ssischem Fachausweis (FSB) respektive &#8222;Fachmann\/Fachfrau f\u00fcr Personen- und Objektschutz&#8220; mit eidg. Fachausweis [&hellip;]<\/p>\n","protected":false},"author":8,"featured_media":7321,"comment_status":"open","ping_status":"open","sticky":false,"template":"","format":"standard","meta":{"_acf_changed":false,"pgc_sgb_lightbox_settings":"","footnotes":""},"categories":[1],"tags":[428,154,429,66,331],"class_list":["post-7320","post","type-post","status-publish","format-standard","has-post-thumbnail","hentry","category-allgemein","tag-berufspruefung","tag-bewachung","tag-fachausweis","tag-verbaende","tag-vssu"],"acf":[],"hkrextid":null,"publication":null,"issue":null,"workflow":null,"startPage":null,"spitzmarke":null,"_posts_by_tag_page_fields":{"widget_title":"","widget_tags":""},"_at_widget":"1","_yoast_wpseo_primary_category":"","_yoast_wpseo_focuskw_text_input":"VSSU","_yoast_wpseo_opengraph-image":null,"_yoast_wpseo_opengraph-description":null,"_yoast_wpseo_opengraph-title":null,"enclosure":null,"_yoast_wpseo_twitter-title":null,"_yoast_wpseo_twitter-description":null,"_yoast_wpseo_twitter-image":null,"_wp_old_slug":null,"_yoast_wpseo_title":null,"_yoast_wpseo_canonical":null,"yoast_head":"<!-- This site is optimized with the Yoast SEO plugin v27.5 - https:\/\/yoast.com\/product\/yoast-seo-wordpress\/ -->\n<title>\u00dcber 170 Berufsleute erhalten vom VSSU den eidg. Fachausweis - Save<\/title>\n<meta name=\"description\" content=\"Der Verband Schweizerische Sicherheitsdienstleistungs-Unternehmen (VSSU) zeichnete soeben \u00fcber 170 Absolventen mit dem eidg. Fachausweis FSB und FPO aus.\" \/>\n<meta name=\"robots\" content=\"index, follow, max-snippet:-1, max-image-preview:large, max-video-preview:-1\" \/>\n<link rel=\"canonical\" href=\"https:\/\/news.save.ch\/fr\/vssu-ueber-170-berufsleute-erhalten-eidg-fachausweis\/\" \/>\n<meta property=\"og:locale\" content=\"fr_FR\" \/>\n<meta property=\"og:type\" content=\"article\" \/>\n<meta property=\"og:title\" content=\"\u00dcber 170 Berufsleute erhalten vom VSSU den eidg. Fachausweis - Save\" \/>\n<meta property=\"og:description\" content=\"Der Verband Schweizerische Sicherheitsdienstleistungs-Unternehmen (VSSU) zeichnete soeben \u00fcber 170 Absolventen mit dem eidg. Fachausweis FSB und FPO aus.\" \/>\n<meta property=\"og:url\" content=\"https:\/\/news.save.ch\/fr\/vssu-ueber-170-berufsleute-erhalten-eidg-fachausweis\/\" \/>\n<meta property=\"og:site_name\" content=\"Save\" \/>\n<meta property=\"article:published_time\" content=\"2018-12-07T10:12:29+00:00\" \/>\n<meta property=\"og:image\" content=\"https:\/\/news.save.ch\/wp-content\/uploads\/2018\/12\/VSSU-Korr-1-scaled-1-scaled.jpg\" \/>\n\t<meta property=\"og:image:width\" content=\"1400\" \/>\n\t<meta property=\"og:image:height\" content=\"934\" \/>\n\t<meta property=\"og:image:type\" content=\"image\/jpeg\" \/>\n<meta name=\"author\" content=\"Roger Str\u00e4ssle\" \/>\n<meta name=\"twitter:card\" content=\"summary_large_image\" \/>\n<meta name=\"twitter:label1\" content=\"\u00c9crit par\" \/>\n\t<meta name=\"twitter:data1\" content=\"Roger Str\u00e4ssle\" \/>\n\t<meta name=\"twitter:label2\" content=\"Dur\u00e9e de lecture estim\u00e9e\" \/>\n\t<meta name=\"twitter:data2\" content=\"2 minutes\" \/>\n<script type=\"application\/ld+json\" class=\"yoast-schema-graph\">{\"@context\":\"https:\\\/\\\/schema.org\",\"@graph\":[{\"@type\":\"Article\",\"@id\":\"https:\\\/\\\/news.save.ch\\\/vssu-ueber-170-berufsleute-erhalten-eidg-fachausweis\\\/#article\",\"isPartOf\":{\"@id\":\"https:\\\/\\\/news.save.ch\\\/vssu-ueber-170-berufsleute-erhalten-eidg-fachausweis\\\/\"},\"author\":{\"name\":\"Roger Str\u00e4ssle\",\"@id\":\"https:\\\/\\\/news.save.ch\\\/de\\\/#\\\/schema\\\/person\\\/d5022db048e0e2b9785c50e5b24da5aa\"},\"headline\":\"\u00dcber 170 Berufsleute erhalten vom VSSU den eidg. Fachausweis\",\"datePublished\":\"2018-12-07T10:12:29+00:00\",\"mainEntityOfPage\":{\"@id\":\"https:\\\/\\\/news.save.ch\\\/vssu-ueber-170-berufsleute-erhalten-eidg-fachausweis\\\/\"},\"wordCount\":399,\"commentCount\":0,\"publisher\":{\"@id\":\"https:\\\/\\\/news.save.ch\\\/de\\\/#organization\"},\"image\":{\"@id\":\"https:\\\/\\\/news.save.ch\\\/vssu-ueber-170-berufsleute-erhalten-eidg-fachausweis\\\/#primaryimage\"},\"thumbnailUrl\":\"https:\\\/\\\/news.save.ch\\\/wp-content\\\/uploads\\\/2018\\\/12\\\/VSSU-Korr-1-scaled-1-scaled.jpg\",\"keywords\":[\"Berufspr\u00fcfung\",\"Bewachung\",\"Fachausweis\",\"Verb\u00e4nde\",\"VSSU\"],\"articleSection\":[\"ALLGEMEIN\"],\"inLanguage\":\"fr-FR\"},{\"@type\":\"WebPage\",\"@id\":\"https:\\\/\\\/news.save.ch\\\/vssu-ueber-170-berufsleute-erhalten-eidg-fachausweis\\\/\",\"url\":\"https:\\\/\\\/news.save.ch\\\/vssu-ueber-170-berufsleute-erhalten-eidg-fachausweis\\\/\",\"name\":\"\u00dcber 170 Berufsleute erhalten vom VSSU den eidg. Fachausweis - Save\",\"isPartOf\":{\"@id\":\"https:\\\/\\\/news.save.ch\\\/de\\\/#website\"},\"primaryImageOfPage\":{\"@id\":\"https:\\\/\\\/news.save.ch\\\/vssu-ueber-170-berufsleute-erhalten-eidg-fachausweis\\\/#primaryimage\"},\"image\":{\"@id\":\"https:\\\/\\\/news.save.ch\\\/vssu-ueber-170-berufsleute-erhalten-eidg-fachausweis\\\/#primaryimage\"},\"thumbnailUrl\":\"https:\\\/\\\/news.save.ch\\\/wp-content\\\/uploads\\\/2018\\\/12\\\/VSSU-Korr-1-scaled-1-scaled.jpg\",\"datePublished\":\"2018-12-07T10:12:29+00:00\",\"description\":\"Der Verband Schweizerische Sicherheitsdienstleistungs-Unternehmen (VSSU) zeichnete soeben \u00fcber 170 Absolventen mit dem eidg. Fachausweis FSB und FPO aus.\",\"breadcrumb\":{\"@id\":\"https:\\\/\\\/news.save.ch\\\/vssu-ueber-170-berufsleute-erhalten-eidg-fachausweis\\\/#breadcrumb\"},\"inLanguage\":\"fr-FR\",\"potentialAction\":[{\"@type\":\"ReadAction\",\"target\":[\"https:\\\/\\\/news.save.ch\\\/vssu-ueber-170-berufsleute-erhalten-eidg-fachausweis\\\/\"]}]},{\"@type\":\"ImageObject\",\"inLanguage\":\"fr-FR\",\"@id\":\"https:\\\/\\\/news.save.ch\\\/vssu-ueber-170-berufsleute-erhalten-eidg-fachausweis\\\/#primaryimage\",\"url\":\"https:\\\/\\\/news.save.ch\\\/wp-content\\\/uploads\\\/2018\\\/12\\\/VSSU-Korr-1-scaled-1-scaled.jpg\",\"contentUrl\":\"https:\\\/\\\/news.save.ch\\\/wp-content\\\/uploads\\\/2018\\\/12\\\/VSSU-Korr-1-scaled-1-scaled.jpg\",\"width\":1400,\"height\":934,\"caption\":\"177 Absolventinnen und Absolventen haben die eidg. Berufspr\u00fcfung bestanden. (Fotos: R. Str\u00e4ssle)\"},{\"@type\":\"BreadcrumbList\",\"@id\":\"https:\\\/\\\/news.save.ch\\\/vssu-ueber-170-berufsleute-erhalten-eidg-fachausweis\\\/#breadcrumb\",\"itemListElement\":[{\"@type\":\"ListItem\",\"position\":1,\"name\":\"Home\",\"item\":\"https:\\\/\\\/news.save.ch\\\/de\\\/\"},{\"@type\":\"ListItem\",\"position\":2,\"name\":\"\u00dcber 170 Berufsleute erhalten vom VSSU den eidg. Fachausweis\"}]},{\"@type\":\"WebSite\",\"@id\":\"https:\\\/\\\/news.save.ch\\\/de\\\/#website\",\"url\":\"https:\\\/\\\/news.save.ch\\\/de\\\/\",\"name\":\"Save\",\"description\":\"Schweizer Fachzeitschrift f\u00fcr Sicherheit\",\"publisher\":{\"@id\":\"https:\\\/\\\/news.save.ch\\\/de\\\/#organization\"},\"potentialAction\":[{\"@type\":\"SearchAction\",\"target\":{\"@type\":\"EntryPoint\",\"urlTemplate\":\"https:\\\/\\\/news.save.ch\\\/de\\\/?s={search_term_string}\"},\"query-input\":{\"@type\":\"PropertyValueSpecification\",\"valueRequired\":true,\"valueName\":\"search_term_string\"}}],\"inLanguage\":\"fr-FR\"},{\"@type\":\"Organization\",\"@id\":\"https:\\\/\\\/news.save.ch\\\/de\\\/#organization\",\"name\":\"Sicherheitsforum\",\"url\":\"https:\\\/\\\/news.save.ch\\\/de\\\/\",\"logo\":{\"@type\":\"ImageObject\",\"inLanguage\":\"fr-FR\",\"@id\":\"https:\\\/\\\/news.save.ch\\\/de\\\/#\\\/schema\\\/logo\\\/image\\\/\",\"url\":\"https:\\\/\\\/news.save.ch\\\/wp-content\\\/uploads\\\/2022\\\/06\\\/Logo_SF_2012.png\",\"contentUrl\":\"https:\\\/\\\/news.save.ch\\\/wp-content\\\/uploads\\\/2022\\\/06\\\/Logo_SF_2012.png\",\"width\":1100,\"height\":91,\"caption\":\"Sicherheitsforum\"},\"image\":{\"@id\":\"https:\\\/\\\/news.save.ch\\\/de\\\/#\\\/schema\\\/logo\\\/image\\\/\"}},{\"@type\":\"Person\",\"@id\":\"https:\\\/\\\/news.save.ch\\\/de\\\/#\\\/schema\\\/person\\\/d5022db048e0e2b9785c50e5b24da5aa\",\"name\":\"Roger Str\u00e4ssle\",\"image\":{\"@type\":\"ImageObject\",\"inLanguage\":\"fr-FR\",\"@id\":\"https:\\\/\\\/secure.gravatar.com\\\/avatar\\\/862a5569d087de48e5856e32f45d719a03804c891d6deb8d4f71a660e79e4a47?s=96&d=mm&r=g\",\"url\":\"https:\\\/\\\/secure.gravatar.com\\\/avatar\\\/862a5569d087de48e5856e32f45d719a03804c891d6deb8d4f71a660e79e4a47?s=96&d=mm&r=g\",\"contentUrl\":\"https:\\\/\\\/secure.gravatar.com\\\/avatar\\\/862a5569d087de48e5856e32f45d719a03804c891d6deb8d4f71a660e79e4a47?s=96&d=mm&r=g\",\"caption\":\"Roger Str\u00e4ssle\"},\"url\":\"https:\\\/\\\/news.save.ch\\\/fr\\\/author\\\/roger-straessle\\\/\"}]}<\/script>\n<!-- \/ Yoast SEO plugin. -->","yoast_head_json":{"title":"Plus de 170 professionnels re\u00e7oivent le brevet f\u00e9d\u00e9ral de la VSSU - Save","description":"L'Association des entreprises suisses de services de s\u00e9curit\u00e9 (VSSU) vient de d\u00e9cerner le brevet f\u00e9d\u00e9ral FSB et FPO \u00e0 plus de 170 dipl\u00f4m\u00e9s.","robots":{"index":"index","follow":"follow","max-snippet":"max-snippet:-1","max-image-preview":"max-image-preview:large","max-video-preview":"max-video-preview:-1"},"canonical":"https:\/\/news.save.ch\/fr\/vssu-ueber-170-berufsleute-erhalten-eidg-fachausweis\/","og_locale":"fr_FR","og_type":"article","og_title":"\u00dcber 170 Berufsleute erhalten vom VSSU den eidg. Fachausweis - Save","og_description":"Der Verband Schweizerische Sicherheitsdienstleistungs-Unternehmen (VSSU) zeichnete soeben \u00fcber 170 Absolventen mit dem eidg. Fachausweis FSB und FPO aus.","og_url":"https:\/\/news.save.ch\/fr\/vssu-ueber-170-berufsleute-erhalten-eidg-fachausweis\/","og_site_name":"Save","article_published_time":"2018-12-07T10:12:29+00:00","og_image":[{"width":1400,"height":934,"url":"https:\/\/news.save.ch\/wp-content\/uploads\/2018\/12\/VSSU-Korr-1-scaled-1-scaled.jpg","type":"image\/jpeg"}],"author":"Roger Str\u00e4ssle","twitter_card":"summary_large_image","twitter_misc":{"\u00c9crit par":"Roger Str\u00e4ssle","Dur\u00e9e de lecture estim\u00e9e":"2 minutes"},"schema":{"@context":"https:\/\/schema.org","@graph":[{"@type":"Article","@id":"https:\/\/news.save.ch\/vssu-ueber-170-berufsleute-erhalten-eidg-fachausweis\/#article","isPartOf":{"@id":"https:\/\/news.save.ch\/vssu-ueber-170-berufsleute-erhalten-eidg-fachausweis\/"},"author":{"name":"Roger Str\u00e4ssle","@id":"https:\/\/news.save.ch\/de\/#\/schema\/person\/d5022db048e0e2b9785c50e5b24da5aa"},"headline":"\u00dcber 170 Berufsleute erhalten vom VSSU den eidg. Fachausweis","datePublished":"2018-12-07T10:12:29+00:00","mainEntityOfPage":{"@id":"https:\/\/news.save.ch\/vssu-ueber-170-berufsleute-erhalten-eidg-fachausweis\/"},"wordCount":399,"commentCount":0,"publisher":{"@id":"https:\/\/news.save.ch\/de\/#organization"},"image":{"@id":"https:\/\/news.save.ch\/vssu-ueber-170-berufsleute-erhalten-eidg-fachausweis\/#primaryimage"},"thumbnailUrl":"https:\/\/news.save.ch\/wp-content\/uploads\/2018\/12\/VSSU-Korr-1-scaled-1-scaled.jpg","keywords":["Berufspr\u00fcfung","Bewachung","Fachausweis","Verb\u00e4nde","VSSU"],"articleSection":["ALLGEMEIN"],"inLanguage":"fr-FR"},{"@type":"WebPage","@id":"https:\/\/news.save.ch\/vssu-ueber-170-berufsleute-erhalten-eidg-fachausweis\/","url":"https:\/\/news.save.ch\/vssu-ueber-170-berufsleute-erhalten-eidg-fachausweis\/","name":"Plus de 170 professionnels re\u00e7oivent le brevet f\u00e9d\u00e9ral de la VSSU - Save","isPartOf":{"@id":"https:\/\/news.save.ch\/de\/#website"},"primaryImageOfPage":{"@id":"https:\/\/news.save.ch\/vssu-ueber-170-berufsleute-erhalten-eidg-fachausweis\/#primaryimage"},"image":{"@id":"https:\/\/news.save.ch\/vssu-ueber-170-berufsleute-erhalten-eidg-fachausweis\/#primaryimage"},"thumbnailUrl":"https:\/\/news.save.ch\/wp-content\/uploads\/2018\/12\/VSSU-Korr-1-scaled-1-scaled.jpg","datePublished":"2018-12-07T10:12:29+00:00","description":"L'Association des entreprises suisses de services de s\u00e9curit\u00e9 (VSSU) vient de d\u00e9cerner le brevet f\u00e9d\u00e9ral FSB et FPO \u00e0 plus de 170 dipl\u00f4m\u00e9s.","breadcrumb":{"@id":"https:\/\/news.save.ch\/vssu-ueber-170-berufsleute-erhalten-eidg-fachausweis\/#breadcrumb"},"inLanguage":"fr-FR","potentialAction":[{"@type":"ReadAction","target":["https:\/\/news.save.ch\/vssu-ueber-170-berufsleute-erhalten-eidg-fachausweis\/"]}]},{"@type":"ImageObject","inLanguage":"fr-FR","@id":"https:\/\/news.save.ch\/vssu-ueber-170-berufsleute-erhalten-eidg-fachausweis\/#primaryimage","url":"https:\/\/news.save.ch\/wp-content\/uploads\/2018\/12\/VSSU-Korr-1-scaled-1-scaled.jpg","contentUrl":"https:\/\/news.save.ch\/wp-content\/uploads\/2018\/12\/VSSU-Korr-1-scaled-1-scaled.jpg","width":1400,"height":934,"caption":"177 Absolventinnen und Absolventen haben die eidg. Berufspr\u00fcfung bestanden. (Fotos: R. Str\u00e4ssle)"},{"@type":"BreadcrumbList","@id":"https:\/\/news.save.ch\/vssu-ueber-170-berufsleute-erhalten-eidg-fachausweis\/#breadcrumb","itemListElement":[{"@type":"ListItem","position":1,"name":"Home","item":"https:\/\/news.save.ch\/de\/"},{"@type":"ListItem","position":2,"name":"\u00dcber 170 Berufsleute erhalten vom VSSU den eidg. Fachausweis"}]},{"@type":"WebSite","@id":"https:\/\/news.save.ch\/de\/#website","url":"https:\/\/news.save.ch\/de\/","name":"Save","description":"Revue suisse sp\u00e9cialis\u00e9e dans la s\u00e9curit\u00e9","publisher":{"@id":"https:\/\/news.save.ch\/de\/#organization"},"potentialAction":[{"@type":"SearchAction","target":{"@type":"EntryPoint","urlTemplate":"https:\/\/news.save.ch\/de\/?s={search_term_string}"},"query-input":{"@type":"PropertyValueSpecification","valueRequired":true,"valueName":"search_term_string"}}],"inLanguage":"fr-FR"},{"@type":"Organization","@id":"https:\/\/news.save.ch\/de\/#organization","name":"Forum sur la s\u00e9curit\u00e9","url":"https:\/\/news.save.ch\/de\/","logo":{"@type":"ImageObject","inLanguage":"fr-FR","@id":"https:\/\/news.save.ch\/de\/#\/schema\/logo\/image\/","url":"https:\/\/news.save.ch\/wp-content\/uploads\/2022\/06\/Logo_SF_2012.png","contentUrl":"https:\/\/news.save.ch\/wp-content\/uploads\/2022\/06\/Logo_SF_2012.png","width":1100,"height":91,"caption":"Sicherheitsforum"},"image":{"@id":"https:\/\/news.save.ch\/de\/#\/schema\/logo\/image\/"}},{"@type":"Person","@id":"https:\/\/news.save.ch\/de\/#\/schema\/person\/d5022db048e0e2b9785c50e5b24da5aa","name":"Roger Str\u00e4ssle","image":{"@type":"ImageObject","inLanguage":"fr-FR","@id":"https:\/\/secure.gravatar.com\/avatar\/862a5569d087de48e5856e32f45d719a03804c891d6deb8d4f71a660e79e4a47?s=96&d=mm&r=g","url":"https:\/\/secure.gravatar.com\/avatar\/862a5569d087de48e5856e32f45d719a03804c891d6deb8d4f71a660e79e4a47?s=96&d=mm&r=g","contentUrl":"https:\/\/secure.gravatar.com\/avatar\/862a5569d087de48e5856e32f45d719a03804c891d6deb8d4f71a660e79e4a47?s=96&d=mm&r=g","caption":"Roger Str\u00e4ssle"},"url":"https:\/\/news.save.ch\/fr\/author\/roger-straessle\/"}]}},"_links":{"self":[{"href":"https:\/\/news.save.ch\/fr\/wp-json\/wp\/v2\/posts\/7320","targetHints":{"allow":["GET"]}}],"collection":[{"href":"https:\/\/news.save.ch\/fr\/wp-json\/wp\/v2\/posts"}],"about":[{"href":"https:\/\/news.save.ch\/fr\/wp-json\/wp\/v2\/types\/post"}],"author":[{"embeddable":true,"href":"https:\/\/news.save.ch\/fr\/wp-json\/wp\/v2\/users\/8"}],"replies":[{"embeddable":true,"href":"https:\/\/news.save.ch\/fr\/wp-json\/wp\/v2\/comments?post=7320"}],"version-history":[{"count":0,"href":"https:\/\/news.save.ch\/fr\/wp-json\/wp\/v2\/posts\/7320\/revisions"}],"wp:featuredmedia":[{"embeddable":true,"href":"https:\/\/news.save.ch\/fr\/wp-json\/wp\/v2\/media\/7321"}],"wp:attachment":[{"href":"https:\/\/news.save.ch\/fr\/wp-json\/wp\/v2\/media?parent=7320"}],"wp:term":[{"taxonomy":"category","embeddable":true,"href":"https:\/\/news.save.ch\/fr\/wp-json\/wp\/v2\/categories?post=7320"},{"taxonomy":"post_tag","embeddable":true,"href":"https:\/\/news.save.ch\/fr\/wp-json\/wp\/v2\/tags?post=7320"}],"curies":[{"name":"wp","href":"https:\/\/api.w.org\/{rel}","templated":true}]}}