{"id":7326,"date":"2021-06-23T08:43:33","date_gmt":"2021-06-23T06:43:33","guid":{"rendered":"https:\/\/news.save.ch\/?p=7326"},"modified":"2023-08-05T10:29:11","modified_gmt":"2023-08-05T08:29:11","slug":"historisch-tiefe-suva-praemien-fuer-2022","status":null,"type":"post","link":"https:\/\/news.save.ch\/fr\/historisch-tiefe-suva-praemien-fuer-2022\/","title":{"rendered":"Des primes Suva historiquement basses pour 2022"},"content":{"rendered":"<figure id=\"attachment_7330\" aria-describedby=\"caption-attachment-7330\" style=\"width: 680px\" class=\"wp-caption alignnone\"><img loading=\"lazy\" decoding=\"async\" class=\"wp-image-7330 size-medium\" src=\"http:\/\/develop.safety-plus.ch\/wp-content\/uploads\/2021\/06\/Bauarbeiter_teaser-1.jpg\" alt=\"Suva\" width=\"680\" height=\"436\" \/><figcaption id=\"caption-attachment-7330\" class=\"wp-caption-text\">Source : Pixabay<\/figcaption><\/figure>\n<p>La Suva a enregistr\u00e9 un r\u00e9sultat d'exploitation positif l'ann\u00e9e derni\u00e8re. Toutes les branches d'assurance importantes sont en \u00e9quilibre financier, comme l'indique la Suva dans un communiqu\u00e9. Des provisions conformes aux besoins ont \u00e9t\u00e9 constitu\u00e9es pour toutes les prestations futures r\u00e9sultant d'accidents et de maladies professionnelles. En raison des effets sp\u00e9ciaux, les assur\u00e9s devraient b\u00e9n\u00e9ficier de primes basses l'ann\u00e9e prochaine. Les placements en actions ont contribu\u00e9 pour la plus grande part \u00e0 la forte performance des placements.<\/p>\n<h2>Moins d'accidents et de maladies professionnelles suite \u00e0 la pand\u00e9mie<\/h2>\n<p>La Suva peut ainsi investir une grande partie de sa fortune dans l'immobilier et les placements alternatifs. Pendant le lockdown, le nombre d'accidents a en outre baiss\u00e9 \u00e0 partir de la mi-mars, de dix pour cent au total. Le plus fort recul des accidents professionnels a \u00e9t\u00e9 enregistr\u00e9 dans l'aviation, avec une baisse de 54 pour cent. Au total, la Suva a re\u00e7u 431 827 d\u00e9clarations d'accidents et de maladies professionnelles, soit dix pour cent de moins qu'en 2019. En outre, les restrictions des activit\u00e9s sportives de loisirs ont \u00e9galement entra\u00een\u00e9 une baisse des accidents dans les sports d'\u00e9quipe. Ainsi, le nombre d'accidents de football a diminu\u00e9 de 37 pour cent. Il en r\u00e9sulte un exc\u00e9dent extraordinaire de 253 millions de francs, qui sera restitu\u00e9 aux assur\u00e9s en 2022 sous forme de primes plus basses. Gr\u00e2ce aux exc\u00e9dents et aux revenus des placements de 779 millions de francs, soit 22 pour cent des primes nettes, la charge moyenne des primes des assur\u00e9s sera \"historiquement basse\" l'ann\u00e9e prochaine, selon la Suva.<\/p>\n<p>Les t\u00e2ches complexes de la Suva seront \u00e9galement davantage prises en charge par des sp\u00e9cialistes et des case managers, ainsi que par davantage de portails de services et d'applications. La proximit\u00e9 avec la client\u00e8le reste cependant un \u00e9l\u00e9ment central de la nouvelle structure : toutes les agences de la Suva restent inchang\u00e9es et doivent s'occuper encore plus des demandes importantes des clients, explique-t-on \u00e0 la Suva.<\/p>\n<p><em>Source : Suva<\/em><\/p>","protected":false},"excerpt":{"rendered":"<p>Die Suva blickt im vergangenen Jahr auf ein positives Betriebsergebnis zur\u00fcck. Alle wichtigen Versicherungszweige bef\u00e4nden sich finanziell in einem Gleichgewicht, wie die Suva in einer Mitteilung schreibt. F\u00fcr s\u00e4mtliche zuk\u00fcnftige Leistungen aus Unf\u00e4llen und Berufskrankheiten best\u00fcnden bedarfsgerechte R\u00fcckstellungen. Aufgrund der Sondereffekte sollen die Versicherten im n\u00e4chsten Jahr von tiefen Pr\u00e4mien profitieren. Den gr\u00f6ssten Teil einer [&hellip;]<\/p>\n","protected":false},"author":9,"featured_media":16435,"comment_status":"closed","ping_status":"closed","sticky":false,"template":"","format":"standard","meta":{"_acf_changed":false,"pgc_sgb_lightbox_settings":"","footnotes":""},"categories":[1,3314],"tags":[6250,6249,2704,167,3144],"class_list":["post-7326","post","type-post","status-publish","format-standard","has-post-thumbnail","hentry","category-allgemein","category-health-safety","tag-anlagenperformance","tag-betriebsergebnis","tag-praemien","tag-suva","tag-unfallzahlen"],"acf":[],"hkrextid":null,"publication":null,"issue":null,"workflow":null,"startPage":null,"spitzmarke":null,"_posts_by_tag_page_fields":{"widget_title":"","widget_tags":""},"_at_widget":"1","_yoast_wpseo_primary_category":"1","_yoast_wpseo_focuskw_text_input":null,"_yoast_wpseo_opengraph-image":null,"_yoast_wpseo_opengraph-description":null,"_yoast_wpseo_opengraph-title":null,"enclosure":null,"_yoast_wpseo_twitter-title":null,"_yoast_wpseo_twitter-description":null,"_yoast_wpseo_twitter-image":null,"_wp_old_slug":null,"_yoast_wpseo_title":null,"_yoast_wpseo_canonical":null,"yoast_head":"<!-- This site is optimized with the Yoast SEO plugin v27.5 - https:\/\/yoast.com\/product\/yoast-seo-wordpress\/ -->\n<title>Historisch tiefe Suva-Pr\u00e4mien f\u00fcr 2022 - Save<\/title>\n<meta name=\"description\" content=\"F\u00fcr das vergangene Gesch\u00e4ftsjahr kann die Suva mit 241 Millionen Franken ein positives Betriebsergebnis ausweisen. Die Versicherungszweige bef\u00e4nden sich finanziell im Gleichgewicht.\" \/>\n<meta name=\"robots\" content=\"index, follow, max-snippet:-1, max-image-preview:large, max-video-preview:-1\" \/>\n<link rel=\"canonical\" href=\"https:\/\/news.save.ch\/fr\/historisch-tiefe-suva-praemien-fuer-2022\/\" \/>\n<meta property=\"og:locale\" content=\"fr_FR\" \/>\n<meta property=\"og:type\" content=\"article\" \/>\n<meta property=\"og:title\" content=\"Historisch tiefe Suva-Pr\u00e4mien f\u00fcr 2022 - Save\" \/>\n<meta property=\"og:description\" content=\"F\u00fcr das vergangene Gesch\u00e4ftsjahr kann die Suva mit 241 Millionen Franken ein positives Betriebsergebnis ausweisen. Die Versicherungszweige bef\u00e4nden sich finanziell im Gleichgewicht.\" \/>\n<meta property=\"og:url\" content=\"https:\/\/news.save.ch\/fr\/historisch-tiefe-suva-praemien-fuer-2022\/\" \/>\n<meta property=\"og:site_name\" content=\"Save\" \/>\n<meta property=\"article:published_time\" content=\"2021-06-23T06:43:33+00:00\" \/>\n<meta property=\"article:modified_time\" content=\"2023-08-05T08:29:11+00:00\" \/>\n<meta property=\"og:image\" content=\"https:\/\/news.save.ch\/wp-content\/uploads\/2021\/06\/Bauarbeiter_teaser-1.jpg\" \/>\n\t<meta property=\"og:image:width\" content=\"931\" \/>\n\t<meta property=\"og:image:height\" content=\"597\" \/>\n\t<meta property=\"og:image:type\" content=\"image\/jpeg\" \/>\n<meta name=\"author\" content=\"Simon Gr\u00f6flin\" \/>\n<meta name=\"twitter:card\" content=\"summary_large_image\" \/>\n<meta name=\"twitter:label1\" content=\"\u00c9crit par\" \/>\n\t<meta name=\"twitter:data1\" content=\"Simon Gr\u00f6flin\" \/>\n\t<meta name=\"twitter:label2\" content=\"Dur\u00e9e de lecture estim\u00e9e\" \/>\n\t<meta name=\"twitter:data2\" content=\"2 minutes\" \/>\n<script type=\"application\/ld+json\" class=\"yoast-schema-graph\">{\"@context\":\"https:\\\/\\\/schema.org\",\"@graph\":[{\"@type\":\"Article\",\"@id\":\"https:\\\/\\\/news.save.ch\\\/historisch-tiefe-suva-praemien-fuer-2022\\\/#article\",\"isPartOf\":{\"@id\":\"https:\\\/\\\/news.save.ch\\\/historisch-tiefe-suva-praemien-fuer-2022\\\/\"},\"author\":{\"name\":\"Simon Gr\u00f6flin\",\"@id\":\"https:\\\/\\\/news.save.ch\\\/de\\\/#\\\/schema\\\/person\\\/ad4ef21102fd6125312409ac57d5296d\"},\"headline\":\"Historisch tiefe Suva-Pr\u00e4mien f\u00fcr 2022\",\"datePublished\":\"2021-06-23T06:43:33+00:00\",\"dateModified\":\"2023-08-05T08:29:11+00:00\",\"mainEntityOfPage\":{\"@id\":\"https:\\\/\\\/news.save.ch\\\/historisch-tiefe-suva-praemien-fuer-2022\\\/\"},\"wordCount\":304,\"publisher\":{\"@id\":\"https:\\\/\\\/news.save.ch\\\/de\\\/#organization\"},\"image\":{\"@id\":\"https:\\\/\\\/news.save.ch\\\/historisch-tiefe-suva-praemien-fuer-2022\\\/#primaryimage\"},\"thumbnailUrl\":\"https:\\\/\\\/news.save.ch\\\/wp-content\\\/uploads\\\/2021\\\/06\\\/Bauarbeiter_teaser-1.jpg\",\"keywords\":[\"Anlagenperformance\",\"Betriebsergebnis\",\"Pr\u00e4mien\",\"SUVA\",\"Unfallzahlen\"],\"articleSection\":[\"ALLGEMEIN\",\"HEALTH &amp; SAFETY\"],\"inLanguage\":\"fr-FR\"},{\"@type\":\"WebPage\",\"@id\":\"https:\\\/\\\/news.save.ch\\\/historisch-tiefe-suva-praemien-fuer-2022\\\/\",\"url\":\"https:\\\/\\\/news.save.ch\\\/historisch-tiefe-suva-praemien-fuer-2022\\\/\",\"name\":\"Historisch tiefe Suva-Pr\u00e4mien f\u00fcr 2022 - Save\",\"isPartOf\":{\"@id\":\"https:\\\/\\\/news.save.ch\\\/de\\\/#website\"},\"primaryImageOfPage\":{\"@id\":\"https:\\\/\\\/news.save.ch\\\/historisch-tiefe-suva-praemien-fuer-2022\\\/#primaryimage\"},\"image\":{\"@id\":\"https:\\\/\\\/news.save.ch\\\/historisch-tiefe-suva-praemien-fuer-2022\\\/#primaryimage\"},\"thumbnailUrl\":\"https:\\\/\\\/news.save.ch\\\/wp-content\\\/uploads\\\/2021\\\/06\\\/Bauarbeiter_teaser-1.jpg\",\"datePublished\":\"2021-06-23T06:43:33+00:00\",\"dateModified\":\"2023-08-05T08:29:11+00:00\",\"description\":\"F\u00fcr das vergangene Gesch\u00e4ftsjahr kann die Suva mit 241 Millionen Franken ein positives Betriebsergebnis ausweisen. Die Versicherungszweige bef\u00e4nden sich finanziell im Gleichgewicht.\",\"breadcrumb\":{\"@id\":\"https:\\\/\\\/news.save.ch\\\/historisch-tiefe-suva-praemien-fuer-2022\\\/#breadcrumb\"},\"inLanguage\":\"fr-FR\",\"potentialAction\":[{\"@type\":\"ReadAction\",\"target\":[\"https:\\\/\\\/news.save.ch\\\/historisch-tiefe-suva-praemien-fuer-2022\\\/\"]}]},{\"@type\":\"ImageObject\",\"inLanguage\":\"fr-FR\",\"@id\":\"https:\\\/\\\/news.save.ch\\\/historisch-tiefe-suva-praemien-fuer-2022\\\/#primaryimage\",\"url\":\"https:\\\/\\\/news.save.ch\\\/wp-content\\\/uploads\\\/2021\\\/06\\\/Bauarbeiter_teaser-1.jpg\",\"contentUrl\":\"https:\\\/\\\/news.save.ch\\\/wp-content\\\/uploads\\\/2021\\\/06\\\/Bauarbeiter_teaser-1.jpg\",\"width\":931,\"height\":597,\"caption\":\"Quelle: Pixabay\"},{\"@type\":\"BreadcrumbList\",\"@id\":\"https:\\\/\\\/news.save.ch\\\/historisch-tiefe-suva-praemien-fuer-2022\\\/#breadcrumb\",\"itemListElement\":[{\"@type\":\"ListItem\",\"position\":1,\"name\":\"Home\",\"item\":\"https:\\\/\\\/news.save.ch\\\/de\\\/\"},{\"@type\":\"ListItem\",\"position\":2,\"name\":\"Historisch tiefe Suva-Pr\u00e4mien f\u00fcr 2022\"}]},{\"@type\":\"WebSite\",\"@id\":\"https:\\\/\\\/news.save.ch\\\/de\\\/#website\",\"url\":\"https:\\\/\\\/news.save.ch\\\/de\\\/\",\"name\":\"Save\",\"description\":\"Schweizer Fachzeitschrift f\u00fcr Sicherheit\",\"publisher\":{\"@id\":\"https:\\\/\\\/news.save.ch\\\/de\\\/#organization\"},\"potentialAction\":[{\"@type\":\"SearchAction\",\"target\":{\"@type\":\"EntryPoint\",\"urlTemplate\":\"https:\\\/\\\/news.save.ch\\\/de\\\/?s={search_term_string}\"},\"query-input\":{\"@type\":\"PropertyValueSpecification\",\"valueRequired\":true,\"valueName\":\"search_term_string\"}}],\"inLanguage\":\"fr-FR\"},{\"@type\":\"Organization\",\"@id\":\"https:\\\/\\\/news.save.ch\\\/de\\\/#organization\",\"name\":\"Sicherheitsforum\",\"url\":\"https:\\\/\\\/news.save.ch\\\/de\\\/\",\"logo\":{\"@type\":\"ImageObject\",\"inLanguage\":\"fr-FR\",\"@id\":\"https:\\\/\\\/news.save.ch\\\/de\\\/#\\\/schema\\\/logo\\\/image\\\/\",\"url\":\"https:\\\/\\\/news.save.ch\\\/wp-content\\\/uploads\\\/2022\\\/06\\\/Logo_SF_2012.png\",\"contentUrl\":\"https:\\\/\\\/news.save.ch\\\/wp-content\\\/uploads\\\/2022\\\/06\\\/Logo_SF_2012.png\",\"width\":1100,\"height\":91,\"caption\":\"Sicherheitsforum\"},\"image\":{\"@id\":\"https:\\\/\\\/news.save.ch\\\/de\\\/#\\\/schema\\\/logo\\\/image\\\/\"}},{\"@type\":\"Person\",\"@id\":\"https:\\\/\\\/news.save.ch\\\/de\\\/#\\\/schema\\\/person\\\/ad4ef21102fd6125312409ac57d5296d\",\"name\":\"Simon Gr\u00f6flin\",\"image\":{\"@type\":\"ImageObject\",\"inLanguage\":\"fr-FR\",\"@id\":\"https:\\\/\\\/secure.gravatar.com\\\/avatar\\\/6ddceb80eb734354635539e0ea5140bb7c41e42de7c45c9a2ab9921b5d5c9a83?s=96&d=mm&r=g\",\"url\":\"https:\\\/\\\/secure.gravatar.com\\\/avatar\\\/6ddceb80eb734354635539e0ea5140bb7c41e42de7c45c9a2ab9921b5d5c9a83?s=96&d=mm&r=g\",\"contentUrl\":\"https:\\\/\\\/secure.gravatar.com\\\/avatar\\\/6ddceb80eb734354635539e0ea5140bb7c41e42de7c45c9a2ab9921b5d5c9a83?s=96&d=mm&r=g\",\"caption\":\"Simon Gr\u00f6flin\"},\"url\":\"https:\\\/\\\/news.save.ch\\\/fr\\\/author\\\/simon-groeflin\\\/\"}]}<\/script>\n<!-- \/ Yoast SEO plugin. -->","yoast_head_json":{"title":"Des primes Suva historiquement basses pour 2022 - Save","description":"La Suva a enregistr\u00e9 un r\u00e9sultat d'exploitation positif de 241 millions de francs pour l'exercice \u00e9coul\u00e9. Les branches d'assurance sont en \u00e9quilibre financier.","robots":{"index":"index","follow":"follow","max-snippet":"max-snippet:-1","max-image-preview":"max-image-preview:large","max-video-preview":"max-video-preview:-1"},"canonical":"https:\/\/news.save.ch\/fr\/historisch-tiefe-suva-praemien-fuer-2022\/","og_locale":"fr_FR","og_type":"article","og_title":"Historisch tiefe Suva-Pr\u00e4mien f\u00fcr 2022 - Save","og_description":"F\u00fcr das vergangene Gesch\u00e4ftsjahr kann die Suva mit 241 Millionen Franken ein positives Betriebsergebnis ausweisen. Die Versicherungszweige bef\u00e4nden sich finanziell im Gleichgewicht.","og_url":"https:\/\/news.save.ch\/fr\/historisch-tiefe-suva-praemien-fuer-2022\/","og_site_name":"Save","article_published_time":"2021-06-23T06:43:33+00:00","article_modified_time":"2023-08-05T08:29:11+00:00","og_image":[{"width":931,"height":597,"url":"https:\/\/news.save.ch\/wp-content\/uploads\/2021\/06\/Bauarbeiter_teaser-1.jpg","type":"image\/jpeg"}],"author":"Simon Gr\u00f6flin","twitter_card":"summary_large_image","twitter_misc":{"\u00c9crit par":"Simon Gr\u00f6flin","Dur\u00e9e de lecture estim\u00e9e":"2 minutes"},"schema":{"@context":"https:\/\/schema.org","@graph":[{"@type":"Article","@id":"https:\/\/news.save.ch\/historisch-tiefe-suva-praemien-fuer-2022\/#article","isPartOf":{"@id":"https:\/\/news.save.ch\/historisch-tiefe-suva-praemien-fuer-2022\/"},"author":{"name":"Simon Gr\u00f6flin","@id":"https:\/\/news.save.ch\/de\/#\/schema\/person\/ad4ef21102fd6125312409ac57d5296d"},"headline":"Historisch tiefe Suva-Pr\u00e4mien f\u00fcr 2022","datePublished":"2021-06-23T06:43:33+00:00","dateModified":"2023-08-05T08:29:11+00:00","mainEntityOfPage":{"@id":"https:\/\/news.save.ch\/historisch-tiefe-suva-praemien-fuer-2022\/"},"wordCount":304,"publisher":{"@id":"https:\/\/news.save.ch\/de\/#organization"},"image":{"@id":"https:\/\/news.save.ch\/historisch-tiefe-suva-praemien-fuer-2022\/#primaryimage"},"thumbnailUrl":"https:\/\/news.save.ch\/wp-content\/uploads\/2021\/06\/Bauarbeiter_teaser-1.jpg","keywords":["Anlagenperformance","Betriebsergebnis","Pr\u00e4mien","SUVA","Unfallzahlen"],"articleSection":["ALLGEMEIN","HEALTH &amp; SAFETY"],"inLanguage":"fr-FR"},{"@type":"WebPage","@id":"https:\/\/news.save.ch\/historisch-tiefe-suva-praemien-fuer-2022\/","url":"https:\/\/news.save.ch\/historisch-tiefe-suva-praemien-fuer-2022\/","name":"Des primes Suva historiquement basses pour 2022 - Save","isPartOf":{"@id":"https:\/\/news.save.ch\/de\/#website"},"primaryImageOfPage":{"@id":"https:\/\/news.save.ch\/historisch-tiefe-suva-praemien-fuer-2022\/#primaryimage"},"image":{"@id":"https:\/\/news.save.ch\/historisch-tiefe-suva-praemien-fuer-2022\/#primaryimage"},"thumbnailUrl":"https:\/\/news.save.ch\/wp-content\/uploads\/2021\/06\/Bauarbeiter_teaser-1.jpg","datePublished":"2021-06-23T06:43:33+00:00","dateModified":"2023-08-05T08:29:11+00:00","description":"La Suva a enregistr\u00e9 un r\u00e9sultat d'exploitation positif de 241 millions de francs pour l'exercice \u00e9coul\u00e9. Les branches d'assurance sont en \u00e9quilibre financier.","breadcrumb":{"@id":"https:\/\/news.save.ch\/historisch-tiefe-suva-praemien-fuer-2022\/#breadcrumb"},"inLanguage":"fr-FR","potentialAction":[{"@type":"ReadAction","target":["https:\/\/news.save.ch\/historisch-tiefe-suva-praemien-fuer-2022\/"]}]},{"@type":"ImageObject","inLanguage":"fr-FR","@id":"https:\/\/news.save.ch\/historisch-tiefe-suva-praemien-fuer-2022\/#primaryimage","url":"https:\/\/news.save.ch\/wp-content\/uploads\/2021\/06\/Bauarbeiter_teaser-1.jpg","contentUrl":"https:\/\/news.save.ch\/wp-content\/uploads\/2021\/06\/Bauarbeiter_teaser-1.jpg","width":931,"height":597,"caption":"Quelle: Pixabay"},{"@type":"BreadcrumbList","@id":"https:\/\/news.save.ch\/historisch-tiefe-suva-praemien-fuer-2022\/#breadcrumb","itemListElement":[{"@type":"ListItem","position":1,"name":"Home","item":"https:\/\/news.save.ch\/de\/"},{"@type":"ListItem","position":2,"name":"Historisch tiefe Suva-Pr\u00e4mien f\u00fcr 2022"}]},{"@type":"WebSite","@id":"https:\/\/news.save.ch\/de\/#website","url":"https:\/\/news.save.ch\/de\/","name":"Save","description":"Revue suisse sp\u00e9cialis\u00e9e dans la s\u00e9curit\u00e9","publisher":{"@id":"https:\/\/news.save.ch\/de\/#organization"},"potentialAction":[{"@type":"SearchAction","target":{"@type":"EntryPoint","urlTemplate":"https:\/\/news.save.ch\/de\/?s={search_term_string}"},"query-input":{"@type":"PropertyValueSpecification","valueRequired":true,"valueName":"search_term_string"}}],"inLanguage":"fr-FR"},{"@type":"Organization","@id":"https:\/\/news.save.ch\/de\/#organization","name":"Forum sur la s\u00e9curit\u00e9","url":"https:\/\/news.save.ch\/de\/","logo":{"@type":"ImageObject","inLanguage":"fr-FR","@id":"https:\/\/news.save.ch\/de\/#\/schema\/logo\/image\/","url":"https:\/\/news.save.ch\/wp-content\/uploads\/2022\/06\/Logo_SF_2012.png","contentUrl":"https:\/\/news.save.ch\/wp-content\/uploads\/2022\/06\/Logo_SF_2012.png","width":1100,"height":91,"caption":"Sicherheitsforum"},"image":{"@id":"https:\/\/news.save.ch\/de\/#\/schema\/logo\/image\/"}},{"@type":"Person","@id":"https:\/\/news.save.ch\/de\/#\/schema\/person\/ad4ef21102fd6125312409ac57d5296d","name":"Simon Gr\u00f6flin","image":{"@type":"ImageObject","inLanguage":"fr-FR","@id":"https:\/\/secure.gravatar.com\/avatar\/6ddceb80eb734354635539e0ea5140bb7c41e42de7c45c9a2ab9921b5d5c9a83?s=96&d=mm&r=g","url":"https:\/\/secure.gravatar.com\/avatar\/6ddceb80eb734354635539e0ea5140bb7c41e42de7c45c9a2ab9921b5d5c9a83?s=96&d=mm&r=g","contentUrl":"https:\/\/secure.gravatar.com\/avatar\/6ddceb80eb734354635539e0ea5140bb7c41e42de7c45c9a2ab9921b5d5c9a83?s=96&d=mm&r=g","caption":"Simon Gr\u00f6flin"},"url":"https:\/\/news.save.ch\/fr\/author\/simon-groeflin\/"}]}},"_links":{"self":[{"href":"https:\/\/news.save.ch\/fr\/wp-json\/wp\/v2\/posts\/7326","targetHints":{"allow":["GET"]}}],"collection":[{"href":"https:\/\/news.save.ch\/fr\/wp-json\/wp\/v2\/posts"}],"about":[{"href":"https:\/\/news.save.ch\/fr\/wp-json\/wp\/v2\/types\/post"}],"author":[{"embeddable":true,"href":"https:\/\/news.save.ch\/fr\/wp-json\/wp\/v2\/users\/9"}],"replies":[{"embeddable":true,"href":"https:\/\/news.save.ch\/fr\/wp-json\/wp\/v2\/comments?post=7326"}],"version-history":[{"count":3,"href":"https:\/\/news.save.ch\/fr\/wp-json\/wp\/v2\/posts\/7326\/revisions"}],"predecessor-version":[{"id":21565,"href":"https:\/\/news.save.ch\/fr\/wp-json\/wp\/v2\/posts\/7326\/revisions\/21565"}],"wp:featuredmedia":[{"embeddable":true,"href":"https:\/\/news.save.ch\/fr\/wp-json\/wp\/v2\/media\/16435"}],"wp:attachment":[{"href":"https:\/\/news.save.ch\/fr\/wp-json\/wp\/v2\/media?parent=7326"}],"wp:term":[{"taxonomy":"category","embeddable":true,"href":"https:\/\/news.save.ch\/fr\/wp-json\/wp\/v2\/categories?post=7326"},{"taxonomy":"post_tag","embeddable":true,"href":"https:\/\/news.save.ch\/fr\/wp-json\/wp\/v2\/tags?post=7326"}],"curies":[{"name":"wp","href":"https:\/\/api.w.org\/{rel}","templated":true}]}}