{"id":7354,"date":"2021-07-06T09:17:22","date_gmt":"2021-07-06T07:17:22","guid":{"rendered":"https:\/\/news.save.ch\/?p=7354"},"modified":"2023-08-07T02:46:20","modified_gmt":"2023-08-07T00:46:20","slug":"sicherheitsbarometer","status":null,"type":"post","link":"https:\/\/news.save.ch\/fr\/sicherheitsbarometer\/","title":{"rendered":"Barom\u00e8tre de la s\u00e9curit\u00e9 BFU 2021"},"content":{"rendered":"<p><img loading=\"lazy\" decoding=\"async\" class=\"alignnone wp-image-7358 size-medium\" src=\"https:\/\/news.save.ch\/wp-content\/uploads\/2021\/07\/Fussgaenger_pixabay-680x453.jpg\" alt=\"Barom\u00e8tre de la s\u00e9curit\u00e9\" width=\"680\" height=\"453\" srcset=\"https:\/\/news.save.ch\/wp-content\/uploads\/2021\/07\/Fussgaenger_pixabay-680x453.jpg 680w, https:\/\/news.save.ch\/wp-content\/uploads\/2021\/07\/Fussgaenger_pixabay-768x512.jpg 768w, https:\/\/news.save.ch\/wp-content\/uploads\/2021\/07\/Fussgaenger_pixabay-18x12.jpg 18w, https:\/\/news.save.ch\/wp-content\/uploads\/2021\/07\/Fussgaenger_pixabay-375x250.jpg 375w, https:\/\/news.save.ch\/wp-content\/uploads\/2021\/07\/Fussgaenger_pixabay-525x350.jpg 525w, https:\/\/news.save.ch\/wp-content\/uploads\/2021\/07\/Fussgaenger_pixabay.jpg 960w\" sizes=\"auto, (max-width: 680px) 100vw, 680px\" \/><br \/>\n\u00a9Pixabay<\/p>\n<p>L'ann\u00e9e derni\u00e8re, le nombre de morts et de bless\u00e9s graves a augment\u00e9 par rapport \u00e0 2019. Selon le barom\u00e8tre de la s\u00e9curit\u00e9 du Bureau de pr\u00e9vention des accidents (BPA), le nombre de morts est pass\u00e9 l'an dernier de 40 \u00e0 227 et celui des bless\u00e9s graves de 154 \u00e0 3793. Les seniors seraient particuli\u00e8rement menac\u00e9s.<\/p>\n<p>Les accidents auraient surtout augment\u00e9 chez les personnes \u00e2g\u00e9es de 65 ans et plus. L'ann\u00e9e derni\u00e8re, on a d\u00e9nombr\u00e9 97 morts et 791 bless\u00e9s graves dans ce groupe d'\u00e2ge. La plupart des accidents se produisent lorsque les seniors se d\u00e9placent \u00e0 pied, \u00e0 v\u00e9lo ou \u00e0 v\u00e9lo \u00e9lectrique.<\/p>\n<h2>S\u00e9curit\u00e9 moyenne pour les enfants<\/h2>\n<p>Le barom\u00e8tre de la s\u00e9curit\u00e9 2021 indique \u00e9galement que les enfants sont particuli\u00e8rement menac\u00e9s sur les routes suisses. Pour 1 million d'enfants, 6,4 meurent chaque ann\u00e9e en Suisse.<\/p>\n<p>Dans notre pays, les enfants sont particuli\u00e8rement vuln\u00e9rables lorsqu'ils se d\u00e9placent \u00e0 pied. D'un point de vue statistique, cela change \u00e0 l'\u00e2ge de 12 ans : A partir de cet \u00e2ge, les enfants sont plus nombreux \u00e0 se blesser \u00e0 v\u00e9lo.<\/p>\n<h2>La Suisse ne doit pas se laisser aller<\/h2>\n<p>Le BEAA veut donc s'engager pour le respect syst\u00e9matique d'une \"vitesse de 30 km\/h\" dans les localit\u00e9s, car cela permettrait d'\u00e9viter au moins un tiers des accidents graves. L'effet pr\u00e9ventif des contr\u00f4les de police en mati\u00e8re de vitesse, d'alcool et de drogues est encore trop peu utilis\u00e9. Les usagers de la route ne sont souvent pas pr\u00e9par\u00e9s aux contr\u00f4les de police. C'est pourquoi il serait souhaitable que le BEAA pr\u00e9vienne les accidents de mani\u00e8re plus globale.<\/p>\n<p><em>Source : BFU<\/em><\/p>\n<p>&nbsp;<\/p>","protected":false},"excerpt":{"rendered":"<p>\u00a9Pixabay Im vergangenen Jahr kam es gegen\u00fcber 2019 zu mehr Toten und Schwerverletzten. Laut dem Sicherheitsbarometer der Beratungsstelle f\u00fcr Unfallverh\u00fctung (BFU) stieg die Zahl der Get\u00f6teten im letzten Jahr von 40 auf 227, jene der Schwerverletzten um 154 auf 3793. Besonders gef\u00e4hrdet seien Seniorinnen und Senioren. Vor allem bei Personen ab 65 Jahren h\u00e4tten die [&hellip;]<\/p>\n","protected":false},"author":9,"featured_media":7358,"comment_status":"closed","ping_status":"closed","sticky":false,"template":"","format":"standard","meta":{"_acf_changed":false,"pgc_sgb_lightbox_settings":"","footnotes":""},"categories":[3314],"tags":[4381,952,6239,141,4041,2907,6238,352],"class_list":["post-7354","post","type-post","status-publish","format-standard","has-post-thumbnail","hentry","category-health-safety","tag-beratungsstelle-fuer-unfallverhuetung-bfu","tag-bfu","tag-polizeikontrollen","tag-praevention","tag-seniorinnen-und-senioren","tag-sicherheitsbarometer","tag-tempo-30","tag-verkehrssicherheit"],"acf":[],"hkrextid":null,"publication":null,"issue":null,"workflow":null,"startPage":null,"spitzmarke":null,"_posts_by_tag_page_fields":{"widget_title":"","widget_tags":""},"_at_widget":"1","_yoast_wpseo_primary_category":"","_yoast_wpseo_focuskw_text_input":null,"_yoast_wpseo_opengraph-image":null,"_yoast_wpseo_opengraph-description":null,"_yoast_wpseo_opengraph-title":null,"enclosure":null,"_yoast_wpseo_twitter-title":null,"_yoast_wpseo_twitter-description":null,"_yoast_wpseo_twitter-image":null,"_wp_old_slug":"sicherheitsberometer","_yoast_wpseo_title":null,"_yoast_wpseo_canonical":null,"yoast_head":"<!-- This site is optimized with the Yoast SEO plugin v27.4 - https:\/\/yoast.com\/product\/yoast-seo-wordpress\/ -->\n<title>BFU-Sicherheitsbarometer 2021 - Save<\/title>\n<meta name=\"description\" content=\"Senioren und Kinder werden verh\u00e4ltnism\u00e4ssig auf den Strassen oft schwer verletzt. Kinder verunfallen zwar seltener, doch in anderen L\u00e4ndern Europas ist die Unfallbelastung bei den J\u00fcngeren in der Regel geringer als in der Schweiz.\" \/>\n<meta name=\"robots\" content=\"index, follow, max-snippet:-1, max-image-preview:large, max-video-preview:-1\" \/>\n<link rel=\"canonical\" href=\"https:\/\/news.save.ch\/fr\/sicherheitsbarometer\/\" \/>\n<meta property=\"og:locale\" content=\"fr_FR\" \/>\n<meta property=\"og:type\" content=\"article\" \/>\n<meta property=\"og:title\" content=\"BFU-Sicherheitsbarometer 2021 - Save\" \/>\n<meta property=\"og:description\" content=\"Senioren und Kinder werden verh\u00e4ltnism\u00e4ssig auf den Strassen oft schwer verletzt. Kinder verunfallen zwar seltener, doch in anderen L\u00e4ndern Europas ist die Unfallbelastung bei den J\u00fcngeren in der Regel geringer als in der Schweiz.\" \/>\n<meta property=\"og:url\" content=\"https:\/\/news.save.ch\/fr\/sicherheitsbarometer\/\" \/>\n<meta property=\"og:site_name\" content=\"Save\" \/>\n<meta property=\"article:published_time\" content=\"2021-07-06T07:17:22+00:00\" \/>\n<meta property=\"article:modified_time\" content=\"2023-08-07T00:46:20+00:00\" \/>\n<meta property=\"og:image\" content=\"https:\/\/news.save.ch\/wp-content\/uploads\/2021\/07\/Fussgaenger_pixabay.jpg\" \/>\n\t<meta property=\"og:image:width\" content=\"960\" \/>\n\t<meta property=\"og:image:height\" content=\"640\" \/>\n\t<meta property=\"og:image:type\" content=\"image\/jpeg\" \/>\n<meta name=\"author\" content=\"Simon Gr\u00f6flin\" \/>\n<meta name=\"twitter:card\" content=\"summary_large_image\" \/>\n<meta name=\"twitter:label1\" content=\"\u00c9crit par\" \/>\n\t<meta name=\"twitter:data1\" content=\"Simon Gr\u00f6flin\" \/>\n\t<meta name=\"twitter:label2\" content=\"Dur\u00e9e de lecture estim\u00e9e\" \/>\n\t<meta name=\"twitter:data2\" content=\"2 minutes\" \/>\n<script type=\"application\/ld+json\" class=\"yoast-schema-graph\">{\"@context\":\"https:\\\/\\\/schema.org\",\"@graph\":[{\"@type\":\"Article\",\"@id\":\"https:\\\/\\\/news.save.ch\\\/sicherheitsbarometer\\\/#article\",\"isPartOf\":{\"@id\":\"https:\\\/\\\/news.save.ch\\\/sicherheitsbarometer\\\/\"},\"author\":{\"name\":\"Simon Gr\u00f6flin\",\"@id\":\"https:\\\/\\\/news.save.ch\\\/de\\\/#\\\/schema\\\/person\\\/ad4ef21102fd6125312409ac57d5296d\"},\"headline\":\"BFU-Sicherheitsbarometer 2021\",\"datePublished\":\"2021-07-06T07:17:22+00:00\",\"dateModified\":\"2023-08-07T00:46:20+00:00\",\"mainEntityOfPage\":{\"@id\":\"https:\\\/\\\/news.save.ch\\\/sicherheitsbarometer\\\/\"},\"wordCount\":226,\"publisher\":{\"@id\":\"https:\\\/\\\/news.save.ch\\\/de\\\/#organization\"},\"image\":{\"@id\":\"https:\\\/\\\/news.save.ch\\\/sicherheitsbarometer\\\/#primaryimage\"},\"thumbnailUrl\":\"https:\\\/\\\/news.save.ch\\\/wp-content\\\/uploads\\\/2021\\\/07\\\/Fussgaenger_pixabay.jpg\",\"keywords\":[\"Beratungsstelle f\u00fcr Unfallverh\u00fctung (BFU)\",\"BFU\",\"Polizeikontrollen\",\"Pr\u00e4vention\",\"Seniorinnen und Senioren\",\"Sicherheitsbarometer\",\"Tempo 30\",\"Verkehrssicherheit\"],\"articleSection\":[\"HEALTH &amp; SAFETY\"],\"inLanguage\":\"fr-FR\"},{\"@type\":\"WebPage\",\"@id\":\"https:\\\/\\\/news.save.ch\\\/sicherheitsbarometer\\\/\",\"url\":\"https:\\\/\\\/news.save.ch\\\/sicherheitsbarometer\\\/\",\"name\":\"BFU-Sicherheitsbarometer 2021 - Save\",\"isPartOf\":{\"@id\":\"https:\\\/\\\/news.save.ch\\\/de\\\/#website\"},\"primaryImageOfPage\":{\"@id\":\"https:\\\/\\\/news.save.ch\\\/sicherheitsbarometer\\\/#primaryimage\"},\"image\":{\"@id\":\"https:\\\/\\\/news.save.ch\\\/sicherheitsbarometer\\\/#primaryimage\"},\"thumbnailUrl\":\"https:\\\/\\\/news.save.ch\\\/wp-content\\\/uploads\\\/2021\\\/07\\\/Fussgaenger_pixabay.jpg\",\"datePublished\":\"2021-07-06T07:17:22+00:00\",\"dateModified\":\"2023-08-07T00:46:20+00:00\",\"description\":\"Senioren und Kinder werden verh\u00e4ltnism\u00e4ssig auf den Strassen oft schwer verletzt. Kinder verunfallen zwar seltener, doch in anderen L\u00e4ndern Europas ist die Unfallbelastung bei den J\u00fcngeren in der Regel geringer als in der Schweiz.\",\"breadcrumb\":{\"@id\":\"https:\\\/\\\/news.save.ch\\\/sicherheitsbarometer\\\/#breadcrumb\"},\"inLanguage\":\"fr-FR\",\"potentialAction\":[{\"@type\":\"ReadAction\",\"target\":[\"https:\\\/\\\/news.save.ch\\\/sicherheitsbarometer\\\/\"]}]},{\"@type\":\"ImageObject\",\"inLanguage\":\"fr-FR\",\"@id\":\"https:\\\/\\\/news.save.ch\\\/sicherheitsbarometer\\\/#primaryimage\",\"url\":\"https:\\\/\\\/news.save.ch\\\/wp-content\\\/uploads\\\/2021\\\/07\\\/Fussgaenger_pixabay.jpg\",\"contentUrl\":\"https:\\\/\\\/news.save.ch\\\/wp-content\\\/uploads\\\/2021\\\/07\\\/Fussgaenger_pixabay.jpg\",\"width\":960,\"height\":640,\"caption\":\"Pixabay\"},{\"@type\":\"BreadcrumbList\",\"@id\":\"https:\\\/\\\/news.save.ch\\\/sicherheitsbarometer\\\/#breadcrumb\",\"itemListElement\":[{\"@type\":\"ListItem\",\"position\":1,\"name\":\"Home\",\"item\":\"https:\\\/\\\/news.save.ch\\\/de\\\/\"},{\"@type\":\"ListItem\",\"position\":2,\"name\":\"BFU-Sicherheitsbarometer 2021\"}]},{\"@type\":\"WebSite\",\"@id\":\"https:\\\/\\\/news.save.ch\\\/de\\\/#website\",\"url\":\"https:\\\/\\\/news.save.ch\\\/de\\\/\",\"name\":\"Save\",\"description\":\"Schweizer Fachzeitschrift f\u00fcr Sicherheit\",\"publisher\":{\"@id\":\"https:\\\/\\\/news.save.ch\\\/de\\\/#organization\"},\"potentialAction\":[{\"@type\":\"SearchAction\",\"target\":{\"@type\":\"EntryPoint\",\"urlTemplate\":\"https:\\\/\\\/news.save.ch\\\/de\\\/?s={search_term_string}\"},\"query-input\":{\"@type\":\"PropertyValueSpecification\",\"valueRequired\":true,\"valueName\":\"search_term_string\"}}],\"inLanguage\":\"fr-FR\"},{\"@type\":\"Organization\",\"@id\":\"https:\\\/\\\/news.save.ch\\\/de\\\/#organization\",\"name\":\"Sicherheitsforum\",\"url\":\"https:\\\/\\\/news.save.ch\\\/de\\\/\",\"logo\":{\"@type\":\"ImageObject\",\"inLanguage\":\"fr-FR\",\"@id\":\"https:\\\/\\\/news.save.ch\\\/de\\\/#\\\/schema\\\/logo\\\/image\\\/\",\"url\":\"https:\\\/\\\/news.save.ch\\\/wp-content\\\/uploads\\\/2022\\\/06\\\/Logo_SF_2012.png\",\"contentUrl\":\"https:\\\/\\\/news.save.ch\\\/wp-content\\\/uploads\\\/2022\\\/06\\\/Logo_SF_2012.png\",\"width\":1100,\"height\":91,\"caption\":\"Sicherheitsforum\"},\"image\":{\"@id\":\"https:\\\/\\\/news.save.ch\\\/de\\\/#\\\/schema\\\/logo\\\/image\\\/\"}},{\"@type\":\"Person\",\"@id\":\"https:\\\/\\\/news.save.ch\\\/de\\\/#\\\/schema\\\/person\\\/ad4ef21102fd6125312409ac57d5296d\",\"name\":\"Simon Gr\u00f6flin\",\"image\":{\"@type\":\"ImageObject\",\"inLanguage\":\"fr-FR\",\"@id\":\"https:\\\/\\\/secure.gravatar.com\\\/avatar\\\/6ddceb80eb734354635539e0ea5140bb7c41e42de7c45c9a2ab9921b5d5c9a83?s=96&d=mm&r=g\",\"url\":\"https:\\\/\\\/secure.gravatar.com\\\/avatar\\\/6ddceb80eb734354635539e0ea5140bb7c41e42de7c45c9a2ab9921b5d5c9a83?s=96&d=mm&r=g\",\"contentUrl\":\"https:\\\/\\\/secure.gravatar.com\\\/avatar\\\/6ddceb80eb734354635539e0ea5140bb7c41e42de7c45c9a2ab9921b5d5c9a83?s=96&d=mm&r=g\",\"caption\":\"Simon Gr\u00f6flin\"},\"url\":\"https:\\\/\\\/news.save.ch\\\/fr\\\/author\\\/simon-groeflin\\\/\"}]}<\/script>\n<!-- \/ Yoast SEO plugin. -->","yoast_head_json":{"title":"Barom\u00e8tre de la s\u00e9curit\u00e9 BFU 2021 - Save","description":"Proportionnellement, les seniors et les enfants sont souvent gravement bless\u00e9s sur les routes. Les enfants sont certes moins souvent victimes d'accidents, mais dans d'autres pays europ\u00e9ens, le taux d'accidents chez les plus jeunes est g\u00e9n\u00e9ralement inf\u00e9rieur \u00e0 celui de la Suisse.","robots":{"index":"index","follow":"follow","max-snippet":"max-snippet:-1","max-image-preview":"max-image-preview:large","max-video-preview":"max-video-preview:-1"},"canonical":"https:\/\/news.save.ch\/fr\/sicherheitsbarometer\/","og_locale":"fr_FR","og_type":"article","og_title":"BFU-Sicherheitsbarometer 2021 - Save","og_description":"Senioren und Kinder werden verh\u00e4ltnism\u00e4ssig auf den Strassen oft schwer verletzt. Kinder verunfallen zwar seltener, doch in anderen L\u00e4ndern Europas ist die Unfallbelastung bei den J\u00fcngeren in der Regel geringer als in der Schweiz.","og_url":"https:\/\/news.save.ch\/fr\/sicherheitsbarometer\/","og_site_name":"Save","article_published_time":"2021-07-06T07:17:22+00:00","article_modified_time":"2023-08-07T00:46:20+00:00","og_image":[{"width":960,"height":640,"url":"https:\/\/news.save.ch\/wp-content\/uploads\/2021\/07\/Fussgaenger_pixabay.jpg","type":"image\/jpeg"}],"author":"Simon Gr\u00f6flin","twitter_card":"summary_large_image","twitter_misc":{"\u00c9crit par":"Simon Gr\u00f6flin","Dur\u00e9e de lecture estim\u00e9e":"2 minutes"},"schema":{"@context":"https:\/\/schema.org","@graph":[{"@type":"Article","@id":"https:\/\/news.save.ch\/sicherheitsbarometer\/#article","isPartOf":{"@id":"https:\/\/news.save.ch\/sicherheitsbarometer\/"},"author":{"name":"Simon Gr\u00f6flin","@id":"https:\/\/news.save.ch\/de\/#\/schema\/person\/ad4ef21102fd6125312409ac57d5296d"},"headline":"BFU-Sicherheitsbarometer 2021","datePublished":"2021-07-06T07:17:22+00:00","dateModified":"2023-08-07T00:46:20+00:00","mainEntityOfPage":{"@id":"https:\/\/news.save.ch\/sicherheitsbarometer\/"},"wordCount":226,"publisher":{"@id":"https:\/\/news.save.ch\/de\/#organization"},"image":{"@id":"https:\/\/news.save.ch\/sicherheitsbarometer\/#primaryimage"},"thumbnailUrl":"https:\/\/news.save.ch\/wp-content\/uploads\/2021\/07\/Fussgaenger_pixabay.jpg","keywords":["Beratungsstelle f\u00fcr Unfallverh\u00fctung (BFU)","BFU","Polizeikontrollen","Pr\u00e4vention","Seniorinnen und Senioren","Sicherheitsbarometer","Tempo 30","Verkehrssicherheit"],"articleSection":["HEALTH &amp; SAFETY"],"inLanguage":"fr-FR"},{"@type":"WebPage","@id":"https:\/\/news.save.ch\/sicherheitsbarometer\/","url":"https:\/\/news.save.ch\/sicherheitsbarometer\/","name":"Barom\u00e8tre de la s\u00e9curit\u00e9 BFU 2021 - Save","isPartOf":{"@id":"https:\/\/news.save.ch\/de\/#website"},"primaryImageOfPage":{"@id":"https:\/\/news.save.ch\/sicherheitsbarometer\/#primaryimage"},"image":{"@id":"https:\/\/news.save.ch\/sicherheitsbarometer\/#primaryimage"},"thumbnailUrl":"https:\/\/news.save.ch\/wp-content\/uploads\/2021\/07\/Fussgaenger_pixabay.jpg","datePublished":"2021-07-06T07:17:22+00:00","dateModified":"2023-08-07T00:46:20+00:00","description":"Proportionnellement, les seniors et les enfants sont souvent gravement bless\u00e9s sur les routes. Les enfants sont certes moins souvent victimes d'accidents, mais dans d'autres pays europ\u00e9ens, le taux d'accidents chez les plus jeunes est g\u00e9n\u00e9ralement inf\u00e9rieur \u00e0 celui de la Suisse.","breadcrumb":{"@id":"https:\/\/news.save.ch\/sicherheitsbarometer\/#breadcrumb"},"inLanguage":"fr-FR","potentialAction":[{"@type":"ReadAction","target":["https:\/\/news.save.ch\/sicherheitsbarometer\/"]}]},{"@type":"ImageObject","inLanguage":"fr-FR","@id":"https:\/\/news.save.ch\/sicherheitsbarometer\/#primaryimage","url":"https:\/\/news.save.ch\/wp-content\/uploads\/2021\/07\/Fussgaenger_pixabay.jpg","contentUrl":"https:\/\/news.save.ch\/wp-content\/uploads\/2021\/07\/Fussgaenger_pixabay.jpg","width":960,"height":640,"caption":"Pixabay"},{"@type":"BreadcrumbList","@id":"https:\/\/news.save.ch\/sicherheitsbarometer\/#breadcrumb","itemListElement":[{"@type":"ListItem","position":1,"name":"Home","item":"https:\/\/news.save.ch\/de\/"},{"@type":"ListItem","position":2,"name":"BFU-Sicherheitsbarometer 2021"}]},{"@type":"WebSite","@id":"https:\/\/news.save.ch\/de\/#website","url":"https:\/\/news.save.ch\/de\/","name":"Save","description":"Revue suisse sp\u00e9cialis\u00e9e dans la s\u00e9curit\u00e9","publisher":{"@id":"https:\/\/news.save.ch\/de\/#organization"},"potentialAction":[{"@type":"SearchAction","target":{"@type":"EntryPoint","urlTemplate":"https:\/\/news.save.ch\/de\/?s={search_term_string}"},"query-input":{"@type":"PropertyValueSpecification","valueRequired":true,"valueName":"search_term_string"}}],"inLanguage":"fr-FR"},{"@type":"Organization","@id":"https:\/\/news.save.ch\/de\/#organization","name":"Forum sur la s\u00e9curit\u00e9","url":"https:\/\/news.save.ch\/de\/","logo":{"@type":"ImageObject","inLanguage":"fr-FR","@id":"https:\/\/news.save.ch\/de\/#\/schema\/logo\/image\/","url":"https:\/\/news.save.ch\/wp-content\/uploads\/2022\/06\/Logo_SF_2012.png","contentUrl":"https:\/\/news.save.ch\/wp-content\/uploads\/2022\/06\/Logo_SF_2012.png","width":1100,"height":91,"caption":"Sicherheitsforum"},"image":{"@id":"https:\/\/news.save.ch\/de\/#\/schema\/logo\/image\/"}},{"@type":"Person","@id":"https:\/\/news.save.ch\/de\/#\/schema\/person\/ad4ef21102fd6125312409ac57d5296d","name":"Simon Gr\u00f6flin","image":{"@type":"ImageObject","inLanguage":"fr-FR","@id":"https:\/\/secure.gravatar.com\/avatar\/6ddceb80eb734354635539e0ea5140bb7c41e42de7c45c9a2ab9921b5d5c9a83?s=96&d=mm&r=g","url":"https:\/\/secure.gravatar.com\/avatar\/6ddceb80eb734354635539e0ea5140bb7c41e42de7c45c9a2ab9921b5d5c9a83?s=96&d=mm&r=g","contentUrl":"https:\/\/secure.gravatar.com\/avatar\/6ddceb80eb734354635539e0ea5140bb7c41e42de7c45c9a2ab9921b5d5c9a83?s=96&d=mm&r=g","caption":"Simon Gr\u00f6flin"},"url":"https:\/\/news.save.ch\/fr\/author\/simon-groeflin\/"}]}},"_links":{"self":[{"href":"https:\/\/news.save.ch\/fr\/wp-json\/wp\/v2\/posts\/7354","targetHints":{"allow":["GET"]}}],"collection":[{"href":"https:\/\/news.save.ch\/fr\/wp-json\/wp\/v2\/posts"}],"about":[{"href":"https:\/\/news.save.ch\/fr\/wp-json\/wp\/v2\/types\/post"}],"author":[{"embeddable":true,"href":"https:\/\/news.save.ch\/fr\/wp-json\/wp\/v2\/users\/9"}],"replies":[{"embeddable":true,"href":"https:\/\/news.save.ch\/fr\/wp-json\/wp\/v2\/comments?post=7354"}],"version-history":[{"count":3,"href":"https:\/\/news.save.ch\/fr\/wp-json\/wp\/v2\/posts\/7354\/revisions"}],"predecessor-version":[{"id":21555,"href":"https:\/\/news.save.ch\/fr\/wp-json\/wp\/v2\/posts\/7354\/revisions\/21555"}],"wp:featuredmedia":[{"embeddable":true,"href":"https:\/\/news.save.ch\/fr\/wp-json\/wp\/v2\/media\/7358"}],"wp:attachment":[{"href":"https:\/\/news.save.ch\/fr\/wp-json\/wp\/v2\/media?parent=7354"}],"wp:term":[{"taxonomy":"category","embeddable":true,"href":"https:\/\/news.save.ch\/fr\/wp-json\/wp\/v2\/categories?post=7354"},{"taxonomy":"post_tag","embeddable":true,"href":"https:\/\/news.save.ch\/fr\/wp-json\/wp\/v2\/tags?post=7354"}],"curies":[{"name":"wp","href":"https:\/\/api.w.org\/{rel}","templated":true}]}}