{"id":7474,"date":"2019-01-11T09:56:44","date_gmt":"2019-01-11T08:56:44","guid":{"rendered":"https:\/\/news.save.ch\/?p=7474"},"modified":"2023-03-14T08:56:50","modified_gmt":"2023-03-14T07:56:50","slug":"sechs-trends-beim-sicheren-mobilen-arbeiten","status":null,"type":"post","link":"https:\/\/news.save.ch\/fr\/sechs-trends-beim-sicheren-mobilen-arbeiten\/","title":{"rendered":"Six tendances pour un travail mobile s\u00fbr"},"content":{"rendered":"<figure id=\"attachment_7475\" aria-describedby=\"caption-attachment-7475\" style=\"width: 500px\" class=\"wp-caption aligncenter\"><img loading=\"lazy\" decoding=\"async\" class=\"wp-image-7475 size-full\" src=\"https:\/\/news.save.ch\/wp-content\/uploads\/2019\/01\/Depositphotos_220813898_s-2015.jpg\" alt=\"Terminaux, appareils, travail mobile\" width=\"500\" height=\"272\" srcset=\"https:\/\/news.save.ch\/wp-content\/uploads\/2019\/01\/Depositphotos_220813898_s-2015.jpg 500w, https:\/\/news.save.ch\/wp-content\/uploads\/2019\/01\/Depositphotos_220813898_s-2015-375x204.jpg 375w\" sizes=\"auto, (max-width: 500px) 100vw, 500px\" \/><figcaption id=\"caption-attachment-7475\" class=\"wp-caption-text\">\u00a9 depositphotos, sdecoret<\/figcaption><\/figure>\n<p>Les terminaux mobiles insuffisamment prot\u00e9g\u00e9s se r\u00e9v\u00e8lent rapidement \u00eatre une porte d'entr\u00e9e pour toutes sortes de cyberattaques. C'est pourquoi, en 2018, les entreprises ont redoubl\u00e9 d'efforts pour am\u00e9liorer la s\u00e9curit\u00e9, notamment en raison des exigences \u00e9lev\u00e9es du r\u00e8glement g\u00e9n\u00e9ral sur la protection des donn\u00e9es (RGPD). L'un des grands d\u00e9fis reste toutefois d'accro\u00eetre encore, par des mesures cibl\u00e9es, tant la s\u00e9curit\u00e9 que la convivialit\u00e9 et donc l'efficacit\u00e9 du travail mobile (voir aussi l'article \"<a href=\"https:\/\/news.save.ch\/fr\/fuenf-massnahmen-gegen-die-mobile-schatten-it\/\">shadow IT mobile<\/a>\u201e).<\/p>\n<p>Virtual Solution explique les tendances importantes autour d'une utilisation professionnelle s\u00fbre et conviviale des smartphones et des tablettes :<\/p>\n<ol>\n<li><strong>Les applications professionnelles doivent gagner en convivialit\u00e9 et en s\u00e9curit\u00e9. <\/strong><\/li>\n<\/ol>\n<p>Les applications d'entreprise doivent \u00eatre aussi faciles \u00e0 utiliser que leurs homologues priv\u00e9es et les consignes de s\u00e9curit\u00e9 ne doivent pas limiter les collaborateurs. Depuis l'entr\u00e9e en vigueur du RGPD, la s\u00e9curit\u00e9 est clairement prioritaire. Mais \u00e0 l'avenir, la facilit\u00e9 d'utilisation sera \u00e0 nouveau plus importante, sans toutefois compromettre la s\u00e9curit\u00e9. Les donn\u00e9es critiques de l'entreprise doivent \u00eatre prot\u00e9g\u00e9es efficacement contre les manipulations et les pertes. La prise en compte simultan\u00e9e de ces deux aspects devient un grand d\u00e9fi pour les d\u00e9veloppeurs d'applications et les responsables de la s\u00e9curit\u00e9 informatique dans les entreprises. Les entreprises doivent toutefois veiller, lors du choix des solutions, \u00e0 ce que la s\u00e9curit\u00e9 et l'utilisabilit\u00e9 soient assur\u00e9es de la m\u00eame mani\u00e8re.<\/p>\n<ol start=\"2\">\n<li><strong> La protection des donn\u00e9es est de plus en plus mise en avant.<\/strong><\/li>\n<\/ol>\n<p>Pendant longtemps, le th\u00e8me de la protection des donn\u00e9es a \u00e9t\u00e9 consid\u00e9r\u00e9 dans les entreprises \"comme impos\u00e9 de l'ext\u00e9rieur\". Au cours de la discussion sur le RGPD et au plus tard depuis son entr\u00e9e en vigueur, un changement progressif s'est op\u00e9r\u00e9. Nombreuses sont celles qui ont reconnu l'opportunit\u00e9 de mettre en place des processus de s\u00e9curit\u00e9 conformes \u00e0 la loi et surtout plus efficaces pour prot\u00e9ger les donn\u00e9es personnelles dans le centre de donn\u00e9es et sur les terminaux mobiles. La conscience des gens a \u00e9galement \u00e9volu\u00e9. Ils r\u00e9fl\u00e9chissent plus souvent \u00e0 l'utilisation de leurs propres donn\u00e9es, mais aussi \u00e0 la mani\u00e8re dont ils traitent les donn\u00e9es de leurs clients ou coll\u00e8gues.<\/p>\n<ol start=\"3\">\n<li><strong> Les services sp\u00e9cialis\u00e9s influencent de plus en plus l'achat d'applications.<\/strong><\/li>\n<\/ol>\n<p>De mani\u00e8re g\u00e9n\u00e9rale, les d\u00e9partements sp\u00e9cialis\u00e9s sont aujourd'hui beaucoup plus impliqu\u00e9s qu'auparavant dans l'acquisition de nouveaux logiciels, qu'il s'agisse de logiciels individuels ou standard. Alors que la fonctionnalit\u00e9 est au premier plan pour ce type d'applications, la facilit\u00e9 d'utilisation est un crit\u00e8re de s\u00e9lection central pour les applications destin\u00e9es aux terminaux mobiles. \u00c0 cela s'ajoute le fait que les power users des domaines sp\u00e9cialis\u00e9s interviennent souvent aupr\u00e8s de leurs sup\u00e9rieurs et du service informatique avec leurs propres souhaits concernant les nouvelles fonctions et les apps pour smartphones et tablettes. Le comit\u00e9 de d\u00e9cision et d'achat lors de la s\u00e9lection des logiciels s'\u00e9largit et de nouveaux crit\u00e8res deviennent importants. Non seulement les entreprises doivent s'y adapter, mais aussi les fournisseurs d'applications.<\/p>\n<ol start=\"4\">\n<li><strong> L'authentification biom\u00e9trique continue de gagner en importance.<\/strong><\/li>\n<\/ol>\n<p>\u00c9tant donn\u00e9 que les employ\u00e9s utilisent leur smartphone pour acc\u00e9der \u00e0 un nombre croissant d'applications et d'applications d'entreprise, qu'elles soient bas\u00e9es sur le web ou sur le cloud, la connexion et l'authentification deviennent de plus en plus importantes. Le service informatique doit s'assurer que seuls les utilisateurs autoris\u00e9s peuvent y acc\u00e9der. De l'avis des experts, le mot de passe traditionnel a fait son temps, car il est trop sujet aux erreurs. Les m\u00e9thodes biom\u00e9triques alternatives telles que les empreintes digitales, la reconnaissance faciale ou le scan de l'iris vont gagner en importance. Les entreprises ne sont pas les seules \u00e0 devoir r\u00e9fl\u00e9chir \u00e0 ce sujet, les d\u00e9veloppeurs d'apps et d'applications doivent \u00e9galement s'en pr\u00e9occuper.<\/p>\n<ol start=\"5\">\n<li><strong> Le smartphone utilis\u00e9 \u00e0 des fins professionnelles devient un symbole de statut social.<\/strong><\/li>\n<\/ol>\n<p>Le smartphone le plus r\u00e9cent est devenu presque plus important que la voiture de fonction chic, autrefois le symbole de statut le plus important dans le monde du travail. Il n'est donc pas \u00e9tonnant que les collaborateurs soient souvent frustr\u00e9s par des appareils \"d\u00e9mod\u00e9s\" ou des strat\u00e9gies restrictives en mati\u00e8re d'appareils. Si les collaborateurs peuvent apporter leurs propres appareils de qualit\u00e9, cela favorise l'acceptation d'une solution de s\u00e9curit\u00e9 et la satisfaction des collaborateurs. La condition pr\u00e9alable est toutefois l'utilisation d'une solution de conteneurisation sur les appareils, qui garantit une stricte s\u00e9paration des applications et donn\u00e9es professionnelles et priv\u00e9es.<\/p>\n<ol start=\"6\">\n<li><strong> \"Always on\" est d\u00e9pass\u00e9.<\/strong><\/li>\n<\/ol>\n<p>Il est important de consacrer du temps \u00e0 des activit\u00e9s priv\u00e9es, c'est pourquoi le \"je\u00fbne du t\u00e9l\u00e9phone portable\" est \u00e9galement un th\u00e8me, du moins \u00e0 certaines heures. Certaines entreprises sont restrictives en la mati\u00e8re. Chez VW, par exemple, les employ\u00e9s tarif\u00e9s ne re\u00e7oivent pas de courriels professionnels et ne peuvent pas non plus en envoyer entre 18 heures et 6 heures du matin et le week-end. D'autres entreprises sont moins strictes et offrent plus de libert\u00e9 \u00e0 leurs collaborateurs. Ils peuvent alors d\u00e9cider eux-m\u00eames s'ils veulent ou non v\u00e9rifier leurs e-mails et y r\u00e9pondre le week-end ou le matin dans le m\u00e9tro. La tendance \u00e0 renforcer la responsabilit\u00e9 individuelle des collaborateurs va continuer \u00e0 s'imposer dans un avenir proche.<\/p>\n<p>\"Le maintien et, dans de nombreux cas, le d\u00e9veloppement de la s\u00e9curit\u00e9 informatique des terminaux mobiles sont des t\u00e2ches permanentes dans le contexte des tendances du travail mobile s\u00e9curis\u00e9. Dans ce domaine, les entreprises devront prochainement intensifier leur action, coordonner une s\u00e9rie de facteurs et les mettre en \u0153uvre dans la combinaison appropri\u00e9e\", explique G\u00fcnter Junk, CEO de Virtual Solution AG \u00e0 Munich. \"Des mesures techniques et organisationnelles sont indispensables pour assurer une s\u00e9curit\u00e9 \u00e9lev\u00e9e et la protection des donn\u00e9es requise. Mais les collaborateurs doivent \u00e9galement en \u00eatre convaincus et jouer leur r\u00f4le\".<\/p>\n<p><em>Source : <a href=\"https:\/\/www.virtual-solution.com\">Solution virtuelle<\/a><\/em><\/p>","protected":false},"excerpt":{"rendered":"<p>Ungen\u00fcgend gesch\u00fctzte mobile Endger\u00e4te erweisen sich schnell als Einfallstor f\u00fcr Cyber-Angriffe aller Art. Daher haben Unternehmen im Jahr 2018 \u2013 nicht zuletzt aufgrund der hohen Anforderungen der Datenschutz-Grundverordnung (DSGVO) \u2013 ihre Anstrengungen zur Verbesserung der Sicherheitslage verst\u00e4rkt. Eine der grossen Herausforderungen bleibt aber, mit gezielten Massnahmen sowohl die Sicherheit als auch die Benutzerfreundlichkeit und damit [&hellip;]<\/p>\n","protected":false},"author":8,"featured_media":7475,"comment_status":"open","ping_status":"open","sticky":false,"template":"","format":"standard","meta":{"_acf_changed":false,"pgc_sgb_lightbox_settings":"","footnotes":""},"categories":[3313],"tags":[442,118,158],"class_list":["post-7474","post","type-post","status-publish","format-standard","has-post-thumbnail","hentry","category-digitalisierung","tag-apps","tag-datenschutz","tag-zutrittskontrolle"],"acf":[],"hkrextid":null,"publication":null,"issue":null,"workflow":null,"startPage":null,"spitzmarke":null,"_posts_by_tag_page_fields":{"widget_title":"","widget_tags":""},"_at_widget":"1","_yoast_wpseo_primary_category":"2","_yoast_wpseo_focuskw_text_input":"Endger\u00e4te","_yoast_wpseo_opengraph-image":null,"_yoast_wpseo_opengraph-description":null,"_yoast_wpseo_opengraph-title":null,"enclosure":null,"_yoast_wpseo_twitter-title":null,"_yoast_wpseo_twitter-description":null,"_yoast_wpseo_twitter-image":null,"_wp_old_slug":null,"_yoast_wpseo_title":null,"_yoast_wpseo_canonical":null,"yoast_head":"<!-- This site is optimized with the Yoast SEO plugin v27.5 - https:\/\/yoast.com\/product\/yoast-seo-wordpress\/ -->\n<title>Sechs Trends beim sicheren mobilen Arbeiten - Save<\/title>\n<meta name=\"description\" content=\"Sechs Trends: Erl\u00e4utert werden wichtige Punkte rund um einen sicheren und benutzerfreundlichen Unternehmenseinsatz von Smartphones und Tablets\" \/>\n<meta name=\"robots\" content=\"index, follow, max-snippet:-1, max-image-preview:large, max-video-preview:-1\" \/>\n<link rel=\"canonical\" href=\"https:\/\/news.save.ch\/fr\/sechs-trends-beim-sicheren-mobilen-arbeiten\/\" \/>\n<meta property=\"og:locale\" content=\"fr_FR\" \/>\n<meta property=\"og:type\" content=\"article\" \/>\n<meta property=\"og:title\" content=\"Sechs Trends beim sicheren mobilen Arbeiten - Save\" \/>\n<meta property=\"og:description\" content=\"Sechs Trends: Erl\u00e4utert werden wichtige Punkte rund um einen sicheren und benutzerfreundlichen Unternehmenseinsatz von Smartphones und Tablets\" \/>\n<meta property=\"og:url\" content=\"https:\/\/news.save.ch\/fr\/sechs-trends-beim-sicheren-mobilen-arbeiten\/\" \/>\n<meta property=\"og:site_name\" content=\"Save\" \/>\n<meta property=\"article:published_time\" content=\"2019-01-11T08:56:44+00:00\" \/>\n<meta property=\"article:modified_time\" content=\"2023-03-14T07:56:50+00:00\" \/>\n<meta property=\"og:image\" content=\"https:\/\/news.save.ch\/wp-content\/uploads\/2019\/01\/Depositphotos_220813898_s-2015.jpg\" \/>\n\t<meta property=\"og:image:width\" content=\"500\" \/>\n\t<meta property=\"og:image:height\" content=\"272\" \/>\n\t<meta property=\"og:image:type\" content=\"image\/jpeg\" \/>\n<meta name=\"author\" content=\"Roger Str\u00e4ssle\" \/>\n<meta name=\"twitter:card\" content=\"summary_large_image\" \/>\n<meta name=\"twitter:label1\" content=\"\u00c9crit par\" \/>\n\t<meta name=\"twitter:data1\" content=\"Roger Str\u00e4ssle\" \/>\n\t<meta name=\"twitter:label2\" content=\"Dur\u00e9e de lecture estim\u00e9e\" \/>\n\t<meta name=\"twitter:data2\" content=\"4 minutes\" \/>\n<script type=\"application\/ld+json\" class=\"yoast-schema-graph\">{\"@context\":\"https:\\\/\\\/schema.org\",\"@graph\":[{\"@type\":\"Article\",\"@id\":\"https:\\\/\\\/news.save.ch\\\/sechs-trends-beim-sicheren-mobilen-arbeiten\\\/#article\",\"isPartOf\":{\"@id\":\"https:\\\/\\\/news.save.ch\\\/sechs-trends-beim-sicheren-mobilen-arbeiten\\\/\"},\"author\":{\"name\":\"Roger Str\u00e4ssle\",\"@id\":\"https:\\\/\\\/news.save.ch\\\/de\\\/#\\\/schema\\\/person\\\/d5022db048e0e2b9785c50e5b24da5aa\"},\"headline\":\"Sechs Trends beim sicheren mobilen Arbeiten\",\"datePublished\":\"2019-01-11T08:56:44+00:00\",\"dateModified\":\"2023-03-14T07:56:50+00:00\",\"mainEntityOfPage\":{\"@id\":\"https:\\\/\\\/news.save.ch\\\/sechs-trends-beim-sicheren-mobilen-arbeiten\\\/\"},\"wordCount\":801,\"commentCount\":0,\"publisher\":{\"@id\":\"https:\\\/\\\/news.save.ch\\\/de\\\/#organization\"},\"image\":{\"@id\":\"https:\\\/\\\/news.save.ch\\\/sechs-trends-beim-sicheren-mobilen-arbeiten\\\/#primaryimage\"},\"thumbnailUrl\":\"https:\\\/\\\/news.save.ch\\\/wp-content\\\/uploads\\\/2019\\\/01\\\/Depositphotos_220813898_s-2015.jpg\",\"keywords\":[\"Apps\",\"Datenschutz\",\"Zutrittskontrolle\"],\"articleSection\":[\"DIGITALISIERUNG\"],\"inLanguage\":\"fr-FR\"},{\"@type\":\"WebPage\",\"@id\":\"https:\\\/\\\/news.save.ch\\\/sechs-trends-beim-sicheren-mobilen-arbeiten\\\/\",\"url\":\"https:\\\/\\\/news.save.ch\\\/sechs-trends-beim-sicheren-mobilen-arbeiten\\\/\",\"name\":\"Sechs Trends beim sicheren mobilen Arbeiten - Save\",\"isPartOf\":{\"@id\":\"https:\\\/\\\/news.save.ch\\\/de\\\/#website\"},\"primaryImageOfPage\":{\"@id\":\"https:\\\/\\\/news.save.ch\\\/sechs-trends-beim-sicheren-mobilen-arbeiten\\\/#primaryimage\"},\"image\":{\"@id\":\"https:\\\/\\\/news.save.ch\\\/sechs-trends-beim-sicheren-mobilen-arbeiten\\\/#primaryimage\"},\"thumbnailUrl\":\"https:\\\/\\\/news.save.ch\\\/wp-content\\\/uploads\\\/2019\\\/01\\\/Depositphotos_220813898_s-2015.jpg\",\"datePublished\":\"2019-01-11T08:56:44+00:00\",\"dateModified\":\"2023-03-14T07:56:50+00:00\",\"description\":\"Sechs Trends: Erl\u00e4utert werden wichtige Punkte rund um einen sicheren und benutzerfreundlichen Unternehmenseinsatz von Smartphones und Tablets\",\"breadcrumb\":{\"@id\":\"https:\\\/\\\/news.save.ch\\\/sechs-trends-beim-sicheren-mobilen-arbeiten\\\/#breadcrumb\"},\"inLanguage\":\"fr-FR\",\"potentialAction\":[{\"@type\":\"ReadAction\",\"target\":[\"https:\\\/\\\/news.save.ch\\\/sechs-trends-beim-sicheren-mobilen-arbeiten\\\/\"]}]},{\"@type\":\"ImageObject\",\"inLanguage\":\"fr-FR\",\"@id\":\"https:\\\/\\\/news.save.ch\\\/sechs-trends-beim-sicheren-mobilen-arbeiten\\\/#primaryimage\",\"url\":\"https:\\\/\\\/news.save.ch\\\/wp-content\\\/uploads\\\/2019\\\/01\\\/Depositphotos_220813898_s-2015.jpg\",\"contentUrl\":\"https:\\\/\\\/news.save.ch\\\/wp-content\\\/uploads\\\/2019\\\/01\\\/Depositphotos_220813898_s-2015.jpg\",\"width\":500,\"height\":272,\"caption\":\"\u00a9 depositphotos, sdecoret\"},{\"@type\":\"BreadcrumbList\",\"@id\":\"https:\\\/\\\/news.save.ch\\\/sechs-trends-beim-sicheren-mobilen-arbeiten\\\/#breadcrumb\",\"itemListElement\":[{\"@type\":\"ListItem\",\"position\":1,\"name\":\"Home\",\"item\":\"https:\\\/\\\/news.save.ch\\\/de\\\/\"},{\"@type\":\"ListItem\",\"position\":2,\"name\":\"Sechs Trends beim sicheren mobilen Arbeiten\"}]},{\"@type\":\"WebSite\",\"@id\":\"https:\\\/\\\/news.save.ch\\\/de\\\/#website\",\"url\":\"https:\\\/\\\/news.save.ch\\\/de\\\/\",\"name\":\"Save\",\"description\":\"Schweizer Fachzeitschrift f\u00fcr Sicherheit\",\"publisher\":{\"@id\":\"https:\\\/\\\/news.save.ch\\\/de\\\/#organization\"},\"potentialAction\":[{\"@type\":\"SearchAction\",\"target\":{\"@type\":\"EntryPoint\",\"urlTemplate\":\"https:\\\/\\\/news.save.ch\\\/de\\\/?s={search_term_string}\"},\"query-input\":{\"@type\":\"PropertyValueSpecification\",\"valueRequired\":true,\"valueName\":\"search_term_string\"}}],\"inLanguage\":\"fr-FR\"},{\"@type\":\"Organization\",\"@id\":\"https:\\\/\\\/news.save.ch\\\/de\\\/#organization\",\"name\":\"Sicherheitsforum\",\"url\":\"https:\\\/\\\/news.save.ch\\\/de\\\/\",\"logo\":{\"@type\":\"ImageObject\",\"inLanguage\":\"fr-FR\",\"@id\":\"https:\\\/\\\/news.save.ch\\\/de\\\/#\\\/schema\\\/logo\\\/image\\\/\",\"url\":\"https:\\\/\\\/news.save.ch\\\/wp-content\\\/uploads\\\/2022\\\/06\\\/Logo_SF_2012.png\",\"contentUrl\":\"https:\\\/\\\/news.save.ch\\\/wp-content\\\/uploads\\\/2022\\\/06\\\/Logo_SF_2012.png\",\"width\":1100,\"height\":91,\"caption\":\"Sicherheitsforum\"},\"image\":{\"@id\":\"https:\\\/\\\/news.save.ch\\\/de\\\/#\\\/schema\\\/logo\\\/image\\\/\"}},{\"@type\":\"Person\",\"@id\":\"https:\\\/\\\/news.save.ch\\\/de\\\/#\\\/schema\\\/person\\\/d5022db048e0e2b9785c50e5b24da5aa\",\"name\":\"Roger Str\u00e4ssle\",\"image\":{\"@type\":\"ImageObject\",\"inLanguage\":\"fr-FR\",\"@id\":\"https:\\\/\\\/secure.gravatar.com\\\/avatar\\\/862a5569d087de48e5856e32f45d719a03804c891d6deb8d4f71a660e79e4a47?s=96&d=mm&r=g\",\"url\":\"https:\\\/\\\/secure.gravatar.com\\\/avatar\\\/862a5569d087de48e5856e32f45d719a03804c891d6deb8d4f71a660e79e4a47?s=96&d=mm&r=g\",\"contentUrl\":\"https:\\\/\\\/secure.gravatar.com\\\/avatar\\\/862a5569d087de48e5856e32f45d719a03804c891d6deb8d4f71a660e79e4a47?s=96&d=mm&r=g\",\"caption\":\"Roger Str\u00e4ssle\"},\"url\":\"https:\\\/\\\/news.save.ch\\\/fr\\\/author\\\/roger-straessle\\\/\"}]}<\/script>\n<!-- \/ Yoast SEO plugin. -->","yoast_head_json":{"title":"Six tendances pour un travail mobile s\u00fbr - Save","description":"Six tendances : les points importants pour une utilisation s\u00fbre et conviviale des smartphones et tablettes en entreprise sont expliqu\u00e9s.","robots":{"index":"index","follow":"follow","max-snippet":"max-snippet:-1","max-image-preview":"max-image-preview:large","max-video-preview":"max-video-preview:-1"},"canonical":"https:\/\/news.save.ch\/fr\/sechs-trends-beim-sicheren-mobilen-arbeiten\/","og_locale":"fr_FR","og_type":"article","og_title":"Sechs Trends beim sicheren mobilen Arbeiten - Save","og_description":"Sechs Trends: Erl\u00e4utert werden wichtige Punkte rund um einen sicheren und benutzerfreundlichen Unternehmenseinsatz von Smartphones und Tablets","og_url":"https:\/\/news.save.ch\/fr\/sechs-trends-beim-sicheren-mobilen-arbeiten\/","og_site_name":"Save","article_published_time":"2019-01-11T08:56:44+00:00","article_modified_time":"2023-03-14T07:56:50+00:00","og_image":[{"url":"https:\/\/news.save.ch\/wp-content\/uploads\/2019\/01\/Depositphotos_220813898_s-2015.jpg","width":500,"height":272,"type":"image\/jpeg"}],"author":"Roger Str\u00e4ssle","twitter_card":"summary_large_image","twitter_misc":{"\u00c9crit par":"Roger Str\u00e4ssle","Dur\u00e9e de lecture estim\u00e9e":"4 minutes"},"schema":{"@context":"https:\/\/schema.org","@graph":[{"@type":"Article","@id":"https:\/\/news.save.ch\/sechs-trends-beim-sicheren-mobilen-arbeiten\/#article","isPartOf":{"@id":"https:\/\/news.save.ch\/sechs-trends-beim-sicheren-mobilen-arbeiten\/"},"author":{"name":"Roger Str\u00e4ssle","@id":"https:\/\/news.save.ch\/de\/#\/schema\/person\/d5022db048e0e2b9785c50e5b24da5aa"},"headline":"Sechs Trends beim sicheren mobilen Arbeiten","datePublished":"2019-01-11T08:56:44+00:00","dateModified":"2023-03-14T07:56:50+00:00","mainEntityOfPage":{"@id":"https:\/\/news.save.ch\/sechs-trends-beim-sicheren-mobilen-arbeiten\/"},"wordCount":801,"commentCount":0,"publisher":{"@id":"https:\/\/news.save.ch\/de\/#organization"},"image":{"@id":"https:\/\/news.save.ch\/sechs-trends-beim-sicheren-mobilen-arbeiten\/#primaryimage"},"thumbnailUrl":"https:\/\/news.save.ch\/wp-content\/uploads\/2019\/01\/Depositphotos_220813898_s-2015.jpg","keywords":["Apps","Datenschutz","Zutrittskontrolle"],"articleSection":["DIGITALISIERUNG"],"inLanguage":"fr-FR"},{"@type":"WebPage","@id":"https:\/\/news.save.ch\/sechs-trends-beim-sicheren-mobilen-arbeiten\/","url":"https:\/\/news.save.ch\/sechs-trends-beim-sicheren-mobilen-arbeiten\/","name":"Six tendances pour un travail mobile s\u00fbr - Save","isPartOf":{"@id":"https:\/\/news.save.ch\/de\/#website"},"primaryImageOfPage":{"@id":"https:\/\/news.save.ch\/sechs-trends-beim-sicheren-mobilen-arbeiten\/#primaryimage"},"image":{"@id":"https:\/\/news.save.ch\/sechs-trends-beim-sicheren-mobilen-arbeiten\/#primaryimage"},"thumbnailUrl":"https:\/\/news.save.ch\/wp-content\/uploads\/2019\/01\/Depositphotos_220813898_s-2015.jpg","datePublished":"2019-01-11T08:56:44+00:00","dateModified":"2023-03-14T07:56:50+00:00","description":"Six tendances : les points importants pour une utilisation s\u00fbre et conviviale des smartphones et tablettes en entreprise sont expliqu\u00e9s.","breadcrumb":{"@id":"https:\/\/news.save.ch\/sechs-trends-beim-sicheren-mobilen-arbeiten\/#breadcrumb"},"inLanguage":"fr-FR","potentialAction":[{"@type":"ReadAction","target":["https:\/\/news.save.ch\/sechs-trends-beim-sicheren-mobilen-arbeiten\/"]}]},{"@type":"ImageObject","inLanguage":"fr-FR","@id":"https:\/\/news.save.ch\/sechs-trends-beim-sicheren-mobilen-arbeiten\/#primaryimage","url":"https:\/\/news.save.ch\/wp-content\/uploads\/2019\/01\/Depositphotos_220813898_s-2015.jpg","contentUrl":"https:\/\/news.save.ch\/wp-content\/uploads\/2019\/01\/Depositphotos_220813898_s-2015.jpg","width":500,"height":272,"caption":"\u00a9 depositphotos, sdecoret"},{"@type":"BreadcrumbList","@id":"https:\/\/news.save.ch\/sechs-trends-beim-sicheren-mobilen-arbeiten\/#breadcrumb","itemListElement":[{"@type":"ListItem","position":1,"name":"Home","item":"https:\/\/news.save.ch\/de\/"},{"@type":"ListItem","position":2,"name":"Sechs Trends beim sicheren mobilen Arbeiten"}]},{"@type":"WebSite","@id":"https:\/\/news.save.ch\/de\/#website","url":"https:\/\/news.save.ch\/de\/","name":"Save","description":"Revue suisse sp\u00e9cialis\u00e9e dans la s\u00e9curit\u00e9","publisher":{"@id":"https:\/\/news.save.ch\/de\/#organization"},"potentialAction":[{"@type":"SearchAction","target":{"@type":"EntryPoint","urlTemplate":"https:\/\/news.save.ch\/de\/?s={search_term_string}"},"query-input":{"@type":"PropertyValueSpecification","valueRequired":true,"valueName":"search_term_string"}}],"inLanguage":"fr-FR"},{"@type":"Organization","@id":"https:\/\/news.save.ch\/de\/#organization","name":"Forum sur la s\u00e9curit\u00e9","url":"https:\/\/news.save.ch\/de\/","logo":{"@type":"ImageObject","inLanguage":"fr-FR","@id":"https:\/\/news.save.ch\/de\/#\/schema\/logo\/image\/","url":"https:\/\/news.save.ch\/wp-content\/uploads\/2022\/06\/Logo_SF_2012.png","contentUrl":"https:\/\/news.save.ch\/wp-content\/uploads\/2022\/06\/Logo_SF_2012.png","width":1100,"height":91,"caption":"Sicherheitsforum"},"image":{"@id":"https:\/\/news.save.ch\/de\/#\/schema\/logo\/image\/"}},{"@type":"Person","@id":"https:\/\/news.save.ch\/de\/#\/schema\/person\/d5022db048e0e2b9785c50e5b24da5aa","name":"Roger Str\u00e4ssle","image":{"@type":"ImageObject","inLanguage":"fr-FR","@id":"https:\/\/secure.gravatar.com\/avatar\/862a5569d087de48e5856e32f45d719a03804c891d6deb8d4f71a660e79e4a47?s=96&d=mm&r=g","url":"https:\/\/secure.gravatar.com\/avatar\/862a5569d087de48e5856e32f45d719a03804c891d6deb8d4f71a660e79e4a47?s=96&d=mm&r=g","contentUrl":"https:\/\/secure.gravatar.com\/avatar\/862a5569d087de48e5856e32f45d719a03804c891d6deb8d4f71a660e79e4a47?s=96&d=mm&r=g","caption":"Roger Str\u00e4ssle"},"url":"https:\/\/news.save.ch\/fr\/author\/roger-straessle\/"}]}},"_links":{"self":[{"href":"https:\/\/news.save.ch\/fr\/wp-json\/wp\/v2\/posts\/7474","targetHints":{"allow":["GET"]}}],"collection":[{"href":"https:\/\/news.save.ch\/fr\/wp-json\/wp\/v2\/posts"}],"about":[{"href":"https:\/\/news.save.ch\/fr\/wp-json\/wp\/v2\/types\/post"}],"author":[{"embeddable":true,"href":"https:\/\/news.save.ch\/fr\/wp-json\/wp\/v2\/users\/8"}],"replies":[{"embeddable":true,"href":"https:\/\/news.save.ch\/fr\/wp-json\/wp\/v2\/comments?post=7474"}],"version-history":[{"count":1,"href":"https:\/\/news.save.ch\/fr\/wp-json\/wp\/v2\/posts\/7474\/revisions"}],"predecessor-version":[{"id":17415,"href":"https:\/\/news.save.ch\/fr\/wp-json\/wp\/v2\/posts\/7474\/revisions\/17415"}],"wp:featuredmedia":[{"embeddable":true,"href":"https:\/\/news.save.ch\/fr\/wp-json\/wp\/v2\/media\/7475"}],"wp:attachment":[{"href":"https:\/\/news.save.ch\/fr\/wp-json\/wp\/v2\/media?parent=7474"}],"wp:term":[{"taxonomy":"category","embeddable":true,"href":"https:\/\/news.save.ch\/fr\/wp-json\/wp\/v2\/categories?post=7474"},{"taxonomy":"post_tag","embeddable":true,"href":"https:\/\/news.save.ch\/fr\/wp-json\/wp\/v2\/tags?post=7474"}],"curies":[{"name":"wp","href":"https:\/\/api.w.org\/{rel}","templated":true}]}}