{"id":7488,"date":"2019-01-15T10:07:24","date_gmt":"2019-01-15T09:07:24","guid":{"rendered":"https:\/\/news.save.ch\/?p=7488"},"modified":"2019-01-15T10:07:24","modified_gmt":"2019-01-15T09:07:24","slug":"sichere-vernetzung-von-gebaeudesysteme-vorantreiben","status":null,"type":"post","link":"https:\/\/news.save.ch\/fr\/sichere-vernetzung-von-gebaeudesysteme-vorantreiben\/","title":{"rendered":"Syst\u00e8mes de b\u00e2timent : faire avancer la mise en r\u00e9seau s\u00e9curis\u00e9e"},"content":{"rendered":"<figure id=\"attachment_7489\" aria-describedby=\"caption-attachment-7489\" style=\"width: 500px\" class=\"wp-caption aligncenter\"><img loading=\"lazy\" decoding=\"async\" class=\"wp-image-7489 size-full\" src=\"https:\/\/news.save.ch\/wp-content\/uploads\/2019\/01\/Depositphotos_126450158_s-2015.jpg\" alt=\"Syst\u00e8mes de b\u00e2timent, technique du b\u00e2timent\" width=\"500\" height=\"333\" srcset=\"https:\/\/news.save.ch\/wp-content\/uploads\/2019\/01\/Depositphotos_126450158_s-2015.jpg 500w, https:\/\/news.save.ch\/wp-content\/uploads\/2019\/01\/Depositphotos_126450158_s-2015-375x250.jpg 375w\" sizes=\"auto, (max-width: 500px) 100vw, 500px\" \/><figcaption id=\"caption-attachment-7489\" class=\"wp-caption-text\">\u00a9 depositphotos, aa-w<\/figcaption><\/figure>\n<p>\"Attaque des r\u00e9frig\u00e9rateurs tueurs\", \"Ma brosse \u00e0 dents a pirat\u00e9 le Pentagone\", \"Les chercheurs mettent en garde contre les lampes intelligentes\" - voici quelques gros titres sur les failles de s\u00e9curit\u00e9 fr\u00e9quentes dans les b\u00e2timents intelligents. Le fait que \"smart\" ne signifie d\u00e9finitivement pas automatiquement \"s\u00fbr\" est d\u00e9sormais connu bien au-del\u00e0 de la branche. Au contraire, la mise en r\u00e9seau cr\u00e9e toujours de nouveaux risques, parfois m\u00eame totalement inconnus jusqu'\u00e0 pr\u00e9sent, comme l'\u00e9crit le VdS, sp\u00e9cialis\u00e9 dans la s\u00e9curit\u00e9 des entreprises.<\/p>\n<p><strong>Proc\u00e9dure de reconnaissance d\u00e9velopp\u00e9e<\/strong><\/p>\n<p>Comme tous les techniciens le savent, une plus grande interconnexion signifie toujours une augmentation des risques de panne et de d\u00e9faillance. Le VdS s'est pench\u00e9 sur ces questions critiques et a donc d\u00e9velopp\u00e9 la proc\u00e9dure de reconnaissance VdS 3838 pour les \"sp\u00e9cialistes de la s\u00e9curit\u00e9 et de la s\u00fbret\u00e9 des b\u00e2timents intelligents\". Sur la base de connaissances pratiques prouv\u00e9es en mati\u00e8re de technique d'installation et d'information, ces experts attestent de leurs comp\u00e9tences particuli\u00e8res en mati\u00e8re de mise en r\u00e9seau s\u00fbre et globale de syst\u00e8mes de b\u00e2timents.<\/p>\n<p>\"Les sp\u00e9cialistes reconnus par VdS concilient ce qui est techniquement possible avec ce qui est acceptable du point de vue de la s\u00e9curit\u00e9\", souligne Sebastian Brose, responsable de la gestion des produits VdS au sein de la division Produits et Entreprises. \"Nous esp\u00e9rons ainsi apporter une contribution importante au comblement des lacunes de s\u00e9curit\u00e9 encore trop importantes et nombreuses dans ce domaine d'avenir - afin que les b\u00e2timents intelligents soient vraiment prot\u00e9g\u00e9s de mani\u00e8re intelligente\".<\/p>\n<p><em>Infos : <a href=\"https:\/\/vds.de\/\">www.vds.de<\/a><\/em><\/p>\n<p>&nbsp;<\/p>","protected":false},"excerpt":{"rendered":"<p>\u00abAngriff der Killer-K\u00fchlschr\u00e4nke\u00bb, \u00abMeine Zahnb\u00fcrste hackte das Pentagon\u00bb, \u00abForscher warnen vor intelligenten Lampen\u00bb \u2013 das sind ein paar Schlagzeilen zu den h\u00e4ufigen Sicherheitsl\u00fccken in Smart Buildings. Dass \u00absmart\u00bb definitiv nicht automatisch \u00absicher\u00bb bedeutet, ist mittlerweile weit \u00fcber die Branche hinaus bekannt. Im Gegenteil, die Vernetzung schafft immer neue, teils sogar bisher v\u00f6llig unbekannte Risiken, wie [&hellip;]<\/p>\n","protected":false},"author":8,"featured_media":7489,"comment_status":"open","ping_status":"open","sticky":false,"template":"","format":"standard","meta":{"_acf_changed":false,"pgc_sgb_lightbox_settings":"","footnotes":""},"categories":[1],"tags":[109,136,444],"class_list":["post-7488","post","type-post","status-publish","format-standard","has-post-thumbnail","hentry","category-allgemein","tag-aus-und-weiterbildung","tag-gebaeudesicherheit","tag-gebaeudetechnik"],"acf":[],"hkrextid":null,"publication":null,"issue":null,"workflow":null,"startPage":null,"spitzmarke":null,"_posts_by_tag_page_fields":{"widget_title":"","widget_tags":""},"_at_widget":"1","_yoast_wpseo_primary_category":"1","_yoast_wpseo_focuskw_text_input":"Geb\u00e4udesysteme","_yoast_wpseo_opengraph-image":null,"_yoast_wpseo_opengraph-description":null,"_yoast_wpseo_opengraph-title":null,"enclosure":null,"_yoast_wpseo_twitter-title":null,"_yoast_wpseo_twitter-description":null,"_yoast_wpseo_twitter-image":null,"_wp_old_slug":null,"_yoast_wpseo_title":null,"_yoast_wpseo_canonical":null,"yoast_head":"<!-- This site is optimized with the Yoast SEO plugin v27.4 - https:\/\/yoast.com\/product\/yoast-seo-wordpress\/ -->\n<title>Geb\u00e4udesysteme: sichere Vernetzung vorantreiben - Save<\/title>\n<meta name=\"description\" content=\"Die Geb\u00e4udevernetzung birgt auch Sicherheitsl\u00fccken. Aus diesem Grund hat der VdS ein Anerkennungsverfahren f\u00fcr Smart-Building-Fachkr\u00e4fte erarbeitet.\" \/>\n<meta name=\"robots\" content=\"index, follow, max-snippet:-1, max-image-preview:large, max-video-preview:-1\" \/>\n<link rel=\"canonical\" href=\"https:\/\/news.save.ch\/fr\/sichere-vernetzung-von-gebaeudesysteme-vorantreiben\/\" \/>\n<meta property=\"og:locale\" content=\"fr_FR\" \/>\n<meta property=\"og:type\" content=\"article\" \/>\n<meta property=\"og:title\" content=\"Geb\u00e4udesysteme: sichere Vernetzung vorantreiben - Save\" \/>\n<meta property=\"og:description\" content=\"Die Geb\u00e4udevernetzung birgt auch Sicherheitsl\u00fccken. Aus diesem Grund hat der VdS ein Anerkennungsverfahren f\u00fcr Smart-Building-Fachkr\u00e4fte erarbeitet.\" \/>\n<meta property=\"og:url\" content=\"https:\/\/news.save.ch\/fr\/sichere-vernetzung-von-gebaeudesysteme-vorantreiben\/\" \/>\n<meta property=\"og:site_name\" content=\"Save\" \/>\n<meta property=\"article:published_time\" content=\"2019-01-15T09:07:24+00:00\" \/>\n<meta property=\"og:image\" content=\"https:\/\/news.save.ch\/wp-content\/uploads\/2019\/01\/Depositphotos_126450158_s-2015.jpg\" \/>\n\t<meta property=\"og:image:width\" content=\"500\" \/>\n\t<meta property=\"og:image:height\" content=\"333\" \/>\n\t<meta property=\"og:image:type\" content=\"image\/jpeg\" \/>\n<meta name=\"author\" content=\"Roger Str\u00e4ssle\" \/>\n<meta name=\"twitter:card\" content=\"summary_large_image\" \/>\n<meta name=\"twitter:label1\" content=\"\u00c9crit par\" \/>\n\t<meta name=\"twitter:data1\" content=\"Roger Str\u00e4ssle\" \/>\n\t<meta name=\"twitter:label2\" content=\"Dur\u00e9e de lecture estim\u00e9e\" \/>\n\t<meta name=\"twitter:data2\" content=\"1 minute\" \/>\n<script type=\"application\/ld+json\" class=\"yoast-schema-graph\">{\"@context\":\"https:\\\/\\\/schema.org\",\"@graph\":[{\"@type\":\"Article\",\"@id\":\"https:\\\/\\\/news.save.ch\\\/sichere-vernetzung-von-gebaeudesysteme-vorantreiben\\\/#article\",\"isPartOf\":{\"@id\":\"https:\\\/\\\/news.save.ch\\\/sichere-vernetzung-von-gebaeudesysteme-vorantreiben\\\/\"},\"author\":{\"name\":\"Roger Str\u00e4ssle\",\"@id\":\"https:\\\/\\\/news.save.ch\\\/de\\\/#\\\/schema\\\/person\\\/d5022db048e0e2b9785c50e5b24da5aa\"},\"headline\":\"Geb\u00e4udesysteme: sichere Vernetzung vorantreiben\",\"datePublished\":\"2019-01-15T09:07:24+00:00\",\"mainEntityOfPage\":{\"@id\":\"https:\\\/\\\/news.save.ch\\\/sichere-vernetzung-von-gebaeudesysteme-vorantreiben\\\/\"},\"wordCount\":211,\"commentCount\":0,\"publisher\":{\"@id\":\"https:\\\/\\\/news.save.ch\\\/de\\\/#organization\"},\"image\":{\"@id\":\"https:\\\/\\\/news.save.ch\\\/sichere-vernetzung-von-gebaeudesysteme-vorantreiben\\\/#primaryimage\"},\"thumbnailUrl\":\"https:\\\/\\\/news.save.ch\\\/wp-content\\\/uploads\\\/2019\\\/01\\\/Depositphotos_126450158_s-2015.jpg\",\"keywords\":[\"Aus- und Weiterbildung\",\"Geb\u00e4udesicherheit\",\"Geb\u00e4udetechnik\"],\"articleSection\":[\"ALLGEMEIN\"],\"inLanguage\":\"fr-FR\"},{\"@type\":\"WebPage\",\"@id\":\"https:\\\/\\\/news.save.ch\\\/sichere-vernetzung-von-gebaeudesysteme-vorantreiben\\\/\",\"url\":\"https:\\\/\\\/news.save.ch\\\/sichere-vernetzung-von-gebaeudesysteme-vorantreiben\\\/\",\"name\":\"Geb\u00e4udesysteme: sichere Vernetzung vorantreiben - Save\",\"isPartOf\":{\"@id\":\"https:\\\/\\\/news.save.ch\\\/de\\\/#website\"},\"primaryImageOfPage\":{\"@id\":\"https:\\\/\\\/news.save.ch\\\/sichere-vernetzung-von-gebaeudesysteme-vorantreiben\\\/#primaryimage\"},\"image\":{\"@id\":\"https:\\\/\\\/news.save.ch\\\/sichere-vernetzung-von-gebaeudesysteme-vorantreiben\\\/#primaryimage\"},\"thumbnailUrl\":\"https:\\\/\\\/news.save.ch\\\/wp-content\\\/uploads\\\/2019\\\/01\\\/Depositphotos_126450158_s-2015.jpg\",\"datePublished\":\"2019-01-15T09:07:24+00:00\",\"description\":\"Die Geb\u00e4udevernetzung birgt auch Sicherheitsl\u00fccken. Aus diesem Grund hat der VdS ein Anerkennungsverfahren f\u00fcr Smart-Building-Fachkr\u00e4fte erarbeitet.\",\"breadcrumb\":{\"@id\":\"https:\\\/\\\/news.save.ch\\\/sichere-vernetzung-von-gebaeudesysteme-vorantreiben\\\/#breadcrumb\"},\"inLanguage\":\"fr-FR\",\"potentialAction\":[{\"@type\":\"ReadAction\",\"target\":[\"https:\\\/\\\/news.save.ch\\\/sichere-vernetzung-von-gebaeudesysteme-vorantreiben\\\/\"]}]},{\"@type\":\"ImageObject\",\"inLanguage\":\"fr-FR\",\"@id\":\"https:\\\/\\\/news.save.ch\\\/sichere-vernetzung-von-gebaeudesysteme-vorantreiben\\\/#primaryimage\",\"url\":\"https:\\\/\\\/news.save.ch\\\/wp-content\\\/uploads\\\/2019\\\/01\\\/Depositphotos_126450158_s-2015.jpg\",\"contentUrl\":\"https:\\\/\\\/news.save.ch\\\/wp-content\\\/uploads\\\/2019\\\/01\\\/Depositphotos_126450158_s-2015.jpg\",\"width\":500,\"height\":333,\"caption\":\"\u00a9 depositphotos, aa-w\"},{\"@type\":\"BreadcrumbList\",\"@id\":\"https:\\\/\\\/news.save.ch\\\/sichere-vernetzung-von-gebaeudesysteme-vorantreiben\\\/#breadcrumb\",\"itemListElement\":[{\"@type\":\"ListItem\",\"position\":1,\"name\":\"Home\",\"item\":\"https:\\\/\\\/news.save.ch\\\/de\\\/\"},{\"@type\":\"ListItem\",\"position\":2,\"name\":\"Geb\u00e4udesysteme: sichere Vernetzung vorantreiben\"}]},{\"@type\":\"WebSite\",\"@id\":\"https:\\\/\\\/news.save.ch\\\/de\\\/#website\",\"url\":\"https:\\\/\\\/news.save.ch\\\/de\\\/\",\"name\":\"Save\",\"description\":\"Schweizer Fachzeitschrift f\u00fcr Sicherheit\",\"publisher\":{\"@id\":\"https:\\\/\\\/news.save.ch\\\/de\\\/#organization\"},\"potentialAction\":[{\"@type\":\"SearchAction\",\"target\":{\"@type\":\"EntryPoint\",\"urlTemplate\":\"https:\\\/\\\/news.save.ch\\\/de\\\/?s={search_term_string}\"},\"query-input\":{\"@type\":\"PropertyValueSpecification\",\"valueRequired\":true,\"valueName\":\"search_term_string\"}}],\"inLanguage\":\"fr-FR\"},{\"@type\":\"Organization\",\"@id\":\"https:\\\/\\\/news.save.ch\\\/de\\\/#organization\",\"name\":\"Sicherheitsforum\",\"url\":\"https:\\\/\\\/news.save.ch\\\/de\\\/\",\"logo\":{\"@type\":\"ImageObject\",\"inLanguage\":\"fr-FR\",\"@id\":\"https:\\\/\\\/news.save.ch\\\/de\\\/#\\\/schema\\\/logo\\\/image\\\/\",\"url\":\"https:\\\/\\\/news.save.ch\\\/wp-content\\\/uploads\\\/2022\\\/06\\\/Logo_SF_2012.png\",\"contentUrl\":\"https:\\\/\\\/news.save.ch\\\/wp-content\\\/uploads\\\/2022\\\/06\\\/Logo_SF_2012.png\",\"width\":1100,\"height\":91,\"caption\":\"Sicherheitsforum\"},\"image\":{\"@id\":\"https:\\\/\\\/news.save.ch\\\/de\\\/#\\\/schema\\\/logo\\\/image\\\/\"}},{\"@type\":\"Person\",\"@id\":\"https:\\\/\\\/news.save.ch\\\/de\\\/#\\\/schema\\\/person\\\/d5022db048e0e2b9785c50e5b24da5aa\",\"name\":\"Roger Str\u00e4ssle\",\"image\":{\"@type\":\"ImageObject\",\"inLanguage\":\"fr-FR\",\"@id\":\"https:\\\/\\\/secure.gravatar.com\\\/avatar\\\/862a5569d087de48e5856e32f45d719a03804c891d6deb8d4f71a660e79e4a47?s=96&d=mm&r=g\",\"url\":\"https:\\\/\\\/secure.gravatar.com\\\/avatar\\\/862a5569d087de48e5856e32f45d719a03804c891d6deb8d4f71a660e79e4a47?s=96&d=mm&r=g\",\"contentUrl\":\"https:\\\/\\\/secure.gravatar.com\\\/avatar\\\/862a5569d087de48e5856e32f45d719a03804c891d6deb8d4f71a660e79e4a47?s=96&d=mm&r=g\",\"caption\":\"Roger Str\u00e4ssle\"},\"url\":\"https:\\\/\\\/news.save.ch\\\/fr\\\/author\\\/roger-straessle\\\/\"}]}<\/script>\n<!-- \/ Yoast SEO plugin. -->","yoast_head_json":{"title":"Syst\u00e8mes pour b\u00e2timents : faire avancer la mise en r\u00e9seau s\u00e9curis\u00e9e - Save","description":"La mise en r\u00e9seau des b\u00e2timents comporte \u00e9galement des failles de s\u00e9curit\u00e9. C'est pourquoi le VdS a \u00e9labor\u00e9 une proc\u00e9dure de reconnaissance pour les sp\u00e9cialistes du smart building.","robots":{"index":"index","follow":"follow","max-snippet":"max-snippet:-1","max-image-preview":"max-image-preview:large","max-video-preview":"max-video-preview:-1"},"canonical":"https:\/\/news.save.ch\/fr\/sichere-vernetzung-von-gebaeudesysteme-vorantreiben\/","og_locale":"fr_FR","og_type":"article","og_title":"Geb\u00e4udesysteme: sichere Vernetzung vorantreiben - Save","og_description":"Die Geb\u00e4udevernetzung birgt auch Sicherheitsl\u00fccken. Aus diesem Grund hat der VdS ein Anerkennungsverfahren f\u00fcr Smart-Building-Fachkr\u00e4fte erarbeitet.","og_url":"https:\/\/news.save.ch\/fr\/sichere-vernetzung-von-gebaeudesysteme-vorantreiben\/","og_site_name":"Save","article_published_time":"2019-01-15T09:07:24+00:00","og_image":[{"width":500,"height":333,"url":"https:\/\/news.save.ch\/wp-content\/uploads\/2019\/01\/Depositphotos_126450158_s-2015.jpg","type":"image\/jpeg"}],"author":"Roger Str\u00e4ssle","twitter_card":"summary_large_image","twitter_misc":{"\u00c9crit par":"Roger Str\u00e4ssle","Dur\u00e9e de lecture estim\u00e9e":"1 minute"},"schema":{"@context":"https:\/\/schema.org","@graph":[{"@type":"Article","@id":"https:\/\/news.save.ch\/sichere-vernetzung-von-gebaeudesysteme-vorantreiben\/#article","isPartOf":{"@id":"https:\/\/news.save.ch\/sichere-vernetzung-von-gebaeudesysteme-vorantreiben\/"},"author":{"name":"Roger Str\u00e4ssle","@id":"https:\/\/news.save.ch\/de\/#\/schema\/person\/d5022db048e0e2b9785c50e5b24da5aa"},"headline":"Geb\u00e4udesysteme: sichere Vernetzung vorantreiben","datePublished":"2019-01-15T09:07:24+00:00","mainEntityOfPage":{"@id":"https:\/\/news.save.ch\/sichere-vernetzung-von-gebaeudesysteme-vorantreiben\/"},"wordCount":211,"commentCount":0,"publisher":{"@id":"https:\/\/news.save.ch\/de\/#organization"},"image":{"@id":"https:\/\/news.save.ch\/sichere-vernetzung-von-gebaeudesysteme-vorantreiben\/#primaryimage"},"thumbnailUrl":"https:\/\/news.save.ch\/wp-content\/uploads\/2019\/01\/Depositphotos_126450158_s-2015.jpg","keywords":["Aus- und Weiterbildung","Geb\u00e4udesicherheit","Geb\u00e4udetechnik"],"articleSection":["ALLGEMEIN"],"inLanguage":"fr-FR"},{"@type":"WebPage","@id":"https:\/\/news.save.ch\/sichere-vernetzung-von-gebaeudesysteme-vorantreiben\/","url":"https:\/\/news.save.ch\/sichere-vernetzung-von-gebaeudesysteme-vorantreiben\/","name":"Syst\u00e8mes pour b\u00e2timents : faire avancer la mise en r\u00e9seau s\u00e9curis\u00e9e - Save","isPartOf":{"@id":"https:\/\/news.save.ch\/de\/#website"},"primaryImageOfPage":{"@id":"https:\/\/news.save.ch\/sichere-vernetzung-von-gebaeudesysteme-vorantreiben\/#primaryimage"},"image":{"@id":"https:\/\/news.save.ch\/sichere-vernetzung-von-gebaeudesysteme-vorantreiben\/#primaryimage"},"thumbnailUrl":"https:\/\/news.save.ch\/wp-content\/uploads\/2019\/01\/Depositphotos_126450158_s-2015.jpg","datePublished":"2019-01-15T09:07:24+00:00","description":"La mise en r\u00e9seau des b\u00e2timents comporte \u00e9galement des failles de s\u00e9curit\u00e9. C'est pourquoi le VdS a \u00e9labor\u00e9 une proc\u00e9dure de reconnaissance pour les sp\u00e9cialistes du smart building.","breadcrumb":{"@id":"https:\/\/news.save.ch\/sichere-vernetzung-von-gebaeudesysteme-vorantreiben\/#breadcrumb"},"inLanguage":"fr-FR","potentialAction":[{"@type":"ReadAction","target":["https:\/\/news.save.ch\/sichere-vernetzung-von-gebaeudesysteme-vorantreiben\/"]}]},{"@type":"ImageObject","inLanguage":"fr-FR","@id":"https:\/\/news.save.ch\/sichere-vernetzung-von-gebaeudesysteme-vorantreiben\/#primaryimage","url":"https:\/\/news.save.ch\/wp-content\/uploads\/2019\/01\/Depositphotos_126450158_s-2015.jpg","contentUrl":"https:\/\/news.save.ch\/wp-content\/uploads\/2019\/01\/Depositphotos_126450158_s-2015.jpg","width":500,"height":333,"caption":"\u00a9 depositphotos, aa-w"},{"@type":"BreadcrumbList","@id":"https:\/\/news.save.ch\/sichere-vernetzung-von-gebaeudesysteme-vorantreiben\/#breadcrumb","itemListElement":[{"@type":"ListItem","position":1,"name":"Home","item":"https:\/\/news.save.ch\/de\/"},{"@type":"ListItem","position":2,"name":"Geb\u00e4udesysteme: sichere Vernetzung vorantreiben"}]},{"@type":"WebSite","@id":"https:\/\/news.save.ch\/de\/#website","url":"https:\/\/news.save.ch\/de\/","name":"Save","description":"Revue suisse sp\u00e9cialis\u00e9e dans la s\u00e9curit\u00e9","publisher":{"@id":"https:\/\/news.save.ch\/de\/#organization"},"potentialAction":[{"@type":"SearchAction","target":{"@type":"EntryPoint","urlTemplate":"https:\/\/news.save.ch\/de\/?s={search_term_string}"},"query-input":{"@type":"PropertyValueSpecification","valueRequired":true,"valueName":"search_term_string"}}],"inLanguage":"fr-FR"},{"@type":"Organization","@id":"https:\/\/news.save.ch\/de\/#organization","name":"Forum sur la s\u00e9curit\u00e9","url":"https:\/\/news.save.ch\/de\/","logo":{"@type":"ImageObject","inLanguage":"fr-FR","@id":"https:\/\/news.save.ch\/de\/#\/schema\/logo\/image\/","url":"https:\/\/news.save.ch\/wp-content\/uploads\/2022\/06\/Logo_SF_2012.png","contentUrl":"https:\/\/news.save.ch\/wp-content\/uploads\/2022\/06\/Logo_SF_2012.png","width":1100,"height":91,"caption":"Sicherheitsforum"},"image":{"@id":"https:\/\/news.save.ch\/de\/#\/schema\/logo\/image\/"}},{"@type":"Person","@id":"https:\/\/news.save.ch\/de\/#\/schema\/person\/d5022db048e0e2b9785c50e5b24da5aa","name":"Roger Str\u00e4ssle","image":{"@type":"ImageObject","inLanguage":"fr-FR","@id":"https:\/\/secure.gravatar.com\/avatar\/862a5569d087de48e5856e32f45d719a03804c891d6deb8d4f71a660e79e4a47?s=96&d=mm&r=g","url":"https:\/\/secure.gravatar.com\/avatar\/862a5569d087de48e5856e32f45d719a03804c891d6deb8d4f71a660e79e4a47?s=96&d=mm&r=g","contentUrl":"https:\/\/secure.gravatar.com\/avatar\/862a5569d087de48e5856e32f45d719a03804c891d6deb8d4f71a660e79e4a47?s=96&d=mm&r=g","caption":"Roger Str\u00e4ssle"},"url":"https:\/\/news.save.ch\/fr\/author\/roger-straessle\/"}]}},"_links":{"self":[{"href":"https:\/\/news.save.ch\/fr\/wp-json\/wp\/v2\/posts\/7488","targetHints":{"allow":["GET"]}}],"collection":[{"href":"https:\/\/news.save.ch\/fr\/wp-json\/wp\/v2\/posts"}],"about":[{"href":"https:\/\/news.save.ch\/fr\/wp-json\/wp\/v2\/types\/post"}],"author":[{"embeddable":true,"href":"https:\/\/news.save.ch\/fr\/wp-json\/wp\/v2\/users\/8"}],"replies":[{"embeddable":true,"href":"https:\/\/news.save.ch\/fr\/wp-json\/wp\/v2\/comments?post=7488"}],"version-history":[{"count":0,"href":"https:\/\/news.save.ch\/fr\/wp-json\/wp\/v2\/posts\/7488\/revisions"}],"wp:featuredmedia":[{"embeddable":true,"href":"https:\/\/news.save.ch\/fr\/wp-json\/wp\/v2\/media\/7489"}],"wp:attachment":[{"href":"https:\/\/news.save.ch\/fr\/wp-json\/wp\/v2\/media?parent=7488"}],"wp:term":[{"taxonomy":"category","embeddable":true,"href":"https:\/\/news.save.ch\/fr\/wp-json\/wp\/v2\/categories?post=7488"},{"taxonomy":"post_tag","embeddable":true,"href":"https:\/\/news.save.ch\/fr\/wp-json\/wp\/v2\/tags?post=7488"}],"curies":[{"name":"wp","href":"https:\/\/api.w.org\/{rel}","templated":true}]}}