{"id":7507,"date":"2021-08-02T10:30:45","date_gmt":"2021-08-02T08:30:45","guid":{"rendered":"https:\/\/news.save.ch\/?p=7507"},"modified":"2023-07-15T18:35:00","modified_gmt":"2023-07-15T16:35:00","slug":"inhaltsstoffe-in-sonnencremes-diese-sollten-sie-meiden","status":null,"type":"post","link":"https:\/\/news.save.ch\/fr\/inhaltsstoffe-in-sonnencremes-diese-sollten-sie-meiden\/","title":{"rendered":"Ingr\u00e9dients des cr\u00e8mes solaires : \u00e0 \u00e9viter"},"content":{"rendered":"<figure id=\"attachment_7510\" aria-describedby=\"caption-attachment-7510\" style=\"width: 680px\" class=\"wp-caption alignnone\"><img loading=\"lazy\" decoding=\"async\" class=\"wp-image-7510 size-medium\" src=\"http:\/\/develop.safety-plus.ch\/wp-content\/uploads\/2021\/08\/Sonnencreme_pixabay_teaser.jpg\" alt=\"Ingr\u00e9dients\" width=\"680\" height=\"383\" \/><figcaption id=\"caption-attachment-7510\" class=\"wp-caption-text\">Pixabay<\/figcaption><\/figure>\n<p>L'\u00e9t\u00e9 est enfin arriv\u00e9 en force et nous offre un soleil g\u00e9n\u00e9reux. Avant de profiter de ces heures d'ensoleillement sans souci, il ne faut pas oublier de prot\u00e9ger sa peau. La r\u00e9daction du portail de consommateurs Vergleich.org a rassembl\u00e9 les contenus auxquels vous devez faire attention lors du choix de votre cr\u00e8me solaire :<\/p>\n<ul>\n<li><strong>Ne plus utiliser l'ancienne cr\u00e8me solaire <\/strong>Les cr\u00e8mes solaires p\u00e9rim\u00e9es peuvent contenir des substances nocives. Jetez la cr\u00e8me solaire au plus tard lorsqu'elle a une odeur \u00e9trange, qu'elle a chang\u00e9 de couleur ou qu'elle a d\u00e9velopp\u00e9 une consistance bizarre.<\/li>\n<li><strong>\u00c9vitez les filtres UV qui contiennent la syllabe \"benzo-\" !<\/strong> Il convient d'\u00eatre particuli\u00e8rement prudent avec les substances benzoph\u00e9none-3 (oxybenzone), benzoph\u00e9none-4 ou benzoph\u00e9none-5, car elles sont soup\u00e7onn\u00e9es d'\u00eatre canc\u00e9rig\u00e8nes, sont en outre des perturbateurs endocriniens et d\u00e9clenchent souvent des allergies.<\/li>\n<li><strong>\u00c9vitez la substance octocryl\u00e8ne !<\/strong> Celui-ci, en se d\u00e9composant par vieillissement, forme une substance canc\u00e9rig\u00e8ne, la benzoph\u00e9none.<\/li>\n<li><strong>Les filtres en zinc et en titane sans nanoparticules (donc sans ajout du mot \"nano\" dans la d\u00e9signation) ne pr\u00e9sentent aucun risque !<\/strong> Ces filtres min\u00e9raux ne se d\u00e9sagr\u00e8gent pas sur la peau et prot\u00e8gent efficacement contre les rayons UVA et UVB - mais laissent malheureusement la plupart du temps une couche blanche sur la peau.<\/li>\n<li><strong>\u00c9vitez les cr\u00e8mes solaires contenant des nanoparticules !<\/strong> Ceux-ci p\u00e9n\u00e8trent dans la peau et l'organisme - reconnaissables \u00e0 la mention \"(nano)\". Les filtres min\u00e9raux que sont l'oxyde de zinc et le dioxyde de titane ne sont pas non plus recommand\u00e9s avec le suffixe \"nano\".<\/li>\n<\/ul>\n<figure id=\"attachment_7508\" aria-describedby=\"caption-attachment-7508\" style=\"width: 680px\" class=\"wp-caption alignnone\"><img loading=\"lazy\" decoding=\"async\" class=\"size-medium wp-image-7508\" src=\"http:\/\/develop.safety-plus.ch\/wp-content\/uploads\/2021\/08\/sonnencreme-darauf-sollten-sie-achten-uebersicht.png\" alt=\"\" width=\"680\" height=\"606\" srcset=\"https:\/\/news.save.ch\/wp-content\/uploads\/2021\/08\/sonnencreme-darauf-sollten-sie-achten-uebersicht.png 4168w, https:\/\/news.save.ch\/wp-content\/uploads\/2021\/08\/sonnencreme-darauf-sollten-sie-achten-uebersicht-680x606.png 680w, https:\/\/news.save.ch\/wp-content\/uploads\/2021\/08\/sonnencreme-darauf-sollten-sie-achten-uebersicht-1024x913.png 1024w, https:\/\/news.save.ch\/wp-content\/uploads\/2021\/08\/sonnencreme-darauf-sollten-sie-achten-uebersicht-768x685.png 768w, https:\/\/news.save.ch\/wp-content\/uploads\/2021\/08\/sonnencreme-darauf-sollten-sie-achten-uebersicht-1536x1369.png 1536w, https:\/\/news.save.ch\/wp-content\/uploads\/2021\/08\/sonnencreme-darauf-sollten-sie-achten-uebersicht-2048x1826.png 2048w, https:\/\/news.save.ch\/wp-content\/uploads\/2021\/08\/sonnencreme-darauf-sollten-sie-achten-uebersicht-13x12.png 13w, https:\/\/news.save.ch\/wp-content\/uploads\/2021\/08\/sonnencreme-darauf-sollten-sie-achten-uebersicht-336x300.png 336w, https:\/\/news.save.ch\/wp-content\/uploads\/2021\/08\/sonnencreme-darauf-sollten-sie-achten-uebersicht-393x350.png 393w, https:\/\/news.save.ch\/wp-content\/uploads\/2021\/08\/sonnencreme-darauf-sollten-sie-achten-uebersicht-897x800.png 897w\" sizes=\"auto, (max-width: 680px) 100vw, 680px\" \/><figcaption id=\"caption-attachment-7508\" class=\"wp-caption-text\">Comparaison.org<\/figcaption><\/figure>\n<p>Les bons filtres sont anti-allerg\u00e8nes, photostables et n'ont pas d'effet hormonal ;<\/p>\n<p>Si vous voyez ces filtres sur la liste des ingr\u00e9dients d'une cr\u00e8me solaire, vous pouvez respirer : ces filtres sont anti-allerg\u00e8nes et ne provoquent donc pas d'allergies. De plus, ils sont photostables, ce qui signifie qu'ils ne se d\u00e9gradent pas au soleil.<\/p>\n<ul>\n<li>Bis-\u00e9thylhexyloxyph\u00e9nol m\u00e9thoxyph\u00e9nyl triazine (Tinosorb S)<\/li>\n<li>Drometrizole Trisiloxane (Mexoryl XL)<\/li>\n<li>Acide t\u00e9r\u00e9phthalylid\u00e8ne dicamphorique sulfonique (Mexoryl SX \/ Ecamsul)<\/li>\n<li>Ethylhexyl Triazone (Uvinul T 150)<\/li>\n<li>Di\u00e9thylamino hydroxybenzoyl hexyl benzoate (Uvinul A Plus)<\/li>\n<li>di\u00e9thylhexyl butamido triazone (iscotrizinol)<\/li>\n<li>Acide sulfonique de ph\u00e9nylbenzimidazole (enzulisol)<\/li>\n<li>butyl m\u00e9thoxydibenzoylm\u00e9thane (avobenzone)<\/li>\n<\/ul>\n<h2>Les ingr\u00e9dients \u00e0 \u00e9viter dans les cr\u00e8mes solaires<\/h2>\n<p>Il faut absolument \u00e9viter les produits contenant la substance benzoph\u00e9none (g\u00e9n\u00e9ralement benzoph\u00e9none-3, benzoph\u00e9none-4 ou benzoph\u00e9none-5 dans la liste INCI), car celle-ci a \u00e9t\u00e9 class\u00e9e comme \"potentiellement canc\u00e9rig\u00e8ne\" par le Centre international de recherche sur le cancer (CIRC).<\/p>\n<p>Bien que cette question n'ait pas encore \u00e9t\u00e9 d\u00e9finitivement tranch\u00e9e scientifiquement, des essais en laboratoire sur des souris permettent de tirer cette conclusion, de sorte que l'utilisation de cette substance est d\u00e9conseill\u00e9e jusqu'\u00e0 nouvel ordre. De plus, cette substance a \u00e9galement un effet perturbateur sur le m\u00e9tabolisme et un effet allerg\u00e8ne.<\/p>\n<figure id=\"attachment_7509\" aria-describedby=\"caption-attachment-7509\" style=\"width: 680px\" class=\"wp-caption alignnone\"><img loading=\"lazy\" decoding=\"async\" class=\"size-medium wp-image-7509\" src=\"http:\/\/develop.safety-plus.ch\/wp-content\/uploads\/2021\/08\/sonnencreme-uebersicht-unbedenkliche-inhaltsstoffe-details.png\" alt=\"\" width=\"680\" height=\"689\" srcset=\"https:\/\/news.save.ch\/wp-content\/uploads\/2021\/08\/sonnencreme-uebersicht-unbedenkliche-inhaltsstoffe-details.png 4168w, https:\/\/news.save.ch\/wp-content\/uploads\/2021\/08\/sonnencreme-uebersicht-unbedenkliche-inhaltsstoffe-details-680x689.png 680w, https:\/\/news.save.ch\/wp-content\/uploads\/2021\/08\/sonnencreme-uebersicht-unbedenkliche-inhaltsstoffe-details-1010x1024.png 1010w, https:\/\/news.save.ch\/wp-content\/uploads\/2021\/08\/sonnencreme-uebersicht-unbedenkliche-inhaltsstoffe-details-768x779.png 768w, https:\/\/news.save.ch\/wp-content\/uploads\/2021\/08\/sonnencreme-uebersicht-unbedenkliche-inhaltsstoffe-details-1515x1536.png 1515w, https:\/\/news.save.ch\/wp-content\/uploads\/2021\/08\/sonnencreme-uebersicht-unbedenkliche-inhaltsstoffe-details-2020x2048.png 2020w, https:\/\/news.save.ch\/wp-content\/uploads\/2021\/08\/sonnencreme-uebersicht-unbedenkliche-inhaltsstoffe-details-12x12.png 12w, https:\/\/news.save.ch\/wp-content\/uploads\/2021\/08\/sonnencreme-uebersicht-unbedenkliche-inhaltsstoffe-details-296x300.png 296w, https:\/\/news.save.ch\/wp-content\/uploads\/2021\/08\/sonnencreme-uebersicht-unbedenkliche-inhaltsstoffe-details-345x350.png 345w, https:\/\/news.save.ch\/wp-content\/uploads\/2021\/08\/sonnencreme-uebersicht-unbedenkliche-inhaltsstoffe-details-789x800.png 789w\" sizes=\"auto, (max-width: 680px) 100vw, 680px\" \/><figcaption id=\"caption-attachment-7509\" class=\"wp-caption-text\">Comparaison.org<\/figcaption><\/figure>\n<div class=\"mceTemp\"><\/div>\n<p>Dans ce contexte, il convient en outre de mettre en garde contre l'octocryl\u00e8ne, car cette substance se d\u00e9compose au bout d'un certain temps, produisant ainsi du benzoph\u00e9none comme d\u00e9chet. Ce filtre UV est donc \u00e9galement \u00e0 \u00e9viter.<\/p>\n<p><em>Vous trouverez \u00e9galement toutes les informations sur l'\u00e9valuation sous <\/em><a href=\"https:\/\/www.vergleich.org\/sonnencreme\/#Inhaltsstoffe_in_Sonnencremes_Diese_sollten_Sie_meiden\"><em>https:\/\/www.vergleich.org\/sonnencreme\/#Inhaltsstoffe_in_Sonnencremes_Diese_sollten_Sie_meiden<\/em><\/a><\/p>\n<p><em>Source : Vergleich.org<\/em><\/p>\n<p>&nbsp;<\/p>\n<p>&nbsp;<\/p>\n<p>&nbsp;<\/p>","protected":false},"excerpt":{"rendered":"<p>Mit voller Wucht ist der Sommer nun endlich angekommen und beschert uns Sonnenschein satt. Bevor Sie nun die \u00fcppigen Sonnenstunden unbeschwert nutzen, sollten Sie den Schutz Ihrer Haut nicht vergessen. Die Redaktion des Verbraucherportals Vergleich.org hat zusammengetragen, auf welche Inhalte Sie bei der Wahl der Sonnencreme achten sollten: Alte Sonnencreme nicht mehr verwenden: Abgelaufene Sonnenmilch [&hellip;]<\/p>\n","protected":false},"author":9,"featured_media":16485,"comment_status":"closed","ping_status":"closed","sticky":false,"template":"","format":"standard","meta":{"_acf_changed":false,"pgc_sgb_lightbox_settings":"","footnotes":""},"categories":[3314],"tags":[5391,5390,5392,2952,3154],"class_list":["post-7507","post","type-post","status-publish","format-standard","has-post-thumbnail","hentry","category-health-safety","tag-benzophenon","tag-inhaltsstoffe","tag-krebserregend","tag-sonnencremes","tag-uv-filter"],"acf":[],"hkrextid":null,"publication":null,"issue":null,"workflow":null,"startPage":null,"spitzmarke":null,"_posts_by_tag_page_fields":{"widget_title":"","widget_tags":""},"_at_widget":"1","_yoast_wpseo_primary_category":"","_yoast_wpseo_focuskw_text_input":null,"_yoast_wpseo_opengraph-image":null,"_yoast_wpseo_opengraph-description":null,"_yoast_wpseo_opengraph-title":null,"enclosure":null,"_yoast_wpseo_twitter-title":null,"_yoast_wpseo_twitter-description":null,"_yoast_wpseo_twitter-image":null,"_wp_old_slug":null,"_yoast_wpseo_title":null,"_yoast_wpseo_canonical":null,"yoast_head":"<!-- This site is optimized with the Yoast SEO plugin v27.5 - https:\/\/yoast.com\/product\/yoast-seo-wordpress\/ -->\n<title>Inhaltsstoffe in Sonnencremes: Diese sollten Sie meiden - Save<\/title>\n<meta name=\"description\" content=\"Nicht alle Inhaltsstoffe in Sonnencremes sind gesundheitlich unbedenklich. Welche Inhaltsstoffe negative Eigenschaften haben und welche Sie unbesorgt auf Ihre Haut auftragen k\u00f6nnen, erfahren Sie in diesem Beitrag.\" \/>\n<meta name=\"robots\" content=\"index, follow, max-snippet:-1, max-image-preview:large, max-video-preview:-1\" \/>\n<link rel=\"canonical\" href=\"https:\/\/news.save.ch\/fr\/inhaltsstoffe-in-sonnencremes-diese-sollten-sie-meiden\/\" \/>\n<meta property=\"og:locale\" content=\"fr_FR\" \/>\n<meta property=\"og:type\" content=\"article\" \/>\n<meta property=\"og:title\" content=\"Inhaltsstoffe in Sonnencremes: Diese sollten Sie meiden - Save\" \/>\n<meta property=\"og:description\" content=\"Nicht alle Inhaltsstoffe in Sonnencremes sind gesundheitlich unbedenklich. Welche Inhaltsstoffe negative Eigenschaften haben und welche Sie unbesorgt auf Ihre Haut auftragen k\u00f6nnen, erfahren Sie in diesem Beitrag.\" \/>\n<meta property=\"og:url\" content=\"https:\/\/news.save.ch\/fr\/inhaltsstoffe-in-sonnencremes-diese-sollten-sie-meiden\/\" \/>\n<meta property=\"og:site_name\" content=\"Save\" \/>\n<meta property=\"article:published_time\" content=\"2021-08-02T08:30:45+00:00\" \/>\n<meta property=\"article:modified_time\" content=\"2023-07-15T16:35:00+00:00\" \/>\n<meta property=\"og:image\" content=\"https:\/\/news.save.ch\/wp-content\/uploads\/2021\/08\/Sonnencreme_pixabay_teaser.jpg\" \/>\n\t<meta property=\"og:image:width\" content=\"960\" \/>\n\t<meta property=\"og:image:height\" content=\"540\" \/>\n\t<meta property=\"og:image:type\" content=\"image\/jpeg\" \/>\n<meta name=\"author\" content=\"Simon Gr\u00f6flin\" \/>\n<meta name=\"twitter:card\" content=\"summary_large_image\" \/>\n<meta name=\"twitter:label1\" content=\"\u00c9crit par\" \/>\n\t<meta name=\"twitter:data1\" content=\"Simon Gr\u00f6flin\" \/>\n\t<meta name=\"twitter:label2\" content=\"Dur\u00e9e de lecture estim\u00e9e\" \/>\n\t<meta name=\"twitter:data2\" content=\"3 minutes\" \/>\n<script type=\"application\/ld+json\" class=\"yoast-schema-graph\">{\"@context\":\"https:\\\/\\\/schema.org\",\"@graph\":[{\"@type\":\"Article\",\"@id\":\"https:\\\/\\\/news.save.ch\\\/inhaltsstoffe-in-sonnencremes-diese-sollten-sie-meiden\\\/#article\",\"isPartOf\":{\"@id\":\"https:\\\/\\\/news.save.ch\\\/inhaltsstoffe-in-sonnencremes-diese-sollten-sie-meiden\\\/\"},\"author\":{\"name\":\"Simon Gr\u00f6flin\",\"@id\":\"https:\\\/\\\/news.save.ch\\\/de\\\/#\\\/schema\\\/person\\\/ad4ef21102fd6125312409ac57d5296d\"},\"headline\":\"Inhaltsstoffe in Sonnencremes: Diese sollten Sie meiden\",\"datePublished\":\"2021-08-02T08:30:45+00:00\",\"dateModified\":\"2023-07-15T16:35:00+00:00\",\"mainEntityOfPage\":{\"@id\":\"https:\\\/\\\/news.save.ch\\\/inhaltsstoffe-in-sonnencremes-diese-sollten-sie-meiden\\\/\"},\"wordCount\":462,\"publisher\":{\"@id\":\"https:\\\/\\\/news.save.ch\\\/de\\\/#organization\"},\"image\":{\"@id\":\"https:\\\/\\\/news.save.ch\\\/inhaltsstoffe-in-sonnencremes-diese-sollten-sie-meiden\\\/#primaryimage\"},\"thumbnailUrl\":\"https:\\\/\\\/news.save.ch\\\/wp-content\\\/uploads\\\/2021\\\/08\\\/Sonnencreme_pixabay_teaser.jpg\",\"keywords\":[\"Benzophenon\",\"Inhaltsstoffe\",\"Krebserregend\",\"Sonnencremes\",\"UV-Filter\"],\"articleSection\":[\"HEALTH &amp; SAFETY\"],\"inLanguage\":\"fr-FR\"},{\"@type\":\"WebPage\",\"@id\":\"https:\\\/\\\/news.save.ch\\\/inhaltsstoffe-in-sonnencremes-diese-sollten-sie-meiden\\\/\",\"url\":\"https:\\\/\\\/news.save.ch\\\/inhaltsstoffe-in-sonnencremes-diese-sollten-sie-meiden\\\/\",\"name\":\"Inhaltsstoffe in Sonnencremes: Diese sollten Sie meiden - Save\",\"isPartOf\":{\"@id\":\"https:\\\/\\\/news.save.ch\\\/de\\\/#website\"},\"primaryImageOfPage\":{\"@id\":\"https:\\\/\\\/news.save.ch\\\/inhaltsstoffe-in-sonnencremes-diese-sollten-sie-meiden\\\/#primaryimage\"},\"image\":{\"@id\":\"https:\\\/\\\/news.save.ch\\\/inhaltsstoffe-in-sonnencremes-diese-sollten-sie-meiden\\\/#primaryimage\"},\"thumbnailUrl\":\"https:\\\/\\\/news.save.ch\\\/wp-content\\\/uploads\\\/2021\\\/08\\\/Sonnencreme_pixabay_teaser.jpg\",\"datePublished\":\"2021-08-02T08:30:45+00:00\",\"dateModified\":\"2023-07-15T16:35:00+00:00\",\"description\":\"Nicht alle Inhaltsstoffe in Sonnencremes sind gesundheitlich unbedenklich. Welche Inhaltsstoffe negative Eigenschaften haben und welche Sie unbesorgt auf Ihre Haut auftragen k\u00f6nnen, erfahren Sie in diesem Beitrag.\",\"breadcrumb\":{\"@id\":\"https:\\\/\\\/news.save.ch\\\/inhaltsstoffe-in-sonnencremes-diese-sollten-sie-meiden\\\/#breadcrumb\"},\"inLanguage\":\"fr-FR\",\"potentialAction\":[{\"@type\":\"ReadAction\",\"target\":[\"https:\\\/\\\/news.save.ch\\\/inhaltsstoffe-in-sonnencremes-diese-sollten-sie-meiden\\\/\"]}]},{\"@type\":\"ImageObject\",\"inLanguage\":\"fr-FR\",\"@id\":\"https:\\\/\\\/news.save.ch\\\/inhaltsstoffe-in-sonnencremes-diese-sollten-sie-meiden\\\/#primaryimage\",\"url\":\"https:\\\/\\\/news.save.ch\\\/wp-content\\\/uploads\\\/2021\\\/08\\\/Sonnencreme_pixabay_teaser.jpg\",\"contentUrl\":\"https:\\\/\\\/news.save.ch\\\/wp-content\\\/uploads\\\/2021\\\/08\\\/Sonnencreme_pixabay_teaser.jpg\",\"width\":960,\"height\":540,\"caption\":\"Pixabay\"},{\"@type\":\"BreadcrumbList\",\"@id\":\"https:\\\/\\\/news.save.ch\\\/inhaltsstoffe-in-sonnencremes-diese-sollten-sie-meiden\\\/#breadcrumb\",\"itemListElement\":[{\"@type\":\"ListItem\",\"position\":1,\"name\":\"Home\",\"item\":\"https:\\\/\\\/news.save.ch\\\/de\\\/\"},{\"@type\":\"ListItem\",\"position\":2,\"name\":\"Inhaltsstoffe in Sonnencremes: Diese sollten Sie meiden\"}]},{\"@type\":\"WebSite\",\"@id\":\"https:\\\/\\\/news.save.ch\\\/de\\\/#website\",\"url\":\"https:\\\/\\\/news.save.ch\\\/de\\\/\",\"name\":\"Save\",\"description\":\"Schweizer Fachzeitschrift f\u00fcr Sicherheit\",\"publisher\":{\"@id\":\"https:\\\/\\\/news.save.ch\\\/de\\\/#organization\"},\"potentialAction\":[{\"@type\":\"SearchAction\",\"target\":{\"@type\":\"EntryPoint\",\"urlTemplate\":\"https:\\\/\\\/news.save.ch\\\/de\\\/?s={search_term_string}\"},\"query-input\":{\"@type\":\"PropertyValueSpecification\",\"valueRequired\":true,\"valueName\":\"search_term_string\"}}],\"inLanguage\":\"fr-FR\"},{\"@type\":\"Organization\",\"@id\":\"https:\\\/\\\/news.save.ch\\\/de\\\/#organization\",\"name\":\"Sicherheitsforum\",\"url\":\"https:\\\/\\\/news.save.ch\\\/de\\\/\",\"logo\":{\"@type\":\"ImageObject\",\"inLanguage\":\"fr-FR\",\"@id\":\"https:\\\/\\\/news.save.ch\\\/de\\\/#\\\/schema\\\/logo\\\/image\\\/\",\"url\":\"https:\\\/\\\/news.save.ch\\\/wp-content\\\/uploads\\\/2022\\\/06\\\/Logo_SF_2012.png\",\"contentUrl\":\"https:\\\/\\\/news.save.ch\\\/wp-content\\\/uploads\\\/2022\\\/06\\\/Logo_SF_2012.png\",\"width\":1100,\"height\":91,\"caption\":\"Sicherheitsforum\"},\"image\":{\"@id\":\"https:\\\/\\\/news.save.ch\\\/de\\\/#\\\/schema\\\/logo\\\/image\\\/\"}},{\"@type\":\"Person\",\"@id\":\"https:\\\/\\\/news.save.ch\\\/de\\\/#\\\/schema\\\/person\\\/ad4ef21102fd6125312409ac57d5296d\",\"name\":\"Simon Gr\u00f6flin\",\"image\":{\"@type\":\"ImageObject\",\"inLanguage\":\"fr-FR\",\"@id\":\"https:\\\/\\\/secure.gravatar.com\\\/avatar\\\/6ddceb80eb734354635539e0ea5140bb7c41e42de7c45c9a2ab9921b5d5c9a83?s=96&d=mm&r=g\",\"url\":\"https:\\\/\\\/secure.gravatar.com\\\/avatar\\\/6ddceb80eb734354635539e0ea5140bb7c41e42de7c45c9a2ab9921b5d5c9a83?s=96&d=mm&r=g\",\"contentUrl\":\"https:\\\/\\\/secure.gravatar.com\\\/avatar\\\/6ddceb80eb734354635539e0ea5140bb7c41e42de7c45c9a2ab9921b5d5c9a83?s=96&d=mm&r=g\",\"caption\":\"Simon Gr\u00f6flin\"},\"url\":\"https:\\\/\\\/news.save.ch\\\/fr\\\/author\\\/simon-groeflin\\\/\"}]}<\/script>\n<!-- \/ Yoast SEO plugin. -->","yoast_head_json":{"title":"Ingr\u00e9dients des cr\u00e8mes solaires : \u00e0 \u00e9viter - Save","description":"Les ingr\u00e9dients des cr\u00e8mes solaires ne sont pas tous inoffensifs pour la sant\u00e9. D\u00e9couvrez dans cet article quels ingr\u00e9dients ont des propri\u00e9t\u00e9s n\u00e9gatives et lesquels vous pouvez appliquer sans crainte sur votre peau.","robots":{"index":"index","follow":"follow","max-snippet":"max-snippet:-1","max-image-preview":"max-image-preview:large","max-video-preview":"max-video-preview:-1"},"canonical":"https:\/\/news.save.ch\/fr\/inhaltsstoffe-in-sonnencremes-diese-sollten-sie-meiden\/","og_locale":"fr_FR","og_type":"article","og_title":"Inhaltsstoffe in Sonnencremes: Diese sollten Sie meiden - Save","og_description":"Nicht alle Inhaltsstoffe in Sonnencremes sind gesundheitlich unbedenklich. Welche Inhaltsstoffe negative Eigenschaften haben und welche Sie unbesorgt auf Ihre Haut auftragen k\u00f6nnen, erfahren Sie in diesem Beitrag.","og_url":"https:\/\/news.save.ch\/fr\/inhaltsstoffe-in-sonnencremes-diese-sollten-sie-meiden\/","og_site_name":"Save","article_published_time":"2021-08-02T08:30:45+00:00","article_modified_time":"2023-07-15T16:35:00+00:00","og_image":[{"width":960,"height":540,"url":"https:\/\/news.save.ch\/wp-content\/uploads\/2021\/08\/Sonnencreme_pixabay_teaser.jpg","type":"image\/jpeg"}],"author":"Simon Gr\u00f6flin","twitter_card":"summary_large_image","twitter_misc":{"\u00c9crit par":"Simon Gr\u00f6flin","Dur\u00e9e de lecture estim\u00e9e":"3 minutes"},"schema":{"@context":"https:\/\/schema.org","@graph":[{"@type":"Article","@id":"https:\/\/news.save.ch\/inhaltsstoffe-in-sonnencremes-diese-sollten-sie-meiden\/#article","isPartOf":{"@id":"https:\/\/news.save.ch\/inhaltsstoffe-in-sonnencremes-diese-sollten-sie-meiden\/"},"author":{"name":"Simon Gr\u00f6flin","@id":"https:\/\/news.save.ch\/de\/#\/schema\/person\/ad4ef21102fd6125312409ac57d5296d"},"headline":"Inhaltsstoffe in Sonnencremes: Diese sollten Sie meiden","datePublished":"2021-08-02T08:30:45+00:00","dateModified":"2023-07-15T16:35:00+00:00","mainEntityOfPage":{"@id":"https:\/\/news.save.ch\/inhaltsstoffe-in-sonnencremes-diese-sollten-sie-meiden\/"},"wordCount":462,"publisher":{"@id":"https:\/\/news.save.ch\/de\/#organization"},"image":{"@id":"https:\/\/news.save.ch\/inhaltsstoffe-in-sonnencremes-diese-sollten-sie-meiden\/#primaryimage"},"thumbnailUrl":"https:\/\/news.save.ch\/wp-content\/uploads\/2021\/08\/Sonnencreme_pixabay_teaser.jpg","keywords":["Benzophenon","Inhaltsstoffe","Krebserregend","Sonnencremes","UV-Filter"],"articleSection":["HEALTH &amp; SAFETY"],"inLanguage":"fr-FR"},{"@type":"WebPage","@id":"https:\/\/news.save.ch\/inhaltsstoffe-in-sonnencremes-diese-sollten-sie-meiden\/","url":"https:\/\/news.save.ch\/inhaltsstoffe-in-sonnencremes-diese-sollten-sie-meiden\/","name":"Ingr\u00e9dients des cr\u00e8mes solaires : \u00e0 \u00e9viter - Save","isPartOf":{"@id":"https:\/\/news.save.ch\/de\/#website"},"primaryImageOfPage":{"@id":"https:\/\/news.save.ch\/inhaltsstoffe-in-sonnencremes-diese-sollten-sie-meiden\/#primaryimage"},"image":{"@id":"https:\/\/news.save.ch\/inhaltsstoffe-in-sonnencremes-diese-sollten-sie-meiden\/#primaryimage"},"thumbnailUrl":"https:\/\/news.save.ch\/wp-content\/uploads\/2021\/08\/Sonnencreme_pixabay_teaser.jpg","datePublished":"2021-08-02T08:30:45+00:00","dateModified":"2023-07-15T16:35:00+00:00","description":"Les ingr\u00e9dients des cr\u00e8mes solaires ne sont pas tous inoffensifs pour la sant\u00e9. D\u00e9couvrez dans cet article quels ingr\u00e9dients ont des propri\u00e9t\u00e9s n\u00e9gatives et lesquels vous pouvez appliquer sans crainte sur votre peau.","breadcrumb":{"@id":"https:\/\/news.save.ch\/inhaltsstoffe-in-sonnencremes-diese-sollten-sie-meiden\/#breadcrumb"},"inLanguage":"fr-FR","potentialAction":[{"@type":"ReadAction","target":["https:\/\/news.save.ch\/inhaltsstoffe-in-sonnencremes-diese-sollten-sie-meiden\/"]}]},{"@type":"ImageObject","inLanguage":"fr-FR","@id":"https:\/\/news.save.ch\/inhaltsstoffe-in-sonnencremes-diese-sollten-sie-meiden\/#primaryimage","url":"https:\/\/news.save.ch\/wp-content\/uploads\/2021\/08\/Sonnencreme_pixabay_teaser.jpg","contentUrl":"https:\/\/news.save.ch\/wp-content\/uploads\/2021\/08\/Sonnencreme_pixabay_teaser.jpg","width":960,"height":540,"caption":"Pixabay"},{"@type":"BreadcrumbList","@id":"https:\/\/news.save.ch\/inhaltsstoffe-in-sonnencremes-diese-sollten-sie-meiden\/#breadcrumb","itemListElement":[{"@type":"ListItem","position":1,"name":"Home","item":"https:\/\/news.save.ch\/de\/"},{"@type":"ListItem","position":2,"name":"Inhaltsstoffe in Sonnencremes: Diese sollten Sie meiden"}]},{"@type":"WebSite","@id":"https:\/\/news.save.ch\/de\/#website","url":"https:\/\/news.save.ch\/de\/","name":"Save","description":"Revue suisse sp\u00e9cialis\u00e9e dans la s\u00e9curit\u00e9","publisher":{"@id":"https:\/\/news.save.ch\/de\/#organization"},"potentialAction":[{"@type":"SearchAction","target":{"@type":"EntryPoint","urlTemplate":"https:\/\/news.save.ch\/de\/?s={search_term_string}"},"query-input":{"@type":"PropertyValueSpecification","valueRequired":true,"valueName":"search_term_string"}}],"inLanguage":"fr-FR"},{"@type":"Organization","@id":"https:\/\/news.save.ch\/de\/#organization","name":"Forum sur la s\u00e9curit\u00e9","url":"https:\/\/news.save.ch\/de\/","logo":{"@type":"ImageObject","inLanguage":"fr-FR","@id":"https:\/\/news.save.ch\/de\/#\/schema\/logo\/image\/","url":"https:\/\/news.save.ch\/wp-content\/uploads\/2022\/06\/Logo_SF_2012.png","contentUrl":"https:\/\/news.save.ch\/wp-content\/uploads\/2022\/06\/Logo_SF_2012.png","width":1100,"height":91,"caption":"Sicherheitsforum"},"image":{"@id":"https:\/\/news.save.ch\/de\/#\/schema\/logo\/image\/"}},{"@type":"Person","@id":"https:\/\/news.save.ch\/de\/#\/schema\/person\/ad4ef21102fd6125312409ac57d5296d","name":"Simon Gr\u00f6flin","image":{"@type":"ImageObject","inLanguage":"fr-FR","@id":"https:\/\/secure.gravatar.com\/avatar\/6ddceb80eb734354635539e0ea5140bb7c41e42de7c45c9a2ab9921b5d5c9a83?s=96&d=mm&r=g","url":"https:\/\/secure.gravatar.com\/avatar\/6ddceb80eb734354635539e0ea5140bb7c41e42de7c45c9a2ab9921b5d5c9a83?s=96&d=mm&r=g","contentUrl":"https:\/\/secure.gravatar.com\/avatar\/6ddceb80eb734354635539e0ea5140bb7c41e42de7c45c9a2ab9921b5d5c9a83?s=96&d=mm&r=g","caption":"Simon Gr\u00f6flin"},"url":"https:\/\/news.save.ch\/fr\/author\/simon-groeflin\/"}]}},"_links":{"self":[{"href":"https:\/\/news.save.ch\/fr\/wp-json\/wp\/v2\/posts\/7507","targetHints":{"allow":["GET"]}}],"collection":[{"href":"https:\/\/news.save.ch\/fr\/wp-json\/wp\/v2\/posts"}],"about":[{"href":"https:\/\/news.save.ch\/fr\/wp-json\/wp\/v2\/types\/post"}],"author":[{"embeddable":true,"href":"https:\/\/news.save.ch\/fr\/wp-json\/wp\/v2\/users\/9"}],"replies":[{"embeddable":true,"href":"https:\/\/news.save.ch\/fr\/wp-json\/wp\/v2\/comments?post=7507"}],"version-history":[{"count":3,"href":"https:\/\/news.save.ch\/fr\/wp-json\/wp\/v2\/posts\/7507\/revisions"}],"predecessor-version":[{"id":20933,"href":"https:\/\/news.save.ch\/fr\/wp-json\/wp\/v2\/posts\/7507\/revisions\/20933"}],"wp:featuredmedia":[{"embeddable":true,"href":"https:\/\/news.save.ch\/fr\/wp-json\/wp\/v2\/media\/16485"}],"wp:attachment":[{"href":"https:\/\/news.save.ch\/fr\/wp-json\/wp\/v2\/media?parent=7507"}],"wp:term":[{"taxonomy":"category","embeddable":true,"href":"https:\/\/news.save.ch\/fr\/wp-json\/wp\/v2\/categories?post=7507"},{"taxonomy":"post_tag","embeddable":true,"href":"https:\/\/news.save.ch\/fr\/wp-json\/wp\/v2\/tags?post=7507"}],"curies":[{"name":"wp","href":"https:\/\/api.w.org\/{rel}","templated":true}]}}