{"id":7513,"date":"2019-01-24T16:11:37","date_gmt":"2019-01-24T15:11:37","guid":{"rendered":"https:\/\/news.save.ch\/?p=7513"},"modified":"2019-01-24T16:11:37","modified_gmt":"2019-01-24T15:11:37","slug":"ausgezeichnete-brandschutzprodukte-2","status":null,"type":"post","link":"https:\/\/news.save.ch\/fr\/ausgezeichnete-brandschutzprodukte-2\/","title":{"rendered":"Des produits de protection incendie r\u00e9compens\u00e9s"},"content":{"rendered":"<figure id=\"attachment_7514\" aria-describedby=\"caption-attachment-7514\" style=\"width: 269px\" class=\"wp-caption alignleft\"><img loading=\"lazy\" decoding=\"async\" class=\"wp-image-7514\" src=\"https:\/\/news.save.ch\/wp-content\/uploads\/2019\/01\/Brandschutz.gif\" alt=\"\" width=\"269\" height=\"200\" srcset=\"https:\/\/news.save.ch\/wp-content\/uploads\/2019\/01\/Brandschutz.gif 422w, https:\/\/news.save.ch\/wp-content\/uploads\/2019\/01\/Brandschutz-375x279.gif 375w\" sizes=\"auto, (max-width: 269px) 100vw, 269px\" \/><figcaption id=\"caption-attachment-7514\" class=\"wp-caption-text\">R\u00e9seau FeuerTrutz<\/figcaption><\/figure>\n<p>Prim\u00e9 pour la neuvi\u00e8me fois <a href=\"https:\/\/www.feuertrutz.de\/brandschutz-des-jahres-2019-produkte\/150\/65878\/\">FeuerTrutz Network<\/a> les produits les plus appr\u00e9ci\u00e9s dans le domaine de la protection incendie en leur d\u00e9cernant le prix \"Produit de l'ann\u00e9e\". Les mieux plac\u00e9s et les gagnants ont \u00e9t\u00e9 d\u00e9sign\u00e9s \u00e0 parts \u00e9gales sur la base de l'\u00e9valuation d'un jury de sp\u00e9cialistes et du r\u00e9sultat d'un vote en ligne parmi les clients de FeuerTrutz Network.<\/p>\n<h2>Protection incendie des installations<\/h2>\n<p>Le produit de protection incendie de l'ann\u00e9e dans la cat\u00e9gorie \"Protection incendie des installations techniques\" est le syst\u00e8me d'alarme incendie \"SmokeTab\" de la soci\u00e9t\u00e9 Alarmtab GmbH. Selon les indications du fabricant, il s'agit de la premi\u00e8re installation fonctionnant de mani\u00e8re enti\u00e8rement num\u00e9rique avec une vue en plan individuelle. Sur l'\u00e9cran de la centrale, il est possible de cr\u00e9er ses propres vues en plan sur plusieurs \u00e9tages et d'afficher des d\u00e9tecteurs de fum\u00e9e avec une description individuelle. En cas d'alarme, l'\u00e9cran indique \u00e0 quel \u00e9tage et dans quelle pi\u00e8ce l'alarme a \u00e9t\u00e9 d\u00e9clench\u00e9e. De plus, une notification avec ces informations peut \u00eatre envoy\u00e9e par appel t\u00e9l\u00e9phonique, e-mail et SMS. Des haut-parleurs d'alarme en texte clair sont disponibles en option, avec des instructions de comportement individuelles et un son de sir\u00e8ne.<\/p>\n<p>La commande smart home int\u00e9gr\u00e9e permet de commander automatiquement ou via Internet les portes coupe-feu, les sir\u00e8nes, les installations d'\u00e9vacuation des fum\u00e9es, etc. L'utilisateur peut acc\u00e9der \u00e0 tout moment \u00e0 son installation via son smartphone et son PC pour la contr\u00f4ler et la commander. La connexion au r\u00e9seau radio LTE assure la communication avec le monde ext\u00e9rieur parall\u00e8lement \u00e0 la connexion Wlan. Le syst\u00e8me est \u00e9galement enti\u00e8rement fonctionnel au niveau local sans connexion \u00e0 Internet.<\/p>\n<p><em>Selon le jury, le syst\u00e8me d'alarme incendie sans fil Beka d'Atral-Secal GmbH, Genius Port d'Hekatron Vertriebs GmbH et le syst\u00e8me d'alarme incendie sans fil de Cornwall ont \u00e9galement \u00e9t\u00e9 plac\u00e9s sur la liste des finalistes.<\/em><\/p>\n<h2>Protection incendie des b\u00e2timents<\/h2>\n<p>Le jury et les lecteurs ont \u00e9lu le Pyroment-EK, canal E pour le maintien fonctionnel des c\u00e2bles \u00e9lectriques E30-E90 de G+H Isolierung GmbH, produit de l'ann\u00e9e dans le domaine de la protection incendie des b\u00e2timents. La gaine a \u00e9t\u00e9 test\u00e9e selon la norme DIN 4102-12, l'abP P-MPA-E-18-008 certifie les classes de maintien de fonction E30-E90.<\/p>\n<p><em>Structure du syst\u00e8me :<\/em> Selon le fabricant, le canal en t\u00f4le ext\u00e9rieur permet un montage simple et rapide, offre une protection durable contre les influences m\u00e9caniques ainsi que, \u00e0 l'ext\u00e9rieur, contre la pluie, le gel et les rayons UV. Le tissu et les plaques de protection incendie sont simplement pos\u00e9s ou ajust\u00e9s sans \u00eatre coll\u00e9s, agraf\u00e9s ou viss\u00e9s. Les conduites peuvent \u00eatre pos\u00e9es directement sur les plaques de protection contre l'incendie, et le canal peut traverser le mur sans interruption.<\/p>\n<p><em>Des places sur la shortlist ont \u00e9galement \u00e9t\u00e9 obtenues :<\/em> <em>Knauf MP 75 L Fire de Knauf Gips KG, cloison combin\u00e9e ZZ-Steine 200 BDS-N de Zapp-Zimmermann GmbH<\/em><\/p>\n<h2>Protection incendie organisationnelle<\/h2>\n<p>Le Themis, version v5, de Grid-IT GmbH est le vainqueur dans la rubrique protection incendie organisationnelle. Il s'agit d'un logiciel permettant une saisie efficace des donn\u00e9es bas\u00e9e sur des plans et une documentation compl\u00e8te. Selon les indications du fabricant, le logiciel sur tablette PC permet de documenter d\u00e8s la visite un nombre illimit\u00e9 d'objets et d'\u00e9l\u00e9ments de construction avec les contr\u00f4les enregistr\u00e9s et les d\u00e9fauts constat\u00e9s. Les photos et les enregistrements vocaux sont automatiquement reli\u00e9s, des \u00e9l\u00e9ments de texte librement d\u00e9finissables offrent la possibilit\u00e9 de reprendre ses propres formulations en appuyant sur un bouton. La solution int\u00e8gre la gestion des processus n\u00e9cessaire apr\u00e8s la saisie et se connecte \u00e0 des syst\u00e8mes tels que SAP, Kyberna ou d'autres interfaces simples. Les t\u00e2ches peuvent \u00eatre distribu\u00e9es par e-mail, l'avis d'ach\u00e8vement peut \u00eatre renvoy\u00e9 par e-mail directement depuis le syst\u00e8me, avec une photo si n\u00e9cessaire. Le gestionnaire de projet Themis aide \u00e0 garder une vue d'ensemble sur un grand nombre de projets. Appliquer de nouveaux mod\u00e8les \u00e0 tous les projets, cr\u00e9er des \u00e9valuations et des statistiques sur les projets s\u00e9lectionn\u00e9s ou \u00e9diter des rapports r\u00e9capitulatifs - ce ne sont l\u00e0 que quelques-unes des fonctions du gestionnaire de projets. Les inspections document\u00e9es \u00e0 l'aide d'un appareil mobile peuvent \u00eatre export\u00e9es et import\u00e9es dans le projet principal d'une simple pression sur un bouton. Inversement, les contr\u00f4les s\u00e9lectionn\u00e9s dans le projet principal peuvent \u00eatre export\u00e9s en quelques clics et envoy\u00e9s vers les appareils mobiles pour \u00eatre trait\u00e9s.<\/p>\n<p>Selon le fabricant, le logiciel combine de cette mani\u00e8re les avantages des syst\u00e8mes en ligne avec la s\u00e9curit\u00e9 que les donn\u00e9es des utilisateurs ne quittent jamais leur main pour \u00eatre stock\u00e9es sur des serveurs \u00e9trangers.<\/p>\n<p><em>Kevox Stock de Kevox s'est \u00e9galement class\u00e9 dans la shortlist de cette cat\u00e9gorie.<\/em><\/p>\n<p><em>Source : Feuertrutz<\/em><\/p>\n<p><em><a href=\"https:\/\/news.save.ch\/fr\/ausgezeichnete-brandschutzprodukte\/\">Cliquez ici pour voir les gagnants de l'ann\u00e9e 2018.<\/a><\/em><\/p>","protected":false},"excerpt":{"rendered":"<p>Zum neunten Mal pr\u00e4miert FeuerTrutz Network die beliebtesten Produkte im Brandschutz mit der Auszeichnung &#8222;Produkt des Jahres&#8220;. Die Bestplatzierten und Gewinner wurden zu gleichen Teilen aus der Bewertung einer Fachjury und dem Ergebnis aus einer Online-Abstimmung unter Kunden von FeuerTrutz Network ermittelt. Anlagentechnischer Brandschutz Das Brandschutzprodukt des Jahres in der Kategorie \u201eAnlagentechnischer Brandschutz\u201c ist die [&hellip;]<\/p>\n","protected":false},"author":8,"featured_media":7514,"comment_status":"open","ping_status":"open","sticky":false,"template":"","format":"standard","meta":{"_acf_changed":false,"pgc_sgb_lightbox_settings":"","footnotes":""},"categories":[67],"tags":[156,65],"class_list":["post-7513","post","type-post","status-publish","format-standard","has-post-thumbnail","hentry","category-brandschutz","tag-brandschutz","tag-unternehmen"],"acf":[],"hkrextid":null,"publication":null,"issue":null,"workflow":null,"startPage":null,"spitzmarke":null,"_posts_by_tag_page_fields":{"widget_title":"","widget_tags":""},"_at_widget":"1","_yoast_wpseo_primary_category":"4","_yoast_wpseo_focuskw_text_input":"Brandschutzprodukte","_yoast_wpseo_opengraph-image":null,"_yoast_wpseo_opengraph-description":null,"_yoast_wpseo_opengraph-title":null,"enclosure":null,"_yoast_wpseo_twitter-title":null,"_yoast_wpseo_twitter-description":null,"_yoast_wpseo_twitter-image":null,"_wp_old_slug":null,"_yoast_wpseo_title":null,"_yoast_wpseo_canonical":null,"yoast_head":"<!-- This site is optimized with the Yoast SEO plugin v27.5 - https:\/\/yoast.com\/product\/yoast-seo-wordpress\/ -->\n<title>Ausgezeichnete Brandschutzprodukte - Save<\/title>\n<meta name=\"description\" content=\"Die Sieger der Brandschutz-Auszeichnung &quot;Produkt des Jahres 2019&quot; von FeuerTrutz stehen fest. Pr\u00e4miert wurde in drei Kategorien.\" \/>\n<meta name=\"robots\" content=\"index, follow, max-snippet:-1, max-image-preview:large, max-video-preview:-1\" \/>\n<link rel=\"canonical\" href=\"https:\/\/news.save.ch\/fr\/ausgezeichnete-brandschutzprodukte-2\/\" \/>\n<meta property=\"og:locale\" content=\"fr_FR\" \/>\n<meta property=\"og:type\" content=\"article\" \/>\n<meta property=\"og:title\" content=\"Ausgezeichnete Brandschutzprodukte - Save\" \/>\n<meta property=\"og:description\" content=\"Die Sieger der Brandschutz-Auszeichnung &quot;Produkt des Jahres 2019&quot; von FeuerTrutz stehen fest. Pr\u00e4miert wurde in drei Kategorien.\" \/>\n<meta property=\"og:url\" content=\"https:\/\/news.save.ch\/fr\/ausgezeichnete-brandschutzprodukte-2\/\" \/>\n<meta property=\"og:site_name\" content=\"Save\" \/>\n<meta property=\"article:published_time\" content=\"2019-01-24T15:11:37+00:00\" \/>\n<meta property=\"og:image\" content=\"https:\/\/news.save.ch\/wp-content\/uploads\/2019\/01\/Brandschutz.gif\" \/>\n\t<meta property=\"og:image:width\" content=\"422\" \/>\n\t<meta property=\"og:image:height\" content=\"314\" \/>\n\t<meta property=\"og:image:type\" content=\"image\/gif\" \/>\n<meta name=\"author\" content=\"Roger Str\u00e4ssle\" \/>\n<meta name=\"twitter:card\" content=\"summary_large_image\" \/>\n<meta name=\"twitter:label1\" content=\"\u00c9crit par\" \/>\n\t<meta name=\"twitter:data1\" content=\"Roger Str\u00e4ssle\" \/>\n\t<meta name=\"twitter:label2\" content=\"Dur\u00e9e de lecture estim\u00e9e\" \/>\n\t<meta name=\"twitter:data2\" content=\"3 minutes\" \/>\n<script type=\"application\/ld+json\" class=\"yoast-schema-graph\">{\"@context\":\"https:\\\/\\\/schema.org\",\"@graph\":[{\"@type\":\"Article\",\"@id\":\"https:\\\/\\\/news.save.ch\\\/ausgezeichnete-brandschutzprodukte-2\\\/#article\",\"isPartOf\":{\"@id\":\"https:\\\/\\\/news.save.ch\\\/ausgezeichnete-brandschutzprodukte-2\\\/\"},\"author\":{\"name\":\"Roger Str\u00e4ssle\",\"@id\":\"https:\\\/\\\/news.save.ch\\\/de\\\/#\\\/schema\\\/person\\\/d5022db048e0e2b9785c50e5b24da5aa\"},\"headline\":\"Ausgezeichnete Brandschutzprodukte\",\"datePublished\":\"2019-01-24T15:11:37+00:00\",\"mainEntityOfPage\":{\"@id\":\"https:\\\/\\\/news.save.ch\\\/ausgezeichnete-brandschutzprodukte-2\\\/\"},\"wordCount\":621,\"commentCount\":0,\"publisher\":{\"@id\":\"https:\\\/\\\/news.save.ch\\\/de\\\/#organization\"},\"image\":{\"@id\":\"https:\\\/\\\/news.save.ch\\\/ausgezeichnete-brandschutzprodukte-2\\\/#primaryimage\"},\"thumbnailUrl\":\"https:\\\/\\\/news.save.ch\\\/wp-content\\\/uploads\\\/2019\\\/01\\\/Brandschutz.gif\",\"keywords\":[\"Brandschutz\",\"Unternehmen\"],\"articleSection\":[\"BRANDSCHUTZ\"],\"inLanguage\":\"fr-FR\"},{\"@type\":\"WebPage\",\"@id\":\"https:\\\/\\\/news.save.ch\\\/ausgezeichnete-brandschutzprodukte-2\\\/\",\"url\":\"https:\\\/\\\/news.save.ch\\\/ausgezeichnete-brandschutzprodukte-2\\\/\",\"name\":\"Ausgezeichnete Brandschutzprodukte - Save\",\"isPartOf\":{\"@id\":\"https:\\\/\\\/news.save.ch\\\/de\\\/#website\"},\"primaryImageOfPage\":{\"@id\":\"https:\\\/\\\/news.save.ch\\\/ausgezeichnete-brandschutzprodukte-2\\\/#primaryimage\"},\"image\":{\"@id\":\"https:\\\/\\\/news.save.ch\\\/ausgezeichnete-brandschutzprodukte-2\\\/#primaryimage\"},\"thumbnailUrl\":\"https:\\\/\\\/news.save.ch\\\/wp-content\\\/uploads\\\/2019\\\/01\\\/Brandschutz.gif\",\"datePublished\":\"2019-01-24T15:11:37+00:00\",\"description\":\"Die Sieger der Brandschutz-Auszeichnung \\\"Produkt des Jahres 2019\\\" von FeuerTrutz stehen fest. Pr\u00e4miert wurde in drei Kategorien.\",\"breadcrumb\":{\"@id\":\"https:\\\/\\\/news.save.ch\\\/ausgezeichnete-brandschutzprodukte-2\\\/#breadcrumb\"},\"inLanguage\":\"fr-FR\",\"potentialAction\":[{\"@type\":\"ReadAction\",\"target\":[\"https:\\\/\\\/news.save.ch\\\/ausgezeichnete-brandschutzprodukte-2\\\/\"]}]},{\"@type\":\"ImageObject\",\"inLanguage\":\"fr-FR\",\"@id\":\"https:\\\/\\\/news.save.ch\\\/ausgezeichnete-brandschutzprodukte-2\\\/#primaryimage\",\"url\":\"https:\\\/\\\/news.save.ch\\\/wp-content\\\/uploads\\\/2019\\\/01\\\/Brandschutz.gif\",\"contentUrl\":\"https:\\\/\\\/news.save.ch\\\/wp-content\\\/uploads\\\/2019\\\/01\\\/Brandschutz.gif\",\"width\":422,\"height\":314,\"caption\":\"\u00a9 FeuerTrutz Network\"},{\"@type\":\"BreadcrumbList\",\"@id\":\"https:\\\/\\\/news.save.ch\\\/ausgezeichnete-brandschutzprodukte-2\\\/#breadcrumb\",\"itemListElement\":[{\"@type\":\"ListItem\",\"position\":1,\"name\":\"Home\",\"item\":\"https:\\\/\\\/news.save.ch\\\/de\\\/\"},{\"@type\":\"ListItem\",\"position\":2,\"name\":\"Ausgezeichnete Brandschutzprodukte\"}]},{\"@type\":\"WebSite\",\"@id\":\"https:\\\/\\\/news.save.ch\\\/de\\\/#website\",\"url\":\"https:\\\/\\\/news.save.ch\\\/de\\\/\",\"name\":\"Save\",\"description\":\"Schweizer Fachzeitschrift f\u00fcr Sicherheit\",\"publisher\":{\"@id\":\"https:\\\/\\\/news.save.ch\\\/de\\\/#organization\"},\"potentialAction\":[{\"@type\":\"SearchAction\",\"target\":{\"@type\":\"EntryPoint\",\"urlTemplate\":\"https:\\\/\\\/news.save.ch\\\/de\\\/?s={search_term_string}\"},\"query-input\":{\"@type\":\"PropertyValueSpecification\",\"valueRequired\":true,\"valueName\":\"search_term_string\"}}],\"inLanguage\":\"fr-FR\"},{\"@type\":\"Organization\",\"@id\":\"https:\\\/\\\/news.save.ch\\\/de\\\/#organization\",\"name\":\"Sicherheitsforum\",\"url\":\"https:\\\/\\\/news.save.ch\\\/de\\\/\",\"logo\":{\"@type\":\"ImageObject\",\"inLanguage\":\"fr-FR\",\"@id\":\"https:\\\/\\\/news.save.ch\\\/de\\\/#\\\/schema\\\/logo\\\/image\\\/\",\"url\":\"https:\\\/\\\/news.save.ch\\\/wp-content\\\/uploads\\\/2022\\\/06\\\/Logo_SF_2012.png\",\"contentUrl\":\"https:\\\/\\\/news.save.ch\\\/wp-content\\\/uploads\\\/2022\\\/06\\\/Logo_SF_2012.png\",\"width\":1100,\"height\":91,\"caption\":\"Sicherheitsforum\"},\"image\":{\"@id\":\"https:\\\/\\\/news.save.ch\\\/de\\\/#\\\/schema\\\/logo\\\/image\\\/\"}},{\"@type\":\"Person\",\"@id\":\"https:\\\/\\\/news.save.ch\\\/de\\\/#\\\/schema\\\/person\\\/d5022db048e0e2b9785c50e5b24da5aa\",\"name\":\"Roger Str\u00e4ssle\",\"image\":{\"@type\":\"ImageObject\",\"inLanguage\":\"fr-FR\",\"@id\":\"https:\\\/\\\/secure.gravatar.com\\\/avatar\\\/862a5569d087de48e5856e32f45d719a03804c891d6deb8d4f71a660e79e4a47?s=96&d=mm&r=g\",\"url\":\"https:\\\/\\\/secure.gravatar.com\\\/avatar\\\/862a5569d087de48e5856e32f45d719a03804c891d6deb8d4f71a660e79e4a47?s=96&d=mm&r=g\",\"contentUrl\":\"https:\\\/\\\/secure.gravatar.com\\\/avatar\\\/862a5569d087de48e5856e32f45d719a03804c891d6deb8d4f71a660e79e4a47?s=96&d=mm&r=g\",\"caption\":\"Roger Str\u00e4ssle\"},\"url\":\"https:\\\/\\\/news.save.ch\\\/fr\\\/author\\\/roger-straessle\\\/\"}]}<\/script>\n<!-- \/ Yoast SEO plugin. -->","yoast_head_json":{"title":"Des produits de protection incendie r\u00e9compens\u00e9s - Save","description":"Les vainqueurs du prix de la protection incendie \"Produit de l'ann\u00e9e 2019\" de FeuerTrutz ont \u00e9t\u00e9 d\u00e9sign\u00e9s. Les prix ont \u00e9t\u00e9 d\u00e9cern\u00e9s dans trois cat\u00e9gories.","robots":{"index":"index","follow":"follow","max-snippet":"max-snippet:-1","max-image-preview":"max-image-preview:large","max-video-preview":"max-video-preview:-1"},"canonical":"https:\/\/news.save.ch\/fr\/ausgezeichnete-brandschutzprodukte-2\/","og_locale":"fr_FR","og_type":"article","og_title":"Ausgezeichnete Brandschutzprodukte - Save","og_description":"Die Sieger der Brandschutz-Auszeichnung \"Produkt des Jahres 2019\" von FeuerTrutz stehen fest. Pr\u00e4miert wurde in drei Kategorien.","og_url":"https:\/\/news.save.ch\/fr\/ausgezeichnete-brandschutzprodukte-2\/","og_site_name":"Save","article_published_time":"2019-01-24T15:11:37+00:00","og_image":[{"width":422,"height":314,"url":"https:\/\/news.save.ch\/wp-content\/uploads\/2019\/01\/Brandschutz.gif","type":"image\/gif"}],"author":"Roger Str\u00e4ssle","twitter_card":"summary_large_image","twitter_misc":{"\u00c9crit par":"Roger Str\u00e4ssle","Dur\u00e9e de lecture estim\u00e9e":"3 minutes"},"schema":{"@context":"https:\/\/schema.org","@graph":[{"@type":"Article","@id":"https:\/\/news.save.ch\/ausgezeichnete-brandschutzprodukte-2\/#article","isPartOf":{"@id":"https:\/\/news.save.ch\/ausgezeichnete-brandschutzprodukte-2\/"},"author":{"name":"Roger Str\u00e4ssle","@id":"https:\/\/news.save.ch\/de\/#\/schema\/person\/d5022db048e0e2b9785c50e5b24da5aa"},"headline":"Ausgezeichnete Brandschutzprodukte","datePublished":"2019-01-24T15:11:37+00:00","mainEntityOfPage":{"@id":"https:\/\/news.save.ch\/ausgezeichnete-brandschutzprodukte-2\/"},"wordCount":621,"commentCount":0,"publisher":{"@id":"https:\/\/news.save.ch\/de\/#organization"},"image":{"@id":"https:\/\/news.save.ch\/ausgezeichnete-brandschutzprodukte-2\/#primaryimage"},"thumbnailUrl":"https:\/\/news.save.ch\/wp-content\/uploads\/2019\/01\/Brandschutz.gif","keywords":["Brandschutz","Unternehmen"],"articleSection":["BRANDSCHUTZ"],"inLanguage":"fr-FR"},{"@type":"WebPage","@id":"https:\/\/news.save.ch\/ausgezeichnete-brandschutzprodukte-2\/","url":"https:\/\/news.save.ch\/ausgezeichnete-brandschutzprodukte-2\/","name":"Des produits de protection incendie r\u00e9compens\u00e9s - Save","isPartOf":{"@id":"https:\/\/news.save.ch\/de\/#website"},"primaryImageOfPage":{"@id":"https:\/\/news.save.ch\/ausgezeichnete-brandschutzprodukte-2\/#primaryimage"},"image":{"@id":"https:\/\/news.save.ch\/ausgezeichnete-brandschutzprodukte-2\/#primaryimage"},"thumbnailUrl":"https:\/\/news.save.ch\/wp-content\/uploads\/2019\/01\/Brandschutz.gif","datePublished":"2019-01-24T15:11:37+00:00","description":"Les vainqueurs du prix de la protection incendie \"Produit de l'ann\u00e9e 2019\" de FeuerTrutz ont \u00e9t\u00e9 d\u00e9sign\u00e9s. Les prix ont \u00e9t\u00e9 d\u00e9cern\u00e9s dans trois cat\u00e9gories.","breadcrumb":{"@id":"https:\/\/news.save.ch\/ausgezeichnete-brandschutzprodukte-2\/#breadcrumb"},"inLanguage":"fr-FR","potentialAction":[{"@type":"ReadAction","target":["https:\/\/news.save.ch\/ausgezeichnete-brandschutzprodukte-2\/"]}]},{"@type":"ImageObject","inLanguage":"fr-FR","@id":"https:\/\/news.save.ch\/ausgezeichnete-brandschutzprodukte-2\/#primaryimage","url":"https:\/\/news.save.ch\/wp-content\/uploads\/2019\/01\/Brandschutz.gif","contentUrl":"https:\/\/news.save.ch\/wp-content\/uploads\/2019\/01\/Brandschutz.gif","width":422,"height":314,"caption":"\u00a9 FeuerTrutz Network"},{"@type":"BreadcrumbList","@id":"https:\/\/news.save.ch\/ausgezeichnete-brandschutzprodukte-2\/#breadcrumb","itemListElement":[{"@type":"ListItem","position":1,"name":"Home","item":"https:\/\/news.save.ch\/de\/"},{"@type":"ListItem","position":2,"name":"Ausgezeichnete Brandschutzprodukte"}]},{"@type":"WebSite","@id":"https:\/\/news.save.ch\/de\/#website","url":"https:\/\/news.save.ch\/de\/","name":"Save","description":"Revue suisse sp\u00e9cialis\u00e9e dans la s\u00e9curit\u00e9","publisher":{"@id":"https:\/\/news.save.ch\/de\/#organization"},"potentialAction":[{"@type":"SearchAction","target":{"@type":"EntryPoint","urlTemplate":"https:\/\/news.save.ch\/de\/?s={search_term_string}"},"query-input":{"@type":"PropertyValueSpecification","valueRequired":true,"valueName":"search_term_string"}}],"inLanguage":"fr-FR"},{"@type":"Organization","@id":"https:\/\/news.save.ch\/de\/#organization","name":"Forum sur la s\u00e9curit\u00e9","url":"https:\/\/news.save.ch\/de\/","logo":{"@type":"ImageObject","inLanguage":"fr-FR","@id":"https:\/\/news.save.ch\/de\/#\/schema\/logo\/image\/","url":"https:\/\/news.save.ch\/wp-content\/uploads\/2022\/06\/Logo_SF_2012.png","contentUrl":"https:\/\/news.save.ch\/wp-content\/uploads\/2022\/06\/Logo_SF_2012.png","width":1100,"height":91,"caption":"Sicherheitsforum"},"image":{"@id":"https:\/\/news.save.ch\/de\/#\/schema\/logo\/image\/"}},{"@type":"Person","@id":"https:\/\/news.save.ch\/de\/#\/schema\/person\/d5022db048e0e2b9785c50e5b24da5aa","name":"Roger Str\u00e4ssle","image":{"@type":"ImageObject","inLanguage":"fr-FR","@id":"https:\/\/secure.gravatar.com\/avatar\/862a5569d087de48e5856e32f45d719a03804c891d6deb8d4f71a660e79e4a47?s=96&d=mm&r=g","url":"https:\/\/secure.gravatar.com\/avatar\/862a5569d087de48e5856e32f45d719a03804c891d6deb8d4f71a660e79e4a47?s=96&d=mm&r=g","contentUrl":"https:\/\/secure.gravatar.com\/avatar\/862a5569d087de48e5856e32f45d719a03804c891d6deb8d4f71a660e79e4a47?s=96&d=mm&r=g","caption":"Roger Str\u00e4ssle"},"url":"https:\/\/news.save.ch\/fr\/author\/roger-straessle\/"}]}},"_links":{"self":[{"href":"https:\/\/news.save.ch\/fr\/wp-json\/wp\/v2\/posts\/7513","targetHints":{"allow":["GET"]}}],"collection":[{"href":"https:\/\/news.save.ch\/fr\/wp-json\/wp\/v2\/posts"}],"about":[{"href":"https:\/\/news.save.ch\/fr\/wp-json\/wp\/v2\/types\/post"}],"author":[{"embeddable":true,"href":"https:\/\/news.save.ch\/fr\/wp-json\/wp\/v2\/users\/8"}],"replies":[{"embeddable":true,"href":"https:\/\/news.save.ch\/fr\/wp-json\/wp\/v2\/comments?post=7513"}],"version-history":[{"count":0,"href":"https:\/\/news.save.ch\/fr\/wp-json\/wp\/v2\/posts\/7513\/revisions"}],"wp:featuredmedia":[{"embeddable":true,"href":"https:\/\/news.save.ch\/fr\/wp-json\/wp\/v2\/media\/7514"}],"wp:attachment":[{"href":"https:\/\/news.save.ch\/fr\/wp-json\/wp\/v2\/media?parent=7513"}],"wp:term":[{"taxonomy":"category","embeddable":true,"href":"https:\/\/news.save.ch\/fr\/wp-json\/wp\/v2\/categories?post=7513"},{"taxonomy":"post_tag","embeddable":true,"href":"https:\/\/news.save.ch\/fr\/wp-json\/wp\/v2\/tags?post=7513"}],"curies":[{"name":"wp","href":"https:\/\/api.w.org\/{rel}","templated":true}]}}