{"id":7518,"date":"2019-01-25T14:04:17","date_gmt":"2019-01-25T13:04:17","guid":{"rendered":"https:\/\/news.save.ch\/?p=7518"},"modified":"2019-01-25T14:04:17","modified_gmt":"2019-01-25T13:04:17","slug":"dieses-diplom-kann-meiner-karriere-nur-foerderlich-sein","status":null,"type":"post","link":"https:\/\/news.save.ch\/fr\/dieses-diplom-kann-meiner-karriere-nur-foerderlich-sein\/","title":{"rendered":"\"Ce dipl\u00f4me favorise ma carri\u00e8re\""},"content":{"rendered":"<figure id=\"attachment_7519\" aria-describedby=\"caption-attachment-7519\" style=\"width: 680px\" class=\"wp-caption aligncenter\"><img loading=\"lazy\" decoding=\"async\" class=\"size-medium wp-image-7519\" src=\"https:\/\/news.save.ch\/wp-content\/uploads\/2019\/01\/SES-Projektleiter-1-scaled-1.jpg\" alt=\"\" width=\"680\" height=\"475\" \/><figcaption id=\"caption-attachment-7519\" class=\"wp-caption-text\">Les laur\u00e9ats de la formation continue HSES17 en compagnie du pr\u00e9sident de SES Peter Nebiker (5e \u00e0 partir de la gauche) et de Beat Amstutz (tout \u00e0 droite) de l'\u00e9cole sp\u00e9cialis\u00e9e STFW. Photo : R. Str\u00e4ssle<\/figcaption><\/figure>\n<p>&nbsp;<\/p>\n<p>\"Je suis d\u00e9j\u00e0 chef de projet, ce qui me manquait encore, c'\u00e9tait le 'papier' pour le faire\", dit Heiko Kuttruff (38 ans), qui se r\u00e9jouit d'avoir r\u00e9ussi l'examen \".<a href=\"https:\/\/www.sicher-ses.ch\/de\/ausbildung\">Chef de projet syst\u00e8mes de s\u00e9curit\u00e9<\/a>\". Oui, avoir un tel dipl\u00f4me donne une impression plus professionnelle aux clients, dit le jeune dipl\u00f4m\u00e9, qui travaille dans le domaine de l'alarme et de la vid\u00e9o.<\/p>\n<p>Reto Schlegel est lui aussi fier d'avoir suivi avec succ\u00e8s cette formation en cours d'emploi propos\u00e9e par l'Association suisse des constructeurs de syst\u00e8mes de s\u00e9curit\u00e9 (SES) en coop\u00e9ration avec la Technische Fachschule Winterthur (STFW). C'est une bonne formation, estime Schlegel. Il a fait une \"Stifti\" d'\u00e9lectricien et est convaincu que ce dipl\u00f4me ne peut que favoriser sa carri\u00e8re professionnelle. Ce qu'il a appris \u00e0 la STFW est tr\u00e8s proche de la pratique, affirme le jeune homme de 32 ans, qui travaille aujourd'hui pour une entreprise de technique de s\u00e9curit\u00e9 sp\u00e9cialis\u00e9e dans la protection incendie.<\/p>\n<p><strong>Une grande performance<\/strong><\/p>\n<p>Peter Nebiker, pr\u00e9sident de la SES, Stephan Walti, de la commission de formation de la SES, et Beat Amstutz, responsable de la technique du b\u00e2timent \u00e0 l'\u00e9cole sp\u00e9cialis\u00e9e STFW, ont remis le 24 janvier \u00e0 l'h\u00f4tel Storchen de Zurich le brevet f\u00e9d\u00e9ral de \"chef de projet pour syst\u00e8mes de s\u00e9curit\u00e9\" \u00e0 13 jeunes professionnels. Peter Nebiker a f\u00e9licit\u00e9 les chefs de projet du HSES17 pour cette magnifique performance et a remerci\u00e9 les amies des dipl\u00f4m\u00e9s pr\u00e9sentes pour leur patience, car la formation met \u00e0 rude \u00e9preuve le temps libre. La formation continue solide et en cours d'emploi exige \u00e9galement d'investir quelques heures en fin de journ\u00e9e et le week-end. Nebiker a invit\u00e9 les candidats qui ont r\u00e9ussi \u00e0 l'examen \u00e0 prendre du temps dans leur quotidien professionnel - surtout \u00e0 une \u00e9poque o\u00f9 tout va tr\u00e8s vite - afin de garder une vue d'ensemble. C'est important pour un chef de projet.<\/p>\n<p><strong>C\u00e9r\u00e9monie de remise de 13 dipl\u00f4mes<\/strong><\/p>\n<p>La formation de chef de projet SES permet d'acqu\u00e9rir, au choix, les comp\u00e9tences n\u00e9cessaires dans les domaines de sp\u00e9cialisation \"Security\" ou \"Fire\". La formation \u00e0 temps partiel de tous les modules dure au moins 18 mois. Ceux qui pers\u00e9v\u00e8rent obtiennent un brevet f\u00e9d\u00e9ral apr\u00e8s avoir r\u00e9ussi l'examen. Les dipl\u00f4m\u00e9s suivants l'ont obtenu en 2019 (par ordre alphab\u00e9tique) : Rafael Aerne, Adrian B\u00f6sch, Stefan Broder, Reto Dellenbach, Fabian Haist, Andreas J\u00e4ger, Heiko Kuttruff, Stefan Nydegger, Hans-Jakob Rickli, Reto Schlegel, Rafael Schmid, Gabriel Senn et Tobias Widmer.<\/p>\n<p>&nbsp;<\/p>\n<p>&nbsp;<\/p>","protected":false},"excerpt":{"rendered":"<p>&nbsp; \u00abIch bin bereits Projektleiter, was mir noch fehlt, war das \u2018Papier\u2019 dazu\u00bb, sagt Heiko Kuttruff (38), der sich \u00fcber seine bestandene Pr\u00fcfung \u00abProjektleiter\/in\u00a0Sicherheitssysteme\u00bb freut. Ja, es mache bei den Kunden einen professionelleren Eindruck, wenn man ein solches Diplom vorweisen k\u00f6nne, sagt der frischgebackene Absolvent, der im Bereich Alarm- und Videotechnik t\u00e4tig ist. Auch Reto [&hellip;]<\/p>\n","protected":false},"author":8,"featured_media":7519,"comment_status":"open","ping_status":"open","sticky":false,"template":"","format":"standard","meta":{"_acf_changed":false,"pgc_sgb_lightbox_settings":"","footnotes":""},"categories":[1],"tags":[449,450],"class_list":["post-7518","post","type-post","status-publish","format-standard","has-post-thumbnail","hentry","category-allgemein","tag-projektleiter-sicherheitssysteme","tag-ses"],"acf":[],"hkrextid":null,"publication":null,"issue":null,"workflow":null,"startPage":null,"spitzmarke":null,"_posts_by_tag_page_fields":{"widget_title":"","widget_tags":""},"_at_widget":"1","_yoast_wpseo_primary_category":"1","_yoast_wpseo_focuskw_text_input":"SES","_yoast_wpseo_opengraph-image":null,"_yoast_wpseo_opengraph-description":null,"_yoast_wpseo_opengraph-title":null,"enclosure":null,"_yoast_wpseo_twitter-title":null,"_yoast_wpseo_twitter-description":null,"_yoast_wpseo_twitter-image":null,"_wp_old_slug":null,"_yoast_wpseo_title":null,"_yoast_wpseo_canonical":null,"yoast_head":"<!-- This site is optimized with the Yoast SEO plugin v27.5 - https:\/\/yoast.com\/product\/yoast-seo-wordpress\/ -->\n<title>\u00abDieses Diplom f\u00f6rdert meine Karriere\u00bb - Save<\/title>\n<meta name=\"description\" content=\"Der SES-Verband konnte erneut 13 Absolventen den eidgen\u00f6ssisch anerkannten Fachausweis \u00abProjektleiter f\u00fcr Sicherheitssysteme\u00bb \u00fcberreichen.\" \/>\n<meta name=\"robots\" content=\"index, follow, max-snippet:-1, max-image-preview:large, max-video-preview:-1\" \/>\n<link rel=\"canonical\" href=\"https:\/\/news.save.ch\/fr\/dieses-diplom-kann-meiner-karriere-nur-foerderlich-sein\/\" \/>\n<meta property=\"og:locale\" content=\"fr_FR\" \/>\n<meta property=\"og:type\" content=\"article\" \/>\n<meta property=\"og:title\" content=\"\u00abDieses Diplom f\u00f6rdert meine Karriere\u00bb - Save\" \/>\n<meta property=\"og:description\" content=\"Der SES-Verband konnte erneut 13 Absolventen den eidgen\u00f6ssisch anerkannten Fachausweis \u00abProjektleiter f\u00fcr Sicherheitssysteme\u00bb \u00fcberreichen.\" \/>\n<meta property=\"og:url\" content=\"https:\/\/news.save.ch\/fr\/dieses-diplom-kann-meiner-karriere-nur-foerderlich-sein\/\" \/>\n<meta property=\"og:site_name\" content=\"Save\" \/>\n<meta property=\"article:published_time\" content=\"2019-01-25T13:04:17+00:00\" \/>\n<meta property=\"og:image\" content=\"https:\/\/news.save.ch\/wp-content\/uploads\/2019\/01\/SES-Projektleiter-1-scaled-1-scaled.jpg\" \/>\n\t<meta property=\"og:image:width\" content=\"1400\" \/>\n\t<meta property=\"og:image:height\" content=\"978\" \/>\n\t<meta property=\"og:image:type\" content=\"image\/jpeg\" \/>\n<meta name=\"author\" content=\"Roger Str\u00e4ssle\" \/>\n<meta name=\"twitter:card\" content=\"summary_large_image\" \/>\n<meta name=\"twitter:label1\" content=\"\u00c9crit par\" \/>\n\t<meta name=\"twitter:data1\" content=\"Roger Str\u00e4ssle\" \/>\n\t<meta name=\"twitter:label2\" content=\"Dur\u00e9e de lecture estim\u00e9e\" \/>\n\t<meta name=\"twitter:data2\" content=\"2 minutes\" \/>\n<script type=\"application\/ld+json\" class=\"yoast-schema-graph\">{\"@context\":\"https:\\\/\\\/schema.org\",\"@graph\":[{\"@type\":\"Article\",\"@id\":\"https:\\\/\\\/news.save.ch\\\/dieses-diplom-kann-meiner-karriere-nur-foerderlich-sein\\\/#article\",\"isPartOf\":{\"@id\":\"https:\\\/\\\/news.save.ch\\\/dieses-diplom-kann-meiner-karriere-nur-foerderlich-sein\\\/\"},\"author\":{\"name\":\"Roger Str\u00e4ssle\",\"@id\":\"https:\\\/\\\/news.save.ch\\\/de\\\/#\\\/schema\\\/person\\\/d5022db048e0e2b9785c50e5b24da5aa\"},\"headline\":\"\u00abDieses Diplom f\u00f6rdert meine Karriere\u00bb\",\"datePublished\":\"2019-01-25T13:04:17+00:00\",\"mainEntityOfPage\":{\"@id\":\"https:\\\/\\\/news.save.ch\\\/dieses-diplom-kann-meiner-karriere-nur-foerderlich-sein\\\/\"},\"wordCount\":387,\"commentCount\":0,\"publisher\":{\"@id\":\"https:\\\/\\\/news.save.ch\\\/de\\\/#organization\"},\"image\":{\"@id\":\"https:\\\/\\\/news.save.ch\\\/dieses-diplom-kann-meiner-karriere-nur-foerderlich-sein\\\/#primaryimage\"},\"thumbnailUrl\":\"https:\\\/\\\/news.save.ch\\\/wp-content\\\/uploads\\\/2019\\\/01\\\/SES-Projektleiter-1-scaled-1-scaled.jpg\",\"keywords\":[\"Projektleiter Sicherheitssysteme\",\"SES\"],\"articleSection\":[\"ALLGEMEIN\"],\"inLanguage\":\"fr-FR\"},{\"@type\":\"WebPage\",\"@id\":\"https:\\\/\\\/news.save.ch\\\/dieses-diplom-kann-meiner-karriere-nur-foerderlich-sein\\\/\",\"url\":\"https:\\\/\\\/news.save.ch\\\/dieses-diplom-kann-meiner-karriere-nur-foerderlich-sein\\\/\",\"name\":\"\u00abDieses Diplom f\u00f6rdert meine Karriere\u00bb - Save\",\"isPartOf\":{\"@id\":\"https:\\\/\\\/news.save.ch\\\/de\\\/#website\"},\"primaryImageOfPage\":{\"@id\":\"https:\\\/\\\/news.save.ch\\\/dieses-diplom-kann-meiner-karriere-nur-foerderlich-sein\\\/#primaryimage\"},\"image\":{\"@id\":\"https:\\\/\\\/news.save.ch\\\/dieses-diplom-kann-meiner-karriere-nur-foerderlich-sein\\\/#primaryimage\"},\"thumbnailUrl\":\"https:\\\/\\\/news.save.ch\\\/wp-content\\\/uploads\\\/2019\\\/01\\\/SES-Projektleiter-1-scaled-1-scaled.jpg\",\"datePublished\":\"2019-01-25T13:04:17+00:00\",\"description\":\"Der SES-Verband konnte erneut 13 Absolventen den eidgen\u00f6ssisch anerkannten Fachausweis \u00abProjektleiter f\u00fcr Sicherheitssysteme\u00bb \u00fcberreichen.\",\"breadcrumb\":{\"@id\":\"https:\\\/\\\/news.save.ch\\\/dieses-diplom-kann-meiner-karriere-nur-foerderlich-sein\\\/#breadcrumb\"},\"inLanguage\":\"fr-FR\",\"potentialAction\":[{\"@type\":\"ReadAction\",\"target\":[\"https:\\\/\\\/news.save.ch\\\/dieses-diplom-kann-meiner-karriere-nur-foerderlich-sein\\\/\"]}]},{\"@type\":\"ImageObject\",\"inLanguage\":\"fr-FR\",\"@id\":\"https:\\\/\\\/news.save.ch\\\/dieses-diplom-kann-meiner-karriere-nur-foerderlich-sein\\\/#primaryimage\",\"url\":\"https:\\\/\\\/news.save.ch\\\/wp-content\\\/uploads\\\/2019\\\/01\\\/SES-Projektleiter-1-scaled-1-scaled.jpg\",\"contentUrl\":\"https:\\\/\\\/news.save.ch\\\/wp-content\\\/uploads\\\/2019\\\/01\\\/SES-Projektleiter-1-scaled-1-scaled.jpg\",\"width\":1400,\"height\":978,\"caption\":\"Foto: R. Str\u00e4ssle\"},{\"@type\":\"BreadcrumbList\",\"@id\":\"https:\\\/\\\/news.save.ch\\\/dieses-diplom-kann-meiner-karriere-nur-foerderlich-sein\\\/#breadcrumb\",\"itemListElement\":[{\"@type\":\"ListItem\",\"position\":1,\"name\":\"Home\",\"item\":\"https:\\\/\\\/news.save.ch\\\/de\\\/\"},{\"@type\":\"ListItem\",\"position\":2,\"name\":\"\u00abDieses Diplom f\u00f6rdert meine Karriere\u00bb\"}]},{\"@type\":\"WebSite\",\"@id\":\"https:\\\/\\\/news.save.ch\\\/de\\\/#website\",\"url\":\"https:\\\/\\\/news.save.ch\\\/de\\\/\",\"name\":\"Save\",\"description\":\"Schweizer Fachzeitschrift f\u00fcr Sicherheit\",\"publisher\":{\"@id\":\"https:\\\/\\\/news.save.ch\\\/de\\\/#organization\"},\"potentialAction\":[{\"@type\":\"SearchAction\",\"target\":{\"@type\":\"EntryPoint\",\"urlTemplate\":\"https:\\\/\\\/news.save.ch\\\/de\\\/?s={search_term_string}\"},\"query-input\":{\"@type\":\"PropertyValueSpecification\",\"valueRequired\":true,\"valueName\":\"search_term_string\"}}],\"inLanguage\":\"fr-FR\"},{\"@type\":\"Organization\",\"@id\":\"https:\\\/\\\/news.save.ch\\\/de\\\/#organization\",\"name\":\"Sicherheitsforum\",\"url\":\"https:\\\/\\\/news.save.ch\\\/de\\\/\",\"logo\":{\"@type\":\"ImageObject\",\"inLanguage\":\"fr-FR\",\"@id\":\"https:\\\/\\\/news.save.ch\\\/de\\\/#\\\/schema\\\/logo\\\/image\\\/\",\"url\":\"https:\\\/\\\/news.save.ch\\\/wp-content\\\/uploads\\\/2022\\\/06\\\/Logo_SF_2012.png\",\"contentUrl\":\"https:\\\/\\\/news.save.ch\\\/wp-content\\\/uploads\\\/2022\\\/06\\\/Logo_SF_2012.png\",\"width\":1100,\"height\":91,\"caption\":\"Sicherheitsforum\"},\"image\":{\"@id\":\"https:\\\/\\\/news.save.ch\\\/de\\\/#\\\/schema\\\/logo\\\/image\\\/\"}},{\"@type\":\"Person\",\"@id\":\"https:\\\/\\\/news.save.ch\\\/de\\\/#\\\/schema\\\/person\\\/d5022db048e0e2b9785c50e5b24da5aa\",\"name\":\"Roger Str\u00e4ssle\",\"image\":{\"@type\":\"ImageObject\",\"inLanguage\":\"fr-FR\",\"@id\":\"https:\\\/\\\/secure.gravatar.com\\\/avatar\\\/862a5569d087de48e5856e32f45d719a03804c891d6deb8d4f71a660e79e4a47?s=96&d=mm&r=g\",\"url\":\"https:\\\/\\\/secure.gravatar.com\\\/avatar\\\/862a5569d087de48e5856e32f45d719a03804c891d6deb8d4f71a660e79e4a47?s=96&d=mm&r=g\",\"contentUrl\":\"https:\\\/\\\/secure.gravatar.com\\\/avatar\\\/862a5569d087de48e5856e32f45d719a03804c891d6deb8d4f71a660e79e4a47?s=96&d=mm&r=g\",\"caption\":\"Roger Str\u00e4ssle\"},\"url\":\"https:\\\/\\\/news.save.ch\\\/fr\\\/author\\\/roger-straessle\\\/\"}]}<\/script>\n<!-- \/ Yoast SEO plugin. -->","yoast_head_json":{"title":"\"Ce dipl\u00f4me favorise ma carri\u00e8re\" - Save","description":"L'association SES a de nouveau pu remettre \u00e0 13 dipl\u00f4m\u00e9s le brevet reconnu au niveau f\u00e9d\u00e9ral de \"chef de projet pour les syst\u00e8mes de s\u00e9curit\u00e9\".","robots":{"index":"index","follow":"follow","max-snippet":"max-snippet:-1","max-image-preview":"max-image-preview:large","max-video-preview":"max-video-preview:-1"},"canonical":"https:\/\/news.save.ch\/fr\/dieses-diplom-kann-meiner-karriere-nur-foerderlich-sein\/","og_locale":"fr_FR","og_type":"article","og_title":"\u00abDieses Diplom f\u00f6rdert meine Karriere\u00bb - Save","og_description":"Der SES-Verband konnte erneut 13 Absolventen den eidgen\u00f6ssisch anerkannten Fachausweis \u00abProjektleiter f\u00fcr Sicherheitssysteme\u00bb \u00fcberreichen.","og_url":"https:\/\/news.save.ch\/fr\/dieses-diplom-kann-meiner-karriere-nur-foerderlich-sein\/","og_site_name":"Save","article_published_time":"2019-01-25T13:04:17+00:00","og_image":[{"width":1400,"height":978,"url":"https:\/\/news.save.ch\/wp-content\/uploads\/2019\/01\/SES-Projektleiter-1-scaled-1-scaled.jpg","type":"image\/jpeg"}],"author":"Roger Str\u00e4ssle","twitter_card":"summary_large_image","twitter_misc":{"\u00c9crit par":"Roger Str\u00e4ssle","Dur\u00e9e de lecture estim\u00e9e":"2 minutes"},"schema":{"@context":"https:\/\/schema.org","@graph":[{"@type":"Article","@id":"https:\/\/news.save.ch\/dieses-diplom-kann-meiner-karriere-nur-foerderlich-sein\/#article","isPartOf":{"@id":"https:\/\/news.save.ch\/dieses-diplom-kann-meiner-karriere-nur-foerderlich-sein\/"},"author":{"name":"Roger Str\u00e4ssle","@id":"https:\/\/news.save.ch\/de\/#\/schema\/person\/d5022db048e0e2b9785c50e5b24da5aa"},"headline":"\u00abDieses Diplom f\u00f6rdert meine Karriere\u00bb","datePublished":"2019-01-25T13:04:17+00:00","mainEntityOfPage":{"@id":"https:\/\/news.save.ch\/dieses-diplom-kann-meiner-karriere-nur-foerderlich-sein\/"},"wordCount":387,"commentCount":0,"publisher":{"@id":"https:\/\/news.save.ch\/de\/#organization"},"image":{"@id":"https:\/\/news.save.ch\/dieses-diplom-kann-meiner-karriere-nur-foerderlich-sein\/#primaryimage"},"thumbnailUrl":"https:\/\/news.save.ch\/wp-content\/uploads\/2019\/01\/SES-Projektleiter-1-scaled-1-scaled.jpg","keywords":["Projektleiter Sicherheitssysteme","SES"],"articleSection":["ALLGEMEIN"],"inLanguage":"fr-FR"},{"@type":"WebPage","@id":"https:\/\/news.save.ch\/dieses-diplom-kann-meiner-karriere-nur-foerderlich-sein\/","url":"https:\/\/news.save.ch\/dieses-diplom-kann-meiner-karriere-nur-foerderlich-sein\/","name":"\"Ce dipl\u00f4me favorise ma carri\u00e8re\" - Save","isPartOf":{"@id":"https:\/\/news.save.ch\/de\/#website"},"primaryImageOfPage":{"@id":"https:\/\/news.save.ch\/dieses-diplom-kann-meiner-karriere-nur-foerderlich-sein\/#primaryimage"},"image":{"@id":"https:\/\/news.save.ch\/dieses-diplom-kann-meiner-karriere-nur-foerderlich-sein\/#primaryimage"},"thumbnailUrl":"https:\/\/news.save.ch\/wp-content\/uploads\/2019\/01\/SES-Projektleiter-1-scaled-1-scaled.jpg","datePublished":"2019-01-25T13:04:17+00:00","description":"L'association SES a de nouveau pu remettre \u00e0 13 dipl\u00f4m\u00e9s le brevet reconnu au niveau f\u00e9d\u00e9ral de \"chef de projet pour les syst\u00e8mes de s\u00e9curit\u00e9\".","breadcrumb":{"@id":"https:\/\/news.save.ch\/dieses-diplom-kann-meiner-karriere-nur-foerderlich-sein\/#breadcrumb"},"inLanguage":"fr-FR","potentialAction":[{"@type":"ReadAction","target":["https:\/\/news.save.ch\/dieses-diplom-kann-meiner-karriere-nur-foerderlich-sein\/"]}]},{"@type":"ImageObject","inLanguage":"fr-FR","@id":"https:\/\/news.save.ch\/dieses-diplom-kann-meiner-karriere-nur-foerderlich-sein\/#primaryimage","url":"https:\/\/news.save.ch\/wp-content\/uploads\/2019\/01\/SES-Projektleiter-1-scaled-1-scaled.jpg","contentUrl":"https:\/\/news.save.ch\/wp-content\/uploads\/2019\/01\/SES-Projektleiter-1-scaled-1-scaled.jpg","width":1400,"height":978,"caption":"Foto: R. Str\u00e4ssle"},{"@type":"BreadcrumbList","@id":"https:\/\/news.save.ch\/dieses-diplom-kann-meiner-karriere-nur-foerderlich-sein\/#breadcrumb","itemListElement":[{"@type":"ListItem","position":1,"name":"Home","item":"https:\/\/news.save.ch\/de\/"},{"@type":"ListItem","position":2,"name":"\u00abDieses Diplom f\u00f6rdert meine Karriere\u00bb"}]},{"@type":"WebSite","@id":"https:\/\/news.save.ch\/de\/#website","url":"https:\/\/news.save.ch\/de\/","name":"Save","description":"Revue suisse sp\u00e9cialis\u00e9e dans la s\u00e9curit\u00e9","publisher":{"@id":"https:\/\/news.save.ch\/de\/#organization"},"potentialAction":[{"@type":"SearchAction","target":{"@type":"EntryPoint","urlTemplate":"https:\/\/news.save.ch\/de\/?s={search_term_string}"},"query-input":{"@type":"PropertyValueSpecification","valueRequired":true,"valueName":"search_term_string"}}],"inLanguage":"fr-FR"},{"@type":"Organization","@id":"https:\/\/news.save.ch\/de\/#organization","name":"Forum sur la s\u00e9curit\u00e9","url":"https:\/\/news.save.ch\/de\/","logo":{"@type":"ImageObject","inLanguage":"fr-FR","@id":"https:\/\/news.save.ch\/de\/#\/schema\/logo\/image\/","url":"https:\/\/news.save.ch\/wp-content\/uploads\/2022\/06\/Logo_SF_2012.png","contentUrl":"https:\/\/news.save.ch\/wp-content\/uploads\/2022\/06\/Logo_SF_2012.png","width":1100,"height":91,"caption":"Sicherheitsforum"},"image":{"@id":"https:\/\/news.save.ch\/de\/#\/schema\/logo\/image\/"}},{"@type":"Person","@id":"https:\/\/news.save.ch\/de\/#\/schema\/person\/d5022db048e0e2b9785c50e5b24da5aa","name":"Roger Str\u00e4ssle","image":{"@type":"ImageObject","inLanguage":"fr-FR","@id":"https:\/\/secure.gravatar.com\/avatar\/862a5569d087de48e5856e32f45d719a03804c891d6deb8d4f71a660e79e4a47?s=96&d=mm&r=g","url":"https:\/\/secure.gravatar.com\/avatar\/862a5569d087de48e5856e32f45d719a03804c891d6deb8d4f71a660e79e4a47?s=96&d=mm&r=g","contentUrl":"https:\/\/secure.gravatar.com\/avatar\/862a5569d087de48e5856e32f45d719a03804c891d6deb8d4f71a660e79e4a47?s=96&d=mm&r=g","caption":"Roger Str\u00e4ssle"},"url":"https:\/\/news.save.ch\/fr\/author\/roger-straessle\/"}]}},"_links":{"self":[{"href":"https:\/\/news.save.ch\/fr\/wp-json\/wp\/v2\/posts\/7518","targetHints":{"allow":["GET"]}}],"collection":[{"href":"https:\/\/news.save.ch\/fr\/wp-json\/wp\/v2\/posts"}],"about":[{"href":"https:\/\/news.save.ch\/fr\/wp-json\/wp\/v2\/types\/post"}],"author":[{"embeddable":true,"href":"https:\/\/news.save.ch\/fr\/wp-json\/wp\/v2\/users\/8"}],"replies":[{"embeddable":true,"href":"https:\/\/news.save.ch\/fr\/wp-json\/wp\/v2\/comments?post=7518"}],"version-history":[{"count":0,"href":"https:\/\/news.save.ch\/fr\/wp-json\/wp\/v2\/posts\/7518\/revisions"}],"wp:featuredmedia":[{"embeddable":true,"href":"https:\/\/news.save.ch\/fr\/wp-json\/wp\/v2\/media\/7519"}],"wp:attachment":[{"href":"https:\/\/news.save.ch\/fr\/wp-json\/wp\/v2\/media?parent=7518"}],"wp:term":[{"taxonomy":"category","embeddable":true,"href":"https:\/\/news.save.ch\/fr\/wp-json\/wp\/v2\/categories?post=7518"},{"taxonomy":"post_tag","embeddable":true,"href":"https:\/\/news.save.ch\/fr\/wp-json\/wp\/v2\/tags?post=7518"}],"curies":[{"name":"wp","href":"https:\/\/api.w.org\/{rel}","templated":true}]}}