{"id":7600,"date":"2019-02-12T09:37:03","date_gmt":"2019-02-12T08:37:03","guid":{"rendered":"https:\/\/news.save.ch\/?p=7600"},"modified":"2023-03-14T08:59:20","modified_gmt":"2023-03-14T07:59:20","slug":"technologietrends-fuer-die-netzwerk-video-branche","status":null,"type":"post","link":"https:\/\/news.save.ch\/fr\/technologietrends-fuer-die-netzwerk-video-branche\/","title":{"rendered":"Tendances technologiques pour le secteur de la vid\u00e9o en r\u00e9seau"},"content":{"rendered":"<figure id=\"attachment_7601\" aria-describedby=\"caption-attachment-7601\" style=\"width: 680px\" class=\"wp-caption aligncenter\"><img loading=\"lazy\" decoding=\"async\" class=\"wp-image-7601 size-medium\" src=\"https:\/\/news.save.ch\/wp-content\/uploads\/2019\/02\/Gesichtserkennung_Depositphotos.jpg\" alt=\"Tendances technologiques\" width=\"680\" height=\"454\" srcset=\"https:\/\/news.save.ch\/wp-content\/uploads\/2019\/02\/Gesichtserkennung_Depositphotos.jpg 1000w, https:\/\/news.save.ch\/wp-content\/uploads\/2019\/02\/Gesichtserkennung_Depositphotos-375x250.jpg 375w\" sizes=\"auto, (max-width: 680px) 100vw, 680px\" \/><figcaption id=\"caption-attachment-7601\" class=\"wp-caption-text\">Le deep learning va-t-il optimiser la reconnaissance des mouvements vid\u00e9o et des visages ? \u00a9 depositphotos, KrisCole<\/figcaption><\/figure>\n<p>&nbsp;<\/p>\n<p>Les six tendances suivantes ont, selon <a href=\"https:\/\/www.axis.com\/de-de\">Axis<\/a> 2019 sur le secteur de la vid\u00e9o en r\u00e9seau :<\/p>\n<p><strong>Tendance 1 : l'intelligence artificielle<\/strong><\/p>\n<p>Le potentiel du machine learning et du deep learning est \u00e9norme et pourrait \u00e0 terme conduire \u00e0 des syst\u00e8mes autonomes dans le secteur de la vid\u00e9o. Avec <a href=\"https:\/\/de.wikipedia.org\/wiki\/Deep_Learning\">Apprentissage profond<\/a>-Les applications de la s\u00e9rie \"A\" permettent par exemple d'am\u00e9liorer la reconnaissance des mouvements vid\u00e9o et des visages, le suivi individuel et la pr\u00e9vention des fausses alertes. Avec le d\u00e9veloppement des applications, le domaine de l'analyse pr\u00e9dictive peut en outre \u00eatre utilis\u00e9 pour pr\u00e9venir les incidents : des attaques terroristes aux accidents du travail, des probl\u00e8mes de circulation au vol \u00e0 l'\u00e9talage.<\/p>\n<p><strong>Tendance 2 : Cloud et Edge Computing<\/strong><\/p>\n<p>Le transfert des infrastructures informatiques fixes vers le cloud a \u00e9t\u00e9 observ\u00e9 ces derni\u00e8res ann\u00e9es dans presque tous les domaines de la vie publique et priv\u00e9e. Le nombre d'appareils IoT connect\u00e9s et la quantit\u00e9 de donn\u00e9es cr\u00e9\u00e9es augmentent de mani\u00e8re exponentielle. En outre, le <a href=\"https:\/\/de.wikipedia.org\/wiki\/Edge_Computing\">Informatique de pointe<\/a> de plus en plus pertinent. Cela r\u00e9duit les besoins en bande passante, ce qui est indispensable lorsque la complexit\u00e9 et la qualit\u00e9 des cam\u00e9ras r\u00e9seau, des appareils audio et des capteurs augmentent.<\/p>\n<p><strong>Tendance 3 : la personnalisation contre la protection des donn\u00e9es<\/strong><\/p>\n<p>L'ann\u00e9e 2018 qui vient de s'\u00e9couler a \u00e9t\u00e9 marqu\u00e9e par le th\u00e8me de la protection des donn\u00e9es - mot-cl\u00e9 : RGPD. Que ce soit dans le domaine priv\u00e9 ou professionnel, la soci\u00e9t\u00e9 est devenue plus vigilante et plus prudente en ce qui concerne la transmission de donn\u00e9es personnelles sensibles. Cela ne changera pas en 2019. La branche serait bien inspir\u00e9e de continuer \u00e0 accorder une grande importance au th\u00e8me de la protection des donn\u00e9es en 2019 et au-del\u00e0. La transparence est importante dans ce domaine et cr\u00e9e la confiance.<\/p>\n<p><strong>Tendance 4 : cybers\u00e9curit\u00e9<\/strong><\/p>\n<p>Le domaine complexe de la s\u00e9curit\u00e9 informatique est \u00e9galement une tendance constante. Les attaques sont de plus en plus sophistiqu\u00e9es et le nombre croissant d'appareils en r\u00e9seau signifie que les vuln\u00e9rabilit\u00e9s et les points d'acc\u00e8s non s\u00e9curis\u00e9s possibles sur le r\u00e9seau augmentent de mani\u00e8re exponentielle. Une vuln\u00e9rabilit\u00e9 r\u00e9cemment mentionn\u00e9e est la <a href=\"https:\/\/www.wired.com\/story\/supply-chain-hacks-cybersecurity-worst-case-scenario\/\">Cha\u00eene d'approvisionnement<\/a>La cybers\u00e9curit\u00e9 est un domaine dans lequel l'absence de mesures de s\u00e9curit\u00e9, voire des actions malveillantes d\u00e9lib\u00e9r\u00e9es, peuvent entra\u00eener des violations de la cybers\u00e9curit\u00e9, tant pour les composants logiciels que mat\u00e9riels. Des mises \u00e0 jour et des correctifs continus, fournis aux utilisateurs pour tous les produits et solutions, sont donc indispensables. Dans ce contexte, il est \u00e9galement important que les utilisateurs finaux effectuent ces mises \u00e0 jour et consid\u00e8rent la s\u00e9curit\u00e9 de leur syst\u00e8me comme un processus qui doit \u00eatre contr\u00f4l\u00e9 r\u00e9guli\u00e8rement.<\/p>\n<p><strong>Tendance 5 : protection de l'environnement par une technologie intelligente <\/strong><\/p>\n<p>Selon l'entreprise, Axis contribue \u00e9galement \u00e0 la protection de l'environnement par une utilisation plus efficace de la technique vid\u00e9o gr\u00e2ce \u00e0 une technologie intelligente. Par exemple, les analyses vid\u00e9o sont d\u00e9j\u00e0 utilis\u00e9es par les entreprises comme outil de planification op\u00e9rationnel pour optimiser l'efficacit\u00e9 \u00e9nerg\u00e9tique dans les bureaux ou les magasins. De nouveaux capteurs mesurent par exemple la pollution de l'environnement ou localisent le gaspillage d'\u00e9nergie par thermographie.<\/p>\n<p><strong>Tendance 6 : int\u00e9gration de capteurs<\/strong><\/p>\n<p>Comme d\u00e9crit ci-dessus, des capteurs intelligents individuels peuvent contribuer \u00e0 l'optimisation du quotidien professionnel et priv\u00e9 dans les diff\u00e9rents domaines. Dans une Smart City, les capteurs se fondent en fournisseurs globaux d'informations et de donn\u00e9es qui, gr\u00e2ce \u00e0 des d\u00e9tecteurs de mouvement et \u00e0 une cam\u00e9ra connect\u00e9e, peuvent par exemple fournir des informations sur le trafic urbain et optimiser ainsi les n\u0153uds. Dans le domaine de la s\u00e9curit\u00e9 \u00e9galement, des signaux d'alarme automatiques peuvent \u00eatre envoy\u00e9s \u00e0 la centrale d'intervention en cas d'incidents d\u00e9tect\u00e9s via des cam\u00e9ras r\u00e9seau. Gr\u00e2ce \u00e0 l'\u00e9ventail des capteurs - des capteurs de chaleur aux d\u00e9tecteurs de mouvement, des capteurs atmosph\u00e9riques aux enregistrements vid\u00e9o - les possibilit\u00e9s de combinaison ainsi que les domaines d'application et les avantages possibles sont presque infinis.<\/p>\n<p><em>Source : Axis<\/em><\/p>\n<p>&nbsp;<\/p>\n<p>&nbsp;<\/p>\n<p>&nbsp;<\/p>","protected":false},"excerpt":{"rendered":"<p>&nbsp; Folgende sechs Trends wirken sich laut Axis 2019 auf den Netzwerk-Video-Sektor aus: Trend 1: K\u00fcnstliche Intelligenz Das Potenzial von Machine- und Deep-Learning ist gewaltig und k\u00f6nnte letztlich zu autonomen Systemen in der Videobranche f\u00fchren. Mit Deep-Learning-Anwendungen k\u00f6nnen beispielsweise Videobewegungs- und Gesichtserkennung, individuelles Tracking sowie die Vermeidung von Fehlalarmen verbessert werden. Mit der Weiterentwicklung der [&hellip;]<\/p>\n","protected":false},"author":8,"featured_media":7601,"comment_status":"open","ping_status":"open","sticky":false,"template":"","format":"standard","meta":{"_acf_changed":false,"pgc_sgb_lightbox_settings":"","footnotes":""},"categories":[3312],"tags":[157,78],"class_list":["post-7600","post","type-post","status-publish","format-standard","has-post-thumbnail","hentry","category-sicherheit","tag-video-security","tag-videoueberwachung"],"acf":[],"hkrextid":null,"publication":null,"issue":null,"workflow":null,"startPage":null,"spitzmarke":null,"_posts_by_tag_page_fields":{"widget_title":"","widget_tags":""},"_at_widget":"1","_yoast_wpseo_primary_category":"529","_yoast_wpseo_focuskw_text_input":"Technologietrends","_yoast_wpseo_opengraph-image":null,"_yoast_wpseo_opengraph-description":null,"_yoast_wpseo_opengraph-title":null,"enclosure":null,"_yoast_wpseo_twitter-title":null,"_yoast_wpseo_twitter-description":null,"_yoast_wpseo_twitter-image":null,"_wp_old_slug":null,"_yoast_wpseo_title":null,"_yoast_wpseo_canonical":null,"yoast_head":"<!-- This site is optimized with the Yoast SEO plugin v27.5 - https:\/\/yoast.com\/product\/yoast-seo-wordpress\/ -->\n<title>Technologietrends f\u00fcr die Netzwerk-Video-Branche - Save<\/title>\n<meta name=\"description\" content=\"K\u00fcnstliche Intelligenz, Edge Computing und Cybersicherheit \u2013 das sind drei der wichtigsten Technologietrends 2019 in der Netzwerk-Video-Branche.\" \/>\n<meta name=\"robots\" content=\"index, follow, max-snippet:-1, max-image-preview:large, max-video-preview:-1\" \/>\n<link rel=\"canonical\" href=\"https:\/\/news.save.ch\/fr\/technologietrends-fuer-die-netzwerk-video-branche\/\" \/>\n<meta property=\"og:locale\" content=\"fr_FR\" \/>\n<meta property=\"og:type\" content=\"article\" \/>\n<meta property=\"og:title\" content=\"Technologietrends f\u00fcr die Netzwerk-Video-Branche - Save\" \/>\n<meta property=\"og:description\" content=\"K\u00fcnstliche Intelligenz, Edge Computing und Cybersicherheit \u2013 das sind drei der wichtigsten Technologietrends 2019 in der Netzwerk-Video-Branche.\" \/>\n<meta property=\"og:url\" content=\"https:\/\/news.save.ch\/fr\/technologietrends-fuer-die-netzwerk-video-branche\/\" \/>\n<meta property=\"og:site_name\" content=\"Save\" \/>\n<meta property=\"article:published_time\" content=\"2019-02-12T08:37:03+00:00\" \/>\n<meta property=\"article:modified_time\" content=\"2023-03-14T07:59:20+00:00\" \/>\n<meta property=\"og:image\" content=\"https:\/\/news.save.ch\/wp-content\/uploads\/2019\/02\/Gesichtserkennung_Depositphotos.jpg\" \/>\n\t<meta property=\"og:image:width\" content=\"1000\" \/>\n\t<meta property=\"og:image:height\" content=\"667\" \/>\n\t<meta property=\"og:image:type\" content=\"image\/jpeg\" \/>\n<meta name=\"author\" content=\"Roger Str\u00e4ssle\" \/>\n<meta name=\"twitter:card\" content=\"summary_large_image\" \/>\n<meta name=\"twitter:label1\" content=\"\u00c9crit par\" \/>\n\t<meta name=\"twitter:data1\" content=\"Roger Str\u00e4ssle\" \/>\n\t<meta name=\"twitter:label2\" content=\"Dur\u00e9e de lecture estim\u00e9e\" \/>\n\t<meta name=\"twitter:data2\" content=\"3 minutes\" \/>\n<script type=\"application\/ld+json\" class=\"yoast-schema-graph\">{\"@context\":\"https:\\\/\\\/schema.org\",\"@graph\":[{\"@type\":\"Article\",\"@id\":\"https:\\\/\\\/news.save.ch\\\/technologietrends-fuer-die-netzwerk-video-branche\\\/#article\",\"isPartOf\":{\"@id\":\"https:\\\/\\\/news.save.ch\\\/technologietrends-fuer-die-netzwerk-video-branche\\\/\"},\"author\":{\"name\":\"Roger Str\u00e4ssle\",\"@id\":\"https:\\\/\\\/news.save.ch\\\/de\\\/#\\\/schema\\\/person\\\/d5022db048e0e2b9785c50e5b24da5aa\"},\"headline\":\"Technologietrends f\u00fcr die Netzwerk-Video-Branche\",\"datePublished\":\"2019-02-12T08:37:03+00:00\",\"dateModified\":\"2023-03-14T07:59:20+00:00\",\"mainEntityOfPage\":{\"@id\":\"https:\\\/\\\/news.save.ch\\\/technologietrends-fuer-die-netzwerk-video-branche\\\/\"},\"wordCount\":539,\"commentCount\":0,\"publisher\":{\"@id\":\"https:\\\/\\\/news.save.ch\\\/de\\\/#organization\"},\"image\":{\"@id\":\"https:\\\/\\\/news.save.ch\\\/technologietrends-fuer-die-netzwerk-video-branche\\\/#primaryimage\"},\"thumbnailUrl\":\"https:\\\/\\\/news.save.ch\\\/wp-content\\\/uploads\\\/2019\\\/02\\\/Gesichtserkennung_Depositphotos.jpg\",\"keywords\":[\"Video-Security\",\"Video\u00fcberwachung\"],\"articleSection\":[\"SICHERHEIT\"],\"inLanguage\":\"fr-FR\"},{\"@type\":\"WebPage\",\"@id\":\"https:\\\/\\\/news.save.ch\\\/technologietrends-fuer-die-netzwerk-video-branche\\\/\",\"url\":\"https:\\\/\\\/news.save.ch\\\/technologietrends-fuer-die-netzwerk-video-branche\\\/\",\"name\":\"Technologietrends f\u00fcr die Netzwerk-Video-Branche - Save\",\"isPartOf\":{\"@id\":\"https:\\\/\\\/news.save.ch\\\/de\\\/#website\"},\"primaryImageOfPage\":{\"@id\":\"https:\\\/\\\/news.save.ch\\\/technologietrends-fuer-die-netzwerk-video-branche\\\/#primaryimage\"},\"image\":{\"@id\":\"https:\\\/\\\/news.save.ch\\\/technologietrends-fuer-die-netzwerk-video-branche\\\/#primaryimage\"},\"thumbnailUrl\":\"https:\\\/\\\/news.save.ch\\\/wp-content\\\/uploads\\\/2019\\\/02\\\/Gesichtserkennung_Depositphotos.jpg\",\"datePublished\":\"2019-02-12T08:37:03+00:00\",\"dateModified\":\"2023-03-14T07:59:20+00:00\",\"description\":\"K\u00fcnstliche Intelligenz, Edge Computing und Cybersicherheit \u2013 das sind drei der wichtigsten Technologietrends 2019 in der Netzwerk-Video-Branche.\",\"breadcrumb\":{\"@id\":\"https:\\\/\\\/news.save.ch\\\/technologietrends-fuer-die-netzwerk-video-branche\\\/#breadcrumb\"},\"inLanguage\":\"fr-FR\",\"potentialAction\":[{\"@type\":\"ReadAction\",\"target\":[\"https:\\\/\\\/news.save.ch\\\/technologietrends-fuer-die-netzwerk-video-branche\\\/\"]}]},{\"@type\":\"ImageObject\",\"inLanguage\":\"fr-FR\",\"@id\":\"https:\\\/\\\/news.save.ch\\\/technologietrends-fuer-die-netzwerk-video-branche\\\/#primaryimage\",\"url\":\"https:\\\/\\\/news.save.ch\\\/wp-content\\\/uploads\\\/2019\\\/02\\\/Gesichtserkennung_Depositphotos.jpg\",\"contentUrl\":\"https:\\\/\\\/news.save.ch\\\/wp-content\\\/uploads\\\/2019\\\/02\\\/Gesichtserkennung_Depositphotos.jpg\",\"width\":1000,\"height\":667,\"caption\":\"\u00a9 depositphotos, KrisCole\"},{\"@type\":\"BreadcrumbList\",\"@id\":\"https:\\\/\\\/news.save.ch\\\/technologietrends-fuer-die-netzwerk-video-branche\\\/#breadcrumb\",\"itemListElement\":[{\"@type\":\"ListItem\",\"position\":1,\"name\":\"Home\",\"item\":\"https:\\\/\\\/news.save.ch\\\/de\\\/\"},{\"@type\":\"ListItem\",\"position\":2,\"name\":\"Technologietrends f\u00fcr die Netzwerk-Video-Branche\"}]},{\"@type\":\"WebSite\",\"@id\":\"https:\\\/\\\/news.save.ch\\\/de\\\/#website\",\"url\":\"https:\\\/\\\/news.save.ch\\\/de\\\/\",\"name\":\"Save\",\"description\":\"Schweizer Fachzeitschrift f\u00fcr Sicherheit\",\"publisher\":{\"@id\":\"https:\\\/\\\/news.save.ch\\\/de\\\/#organization\"},\"potentialAction\":[{\"@type\":\"SearchAction\",\"target\":{\"@type\":\"EntryPoint\",\"urlTemplate\":\"https:\\\/\\\/news.save.ch\\\/de\\\/?s={search_term_string}\"},\"query-input\":{\"@type\":\"PropertyValueSpecification\",\"valueRequired\":true,\"valueName\":\"search_term_string\"}}],\"inLanguage\":\"fr-FR\"},{\"@type\":\"Organization\",\"@id\":\"https:\\\/\\\/news.save.ch\\\/de\\\/#organization\",\"name\":\"Sicherheitsforum\",\"url\":\"https:\\\/\\\/news.save.ch\\\/de\\\/\",\"logo\":{\"@type\":\"ImageObject\",\"inLanguage\":\"fr-FR\",\"@id\":\"https:\\\/\\\/news.save.ch\\\/de\\\/#\\\/schema\\\/logo\\\/image\\\/\",\"url\":\"https:\\\/\\\/news.save.ch\\\/wp-content\\\/uploads\\\/2022\\\/06\\\/Logo_SF_2012.png\",\"contentUrl\":\"https:\\\/\\\/news.save.ch\\\/wp-content\\\/uploads\\\/2022\\\/06\\\/Logo_SF_2012.png\",\"width\":1100,\"height\":91,\"caption\":\"Sicherheitsforum\"},\"image\":{\"@id\":\"https:\\\/\\\/news.save.ch\\\/de\\\/#\\\/schema\\\/logo\\\/image\\\/\"}},{\"@type\":\"Person\",\"@id\":\"https:\\\/\\\/news.save.ch\\\/de\\\/#\\\/schema\\\/person\\\/d5022db048e0e2b9785c50e5b24da5aa\",\"name\":\"Roger Str\u00e4ssle\",\"image\":{\"@type\":\"ImageObject\",\"inLanguage\":\"fr-FR\",\"@id\":\"https:\\\/\\\/secure.gravatar.com\\\/avatar\\\/862a5569d087de48e5856e32f45d719a03804c891d6deb8d4f71a660e79e4a47?s=96&d=mm&r=g\",\"url\":\"https:\\\/\\\/secure.gravatar.com\\\/avatar\\\/862a5569d087de48e5856e32f45d719a03804c891d6deb8d4f71a660e79e4a47?s=96&d=mm&r=g\",\"contentUrl\":\"https:\\\/\\\/secure.gravatar.com\\\/avatar\\\/862a5569d087de48e5856e32f45d719a03804c891d6deb8d4f71a660e79e4a47?s=96&d=mm&r=g\",\"caption\":\"Roger Str\u00e4ssle\"},\"url\":\"https:\\\/\\\/news.save.ch\\\/fr\\\/author\\\/roger-straessle\\\/\"}]}<\/script>\n<!-- \/ Yoast SEO plugin. -->","yoast_head_json":{"title":"Tendances technologiques pour l'industrie de la vid\u00e9o en r\u00e9seau - Save","description":"L'intelligence artificielle, l'edge computing et la cybers\u00e9curit\u00e9 sont trois des principales tendances technologiques de 2019 dans le secteur de la vid\u00e9o en r\u00e9seau.","robots":{"index":"index","follow":"follow","max-snippet":"max-snippet:-1","max-image-preview":"max-image-preview:large","max-video-preview":"max-video-preview:-1"},"canonical":"https:\/\/news.save.ch\/fr\/technologietrends-fuer-die-netzwerk-video-branche\/","og_locale":"fr_FR","og_type":"article","og_title":"Technologietrends f\u00fcr die Netzwerk-Video-Branche - Save","og_description":"K\u00fcnstliche Intelligenz, Edge Computing und Cybersicherheit \u2013 das sind drei der wichtigsten Technologietrends 2019 in der Netzwerk-Video-Branche.","og_url":"https:\/\/news.save.ch\/fr\/technologietrends-fuer-die-netzwerk-video-branche\/","og_site_name":"Save","article_published_time":"2019-02-12T08:37:03+00:00","article_modified_time":"2023-03-14T07:59:20+00:00","og_image":[{"width":1000,"height":667,"url":"https:\/\/news.save.ch\/wp-content\/uploads\/2019\/02\/Gesichtserkennung_Depositphotos.jpg","type":"image\/jpeg"}],"author":"Roger Str\u00e4ssle","twitter_card":"summary_large_image","twitter_misc":{"\u00c9crit par":"Roger Str\u00e4ssle","Dur\u00e9e de lecture estim\u00e9e":"3 minutes"},"schema":{"@context":"https:\/\/schema.org","@graph":[{"@type":"Article","@id":"https:\/\/news.save.ch\/technologietrends-fuer-die-netzwerk-video-branche\/#article","isPartOf":{"@id":"https:\/\/news.save.ch\/technologietrends-fuer-die-netzwerk-video-branche\/"},"author":{"name":"Roger Str\u00e4ssle","@id":"https:\/\/news.save.ch\/de\/#\/schema\/person\/d5022db048e0e2b9785c50e5b24da5aa"},"headline":"Technologietrends f\u00fcr die Netzwerk-Video-Branche","datePublished":"2019-02-12T08:37:03+00:00","dateModified":"2023-03-14T07:59:20+00:00","mainEntityOfPage":{"@id":"https:\/\/news.save.ch\/technologietrends-fuer-die-netzwerk-video-branche\/"},"wordCount":539,"commentCount":0,"publisher":{"@id":"https:\/\/news.save.ch\/de\/#organization"},"image":{"@id":"https:\/\/news.save.ch\/technologietrends-fuer-die-netzwerk-video-branche\/#primaryimage"},"thumbnailUrl":"https:\/\/news.save.ch\/wp-content\/uploads\/2019\/02\/Gesichtserkennung_Depositphotos.jpg","keywords":["Video-Security","Video\u00fcberwachung"],"articleSection":["SICHERHEIT"],"inLanguage":"fr-FR"},{"@type":"WebPage","@id":"https:\/\/news.save.ch\/technologietrends-fuer-die-netzwerk-video-branche\/","url":"https:\/\/news.save.ch\/technologietrends-fuer-die-netzwerk-video-branche\/","name":"Tendances technologiques pour l'industrie de la vid\u00e9o en r\u00e9seau - Save","isPartOf":{"@id":"https:\/\/news.save.ch\/de\/#website"},"primaryImageOfPage":{"@id":"https:\/\/news.save.ch\/technologietrends-fuer-die-netzwerk-video-branche\/#primaryimage"},"image":{"@id":"https:\/\/news.save.ch\/technologietrends-fuer-die-netzwerk-video-branche\/#primaryimage"},"thumbnailUrl":"https:\/\/news.save.ch\/wp-content\/uploads\/2019\/02\/Gesichtserkennung_Depositphotos.jpg","datePublished":"2019-02-12T08:37:03+00:00","dateModified":"2023-03-14T07:59:20+00:00","description":"L'intelligence artificielle, l'edge computing et la cybers\u00e9curit\u00e9 sont trois des principales tendances technologiques de 2019 dans le secteur de la vid\u00e9o en r\u00e9seau.","breadcrumb":{"@id":"https:\/\/news.save.ch\/technologietrends-fuer-die-netzwerk-video-branche\/#breadcrumb"},"inLanguage":"fr-FR","potentialAction":[{"@type":"ReadAction","target":["https:\/\/news.save.ch\/technologietrends-fuer-die-netzwerk-video-branche\/"]}]},{"@type":"ImageObject","inLanguage":"fr-FR","@id":"https:\/\/news.save.ch\/technologietrends-fuer-die-netzwerk-video-branche\/#primaryimage","url":"https:\/\/news.save.ch\/wp-content\/uploads\/2019\/02\/Gesichtserkennung_Depositphotos.jpg","contentUrl":"https:\/\/news.save.ch\/wp-content\/uploads\/2019\/02\/Gesichtserkennung_Depositphotos.jpg","width":1000,"height":667,"caption":"\u00a9 depositphotos, KrisCole"},{"@type":"BreadcrumbList","@id":"https:\/\/news.save.ch\/technologietrends-fuer-die-netzwerk-video-branche\/#breadcrumb","itemListElement":[{"@type":"ListItem","position":1,"name":"Home","item":"https:\/\/news.save.ch\/de\/"},{"@type":"ListItem","position":2,"name":"Technologietrends f\u00fcr die Netzwerk-Video-Branche"}]},{"@type":"WebSite","@id":"https:\/\/news.save.ch\/de\/#website","url":"https:\/\/news.save.ch\/de\/","name":"Save","description":"Revue suisse sp\u00e9cialis\u00e9e dans la s\u00e9curit\u00e9","publisher":{"@id":"https:\/\/news.save.ch\/de\/#organization"},"potentialAction":[{"@type":"SearchAction","target":{"@type":"EntryPoint","urlTemplate":"https:\/\/news.save.ch\/de\/?s={search_term_string}"},"query-input":{"@type":"PropertyValueSpecification","valueRequired":true,"valueName":"search_term_string"}}],"inLanguage":"fr-FR"},{"@type":"Organization","@id":"https:\/\/news.save.ch\/de\/#organization","name":"Forum sur la s\u00e9curit\u00e9","url":"https:\/\/news.save.ch\/de\/","logo":{"@type":"ImageObject","inLanguage":"fr-FR","@id":"https:\/\/news.save.ch\/de\/#\/schema\/logo\/image\/","url":"https:\/\/news.save.ch\/wp-content\/uploads\/2022\/06\/Logo_SF_2012.png","contentUrl":"https:\/\/news.save.ch\/wp-content\/uploads\/2022\/06\/Logo_SF_2012.png","width":1100,"height":91,"caption":"Sicherheitsforum"},"image":{"@id":"https:\/\/news.save.ch\/de\/#\/schema\/logo\/image\/"}},{"@type":"Person","@id":"https:\/\/news.save.ch\/de\/#\/schema\/person\/d5022db048e0e2b9785c50e5b24da5aa","name":"Roger Str\u00e4ssle","image":{"@type":"ImageObject","inLanguage":"fr-FR","@id":"https:\/\/secure.gravatar.com\/avatar\/862a5569d087de48e5856e32f45d719a03804c891d6deb8d4f71a660e79e4a47?s=96&d=mm&r=g","url":"https:\/\/secure.gravatar.com\/avatar\/862a5569d087de48e5856e32f45d719a03804c891d6deb8d4f71a660e79e4a47?s=96&d=mm&r=g","contentUrl":"https:\/\/secure.gravatar.com\/avatar\/862a5569d087de48e5856e32f45d719a03804c891d6deb8d4f71a660e79e4a47?s=96&d=mm&r=g","caption":"Roger Str\u00e4ssle"},"url":"https:\/\/news.save.ch\/fr\/author\/roger-straessle\/"}]}},"_links":{"self":[{"href":"https:\/\/news.save.ch\/fr\/wp-json\/wp\/v2\/posts\/7600","targetHints":{"allow":["GET"]}}],"collection":[{"href":"https:\/\/news.save.ch\/fr\/wp-json\/wp\/v2\/posts"}],"about":[{"href":"https:\/\/news.save.ch\/fr\/wp-json\/wp\/v2\/types\/post"}],"author":[{"embeddable":true,"href":"https:\/\/news.save.ch\/fr\/wp-json\/wp\/v2\/users\/8"}],"replies":[{"embeddable":true,"href":"https:\/\/news.save.ch\/fr\/wp-json\/wp\/v2\/comments?post=7600"}],"version-history":[{"count":1,"href":"https:\/\/news.save.ch\/fr\/wp-json\/wp\/v2\/posts\/7600\/revisions"}],"predecessor-version":[{"id":17919,"href":"https:\/\/news.save.ch\/fr\/wp-json\/wp\/v2\/posts\/7600\/revisions\/17919"}],"wp:featuredmedia":[{"embeddable":true,"href":"https:\/\/news.save.ch\/fr\/wp-json\/wp\/v2\/media\/7601"}],"wp:attachment":[{"href":"https:\/\/news.save.ch\/fr\/wp-json\/wp\/v2\/media?parent=7600"}],"wp:term":[{"taxonomy":"category","embeddable":true,"href":"https:\/\/news.save.ch\/fr\/wp-json\/wp\/v2\/categories?post=7600"},{"taxonomy":"post_tag","embeddable":true,"href":"https:\/\/news.save.ch\/fr\/wp-json\/wp\/v2\/tags?post=7600"}],"curies":[{"name":"wp","href":"https:\/\/api.w.org\/{rel}","templated":true}]}}