{"id":7633,"date":"2019-02-18T13:05:19","date_gmt":"2019-02-18T12:05:19","guid":{"rendered":"https:\/\/news.save.ch\/?p=7633"},"modified":"2019-02-18T13:05:19","modified_gmt":"2019-02-18T12:05:19","slug":"matthias-rebellius-wird-neuer-ceo-bei-siemens-schweiz","status":null,"type":"post","link":"https:\/\/news.save.ch\/fr\/matthias-rebellius-wird-neuer-ceo-bei-siemens-schweiz\/","title":{"rendered":"Matthias Rebellius devient le nouveau CEO de Siemens Suisse"},"content":{"rendered":"<figure id=\"attachment_7634\" aria-describedby=\"caption-attachment-7634\" style=\"width: 344px\" class=\"wp-caption alignleft\"><img loading=\"lazy\" decoding=\"async\" class=\"wp-image-7634\" src=\"https:\/\/news.save.ch\/wp-content\/uploads\/2019\/02\/1505.jpg\" alt=\"Matthias Rebellius\" width=\"344\" height=\"419\" \/><figcaption id=\"caption-attachment-7634\" class=\"wp-caption-text\">\u00a9 Siemens<\/figcaption><\/figure>\n<p>En plus d'\u00eatre CEO de la soci\u00e9t\u00e9 r\u00e9gionale Siemens Suisse, Matthias Rebellius est \u00e9galement Chief Operating Officer (COO) de Smart Infrastructure (SI), la nouvelle Operating Company de l'entreprise. A partir d'avril 2019, les 70 000 collaborateurs actifs dans les domaines de la technique du b\u00e2timent et de la distribution d'\u00e9nergie seront dirig\u00e9s depuis le si\u00e8ge mondial de SI \u00e0 Zoug, comme le communique l'entreprise.<\/p>\n<p><strong>Quatre ans \u00e0 la t\u00eate de la division Building Technologies<\/strong><\/p>\n<p>\"Siemens est pr\u00e9sent en Suisse depuis 125 ans d\u00e9j\u00e0\", explique Matthias Rebellius. \"Gr\u00e2ce \u00e0 notre large portefeuille et \u00e0 notre savoir-faire en mati\u00e8re de num\u00e9risation, nous continuerons \u00e0 jouer un r\u00f4le marquant ici dans les d\u00e9cennies \u00e0 venir. De plus, le fait que nous g\u00e9rions les activit\u00e9s mondiales de Smart Infrastructure depuis Zoug est bien s\u00fbr tr\u00e8s positif pour notre pays\".<\/p>\n<p>Au cours des quatre derni\u00e8res ann\u00e9es, Rebellius a dirig\u00e9 la division Building Technologies (BT) de Siemens, active au niveau mondial. Sous sa direction, les activit\u00e9s de technique du b\u00e2timent sont devenues l'un des principaux contributeurs aux r\u00e9sultats de Siemens AG, selon le communiqu\u00e9. Ing\u00e9nieur de formation, il avait d\u00e9j\u00e0 travaill\u00e9 pr\u00e8s de dix ans en Suisse. Rebellius a ensuite travaill\u00e9 aux \u00c9tats-Unis de 2012 \u00e0 2015, o\u00f9 il \u00e9tait responsable des activit\u00e9s de BT dans toute la r\u00e9gion Am\u00e9rique.<\/p>\n<p><em>Source : Siemens<\/em><\/p>","protected":false},"excerpt":{"rendered":"<p>Matthias Rebellius ist nebst CEO der Regionalgesellschaft Siemens Schweiz gleichzeitig auch Chief Operating Officer (COO) von Smart Infrastructure (SI), der neuen Operating Company des Unternehmens. Ab April 2019 werden vom globalen SI-Headquarter in Zug die weltweit 70 000 Mitarbeitenden gef\u00fchrt, die in den Bereichen Geb\u00e4udetechnik und Energieverteilung t\u00e4tig sind, wie das Unternehmen mitteilt. Vier Jahre [&hellip;]<\/p>\n","protected":false},"author":8,"featured_media":7634,"comment_status":"open","ping_status":"open","sticky":false,"template":"","format":"standard","meta":{"_acf_changed":false,"pgc_sgb_lightbox_settings":"","footnotes":""},"categories":[1],"tags":[65],"class_list":["post-7633","post","type-post","status-publish","format-standard","has-post-thumbnail","hentry","category-allgemein","tag-unternehmen"],"acf":[],"hkrextid":null,"publication":null,"issue":null,"workflow":null,"startPage":null,"spitzmarke":null,"_posts_by_tag_page_fields":{"widget_title":"","widget_tags":""},"_at_widget":"1","_yoast_wpseo_primary_category":"1","_yoast_wpseo_focuskw_text_input":"Matthias Rebellius","_yoast_wpseo_opengraph-image":null,"_yoast_wpseo_opengraph-description":null,"_yoast_wpseo_opengraph-title":null,"enclosure":null,"_yoast_wpseo_twitter-title":null,"_yoast_wpseo_twitter-description":null,"_yoast_wpseo_twitter-image":null,"_wp_old_slug":null,"_yoast_wpseo_title":null,"_yoast_wpseo_canonical":null,"yoast_head":"<!-- This site is optimized with the Yoast SEO plugin v27.5 - https:\/\/yoast.com\/product\/yoast-seo-wordpress\/ -->\n<title>Matthias Rebellius wird neuer CEO von Siemens Schweiz - Save<\/title>\n<meta name=\"description\" content=\"Der Vorstand der Siemens AG hat Matthias Rebellius (54) zum neuen CEO der Siemens Schweiz ernannt. Er tritt die Nachfolge von Siegfried Gerlach an.\" \/>\n<meta name=\"robots\" content=\"index, follow, max-snippet:-1, max-image-preview:large, max-video-preview:-1\" \/>\n<link rel=\"canonical\" href=\"https:\/\/news.save.ch\/fr\/matthias-rebellius-wird-neuer-ceo-bei-siemens-schweiz\/\" \/>\n<meta property=\"og:locale\" content=\"fr_FR\" \/>\n<meta property=\"og:type\" content=\"article\" \/>\n<meta property=\"og:title\" content=\"Matthias Rebellius wird neuer CEO von Siemens Schweiz - Save\" \/>\n<meta property=\"og:description\" content=\"Der Vorstand der Siemens AG hat Matthias Rebellius (54) zum neuen CEO der Siemens Schweiz ernannt. Er tritt die Nachfolge von Siegfried Gerlach an.\" \/>\n<meta property=\"og:url\" content=\"https:\/\/news.save.ch\/fr\/matthias-rebellius-wird-neuer-ceo-bei-siemens-schweiz\/\" \/>\n<meta property=\"og:site_name\" content=\"Save\" \/>\n<meta property=\"article:published_time\" content=\"2019-02-18T12:05:19+00:00\" \/>\n<meta property=\"og:image\" content=\"https:\/\/news.save.ch\/wp-content\/uploads\/2019\/02\/1505-scaled.jpg\" \/>\n\t<meta property=\"og:image:width\" content=\"1148\" \/>\n\t<meta property=\"og:image:height\" content=\"1400\" \/>\n\t<meta property=\"og:image:type\" content=\"image\/jpeg\" \/>\n<meta name=\"author\" content=\"Roger Str\u00e4ssle\" \/>\n<meta name=\"twitter:card\" content=\"summary_large_image\" \/>\n<meta name=\"twitter:label1\" content=\"\u00c9crit par\" \/>\n\t<meta name=\"twitter:data1\" content=\"Roger Str\u00e4ssle\" \/>\n\t<meta name=\"twitter:label2\" content=\"Dur\u00e9e de lecture estim\u00e9e\" \/>\n\t<meta name=\"twitter:data2\" content=\"1 minute\" \/>\n<script type=\"application\/ld+json\" class=\"yoast-schema-graph\">{\"@context\":\"https:\\\/\\\/schema.org\",\"@graph\":[{\"@type\":\"Article\",\"@id\":\"https:\\\/\\\/news.save.ch\\\/matthias-rebellius-wird-neuer-ceo-bei-siemens-schweiz\\\/#article\",\"isPartOf\":{\"@id\":\"https:\\\/\\\/news.save.ch\\\/matthias-rebellius-wird-neuer-ceo-bei-siemens-schweiz\\\/\"},\"author\":{\"name\":\"Roger Str\u00e4ssle\",\"@id\":\"https:\\\/\\\/news.save.ch\\\/de\\\/#\\\/schema\\\/person\\\/d5022db048e0e2b9785c50e5b24da5aa\"},\"headline\":\"Matthias Rebellius wird neuer CEO von Siemens Schweiz\",\"datePublished\":\"2019-02-18T12:05:19+00:00\",\"mainEntityOfPage\":{\"@id\":\"https:\\\/\\\/news.save.ch\\\/matthias-rebellius-wird-neuer-ceo-bei-siemens-schweiz\\\/\"},\"wordCount\":210,\"commentCount\":0,\"publisher\":{\"@id\":\"https:\\\/\\\/news.save.ch\\\/de\\\/#organization\"},\"image\":{\"@id\":\"https:\\\/\\\/news.save.ch\\\/matthias-rebellius-wird-neuer-ceo-bei-siemens-schweiz\\\/#primaryimage\"},\"thumbnailUrl\":\"https:\\\/\\\/news.save.ch\\\/wp-content\\\/uploads\\\/2019\\\/02\\\/1505-scaled.jpg\",\"keywords\":[\"Unternehmen\"],\"articleSection\":[\"ALLGEMEIN\"],\"inLanguage\":\"fr-FR\"},{\"@type\":\"WebPage\",\"@id\":\"https:\\\/\\\/news.save.ch\\\/matthias-rebellius-wird-neuer-ceo-bei-siemens-schweiz\\\/\",\"url\":\"https:\\\/\\\/news.save.ch\\\/matthias-rebellius-wird-neuer-ceo-bei-siemens-schweiz\\\/\",\"name\":\"Matthias Rebellius wird neuer CEO von Siemens Schweiz - Save\",\"isPartOf\":{\"@id\":\"https:\\\/\\\/news.save.ch\\\/de\\\/#website\"},\"primaryImageOfPage\":{\"@id\":\"https:\\\/\\\/news.save.ch\\\/matthias-rebellius-wird-neuer-ceo-bei-siemens-schweiz\\\/#primaryimage\"},\"image\":{\"@id\":\"https:\\\/\\\/news.save.ch\\\/matthias-rebellius-wird-neuer-ceo-bei-siemens-schweiz\\\/#primaryimage\"},\"thumbnailUrl\":\"https:\\\/\\\/news.save.ch\\\/wp-content\\\/uploads\\\/2019\\\/02\\\/1505-scaled.jpg\",\"datePublished\":\"2019-02-18T12:05:19+00:00\",\"description\":\"Der Vorstand der Siemens AG hat Matthias Rebellius (54) zum neuen CEO der Siemens Schweiz ernannt. Er tritt die Nachfolge von Siegfried Gerlach an.\",\"breadcrumb\":{\"@id\":\"https:\\\/\\\/news.save.ch\\\/matthias-rebellius-wird-neuer-ceo-bei-siemens-schweiz\\\/#breadcrumb\"},\"inLanguage\":\"fr-FR\",\"potentialAction\":[{\"@type\":\"ReadAction\",\"target\":[\"https:\\\/\\\/news.save.ch\\\/matthias-rebellius-wird-neuer-ceo-bei-siemens-schweiz\\\/\"]}]},{\"@type\":\"ImageObject\",\"inLanguage\":\"fr-FR\",\"@id\":\"https:\\\/\\\/news.save.ch\\\/matthias-rebellius-wird-neuer-ceo-bei-siemens-schweiz\\\/#primaryimage\",\"url\":\"https:\\\/\\\/news.save.ch\\\/wp-content\\\/uploads\\\/2019\\\/02\\\/1505-scaled.jpg\",\"contentUrl\":\"https:\\\/\\\/news.save.ch\\\/wp-content\\\/uploads\\\/2019\\\/02\\\/1505-scaled.jpg\",\"width\":1148,\"height\":1400,\"caption\":\"\u00a9 Siemens\"},{\"@type\":\"BreadcrumbList\",\"@id\":\"https:\\\/\\\/news.save.ch\\\/matthias-rebellius-wird-neuer-ceo-bei-siemens-schweiz\\\/#breadcrumb\",\"itemListElement\":[{\"@type\":\"ListItem\",\"position\":1,\"name\":\"Home\",\"item\":\"https:\\\/\\\/news.save.ch\\\/de\\\/\"},{\"@type\":\"ListItem\",\"position\":2,\"name\":\"Matthias Rebellius wird neuer CEO von Siemens Schweiz\"}]},{\"@type\":\"WebSite\",\"@id\":\"https:\\\/\\\/news.save.ch\\\/de\\\/#website\",\"url\":\"https:\\\/\\\/news.save.ch\\\/de\\\/\",\"name\":\"Save\",\"description\":\"Schweizer Fachzeitschrift f\u00fcr Sicherheit\",\"publisher\":{\"@id\":\"https:\\\/\\\/news.save.ch\\\/de\\\/#organization\"},\"potentialAction\":[{\"@type\":\"SearchAction\",\"target\":{\"@type\":\"EntryPoint\",\"urlTemplate\":\"https:\\\/\\\/news.save.ch\\\/de\\\/?s={search_term_string}\"},\"query-input\":{\"@type\":\"PropertyValueSpecification\",\"valueRequired\":true,\"valueName\":\"search_term_string\"}}],\"inLanguage\":\"fr-FR\"},{\"@type\":\"Organization\",\"@id\":\"https:\\\/\\\/news.save.ch\\\/de\\\/#organization\",\"name\":\"Sicherheitsforum\",\"url\":\"https:\\\/\\\/news.save.ch\\\/de\\\/\",\"logo\":{\"@type\":\"ImageObject\",\"inLanguage\":\"fr-FR\",\"@id\":\"https:\\\/\\\/news.save.ch\\\/de\\\/#\\\/schema\\\/logo\\\/image\\\/\",\"url\":\"https:\\\/\\\/news.save.ch\\\/wp-content\\\/uploads\\\/2022\\\/06\\\/Logo_SF_2012.png\",\"contentUrl\":\"https:\\\/\\\/news.save.ch\\\/wp-content\\\/uploads\\\/2022\\\/06\\\/Logo_SF_2012.png\",\"width\":1100,\"height\":91,\"caption\":\"Sicherheitsforum\"},\"image\":{\"@id\":\"https:\\\/\\\/news.save.ch\\\/de\\\/#\\\/schema\\\/logo\\\/image\\\/\"}},{\"@type\":\"Person\",\"@id\":\"https:\\\/\\\/news.save.ch\\\/de\\\/#\\\/schema\\\/person\\\/d5022db048e0e2b9785c50e5b24da5aa\",\"name\":\"Roger Str\u00e4ssle\",\"image\":{\"@type\":\"ImageObject\",\"inLanguage\":\"fr-FR\",\"@id\":\"https:\\\/\\\/secure.gravatar.com\\\/avatar\\\/862a5569d087de48e5856e32f45d719a03804c891d6deb8d4f71a660e79e4a47?s=96&d=mm&r=g\",\"url\":\"https:\\\/\\\/secure.gravatar.com\\\/avatar\\\/862a5569d087de48e5856e32f45d719a03804c891d6deb8d4f71a660e79e4a47?s=96&d=mm&r=g\",\"contentUrl\":\"https:\\\/\\\/secure.gravatar.com\\\/avatar\\\/862a5569d087de48e5856e32f45d719a03804c891d6deb8d4f71a660e79e4a47?s=96&d=mm&r=g\",\"caption\":\"Roger Str\u00e4ssle\"},\"url\":\"https:\\\/\\\/news.save.ch\\\/fr\\\/author\\\/roger-straessle\\\/\"}]}<\/script>\n<!-- \/ Yoast SEO plugin. -->","yoast_head_json":{"title":"Matthias Rebellius devient le nouveau CEO de Siemens Suisse - Save","description":"Le conseil d'administration de Siemens AG a nomm\u00e9 Matthias Rebellius (54 ans) au poste de CEO de Siemens Suisse. Il succ\u00e8de \u00e0 Siegfried Gerlach.","robots":{"index":"index","follow":"follow","max-snippet":"max-snippet:-1","max-image-preview":"max-image-preview:large","max-video-preview":"max-video-preview:-1"},"canonical":"https:\/\/news.save.ch\/fr\/matthias-rebellius-wird-neuer-ceo-bei-siemens-schweiz\/","og_locale":"fr_FR","og_type":"article","og_title":"Matthias Rebellius wird neuer CEO von Siemens Schweiz - Save","og_description":"Der Vorstand der Siemens AG hat Matthias Rebellius (54) zum neuen CEO der Siemens Schweiz ernannt. Er tritt die Nachfolge von Siegfried Gerlach an.","og_url":"https:\/\/news.save.ch\/fr\/matthias-rebellius-wird-neuer-ceo-bei-siemens-schweiz\/","og_site_name":"Save","article_published_time":"2019-02-18T12:05:19+00:00","og_image":[{"width":1148,"height":1400,"url":"https:\/\/news.save.ch\/wp-content\/uploads\/2019\/02\/1505-scaled.jpg","type":"image\/jpeg"}],"author":"Roger Str\u00e4ssle","twitter_card":"summary_large_image","twitter_misc":{"\u00c9crit par":"Roger Str\u00e4ssle","Dur\u00e9e de lecture estim\u00e9e":"1 minute"},"schema":{"@context":"https:\/\/schema.org","@graph":[{"@type":"Article","@id":"https:\/\/news.save.ch\/matthias-rebellius-wird-neuer-ceo-bei-siemens-schweiz\/#article","isPartOf":{"@id":"https:\/\/news.save.ch\/matthias-rebellius-wird-neuer-ceo-bei-siemens-schweiz\/"},"author":{"name":"Roger Str\u00e4ssle","@id":"https:\/\/news.save.ch\/de\/#\/schema\/person\/d5022db048e0e2b9785c50e5b24da5aa"},"headline":"Matthias Rebellius wird neuer CEO von Siemens Schweiz","datePublished":"2019-02-18T12:05:19+00:00","mainEntityOfPage":{"@id":"https:\/\/news.save.ch\/matthias-rebellius-wird-neuer-ceo-bei-siemens-schweiz\/"},"wordCount":210,"commentCount":0,"publisher":{"@id":"https:\/\/news.save.ch\/de\/#organization"},"image":{"@id":"https:\/\/news.save.ch\/matthias-rebellius-wird-neuer-ceo-bei-siemens-schweiz\/#primaryimage"},"thumbnailUrl":"https:\/\/news.save.ch\/wp-content\/uploads\/2019\/02\/1505-scaled.jpg","keywords":["Unternehmen"],"articleSection":["ALLGEMEIN"],"inLanguage":"fr-FR"},{"@type":"WebPage","@id":"https:\/\/news.save.ch\/matthias-rebellius-wird-neuer-ceo-bei-siemens-schweiz\/","url":"https:\/\/news.save.ch\/matthias-rebellius-wird-neuer-ceo-bei-siemens-schweiz\/","name":"Matthias Rebellius devient le nouveau CEO de Siemens Suisse - Save","isPartOf":{"@id":"https:\/\/news.save.ch\/de\/#website"},"primaryImageOfPage":{"@id":"https:\/\/news.save.ch\/matthias-rebellius-wird-neuer-ceo-bei-siemens-schweiz\/#primaryimage"},"image":{"@id":"https:\/\/news.save.ch\/matthias-rebellius-wird-neuer-ceo-bei-siemens-schweiz\/#primaryimage"},"thumbnailUrl":"https:\/\/news.save.ch\/wp-content\/uploads\/2019\/02\/1505-scaled.jpg","datePublished":"2019-02-18T12:05:19+00:00","description":"Le conseil d'administration de Siemens AG a nomm\u00e9 Matthias Rebellius (54 ans) au poste de CEO de Siemens Suisse. Il succ\u00e8de \u00e0 Siegfried Gerlach.","breadcrumb":{"@id":"https:\/\/news.save.ch\/matthias-rebellius-wird-neuer-ceo-bei-siemens-schweiz\/#breadcrumb"},"inLanguage":"fr-FR","potentialAction":[{"@type":"ReadAction","target":["https:\/\/news.save.ch\/matthias-rebellius-wird-neuer-ceo-bei-siemens-schweiz\/"]}]},{"@type":"ImageObject","inLanguage":"fr-FR","@id":"https:\/\/news.save.ch\/matthias-rebellius-wird-neuer-ceo-bei-siemens-schweiz\/#primaryimage","url":"https:\/\/news.save.ch\/wp-content\/uploads\/2019\/02\/1505-scaled.jpg","contentUrl":"https:\/\/news.save.ch\/wp-content\/uploads\/2019\/02\/1505-scaled.jpg","width":1148,"height":1400,"caption":"\u00a9 Siemens"},{"@type":"BreadcrumbList","@id":"https:\/\/news.save.ch\/matthias-rebellius-wird-neuer-ceo-bei-siemens-schweiz\/#breadcrumb","itemListElement":[{"@type":"ListItem","position":1,"name":"Home","item":"https:\/\/news.save.ch\/de\/"},{"@type":"ListItem","position":2,"name":"Matthias Rebellius wird neuer CEO von Siemens Schweiz"}]},{"@type":"WebSite","@id":"https:\/\/news.save.ch\/de\/#website","url":"https:\/\/news.save.ch\/de\/","name":"Save","description":"Revue suisse sp\u00e9cialis\u00e9e dans la s\u00e9curit\u00e9","publisher":{"@id":"https:\/\/news.save.ch\/de\/#organization"},"potentialAction":[{"@type":"SearchAction","target":{"@type":"EntryPoint","urlTemplate":"https:\/\/news.save.ch\/de\/?s={search_term_string}"},"query-input":{"@type":"PropertyValueSpecification","valueRequired":true,"valueName":"search_term_string"}}],"inLanguage":"fr-FR"},{"@type":"Organization","@id":"https:\/\/news.save.ch\/de\/#organization","name":"Forum sur la s\u00e9curit\u00e9","url":"https:\/\/news.save.ch\/de\/","logo":{"@type":"ImageObject","inLanguage":"fr-FR","@id":"https:\/\/news.save.ch\/de\/#\/schema\/logo\/image\/","url":"https:\/\/news.save.ch\/wp-content\/uploads\/2022\/06\/Logo_SF_2012.png","contentUrl":"https:\/\/news.save.ch\/wp-content\/uploads\/2022\/06\/Logo_SF_2012.png","width":1100,"height":91,"caption":"Sicherheitsforum"},"image":{"@id":"https:\/\/news.save.ch\/de\/#\/schema\/logo\/image\/"}},{"@type":"Person","@id":"https:\/\/news.save.ch\/de\/#\/schema\/person\/d5022db048e0e2b9785c50e5b24da5aa","name":"Roger Str\u00e4ssle","image":{"@type":"ImageObject","inLanguage":"fr-FR","@id":"https:\/\/secure.gravatar.com\/avatar\/862a5569d087de48e5856e32f45d719a03804c891d6deb8d4f71a660e79e4a47?s=96&d=mm&r=g","url":"https:\/\/secure.gravatar.com\/avatar\/862a5569d087de48e5856e32f45d719a03804c891d6deb8d4f71a660e79e4a47?s=96&d=mm&r=g","contentUrl":"https:\/\/secure.gravatar.com\/avatar\/862a5569d087de48e5856e32f45d719a03804c891d6deb8d4f71a660e79e4a47?s=96&d=mm&r=g","caption":"Roger Str\u00e4ssle"},"url":"https:\/\/news.save.ch\/fr\/author\/roger-straessle\/"}]}},"_links":{"self":[{"href":"https:\/\/news.save.ch\/fr\/wp-json\/wp\/v2\/posts\/7633","targetHints":{"allow":["GET"]}}],"collection":[{"href":"https:\/\/news.save.ch\/fr\/wp-json\/wp\/v2\/posts"}],"about":[{"href":"https:\/\/news.save.ch\/fr\/wp-json\/wp\/v2\/types\/post"}],"author":[{"embeddable":true,"href":"https:\/\/news.save.ch\/fr\/wp-json\/wp\/v2\/users\/8"}],"replies":[{"embeddable":true,"href":"https:\/\/news.save.ch\/fr\/wp-json\/wp\/v2\/comments?post=7633"}],"version-history":[{"count":0,"href":"https:\/\/news.save.ch\/fr\/wp-json\/wp\/v2\/posts\/7633\/revisions"}],"wp:featuredmedia":[{"embeddable":true,"href":"https:\/\/news.save.ch\/fr\/wp-json\/wp\/v2\/media\/7634"}],"wp:attachment":[{"href":"https:\/\/news.save.ch\/fr\/wp-json\/wp\/v2\/media?parent=7633"}],"wp:term":[{"taxonomy":"category","embeddable":true,"href":"https:\/\/news.save.ch\/fr\/wp-json\/wp\/v2\/categories?post=7633"},{"taxonomy":"post_tag","embeddable":true,"href":"https:\/\/news.save.ch\/fr\/wp-json\/wp\/v2\/tags?post=7633"}],"curies":[{"name":"wp","href":"https:\/\/api.w.org\/{rel}","templated":true}]}}