{"id":7641,"date":"2019-02-18T16:54:55","date_gmt":"2019-02-18T15:54:55","guid":{"rendered":"https:\/\/news.save.ch\/?p=7641"},"modified":"2019-02-18T16:54:55","modified_gmt":"2019-02-18T15:54:55","slug":"chlortransporte-mehr-sicherheit","status":null,"type":"post","link":"https:\/\/news.save.ch\/fr\/chlortransporte-mehr-sicherheit\/","title":{"rendered":"Transport de chlore : plus de s\u00e9curit\u00e9"},"content":{"rendered":"<figure id=\"attachment_7642\" aria-describedby=\"caption-attachment-7642\" style=\"width: 680px\" class=\"wp-caption aligncenter\"><img loading=\"lazy\" decoding=\"async\" class=\"wp-image-7642 size-medium\" src=\"https:\/\/news.save.ch\/wp-content\/uploads\/2019\/02\/Depositphotos_23707537_m-2015.jpg\" alt=\"Transport de chlore\" width=\"680\" height=\"454\" srcset=\"https:\/\/news.save.ch\/wp-content\/uploads\/2019\/02\/Depositphotos_23707537_m-2015.jpg 1000w, https:\/\/news.save.ch\/wp-content\/uploads\/2019\/02\/Depositphotos_23707537_m-2015-375x250.jpg 375w\" sizes=\"auto, (max-width: 680px) 100vw, 680px\" \/><figcaption id=\"caption-attachment-7642\" class=\"wp-caption-text\">\u00a9 depositphotos, snvv<\/figcaption><\/figure>\n<p>La nouvelle mesure la plus importante est l'introduction d'un train sp\u00e9cial \u00e0 partir du changement d'horaire 2017\/2018. Il s'agit d'un train hebdomadaire qui am\u00e8ne des wagons-citernes de chlore de France en Valais et qui circule \u00e0 une vitesse r\u00e9duite (max. 40 km\/h) par rapport aux trains de marchandises normaux. Le risque d'un rejet de chlore en cas d'accident est ainsi consid\u00e9rablement r\u00e9duit. Une deuxi\u00e8me mesure consiste \u00e0 acheter du chlore en Italie. Ainsi, moins de chlore est transport\u00e9 sur l'arc l\u00e9manique \u00e0 forte densit\u00e9 de population. Par ailleurs, les protections de la voie (rails de mesure b\u00e9tonn\u00e9s verticalement) qui auraient pu endommager les wagons-citernes en cas d'accident ont \u00e9t\u00e9 retir\u00e9es sur le trajet du train sp\u00e9cial.<\/p>\n<p>En outre, une autre mesure de r\u00e9duction des risques est en cours de mise en \u0153uvre, qui va bien au-del\u00e0 des exigences internationales en mati\u00e8re de technique des wagons : les wagons-citernes les plus s\u00fbrs disponibles doivent \u00eatre utilis\u00e9s pour le transport du chlore. Pour que la r\u00e9duction des risques soit \u00e9galement respect\u00e9e \u00e0 long terme, l'Office f\u00e9d\u00e9ral de l'environnement (OFEV) a \u00e9dict\u00e9 en juin 2018 des crit\u00e8res d'\u00e9valuation plus stricts (probabilit\u00e9s et ampleur des \u00e9v\u00e9nements possibles) pour le risque.<\/p>\n<p><strong>Risque 10 fois moins \u00e9lev\u00e9<\/strong><\/p>\n<p>Le rapport r\u00e9cemment publi\u00e9 sur la premi\u00e8re phase de mise en \u0153uvre de la d\u00e9claration commune II sur le transport de chlore <a href=\"https:\/\/www.newsd.admin.ch\/newsd\/message\/attachments\/55684.pdf\">(GE II)<\/a> \u00e0 la fin 2018 montre que les objectifs convenus ont \u00e9t\u00e9 atteints : Le risque pour les transports de chlore par rail a \u00e9t\u00e9 r\u00e9duit d'un facteur 10 aux endroits critiques et se situe donc, comme exig\u00e9, en dessous des crit\u00e8res d'\u00e9valuation plus stricts. Cela signifie un net gain de s\u00e9curit\u00e9 pour ces transports de marchandises dangereuses.<\/p>\n<p><strong>Feuille de route commune pour de nouvelles am\u00e9liorations<\/strong><\/p>\n<p>Les partenaires (scienceindustries, CFF, VAP Association des chargeurs, l'Office f\u00e9d\u00e9ral des transports et l'Ofev) poursuivent leurs efforts pour am\u00e9liorer la s\u00e9curit\u00e9 dans les ann\u00e9es \u00e0 venir, avec pour objectif d'augmenter encore la s\u00e9curit\u00e9. Dans une feuille de route, ils ont d\u00e9fini de nouvelles mesures pour la p\u00e9riode de 2019 \u00e0 2025. Il s'agit notamment de poursuivre le d\u00e9veloppement de la s\u00e9curit\u00e9 des wagons-citernes ferroviaires. La possibilit\u00e9 d'utiliser des conteneurs-citernes et d'acheter davantage de chlore en Italie sera prise en compte.<\/p>\n<p><em>Source : Bafu<\/em><\/p>\n<p>&nbsp;<\/p>","protected":false},"excerpt":{"rendered":"<p>Die wichtigste neue Massnahme ist die Einf\u00fchrung eines Sonderzuges mit dem Fahrplanwechsel 2017\/2018. Es handelt sich um einen w\u00f6chentlichen Zug, der Chlorkesselwagen von Frankreich ins Wallis bringt und, im Vergleich zu normalen G\u00fcterz\u00fcgen, mit reduzierter Geschwindigkeit verkehrt (max. 40 km\/h). Damit sinkt das Risiko markant, dass es bei einem Unfall zu einer Freisetzung von Chlor [&hellip;]<\/p>\n","protected":false},"author":8,"featured_media":7642,"comment_status":"open","ping_status":"open","sticky":false,"template":"","format":"standard","meta":{"_acf_changed":false,"pgc_sgb_lightbox_settings":"","footnotes":""},"categories":[1],"tags":[458,188],"class_list":["post-7641","post","type-post","status-publish","format-standard","has-post-thumbnail","hentry","category-allgemein","tag-chlor","tag-gefahrguttransport"],"acf":[],"hkrextid":null,"publication":null,"issue":null,"workflow":null,"startPage":null,"spitzmarke":null,"_posts_by_tag_page_fields":{"widget_title":"","widget_tags":""},"_at_widget":"1","_yoast_wpseo_primary_category":"","_yoast_wpseo_focuskw_text_input":"Chlortransporte","_yoast_wpseo_opengraph-image":null,"_yoast_wpseo_opengraph-description":null,"_yoast_wpseo_opengraph-title":null,"enclosure":null,"_yoast_wpseo_twitter-title":null,"_yoast_wpseo_twitter-description":null,"_yoast_wpseo_twitter-image":null,"_wp_old_slug":null,"_yoast_wpseo_title":null,"_yoast_wpseo_canonical":null,"yoast_head":"<!-- This site is optimized with the Yoast SEO plugin v27.5 - https:\/\/yoast.com\/product\/yoast-seo-wordpress\/ -->\n<title>Chlortransporte: mehr Sicherheit - Save<\/title>\n<meta name=\"description\" content=\"Chlortransporte in der Schweiz sind dank zwei Massnahmen sicherer geworden. F\u00fcr den Zeitraum 2019-2025 wurden weitere Massnahmen festgelegt.\" \/>\n<meta name=\"robots\" content=\"index, follow, max-snippet:-1, max-image-preview:large, max-video-preview:-1\" \/>\n<link rel=\"canonical\" href=\"https:\/\/news.save.ch\/fr\/chlortransporte-mehr-sicherheit\/\" \/>\n<meta property=\"og:locale\" content=\"fr_FR\" \/>\n<meta property=\"og:type\" content=\"article\" \/>\n<meta property=\"og:title\" content=\"Chlortransporte: mehr Sicherheit - Save\" \/>\n<meta property=\"og:description\" content=\"Chlortransporte in der Schweiz sind dank zwei Massnahmen sicherer geworden. F\u00fcr den Zeitraum 2019-2025 wurden weitere Massnahmen festgelegt.\" \/>\n<meta property=\"og:url\" content=\"https:\/\/news.save.ch\/fr\/chlortransporte-mehr-sicherheit\/\" \/>\n<meta property=\"og:site_name\" content=\"Save\" \/>\n<meta property=\"article:published_time\" content=\"2019-02-18T15:54:55+00:00\" \/>\n<meta property=\"og:image\" content=\"https:\/\/news.save.ch\/wp-content\/uploads\/2019\/02\/Depositphotos_23707537_m-2015.jpg\" \/>\n\t<meta property=\"og:image:width\" content=\"1000\" \/>\n\t<meta property=\"og:image:height\" content=\"667\" \/>\n\t<meta property=\"og:image:type\" content=\"image\/jpeg\" \/>\n<meta name=\"author\" content=\"Roger Str\u00e4ssle\" \/>\n<meta name=\"twitter:card\" content=\"summary_large_image\" \/>\n<meta name=\"twitter:label1\" content=\"\u00c9crit par\" \/>\n\t<meta name=\"twitter:data1\" content=\"Roger Str\u00e4ssle\" \/>\n\t<meta name=\"twitter:label2\" content=\"Dur\u00e9e de lecture estim\u00e9e\" \/>\n\t<meta name=\"twitter:data2\" content=\"2 minutes\" \/>\n<script type=\"application\/ld+json\" class=\"yoast-schema-graph\">{\"@context\":\"https:\\\/\\\/schema.org\",\"@graph\":[{\"@type\":\"Article\",\"@id\":\"https:\\\/\\\/news.save.ch\\\/chlortransporte-mehr-sicherheit\\\/#article\",\"isPartOf\":{\"@id\":\"https:\\\/\\\/news.save.ch\\\/chlortransporte-mehr-sicherheit\\\/\"},\"author\":{\"name\":\"Roger Str\u00e4ssle\",\"@id\":\"https:\\\/\\\/news.save.ch\\\/de\\\/#\\\/schema\\\/person\\\/d5022db048e0e2b9785c50e5b24da5aa\"},\"headline\":\"Chlortransporte: mehr Sicherheit\",\"datePublished\":\"2019-02-18T15:54:55+00:00\",\"mainEntityOfPage\":{\"@id\":\"https:\\\/\\\/news.save.ch\\\/chlortransporte-mehr-sicherheit\\\/\"},\"wordCount\":339,\"commentCount\":0,\"publisher\":{\"@id\":\"https:\\\/\\\/news.save.ch\\\/de\\\/#organization\"},\"image\":{\"@id\":\"https:\\\/\\\/news.save.ch\\\/chlortransporte-mehr-sicherheit\\\/#primaryimage\"},\"thumbnailUrl\":\"https:\\\/\\\/news.save.ch\\\/wp-content\\\/uploads\\\/2019\\\/02\\\/Depositphotos_23707537_m-2015.jpg\",\"keywords\":[\"Chlor\",\"Gefahrguttransport\"],\"articleSection\":[\"ALLGEMEIN\"],\"inLanguage\":\"fr-FR\"},{\"@type\":\"WebPage\",\"@id\":\"https:\\\/\\\/news.save.ch\\\/chlortransporte-mehr-sicherheit\\\/\",\"url\":\"https:\\\/\\\/news.save.ch\\\/chlortransporte-mehr-sicherheit\\\/\",\"name\":\"Chlortransporte: mehr Sicherheit - Save\",\"isPartOf\":{\"@id\":\"https:\\\/\\\/news.save.ch\\\/de\\\/#website\"},\"primaryImageOfPage\":{\"@id\":\"https:\\\/\\\/news.save.ch\\\/chlortransporte-mehr-sicherheit\\\/#primaryimage\"},\"image\":{\"@id\":\"https:\\\/\\\/news.save.ch\\\/chlortransporte-mehr-sicherheit\\\/#primaryimage\"},\"thumbnailUrl\":\"https:\\\/\\\/news.save.ch\\\/wp-content\\\/uploads\\\/2019\\\/02\\\/Depositphotos_23707537_m-2015.jpg\",\"datePublished\":\"2019-02-18T15:54:55+00:00\",\"description\":\"Chlortransporte in der Schweiz sind dank zwei Massnahmen sicherer geworden. F\u00fcr den Zeitraum 2019-2025 wurden weitere Massnahmen festgelegt.\",\"breadcrumb\":{\"@id\":\"https:\\\/\\\/news.save.ch\\\/chlortransporte-mehr-sicherheit\\\/#breadcrumb\"},\"inLanguage\":\"fr-FR\",\"potentialAction\":[{\"@type\":\"ReadAction\",\"target\":[\"https:\\\/\\\/news.save.ch\\\/chlortransporte-mehr-sicherheit\\\/\"]}]},{\"@type\":\"ImageObject\",\"inLanguage\":\"fr-FR\",\"@id\":\"https:\\\/\\\/news.save.ch\\\/chlortransporte-mehr-sicherheit\\\/#primaryimage\",\"url\":\"https:\\\/\\\/news.save.ch\\\/wp-content\\\/uploads\\\/2019\\\/02\\\/Depositphotos_23707537_m-2015.jpg\",\"contentUrl\":\"https:\\\/\\\/news.save.ch\\\/wp-content\\\/uploads\\\/2019\\\/02\\\/Depositphotos_23707537_m-2015.jpg\",\"width\":1000,\"height\":667,\"caption\":\"\u00a9 depositphotos, snvv\"},{\"@type\":\"BreadcrumbList\",\"@id\":\"https:\\\/\\\/news.save.ch\\\/chlortransporte-mehr-sicherheit\\\/#breadcrumb\",\"itemListElement\":[{\"@type\":\"ListItem\",\"position\":1,\"name\":\"Home\",\"item\":\"https:\\\/\\\/news.save.ch\\\/de\\\/\"},{\"@type\":\"ListItem\",\"position\":2,\"name\":\"Chlortransporte: mehr Sicherheit\"}]},{\"@type\":\"WebSite\",\"@id\":\"https:\\\/\\\/news.save.ch\\\/de\\\/#website\",\"url\":\"https:\\\/\\\/news.save.ch\\\/de\\\/\",\"name\":\"Save\",\"description\":\"Schweizer Fachzeitschrift f\u00fcr Sicherheit\",\"publisher\":{\"@id\":\"https:\\\/\\\/news.save.ch\\\/de\\\/#organization\"},\"potentialAction\":[{\"@type\":\"SearchAction\",\"target\":{\"@type\":\"EntryPoint\",\"urlTemplate\":\"https:\\\/\\\/news.save.ch\\\/de\\\/?s={search_term_string}\"},\"query-input\":{\"@type\":\"PropertyValueSpecification\",\"valueRequired\":true,\"valueName\":\"search_term_string\"}}],\"inLanguage\":\"fr-FR\"},{\"@type\":\"Organization\",\"@id\":\"https:\\\/\\\/news.save.ch\\\/de\\\/#organization\",\"name\":\"Sicherheitsforum\",\"url\":\"https:\\\/\\\/news.save.ch\\\/de\\\/\",\"logo\":{\"@type\":\"ImageObject\",\"inLanguage\":\"fr-FR\",\"@id\":\"https:\\\/\\\/news.save.ch\\\/de\\\/#\\\/schema\\\/logo\\\/image\\\/\",\"url\":\"https:\\\/\\\/news.save.ch\\\/wp-content\\\/uploads\\\/2022\\\/06\\\/Logo_SF_2012.png\",\"contentUrl\":\"https:\\\/\\\/news.save.ch\\\/wp-content\\\/uploads\\\/2022\\\/06\\\/Logo_SF_2012.png\",\"width\":1100,\"height\":91,\"caption\":\"Sicherheitsforum\"},\"image\":{\"@id\":\"https:\\\/\\\/news.save.ch\\\/de\\\/#\\\/schema\\\/logo\\\/image\\\/\"}},{\"@type\":\"Person\",\"@id\":\"https:\\\/\\\/news.save.ch\\\/de\\\/#\\\/schema\\\/person\\\/d5022db048e0e2b9785c50e5b24da5aa\",\"name\":\"Roger Str\u00e4ssle\",\"image\":{\"@type\":\"ImageObject\",\"inLanguage\":\"fr-FR\",\"@id\":\"https:\\\/\\\/secure.gravatar.com\\\/avatar\\\/862a5569d087de48e5856e32f45d719a03804c891d6deb8d4f71a660e79e4a47?s=96&d=mm&r=g\",\"url\":\"https:\\\/\\\/secure.gravatar.com\\\/avatar\\\/862a5569d087de48e5856e32f45d719a03804c891d6deb8d4f71a660e79e4a47?s=96&d=mm&r=g\",\"contentUrl\":\"https:\\\/\\\/secure.gravatar.com\\\/avatar\\\/862a5569d087de48e5856e32f45d719a03804c891d6deb8d4f71a660e79e4a47?s=96&d=mm&r=g\",\"caption\":\"Roger Str\u00e4ssle\"},\"url\":\"https:\\\/\\\/news.save.ch\\\/fr\\\/author\\\/roger-straessle\\\/\"}]}<\/script>\n<!-- \/ Yoast SEO plugin. -->","yoast_head_json":{"title":"Transport de chlore : plus de s\u00e9curit\u00e9 - Save","description":"Les transports de chlore en Suisse sont devenus plus s\u00fbrs gr\u00e2ce \u00e0 deux mesures. D'autres mesures ont \u00e9t\u00e9 d\u00e9finies pour la p\u00e9riode 2019-2025.","robots":{"index":"index","follow":"follow","max-snippet":"max-snippet:-1","max-image-preview":"max-image-preview:large","max-video-preview":"max-video-preview:-1"},"canonical":"https:\/\/news.save.ch\/fr\/chlortransporte-mehr-sicherheit\/","og_locale":"fr_FR","og_type":"article","og_title":"Chlortransporte: mehr Sicherheit - Save","og_description":"Chlortransporte in der Schweiz sind dank zwei Massnahmen sicherer geworden. F\u00fcr den Zeitraum 2019-2025 wurden weitere Massnahmen festgelegt.","og_url":"https:\/\/news.save.ch\/fr\/chlortransporte-mehr-sicherheit\/","og_site_name":"Save","article_published_time":"2019-02-18T15:54:55+00:00","og_image":[{"width":1000,"height":667,"url":"https:\/\/news.save.ch\/wp-content\/uploads\/2019\/02\/Depositphotos_23707537_m-2015.jpg","type":"image\/jpeg"}],"author":"Roger Str\u00e4ssle","twitter_card":"summary_large_image","twitter_misc":{"\u00c9crit par":"Roger Str\u00e4ssle","Dur\u00e9e de lecture estim\u00e9e":"2 minutes"},"schema":{"@context":"https:\/\/schema.org","@graph":[{"@type":"Article","@id":"https:\/\/news.save.ch\/chlortransporte-mehr-sicherheit\/#article","isPartOf":{"@id":"https:\/\/news.save.ch\/chlortransporte-mehr-sicherheit\/"},"author":{"name":"Roger Str\u00e4ssle","@id":"https:\/\/news.save.ch\/de\/#\/schema\/person\/d5022db048e0e2b9785c50e5b24da5aa"},"headline":"Chlortransporte: mehr Sicherheit","datePublished":"2019-02-18T15:54:55+00:00","mainEntityOfPage":{"@id":"https:\/\/news.save.ch\/chlortransporte-mehr-sicherheit\/"},"wordCount":339,"commentCount":0,"publisher":{"@id":"https:\/\/news.save.ch\/de\/#organization"},"image":{"@id":"https:\/\/news.save.ch\/chlortransporte-mehr-sicherheit\/#primaryimage"},"thumbnailUrl":"https:\/\/news.save.ch\/wp-content\/uploads\/2019\/02\/Depositphotos_23707537_m-2015.jpg","keywords":["Chlor","Gefahrguttransport"],"articleSection":["ALLGEMEIN"],"inLanguage":"fr-FR"},{"@type":"WebPage","@id":"https:\/\/news.save.ch\/chlortransporte-mehr-sicherheit\/","url":"https:\/\/news.save.ch\/chlortransporte-mehr-sicherheit\/","name":"Transport de chlore : plus de s\u00e9curit\u00e9 - Save","isPartOf":{"@id":"https:\/\/news.save.ch\/de\/#website"},"primaryImageOfPage":{"@id":"https:\/\/news.save.ch\/chlortransporte-mehr-sicherheit\/#primaryimage"},"image":{"@id":"https:\/\/news.save.ch\/chlortransporte-mehr-sicherheit\/#primaryimage"},"thumbnailUrl":"https:\/\/news.save.ch\/wp-content\/uploads\/2019\/02\/Depositphotos_23707537_m-2015.jpg","datePublished":"2019-02-18T15:54:55+00:00","description":"Les transports de chlore en Suisse sont devenus plus s\u00fbrs gr\u00e2ce \u00e0 deux mesures. D'autres mesures ont \u00e9t\u00e9 d\u00e9finies pour la p\u00e9riode 2019-2025.","breadcrumb":{"@id":"https:\/\/news.save.ch\/chlortransporte-mehr-sicherheit\/#breadcrumb"},"inLanguage":"fr-FR","potentialAction":[{"@type":"ReadAction","target":["https:\/\/news.save.ch\/chlortransporte-mehr-sicherheit\/"]}]},{"@type":"ImageObject","inLanguage":"fr-FR","@id":"https:\/\/news.save.ch\/chlortransporte-mehr-sicherheit\/#primaryimage","url":"https:\/\/news.save.ch\/wp-content\/uploads\/2019\/02\/Depositphotos_23707537_m-2015.jpg","contentUrl":"https:\/\/news.save.ch\/wp-content\/uploads\/2019\/02\/Depositphotos_23707537_m-2015.jpg","width":1000,"height":667,"caption":"\u00a9 depositphotos, snvv"},{"@type":"BreadcrumbList","@id":"https:\/\/news.save.ch\/chlortransporte-mehr-sicherheit\/#breadcrumb","itemListElement":[{"@type":"ListItem","position":1,"name":"Home","item":"https:\/\/news.save.ch\/de\/"},{"@type":"ListItem","position":2,"name":"Chlortransporte: mehr Sicherheit"}]},{"@type":"WebSite","@id":"https:\/\/news.save.ch\/de\/#website","url":"https:\/\/news.save.ch\/de\/","name":"Save","description":"Revue suisse sp\u00e9cialis\u00e9e dans la s\u00e9curit\u00e9","publisher":{"@id":"https:\/\/news.save.ch\/de\/#organization"},"potentialAction":[{"@type":"SearchAction","target":{"@type":"EntryPoint","urlTemplate":"https:\/\/news.save.ch\/de\/?s={search_term_string}"},"query-input":{"@type":"PropertyValueSpecification","valueRequired":true,"valueName":"search_term_string"}}],"inLanguage":"fr-FR"},{"@type":"Organization","@id":"https:\/\/news.save.ch\/de\/#organization","name":"Forum sur la s\u00e9curit\u00e9","url":"https:\/\/news.save.ch\/de\/","logo":{"@type":"ImageObject","inLanguage":"fr-FR","@id":"https:\/\/news.save.ch\/de\/#\/schema\/logo\/image\/","url":"https:\/\/news.save.ch\/wp-content\/uploads\/2022\/06\/Logo_SF_2012.png","contentUrl":"https:\/\/news.save.ch\/wp-content\/uploads\/2022\/06\/Logo_SF_2012.png","width":1100,"height":91,"caption":"Sicherheitsforum"},"image":{"@id":"https:\/\/news.save.ch\/de\/#\/schema\/logo\/image\/"}},{"@type":"Person","@id":"https:\/\/news.save.ch\/de\/#\/schema\/person\/d5022db048e0e2b9785c50e5b24da5aa","name":"Roger Str\u00e4ssle","image":{"@type":"ImageObject","inLanguage":"fr-FR","@id":"https:\/\/secure.gravatar.com\/avatar\/862a5569d087de48e5856e32f45d719a03804c891d6deb8d4f71a660e79e4a47?s=96&d=mm&r=g","url":"https:\/\/secure.gravatar.com\/avatar\/862a5569d087de48e5856e32f45d719a03804c891d6deb8d4f71a660e79e4a47?s=96&d=mm&r=g","contentUrl":"https:\/\/secure.gravatar.com\/avatar\/862a5569d087de48e5856e32f45d719a03804c891d6deb8d4f71a660e79e4a47?s=96&d=mm&r=g","caption":"Roger Str\u00e4ssle"},"url":"https:\/\/news.save.ch\/fr\/author\/roger-straessle\/"}]}},"_links":{"self":[{"href":"https:\/\/news.save.ch\/fr\/wp-json\/wp\/v2\/posts\/7641","targetHints":{"allow":["GET"]}}],"collection":[{"href":"https:\/\/news.save.ch\/fr\/wp-json\/wp\/v2\/posts"}],"about":[{"href":"https:\/\/news.save.ch\/fr\/wp-json\/wp\/v2\/types\/post"}],"author":[{"embeddable":true,"href":"https:\/\/news.save.ch\/fr\/wp-json\/wp\/v2\/users\/8"}],"replies":[{"embeddable":true,"href":"https:\/\/news.save.ch\/fr\/wp-json\/wp\/v2\/comments?post=7641"}],"version-history":[{"count":0,"href":"https:\/\/news.save.ch\/fr\/wp-json\/wp\/v2\/posts\/7641\/revisions"}],"wp:featuredmedia":[{"embeddable":true,"href":"https:\/\/news.save.ch\/fr\/wp-json\/wp\/v2\/media\/7642"}],"wp:attachment":[{"href":"https:\/\/news.save.ch\/fr\/wp-json\/wp\/v2\/media?parent=7641"}],"wp:term":[{"taxonomy":"category","embeddable":true,"href":"https:\/\/news.save.ch\/fr\/wp-json\/wp\/v2\/categories?post=7641"},{"taxonomy":"post_tag","embeddable":true,"href":"https:\/\/news.save.ch\/fr\/wp-json\/wp\/v2\/tags?post=7641"}],"curies":[{"name":"wp","href":"https:\/\/api.w.org\/{rel}","templated":true}]}}