{"id":7644,"date":"2021-09-07T13:46:31","date_gmt":"2021-09-07T11:46:31","guid":{"rendered":"https:\/\/news.save.ch\/?p=7644"},"modified":"2023-07-14T22:14:01","modified_gmt":"2023-07-14T20:14:01","slug":"teilnahme-kostenlos-marktuebersicht-zu-atem-gesichts-hoer-und-kopfschutz","status":null,"type":"post","link":"https:\/\/news.save.ch\/fr\/teilnahme-kostenlos-marktuebersicht-zu-atem-gesichts-hoer-und-kopfschutz\/","title":{"rendered":"Participation gratuite : aper\u00e7u du march\u00e9 des protections respiratoires, faciales, auditives et cr\u00e2niennes"},"content":{"rendered":"<figure id=\"attachment_7648\" aria-describedby=\"caption-attachment-7648\" style=\"width: 680px\" class=\"wp-caption alignnone\"><img loading=\"lazy\" decoding=\"async\" class=\"wp-image-7648 size-medium\" src=\"http:\/\/develop.safety-plus.ch\/wp-content\/uploads\/2021\/09\/Marktuebersicht_PSA.jpg\" alt=\"\" width=\"680\" height=\"386\" srcset=\"https:\/\/news.save.ch\/wp-content\/uploads\/2021\/09\/Marktuebersicht_PSA.jpg 887w, https:\/\/news.save.ch\/wp-content\/uploads\/2021\/09\/Marktuebersicht_PSA-680x386.jpg 680w, https:\/\/news.save.ch\/wp-content\/uploads\/2021\/09\/Marktuebersicht_PSA-768x436.jpg 768w, https:\/\/news.save.ch\/wp-content\/uploads\/2021\/09\/Marktuebersicht_PSA-18x10.jpg 18w, https:\/\/news.save.ch\/wp-content\/uploads\/2021\/09\/Marktuebersicht_PSA-375x213.jpg 375w, https:\/\/news.save.ch\/wp-content\/uploads\/2021\/09\/Marktuebersicht_PSA-616x350.jpg 616w\" sizes=\"auto, (max-width: 680px) 100vw, 680px\" \/><figcaption id=\"caption-attachment-7648\" class=\"wp-caption-text\">L'aper\u00e7u du march\u00e9 donne aux responsables de la s\u00e9curit\u00e9, aux acheteurs et aux d\u00e9cideurs des informations pratiques et rapides sur le th\u00e8me de la protection respiratoire, faciale, auditive et de la t\u00eate. \u00a9depositphotos<\/figcaption><\/figure>\n<p>Avec une vue d'ensemble compl\u00e8te du march\u00e9, le\u00a0<a href=\"https:\/\/news.save.ch\/fr\/mediadaten\/\" target=\"_blank\" rel=\"noopener\"><strong>SAFETY<\/strong>-<strong>PLUS<\/strong><\/a>\u00a0fournir aux responsables de la s\u00e9curit\u00e9, aux acheteurs et aux d\u00e9cideurs des informations pratiques et rapides sur les EPI pour la t\u00eate, le visage, les yeux et les oreilles. L'aper\u00e7u du march\u00e9 est compl\u00e9t\u00e9 par de nombreux conseils r\u00e9dactionnels. Nous pr\u00e9sentons de mani\u00e8re informative, claire et pro\u00e9minente les principales prestations fonctionnelles et de s\u00e9curit\u00e9 ainsi que les possibilit\u00e9s d'utilisation autour de la protection de la t\u00eate, de la respiration, des yeux et de l'ou\u00efe.<\/p>\n<p>Nous invitons volontiers les principaux acteurs du march\u00e9 \u00e0 pr\u00e9senter les solutions de s\u00e9curit\u00e9 au travail que vous fabriquez ou distribuez \u00e0 un public cible int\u00e9ress\u00e9. La pr\u00e9sentation de vos produits dans notre <strong>L'aper\u00e7u du march\u00e9 est gratuit pour vous.\u00a0<\/strong><\/p>\n<p>Pour valoriser votre inscription et les informations sur les produits et les pr\u00e9senter de mani\u00e8re optimale, nous vous offrons cette possibilit\u00e9 suppl\u00e9mentaire,\u00a0<strong>Le logo de votre entreprise<\/strong>\u00a0dans une <a href=\"https:\/\/news.save.ch\/wp-content\/uploads\/2021\/08\/sp_Markt%C3%BCbersicht_Eintrag_mit_Logo.pdf\" target=\"_blank\" rel=\"noopener\">aper\u00e7u s\u00e9par\u00e9<\/a> pour\u00a0<strong>350 CHF \u00e0 placer<\/strong>.<\/p>\n<p><strong>Comment \u00e7a marche ?<\/strong><\/p>\n<p>Vous pouvez pr\u00e9senter au maximum deux produits de votre gamme par cat\u00e9gorie d'EPI. Si vous disposez de produits dans tous les domaines (protection de la t\u00eate, de la respiration, du visage ou des yeux et de l'ou\u00efe), vous pouvez volontiers inscrire au maximum deux produits par domaine dans le formulaire correspondant. Veuillez \u00e9galement nous envoyer deux photos en haute r\u00e9solution (env. 1-3 Mo chacune, qualit\u00e9 d'impression 300 dpi).<\/p>\n<p><strong>T\u00e9l\u00e9charger les formulaires :<\/strong><\/p>\n<p>T\u00e9l\u00e9charger :\u00a0<a href=\"http:\/\/develop.safety-plus.ch\/wp-content\/uploads\/2021\/08\/Marktuebersicht_Kopfschutz.xlsx\" target=\"_blank\" rel=\"noopener\">Aper\u00e7u du march\u00e9 de la protection de la t\u00eate<\/a><br \/>\nT\u00e9l\u00e9charger :\u00a0<a href=\"http:\/\/develop.safety-plus.ch\/wp-content\/uploads\/2021\/08\/Marktuebersicht_Gehoerschutz.xlsx\" target=\"_blank\" rel=\"noopener\">Aper\u00e7u du march\u00e9 des protections auditives<\/a><br \/>\nT\u00e9l\u00e9charger :\u00a0<a href=\"http:\/\/develop.safety-plus.ch\/wp-content\/uploads\/2021\/08\/Marktuebersicht_Atemschutz.xlsx\" target=\"_blank\" rel=\"noopener\">Aper\u00e7u du march\u00e9 de la protection respiratoire<\/a><br \/>\nT\u00e9l\u00e9charger :\u00a0<a href=\"http:\/\/develop.safety-plus.ch\/wp-content\/uploads\/2021\/08\/Marktuebersicht_Gesichts_Augenschutz.xlsx\" target=\"_blank\" rel=\"noopener\">Aper\u00e7u du march\u00e9 de la protection du visage et des yeux<\/a><\/p>\n<p>Inscrivez deux produits de votre choix.<\/p>\n<p>La br\u00e8ve description de l'inscription de l'entreprise avec logo (payante) doit comporter au maximum 550 caract\u00e8res, espaces compris, y compris votre adresse Internet ou vos coordonn\u00e9es t\u00e9l\u00e9phoniques et \u00e9lectroniques. Vous pouvez nous envoyer la br\u00e8ve description dans un document Word \u00e0 l'adresse e-mail ci-dessous.<\/p>\n<p>Nous nous r\u00e9jouissons de votre participation et vous prions de bien vouloir nous retourner le formulaire rempli et\/ou le texte court avec le logo de l'entreprise au plus tard le <strong>20 septembre 2021\u00a0<\/strong>\u00e0 l'adresse e-mail suivante :<\/p>\n<p><a href=\"mailto:marktuebersicht.safetyplus@galledia.ch\" target=\"_blank\" rel=\"noopener\">marktuebersicht.safetyplus@galledia.ch<\/a><\/p>\n<p>L'aper\u00e7u du march\u00e9 para\u00eetra le\u00a0<strong>2.11.2021\u00a0<\/strong>dans l'\u00e9dition <a href=\"https:\/\/news.save.ch\/fr\/mediadaten\/\" target=\"_blank\" rel=\"noopener\"><strong>SAFETY<\/strong>\u2013<strong>PLUS<\/strong>\u00a04\/2021<\/a>.<\/p>","protected":false},"excerpt":{"rendered":"<p>Mit einer umfassenden Markt\u00fcbersicht will\u00a0SAFETY\u2013PLUS\u00a0sowohl den Sicherheitsverantwortlichen, Eink\u00e4ufern als auch Entscheidern praktische und schnelle PSA-Informationen zu Kopf, Gesicht, Augen und Ohren auf den Weg geben. Abgerundet wird die Markt\u00fcbersicht durch viele redaktionelle Tipps. Informativ, \u00fcbersichtlich und prominent stellen wir die wichtigsten Funktions- und Sicherheitsleistungen und Einsatzm\u00f6glichkeiten rund um Kopf-, Atem-, Augen- und H\u00f6rschutz dar. Gerne [&hellip;]<\/p>\n","protected":false},"author":9,"featured_media":7648,"comment_status":"closed","ping_status":"closed","sticky":false,"template":"","format":"standard","meta":{"_acf_changed":false,"pgc_sgb_lightbox_settings":"","footnotes":""},"categories":[3314],"tags":[172,5288,149,2501,2722,431,1071],"class_list":["post-7644","post","type-post","status-publish","format-standard","has-post-thumbnail","hentry","category-health-safety","tag-arbeitssicherheit","tag-formulare","tag-gesundheitsschutz","tag-marktuebersicht","tag-psa","tag-safety-plus","tag-sibe"],"acf":[],"hkrextid":null,"publication":null,"issue":null,"workflow":null,"startPage":null,"spitzmarke":null,"_posts_by_tag_page_fields":{"widget_title":"","widget_tags":""},"_at_widget":"1","_yoast_wpseo_primary_category":"","_yoast_wpseo_focuskw_text_input":null,"_yoast_wpseo_opengraph-image":null,"_yoast_wpseo_opengraph-description":null,"_yoast_wpseo_opengraph-title":null,"enclosure":null,"_yoast_wpseo_twitter-title":null,"_yoast_wpseo_twitter-description":null,"_yoast_wpseo_twitter-image":null,"_wp_old_slug":null,"_yoast_wpseo_title":null,"_yoast_wpseo_canonical":null,"yoast_head":"<!-- This site is optimized with the Yoast SEO plugin v27.5 - https:\/\/yoast.com\/product\/yoast-seo-wordpress\/ -->\n<title>Teilnahme kostenlos: Markt\u00fcbersicht zu Atem-, Gesichts-, H\u00f6r- und Kopfschutz - Save<\/title>\n<meta name=\"description\" content=\"Die Redaktion von SAFETY-PLUS, der f\u00fchrenden Schweizer Fachzeitschrift f\u00fcr Arbeitssicherheit und Gesundheitsschutz, erstellt f\u00fcr die kommende Ausgabe eine umfassende Markt\u00fcbersicht zum Thema Atem-, Gesichts-, H\u00f6r- und Kopfschutz.\" \/>\n<meta name=\"robots\" content=\"index, follow, max-snippet:-1, max-image-preview:large, max-video-preview:-1\" \/>\n<link rel=\"canonical\" href=\"https:\/\/news.save.ch\/fr\/teilnahme-kostenlos-marktuebersicht-zu-atem-gesichts-hoer-und-kopfschutz\/\" \/>\n<meta property=\"og:locale\" content=\"fr_FR\" \/>\n<meta property=\"og:type\" content=\"article\" \/>\n<meta property=\"og:title\" content=\"Teilnahme kostenlos: Markt\u00fcbersicht zu Atem-, Gesichts-, H\u00f6r- und Kopfschutz - Save\" \/>\n<meta property=\"og:description\" content=\"Die Redaktion von SAFETY-PLUS, der f\u00fchrenden Schweizer Fachzeitschrift f\u00fcr Arbeitssicherheit und Gesundheitsschutz, erstellt f\u00fcr die kommende Ausgabe eine umfassende Markt\u00fcbersicht zum Thema Atem-, Gesichts-, H\u00f6r- und Kopfschutz.\" \/>\n<meta property=\"og:url\" content=\"https:\/\/news.save.ch\/fr\/teilnahme-kostenlos-marktuebersicht-zu-atem-gesichts-hoer-und-kopfschutz\/\" \/>\n<meta property=\"og:site_name\" content=\"Save\" \/>\n<meta property=\"article:published_time\" content=\"2021-09-07T11:46:31+00:00\" \/>\n<meta property=\"article:modified_time\" content=\"2023-07-14T20:14:01+00:00\" \/>\n<meta property=\"og:image\" content=\"https:\/\/news.save.ch\/wp-content\/uploads\/2021\/09\/Marktuebersicht_PSA.jpg\" \/>\n\t<meta property=\"og:image:width\" content=\"887\" \/>\n\t<meta property=\"og:image:height\" content=\"504\" \/>\n\t<meta property=\"og:image:type\" content=\"image\/jpeg\" \/>\n<meta name=\"author\" content=\"Simon Gr\u00f6flin\" \/>\n<meta name=\"twitter:card\" content=\"summary_large_image\" \/>\n<meta name=\"twitter:label1\" content=\"\u00c9crit par\" \/>\n\t<meta name=\"twitter:data1\" content=\"Simon Gr\u00f6flin\" \/>\n\t<meta name=\"twitter:label2\" content=\"Dur\u00e9e de lecture estim\u00e9e\" \/>\n\t<meta name=\"twitter:data2\" content=\"2 minutes\" \/>\n<script type=\"application\/ld+json\" class=\"yoast-schema-graph\">{\"@context\":\"https:\\\/\\\/schema.org\",\"@graph\":[{\"@type\":\"Article\",\"@id\":\"https:\\\/\\\/news.save.ch\\\/teilnahme-kostenlos-marktuebersicht-zu-atem-gesichts-hoer-und-kopfschutz\\\/#article\",\"isPartOf\":{\"@id\":\"https:\\\/\\\/news.save.ch\\\/teilnahme-kostenlos-marktuebersicht-zu-atem-gesichts-hoer-und-kopfschutz\\\/\"},\"author\":{\"name\":\"Simon Gr\u00f6flin\",\"@id\":\"https:\\\/\\\/news.save.ch\\\/de\\\/#\\\/schema\\\/person\\\/ad4ef21102fd6125312409ac57d5296d\"},\"headline\":\"Teilnahme kostenlos: Markt\u00fcbersicht zu Atem-, Gesichts-, H\u00f6r- und Kopfschutz\",\"datePublished\":\"2021-09-07T11:46:31+00:00\",\"dateModified\":\"2023-07-14T20:14:01+00:00\",\"mainEntityOfPage\":{\"@id\":\"https:\\\/\\\/news.save.ch\\\/teilnahme-kostenlos-marktuebersicht-zu-atem-gesichts-hoer-und-kopfschutz\\\/\"},\"wordCount\":340,\"publisher\":{\"@id\":\"https:\\\/\\\/news.save.ch\\\/de\\\/#organization\"},\"image\":{\"@id\":\"https:\\\/\\\/news.save.ch\\\/teilnahme-kostenlos-marktuebersicht-zu-atem-gesichts-hoer-und-kopfschutz\\\/#primaryimage\"},\"thumbnailUrl\":\"https:\\\/\\\/news.save.ch\\\/wp-content\\\/uploads\\\/2021\\\/09\\\/Marktuebersicht_PSA.jpg\",\"keywords\":[\"Arbeitssicherheit\",\"Formulare\",\"Gesundheitsschutz\",\"Markt\u00fcbersicht\",\"PSA\",\"Safety Plus\",\"SiBe\"],\"articleSection\":[\"HEALTH &amp; SAFETY\"],\"inLanguage\":\"fr-FR\"},{\"@type\":\"WebPage\",\"@id\":\"https:\\\/\\\/news.save.ch\\\/teilnahme-kostenlos-marktuebersicht-zu-atem-gesichts-hoer-und-kopfschutz\\\/\",\"url\":\"https:\\\/\\\/news.save.ch\\\/teilnahme-kostenlos-marktuebersicht-zu-atem-gesichts-hoer-und-kopfschutz\\\/\",\"name\":\"Teilnahme kostenlos: Markt\u00fcbersicht zu Atem-, Gesichts-, H\u00f6r- und Kopfschutz - Save\",\"isPartOf\":{\"@id\":\"https:\\\/\\\/news.save.ch\\\/de\\\/#website\"},\"primaryImageOfPage\":{\"@id\":\"https:\\\/\\\/news.save.ch\\\/teilnahme-kostenlos-marktuebersicht-zu-atem-gesichts-hoer-und-kopfschutz\\\/#primaryimage\"},\"image\":{\"@id\":\"https:\\\/\\\/news.save.ch\\\/teilnahme-kostenlos-marktuebersicht-zu-atem-gesichts-hoer-und-kopfschutz\\\/#primaryimage\"},\"thumbnailUrl\":\"https:\\\/\\\/news.save.ch\\\/wp-content\\\/uploads\\\/2021\\\/09\\\/Marktuebersicht_PSA.jpg\",\"datePublished\":\"2021-09-07T11:46:31+00:00\",\"dateModified\":\"2023-07-14T20:14:01+00:00\",\"description\":\"Die Redaktion von SAFETY-PLUS, der f\u00fchrenden Schweizer Fachzeitschrift f\u00fcr Arbeitssicherheit und Gesundheitsschutz, erstellt f\u00fcr die kommende Ausgabe eine umfassende Markt\u00fcbersicht zum Thema Atem-, Gesichts-, H\u00f6r- und Kopfschutz.\",\"breadcrumb\":{\"@id\":\"https:\\\/\\\/news.save.ch\\\/teilnahme-kostenlos-marktuebersicht-zu-atem-gesichts-hoer-und-kopfschutz\\\/#breadcrumb\"},\"inLanguage\":\"fr-FR\",\"potentialAction\":[{\"@type\":\"ReadAction\",\"target\":[\"https:\\\/\\\/news.save.ch\\\/teilnahme-kostenlos-marktuebersicht-zu-atem-gesichts-hoer-und-kopfschutz\\\/\"]}]},{\"@type\":\"ImageObject\",\"inLanguage\":\"fr-FR\",\"@id\":\"https:\\\/\\\/news.save.ch\\\/teilnahme-kostenlos-marktuebersicht-zu-atem-gesichts-hoer-und-kopfschutz\\\/#primaryimage\",\"url\":\"https:\\\/\\\/news.save.ch\\\/wp-content\\\/uploads\\\/2021\\\/09\\\/Marktuebersicht_PSA.jpg\",\"contentUrl\":\"https:\\\/\\\/news.save.ch\\\/wp-content\\\/uploads\\\/2021\\\/09\\\/Marktuebersicht_PSA.jpg\",\"width\":887,\"height\":504},{\"@type\":\"BreadcrumbList\",\"@id\":\"https:\\\/\\\/news.save.ch\\\/teilnahme-kostenlos-marktuebersicht-zu-atem-gesichts-hoer-und-kopfschutz\\\/#breadcrumb\",\"itemListElement\":[{\"@type\":\"ListItem\",\"position\":1,\"name\":\"Home\",\"item\":\"https:\\\/\\\/news.save.ch\\\/de\\\/\"},{\"@type\":\"ListItem\",\"position\":2,\"name\":\"Teilnahme kostenlos: Markt\u00fcbersicht zu Atem-, Gesichts-, H\u00f6r- und Kopfschutz\"}]},{\"@type\":\"WebSite\",\"@id\":\"https:\\\/\\\/news.save.ch\\\/de\\\/#website\",\"url\":\"https:\\\/\\\/news.save.ch\\\/de\\\/\",\"name\":\"Save\",\"description\":\"Schweizer Fachzeitschrift f\u00fcr Sicherheit\",\"publisher\":{\"@id\":\"https:\\\/\\\/news.save.ch\\\/de\\\/#organization\"},\"potentialAction\":[{\"@type\":\"SearchAction\",\"target\":{\"@type\":\"EntryPoint\",\"urlTemplate\":\"https:\\\/\\\/news.save.ch\\\/de\\\/?s={search_term_string}\"},\"query-input\":{\"@type\":\"PropertyValueSpecification\",\"valueRequired\":true,\"valueName\":\"search_term_string\"}}],\"inLanguage\":\"fr-FR\"},{\"@type\":\"Organization\",\"@id\":\"https:\\\/\\\/news.save.ch\\\/de\\\/#organization\",\"name\":\"Sicherheitsforum\",\"url\":\"https:\\\/\\\/news.save.ch\\\/de\\\/\",\"logo\":{\"@type\":\"ImageObject\",\"inLanguage\":\"fr-FR\",\"@id\":\"https:\\\/\\\/news.save.ch\\\/de\\\/#\\\/schema\\\/logo\\\/image\\\/\",\"url\":\"https:\\\/\\\/news.save.ch\\\/wp-content\\\/uploads\\\/2022\\\/06\\\/Logo_SF_2012.png\",\"contentUrl\":\"https:\\\/\\\/news.save.ch\\\/wp-content\\\/uploads\\\/2022\\\/06\\\/Logo_SF_2012.png\",\"width\":1100,\"height\":91,\"caption\":\"Sicherheitsforum\"},\"image\":{\"@id\":\"https:\\\/\\\/news.save.ch\\\/de\\\/#\\\/schema\\\/logo\\\/image\\\/\"}},{\"@type\":\"Person\",\"@id\":\"https:\\\/\\\/news.save.ch\\\/de\\\/#\\\/schema\\\/person\\\/ad4ef21102fd6125312409ac57d5296d\",\"name\":\"Simon Gr\u00f6flin\",\"image\":{\"@type\":\"ImageObject\",\"inLanguage\":\"fr-FR\",\"@id\":\"https:\\\/\\\/secure.gravatar.com\\\/avatar\\\/6ddceb80eb734354635539e0ea5140bb7c41e42de7c45c9a2ab9921b5d5c9a83?s=96&d=mm&r=g\",\"url\":\"https:\\\/\\\/secure.gravatar.com\\\/avatar\\\/6ddceb80eb734354635539e0ea5140bb7c41e42de7c45c9a2ab9921b5d5c9a83?s=96&d=mm&r=g\",\"contentUrl\":\"https:\\\/\\\/secure.gravatar.com\\\/avatar\\\/6ddceb80eb734354635539e0ea5140bb7c41e42de7c45c9a2ab9921b5d5c9a83?s=96&d=mm&r=g\",\"caption\":\"Simon Gr\u00f6flin\"},\"url\":\"https:\\\/\\\/news.save.ch\\\/fr\\\/author\\\/simon-groeflin\\\/\"}]}<\/script>\n<!-- \/ Yoast SEO plugin. -->","yoast_head_json":{"title":"Participation gratuite : Aper\u00e7u du march\u00e9 des protections respiratoires, faciales, auditives et cr\u00e2niennes - Save","description":"La r\u00e9daction de SAFETY-PLUS, la principale revue suisse sp\u00e9cialis\u00e9e dans la s\u00e9curit\u00e9 au travail et la protection de la sant\u00e9, \u00e9tablit pour le prochain num\u00e9ro un aper\u00e7u complet du march\u00e9 sur le th\u00e8me des protections respiratoires, faciales, auditives et cr\u00e2niennes.","robots":{"index":"index","follow":"follow","max-snippet":"max-snippet:-1","max-image-preview":"max-image-preview:large","max-video-preview":"max-video-preview:-1"},"canonical":"https:\/\/news.save.ch\/fr\/teilnahme-kostenlos-marktuebersicht-zu-atem-gesichts-hoer-und-kopfschutz\/","og_locale":"fr_FR","og_type":"article","og_title":"Teilnahme kostenlos: Markt\u00fcbersicht zu Atem-, Gesichts-, H\u00f6r- und Kopfschutz - Save","og_description":"Die Redaktion von SAFETY-PLUS, der f\u00fchrenden Schweizer Fachzeitschrift f\u00fcr Arbeitssicherheit und Gesundheitsschutz, erstellt f\u00fcr die kommende Ausgabe eine umfassende Markt\u00fcbersicht zum Thema Atem-, Gesichts-, H\u00f6r- und Kopfschutz.","og_url":"https:\/\/news.save.ch\/fr\/teilnahme-kostenlos-marktuebersicht-zu-atem-gesichts-hoer-und-kopfschutz\/","og_site_name":"Save","article_published_time":"2021-09-07T11:46:31+00:00","article_modified_time":"2023-07-14T20:14:01+00:00","og_image":[{"width":887,"height":504,"url":"https:\/\/news.save.ch\/wp-content\/uploads\/2021\/09\/Marktuebersicht_PSA.jpg","type":"image\/jpeg"}],"author":"Simon Gr\u00f6flin","twitter_card":"summary_large_image","twitter_misc":{"\u00c9crit par":"Simon Gr\u00f6flin","Dur\u00e9e de lecture estim\u00e9e":"2 minutes"},"schema":{"@context":"https:\/\/schema.org","@graph":[{"@type":"Article","@id":"https:\/\/news.save.ch\/teilnahme-kostenlos-marktuebersicht-zu-atem-gesichts-hoer-und-kopfschutz\/#article","isPartOf":{"@id":"https:\/\/news.save.ch\/teilnahme-kostenlos-marktuebersicht-zu-atem-gesichts-hoer-und-kopfschutz\/"},"author":{"name":"Simon Gr\u00f6flin","@id":"https:\/\/news.save.ch\/de\/#\/schema\/person\/ad4ef21102fd6125312409ac57d5296d"},"headline":"Teilnahme kostenlos: Markt\u00fcbersicht zu Atem-, Gesichts-, H\u00f6r- und Kopfschutz","datePublished":"2021-09-07T11:46:31+00:00","dateModified":"2023-07-14T20:14:01+00:00","mainEntityOfPage":{"@id":"https:\/\/news.save.ch\/teilnahme-kostenlos-marktuebersicht-zu-atem-gesichts-hoer-und-kopfschutz\/"},"wordCount":340,"publisher":{"@id":"https:\/\/news.save.ch\/de\/#organization"},"image":{"@id":"https:\/\/news.save.ch\/teilnahme-kostenlos-marktuebersicht-zu-atem-gesichts-hoer-und-kopfschutz\/#primaryimage"},"thumbnailUrl":"https:\/\/news.save.ch\/wp-content\/uploads\/2021\/09\/Marktuebersicht_PSA.jpg","keywords":["Arbeitssicherheit","Formulare","Gesundheitsschutz","Markt\u00fcbersicht","PSA","Safety Plus","SiBe"],"articleSection":["HEALTH &amp; SAFETY"],"inLanguage":"fr-FR"},{"@type":"WebPage","@id":"https:\/\/news.save.ch\/teilnahme-kostenlos-marktuebersicht-zu-atem-gesichts-hoer-und-kopfschutz\/","url":"https:\/\/news.save.ch\/teilnahme-kostenlos-marktuebersicht-zu-atem-gesichts-hoer-und-kopfschutz\/","name":"Participation gratuite : Aper\u00e7u du march\u00e9 des protections respiratoires, faciales, auditives et cr\u00e2niennes - Save","isPartOf":{"@id":"https:\/\/news.save.ch\/de\/#website"},"primaryImageOfPage":{"@id":"https:\/\/news.save.ch\/teilnahme-kostenlos-marktuebersicht-zu-atem-gesichts-hoer-und-kopfschutz\/#primaryimage"},"image":{"@id":"https:\/\/news.save.ch\/teilnahme-kostenlos-marktuebersicht-zu-atem-gesichts-hoer-und-kopfschutz\/#primaryimage"},"thumbnailUrl":"https:\/\/news.save.ch\/wp-content\/uploads\/2021\/09\/Marktuebersicht_PSA.jpg","datePublished":"2021-09-07T11:46:31+00:00","dateModified":"2023-07-14T20:14:01+00:00","description":"La r\u00e9daction de SAFETY-PLUS, la principale revue suisse sp\u00e9cialis\u00e9e dans la s\u00e9curit\u00e9 au travail et la protection de la sant\u00e9, \u00e9tablit pour le prochain num\u00e9ro un aper\u00e7u complet du march\u00e9 sur le th\u00e8me des protections respiratoires, faciales, auditives et cr\u00e2niennes.","breadcrumb":{"@id":"https:\/\/news.save.ch\/teilnahme-kostenlos-marktuebersicht-zu-atem-gesichts-hoer-und-kopfschutz\/#breadcrumb"},"inLanguage":"fr-FR","potentialAction":[{"@type":"ReadAction","target":["https:\/\/news.save.ch\/teilnahme-kostenlos-marktuebersicht-zu-atem-gesichts-hoer-und-kopfschutz\/"]}]},{"@type":"ImageObject","inLanguage":"fr-FR","@id":"https:\/\/news.save.ch\/teilnahme-kostenlos-marktuebersicht-zu-atem-gesichts-hoer-und-kopfschutz\/#primaryimage","url":"https:\/\/news.save.ch\/wp-content\/uploads\/2021\/09\/Marktuebersicht_PSA.jpg","contentUrl":"https:\/\/news.save.ch\/wp-content\/uploads\/2021\/09\/Marktuebersicht_PSA.jpg","width":887,"height":504},{"@type":"BreadcrumbList","@id":"https:\/\/news.save.ch\/teilnahme-kostenlos-marktuebersicht-zu-atem-gesichts-hoer-und-kopfschutz\/#breadcrumb","itemListElement":[{"@type":"ListItem","position":1,"name":"Home","item":"https:\/\/news.save.ch\/de\/"},{"@type":"ListItem","position":2,"name":"Teilnahme kostenlos: Markt\u00fcbersicht zu Atem-, Gesichts-, H\u00f6r- und Kopfschutz"}]},{"@type":"WebSite","@id":"https:\/\/news.save.ch\/de\/#website","url":"https:\/\/news.save.ch\/de\/","name":"Save","description":"Revue suisse sp\u00e9cialis\u00e9e dans la s\u00e9curit\u00e9","publisher":{"@id":"https:\/\/news.save.ch\/de\/#organization"},"potentialAction":[{"@type":"SearchAction","target":{"@type":"EntryPoint","urlTemplate":"https:\/\/news.save.ch\/de\/?s={search_term_string}"},"query-input":{"@type":"PropertyValueSpecification","valueRequired":true,"valueName":"search_term_string"}}],"inLanguage":"fr-FR"},{"@type":"Organization","@id":"https:\/\/news.save.ch\/de\/#organization","name":"Forum sur la s\u00e9curit\u00e9","url":"https:\/\/news.save.ch\/de\/","logo":{"@type":"ImageObject","inLanguage":"fr-FR","@id":"https:\/\/news.save.ch\/de\/#\/schema\/logo\/image\/","url":"https:\/\/news.save.ch\/wp-content\/uploads\/2022\/06\/Logo_SF_2012.png","contentUrl":"https:\/\/news.save.ch\/wp-content\/uploads\/2022\/06\/Logo_SF_2012.png","width":1100,"height":91,"caption":"Sicherheitsforum"},"image":{"@id":"https:\/\/news.save.ch\/de\/#\/schema\/logo\/image\/"}},{"@type":"Person","@id":"https:\/\/news.save.ch\/de\/#\/schema\/person\/ad4ef21102fd6125312409ac57d5296d","name":"Simon Gr\u00f6flin","image":{"@type":"ImageObject","inLanguage":"fr-FR","@id":"https:\/\/secure.gravatar.com\/avatar\/6ddceb80eb734354635539e0ea5140bb7c41e42de7c45c9a2ab9921b5d5c9a83?s=96&d=mm&r=g","url":"https:\/\/secure.gravatar.com\/avatar\/6ddceb80eb734354635539e0ea5140bb7c41e42de7c45c9a2ab9921b5d5c9a83?s=96&d=mm&r=g","contentUrl":"https:\/\/secure.gravatar.com\/avatar\/6ddceb80eb734354635539e0ea5140bb7c41e42de7c45c9a2ab9921b5d5c9a83?s=96&d=mm&r=g","caption":"Simon Gr\u00f6flin"},"url":"https:\/\/news.save.ch\/fr\/author\/simon-groeflin\/"}]}},"_links":{"self":[{"href":"https:\/\/news.save.ch\/fr\/wp-json\/wp\/v2\/posts\/7644","targetHints":{"allow":["GET"]}}],"collection":[{"href":"https:\/\/news.save.ch\/fr\/wp-json\/wp\/v2\/posts"}],"about":[{"href":"https:\/\/news.save.ch\/fr\/wp-json\/wp\/v2\/types\/post"}],"author":[{"embeddable":true,"href":"https:\/\/news.save.ch\/fr\/wp-json\/wp\/v2\/users\/9"}],"replies":[{"embeddable":true,"href":"https:\/\/news.save.ch\/fr\/wp-json\/wp\/v2\/comments?post=7644"}],"version-history":[{"count":2,"href":"https:\/\/news.save.ch\/fr\/wp-json\/wp\/v2\/posts\/7644\/revisions"}],"predecessor-version":[{"id":20880,"href":"https:\/\/news.save.ch\/fr\/wp-json\/wp\/v2\/posts\/7644\/revisions\/20880"}],"wp:featuredmedia":[{"embeddable":true,"href":"https:\/\/news.save.ch\/fr\/wp-json\/wp\/v2\/media\/7648"}],"wp:attachment":[{"href":"https:\/\/news.save.ch\/fr\/wp-json\/wp\/v2\/media?parent=7644"}],"wp:term":[{"taxonomy":"category","embeddable":true,"href":"https:\/\/news.save.ch\/fr\/wp-json\/wp\/v2\/categories?post=7644"},{"taxonomy":"post_tag","embeddable":true,"href":"https:\/\/news.save.ch\/fr\/wp-json\/wp\/v2\/tags?post=7644"}],"curies":[{"name":"wp","href":"https:\/\/api.w.org\/{rel}","templated":true}]}}