{"id":7735,"date":"2021-09-21T09:25:15","date_gmt":"2021-09-21T07:25:15","guid":{"rendered":"https:\/\/news.save.ch\/?p=7735"},"modified":"2023-07-14T20:50:41","modified_gmt":"2023-07-14T18:50:41","slug":"suva-versicherungsmissbrauch-nimmt-zu","status":null,"type":"post","link":"https:\/\/news.save.ch\/fr\/suva-versicherungsmissbrauch-nimmt-zu\/","title":{"rendered":"Suva : augmentation des abus d'assurance"},"content":{"rendered":"<figure id=\"attachment_7739\" aria-describedby=\"caption-attachment-7739\" style=\"width: 680px\" class=\"wp-caption alignnone\"><img loading=\"lazy\" decoding=\"async\" class=\"wp-image-7739 size-medium\" src=\"https:\/\/news.save.ch\/wp-content\/uploads\/2021\/09\/Suva_Praemien-680x452.jpeg\" alt=\"Abus d&#039;assurance\" width=\"680\" height=\"452\" srcset=\"https:\/\/news.save.ch\/wp-content\/uploads\/2021\/09\/Suva_Praemien-680x452.jpeg 680w, https:\/\/news.save.ch\/wp-content\/uploads\/2021\/09\/Suva_Praemien-768x511.jpeg 768w, https:\/\/news.save.ch\/wp-content\/uploads\/2021\/09\/Suva_Praemien-18x12.jpeg 18w, https:\/\/news.save.ch\/wp-content\/uploads\/2021\/09\/Suva_Praemien-375x249.jpeg 375w, https:\/\/news.save.ch\/wp-content\/uploads\/2021\/09\/Suva_Praemien-526x350.jpeg 526w, https:\/\/news.save.ch\/wp-content\/uploads\/2021\/09\/Suva_Praemien.jpeg 928w\" sizes=\"auto, (max-width: 680px) 100vw, 680px\" \/><figcaption id=\"caption-attachment-7739\" class=\"wp-caption-text\">\u00a9zVg<\/figcaption><\/figure>\n<p>Dans un communiqu\u00e9, la Suva dresse le bilan d'une augmentation des cas suspects d'abus d'assurance. Au total, la Suva a examin\u00e9 l'ann\u00e9e derni\u00e8re 222 000 cas dans lesquels une indemnit\u00e9 journali\u00e8re ou une rente a \u00e9t\u00e9 vers\u00e9e. Dans 2236 cas suspects (une augmentation de 23,6 pour cent), elle a pu emp\u00eacher le versement de prestations injustifi\u00e9es pour un montant de 12,6 millions de francs.<\/p>\n<p>Les moutons noirs se cachent \u00e0 diff\u00e9rents endroits. Une petite partie, mais active, de fournisseurs de prestations tels que les m\u00e9decins et les h\u00f4pitaux \u00e9tablissent volontairement des factures inexactes ou fausses afin d'obtenir davantage de prestations. Un m\u00e9decin <a href=\"https:\/\/www.suva.ch\/de-CH\/material\/Factsheets\/versicherungsmissbrauch-gefaelschte-rechnungen-von-arzt\" target=\"_blank\" rel=\"noopener\">par exemple<\/a>\u00a0a enregistr\u00e9 plus de 24 heures de travail et a \u00e9tabli des factures pour des jours o\u00f9 il s'est av\u00e9r\u00e9 qu'il \u00e9tait en vacances. Parfois, des traitements sont \u00e9galement factur\u00e9s en tant que prestations ambulatoires avant ou seulement apr\u00e8s un s\u00e9jour \u00e0 l'h\u00f4pital. Le pr\u00e9judice total pour l'ensemble des assureurs maladie et accident concern\u00e9s s'\u00e9l\u00e8verait \u00e0 plus de 2,7 millions de francs. Une grande majorit\u00e9 est toutefois honn\u00eate, \u00e9crit la Suva.<\/p>\n<div class=\"mceTemp\"><\/div>\n<p><em>Source : Suva<\/em><\/p>","protected":false},"excerpt":{"rendered":"<p>Die Suva bilanziert in einer Mitteilung eine Zunahme von Verdachtsf\u00e4llen von Versicherungsmissbrauch. Insgesamt hat die Suva im letzten Jahr 222&#8217;000 F\u00e4lle untersucht, bei denen ein Taggeld oder eine Rente ausbezahlt wurde. Bei 2236 Verdachtsf\u00e4llen (einer Zunahme von 23,6 Prozent) konnten ungerechtfertigte Leistungsbez\u00fcge von 12,6 Millionen Franken verhindert werden. Die schwarzen Schafe lauern an verschiedenen Orten. [&hellip;]<\/p>\n","protected":false},"author":9,"featured_media":7739,"comment_status":"closed","ping_status":"closed","sticky":false,"template":"","format":"standard","meta":{"_acf_changed":false,"pgc_sgb_lightbox_settings":"","footnotes":""},"categories":[1,3314],"tags":[4662,5248,2969,167,5247,3194,4849],"class_list":["post-7735","post","type-post","status-publish","format-standard","has-post-thumbnail","hentry","category-allgemein","category-health-safety","tag-aerzte","tag-schwarze-schafe","tag-spitaeler","tag-suva","tag-verdachtsfaelle","tag-versicherungsbetrug","tag-versicherungsmissbrauch"],"acf":[],"hkrextid":null,"publication":null,"issue":null,"workflow":null,"startPage":null,"spitzmarke":null,"_posts_by_tag_page_fields":{"widget_title":"","widget_tags":""},"_at_widget":"1","_yoast_wpseo_primary_category":"1","_yoast_wpseo_focuskw_text_input":null,"_yoast_wpseo_opengraph-image":null,"_yoast_wpseo_opengraph-description":null,"_yoast_wpseo_opengraph-title":null,"enclosure":null,"_yoast_wpseo_twitter-title":null,"_yoast_wpseo_twitter-description":null,"_yoast_wpseo_twitter-image":null,"_wp_old_slug":null,"_yoast_wpseo_title":null,"_yoast_wpseo_canonical":null,"yoast_head":"<!-- This site is optimized with the Yoast SEO plugin v27.4 - https:\/\/yoast.com\/product\/yoast-seo-wordpress\/ -->\n<title>Suva: Zunahme von Versicherungsmissbrauch - Save<\/title>\n<meta name=\"description\" content=\"Die Suva untersuchte im 2020 \u00fcber 2200 Verdachtsf\u00e4lle auf Versicherungsmissbrauch. Viele Versicherte seien ehrlich. Doch schwarze Schafe gibt es auch bei \u00c4rzten und Spit\u00e4lern, die falsche Stunden und Leistungen abrechnen.\" \/>\n<meta name=\"robots\" content=\"index, follow, max-snippet:-1, max-image-preview:large, max-video-preview:-1\" \/>\n<link rel=\"canonical\" href=\"https:\/\/news.save.ch\/fr\/suva-versicherungsmissbrauch-nimmt-zu\/\" \/>\n<meta property=\"og:locale\" content=\"fr_FR\" \/>\n<meta property=\"og:type\" content=\"article\" \/>\n<meta property=\"og:title\" content=\"Suva: Zunahme von Versicherungsmissbrauch - Save\" \/>\n<meta property=\"og:description\" content=\"Die Suva untersuchte im 2020 \u00fcber 2200 Verdachtsf\u00e4lle auf Versicherungsmissbrauch. Viele Versicherte seien ehrlich. Doch schwarze Schafe gibt es auch bei \u00c4rzten und Spit\u00e4lern, die falsche Stunden und Leistungen abrechnen.\" \/>\n<meta property=\"og:url\" content=\"https:\/\/news.save.ch\/fr\/suva-versicherungsmissbrauch-nimmt-zu\/\" \/>\n<meta property=\"og:site_name\" content=\"Save\" \/>\n<meta property=\"article:published_time\" content=\"2021-09-21T07:25:15+00:00\" \/>\n<meta property=\"article:modified_time\" content=\"2023-07-14T18:50:41+00:00\" \/>\n<meta property=\"og:image\" content=\"https:\/\/news.save.ch\/wp-content\/uploads\/2021\/09\/Suva_Praemien.jpeg\" \/>\n\t<meta property=\"og:image:width\" content=\"928\" \/>\n\t<meta property=\"og:image:height\" content=\"617\" \/>\n\t<meta property=\"og:image:type\" content=\"image\/jpeg\" \/>\n<meta name=\"author\" content=\"Simon Gr\u00f6flin\" \/>\n<meta name=\"twitter:card\" content=\"summary_large_image\" \/>\n<meta name=\"twitter:label1\" content=\"\u00c9crit par\" \/>\n\t<meta name=\"twitter:data1\" content=\"Simon Gr\u00f6flin\" \/>\n\t<meta name=\"twitter:label2\" content=\"Dur\u00e9e de lecture estim\u00e9e\" \/>\n\t<meta name=\"twitter:data2\" content=\"2 minutes\" \/>\n<script type=\"application\/ld+json\" class=\"yoast-schema-graph\">{\"@context\":\"https:\\\/\\\/schema.org\",\"@graph\":[{\"@type\":\"Article\",\"@id\":\"https:\\\/\\\/news.save.ch\\\/suva-versicherungsmissbrauch-nimmt-zu\\\/#article\",\"isPartOf\":{\"@id\":\"https:\\\/\\\/news.save.ch\\\/suva-versicherungsmissbrauch-nimmt-zu\\\/\"},\"author\":{\"name\":\"Simon Gr\u00f6flin\",\"@id\":\"https:\\\/\\\/news.save.ch\\\/de\\\/#\\\/schema\\\/person\\\/ad4ef21102fd6125312409ac57d5296d\"},\"headline\":\"Suva: Zunahme von Versicherungsmissbrauch\",\"datePublished\":\"2021-09-21T07:25:15+00:00\",\"dateModified\":\"2023-07-14T18:50:41+00:00\",\"mainEntityOfPage\":{\"@id\":\"https:\\\/\\\/news.save.ch\\\/suva-versicherungsmissbrauch-nimmt-zu\\\/\"},\"wordCount\":153,\"publisher\":{\"@id\":\"https:\\\/\\\/news.save.ch\\\/de\\\/#organization\"},\"image\":{\"@id\":\"https:\\\/\\\/news.save.ch\\\/suva-versicherungsmissbrauch-nimmt-zu\\\/#primaryimage\"},\"thumbnailUrl\":\"https:\\\/\\\/news.save.ch\\\/wp-content\\\/uploads\\\/2021\\\/09\\\/Suva_Praemien.jpeg\",\"keywords\":[\"\u00c4rzte\",\"Schwarze Schafe\",\"Spit\u00e4ler\",\"SUVA\",\"Verdachtsf\u00e4lle\",\"Versicherungsbetrug\",\"Versicherungsmissbrauch\"],\"articleSection\":[\"ALLGEMEIN\",\"HEALTH &amp; SAFETY\"],\"inLanguage\":\"fr-FR\"},{\"@type\":\"WebPage\",\"@id\":\"https:\\\/\\\/news.save.ch\\\/suva-versicherungsmissbrauch-nimmt-zu\\\/\",\"url\":\"https:\\\/\\\/news.save.ch\\\/suva-versicherungsmissbrauch-nimmt-zu\\\/\",\"name\":\"Suva: Zunahme von Versicherungsmissbrauch - Save\",\"isPartOf\":{\"@id\":\"https:\\\/\\\/news.save.ch\\\/de\\\/#website\"},\"primaryImageOfPage\":{\"@id\":\"https:\\\/\\\/news.save.ch\\\/suva-versicherungsmissbrauch-nimmt-zu\\\/#primaryimage\"},\"image\":{\"@id\":\"https:\\\/\\\/news.save.ch\\\/suva-versicherungsmissbrauch-nimmt-zu\\\/#primaryimage\"},\"thumbnailUrl\":\"https:\\\/\\\/news.save.ch\\\/wp-content\\\/uploads\\\/2021\\\/09\\\/Suva_Praemien.jpeg\",\"datePublished\":\"2021-09-21T07:25:15+00:00\",\"dateModified\":\"2023-07-14T18:50:41+00:00\",\"description\":\"Die Suva untersuchte im 2020 \u00fcber 2200 Verdachtsf\u00e4lle auf Versicherungsmissbrauch. Viele Versicherte seien ehrlich. Doch schwarze Schafe gibt es auch bei \u00c4rzten und Spit\u00e4lern, die falsche Stunden und Leistungen abrechnen.\",\"breadcrumb\":{\"@id\":\"https:\\\/\\\/news.save.ch\\\/suva-versicherungsmissbrauch-nimmt-zu\\\/#breadcrumb\"},\"inLanguage\":\"fr-FR\",\"potentialAction\":[{\"@type\":\"ReadAction\",\"target\":[\"https:\\\/\\\/news.save.ch\\\/suva-versicherungsmissbrauch-nimmt-zu\\\/\"]}]},{\"@type\":\"ImageObject\",\"inLanguage\":\"fr-FR\",\"@id\":\"https:\\\/\\\/news.save.ch\\\/suva-versicherungsmissbrauch-nimmt-zu\\\/#primaryimage\",\"url\":\"https:\\\/\\\/news.save.ch\\\/wp-content\\\/uploads\\\/2021\\\/09\\\/Suva_Praemien.jpeg\",\"contentUrl\":\"https:\\\/\\\/news.save.ch\\\/wp-content\\\/uploads\\\/2021\\\/09\\\/Suva_Praemien.jpeg\",\"width\":928,\"height\":617,\"caption\":\"\u00a9zVg\"},{\"@type\":\"BreadcrumbList\",\"@id\":\"https:\\\/\\\/news.save.ch\\\/suva-versicherungsmissbrauch-nimmt-zu\\\/#breadcrumb\",\"itemListElement\":[{\"@type\":\"ListItem\",\"position\":1,\"name\":\"Home\",\"item\":\"https:\\\/\\\/news.save.ch\\\/de\\\/\"},{\"@type\":\"ListItem\",\"position\":2,\"name\":\"Suva: Zunahme von Versicherungsmissbrauch\"}]},{\"@type\":\"WebSite\",\"@id\":\"https:\\\/\\\/news.save.ch\\\/de\\\/#website\",\"url\":\"https:\\\/\\\/news.save.ch\\\/de\\\/\",\"name\":\"Save\",\"description\":\"Schweizer Fachzeitschrift f\u00fcr Sicherheit\",\"publisher\":{\"@id\":\"https:\\\/\\\/news.save.ch\\\/de\\\/#organization\"},\"potentialAction\":[{\"@type\":\"SearchAction\",\"target\":{\"@type\":\"EntryPoint\",\"urlTemplate\":\"https:\\\/\\\/news.save.ch\\\/de\\\/?s={search_term_string}\"},\"query-input\":{\"@type\":\"PropertyValueSpecification\",\"valueRequired\":true,\"valueName\":\"search_term_string\"}}],\"inLanguage\":\"fr-FR\"},{\"@type\":\"Organization\",\"@id\":\"https:\\\/\\\/news.save.ch\\\/de\\\/#organization\",\"name\":\"Sicherheitsforum\",\"url\":\"https:\\\/\\\/news.save.ch\\\/de\\\/\",\"logo\":{\"@type\":\"ImageObject\",\"inLanguage\":\"fr-FR\",\"@id\":\"https:\\\/\\\/news.save.ch\\\/de\\\/#\\\/schema\\\/logo\\\/image\\\/\",\"url\":\"https:\\\/\\\/news.save.ch\\\/wp-content\\\/uploads\\\/2022\\\/06\\\/Logo_SF_2012.png\",\"contentUrl\":\"https:\\\/\\\/news.save.ch\\\/wp-content\\\/uploads\\\/2022\\\/06\\\/Logo_SF_2012.png\",\"width\":1100,\"height\":91,\"caption\":\"Sicherheitsforum\"},\"image\":{\"@id\":\"https:\\\/\\\/news.save.ch\\\/de\\\/#\\\/schema\\\/logo\\\/image\\\/\"}},{\"@type\":\"Person\",\"@id\":\"https:\\\/\\\/news.save.ch\\\/de\\\/#\\\/schema\\\/person\\\/ad4ef21102fd6125312409ac57d5296d\",\"name\":\"Simon Gr\u00f6flin\",\"image\":{\"@type\":\"ImageObject\",\"inLanguage\":\"fr-FR\",\"@id\":\"https:\\\/\\\/secure.gravatar.com\\\/avatar\\\/6ddceb80eb734354635539e0ea5140bb7c41e42de7c45c9a2ab9921b5d5c9a83?s=96&d=mm&r=g\",\"url\":\"https:\\\/\\\/secure.gravatar.com\\\/avatar\\\/6ddceb80eb734354635539e0ea5140bb7c41e42de7c45c9a2ab9921b5d5c9a83?s=96&d=mm&r=g\",\"contentUrl\":\"https:\\\/\\\/secure.gravatar.com\\\/avatar\\\/6ddceb80eb734354635539e0ea5140bb7c41e42de7c45c9a2ab9921b5d5c9a83?s=96&d=mm&r=g\",\"caption\":\"Simon Gr\u00f6flin\"},\"url\":\"https:\\\/\\\/news.save.ch\\\/fr\\\/author\\\/simon-groeflin\\\/\"}]}<\/script>\n<!-- \/ Yoast SEO plugin. -->","yoast_head_json":{"title":"Suva : augmentation des abus d'assurance - Save","description":"En 2020, la Suva a enqu\u00eat\u00e9 sur plus de 2200 cas suspects d'abus d'assurance. De nombreux assur\u00e9s sont honn\u00eates. Mais il y a aussi des brebis galeuses parmi les m\u00e9decins et les h\u00f4pitaux qui facturent de fausses heures et de fausses prestations.","robots":{"index":"index","follow":"follow","max-snippet":"max-snippet:-1","max-image-preview":"max-image-preview:large","max-video-preview":"max-video-preview:-1"},"canonical":"https:\/\/news.save.ch\/fr\/suva-versicherungsmissbrauch-nimmt-zu\/","og_locale":"fr_FR","og_type":"article","og_title":"Suva: Zunahme von Versicherungsmissbrauch - Save","og_description":"Die Suva untersuchte im 2020 \u00fcber 2200 Verdachtsf\u00e4lle auf Versicherungsmissbrauch. Viele Versicherte seien ehrlich. Doch schwarze Schafe gibt es auch bei \u00c4rzten und Spit\u00e4lern, die falsche Stunden und Leistungen abrechnen.","og_url":"https:\/\/news.save.ch\/fr\/suva-versicherungsmissbrauch-nimmt-zu\/","og_site_name":"Save","article_published_time":"2021-09-21T07:25:15+00:00","article_modified_time":"2023-07-14T18:50:41+00:00","og_image":[{"width":928,"height":617,"url":"https:\/\/news.save.ch\/wp-content\/uploads\/2021\/09\/Suva_Praemien.jpeg","type":"image\/jpeg"}],"author":"Simon Gr\u00f6flin","twitter_card":"summary_large_image","twitter_misc":{"\u00c9crit par":"Simon Gr\u00f6flin","Dur\u00e9e de lecture estim\u00e9e":"2 minutes"},"schema":{"@context":"https:\/\/schema.org","@graph":[{"@type":"Article","@id":"https:\/\/news.save.ch\/suva-versicherungsmissbrauch-nimmt-zu\/#article","isPartOf":{"@id":"https:\/\/news.save.ch\/suva-versicherungsmissbrauch-nimmt-zu\/"},"author":{"name":"Simon Gr\u00f6flin","@id":"https:\/\/news.save.ch\/de\/#\/schema\/person\/ad4ef21102fd6125312409ac57d5296d"},"headline":"Suva: Zunahme von Versicherungsmissbrauch","datePublished":"2021-09-21T07:25:15+00:00","dateModified":"2023-07-14T18:50:41+00:00","mainEntityOfPage":{"@id":"https:\/\/news.save.ch\/suva-versicherungsmissbrauch-nimmt-zu\/"},"wordCount":153,"publisher":{"@id":"https:\/\/news.save.ch\/de\/#organization"},"image":{"@id":"https:\/\/news.save.ch\/suva-versicherungsmissbrauch-nimmt-zu\/#primaryimage"},"thumbnailUrl":"https:\/\/news.save.ch\/wp-content\/uploads\/2021\/09\/Suva_Praemien.jpeg","keywords":["\u00c4rzte","Schwarze Schafe","Spit\u00e4ler","SUVA","Verdachtsf\u00e4lle","Versicherungsbetrug","Versicherungsmissbrauch"],"articleSection":["ALLGEMEIN","HEALTH &amp; SAFETY"],"inLanguage":"fr-FR"},{"@type":"WebPage","@id":"https:\/\/news.save.ch\/suva-versicherungsmissbrauch-nimmt-zu\/","url":"https:\/\/news.save.ch\/suva-versicherungsmissbrauch-nimmt-zu\/","name":"Suva : augmentation des abus d'assurance - Save","isPartOf":{"@id":"https:\/\/news.save.ch\/de\/#website"},"primaryImageOfPage":{"@id":"https:\/\/news.save.ch\/suva-versicherungsmissbrauch-nimmt-zu\/#primaryimage"},"image":{"@id":"https:\/\/news.save.ch\/suva-versicherungsmissbrauch-nimmt-zu\/#primaryimage"},"thumbnailUrl":"https:\/\/news.save.ch\/wp-content\/uploads\/2021\/09\/Suva_Praemien.jpeg","datePublished":"2021-09-21T07:25:15+00:00","dateModified":"2023-07-14T18:50:41+00:00","description":"En 2020, la Suva a enqu\u00eat\u00e9 sur plus de 2200 cas suspects d'abus d'assurance. De nombreux assur\u00e9s sont honn\u00eates. Mais il y a aussi des brebis galeuses parmi les m\u00e9decins et les h\u00f4pitaux qui facturent de fausses heures et de fausses prestations.","breadcrumb":{"@id":"https:\/\/news.save.ch\/suva-versicherungsmissbrauch-nimmt-zu\/#breadcrumb"},"inLanguage":"fr-FR","potentialAction":[{"@type":"ReadAction","target":["https:\/\/news.save.ch\/suva-versicherungsmissbrauch-nimmt-zu\/"]}]},{"@type":"ImageObject","inLanguage":"fr-FR","@id":"https:\/\/news.save.ch\/suva-versicherungsmissbrauch-nimmt-zu\/#primaryimage","url":"https:\/\/news.save.ch\/wp-content\/uploads\/2021\/09\/Suva_Praemien.jpeg","contentUrl":"https:\/\/news.save.ch\/wp-content\/uploads\/2021\/09\/Suva_Praemien.jpeg","width":928,"height":617,"caption":"\u00a9zVg"},{"@type":"BreadcrumbList","@id":"https:\/\/news.save.ch\/suva-versicherungsmissbrauch-nimmt-zu\/#breadcrumb","itemListElement":[{"@type":"ListItem","position":1,"name":"Home","item":"https:\/\/news.save.ch\/de\/"},{"@type":"ListItem","position":2,"name":"Suva: Zunahme von Versicherungsmissbrauch"}]},{"@type":"WebSite","@id":"https:\/\/news.save.ch\/de\/#website","url":"https:\/\/news.save.ch\/de\/","name":"Save","description":"Revue suisse sp\u00e9cialis\u00e9e dans la s\u00e9curit\u00e9","publisher":{"@id":"https:\/\/news.save.ch\/de\/#organization"},"potentialAction":[{"@type":"SearchAction","target":{"@type":"EntryPoint","urlTemplate":"https:\/\/news.save.ch\/de\/?s={search_term_string}"},"query-input":{"@type":"PropertyValueSpecification","valueRequired":true,"valueName":"search_term_string"}}],"inLanguage":"fr-FR"},{"@type":"Organization","@id":"https:\/\/news.save.ch\/de\/#organization","name":"Forum sur la s\u00e9curit\u00e9","url":"https:\/\/news.save.ch\/de\/","logo":{"@type":"ImageObject","inLanguage":"fr-FR","@id":"https:\/\/news.save.ch\/de\/#\/schema\/logo\/image\/","url":"https:\/\/news.save.ch\/wp-content\/uploads\/2022\/06\/Logo_SF_2012.png","contentUrl":"https:\/\/news.save.ch\/wp-content\/uploads\/2022\/06\/Logo_SF_2012.png","width":1100,"height":91,"caption":"Sicherheitsforum"},"image":{"@id":"https:\/\/news.save.ch\/de\/#\/schema\/logo\/image\/"}},{"@type":"Person","@id":"https:\/\/news.save.ch\/de\/#\/schema\/person\/ad4ef21102fd6125312409ac57d5296d","name":"Simon Gr\u00f6flin","image":{"@type":"ImageObject","inLanguage":"fr-FR","@id":"https:\/\/secure.gravatar.com\/avatar\/6ddceb80eb734354635539e0ea5140bb7c41e42de7c45c9a2ab9921b5d5c9a83?s=96&d=mm&r=g","url":"https:\/\/secure.gravatar.com\/avatar\/6ddceb80eb734354635539e0ea5140bb7c41e42de7c45c9a2ab9921b5d5c9a83?s=96&d=mm&r=g","contentUrl":"https:\/\/secure.gravatar.com\/avatar\/6ddceb80eb734354635539e0ea5140bb7c41e42de7c45c9a2ab9921b5d5c9a83?s=96&d=mm&r=g","caption":"Simon Gr\u00f6flin"},"url":"https:\/\/news.save.ch\/fr\/author\/simon-groeflin\/"}]}},"_links":{"self":[{"href":"https:\/\/news.save.ch\/fr\/wp-json\/wp\/v2\/posts\/7735","targetHints":{"allow":["GET"]}}],"collection":[{"href":"https:\/\/news.save.ch\/fr\/wp-json\/wp\/v2\/posts"}],"about":[{"href":"https:\/\/news.save.ch\/fr\/wp-json\/wp\/v2\/types\/post"}],"author":[{"embeddable":true,"href":"https:\/\/news.save.ch\/fr\/wp-json\/wp\/v2\/users\/9"}],"replies":[{"embeddable":true,"href":"https:\/\/news.save.ch\/fr\/wp-json\/wp\/v2\/comments?post=7735"}],"version-history":[{"count":3,"href":"https:\/\/news.save.ch\/fr\/wp-json\/wp\/v2\/posts\/7735\/revisions"}],"predecessor-version":[{"id":20853,"href":"https:\/\/news.save.ch\/fr\/wp-json\/wp\/v2\/posts\/7735\/revisions\/20853"}],"wp:featuredmedia":[{"embeddable":true,"href":"https:\/\/news.save.ch\/fr\/wp-json\/wp\/v2\/media\/7739"}],"wp:attachment":[{"href":"https:\/\/news.save.ch\/fr\/wp-json\/wp\/v2\/media?parent=7735"}],"wp:term":[{"taxonomy":"category","embeddable":true,"href":"https:\/\/news.save.ch\/fr\/wp-json\/wp\/v2\/categories?post=7735"},{"taxonomy":"post_tag","embeddable":true,"href":"https:\/\/news.save.ch\/fr\/wp-json\/wp\/v2\/tags?post=7735"}],"curies":[{"name":"wp","href":"https:\/\/api.w.org\/{rel}","templated":true}]}}