{"id":7755,"date":"2019-03-07T10:25:53","date_gmt":"2019-03-07T09:25:53","guid":{"rendered":"https:\/\/news.save.ch\/?p=7755"},"modified":"2023-03-14T09:00:00","modified_gmt":"2023-03-14T08:00:00","slug":"tuergigant-agta-record-geht-an-assa-abloy","status":null,"type":"post","link":"https:\/\/news.save.ch\/fr\/tuergigant-agta-record-geht-an-assa-abloy\/","title":{"rendered":"Le g\u00e9ant de la porte Agta Record passe sous le contr\u00f4le d'Assa Abloy"},"content":{"rendered":"<figure id=\"attachment_7756\" aria-describedby=\"caption-attachment-7756\" style=\"width: 680px\" class=\"wp-caption aligncenter\"><img loading=\"lazy\" decoding=\"async\" class=\"wp-image-7756 size-medium\" src=\"https:\/\/news.save.ch\/wp-content\/uploads\/2019\/03\/agta-record.jpg\" alt=\"Prise en charge, automatisme de porte\" width=\"680\" height=\"453\" srcset=\"https:\/\/news.save.ch\/wp-content\/uploads\/2019\/03\/agta-record.jpg 1280w, https:\/\/news.save.ch\/wp-content\/uploads\/2019\/03\/agta-record-375x250.jpg 375w\" sizes=\"auto, (max-width: 680px) 100vw, 680px\" \/><figcaption id=\"caption-attachment-7756\" class=\"wp-caption-text\">\u00a9 Agta Record<\/figcaption><\/figure>\n<p>&nbsp;<\/p>\n<p>L'entreprise su\u00e9doise Assa Abloy avait jusqu'\u00e0 pr\u00e9sent une participation minoritaire de 39% dans l'entreprise suisse <a href=\"https:\/\/www.record.group\">Agta Record<\/a>. Le 6 mars, le fabricant mondial Agta Record a annonc\u00e9 qu'une fois l'acquisition finalis\u00e9e, Assa Abloy d\u00e9tiendrait 93,77 % des actions.<\/p>\n<p><strong>Tout a commenc\u00e9 en 1953 \u00a0<\/strong><\/p>\n<p>En 1953, Helmut Heinz Bunzl a commenc\u00e9 \u00e0 commercialiser des entra\u00eenements de porte totalement nouveaux \u00e0 l'\u00e9poque. Plus de 60 ans plus tard, le groupe Agta Record fait partie des leaders mondiaux de la fabrication de syst\u00e8mes de portes automatiques. Son chiffre d'affaires annuel s'\u00e9l\u00e8ve \u00e0 352,5 millions d'euros (2016).<\/p>\n<p>La production a lieu au si\u00e8ge principal de Fehraltorf. Outre la Suisse, le groupe poss\u00e8de des sites de production en France, en Allemagne, aux \u00c9tats-Unis et en Chine. L'assortiment comprend des portes coulissantes, pliantes et battantes, des portes tournantes, des portes \u00e9tanches \u00e0 l'air et hygi\u00e9niques, des portes coupe-feu et anti-fum\u00e9e, des syst\u00e8mes de portes unidirectionnelles pour personnes, des portes rapides pour applications industrielles ainsi que des portes de s\u00e9curit\u00e9 pour l'utilisation dans les voies d'\u00e9vacuation et de secours. Mais nous fabriquons \u00e9galement des portes t\u00e9lescopiques, des portes coulissantes rondes et angulaires ainsi que des portes anti-effraction.<\/p>\n<p>Agta Record emploie plus de 2500 personnes dans le monde entier et dispose d'un r\u00e9seau de distribution de 43 filiales et d'environ 200 distributeurs. <em>(rs)<\/em><\/p>\n<p>&nbsp;<\/p>\n<p>&nbsp;<\/p>","protected":false},"excerpt":{"rendered":"<p>&nbsp; Das schwedische Unternehmen Assa Abloy hatte bis anhin ein Minderheitsbeteiligung von 39 Prozent am Schweizer Unternehmen Agta Record. Am 6. M\u00e4rz teilte der weltweit t\u00e4tige Hersteller Agta Record mit, sobald die \u00dcbernahme abgeschlossen sei, werde Assa Abloy 93,77 Prozent der Aktien besitzen. Alles begann 1953 \u00a0 1953 begann Helmut Heinz Bunzl\u00a0mit dem Vertrieb von [&hellip;]<\/p>\n","protected":false},"author":8,"featured_media":7756,"comment_status":"open","ping_status":"open","sticky":false,"template":"","format":"standard","meta":{"_acf_changed":false,"pgc_sgb_lightbox_settings":"","footnotes":""},"categories":[3312],"tags":[65,91],"class_list":["post-7755","post","type-post","status-publish","format-standard","has-post-thumbnail","hentry","category-sicherheit","tag-unternehmen","tag-zutrittsysteme"],"acf":[],"hkrextid":null,"publication":null,"issue":null,"workflow":null,"startPage":null,"spitzmarke":null,"_posts_by_tag_page_fields":{"widget_title":"","widget_tags":""},"_at_widget":"1","_yoast_wpseo_primary_category":"3303","_yoast_wpseo_focuskw_text_input":"T\u00fcrautomatik","_yoast_wpseo_opengraph-image":null,"_yoast_wpseo_opengraph-description":null,"_yoast_wpseo_opengraph-title":null,"enclosure":null,"_yoast_wpseo_twitter-title":null,"_yoast_wpseo_twitter-description":null,"_yoast_wpseo_twitter-image":null,"_wp_old_slug":null,"_yoast_wpseo_title":null,"_yoast_wpseo_canonical":null,"yoast_head":"<!-- This site is optimized with the Yoast SEO plugin v27.5 - https:\/\/yoast.com\/product\/yoast-seo-wordpress\/ -->\n<title>T\u00fcrgigant Agta Record geht an Assa Abloy - Save<\/title>\n<meta name=\"description\" content=\"Die auf den Bereich Automatikt\u00fcren spezialisierte Agta Record AG mit Sitz im z\u00fcrcherischen Fehraltorf hat ihre Aktienmehrheit an Assa Abloy AG verkauft.\" \/>\n<meta name=\"robots\" content=\"index, follow, max-snippet:-1, max-image-preview:large, max-video-preview:-1\" \/>\n<link rel=\"canonical\" href=\"https:\/\/news.save.ch\/fr\/tuergigant-agta-record-geht-an-assa-abloy\/\" \/>\n<meta property=\"og:locale\" content=\"fr_FR\" \/>\n<meta property=\"og:type\" content=\"article\" \/>\n<meta property=\"og:title\" content=\"T\u00fcrgigant Agta Record geht an Assa Abloy - Save\" \/>\n<meta property=\"og:description\" content=\"Die auf den Bereich Automatikt\u00fcren spezialisierte Agta Record AG mit Sitz im z\u00fcrcherischen Fehraltorf hat ihre Aktienmehrheit an Assa Abloy AG verkauft.\" \/>\n<meta property=\"og:url\" content=\"https:\/\/news.save.ch\/fr\/tuergigant-agta-record-geht-an-assa-abloy\/\" \/>\n<meta property=\"og:site_name\" content=\"Save\" \/>\n<meta property=\"article:published_time\" content=\"2019-03-07T09:25:53+00:00\" \/>\n<meta property=\"article:modified_time\" content=\"2023-03-14T08:00:00+00:00\" \/>\n<meta property=\"og:image\" content=\"https:\/\/news.save.ch\/wp-content\/uploads\/2019\/03\/agta-record.jpg\" \/>\n\t<meta property=\"og:image:width\" content=\"1280\" \/>\n\t<meta property=\"og:image:height\" content=\"852\" \/>\n\t<meta property=\"og:image:type\" content=\"image\/jpeg\" \/>\n<meta name=\"author\" content=\"Roger Str\u00e4ssle\" \/>\n<meta name=\"twitter:card\" content=\"summary_large_image\" \/>\n<meta name=\"twitter:label1\" content=\"\u00c9crit par\" \/>\n\t<meta name=\"twitter:data1\" content=\"Roger Str\u00e4ssle\" \/>\n\t<meta name=\"twitter:label2\" content=\"Dur\u00e9e de lecture estim\u00e9e\" \/>\n\t<meta name=\"twitter:data2\" content=\"1 minute\" \/>\n<script type=\"application\/ld+json\" class=\"yoast-schema-graph\">{\"@context\":\"https:\\\/\\\/schema.org\",\"@graph\":[{\"@type\":\"Article\",\"@id\":\"https:\\\/\\\/news.save.ch\\\/tuergigant-agta-record-geht-an-assa-abloy\\\/#article\",\"isPartOf\":{\"@id\":\"https:\\\/\\\/news.save.ch\\\/tuergigant-agta-record-geht-an-assa-abloy\\\/\"},\"author\":{\"name\":\"Roger Str\u00e4ssle\",\"@id\":\"https:\\\/\\\/news.save.ch\\\/de\\\/#\\\/schema\\\/person\\\/d5022db048e0e2b9785c50e5b24da5aa\"},\"headline\":\"T\u00fcrgigant Agta Record geht an Assa Abloy\",\"datePublished\":\"2019-03-07T09:25:53+00:00\",\"dateModified\":\"2023-03-14T08:00:00+00:00\",\"mainEntityOfPage\":{\"@id\":\"https:\\\/\\\/news.save.ch\\\/tuergigant-agta-record-geht-an-assa-abloy\\\/\"},\"wordCount\":198,\"commentCount\":0,\"publisher\":{\"@id\":\"https:\\\/\\\/news.save.ch\\\/de\\\/#organization\"},\"image\":{\"@id\":\"https:\\\/\\\/news.save.ch\\\/tuergigant-agta-record-geht-an-assa-abloy\\\/#primaryimage\"},\"thumbnailUrl\":\"https:\\\/\\\/news.save.ch\\\/wp-content\\\/uploads\\\/2019\\\/03\\\/agta-record.jpg\",\"keywords\":[\"Unternehmen\",\"Zutrittsysteme\"],\"articleSection\":[\"SICHERHEIT\"],\"inLanguage\":\"fr-FR\"},{\"@type\":\"WebPage\",\"@id\":\"https:\\\/\\\/news.save.ch\\\/tuergigant-agta-record-geht-an-assa-abloy\\\/\",\"url\":\"https:\\\/\\\/news.save.ch\\\/tuergigant-agta-record-geht-an-assa-abloy\\\/\",\"name\":\"T\u00fcrgigant Agta Record geht an Assa Abloy - Save\",\"isPartOf\":{\"@id\":\"https:\\\/\\\/news.save.ch\\\/de\\\/#website\"},\"primaryImageOfPage\":{\"@id\":\"https:\\\/\\\/news.save.ch\\\/tuergigant-agta-record-geht-an-assa-abloy\\\/#primaryimage\"},\"image\":{\"@id\":\"https:\\\/\\\/news.save.ch\\\/tuergigant-agta-record-geht-an-assa-abloy\\\/#primaryimage\"},\"thumbnailUrl\":\"https:\\\/\\\/news.save.ch\\\/wp-content\\\/uploads\\\/2019\\\/03\\\/agta-record.jpg\",\"datePublished\":\"2019-03-07T09:25:53+00:00\",\"dateModified\":\"2023-03-14T08:00:00+00:00\",\"description\":\"Die auf den Bereich Automatikt\u00fcren spezialisierte Agta Record AG mit Sitz im z\u00fcrcherischen Fehraltorf hat ihre Aktienmehrheit an Assa Abloy AG verkauft.\",\"breadcrumb\":{\"@id\":\"https:\\\/\\\/news.save.ch\\\/tuergigant-agta-record-geht-an-assa-abloy\\\/#breadcrumb\"},\"inLanguage\":\"fr-FR\",\"potentialAction\":[{\"@type\":\"ReadAction\",\"target\":[\"https:\\\/\\\/news.save.ch\\\/tuergigant-agta-record-geht-an-assa-abloy\\\/\"]}]},{\"@type\":\"ImageObject\",\"inLanguage\":\"fr-FR\",\"@id\":\"https:\\\/\\\/news.save.ch\\\/tuergigant-agta-record-geht-an-assa-abloy\\\/#primaryimage\",\"url\":\"https:\\\/\\\/news.save.ch\\\/wp-content\\\/uploads\\\/2019\\\/03\\\/agta-record.jpg\",\"contentUrl\":\"https:\\\/\\\/news.save.ch\\\/wp-content\\\/uploads\\\/2019\\\/03\\\/agta-record.jpg\",\"width\":1280,\"height\":852,\"caption\":\"\u00a9 Agta Record\"},{\"@type\":\"BreadcrumbList\",\"@id\":\"https:\\\/\\\/news.save.ch\\\/tuergigant-agta-record-geht-an-assa-abloy\\\/#breadcrumb\",\"itemListElement\":[{\"@type\":\"ListItem\",\"position\":1,\"name\":\"Home\",\"item\":\"https:\\\/\\\/news.save.ch\\\/de\\\/\"},{\"@type\":\"ListItem\",\"position\":2,\"name\":\"T\u00fcrgigant Agta Record geht an Assa Abloy\"}]},{\"@type\":\"WebSite\",\"@id\":\"https:\\\/\\\/news.save.ch\\\/de\\\/#website\",\"url\":\"https:\\\/\\\/news.save.ch\\\/de\\\/\",\"name\":\"Save\",\"description\":\"Schweizer Fachzeitschrift f\u00fcr Sicherheit\",\"publisher\":{\"@id\":\"https:\\\/\\\/news.save.ch\\\/de\\\/#organization\"},\"potentialAction\":[{\"@type\":\"SearchAction\",\"target\":{\"@type\":\"EntryPoint\",\"urlTemplate\":\"https:\\\/\\\/news.save.ch\\\/de\\\/?s={search_term_string}\"},\"query-input\":{\"@type\":\"PropertyValueSpecification\",\"valueRequired\":true,\"valueName\":\"search_term_string\"}}],\"inLanguage\":\"fr-FR\"},{\"@type\":\"Organization\",\"@id\":\"https:\\\/\\\/news.save.ch\\\/de\\\/#organization\",\"name\":\"Sicherheitsforum\",\"url\":\"https:\\\/\\\/news.save.ch\\\/de\\\/\",\"logo\":{\"@type\":\"ImageObject\",\"inLanguage\":\"fr-FR\",\"@id\":\"https:\\\/\\\/news.save.ch\\\/de\\\/#\\\/schema\\\/logo\\\/image\\\/\",\"url\":\"https:\\\/\\\/news.save.ch\\\/wp-content\\\/uploads\\\/2022\\\/06\\\/Logo_SF_2012.png\",\"contentUrl\":\"https:\\\/\\\/news.save.ch\\\/wp-content\\\/uploads\\\/2022\\\/06\\\/Logo_SF_2012.png\",\"width\":1100,\"height\":91,\"caption\":\"Sicherheitsforum\"},\"image\":{\"@id\":\"https:\\\/\\\/news.save.ch\\\/de\\\/#\\\/schema\\\/logo\\\/image\\\/\"}},{\"@type\":\"Person\",\"@id\":\"https:\\\/\\\/news.save.ch\\\/de\\\/#\\\/schema\\\/person\\\/d5022db048e0e2b9785c50e5b24da5aa\",\"name\":\"Roger Str\u00e4ssle\",\"image\":{\"@type\":\"ImageObject\",\"inLanguage\":\"fr-FR\",\"@id\":\"https:\\\/\\\/secure.gravatar.com\\\/avatar\\\/862a5569d087de48e5856e32f45d719a03804c891d6deb8d4f71a660e79e4a47?s=96&d=mm&r=g\",\"url\":\"https:\\\/\\\/secure.gravatar.com\\\/avatar\\\/862a5569d087de48e5856e32f45d719a03804c891d6deb8d4f71a660e79e4a47?s=96&d=mm&r=g\",\"contentUrl\":\"https:\\\/\\\/secure.gravatar.com\\\/avatar\\\/862a5569d087de48e5856e32f45d719a03804c891d6deb8d4f71a660e79e4a47?s=96&d=mm&r=g\",\"caption\":\"Roger Str\u00e4ssle\"},\"url\":\"https:\\\/\\\/news.save.ch\\\/fr\\\/author\\\/roger-straessle\\\/\"}]}<\/script>\n<!-- \/ Yoast SEO plugin. -->","yoast_head_json":{"title":"Le g\u00e9ant de la porte Agta Record passe sous le contr\u00f4le d'Assa Abloy - Save","description":"La soci\u00e9t\u00e9 Agta Record AG, sp\u00e9cialis\u00e9e dans le domaine des portes automatiques et bas\u00e9e \u00e0 Fehraltorf dans le canton de Zurich, a vendu la majorit\u00e9 de ses actions \u00e0 Assa Abloy AG.","robots":{"index":"index","follow":"follow","max-snippet":"max-snippet:-1","max-image-preview":"max-image-preview:large","max-video-preview":"max-video-preview:-1"},"canonical":"https:\/\/news.save.ch\/fr\/tuergigant-agta-record-geht-an-assa-abloy\/","og_locale":"fr_FR","og_type":"article","og_title":"T\u00fcrgigant Agta Record geht an Assa Abloy - Save","og_description":"Die auf den Bereich Automatikt\u00fcren spezialisierte Agta Record AG mit Sitz im z\u00fcrcherischen Fehraltorf hat ihre Aktienmehrheit an Assa Abloy AG verkauft.","og_url":"https:\/\/news.save.ch\/fr\/tuergigant-agta-record-geht-an-assa-abloy\/","og_site_name":"Save","article_published_time":"2019-03-07T09:25:53+00:00","article_modified_time":"2023-03-14T08:00:00+00:00","og_image":[{"width":1280,"height":852,"url":"https:\/\/news.save.ch\/wp-content\/uploads\/2019\/03\/agta-record.jpg","type":"image\/jpeg"}],"author":"Roger Str\u00e4ssle","twitter_card":"summary_large_image","twitter_misc":{"\u00c9crit par":"Roger Str\u00e4ssle","Dur\u00e9e de lecture estim\u00e9e":"1 minute"},"schema":{"@context":"https:\/\/schema.org","@graph":[{"@type":"Article","@id":"https:\/\/news.save.ch\/tuergigant-agta-record-geht-an-assa-abloy\/#article","isPartOf":{"@id":"https:\/\/news.save.ch\/tuergigant-agta-record-geht-an-assa-abloy\/"},"author":{"name":"Roger Str\u00e4ssle","@id":"https:\/\/news.save.ch\/de\/#\/schema\/person\/d5022db048e0e2b9785c50e5b24da5aa"},"headline":"T\u00fcrgigant Agta Record geht an Assa Abloy","datePublished":"2019-03-07T09:25:53+00:00","dateModified":"2023-03-14T08:00:00+00:00","mainEntityOfPage":{"@id":"https:\/\/news.save.ch\/tuergigant-agta-record-geht-an-assa-abloy\/"},"wordCount":198,"commentCount":0,"publisher":{"@id":"https:\/\/news.save.ch\/de\/#organization"},"image":{"@id":"https:\/\/news.save.ch\/tuergigant-agta-record-geht-an-assa-abloy\/#primaryimage"},"thumbnailUrl":"https:\/\/news.save.ch\/wp-content\/uploads\/2019\/03\/agta-record.jpg","keywords":["Unternehmen","Zutrittsysteme"],"articleSection":["SICHERHEIT"],"inLanguage":"fr-FR"},{"@type":"WebPage","@id":"https:\/\/news.save.ch\/tuergigant-agta-record-geht-an-assa-abloy\/","url":"https:\/\/news.save.ch\/tuergigant-agta-record-geht-an-assa-abloy\/","name":"Le g\u00e9ant de la porte Agta Record passe sous le contr\u00f4le d'Assa Abloy - Save","isPartOf":{"@id":"https:\/\/news.save.ch\/de\/#website"},"primaryImageOfPage":{"@id":"https:\/\/news.save.ch\/tuergigant-agta-record-geht-an-assa-abloy\/#primaryimage"},"image":{"@id":"https:\/\/news.save.ch\/tuergigant-agta-record-geht-an-assa-abloy\/#primaryimage"},"thumbnailUrl":"https:\/\/news.save.ch\/wp-content\/uploads\/2019\/03\/agta-record.jpg","datePublished":"2019-03-07T09:25:53+00:00","dateModified":"2023-03-14T08:00:00+00:00","description":"La soci\u00e9t\u00e9 Agta Record AG, sp\u00e9cialis\u00e9e dans le domaine des portes automatiques et bas\u00e9e \u00e0 Fehraltorf dans le canton de Zurich, a vendu la majorit\u00e9 de ses actions \u00e0 Assa Abloy AG.","breadcrumb":{"@id":"https:\/\/news.save.ch\/tuergigant-agta-record-geht-an-assa-abloy\/#breadcrumb"},"inLanguage":"fr-FR","potentialAction":[{"@type":"ReadAction","target":["https:\/\/news.save.ch\/tuergigant-agta-record-geht-an-assa-abloy\/"]}]},{"@type":"ImageObject","inLanguage":"fr-FR","@id":"https:\/\/news.save.ch\/tuergigant-agta-record-geht-an-assa-abloy\/#primaryimage","url":"https:\/\/news.save.ch\/wp-content\/uploads\/2019\/03\/agta-record.jpg","contentUrl":"https:\/\/news.save.ch\/wp-content\/uploads\/2019\/03\/agta-record.jpg","width":1280,"height":852,"caption":"\u00a9 Agta Record"},{"@type":"BreadcrumbList","@id":"https:\/\/news.save.ch\/tuergigant-agta-record-geht-an-assa-abloy\/#breadcrumb","itemListElement":[{"@type":"ListItem","position":1,"name":"Home","item":"https:\/\/news.save.ch\/de\/"},{"@type":"ListItem","position":2,"name":"T\u00fcrgigant Agta Record geht an Assa Abloy"}]},{"@type":"WebSite","@id":"https:\/\/news.save.ch\/de\/#website","url":"https:\/\/news.save.ch\/de\/","name":"Save","description":"Revue suisse sp\u00e9cialis\u00e9e dans la s\u00e9curit\u00e9","publisher":{"@id":"https:\/\/news.save.ch\/de\/#organization"},"potentialAction":[{"@type":"SearchAction","target":{"@type":"EntryPoint","urlTemplate":"https:\/\/news.save.ch\/de\/?s={search_term_string}"},"query-input":{"@type":"PropertyValueSpecification","valueRequired":true,"valueName":"search_term_string"}}],"inLanguage":"fr-FR"},{"@type":"Organization","@id":"https:\/\/news.save.ch\/de\/#organization","name":"Forum sur la s\u00e9curit\u00e9","url":"https:\/\/news.save.ch\/de\/","logo":{"@type":"ImageObject","inLanguage":"fr-FR","@id":"https:\/\/news.save.ch\/de\/#\/schema\/logo\/image\/","url":"https:\/\/news.save.ch\/wp-content\/uploads\/2022\/06\/Logo_SF_2012.png","contentUrl":"https:\/\/news.save.ch\/wp-content\/uploads\/2022\/06\/Logo_SF_2012.png","width":1100,"height":91,"caption":"Sicherheitsforum"},"image":{"@id":"https:\/\/news.save.ch\/de\/#\/schema\/logo\/image\/"}},{"@type":"Person","@id":"https:\/\/news.save.ch\/de\/#\/schema\/person\/d5022db048e0e2b9785c50e5b24da5aa","name":"Roger Str\u00e4ssle","image":{"@type":"ImageObject","inLanguage":"fr-FR","@id":"https:\/\/secure.gravatar.com\/avatar\/862a5569d087de48e5856e32f45d719a03804c891d6deb8d4f71a660e79e4a47?s=96&d=mm&r=g","url":"https:\/\/secure.gravatar.com\/avatar\/862a5569d087de48e5856e32f45d719a03804c891d6deb8d4f71a660e79e4a47?s=96&d=mm&r=g","contentUrl":"https:\/\/secure.gravatar.com\/avatar\/862a5569d087de48e5856e32f45d719a03804c891d6deb8d4f71a660e79e4a47?s=96&d=mm&r=g","caption":"Roger Str\u00e4ssle"},"url":"https:\/\/news.save.ch\/fr\/author\/roger-straessle\/"}]}},"_links":{"self":[{"href":"https:\/\/news.save.ch\/fr\/wp-json\/wp\/v2\/posts\/7755","targetHints":{"allow":["GET"]}}],"collection":[{"href":"https:\/\/news.save.ch\/fr\/wp-json\/wp\/v2\/posts"}],"about":[{"href":"https:\/\/news.save.ch\/fr\/wp-json\/wp\/v2\/types\/post"}],"author":[{"embeddable":true,"href":"https:\/\/news.save.ch\/fr\/wp-json\/wp\/v2\/users\/8"}],"replies":[{"embeddable":true,"href":"https:\/\/news.save.ch\/fr\/wp-json\/wp\/v2\/comments?post=7755"}],"version-history":[{"count":1,"href":"https:\/\/news.save.ch\/fr\/wp-json\/wp\/v2\/posts\/7755\/revisions"}],"predecessor-version":[{"id":17984,"href":"https:\/\/news.save.ch\/fr\/wp-json\/wp\/v2\/posts\/7755\/revisions\/17984"}],"wp:featuredmedia":[{"embeddable":true,"href":"https:\/\/news.save.ch\/fr\/wp-json\/wp\/v2\/media\/7756"}],"wp:attachment":[{"href":"https:\/\/news.save.ch\/fr\/wp-json\/wp\/v2\/media?parent=7755"}],"wp:term":[{"taxonomy":"category","embeddable":true,"href":"https:\/\/news.save.ch\/fr\/wp-json\/wp\/v2\/categories?post=7755"},{"taxonomy":"post_tag","embeddable":true,"href":"https:\/\/news.save.ch\/fr\/wp-json\/wp\/v2\/tags?post=7755"}],"curies":[{"name":"wp","href":"https:\/\/api.w.org\/{rel}","templated":true}]}}