{"id":7800,"date":"2019-03-15T09:12:33","date_gmt":"2019-03-15T08:12:33","guid":{"rendered":"https:\/\/news.save.ch\/?p=7800"},"modified":"2019-03-15T09:12:33","modified_gmt":"2019-03-15T08:12:33","slug":"swiss-safety-center-mit-neuem-leiter-werkstofftechnik","status":null,"type":"post","link":"https:\/\/news.save.ch\/fr\/swiss-safety-center-mit-neuem-leiter-werkstofftechnik\/","title":{"rendered":"Le Swiss Safety Center a un nouveau responsable de la technologie des mat\u00e9riaux"},"content":{"rendered":"<figure id=\"attachment_7803\" aria-describedby=\"caption-attachment-7803\" style=\"width: 680px\" class=\"wp-caption alignleft\"><img loading=\"lazy\" decoding=\"async\" class=\"size-medium wp-image-7803\" src=\"https:\/\/news.save.ch\/wp-content\/uploads\/2019\/03\/Rene-Radis-1-scaled-1.jpg\" alt=\"\" width=\"680\" height=\"811\" \/><figcaption id=\"caption-attachment-7803\" class=\"wp-caption-text\">Rene Radis<\/figcaption><\/figure>\n<p>Rene Radis succ\u00e8de \u00e0 Markus Zgraggen, qui a contribu\u00e9 \u00e0 d\u00e9velopper ce domaine avec succ\u00e8s depuis 2009 en tant qu'IWT Institut f\u00fcr Werkstofftechnologie, puis en tant que d\u00e9partement du Swiss Safety Center, et qui a maintenant accept\u00e9 de relever un nouveau d\u00e9fi.<\/p>\n<p><strong>Direction op\u00e9rationnelle du laboratoire d'essais<\/strong><\/p>\n<p>Rene Radis est titulaire d'un doctorat en sciences des mat\u00e9riaux, d'un dipl\u00f4me d'ing\u00e9nieur en m\u00e9canique avec sp\u00e9cialisation en technique de production et d'une formation d'International Welding Engineer. Il apporte un savoir-faire suppl\u00e9mentaire dans son nouveau domaine d'activit\u00e9 gr\u00e2ce \u00e0 sa longue exp\u00e9rience professionnelle acquise \u00e0 l'universit\u00e9, dans l'industrie et dans un grand groupe international. Il prend en charge la direction op\u00e9rationnelle du laboratoire d'essai, dont la comp\u00e9tence principale est le contr\u00f4le des mat\u00e9riaux et l'analyse des dommages sur des mat\u00e9riaux essentiellement m\u00e9talliques.<\/p>\n<p><em>Source : <a href=\"https:\/\/www.safetycenter.ch\">Centre suisse de s\u00e9curit\u00e9<\/a><\/em><\/p>","protected":false},"excerpt":{"rendered":"<p>Rene Radis folgt auf Markus Zgraggen, der diesen Bereich seit 2009 als IWT Institut f\u00fcr Werkstofftechnologie und sp\u00e4ter als Abteilung des Swiss Safety Centers erfolgreich mitaufgebaut und jetzt eine neue Herausforderung angenommen hat. Operative Leitung des Pr\u00fcflabors Rene Radis ist promovierter Werkstoffwissenschaftler, Diplom-Ingenieur Maschinenbau mit Studienrichtung Produktionstechnik sowie ausgebildeter International Welding Engineer. Weiteres Know-how bringt [&hellip;]<\/p>\n","protected":false},"author":8,"featured_media":7803,"comment_status":"open","ping_status":"open","sticky":false,"template":"","format":"standard","meta":{"_acf_changed":false,"pgc_sgb_lightbox_settings":"","footnotes":""},"categories":[1],"tags":[466,65],"class_list":["post-7800","post","type-post","status-publish","format-standard","has-post-thumbnail","hentry","category-allgemein","tag-swiss-safety-center","tag-unternehmen"],"acf":[],"hkrextid":null,"publication":null,"issue":null,"workflow":null,"startPage":null,"spitzmarke":null,"_posts_by_tag_page_fields":{"widget_title":"","widget_tags":""},"_at_widget":"1","_yoast_wpseo_primary_category":"1","_yoast_wpseo_focuskw_text_input":"Swiss Safety Center","_yoast_wpseo_opengraph-image":null,"_yoast_wpseo_opengraph-description":null,"_yoast_wpseo_opengraph-title":null,"enclosure":null,"_yoast_wpseo_twitter-title":null,"_yoast_wpseo_twitter-description":null,"_yoast_wpseo_twitter-image":null,"_wp_old_slug":null,"_yoast_wpseo_title":null,"_yoast_wpseo_canonical":null,"yoast_head":"<!-- This site is optimized with the Yoast SEO plugin v27.5 - https:\/\/yoast.com\/product\/yoast-seo-wordpress\/ -->\n<title>Swiss Safety Center mit neuem Leiter Werkstofftechnik - Save<\/title>\n<meta name=\"description\" content=\"Dr. Rene Radis \u00fcbernimmt per 1. Mai 2019 den Bereich Werkstofftechnik des Swiss Safety Centers. Er folgt auf Markus Zgraggen.\" \/>\n<meta name=\"robots\" content=\"index, follow, max-snippet:-1, max-image-preview:large, max-video-preview:-1\" \/>\n<link rel=\"canonical\" href=\"https:\/\/news.save.ch\/fr\/swiss-safety-center-mit-neuem-leiter-werkstofftechnik\/\" \/>\n<meta property=\"og:locale\" content=\"fr_FR\" \/>\n<meta property=\"og:type\" content=\"article\" \/>\n<meta property=\"og:title\" content=\"Swiss Safety Center mit neuem Leiter Werkstofftechnik - Save\" \/>\n<meta property=\"og:description\" content=\"Dr. Rene Radis \u00fcbernimmt per 1. Mai 2019 den Bereich Werkstofftechnik des Swiss Safety Centers. Er folgt auf Markus Zgraggen.\" \/>\n<meta property=\"og:url\" content=\"https:\/\/news.save.ch\/fr\/swiss-safety-center-mit-neuem-leiter-werkstofftechnik\/\" \/>\n<meta property=\"og:site_name\" content=\"Save\" \/>\n<meta property=\"article:published_time\" content=\"2019-03-15T08:12:33+00:00\" \/>\n<meta property=\"og:image\" content=\"https:\/\/news.save.ch\/wp-content\/uploads\/2019\/03\/Rene-Radis-1-scaled-1-scaled.jpg\" \/>\n\t<meta property=\"og:image:width\" content=\"1174\" \/>\n\t<meta property=\"og:image:height\" content=\"1400\" \/>\n\t<meta property=\"og:image:type\" content=\"image\/jpeg\" \/>\n<meta name=\"author\" content=\"Roger Str\u00e4ssle\" \/>\n<meta name=\"twitter:card\" content=\"summary_large_image\" \/>\n<meta name=\"twitter:label1\" content=\"\u00c9crit par\" \/>\n\t<meta name=\"twitter:data1\" content=\"Roger Str\u00e4ssle\" \/>\n\t<meta name=\"twitter:label2\" content=\"Dur\u00e9e de lecture estim\u00e9e\" \/>\n\t<meta name=\"twitter:data2\" content=\"1 minute\" \/>\n<script type=\"application\/ld+json\" class=\"yoast-schema-graph\">{\"@context\":\"https:\\\/\\\/schema.org\",\"@graph\":[{\"@type\":\"Article\",\"@id\":\"https:\\\/\\\/news.save.ch\\\/swiss-safety-center-mit-neuem-leiter-werkstofftechnik\\\/#article\",\"isPartOf\":{\"@id\":\"https:\\\/\\\/news.save.ch\\\/swiss-safety-center-mit-neuem-leiter-werkstofftechnik\\\/\"},\"author\":{\"name\":\"Roger Str\u00e4ssle\",\"@id\":\"https:\\\/\\\/news.save.ch\\\/de\\\/#\\\/schema\\\/person\\\/d5022db048e0e2b9785c50e5b24da5aa\"},\"headline\":\"Swiss Safety Center mit neuem Leiter Werkstofftechnik\",\"datePublished\":\"2019-03-15T08:12:33+00:00\",\"mainEntityOfPage\":{\"@id\":\"https:\\\/\\\/news.save.ch\\\/swiss-safety-center-mit-neuem-leiter-werkstofftechnik\\\/\"},\"wordCount\":120,\"commentCount\":0,\"publisher\":{\"@id\":\"https:\\\/\\\/news.save.ch\\\/de\\\/#organization\"},\"image\":{\"@id\":\"https:\\\/\\\/news.save.ch\\\/swiss-safety-center-mit-neuem-leiter-werkstofftechnik\\\/#primaryimage\"},\"thumbnailUrl\":\"https:\\\/\\\/news.save.ch\\\/wp-content\\\/uploads\\\/2019\\\/03\\\/Rene-Radis-1-scaled-1-scaled.jpg\",\"keywords\":[\"Swiss Safety Center\",\"Unternehmen\"],\"articleSection\":[\"ALLGEMEIN\"],\"inLanguage\":\"fr-FR\"},{\"@type\":\"WebPage\",\"@id\":\"https:\\\/\\\/news.save.ch\\\/swiss-safety-center-mit-neuem-leiter-werkstofftechnik\\\/\",\"url\":\"https:\\\/\\\/news.save.ch\\\/swiss-safety-center-mit-neuem-leiter-werkstofftechnik\\\/\",\"name\":\"Swiss Safety Center mit neuem Leiter Werkstofftechnik - Save\",\"isPartOf\":{\"@id\":\"https:\\\/\\\/news.save.ch\\\/de\\\/#website\"},\"primaryImageOfPage\":{\"@id\":\"https:\\\/\\\/news.save.ch\\\/swiss-safety-center-mit-neuem-leiter-werkstofftechnik\\\/#primaryimage\"},\"image\":{\"@id\":\"https:\\\/\\\/news.save.ch\\\/swiss-safety-center-mit-neuem-leiter-werkstofftechnik\\\/#primaryimage\"},\"thumbnailUrl\":\"https:\\\/\\\/news.save.ch\\\/wp-content\\\/uploads\\\/2019\\\/03\\\/Rene-Radis-1-scaled-1-scaled.jpg\",\"datePublished\":\"2019-03-15T08:12:33+00:00\",\"description\":\"Dr. Rene Radis \u00fcbernimmt per 1. Mai 2019 den Bereich Werkstofftechnik des Swiss Safety Centers. Er folgt auf Markus Zgraggen.\",\"breadcrumb\":{\"@id\":\"https:\\\/\\\/news.save.ch\\\/swiss-safety-center-mit-neuem-leiter-werkstofftechnik\\\/#breadcrumb\"},\"inLanguage\":\"fr-FR\",\"potentialAction\":[{\"@type\":\"ReadAction\",\"target\":[\"https:\\\/\\\/news.save.ch\\\/swiss-safety-center-mit-neuem-leiter-werkstofftechnik\\\/\"]}]},{\"@type\":\"ImageObject\",\"inLanguage\":\"fr-FR\",\"@id\":\"https:\\\/\\\/news.save.ch\\\/swiss-safety-center-mit-neuem-leiter-werkstofftechnik\\\/#primaryimage\",\"url\":\"https:\\\/\\\/news.save.ch\\\/wp-content\\\/uploads\\\/2019\\\/03\\\/Rene-Radis-1-scaled-1-scaled.jpg\",\"contentUrl\":\"https:\\\/\\\/news.save.ch\\\/wp-content\\\/uploads\\\/2019\\\/03\\\/Rene-Radis-1-scaled-1-scaled.jpg\",\"width\":1174,\"height\":1400,\"caption\":\"Rene Radis\"},{\"@type\":\"BreadcrumbList\",\"@id\":\"https:\\\/\\\/news.save.ch\\\/swiss-safety-center-mit-neuem-leiter-werkstofftechnik\\\/#breadcrumb\",\"itemListElement\":[{\"@type\":\"ListItem\",\"position\":1,\"name\":\"Home\",\"item\":\"https:\\\/\\\/news.save.ch\\\/de\\\/\"},{\"@type\":\"ListItem\",\"position\":2,\"name\":\"Swiss Safety Center mit neuem Leiter Werkstofftechnik\"}]},{\"@type\":\"WebSite\",\"@id\":\"https:\\\/\\\/news.save.ch\\\/de\\\/#website\",\"url\":\"https:\\\/\\\/news.save.ch\\\/de\\\/\",\"name\":\"Save\",\"description\":\"Schweizer Fachzeitschrift f\u00fcr Sicherheit\",\"publisher\":{\"@id\":\"https:\\\/\\\/news.save.ch\\\/de\\\/#organization\"},\"potentialAction\":[{\"@type\":\"SearchAction\",\"target\":{\"@type\":\"EntryPoint\",\"urlTemplate\":\"https:\\\/\\\/news.save.ch\\\/de\\\/?s={search_term_string}\"},\"query-input\":{\"@type\":\"PropertyValueSpecification\",\"valueRequired\":true,\"valueName\":\"search_term_string\"}}],\"inLanguage\":\"fr-FR\"},{\"@type\":\"Organization\",\"@id\":\"https:\\\/\\\/news.save.ch\\\/de\\\/#organization\",\"name\":\"Sicherheitsforum\",\"url\":\"https:\\\/\\\/news.save.ch\\\/de\\\/\",\"logo\":{\"@type\":\"ImageObject\",\"inLanguage\":\"fr-FR\",\"@id\":\"https:\\\/\\\/news.save.ch\\\/de\\\/#\\\/schema\\\/logo\\\/image\\\/\",\"url\":\"https:\\\/\\\/news.save.ch\\\/wp-content\\\/uploads\\\/2022\\\/06\\\/Logo_SF_2012.png\",\"contentUrl\":\"https:\\\/\\\/news.save.ch\\\/wp-content\\\/uploads\\\/2022\\\/06\\\/Logo_SF_2012.png\",\"width\":1100,\"height\":91,\"caption\":\"Sicherheitsforum\"},\"image\":{\"@id\":\"https:\\\/\\\/news.save.ch\\\/de\\\/#\\\/schema\\\/logo\\\/image\\\/\"}},{\"@type\":\"Person\",\"@id\":\"https:\\\/\\\/news.save.ch\\\/de\\\/#\\\/schema\\\/person\\\/d5022db048e0e2b9785c50e5b24da5aa\",\"name\":\"Roger Str\u00e4ssle\",\"image\":{\"@type\":\"ImageObject\",\"inLanguage\":\"fr-FR\",\"@id\":\"https:\\\/\\\/secure.gravatar.com\\\/avatar\\\/862a5569d087de48e5856e32f45d719a03804c891d6deb8d4f71a660e79e4a47?s=96&d=mm&r=g\",\"url\":\"https:\\\/\\\/secure.gravatar.com\\\/avatar\\\/862a5569d087de48e5856e32f45d719a03804c891d6deb8d4f71a660e79e4a47?s=96&d=mm&r=g\",\"contentUrl\":\"https:\\\/\\\/secure.gravatar.com\\\/avatar\\\/862a5569d087de48e5856e32f45d719a03804c891d6deb8d4f71a660e79e4a47?s=96&d=mm&r=g\",\"caption\":\"Roger Str\u00e4ssle\"},\"url\":\"https:\\\/\\\/news.save.ch\\\/fr\\\/author\\\/roger-straessle\\\/\"}]}<\/script>\n<!-- \/ Yoast SEO plugin. -->","yoast_head_json":{"title":"Le Swiss Safety Center a un nouveau responsable de la technologie des mat\u00e9riaux - Save","description":"Le Dr Rene Radis prendra en charge le domaine de la technologie des mat\u00e9riaux du Swiss Safety Center \u00e0 partir du 1er mai 2019. Il succ\u00e8de \u00e0 Markus Zgraggen.","robots":{"index":"index","follow":"follow","max-snippet":"max-snippet:-1","max-image-preview":"max-image-preview:large","max-video-preview":"max-video-preview:-1"},"canonical":"https:\/\/news.save.ch\/fr\/swiss-safety-center-mit-neuem-leiter-werkstofftechnik\/","og_locale":"fr_FR","og_type":"article","og_title":"Swiss Safety Center mit neuem Leiter Werkstofftechnik - Save","og_description":"Dr. Rene Radis \u00fcbernimmt per 1. Mai 2019 den Bereich Werkstofftechnik des Swiss Safety Centers. Er folgt auf Markus Zgraggen.","og_url":"https:\/\/news.save.ch\/fr\/swiss-safety-center-mit-neuem-leiter-werkstofftechnik\/","og_site_name":"Save","article_published_time":"2019-03-15T08:12:33+00:00","og_image":[{"width":1174,"height":1400,"url":"https:\/\/news.save.ch\/wp-content\/uploads\/2019\/03\/Rene-Radis-1-scaled-1-scaled.jpg","type":"image\/jpeg"}],"author":"Roger Str\u00e4ssle","twitter_card":"summary_large_image","twitter_misc":{"\u00c9crit par":"Roger Str\u00e4ssle","Dur\u00e9e de lecture estim\u00e9e":"1 minute"},"schema":{"@context":"https:\/\/schema.org","@graph":[{"@type":"Article","@id":"https:\/\/news.save.ch\/swiss-safety-center-mit-neuem-leiter-werkstofftechnik\/#article","isPartOf":{"@id":"https:\/\/news.save.ch\/swiss-safety-center-mit-neuem-leiter-werkstofftechnik\/"},"author":{"name":"Roger Str\u00e4ssle","@id":"https:\/\/news.save.ch\/de\/#\/schema\/person\/d5022db048e0e2b9785c50e5b24da5aa"},"headline":"Swiss Safety Center mit neuem Leiter Werkstofftechnik","datePublished":"2019-03-15T08:12:33+00:00","mainEntityOfPage":{"@id":"https:\/\/news.save.ch\/swiss-safety-center-mit-neuem-leiter-werkstofftechnik\/"},"wordCount":120,"commentCount":0,"publisher":{"@id":"https:\/\/news.save.ch\/de\/#organization"},"image":{"@id":"https:\/\/news.save.ch\/swiss-safety-center-mit-neuem-leiter-werkstofftechnik\/#primaryimage"},"thumbnailUrl":"https:\/\/news.save.ch\/wp-content\/uploads\/2019\/03\/Rene-Radis-1-scaled-1-scaled.jpg","keywords":["Swiss Safety Center","Unternehmen"],"articleSection":["ALLGEMEIN"],"inLanguage":"fr-FR"},{"@type":"WebPage","@id":"https:\/\/news.save.ch\/swiss-safety-center-mit-neuem-leiter-werkstofftechnik\/","url":"https:\/\/news.save.ch\/swiss-safety-center-mit-neuem-leiter-werkstofftechnik\/","name":"Le Swiss Safety Center a un nouveau responsable de la technologie des mat\u00e9riaux - Save","isPartOf":{"@id":"https:\/\/news.save.ch\/de\/#website"},"primaryImageOfPage":{"@id":"https:\/\/news.save.ch\/swiss-safety-center-mit-neuem-leiter-werkstofftechnik\/#primaryimage"},"image":{"@id":"https:\/\/news.save.ch\/swiss-safety-center-mit-neuem-leiter-werkstofftechnik\/#primaryimage"},"thumbnailUrl":"https:\/\/news.save.ch\/wp-content\/uploads\/2019\/03\/Rene-Radis-1-scaled-1-scaled.jpg","datePublished":"2019-03-15T08:12:33+00:00","description":"Le Dr Rene Radis prendra en charge le domaine de la technologie des mat\u00e9riaux du Swiss Safety Center \u00e0 partir du 1er mai 2019. Il succ\u00e8de \u00e0 Markus Zgraggen.","breadcrumb":{"@id":"https:\/\/news.save.ch\/swiss-safety-center-mit-neuem-leiter-werkstofftechnik\/#breadcrumb"},"inLanguage":"fr-FR","potentialAction":[{"@type":"ReadAction","target":["https:\/\/news.save.ch\/swiss-safety-center-mit-neuem-leiter-werkstofftechnik\/"]}]},{"@type":"ImageObject","inLanguage":"fr-FR","@id":"https:\/\/news.save.ch\/swiss-safety-center-mit-neuem-leiter-werkstofftechnik\/#primaryimage","url":"https:\/\/news.save.ch\/wp-content\/uploads\/2019\/03\/Rene-Radis-1-scaled-1-scaled.jpg","contentUrl":"https:\/\/news.save.ch\/wp-content\/uploads\/2019\/03\/Rene-Radis-1-scaled-1-scaled.jpg","width":1174,"height":1400,"caption":"Rene Radis"},{"@type":"BreadcrumbList","@id":"https:\/\/news.save.ch\/swiss-safety-center-mit-neuem-leiter-werkstofftechnik\/#breadcrumb","itemListElement":[{"@type":"ListItem","position":1,"name":"Home","item":"https:\/\/news.save.ch\/de\/"},{"@type":"ListItem","position":2,"name":"Swiss Safety Center mit neuem Leiter Werkstofftechnik"}]},{"@type":"WebSite","@id":"https:\/\/news.save.ch\/de\/#website","url":"https:\/\/news.save.ch\/de\/","name":"Save","description":"Revue suisse sp\u00e9cialis\u00e9e dans la s\u00e9curit\u00e9","publisher":{"@id":"https:\/\/news.save.ch\/de\/#organization"},"potentialAction":[{"@type":"SearchAction","target":{"@type":"EntryPoint","urlTemplate":"https:\/\/news.save.ch\/de\/?s={search_term_string}"},"query-input":{"@type":"PropertyValueSpecification","valueRequired":true,"valueName":"search_term_string"}}],"inLanguage":"fr-FR"},{"@type":"Organization","@id":"https:\/\/news.save.ch\/de\/#organization","name":"Forum sur la s\u00e9curit\u00e9","url":"https:\/\/news.save.ch\/de\/","logo":{"@type":"ImageObject","inLanguage":"fr-FR","@id":"https:\/\/news.save.ch\/de\/#\/schema\/logo\/image\/","url":"https:\/\/news.save.ch\/wp-content\/uploads\/2022\/06\/Logo_SF_2012.png","contentUrl":"https:\/\/news.save.ch\/wp-content\/uploads\/2022\/06\/Logo_SF_2012.png","width":1100,"height":91,"caption":"Sicherheitsforum"},"image":{"@id":"https:\/\/news.save.ch\/de\/#\/schema\/logo\/image\/"}},{"@type":"Person","@id":"https:\/\/news.save.ch\/de\/#\/schema\/person\/d5022db048e0e2b9785c50e5b24da5aa","name":"Roger Str\u00e4ssle","image":{"@type":"ImageObject","inLanguage":"fr-FR","@id":"https:\/\/secure.gravatar.com\/avatar\/862a5569d087de48e5856e32f45d719a03804c891d6deb8d4f71a660e79e4a47?s=96&d=mm&r=g","url":"https:\/\/secure.gravatar.com\/avatar\/862a5569d087de48e5856e32f45d719a03804c891d6deb8d4f71a660e79e4a47?s=96&d=mm&r=g","contentUrl":"https:\/\/secure.gravatar.com\/avatar\/862a5569d087de48e5856e32f45d719a03804c891d6deb8d4f71a660e79e4a47?s=96&d=mm&r=g","caption":"Roger Str\u00e4ssle"},"url":"https:\/\/news.save.ch\/fr\/author\/roger-straessle\/"}]}},"_links":{"self":[{"href":"https:\/\/news.save.ch\/fr\/wp-json\/wp\/v2\/posts\/7800","targetHints":{"allow":["GET"]}}],"collection":[{"href":"https:\/\/news.save.ch\/fr\/wp-json\/wp\/v2\/posts"}],"about":[{"href":"https:\/\/news.save.ch\/fr\/wp-json\/wp\/v2\/types\/post"}],"author":[{"embeddable":true,"href":"https:\/\/news.save.ch\/fr\/wp-json\/wp\/v2\/users\/8"}],"replies":[{"embeddable":true,"href":"https:\/\/news.save.ch\/fr\/wp-json\/wp\/v2\/comments?post=7800"}],"version-history":[{"count":0,"href":"https:\/\/news.save.ch\/fr\/wp-json\/wp\/v2\/posts\/7800\/revisions"}],"wp:featuredmedia":[{"embeddable":true,"href":"https:\/\/news.save.ch\/fr\/wp-json\/wp\/v2\/media\/7803"}],"wp:attachment":[{"href":"https:\/\/news.save.ch\/fr\/wp-json\/wp\/v2\/media?parent=7800"}],"wp:term":[{"taxonomy":"category","embeddable":true,"href":"https:\/\/news.save.ch\/fr\/wp-json\/wp\/v2\/categories?post=7800"},{"taxonomy":"post_tag","embeddable":true,"href":"https:\/\/news.save.ch\/fr\/wp-json\/wp\/v2\/tags?post=7800"}],"curies":[{"name":"wp","href":"https:\/\/api.w.org\/{rel}","templated":true}]}}