{"id":7861,"date":"2019-03-28T10:42:09","date_gmt":"2019-03-28T09:42:09","guid":{"rendered":"https:\/\/news.save.ch\/?p=7861"},"modified":"2019-03-28T10:42:09","modified_gmt":"2019-03-28T09:42:09","slug":"sicherheitskontrolle-flughafen-zuerich-erhaelt-auszeichnung","status":null,"type":"post","link":"https:\/\/news.save.ch\/fr\/sicherheitskontrolle-flughafen-zuerich-erhaelt-auszeichnung\/","title":{"rendered":"Contr\u00f4le de s\u00e9curit\u00e9 : l'a\u00e9roport de Zurich re\u00e7oit une distinction"},"content":{"rendered":"<figure id=\"attachment_7862\" aria-describedby=\"caption-attachment-7862\" style=\"width: 680px\" class=\"wp-caption aligncenter\"><img loading=\"lazy\" decoding=\"async\" class=\"wp-image-7862 size-medium\" src=\"https:\/\/news.save.ch\/wp-content\/uploads\/2019\/03\/Skytrax-Award-2019-scaled-1.jpg\" alt=\"Contr\u00f4le de s\u00e9curit\u00e9\" width=\"680\" height=\"453\" \/><figcaption id=\"caption-attachment-7862\" class=\"wp-caption-text\">Photo : PD<\/figcaption><\/figure>\n<p>Pour la deuxi\u00e8me fois apr\u00e8s 2016, le <a href=\"https:\/\/www.flughafen-zuerich.ch\/\">A\u00e9roport de Zurich<\/a> le prix Skytrax \"World's Best Airport Security\". La remise des prix a eu lieu le 27 mars 2019 dans le cadre de la Passenger Terminal Expo \u00e0 Londres. Dans le classement correspondant, l'a\u00e9roport de Tokyo-Narita occupe la deuxi\u00e8me place et celui de Tokyo-Haneda la troisi\u00e8me.<\/p>\n<p><strong>L'a\u00e9roport de Zurich accueille 12 millions de passagers<\/strong><\/p>\n<p>En 2018, environ douze millions de passagers ont pass\u00e9 le contr\u00f4le de s\u00e9curit\u00e9 \u00e0 l'a\u00e9roport de Zurich. Le contr\u00f4le de s\u00e9curit\u00e9 est effectu\u00e9 par la police cantonale de Zurich sur mandat de l'A\u00e9roport de Zurich SA.<\/p>\n<p><strong>La plus grande enqu\u00eate au monde<\/strong><\/p>\n<p>Skytrax est une entreprise de conseil sp\u00e9cialis\u00e9e dans l'aviation et bas\u00e9e \u00e0 Londres. Depuis 1999, Skytrax d\u00e9cerne des prix dans diff\u00e9rentes cat\u00e9gories aux a\u00e9roports et aux compagnies a\u00e9riennes. Pour ce faire, des voyageurs du monde entier sont interrog\u00e9s chaque ann\u00e9e sur leurs exp\u00e9riences dans les a\u00e9roports. Les Skytrax Awards sont attribu\u00e9s sur la base de ces enqu\u00eates. Avec environ 13 millions de participants, il s'agit de la plus grande enqu\u00eate au monde concernant la satisfaction des clients dans le domaine du transport a\u00e9rien.<\/p>\n<p><em>Source : A\u00e9roport de Zurich<\/em><\/p>","protected":false},"excerpt":{"rendered":"<p>Zum zweiten Mal nach 2016 gewinnt der Flughafen Z\u00fcrich den Skytrax-Award &#8222;World\u2019s Best Airport Security&#8220;. Die Preisverleihung fand am 27. M\u00e4rz 2019 im Rahmen der Passenger Terminal Expo in London statt. Im entsprechenden Ranking belegt der Flughafen Tokio-Narita den zweiten und Tokio-Haneda den dritten Platz. Flughafen Z\u00fcrich mit 12 Mio. Passagiere Im Jahr 2018 haben [&hellip;]<\/p>\n","protected":false},"author":8,"featured_media":7862,"comment_status":"open","ping_status":"open","sticky":false,"template":"","format":"standard","meta":{"_acf_changed":false,"pgc_sgb_lightbox_settings":"","footnotes":""},"categories":[1],"tags":[56],"class_list":["post-7861","post","type-post","status-publish","format-standard","has-post-thumbnail","hentry","category-allgemein","tag-flughafen"],"acf":[],"hkrextid":null,"publication":null,"issue":null,"workflow":null,"startPage":null,"spitzmarke":null,"_posts_by_tag_page_fields":{"widget_title":"","widget_tags":""},"_at_widget":"1","_yoast_wpseo_primary_category":"1","_yoast_wpseo_focuskw_text_input":"Sicherheitskontrolle","_yoast_wpseo_opengraph-image":null,"_yoast_wpseo_opengraph-description":null,"_yoast_wpseo_opengraph-title":null,"enclosure":null,"_yoast_wpseo_twitter-title":null,"_yoast_wpseo_twitter-description":null,"_yoast_wpseo_twitter-image":null,"_wp_old_slug":null,"_yoast_wpseo_title":null,"_yoast_wpseo_canonical":null,"yoast_head":"<!-- This site is optimized with the Yoast SEO plugin v27.4 - https:\/\/yoast.com\/product\/yoast-seo-wordpress\/ -->\n<title>Sicherheitskontrolle: Flughafen Z\u00fcrich erh\u00e4lt Auszeichnung - Save<\/title>\n<meta name=\"description\" content=\"Sicherheitskontrolle: Der Flughafen Z\u00fcrich gewinnt den Skytrax-Award in der Kategorie &quot;World\u2019s Best Airport Security&quot; f\u00fcr das Jahr 2019.\" \/>\n<meta name=\"robots\" content=\"index, follow, max-snippet:-1, max-image-preview:large, max-video-preview:-1\" \/>\n<link rel=\"canonical\" href=\"https:\/\/news.save.ch\/fr\/sicherheitskontrolle-flughafen-zuerich-erhaelt-auszeichnung\/\" \/>\n<meta property=\"og:locale\" content=\"fr_FR\" \/>\n<meta property=\"og:type\" content=\"article\" \/>\n<meta property=\"og:title\" content=\"Sicherheitskontrolle: Flughafen Z\u00fcrich erh\u00e4lt Auszeichnung - Save\" \/>\n<meta property=\"og:description\" content=\"Sicherheitskontrolle: Der Flughafen Z\u00fcrich gewinnt den Skytrax-Award in der Kategorie &quot;World\u2019s Best Airport Security&quot; f\u00fcr das Jahr 2019.\" \/>\n<meta property=\"og:url\" content=\"https:\/\/news.save.ch\/fr\/sicherheitskontrolle-flughafen-zuerich-erhaelt-auszeichnung\/\" \/>\n<meta property=\"og:site_name\" content=\"Save\" \/>\n<meta property=\"article:published_time\" content=\"2019-03-28T09:42:09+00:00\" \/>\n<meta property=\"og:image\" content=\"https:\/\/news.save.ch\/wp-content\/uploads\/2019\/03\/Skytrax-Award-2019-scaled-1-scaled.jpg\" \/>\n\t<meta property=\"og:image:width\" content=\"1400\" \/>\n\t<meta property=\"og:image:height\" content=\"934\" \/>\n\t<meta property=\"og:image:type\" content=\"image\/jpeg\" \/>\n<meta name=\"author\" content=\"Roger Str\u00e4ssle\" \/>\n<meta name=\"twitter:card\" content=\"summary_large_image\" \/>\n<meta name=\"twitter:label1\" content=\"\u00c9crit par\" \/>\n\t<meta name=\"twitter:data1\" content=\"Roger Str\u00e4ssle\" \/>\n\t<meta name=\"twitter:label2\" content=\"Dur\u00e9e de lecture estim\u00e9e\" \/>\n\t<meta name=\"twitter:data2\" content=\"1 minute\" \/>\n<script type=\"application\/ld+json\" class=\"yoast-schema-graph\">{\"@context\":\"https:\\\/\\\/schema.org\",\"@graph\":[{\"@type\":\"Article\",\"@id\":\"https:\\\/\\\/news.save.ch\\\/sicherheitskontrolle-flughafen-zuerich-erhaelt-auszeichnung\\\/#article\",\"isPartOf\":{\"@id\":\"https:\\\/\\\/news.save.ch\\\/sicherheitskontrolle-flughafen-zuerich-erhaelt-auszeichnung\\\/\"},\"author\":{\"name\":\"Roger Str\u00e4ssle\",\"@id\":\"https:\\\/\\\/news.save.ch\\\/de\\\/#\\\/schema\\\/person\\\/d5022db048e0e2b9785c50e5b24da5aa\"},\"headline\":\"Sicherheitskontrolle: Flughafen Z\u00fcrich erh\u00e4lt Auszeichnung\",\"datePublished\":\"2019-03-28T09:42:09+00:00\",\"mainEntityOfPage\":{\"@id\":\"https:\\\/\\\/news.save.ch\\\/sicherheitskontrolle-flughafen-zuerich-erhaelt-auszeichnung\\\/\"},\"wordCount\":169,\"commentCount\":0,\"publisher\":{\"@id\":\"https:\\\/\\\/news.save.ch\\\/de\\\/#organization\"},\"image\":{\"@id\":\"https:\\\/\\\/news.save.ch\\\/sicherheitskontrolle-flughafen-zuerich-erhaelt-auszeichnung\\\/#primaryimage\"},\"thumbnailUrl\":\"https:\\\/\\\/news.save.ch\\\/wp-content\\\/uploads\\\/2019\\\/03\\\/Skytrax-Award-2019-scaled-1-scaled.jpg\",\"keywords\":[\"Flughafen\"],\"articleSection\":[\"ALLGEMEIN\"],\"inLanguage\":\"fr-FR\"},{\"@type\":\"WebPage\",\"@id\":\"https:\\\/\\\/news.save.ch\\\/sicherheitskontrolle-flughafen-zuerich-erhaelt-auszeichnung\\\/\",\"url\":\"https:\\\/\\\/news.save.ch\\\/sicherheitskontrolle-flughafen-zuerich-erhaelt-auszeichnung\\\/\",\"name\":\"Sicherheitskontrolle: Flughafen Z\u00fcrich erh\u00e4lt Auszeichnung - Save\",\"isPartOf\":{\"@id\":\"https:\\\/\\\/news.save.ch\\\/de\\\/#website\"},\"primaryImageOfPage\":{\"@id\":\"https:\\\/\\\/news.save.ch\\\/sicherheitskontrolle-flughafen-zuerich-erhaelt-auszeichnung\\\/#primaryimage\"},\"image\":{\"@id\":\"https:\\\/\\\/news.save.ch\\\/sicherheitskontrolle-flughafen-zuerich-erhaelt-auszeichnung\\\/#primaryimage\"},\"thumbnailUrl\":\"https:\\\/\\\/news.save.ch\\\/wp-content\\\/uploads\\\/2019\\\/03\\\/Skytrax-Award-2019-scaled-1-scaled.jpg\",\"datePublished\":\"2019-03-28T09:42:09+00:00\",\"description\":\"Sicherheitskontrolle: Der Flughafen Z\u00fcrich gewinnt den Skytrax-Award in der Kategorie \\\"World\u2019s Best Airport Security\\\" f\u00fcr das Jahr 2019.\",\"breadcrumb\":{\"@id\":\"https:\\\/\\\/news.save.ch\\\/sicherheitskontrolle-flughafen-zuerich-erhaelt-auszeichnung\\\/#breadcrumb\"},\"inLanguage\":\"fr-FR\",\"potentialAction\":[{\"@type\":\"ReadAction\",\"target\":[\"https:\\\/\\\/news.save.ch\\\/sicherheitskontrolle-flughafen-zuerich-erhaelt-auszeichnung\\\/\"]}]},{\"@type\":\"ImageObject\",\"inLanguage\":\"fr-FR\",\"@id\":\"https:\\\/\\\/news.save.ch\\\/sicherheitskontrolle-flughafen-zuerich-erhaelt-auszeichnung\\\/#primaryimage\",\"url\":\"https:\\\/\\\/news.save.ch\\\/wp-content\\\/uploads\\\/2019\\\/03\\\/Skytrax-Award-2019-scaled-1-scaled.jpg\",\"contentUrl\":\"https:\\\/\\\/news.save.ch\\\/wp-content\\\/uploads\\\/2019\\\/03\\\/Skytrax-Award-2019-scaled-1-scaled.jpg\",\"width\":1400,\"height\":934,\"caption\":\"Foto: PD\"},{\"@type\":\"BreadcrumbList\",\"@id\":\"https:\\\/\\\/news.save.ch\\\/sicherheitskontrolle-flughafen-zuerich-erhaelt-auszeichnung\\\/#breadcrumb\",\"itemListElement\":[{\"@type\":\"ListItem\",\"position\":1,\"name\":\"Home\",\"item\":\"https:\\\/\\\/news.save.ch\\\/de\\\/\"},{\"@type\":\"ListItem\",\"position\":2,\"name\":\"Sicherheitskontrolle: Flughafen Z\u00fcrich erh\u00e4lt Auszeichnung\"}]},{\"@type\":\"WebSite\",\"@id\":\"https:\\\/\\\/news.save.ch\\\/de\\\/#website\",\"url\":\"https:\\\/\\\/news.save.ch\\\/de\\\/\",\"name\":\"Save\",\"description\":\"Schweizer Fachzeitschrift f\u00fcr Sicherheit\",\"publisher\":{\"@id\":\"https:\\\/\\\/news.save.ch\\\/de\\\/#organization\"},\"potentialAction\":[{\"@type\":\"SearchAction\",\"target\":{\"@type\":\"EntryPoint\",\"urlTemplate\":\"https:\\\/\\\/news.save.ch\\\/de\\\/?s={search_term_string}\"},\"query-input\":{\"@type\":\"PropertyValueSpecification\",\"valueRequired\":true,\"valueName\":\"search_term_string\"}}],\"inLanguage\":\"fr-FR\"},{\"@type\":\"Organization\",\"@id\":\"https:\\\/\\\/news.save.ch\\\/de\\\/#organization\",\"name\":\"Sicherheitsforum\",\"url\":\"https:\\\/\\\/news.save.ch\\\/de\\\/\",\"logo\":{\"@type\":\"ImageObject\",\"inLanguage\":\"fr-FR\",\"@id\":\"https:\\\/\\\/news.save.ch\\\/de\\\/#\\\/schema\\\/logo\\\/image\\\/\",\"url\":\"https:\\\/\\\/news.save.ch\\\/wp-content\\\/uploads\\\/2022\\\/06\\\/Logo_SF_2012.png\",\"contentUrl\":\"https:\\\/\\\/news.save.ch\\\/wp-content\\\/uploads\\\/2022\\\/06\\\/Logo_SF_2012.png\",\"width\":1100,\"height\":91,\"caption\":\"Sicherheitsforum\"},\"image\":{\"@id\":\"https:\\\/\\\/news.save.ch\\\/de\\\/#\\\/schema\\\/logo\\\/image\\\/\"}},{\"@type\":\"Person\",\"@id\":\"https:\\\/\\\/news.save.ch\\\/de\\\/#\\\/schema\\\/person\\\/d5022db048e0e2b9785c50e5b24da5aa\",\"name\":\"Roger Str\u00e4ssle\",\"image\":{\"@type\":\"ImageObject\",\"inLanguage\":\"fr-FR\",\"@id\":\"https:\\\/\\\/secure.gravatar.com\\\/avatar\\\/862a5569d087de48e5856e32f45d719a03804c891d6deb8d4f71a660e79e4a47?s=96&d=mm&r=g\",\"url\":\"https:\\\/\\\/secure.gravatar.com\\\/avatar\\\/862a5569d087de48e5856e32f45d719a03804c891d6deb8d4f71a660e79e4a47?s=96&d=mm&r=g\",\"contentUrl\":\"https:\\\/\\\/secure.gravatar.com\\\/avatar\\\/862a5569d087de48e5856e32f45d719a03804c891d6deb8d4f71a660e79e4a47?s=96&d=mm&r=g\",\"caption\":\"Roger Str\u00e4ssle\"},\"url\":\"https:\\\/\\\/news.save.ch\\\/fr\\\/author\\\/roger-straessle\\\/\"}]}<\/script>\n<!-- \/ Yoast SEO plugin. -->","yoast_head_json":{"title":"Contr\u00f4le de s\u00e9curit\u00e9 : l'a\u00e9roport de Zurich re\u00e7oit une distinction - Save","description":"Contr\u00f4le de s\u00e9curit\u00e9 : l'a\u00e9roport de Zurich remporte le prix Skytrax dans la cat\u00e9gorie \"World's Best Airport Security\" pour l'ann\u00e9e 2019.","robots":{"index":"index","follow":"follow","max-snippet":"max-snippet:-1","max-image-preview":"max-image-preview:large","max-video-preview":"max-video-preview:-1"},"canonical":"https:\/\/news.save.ch\/fr\/sicherheitskontrolle-flughafen-zuerich-erhaelt-auszeichnung\/","og_locale":"fr_FR","og_type":"article","og_title":"Sicherheitskontrolle: Flughafen Z\u00fcrich erh\u00e4lt Auszeichnung - Save","og_description":"Sicherheitskontrolle: Der Flughafen Z\u00fcrich gewinnt den Skytrax-Award in der Kategorie \"World\u2019s Best Airport Security\" f\u00fcr das Jahr 2019.","og_url":"https:\/\/news.save.ch\/fr\/sicherheitskontrolle-flughafen-zuerich-erhaelt-auszeichnung\/","og_site_name":"Save","article_published_time":"2019-03-28T09:42:09+00:00","og_image":[{"width":1400,"height":934,"url":"https:\/\/news.save.ch\/wp-content\/uploads\/2019\/03\/Skytrax-Award-2019-scaled-1-scaled.jpg","type":"image\/jpeg"}],"author":"Roger Str\u00e4ssle","twitter_card":"summary_large_image","twitter_misc":{"\u00c9crit par":"Roger Str\u00e4ssle","Dur\u00e9e de lecture estim\u00e9e":"1 minute"},"schema":{"@context":"https:\/\/schema.org","@graph":[{"@type":"Article","@id":"https:\/\/news.save.ch\/sicherheitskontrolle-flughafen-zuerich-erhaelt-auszeichnung\/#article","isPartOf":{"@id":"https:\/\/news.save.ch\/sicherheitskontrolle-flughafen-zuerich-erhaelt-auszeichnung\/"},"author":{"name":"Roger Str\u00e4ssle","@id":"https:\/\/news.save.ch\/de\/#\/schema\/person\/d5022db048e0e2b9785c50e5b24da5aa"},"headline":"Sicherheitskontrolle: Flughafen Z\u00fcrich erh\u00e4lt Auszeichnung","datePublished":"2019-03-28T09:42:09+00:00","mainEntityOfPage":{"@id":"https:\/\/news.save.ch\/sicherheitskontrolle-flughafen-zuerich-erhaelt-auszeichnung\/"},"wordCount":169,"commentCount":0,"publisher":{"@id":"https:\/\/news.save.ch\/de\/#organization"},"image":{"@id":"https:\/\/news.save.ch\/sicherheitskontrolle-flughafen-zuerich-erhaelt-auszeichnung\/#primaryimage"},"thumbnailUrl":"https:\/\/news.save.ch\/wp-content\/uploads\/2019\/03\/Skytrax-Award-2019-scaled-1-scaled.jpg","keywords":["Flughafen"],"articleSection":["ALLGEMEIN"],"inLanguage":"fr-FR"},{"@type":"WebPage","@id":"https:\/\/news.save.ch\/sicherheitskontrolle-flughafen-zuerich-erhaelt-auszeichnung\/","url":"https:\/\/news.save.ch\/sicherheitskontrolle-flughafen-zuerich-erhaelt-auszeichnung\/","name":"Contr\u00f4le de s\u00e9curit\u00e9 : l'a\u00e9roport de Zurich re\u00e7oit une distinction - Save","isPartOf":{"@id":"https:\/\/news.save.ch\/de\/#website"},"primaryImageOfPage":{"@id":"https:\/\/news.save.ch\/sicherheitskontrolle-flughafen-zuerich-erhaelt-auszeichnung\/#primaryimage"},"image":{"@id":"https:\/\/news.save.ch\/sicherheitskontrolle-flughafen-zuerich-erhaelt-auszeichnung\/#primaryimage"},"thumbnailUrl":"https:\/\/news.save.ch\/wp-content\/uploads\/2019\/03\/Skytrax-Award-2019-scaled-1-scaled.jpg","datePublished":"2019-03-28T09:42:09+00:00","description":"Contr\u00f4le de s\u00e9curit\u00e9 : l'a\u00e9roport de Zurich remporte le prix Skytrax dans la cat\u00e9gorie \"World's Best Airport Security\" pour l'ann\u00e9e 2019.","breadcrumb":{"@id":"https:\/\/news.save.ch\/sicherheitskontrolle-flughafen-zuerich-erhaelt-auszeichnung\/#breadcrumb"},"inLanguage":"fr-FR","potentialAction":[{"@type":"ReadAction","target":["https:\/\/news.save.ch\/sicherheitskontrolle-flughafen-zuerich-erhaelt-auszeichnung\/"]}]},{"@type":"ImageObject","inLanguage":"fr-FR","@id":"https:\/\/news.save.ch\/sicherheitskontrolle-flughafen-zuerich-erhaelt-auszeichnung\/#primaryimage","url":"https:\/\/news.save.ch\/wp-content\/uploads\/2019\/03\/Skytrax-Award-2019-scaled-1-scaled.jpg","contentUrl":"https:\/\/news.save.ch\/wp-content\/uploads\/2019\/03\/Skytrax-Award-2019-scaled-1-scaled.jpg","width":1400,"height":934,"caption":"Foto: PD"},{"@type":"BreadcrumbList","@id":"https:\/\/news.save.ch\/sicherheitskontrolle-flughafen-zuerich-erhaelt-auszeichnung\/#breadcrumb","itemListElement":[{"@type":"ListItem","position":1,"name":"Home","item":"https:\/\/news.save.ch\/de\/"},{"@type":"ListItem","position":2,"name":"Sicherheitskontrolle: Flughafen Z\u00fcrich erh\u00e4lt Auszeichnung"}]},{"@type":"WebSite","@id":"https:\/\/news.save.ch\/de\/#website","url":"https:\/\/news.save.ch\/de\/","name":"Save","description":"Revue suisse sp\u00e9cialis\u00e9e dans la s\u00e9curit\u00e9","publisher":{"@id":"https:\/\/news.save.ch\/de\/#organization"},"potentialAction":[{"@type":"SearchAction","target":{"@type":"EntryPoint","urlTemplate":"https:\/\/news.save.ch\/de\/?s={search_term_string}"},"query-input":{"@type":"PropertyValueSpecification","valueRequired":true,"valueName":"search_term_string"}}],"inLanguage":"fr-FR"},{"@type":"Organization","@id":"https:\/\/news.save.ch\/de\/#organization","name":"Forum sur la s\u00e9curit\u00e9","url":"https:\/\/news.save.ch\/de\/","logo":{"@type":"ImageObject","inLanguage":"fr-FR","@id":"https:\/\/news.save.ch\/de\/#\/schema\/logo\/image\/","url":"https:\/\/news.save.ch\/wp-content\/uploads\/2022\/06\/Logo_SF_2012.png","contentUrl":"https:\/\/news.save.ch\/wp-content\/uploads\/2022\/06\/Logo_SF_2012.png","width":1100,"height":91,"caption":"Sicherheitsforum"},"image":{"@id":"https:\/\/news.save.ch\/de\/#\/schema\/logo\/image\/"}},{"@type":"Person","@id":"https:\/\/news.save.ch\/de\/#\/schema\/person\/d5022db048e0e2b9785c50e5b24da5aa","name":"Roger Str\u00e4ssle","image":{"@type":"ImageObject","inLanguage":"fr-FR","@id":"https:\/\/secure.gravatar.com\/avatar\/862a5569d087de48e5856e32f45d719a03804c891d6deb8d4f71a660e79e4a47?s=96&d=mm&r=g","url":"https:\/\/secure.gravatar.com\/avatar\/862a5569d087de48e5856e32f45d719a03804c891d6deb8d4f71a660e79e4a47?s=96&d=mm&r=g","contentUrl":"https:\/\/secure.gravatar.com\/avatar\/862a5569d087de48e5856e32f45d719a03804c891d6deb8d4f71a660e79e4a47?s=96&d=mm&r=g","caption":"Roger Str\u00e4ssle"},"url":"https:\/\/news.save.ch\/fr\/author\/roger-straessle\/"}]}},"_links":{"self":[{"href":"https:\/\/news.save.ch\/fr\/wp-json\/wp\/v2\/posts\/7861","targetHints":{"allow":["GET"]}}],"collection":[{"href":"https:\/\/news.save.ch\/fr\/wp-json\/wp\/v2\/posts"}],"about":[{"href":"https:\/\/news.save.ch\/fr\/wp-json\/wp\/v2\/types\/post"}],"author":[{"embeddable":true,"href":"https:\/\/news.save.ch\/fr\/wp-json\/wp\/v2\/users\/8"}],"replies":[{"embeddable":true,"href":"https:\/\/news.save.ch\/fr\/wp-json\/wp\/v2\/comments?post=7861"}],"version-history":[{"count":0,"href":"https:\/\/news.save.ch\/fr\/wp-json\/wp\/v2\/posts\/7861\/revisions"}],"wp:featuredmedia":[{"embeddable":true,"href":"https:\/\/news.save.ch\/fr\/wp-json\/wp\/v2\/media\/7862"}],"wp:attachment":[{"href":"https:\/\/news.save.ch\/fr\/wp-json\/wp\/v2\/media?parent=7861"}],"wp:term":[{"taxonomy":"category","embeddable":true,"href":"https:\/\/news.save.ch\/fr\/wp-json\/wp\/v2\/categories?post=7861"},{"taxonomy":"post_tag","embeddable":true,"href":"https:\/\/news.save.ch\/fr\/wp-json\/wp\/v2\/tags?post=7861"}],"curies":[{"name":"wp","href":"https:\/\/api.w.org\/{rel}","templated":true}]}}