{"id":8032,"date":"2019-05-10T06:12:56","date_gmt":"2019-05-10T04:12:56","guid":{"rendered":"https:\/\/news.save.ch\/?p=8032"},"modified":"2023-03-14T08:56:47","modified_gmt":"2023-03-14T07:56:47","slug":"swisscom-uebernimmt-united-security-providers","status":null,"type":"post","link":"https:\/\/news.save.ch\/fr\/swisscom-uebernimmt-united-security-providers\/","title":{"rendered":"Swisscom rach\u00e8te United Security Providers"},"content":{"rendered":"<figure id=\"attachment_8033\" aria-describedby=\"caption-attachment-8033\" style=\"width: 680px\" class=\"wp-caption aligncenter\"><img loading=\"lazy\" decoding=\"async\" class=\"wp-image-8033 size-medium\" src=\"https:\/\/news.save.ch\/wp-content\/uploads\/2019\/05\/Swisscom.jpg\" alt=\"Fournisseurs de s\u00e9curit\u00e9 unis\" width=\"680\" height=\"454\" srcset=\"https:\/\/news.save.ch\/wp-content\/uploads\/2019\/05\/Swisscom.jpg 1000w, https:\/\/news.save.ch\/wp-content\/uploads\/2019\/05\/Swisscom-375x250.jpg 375w\" sizes=\"auto, (max-width: 680px) 100vw, 680px\" \/><figcaption id=\"caption-attachment-8033\" class=\"wp-caption-text\">depositphotos, Violin<\/figcaption><\/figure>\n<p>Avec les collaborateurs de <a href=\"https:\/\/www.united-security-providers.ch\/\">USP<\/a> Le fournisseur de services de t\u00e9l\u00e9communication \u00e9crit qu'un cluster de comp\u00e9tences en mati\u00e8re de s\u00e9curit\u00e9 avec plus de 200 sp\u00e9cialistes qui s'occupent 24 heures sur 24 de la s\u00e9curit\u00e9 des applications, des donn\u00e9es et des r\u00e9seaux des entreprises clientes est en train de voir le jour.<\/p>\n<p>Urs Lehner, responsable Swisscom Enterprise Customers et membre de la direction du groupe, \u00e0 propos de la reprise : l'entreprise USP, qui est en activit\u00e9 depuis 25 ans, dispose d'un portefeuille de services, de clients et de comp\u00e9tences extr\u00eamement int\u00e9ressant. Son entreprise a ainsi acc\u00e8s \u00e0 des sp\u00e9cialistes de la s\u00e9curit\u00e9 et au savoir-faire correspondant sur ce march\u00e9 en pleine croissance, a d\u00e9clar\u00e9 Lehner. Michael Liebi, CEO de l'USP, ajoute : \"Les deux entreprises se compl\u00e8tent id\u00e9alement avec leur portefeuille de clients.<\/p>\n<p><strong>L'USP continue d'exister<\/strong><\/p>\n<p>Cette acquisition permettrait de renforcer les Managed Security Services (MSS). La nouvelle activit\u00e9 de produits logiciels de s\u00e9curit\u00e9 (Web Access Management et Network Access Control) \u00e9largit l'offre de s\u00e9curit\u00e9 de Swisscom.<\/p>\n<p>La soci\u00e9t\u00e9 United Security Providers, fond\u00e9e en 1994, continuera d'exister sous l'\u00e9gide de Swisscom en tant que soci\u00e9t\u00e9 et marque propre. Le management actuel, autour du fondateur et CEO de l'entreprise Michael Liebi, continuera \u00e0 fournir les prestations et assurera ainsi la continuit\u00e9. Swisscom pr\u00e9voit de continuer \u00e0 d\u00e9velopper le domaine de la cybers\u00e9curit\u00e9 et de le renforcer durablement, conclut le communiqu\u00e9.<\/p>\n<p><em>Source : Swisscom<\/em><\/p>","protected":false},"excerpt":{"rendered":"<p>Mit den zu Swisscom stossenden Mitarbeitenden von USP entstehe ein Security-Kompetenz-Cluster mit gut 200 Spezialisten, die sich rund um die Uhr um die Sicherheit von Anwendungen, Daten und Netzwerken von Unternehmenskunden k\u00fcmmern w\u00fcrden, schreibt der Telekomanbieter. Urs Lehner, Leiter Swisscom Enterprise Customers und Mitglied der Konzernleitung zur \u00dcbernahme: Das Unternehmen USP, das seit 25 Jahren [&hellip;]<\/p>\n","protected":false},"author":8,"featured_media":8033,"comment_status":"open","ping_status":"open","sticky":false,"template":"","format":"standard","meta":{"_acf_changed":false,"pgc_sgb_lightbox_settings":"","footnotes":""},"categories":[3313],"tags":[65],"class_list":["post-8032","post","type-post","status-publish","format-standard","has-post-thumbnail","hentry","category-digitalisierung","tag-unternehmen"],"acf":[],"hkrextid":null,"publication":null,"issue":null,"workflow":null,"startPage":null,"spitzmarke":null,"_posts_by_tag_page_fields":{"widget_title":"","widget_tags":""},"_at_widget":"1","_yoast_wpseo_primary_category":"2","_yoast_wpseo_focuskw_text_input":"United Security Providers","_yoast_wpseo_opengraph-image":null,"_yoast_wpseo_opengraph-description":null,"_yoast_wpseo_opengraph-title":null,"enclosure":null,"_yoast_wpseo_twitter-title":null,"_yoast_wpseo_twitter-description":null,"_yoast_wpseo_twitter-image":null,"_wp_old_slug":null,"_yoast_wpseo_title":null,"_yoast_wpseo_canonical":null,"yoast_head":"<!-- This site is optimized with the Yoast SEO plugin v27.5 - https:\/\/yoast.com\/product\/yoast-seo-wordpress\/ -->\n<title>Swisscom \u00fcbernimmt United Security Providers - Save<\/title>\n<meta name=\"description\" content=\"Swisscom \u00fcbernimmt United Security Providers und bringt die Firma als eigenst\u00e4ndige Unternehmung mit den eigenen Cyber-Security-Aktivit\u00e4ten zusammen.\" \/>\n<meta name=\"robots\" content=\"index, follow, max-snippet:-1, max-image-preview:large, max-video-preview:-1\" \/>\n<link rel=\"canonical\" href=\"https:\/\/news.save.ch\/fr\/swisscom-uebernimmt-united-security-providers\/\" \/>\n<meta property=\"og:locale\" content=\"fr_FR\" \/>\n<meta property=\"og:type\" content=\"article\" \/>\n<meta property=\"og:title\" content=\"Swisscom \u00fcbernimmt United Security Providers - Save\" \/>\n<meta property=\"og:description\" content=\"Swisscom \u00fcbernimmt United Security Providers und bringt die Firma als eigenst\u00e4ndige Unternehmung mit den eigenen Cyber-Security-Aktivit\u00e4ten zusammen.\" \/>\n<meta property=\"og:url\" content=\"https:\/\/news.save.ch\/fr\/swisscom-uebernimmt-united-security-providers\/\" \/>\n<meta property=\"og:site_name\" content=\"Save\" \/>\n<meta property=\"article:published_time\" content=\"2019-05-10T04:12:56+00:00\" \/>\n<meta property=\"article:modified_time\" content=\"2023-03-14T07:56:47+00:00\" \/>\n<meta property=\"og:image\" content=\"https:\/\/news.save.ch\/wp-content\/uploads\/2019\/05\/Swisscom.jpg\" \/>\n\t<meta property=\"og:image:width\" content=\"1000\" \/>\n\t<meta property=\"og:image:height\" content=\"667\" \/>\n\t<meta property=\"og:image:type\" content=\"image\/jpeg\" \/>\n<meta name=\"author\" content=\"Roger Str\u00e4ssle\" \/>\n<meta name=\"twitter:card\" content=\"summary_large_image\" \/>\n<meta name=\"twitter:label1\" content=\"\u00c9crit par\" \/>\n\t<meta name=\"twitter:data1\" content=\"Roger Str\u00e4ssle\" \/>\n\t<meta name=\"twitter:label2\" content=\"Dur\u00e9e de lecture estim\u00e9e\" \/>\n\t<meta name=\"twitter:data2\" content=\"1 minute\" \/>\n<script type=\"application\/ld+json\" class=\"yoast-schema-graph\">{\"@context\":\"https:\\\/\\\/schema.org\",\"@graph\":[{\"@type\":\"Article\",\"@id\":\"https:\\\/\\\/news.save.ch\\\/swisscom-uebernimmt-united-security-providers\\\/#article\",\"isPartOf\":{\"@id\":\"https:\\\/\\\/news.save.ch\\\/swisscom-uebernimmt-united-security-providers\\\/\"},\"author\":{\"name\":\"Roger Str\u00e4ssle\",\"@id\":\"https:\\\/\\\/news.save.ch\\\/de\\\/#\\\/schema\\\/person\\\/d5022db048e0e2b9785c50e5b24da5aa\"},\"headline\":\"Swisscom \u00fcbernimmt United Security Providers\",\"datePublished\":\"2019-05-10T04:12:56+00:00\",\"dateModified\":\"2023-03-14T07:56:47+00:00\",\"mainEntityOfPage\":{\"@id\":\"https:\\\/\\\/news.save.ch\\\/swisscom-uebernimmt-united-security-providers\\\/\"},\"wordCount\":210,\"commentCount\":0,\"publisher\":{\"@id\":\"https:\\\/\\\/news.save.ch\\\/de\\\/#organization\"},\"image\":{\"@id\":\"https:\\\/\\\/news.save.ch\\\/swisscom-uebernimmt-united-security-providers\\\/#primaryimage\"},\"thumbnailUrl\":\"https:\\\/\\\/news.save.ch\\\/wp-content\\\/uploads\\\/2019\\\/05\\\/Swisscom.jpg\",\"keywords\":[\"Unternehmen\"],\"articleSection\":[\"DIGITALISIERUNG\"],\"inLanguage\":\"fr-FR\"},{\"@type\":\"WebPage\",\"@id\":\"https:\\\/\\\/news.save.ch\\\/swisscom-uebernimmt-united-security-providers\\\/\",\"url\":\"https:\\\/\\\/news.save.ch\\\/swisscom-uebernimmt-united-security-providers\\\/\",\"name\":\"Swisscom \u00fcbernimmt United Security Providers - Save\",\"isPartOf\":{\"@id\":\"https:\\\/\\\/news.save.ch\\\/de\\\/#website\"},\"primaryImageOfPage\":{\"@id\":\"https:\\\/\\\/news.save.ch\\\/swisscom-uebernimmt-united-security-providers\\\/#primaryimage\"},\"image\":{\"@id\":\"https:\\\/\\\/news.save.ch\\\/swisscom-uebernimmt-united-security-providers\\\/#primaryimage\"},\"thumbnailUrl\":\"https:\\\/\\\/news.save.ch\\\/wp-content\\\/uploads\\\/2019\\\/05\\\/Swisscom.jpg\",\"datePublished\":\"2019-05-10T04:12:56+00:00\",\"dateModified\":\"2023-03-14T07:56:47+00:00\",\"description\":\"Swisscom \u00fcbernimmt United Security Providers und bringt die Firma als eigenst\u00e4ndige Unternehmung mit den eigenen Cyber-Security-Aktivit\u00e4ten zusammen.\",\"breadcrumb\":{\"@id\":\"https:\\\/\\\/news.save.ch\\\/swisscom-uebernimmt-united-security-providers\\\/#breadcrumb\"},\"inLanguage\":\"fr-FR\",\"potentialAction\":[{\"@type\":\"ReadAction\",\"target\":[\"https:\\\/\\\/news.save.ch\\\/swisscom-uebernimmt-united-security-providers\\\/\"]}]},{\"@type\":\"ImageObject\",\"inLanguage\":\"fr-FR\",\"@id\":\"https:\\\/\\\/news.save.ch\\\/swisscom-uebernimmt-united-security-providers\\\/#primaryimage\",\"url\":\"https:\\\/\\\/news.save.ch\\\/wp-content\\\/uploads\\\/2019\\\/05\\\/Swisscom.jpg\",\"contentUrl\":\"https:\\\/\\\/news.save.ch\\\/wp-content\\\/uploads\\\/2019\\\/05\\\/Swisscom.jpg\",\"width\":1000,\"height\":667,\"caption\":\"depositphotos, Violin\"},{\"@type\":\"BreadcrumbList\",\"@id\":\"https:\\\/\\\/news.save.ch\\\/swisscom-uebernimmt-united-security-providers\\\/#breadcrumb\",\"itemListElement\":[{\"@type\":\"ListItem\",\"position\":1,\"name\":\"Home\",\"item\":\"https:\\\/\\\/news.save.ch\\\/de\\\/\"},{\"@type\":\"ListItem\",\"position\":2,\"name\":\"Swisscom \u00fcbernimmt United Security Providers\"}]},{\"@type\":\"WebSite\",\"@id\":\"https:\\\/\\\/news.save.ch\\\/de\\\/#website\",\"url\":\"https:\\\/\\\/news.save.ch\\\/de\\\/\",\"name\":\"Save\",\"description\":\"Schweizer Fachzeitschrift f\u00fcr Sicherheit\",\"publisher\":{\"@id\":\"https:\\\/\\\/news.save.ch\\\/de\\\/#organization\"},\"potentialAction\":[{\"@type\":\"SearchAction\",\"target\":{\"@type\":\"EntryPoint\",\"urlTemplate\":\"https:\\\/\\\/news.save.ch\\\/de\\\/?s={search_term_string}\"},\"query-input\":{\"@type\":\"PropertyValueSpecification\",\"valueRequired\":true,\"valueName\":\"search_term_string\"}}],\"inLanguage\":\"fr-FR\"},{\"@type\":\"Organization\",\"@id\":\"https:\\\/\\\/news.save.ch\\\/de\\\/#organization\",\"name\":\"Sicherheitsforum\",\"url\":\"https:\\\/\\\/news.save.ch\\\/de\\\/\",\"logo\":{\"@type\":\"ImageObject\",\"inLanguage\":\"fr-FR\",\"@id\":\"https:\\\/\\\/news.save.ch\\\/de\\\/#\\\/schema\\\/logo\\\/image\\\/\",\"url\":\"https:\\\/\\\/news.save.ch\\\/wp-content\\\/uploads\\\/2022\\\/06\\\/Logo_SF_2012.png\",\"contentUrl\":\"https:\\\/\\\/news.save.ch\\\/wp-content\\\/uploads\\\/2022\\\/06\\\/Logo_SF_2012.png\",\"width\":1100,\"height\":91,\"caption\":\"Sicherheitsforum\"},\"image\":{\"@id\":\"https:\\\/\\\/news.save.ch\\\/de\\\/#\\\/schema\\\/logo\\\/image\\\/\"}},{\"@type\":\"Person\",\"@id\":\"https:\\\/\\\/news.save.ch\\\/de\\\/#\\\/schema\\\/person\\\/d5022db048e0e2b9785c50e5b24da5aa\",\"name\":\"Roger Str\u00e4ssle\",\"image\":{\"@type\":\"ImageObject\",\"inLanguage\":\"fr-FR\",\"@id\":\"https:\\\/\\\/secure.gravatar.com\\\/avatar\\\/862a5569d087de48e5856e32f45d719a03804c891d6deb8d4f71a660e79e4a47?s=96&d=mm&r=g\",\"url\":\"https:\\\/\\\/secure.gravatar.com\\\/avatar\\\/862a5569d087de48e5856e32f45d719a03804c891d6deb8d4f71a660e79e4a47?s=96&d=mm&r=g\",\"contentUrl\":\"https:\\\/\\\/secure.gravatar.com\\\/avatar\\\/862a5569d087de48e5856e32f45d719a03804c891d6deb8d4f71a660e79e4a47?s=96&d=mm&r=g\",\"caption\":\"Roger Str\u00e4ssle\"},\"url\":\"https:\\\/\\\/news.save.ch\\\/fr\\\/author\\\/roger-straessle\\\/\"}]}<\/script>\n<!-- \/ Yoast SEO plugin. -->","yoast_head_json":{"title":"Swisscom rach\u00e8te United Security Providers - Save","description":"Swisscom rach\u00e8te United Security Providers et l'associe \u00e0 ses propres activit\u00e9s de cybers\u00e9curit\u00e9 en tant qu'entreprise ind\u00e9pendante.","robots":{"index":"index","follow":"follow","max-snippet":"max-snippet:-1","max-image-preview":"max-image-preview:large","max-video-preview":"max-video-preview:-1"},"canonical":"https:\/\/news.save.ch\/fr\/swisscom-uebernimmt-united-security-providers\/","og_locale":"fr_FR","og_type":"article","og_title":"Swisscom \u00fcbernimmt United Security Providers - Save","og_description":"Swisscom \u00fcbernimmt United Security Providers und bringt die Firma als eigenst\u00e4ndige Unternehmung mit den eigenen Cyber-Security-Aktivit\u00e4ten zusammen.","og_url":"https:\/\/news.save.ch\/fr\/swisscom-uebernimmt-united-security-providers\/","og_site_name":"Save","article_published_time":"2019-05-10T04:12:56+00:00","article_modified_time":"2023-03-14T07:56:47+00:00","og_image":[{"width":1000,"height":667,"url":"https:\/\/news.save.ch\/wp-content\/uploads\/2019\/05\/Swisscom.jpg","type":"image\/jpeg"}],"author":"Roger Str\u00e4ssle","twitter_card":"summary_large_image","twitter_misc":{"\u00c9crit par":"Roger Str\u00e4ssle","Dur\u00e9e de lecture estim\u00e9e":"1 minute"},"schema":{"@context":"https:\/\/schema.org","@graph":[{"@type":"Article","@id":"https:\/\/news.save.ch\/swisscom-uebernimmt-united-security-providers\/#article","isPartOf":{"@id":"https:\/\/news.save.ch\/swisscom-uebernimmt-united-security-providers\/"},"author":{"name":"Roger Str\u00e4ssle","@id":"https:\/\/news.save.ch\/de\/#\/schema\/person\/d5022db048e0e2b9785c50e5b24da5aa"},"headline":"Swisscom \u00fcbernimmt United Security Providers","datePublished":"2019-05-10T04:12:56+00:00","dateModified":"2023-03-14T07:56:47+00:00","mainEntityOfPage":{"@id":"https:\/\/news.save.ch\/swisscom-uebernimmt-united-security-providers\/"},"wordCount":210,"commentCount":0,"publisher":{"@id":"https:\/\/news.save.ch\/de\/#organization"},"image":{"@id":"https:\/\/news.save.ch\/swisscom-uebernimmt-united-security-providers\/#primaryimage"},"thumbnailUrl":"https:\/\/news.save.ch\/wp-content\/uploads\/2019\/05\/Swisscom.jpg","keywords":["Unternehmen"],"articleSection":["DIGITALISIERUNG"],"inLanguage":"fr-FR"},{"@type":"WebPage","@id":"https:\/\/news.save.ch\/swisscom-uebernimmt-united-security-providers\/","url":"https:\/\/news.save.ch\/swisscom-uebernimmt-united-security-providers\/","name":"Swisscom rach\u00e8te United Security Providers - Save","isPartOf":{"@id":"https:\/\/news.save.ch\/de\/#website"},"primaryImageOfPage":{"@id":"https:\/\/news.save.ch\/swisscom-uebernimmt-united-security-providers\/#primaryimage"},"image":{"@id":"https:\/\/news.save.ch\/swisscom-uebernimmt-united-security-providers\/#primaryimage"},"thumbnailUrl":"https:\/\/news.save.ch\/wp-content\/uploads\/2019\/05\/Swisscom.jpg","datePublished":"2019-05-10T04:12:56+00:00","dateModified":"2023-03-14T07:56:47+00:00","description":"Swisscom rach\u00e8te United Security Providers et l'associe \u00e0 ses propres activit\u00e9s de cybers\u00e9curit\u00e9 en tant qu'entreprise ind\u00e9pendante.","breadcrumb":{"@id":"https:\/\/news.save.ch\/swisscom-uebernimmt-united-security-providers\/#breadcrumb"},"inLanguage":"fr-FR","potentialAction":[{"@type":"ReadAction","target":["https:\/\/news.save.ch\/swisscom-uebernimmt-united-security-providers\/"]}]},{"@type":"ImageObject","inLanguage":"fr-FR","@id":"https:\/\/news.save.ch\/swisscom-uebernimmt-united-security-providers\/#primaryimage","url":"https:\/\/news.save.ch\/wp-content\/uploads\/2019\/05\/Swisscom.jpg","contentUrl":"https:\/\/news.save.ch\/wp-content\/uploads\/2019\/05\/Swisscom.jpg","width":1000,"height":667,"caption":"depositphotos, Violin"},{"@type":"BreadcrumbList","@id":"https:\/\/news.save.ch\/swisscom-uebernimmt-united-security-providers\/#breadcrumb","itemListElement":[{"@type":"ListItem","position":1,"name":"Home","item":"https:\/\/news.save.ch\/de\/"},{"@type":"ListItem","position":2,"name":"Swisscom \u00fcbernimmt United Security Providers"}]},{"@type":"WebSite","@id":"https:\/\/news.save.ch\/de\/#website","url":"https:\/\/news.save.ch\/de\/","name":"Save","description":"Revue suisse sp\u00e9cialis\u00e9e dans la s\u00e9curit\u00e9","publisher":{"@id":"https:\/\/news.save.ch\/de\/#organization"},"potentialAction":[{"@type":"SearchAction","target":{"@type":"EntryPoint","urlTemplate":"https:\/\/news.save.ch\/de\/?s={search_term_string}"},"query-input":{"@type":"PropertyValueSpecification","valueRequired":true,"valueName":"search_term_string"}}],"inLanguage":"fr-FR"},{"@type":"Organization","@id":"https:\/\/news.save.ch\/de\/#organization","name":"Forum sur la s\u00e9curit\u00e9","url":"https:\/\/news.save.ch\/de\/","logo":{"@type":"ImageObject","inLanguage":"fr-FR","@id":"https:\/\/news.save.ch\/de\/#\/schema\/logo\/image\/","url":"https:\/\/news.save.ch\/wp-content\/uploads\/2022\/06\/Logo_SF_2012.png","contentUrl":"https:\/\/news.save.ch\/wp-content\/uploads\/2022\/06\/Logo_SF_2012.png","width":1100,"height":91,"caption":"Sicherheitsforum"},"image":{"@id":"https:\/\/news.save.ch\/de\/#\/schema\/logo\/image\/"}},{"@type":"Person","@id":"https:\/\/news.save.ch\/de\/#\/schema\/person\/d5022db048e0e2b9785c50e5b24da5aa","name":"Roger Str\u00e4ssle","image":{"@type":"ImageObject","inLanguage":"fr-FR","@id":"https:\/\/secure.gravatar.com\/avatar\/862a5569d087de48e5856e32f45d719a03804c891d6deb8d4f71a660e79e4a47?s=96&d=mm&r=g","url":"https:\/\/secure.gravatar.com\/avatar\/862a5569d087de48e5856e32f45d719a03804c891d6deb8d4f71a660e79e4a47?s=96&d=mm&r=g","contentUrl":"https:\/\/secure.gravatar.com\/avatar\/862a5569d087de48e5856e32f45d719a03804c891d6deb8d4f71a660e79e4a47?s=96&d=mm&r=g","caption":"Roger Str\u00e4ssle"},"url":"https:\/\/news.save.ch\/fr\/author\/roger-straessle\/"}]}},"_links":{"self":[{"href":"https:\/\/news.save.ch\/fr\/wp-json\/wp\/v2\/posts\/8032","targetHints":{"allow":["GET"]}}],"collection":[{"href":"https:\/\/news.save.ch\/fr\/wp-json\/wp\/v2\/posts"}],"about":[{"href":"https:\/\/news.save.ch\/fr\/wp-json\/wp\/v2\/types\/post"}],"author":[{"embeddable":true,"href":"https:\/\/news.save.ch\/fr\/wp-json\/wp\/v2\/users\/8"}],"replies":[{"embeddable":true,"href":"https:\/\/news.save.ch\/fr\/wp-json\/wp\/v2\/comments?post=8032"}],"version-history":[{"count":1,"href":"https:\/\/news.save.ch\/fr\/wp-json\/wp\/v2\/posts\/8032\/revisions"}],"predecessor-version":[{"id":17395,"href":"https:\/\/news.save.ch\/fr\/wp-json\/wp\/v2\/posts\/8032\/revisions\/17395"}],"wp:featuredmedia":[{"embeddable":true,"href":"https:\/\/news.save.ch\/fr\/wp-json\/wp\/v2\/media\/8033"}],"wp:attachment":[{"href":"https:\/\/news.save.ch\/fr\/wp-json\/wp\/v2\/media?parent=8032"}],"wp:term":[{"taxonomy":"category","embeddable":true,"href":"https:\/\/news.save.ch\/fr\/wp-json\/wp\/v2\/categories?post=8032"},{"taxonomy":"post_tag","embeddable":true,"href":"https:\/\/news.save.ch\/fr\/wp-json\/wp\/v2\/tags?post=8032"}],"curies":[{"name":"wp","href":"https:\/\/api.w.org\/{rel}","templated":true}]}}