{"id":8059,"date":"2019-05-19T17:48:00","date_gmt":"2019-05-19T15:48:00","guid":{"rendered":"https:\/\/news.save.ch\/?p=8059"},"modified":"2019-05-19T17:48:00","modified_gmt":"2019-05-19T15:48:00","slug":"svti-neues-akademie-und-tagungszentrums-eroeffnet","status":null,"type":"post","link":"https:\/\/news.save.ch\/fr\/svti-neues-akademie-und-tagungszentrums-eroeffnet\/","title":{"rendered":"ASIT : Ouverture d'un nouveau centre d'acad\u00e9mie et de congr\u00e8s"},"content":{"rendered":"<figure id=\"attachment_8074\" aria-describedby=\"caption-attachment-8074\" style=\"width: 680px\" class=\"wp-caption aligncenter\"><img loading=\"lazy\" decoding=\"async\" class=\"size-medium wp-image-8074\" src=\"https:\/\/news.save.ch\/wp-content\/uploads\/2019\/05\/Sprinkleranlage-1_bearbeitet-1.jpg\" alt=\"\" width=\"680\" height=\"509\" \/><figcaption id=\"caption-attachment-8074\" class=\"wp-caption-text\"><a href=\"https:\/\/news.save.ch\/fr\/?s=SVTI\">Raffael Schubiger<\/a>, directeur de l'ASIT, appr\u00e9cie la nouvelle installation de test des sprinklers pour les participants aux cours. (Photo : R. Str\u00e4ssle)<\/figcaption><\/figure>\n<p>Le 9 juillet 1869, il y a donc exactement 150 ans, l'Association suisse des propri\u00e9taires de chaudi\u00e8res \u00e0 vapeur a \u00e9t\u00e9 fond\u00e9e \u00e0 Zurich. Les industriels s'\u00e9taient regroup\u00e9s en une association \u00e0 but d\u00e9termin\u00e9. L'objectif \u00e9tait alors le suivant : \"Surveiller les chaudi\u00e8res \u00e0 vapeur afin de pr\u00e9venir autant que possible les explosions et de r\u00e9aliser des \u00e9conomies dans la production et l'utilisation de la vapeur\". Cette association \u00e0 but d\u00e9termin\u00e9 a finalement donn\u00e9 naissance \u00e0 l'Association suisse d'inspection technique (<a href=\"https:\/\/www.svti.ch\">ASIT<\/a>) a vu le jour. L'inspection de la s\u00e9curit\u00e9 des \u00e9quipements sous pression ne repr\u00e9sente aujourd'hui qu'une petite partie des t\u00e2ches effectu\u00e9es par le groupe ASIT. Le but de l'organisation est de pr\u00e9venir les accidents, les incidents ainsi que les dommages et d'\u00e9liminer les dangers lors de la fabrication et de l'exploitation d'installations techniques de toutes sortes, comme l'association d\u00e9crit ses activit\u00e9s. Ainsi, l'ASIT est l'inspection nucl\u00e9aire, l'inspection des tuyauteries et des mati\u00e8res dangereuses, l'inspection des ascenseurs, mais aussi un institut de technologie des mat\u00e9riaux, pour ne citer que quelques activit\u00e9s.<\/p>\n<p><strong>Le nouveau centre d'acad\u00e9mie et de congr\u00e8s<\/strong><\/p>\n<p>L'inauguration festive de l'extension du si\u00e8ge principal \u00e0 Wallisellen fait \u00e9galement partie des \u00e9v\u00e9nements de l'ann\u00e9e du jubil\u00e9. Il s'agit du nouveau centre d'acad\u00e9mie et de congr\u00e8s, qui a \u00e9t\u00e9 officiellement inaugur\u00e9 \u00e0 la mi-mai 2019. Seule ombre au tableau : \u00e0 l'origine, le b\u00e2timent aurait d\u00fb entrer en service il y a deux ans d\u00e9j\u00e0. Des probl\u00e8mes de construction ont finalement entra\u00een\u00e9 ce retard peu esth\u00e9tique. En revanche, le nouveau centre d'apprentissage fait son entr\u00e9e dans l'ann\u00e9e du jubil\u00e9. D'un point de vue architectural, le nouveau b\u00e2timent s'int\u00e8gre parfaitement au b\u00e2timent existant. Gr\u00e2ce \u00e0 la fa\u00e7ade en verre, l'int\u00e9rieur est inond\u00e9 de lumi\u00e8re. Les grandes surfaces vitr\u00e9es sont synonymes de transparence, ce que l'ASIT s'engage \u00e0 faire. Depuis le nouvel \u00e9tage en attique, on a une vue magnifique sur le paysage r\u00e9sidentiel et industriel tr\u00e8s dense de cette r\u00e9gion. Le toit en porte-\u00e0-faux constitue un point de rep\u00e8re marquant et est bien visible depuis la gare de Wallisellen situ\u00e9e en face.<\/p>\n<p><strong>Toute l'activit\u00e9 de formation sous un m\u00eame toit<\/strong><\/p>\n<p>En plus des \u00e9tages de bureaux, l'extension abrite surtout le nouveau centre d'acad\u00e9mie et de congr\u00e8s. L'ASIT \u00e9crit qu'il est ainsi possible de regrouper l'ensemble des activit\u00e9s de formation de la Suisse al\u00e9manique au si\u00e8ge principal de Wallisellen. Avec un auditorium et des salles de s\u00e9minaire et de r\u00e9union de diff\u00e9rentes tailles, les participants aux formations et aux formations continues disposent d'une infrastructure moderne. La nouvelle installation de test des sprinklers dans le parking souterrain en fait \u00e9galement partie. Les personnes qui suivent un cours dans cette sp\u00e9cialit\u00e9 ont droit \u00e0 des d\u00e9monstrations pratiques sur le fonctionnement des d\u00e9tecteurs d'incendie et des sprinklers en cas d'urgence. Comme on le sait, les formations continues ne doivent pas \u00eatre uniquement intellectuelles.<\/p>\n<p><strong>Cours dans d'autres r\u00e9gions du pays<\/strong><\/p>\n<p>Parmi les prestations du centre de comp\u00e9tences ind\u00e9pendant pour la s\u00e9curit\u00e9 technique et la gestion des risques figure, comme nous l'avons dit, une vaste offre d'informations, de formation et de formation continue. Selon l'association, cette offre est principalement r\u00e9alis\u00e9e par la filiale Swiss Safety Center AG et est constamment \u00e9largie. Elle comprend \u00e9galement des cours pour la Suisse romande et italienne dans les succursales de Neuch\u00e2tel et de Lugano.<\/p>\n<p><a href=\"https:\/\/www.svti-gruppe.ch\/fileadmin\/SVTI_Gruppe\/Erweiterung_West\/videopraesentation_erweiterungwest.mp4\"><em>Cliquez ici pour une visite virtuelle du nouveau b\u00e2timent de l'ASIT.<\/em><\/a><\/p>\n<figure id=\"attachment_8178\" aria-describedby=\"caption-attachment-8178\" style=\"width: 680px\" class=\"wp-caption aligncenter\"><img loading=\"lazy\" decoding=\"async\" class=\"size-medium wp-image-8178\" src=\"https:\/\/news.save.ch\/wp-content\/uploads\/2019\/05\/35-IMG_0048-scaled-1.jpg\" alt=\"\" width=\"680\" height=\"453\" \/><figcaption id=\"caption-attachment-8178\" class=\"wp-caption-text\">Le verre domine - l'extension du si\u00e8ge de l'ASIT \u00e0 Wallisellen. (Photos : R. Str\u00e4ssle)<\/figcaption><\/figure>\n<figure id=\"attachment_8061\" aria-describedby=\"caption-attachment-8061\" style=\"width: 680px\" class=\"wp-caption aligncenter\"><img loading=\"lazy\" decoding=\"async\" class=\"size-medium wp-image-8061\" src=\"https:\/\/news.save.ch\/wp-content\/uploads\/2019\/05\/Spielplatz-1-scaled-1.jpg\" alt=\"\" width=\"680\" height=\"453\" \/><figcaption id=\"caption-attachment-8061\" class=\"wp-caption-text\">Les personnes int\u00e9ress\u00e9es pourront avoir un aper\u00e7u des diff\u00e9rentes activit\u00e9s d'inspection de l'association lors de la journ\u00e9e d'ouverture.<\/figcaption><\/figure>\n<p><img loading=\"lazy\" decoding=\"async\" class=\"aligncenter size-medium wp-image-8066\" src=\"https:\/\/news.save.ch\/wp-content\/uploads\/2019\/05\/IMG_9883-scaled-1.jpg\" alt=\"\" width=\"680\" height=\"453\" \/><\/p>\n<p>&nbsp;<\/p>\n<p>&nbsp;<\/p>","protected":false},"excerpt":{"rendered":"<p>Am 9. Juli 1869, also genau vor 150 Jahren, wurde der Schweizerische Verein von Dampfkesselbesitzern in Z\u00fcrich gegr\u00fcndet. Die Industriellen hatten sich zu einem Zweckverband zusammengeschlossen. Das Ziel hiess damals: \u00abDie \u00dcberwachung der Dampfkessel, um Explosionen m\u00f6glichst vorzubeugen und Ersparnisse in der Erzeugung und Verwendung von Dampf zu erzielen.\u00bb Aus diesem Zweckverband ist schliesslich der [&hellip;]<\/p>\n","protected":false},"author":8,"featured_media":8074,"comment_status":"open","ping_status":"open","sticky":false,"template":"","format":"standard","meta":{"_acf_changed":false,"pgc_sgb_lightbox_settings":"","footnotes":""},"categories":[1],"tags":[487,446],"class_list":["post-8059","post","type-post","status-publish","format-standard","has-post-thumbnail","hentry","category-allgemein","tag-inspektionen","tag-svti"],"acf":[],"hkrextid":null,"publication":null,"issue":null,"workflow":null,"startPage":null,"spitzmarke":null,"_posts_by_tag_page_fields":{"widget_title":"","widget_tags":""},"_at_widget":"1","_yoast_wpseo_primary_category":"1","_yoast_wpseo_focuskw_text_input":"SVTI","_yoast_wpseo_opengraph-image":null,"_yoast_wpseo_opengraph-description":null,"_yoast_wpseo_opengraph-title":null,"enclosure":"https:\/\/www.svti-gruppe.ch\/fileadmin\/SVTI_Gruppe\/Erweiterung_West\/videopraesentation_erweiterungwest.mp4\n33373412\nvideo\/mp4\n","_yoast_wpseo_twitter-title":null,"_yoast_wpseo_twitter-description":null,"_yoast_wpseo_twitter-image":null,"_wp_old_slug":null,"_yoast_wpseo_title":null,"_yoast_wpseo_canonical":null,"yoast_head":"<!-- This site is optimized with the Yoast SEO plugin v27.5 - https:\/\/yoast.com\/product\/yoast-seo-wordpress\/ -->\n<title>SVTI: Neues Akademie- und Tagungszentrum er\u00f6ffnet - Save<\/title>\n<meta name=\"description\" content=\"Nach einer intensiven Bauphase hat die SVTI-Gruppe das neue Akademie- und Tagungszentrum vor wenigen Tagen in Wallisellen eingeweiht.\" \/>\n<meta name=\"robots\" content=\"index, follow, max-snippet:-1, max-image-preview:large, max-video-preview:-1\" \/>\n<link rel=\"canonical\" href=\"https:\/\/news.save.ch\/fr\/svti-neues-akademie-und-tagungszentrums-eroeffnet\/\" \/>\n<meta property=\"og:locale\" content=\"fr_FR\" \/>\n<meta property=\"og:type\" content=\"article\" \/>\n<meta property=\"og:title\" content=\"SVTI: Neues Akademie- und Tagungszentrum er\u00f6ffnet - Save\" \/>\n<meta property=\"og:description\" content=\"Nach einer intensiven Bauphase hat die SVTI-Gruppe das neue Akademie- und Tagungszentrum vor wenigen Tagen in Wallisellen eingeweiht.\" \/>\n<meta property=\"og:url\" content=\"https:\/\/news.save.ch\/fr\/svti-neues-akademie-und-tagungszentrums-eroeffnet\/\" \/>\n<meta property=\"og:site_name\" content=\"Save\" \/>\n<meta property=\"article:published_time\" content=\"2019-05-19T15:48:00+00:00\" \/>\n<meta property=\"og:image\" content=\"https:\/\/news.save.ch\/wp-content\/uploads\/2019\/05\/Sprinkleranlage-1_bearbeitet-1-scaled.jpg\" \/>\n\t<meta property=\"og:image:width\" content=\"1400\" \/>\n\t<meta property=\"og:image:height\" content=\"1048\" \/>\n\t<meta property=\"og:image:type\" content=\"image\/jpeg\" \/>\n<meta name=\"author\" content=\"Roger Str\u00e4ssle\" \/>\n<meta name=\"twitter:card\" content=\"summary_large_image\" \/>\n<meta name=\"twitter:label1\" content=\"\u00c9crit par\" \/>\n\t<meta name=\"twitter:data1\" content=\"Roger Str\u00e4ssle\" \/>\n\t<meta name=\"twitter:label2\" content=\"Dur\u00e9e de lecture estim\u00e9e\" \/>\n\t<meta name=\"twitter:data2\" content=\"3 minutes\" \/>\n<script type=\"application\/ld+json\" class=\"yoast-schema-graph\">{\"@context\":\"https:\\\/\\\/schema.org\",\"@graph\":[{\"@type\":\"Article\",\"@id\":\"https:\\\/\\\/news.save.ch\\\/svti-neues-akademie-und-tagungszentrums-eroeffnet\\\/#article\",\"isPartOf\":{\"@id\":\"https:\\\/\\\/news.save.ch\\\/svti-neues-akademie-und-tagungszentrums-eroeffnet\\\/\"},\"author\":{\"name\":\"Roger Str\u00e4ssle\",\"@id\":\"https:\\\/\\\/news.save.ch\\\/de\\\/#\\\/schema\\\/person\\\/d5022db048e0e2b9785c50e5b24da5aa\"},\"headline\":\"SVTI: Neues Akademie- und Tagungszentrum er\u00f6ffnet\",\"datePublished\":\"2019-05-19T15:48:00+00:00\",\"mainEntityOfPage\":{\"@id\":\"https:\\\/\\\/news.save.ch\\\/svti-neues-akademie-und-tagungszentrums-eroeffnet\\\/\"},\"wordCount\":555,\"commentCount\":0,\"publisher\":{\"@id\":\"https:\\\/\\\/news.save.ch\\\/de\\\/#organization\"},\"image\":{\"@id\":\"https:\\\/\\\/news.save.ch\\\/svti-neues-akademie-und-tagungszentrums-eroeffnet\\\/#primaryimage\"},\"thumbnailUrl\":\"https:\\\/\\\/news.save.ch\\\/wp-content\\\/uploads\\\/2019\\\/05\\\/Sprinkleranlage-1_bearbeitet-1-scaled.jpg\",\"keywords\":[\"Inspektionen\",\"SVTI\"],\"articleSection\":[\"ALLGEMEIN\"],\"inLanguage\":\"fr-FR\"},{\"@type\":\"WebPage\",\"@id\":\"https:\\\/\\\/news.save.ch\\\/svti-neues-akademie-und-tagungszentrums-eroeffnet\\\/\",\"url\":\"https:\\\/\\\/news.save.ch\\\/svti-neues-akademie-und-tagungszentrums-eroeffnet\\\/\",\"name\":\"SVTI: Neues Akademie- und Tagungszentrum er\u00f6ffnet - Save\",\"isPartOf\":{\"@id\":\"https:\\\/\\\/news.save.ch\\\/de\\\/#website\"},\"primaryImageOfPage\":{\"@id\":\"https:\\\/\\\/news.save.ch\\\/svti-neues-akademie-und-tagungszentrums-eroeffnet\\\/#primaryimage\"},\"image\":{\"@id\":\"https:\\\/\\\/news.save.ch\\\/svti-neues-akademie-und-tagungszentrums-eroeffnet\\\/#primaryimage\"},\"thumbnailUrl\":\"https:\\\/\\\/news.save.ch\\\/wp-content\\\/uploads\\\/2019\\\/05\\\/Sprinkleranlage-1_bearbeitet-1-scaled.jpg\",\"datePublished\":\"2019-05-19T15:48:00+00:00\",\"description\":\"Nach einer intensiven Bauphase hat die SVTI-Gruppe das neue Akademie- und Tagungszentrum vor wenigen Tagen in Wallisellen eingeweiht.\",\"breadcrumb\":{\"@id\":\"https:\\\/\\\/news.save.ch\\\/svti-neues-akademie-und-tagungszentrums-eroeffnet\\\/#breadcrumb\"},\"inLanguage\":\"fr-FR\",\"potentialAction\":[{\"@type\":\"ReadAction\",\"target\":[\"https:\\\/\\\/news.save.ch\\\/svti-neues-akademie-und-tagungszentrums-eroeffnet\\\/\"]}]},{\"@type\":\"ImageObject\",\"inLanguage\":\"fr-FR\",\"@id\":\"https:\\\/\\\/news.save.ch\\\/svti-neues-akademie-und-tagungszentrums-eroeffnet\\\/#primaryimage\",\"url\":\"https:\\\/\\\/news.save.ch\\\/wp-content\\\/uploads\\\/2019\\\/05\\\/Sprinkleranlage-1_bearbeitet-1-scaled.jpg\",\"contentUrl\":\"https:\\\/\\\/news.save.ch\\\/wp-content\\\/uploads\\\/2019\\\/05\\\/Sprinkleranlage-1_bearbeitet-1-scaled.jpg\",\"width\":1400,\"height\":1048,\"caption\":\"Raffael Schubiger, SVTI-Direktor, gef\u00e4llt die neue Sprinkleranlage f\u00fcr Testzwecke seiner Kursteilnehmer. (Foto: R. Str\u00e4ssle)\"},{\"@type\":\"BreadcrumbList\",\"@id\":\"https:\\\/\\\/news.save.ch\\\/svti-neues-akademie-und-tagungszentrums-eroeffnet\\\/#breadcrumb\",\"itemListElement\":[{\"@type\":\"ListItem\",\"position\":1,\"name\":\"Home\",\"item\":\"https:\\\/\\\/news.save.ch\\\/de\\\/\"},{\"@type\":\"ListItem\",\"position\":2,\"name\":\"SVTI: Neues Akademie- und Tagungszentrum er\u00f6ffnet\"}]},{\"@type\":\"WebSite\",\"@id\":\"https:\\\/\\\/news.save.ch\\\/de\\\/#website\",\"url\":\"https:\\\/\\\/news.save.ch\\\/de\\\/\",\"name\":\"Save\",\"description\":\"Schweizer Fachzeitschrift f\u00fcr Sicherheit\",\"publisher\":{\"@id\":\"https:\\\/\\\/news.save.ch\\\/de\\\/#organization\"},\"potentialAction\":[{\"@type\":\"SearchAction\",\"target\":{\"@type\":\"EntryPoint\",\"urlTemplate\":\"https:\\\/\\\/news.save.ch\\\/de\\\/?s={search_term_string}\"},\"query-input\":{\"@type\":\"PropertyValueSpecification\",\"valueRequired\":true,\"valueName\":\"search_term_string\"}}],\"inLanguage\":\"fr-FR\"},{\"@type\":\"Organization\",\"@id\":\"https:\\\/\\\/news.save.ch\\\/de\\\/#organization\",\"name\":\"Sicherheitsforum\",\"url\":\"https:\\\/\\\/news.save.ch\\\/de\\\/\",\"logo\":{\"@type\":\"ImageObject\",\"inLanguage\":\"fr-FR\",\"@id\":\"https:\\\/\\\/news.save.ch\\\/de\\\/#\\\/schema\\\/logo\\\/image\\\/\",\"url\":\"https:\\\/\\\/news.save.ch\\\/wp-content\\\/uploads\\\/2022\\\/06\\\/Logo_SF_2012.png\",\"contentUrl\":\"https:\\\/\\\/news.save.ch\\\/wp-content\\\/uploads\\\/2022\\\/06\\\/Logo_SF_2012.png\",\"width\":1100,\"height\":91,\"caption\":\"Sicherheitsforum\"},\"image\":{\"@id\":\"https:\\\/\\\/news.save.ch\\\/de\\\/#\\\/schema\\\/logo\\\/image\\\/\"}},{\"@type\":\"Person\",\"@id\":\"https:\\\/\\\/news.save.ch\\\/de\\\/#\\\/schema\\\/person\\\/d5022db048e0e2b9785c50e5b24da5aa\",\"name\":\"Roger Str\u00e4ssle\",\"image\":{\"@type\":\"ImageObject\",\"inLanguage\":\"fr-FR\",\"@id\":\"https:\\\/\\\/secure.gravatar.com\\\/avatar\\\/862a5569d087de48e5856e32f45d719a03804c891d6deb8d4f71a660e79e4a47?s=96&d=mm&r=g\",\"url\":\"https:\\\/\\\/secure.gravatar.com\\\/avatar\\\/862a5569d087de48e5856e32f45d719a03804c891d6deb8d4f71a660e79e4a47?s=96&d=mm&r=g\",\"contentUrl\":\"https:\\\/\\\/secure.gravatar.com\\\/avatar\\\/862a5569d087de48e5856e32f45d719a03804c891d6deb8d4f71a660e79e4a47?s=96&d=mm&r=g\",\"caption\":\"Roger Str\u00e4ssle\"},\"url\":\"https:\\\/\\\/news.save.ch\\\/fr\\\/author\\\/roger-straessle\\\/\"}]}<\/script>\n<!-- \/ Yoast SEO plugin. -->","yoast_head_json":{"title":"ASIT : Ouverture d'un nouveau centre d'acad\u00e9mie et de congr\u00e8s - Save","description":"Apr\u00e8s une phase de construction intensive, le groupe ASIT a inaugur\u00e9 il y a quelques jours son nouveau centre d'acad\u00e9mie et de congr\u00e8s \u00e0 Wallisellen.","robots":{"index":"index","follow":"follow","max-snippet":"max-snippet:-1","max-image-preview":"max-image-preview:large","max-video-preview":"max-video-preview:-1"},"canonical":"https:\/\/news.save.ch\/fr\/svti-neues-akademie-und-tagungszentrums-eroeffnet\/","og_locale":"fr_FR","og_type":"article","og_title":"SVTI: Neues Akademie- und Tagungszentrum er\u00f6ffnet - Save","og_description":"Nach einer intensiven Bauphase hat die SVTI-Gruppe das neue Akademie- und Tagungszentrum vor wenigen Tagen in Wallisellen eingeweiht.","og_url":"https:\/\/news.save.ch\/fr\/svti-neues-akademie-und-tagungszentrums-eroeffnet\/","og_site_name":"Save","article_published_time":"2019-05-19T15:48:00+00:00","og_image":[{"width":1400,"height":1048,"url":"https:\/\/news.save.ch\/wp-content\/uploads\/2019\/05\/Sprinkleranlage-1_bearbeitet-1-scaled.jpg","type":"image\/jpeg"}],"author":"Roger Str\u00e4ssle","twitter_card":"summary_large_image","twitter_misc":{"\u00c9crit par":"Roger Str\u00e4ssle","Dur\u00e9e de lecture estim\u00e9e":"3 minutes"},"schema":{"@context":"https:\/\/schema.org","@graph":[{"@type":"Article","@id":"https:\/\/news.save.ch\/svti-neues-akademie-und-tagungszentrums-eroeffnet\/#article","isPartOf":{"@id":"https:\/\/news.save.ch\/svti-neues-akademie-und-tagungszentrums-eroeffnet\/"},"author":{"name":"Roger Str\u00e4ssle","@id":"https:\/\/news.save.ch\/de\/#\/schema\/person\/d5022db048e0e2b9785c50e5b24da5aa"},"headline":"SVTI: Neues Akademie- und Tagungszentrum er\u00f6ffnet","datePublished":"2019-05-19T15:48:00+00:00","mainEntityOfPage":{"@id":"https:\/\/news.save.ch\/svti-neues-akademie-und-tagungszentrums-eroeffnet\/"},"wordCount":555,"commentCount":0,"publisher":{"@id":"https:\/\/news.save.ch\/de\/#organization"},"image":{"@id":"https:\/\/news.save.ch\/svti-neues-akademie-und-tagungszentrums-eroeffnet\/#primaryimage"},"thumbnailUrl":"https:\/\/news.save.ch\/wp-content\/uploads\/2019\/05\/Sprinkleranlage-1_bearbeitet-1-scaled.jpg","keywords":["Inspektionen","SVTI"],"articleSection":["ALLGEMEIN"],"inLanguage":"fr-FR"},{"@type":"WebPage","@id":"https:\/\/news.save.ch\/svti-neues-akademie-und-tagungszentrums-eroeffnet\/","url":"https:\/\/news.save.ch\/svti-neues-akademie-und-tagungszentrums-eroeffnet\/","name":"ASIT : Ouverture d'un nouveau centre d'acad\u00e9mie et de congr\u00e8s - Save","isPartOf":{"@id":"https:\/\/news.save.ch\/de\/#website"},"primaryImageOfPage":{"@id":"https:\/\/news.save.ch\/svti-neues-akademie-und-tagungszentrums-eroeffnet\/#primaryimage"},"image":{"@id":"https:\/\/news.save.ch\/svti-neues-akademie-und-tagungszentrums-eroeffnet\/#primaryimage"},"thumbnailUrl":"https:\/\/news.save.ch\/wp-content\/uploads\/2019\/05\/Sprinkleranlage-1_bearbeitet-1-scaled.jpg","datePublished":"2019-05-19T15:48:00+00:00","description":"Apr\u00e8s une phase de construction intensive, le groupe ASIT a inaugur\u00e9 il y a quelques jours son nouveau centre d'acad\u00e9mie et de congr\u00e8s \u00e0 Wallisellen.","breadcrumb":{"@id":"https:\/\/news.save.ch\/svti-neues-akademie-und-tagungszentrums-eroeffnet\/#breadcrumb"},"inLanguage":"fr-FR","potentialAction":[{"@type":"ReadAction","target":["https:\/\/news.save.ch\/svti-neues-akademie-und-tagungszentrums-eroeffnet\/"]}]},{"@type":"ImageObject","inLanguage":"fr-FR","@id":"https:\/\/news.save.ch\/svti-neues-akademie-und-tagungszentrums-eroeffnet\/#primaryimage","url":"https:\/\/news.save.ch\/wp-content\/uploads\/2019\/05\/Sprinkleranlage-1_bearbeitet-1-scaled.jpg","contentUrl":"https:\/\/news.save.ch\/wp-content\/uploads\/2019\/05\/Sprinkleranlage-1_bearbeitet-1-scaled.jpg","width":1400,"height":1048,"caption":"Raffael Schubiger, SVTI-Direktor, gef\u00e4llt die neue Sprinkleranlage f\u00fcr Testzwecke seiner Kursteilnehmer. (Foto: R. Str\u00e4ssle)"},{"@type":"BreadcrumbList","@id":"https:\/\/news.save.ch\/svti-neues-akademie-und-tagungszentrums-eroeffnet\/#breadcrumb","itemListElement":[{"@type":"ListItem","position":1,"name":"Home","item":"https:\/\/news.save.ch\/de\/"},{"@type":"ListItem","position":2,"name":"SVTI: Neues Akademie- und Tagungszentrum er\u00f6ffnet"}]},{"@type":"WebSite","@id":"https:\/\/news.save.ch\/de\/#website","url":"https:\/\/news.save.ch\/de\/","name":"Save","description":"Revue suisse sp\u00e9cialis\u00e9e dans la s\u00e9curit\u00e9","publisher":{"@id":"https:\/\/news.save.ch\/de\/#organization"},"potentialAction":[{"@type":"SearchAction","target":{"@type":"EntryPoint","urlTemplate":"https:\/\/news.save.ch\/de\/?s={search_term_string}"},"query-input":{"@type":"PropertyValueSpecification","valueRequired":true,"valueName":"search_term_string"}}],"inLanguage":"fr-FR"},{"@type":"Organization","@id":"https:\/\/news.save.ch\/de\/#organization","name":"Forum sur la s\u00e9curit\u00e9","url":"https:\/\/news.save.ch\/de\/","logo":{"@type":"ImageObject","inLanguage":"fr-FR","@id":"https:\/\/news.save.ch\/de\/#\/schema\/logo\/image\/","url":"https:\/\/news.save.ch\/wp-content\/uploads\/2022\/06\/Logo_SF_2012.png","contentUrl":"https:\/\/news.save.ch\/wp-content\/uploads\/2022\/06\/Logo_SF_2012.png","width":1100,"height":91,"caption":"Sicherheitsforum"},"image":{"@id":"https:\/\/news.save.ch\/de\/#\/schema\/logo\/image\/"}},{"@type":"Person","@id":"https:\/\/news.save.ch\/de\/#\/schema\/person\/d5022db048e0e2b9785c50e5b24da5aa","name":"Roger Str\u00e4ssle","image":{"@type":"ImageObject","inLanguage":"fr-FR","@id":"https:\/\/secure.gravatar.com\/avatar\/862a5569d087de48e5856e32f45d719a03804c891d6deb8d4f71a660e79e4a47?s=96&d=mm&r=g","url":"https:\/\/secure.gravatar.com\/avatar\/862a5569d087de48e5856e32f45d719a03804c891d6deb8d4f71a660e79e4a47?s=96&d=mm&r=g","contentUrl":"https:\/\/secure.gravatar.com\/avatar\/862a5569d087de48e5856e32f45d719a03804c891d6deb8d4f71a660e79e4a47?s=96&d=mm&r=g","caption":"Roger Str\u00e4ssle"},"url":"https:\/\/news.save.ch\/fr\/author\/roger-straessle\/"}]}},"_links":{"self":[{"href":"https:\/\/news.save.ch\/fr\/wp-json\/wp\/v2\/posts\/8059","targetHints":{"allow":["GET"]}}],"collection":[{"href":"https:\/\/news.save.ch\/fr\/wp-json\/wp\/v2\/posts"}],"about":[{"href":"https:\/\/news.save.ch\/fr\/wp-json\/wp\/v2\/types\/post"}],"author":[{"embeddable":true,"href":"https:\/\/news.save.ch\/fr\/wp-json\/wp\/v2\/users\/8"}],"replies":[{"embeddable":true,"href":"https:\/\/news.save.ch\/fr\/wp-json\/wp\/v2\/comments?post=8059"}],"version-history":[{"count":0,"href":"https:\/\/news.save.ch\/fr\/wp-json\/wp\/v2\/posts\/8059\/revisions"}],"wp:featuredmedia":[{"embeddable":true,"href":"https:\/\/news.save.ch\/fr\/wp-json\/wp\/v2\/media\/8074"}],"wp:attachment":[{"href":"https:\/\/news.save.ch\/fr\/wp-json\/wp\/v2\/media?parent=8059"}],"wp:term":[{"taxonomy":"category","embeddable":true,"href":"https:\/\/news.save.ch\/fr\/wp-json\/wp\/v2\/categories?post=8059"},{"taxonomy":"post_tag","embeddable":true,"href":"https:\/\/news.save.ch\/fr\/wp-json\/wp\/v2\/tags?post=8059"}],"curies":[{"name":"wp","href":"https:\/\/api.w.org\/{rel}","templated":true}]}}