{"id":8184,"date":"2019-06-06T18:12:47","date_gmt":"2019-06-06T16:12:47","guid":{"rendered":"https:\/\/news.save.ch\/?p=8184"},"modified":"2023-03-14T09:00:00","modified_gmt":"2023-03-14T08:00:00","slug":"fuehrungswechsel-bei-der-salto-systems-ag","status":null,"type":"post","link":"https:\/\/news.save.ch\/fr\/fuehrungswechsel-bei-der-salto-systems-ag\/","title":{"rendered":"Changement de direction chez Salto Systems"},"content":{"rendered":"<figure id=\"attachment_8185\" aria-describedby=\"caption-attachment-8185\" style=\"width: 680px\" class=\"wp-caption aligncenter\"><img loading=\"lazy\" decoding=\"async\" class=\"wp-image-8185 size-medium\" src=\"https:\/\/news.save.ch\/wp-content\/uploads\/2019\/06\/salto_keller-isler-neher-graf-scaled-1.jpg\" alt=\"Changement de direction\" width=\"680\" height=\"233\" \/><figcaption id=\"caption-attachment-8185\" class=\"wp-caption-text\">Nouvelles fonctions chez Salto Systems AG (de g. \u00e0 dr.) : Urs Keller, d\u00e9l\u00e9gu\u00e9 du conseil d'administration, Roger Isler, directeur, Andreas Neher, directeur des ventes, Daniel Graf, Key Account Manager. (Photo : Salto Systems)<\/figcaption><\/figure>\n<p>Le directeur g\u00e9n\u00e9ral de Salto Systems AG, Urs Keller, quittera la direction de l'entreprise le 1er juillet 2019, indique l'entreprise active dans le domaine des solutions d'acc\u00e8s. Keller restera toutefois d\u00e9l\u00e9gu\u00e9 du conseil d'administration.<\/p>\n<p><strong>Roger Isler devient le nouveau directeur g\u00e9n\u00e9ral<\/strong><\/p>\n<p>Roger Isler (55 ans) sera le nouveau directeur de Salto Systems AG \u00e0 partir de juillet. Il travaille dans l'entreprise depuis d\u00e9but 2014 en tant que directeur des ventes et membre de la direction. Auparavant, Isler a \u00e9t\u00e9 directeur de Jomos Rauchschutz AG, Balsthal, et a occup\u00e9 plusieurs fonctions de direction chez Siemens Suisse SA. Isler est \u00e9galement membre du comit\u00e9 de l'UTS (Swiss Engineering), groupe sp\u00e9cialis\u00e9 dans les techniques de s\u00e9curit\u00e9, depuis plusieurs ann\u00e9es.<\/p>\n<p>Selon le communiqu\u00e9, Andreas Neher (39 ans) succ\u00e9dera \u00e0 Isler en tant que directeur des ventes. Neher est responsable des grands comptes chez Salto depuis d\u00e9but 2016. Daniel Graf (46 ans), qui \u00e9tait auparavant Key Account Manager chez BKW Energie AG, a \u00e9t\u00e9 engag\u00e9 comme nouveau responsable des grands comptes en Suisse.<\/p>\n<p><em>Source : <a href=\"https:\/\/www.saltosystems.de\">Salto Systems AG<\/a><\/em><\/p>","protected":false},"excerpt":{"rendered":"<p>Der Gesch\u00e4ftsleiter der Salto Systems AG, Urs Keller, wird per 1. Juli 2019 die Gesch\u00e4ftsleitung abgeben, wie das im Bereich Zutrittsl\u00f6sungen t\u00e4tige Unternehmen schreibt. Keller bleibe aber weiterhin Delegierter des Verwaltungsrats. Roger Isler wird neuer Gesch\u00e4ftsleiter Neuer Gesch\u00e4ftsleiter der Salto Systems AG werde ab Juli Roger Isler (55). Er arbeite seit Anfang 2014 als Verkaufsleiter [&hellip;]<\/p>\n","protected":false},"author":8,"featured_media":8185,"comment_status":"open","ping_status":"open","sticky":false,"template":"","format":"standard","meta":{"_acf_changed":false,"pgc_sgb_lightbox_settings":"","footnotes":""},"categories":[3312],"tags":[65],"class_list":["post-8184","post","type-post","status-publish","format-standard","has-post-thumbnail","hentry","category-sicherheit","tag-unternehmen"],"acf":[],"hkrextid":null,"publication":null,"issue":null,"workflow":null,"startPage":null,"spitzmarke":null,"_posts_by_tag_page_fields":{"widget_title":"","widget_tags":""},"_at_widget":"1","_yoast_wpseo_primary_category":"3303","_yoast_wpseo_focuskw_text_input":"F\u00fchrungswechsel","_yoast_wpseo_opengraph-image":null,"_yoast_wpseo_opengraph-description":null,"_yoast_wpseo_opengraph-title":null,"enclosure":null,"_yoast_wpseo_twitter-title":null,"_yoast_wpseo_twitter-description":null,"_yoast_wpseo_twitter-image":null,"_wp_old_slug":null,"_yoast_wpseo_title":null,"_yoast_wpseo_canonical":null,"yoast_head":"<!-- This site is optimized with the Yoast SEO plugin v27.5 - https:\/\/yoast.com\/product\/yoast-seo-wordpress\/ -->\n<title>F\u00fchrungswechsel bei Salto Systems - Save<\/title>\n<meta name=\"description\" content=\"Urs Keller, Gesch\u00e4ftsleiter der Salto Systems AG, zieht sich aus der operativen Gesch\u00e4ftsleitung zur\u00fcck. Nachfolger wird Roger Isler.\" \/>\n<meta name=\"robots\" content=\"index, follow, max-snippet:-1, max-image-preview:large, max-video-preview:-1\" \/>\n<link rel=\"canonical\" href=\"https:\/\/news.save.ch\/fr\/fuehrungswechsel-bei-der-salto-systems-ag\/\" \/>\n<meta property=\"og:locale\" content=\"fr_FR\" \/>\n<meta property=\"og:type\" content=\"article\" \/>\n<meta property=\"og:title\" content=\"F\u00fchrungswechsel bei Salto Systems - Save\" \/>\n<meta property=\"og:description\" content=\"Urs Keller, Gesch\u00e4ftsleiter der Salto Systems AG, zieht sich aus der operativen Gesch\u00e4ftsleitung zur\u00fcck. Nachfolger wird Roger Isler.\" \/>\n<meta property=\"og:url\" content=\"https:\/\/news.save.ch\/fr\/fuehrungswechsel-bei-der-salto-systems-ag\/\" \/>\n<meta property=\"og:site_name\" content=\"Save\" \/>\n<meta property=\"article:published_time\" content=\"2019-06-06T16:12:47+00:00\" \/>\n<meta property=\"article:modified_time\" content=\"2023-03-14T08:00:00+00:00\" \/>\n<meta property=\"og:image\" content=\"https:\/\/news.save.ch\/wp-content\/uploads\/2019\/06\/salto_keller-isler-neher-graf-scaled-1-scaled.jpg\" \/>\n\t<meta property=\"og:image:width\" content=\"1400\" \/>\n\t<meta property=\"og:image:height\" content=\"479\" \/>\n\t<meta property=\"og:image:type\" content=\"image\/jpeg\" \/>\n<meta name=\"author\" content=\"Roger Str\u00e4ssle\" \/>\n<meta name=\"twitter:card\" content=\"summary_large_image\" \/>\n<meta name=\"twitter:label1\" content=\"\u00c9crit par\" \/>\n\t<meta name=\"twitter:data1\" content=\"Roger Str\u00e4ssle\" \/>\n\t<meta name=\"twitter:label2\" content=\"Dur\u00e9e de lecture estim\u00e9e\" \/>\n\t<meta name=\"twitter:data2\" content=\"1 minute\" \/>\n<script type=\"application\/ld+json\" class=\"yoast-schema-graph\">{\"@context\":\"https:\\\/\\\/schema.org\",\"@graph\":[{\"@type\":\"Article\",\"@id\":\"https:\\\/\\\/news.save.ch\\\/fuehrungswechsel-bei-der-salto-systems-ag\\\/#article\",\"isPartOf\":{\"@id\":\"https:\\\/\\\/news.save.ch\\\/fuehrungswechsel-bei-der-salto-systems-ag\\\/\"},\"author\":{\"name\":\"Roger Str\u00e4ssle\",\"@id\":\"https:\\\/\\\/news.save.ch\\\/de\\\/#\\\/schema\\\/person\\\/d5022db048e0e2b9785c50e5b24da5aa\"},\"headline\":\"F\u00fchrungswechsel bei Salto Systems\",\"datePublished\":\"2019-06-06T16:12:47+00:00\",\"dateModified\":\"2023-03-14T08:00:00+00:00\",\"mainEntityOfPage\":{\"@id\":\"https:\\\/\\\/news.save.ch\\\/fuehrungswechsel-bei-der-salto-systems-ag\\\/\"},\"wordCount\":203,\"commentCount\":0,\"publisher\":{\"@id\":\"https:\\\/\\\/news.save.ch\\\/de\\\/#organization\"},\"image\":{\"@id\":\"https:\\\/\\\/news.save.ch\\\/fuehrungswechsel-bei-der-salto-systems-ag\\\/#primaryimage\"},\"thumbnailUrl\":\"https:\\\/\\\/news.save.ch\\\/wp-content\\\/uploads\\\/2019\\\/06\\\/salto_keller-isler-neher-graf-scaled-1-scaled.jpg\",\"keywords\":[\"Unternehmen\"],\"articleSection\":[\"SICHERHEIT\"],\"inLanguage\":\"fr-FR\"},{\"@type\":\"WebPage\",\"@id\":\"https:\\\/\\\/news.save.ch\\\/fuehrungswechsel-bei-der-salto-systems-ag\\\/\",\"url\":\"https:\\\/\\\/news.save.ch\\\/fuehrungswechsel-bei-der-salto-systems-ag\\\/\",\"name\":\"F\u00fchrungswechsel bei Salto Systems - Save\",\"isPartOf\":{\"@id\":\"https:\\\/\\\/news.save.ch\\\/de\\\/#website\"},\"primaryImageOfPage\":{\"@id\":\"https:\\\/\\\/news.save.ch\\\/fuehrungswechsel-bei-der-salto-systems-ag\\\/#primaryimage\"},\"image\":{\"@id\":\"https:\\\/\\\/news.save.ch\\\/fuehrungswechsel-bei-der-salto-systems-ag\\\/#primaryimage\"},\"thumbnailUrl\":\"https:\\\/\\\/news.save.ch\\\/wp-content\\\/uploads\\\/2019\\\/06\\\/salto_keller-isler-neher-graf-scaled-1-scaled.jpg\",\"datePublished\":\"2019-06-06T16:12:47+00:00\",\"dateModified\":\"2023-03-14T08:00:00+00:00\",\"description\":\"Urs Keller, Gesch\u00e4ftsleiter der Salto Systems AG, zieht sich aus der operativen Gesch\u00e4ftsleitung zur\u00fcck. Nachfolger wird Roger Isler.\",\"breadcrumb\":{\"@id\":\"https:\\\/\\\/news.save.ch\\\/fuehrungswechsel-bei-der-salto-systems-ag\\\/#breadcrumb\"},\"inLanguage\":\"fr-FR\",\"potentialAction\":[{\"@type\":\"ReadAction\",\"target\":[\"https:\\\/\\\/news.save.ch\\\/fuehrungswechsel-bei-der-salto-systems-ag\\\/\"]}]},{\"@type\":\"ImageObject\",\"inLanguage\":\"fr-FR\",\"@id\":\"https:\\\/\\\/news.save.ch\\\/fuehrungswechsel-bei-der-salto-systems-ag\\\/#primaryimage\",\"url\":\"https:\\\/\\\/news.save.ch\\\/wp-content\\\/uploads\\\/2019\\\/06\\\/salto_keller-isler-neher-graf-scaled-1-scaled.jpg\",\"contentUrl\":\"https:\\\/\\\/news.save.ch\\\/wp-content\\\/uploads\\\/2019\\\/06\\\/salto_keller-isler-neher-graf-scaled-1-scaled.jpg\",\"width\":1400,\"height\":479,\"caption\":\"Neue Funktionen bei der Salto Systems AG (v.l.n.r.): Urs Keller, Delegierter des Verwaltungsrats, Roger Isler, Gesch\u00e4ftsleiter, Andreas Neher, Verkaufsleiter, Daniel Graf, Key Account Manager. (Foto: Salto Systems)\"},{\"@type\":\"BreadcrumbList\",\"@id\":\"https:\\\/\\\/news.save.ch\\\/fuehrungswechsel-bei-der-salto-systems-ag\\\/#breadcrumb\",\"itemListElement\":[{\"@type\":\"ListItem\",\"position\":1,\"name\":\"Home\",\"item\":\"https:\\\/\\\/news.save.ch\\\/de\\\/\"},{\"@type\":\"ListItem\",\"position\":2,\"name\":\"F\u00fchrungswechsel bei Salto Systems\"}]},{\"@type\":\"WebSite\",\"@id\":\"https:\\\/\\\/news.save.ch\\\/de\\\/#website\",\"url\":\"https:\\\/\\\/news.save.ch\\\/de\\\/\",\"name\":\"Save\",\"description\":\"Schweizer Fachzeitschrift f\u00fcr Sicherheit\",\"publisher\":{\"@id\":\"https:\\\/\\\/news.save.ch\\\/de\\\/#organization\"},\"potentialAction\":[{\"@type\":\"SearchAction\",\"target\":{\"@type\":\"EntryPoint\",\"urlTemplate\":\"https:\\\/\\\/news.save.ch\\\/de\\\/?s={search_term_string}\"},\"query-input\":{\"@type\":\"PropertyValueSpecification\",\"valueRequired\":true,\"valueName\":\"search_term_string\"}}],\"inLanguage\":\"fr-FR\"},{\"@type\":\"Organization\",\"@id\":\"https:\\\/\\\/news.save.ch\\\/de\\\/#organization\",\"name\":\"Sicherheitsforum\",\"url\":\"https:\\\/\\\/news.save.ch\\\/de\\\/\",\"logo\":{\"@type\":\"ImageObject\",\"inLanguage\":\"fr-FR\",\"@id\":\"https:\\\/\\\/news.save.ch\\\/de\\\/#\\\/schema\\\/logo\\\/image\\\/\",\"url\":\"https:\\\/\\\/news.save.ch\\\/wp-content\\\/uploads\\\/2022\\\/06\\\/Logo_SF_2012.png\",\"contentUrl\":\"https:\\\/\\\/news.save.ch\\\/wp-content\\\/uploads\\\/2022\\\/06\\\/Logo_SF_2012.png\",\"width\":1100,\"height\":91,\"caption\":\"Sicherheitsforum\"},\"image\":{\"@id\":\"https:\\\/\\\/news.save.ch\\\/de\\\/#\\\/schema\\\/logo\\\/image\\\/\"}},{\"@type\":\"Person\",\"@id\":\"https:\\\/\\\/news.save.ch\\\/de\\\/#\\\/schema\\\/person\\\/d5022db048e0e2b9785c50e5b24da5aa\",\"name\":\"Roger Str\u00e4ssle\",\"image\":{\"@type\":\"ImageObject\",\"inLanguage\":\"fr-FR\",\"@id\":\"https:\\\/\\\/secure.gravatar.com\\\/avatar\\\/862a5569d087de48e5856e32f45d719a03804c891d6deb8d4f71a660e79e4a47?s=96&d=mm&r=g\",\"url\":\"https:\\\/\\\/secure.gravatar.com\\\/avatar\\\/862a5569d087de48e5856e32f45d719a03804c891d6deb8d4f71a660e79e4a47?s=96&d=mm&r=g\",\"contentUrl\":\"https:\\\/\\\/secure.gravatar.com\\\/avatar\\\/862a5569d087de48e5856e32f45d719a03804c891d6deb8d4f71a660e79e4a47?s=96&d=mm&r=g\",\"caption\":\"Roger Str\u00e4ssle\"},\"url\":\"https:\\\/\\\/news.save.ch\\\/fr\\\/author\\\/roger-straessle\\\/\"}]}<\/script>\n<!-- \/ Yoast SEO plugin. -->","yoast_head_json":{"title":"Changement de direction chez Salto Systems - Save","description":"Urs Keller, directeur g\u00e9n\u00e9ral de Salto Systems AG, se retire de la direction op\u00e9rationnelle. Son successeur est Roger Isler.","robots":{"index":"index","follow":"follow","max-snippet":"max-snippet:-1","max-image-preview":"max-image-preview:large","max-video-preview":"max-video-preview:-1"},"canonical":"https:\/\/news.save.ch\/fr\/fuehrungswechsel-bei-der-salto-systems-ag\/","og_locale":"fr_FR","og_type":"article","og_title":"F\u00fchrungswechsel bei Salto Systems - Save","og_description":"Urs Keller, Gesch\u00e4ftsleiter der Salto Systems AG, zieht sich aus der operativen Gesch\u00e4ftsleitung zur\u00fcck. Nachfolger wird Roger Isler.","og_url":"https:\/\/news.save.ch\/fr\/fuehrungswechsel-bei-der-salto-systems-ag\/","og_site_name":"Save","article_published_time":"2019-06-06T16:12:47+00:00","article_modified_time":"2023-03-14T08:00:00+00:00","og_image":[{"width":1400,"height":479,"url":"https:\/\/news.save.ch\/wp-content\/uploads\/2019\/06\/salto_keller-isler-neher-graf-scaled-1-scaled.jpg","type":"image\/jpeg"}],"author":"Roger Str\u00e4ssle","twitter_card":"summary_large_image","twitter_misc":{"\u00c9crit par":"Roger Str\u00e4ssle","Dur\u00e9e de lecture estim\u00e9e":"1 minute"},"schema":{"@context":"https:\/\/schema.org","@graph":[{"@type":"Article","@id":"https:\/\/news.save.ch\/fuehrungswechsel-bei-der-salto-systems-ag\/#article","isPartOf":{"@id":"https:\/\/news.save.ch\/fuehrungswechsel-bei-der-salto-systems-ag\/"},"author":{"name":"Roger Str\u00e4ssle","@id":"https:\/\/news.save.ch\/de\/#\/schema\/person\/d5022db048e0e2b9785c50e5b24da5aa"},"headline":"F\u00fchrungswechsel bei Salto Systems","datePublished":"2019-06-06T16:12:47+00:00","dateModified":"2023-03-14T08:00:00+00:00","mainEntityOfPage":{"@id":"https:\/\/news.save.ch\/fuehrungswechsel-bei-der-salto-systems-ag\/"},"wordCount":203,"commentCount":0,"publisher":{"@id":"https:\/\/news.save.ch\/de\/#organization"},"image":{"@id":"https:\/\/news.save.ch\/fuehrungswechsel-bei-der-salto-systems-ag\/#primaryimage"},"thumbnailUrl":"https:\/\/news.save.ch\/wp-content\/uploads\/2019\/06\/salto_keller-isler-neher-graf-scaled-1-scaled.jpg","keywords":["Unternehmen"],"articleSection":["SICHERHEIT"],"inLanguage":"fr-FR"},{"@type":"WebPage","@id":"https:\/\/news.save.ch\/fuehrungswechsel-bei-der-salto-systems-ag\/","url":"https:\/\/news.save.ch\/fuehrungswechsel-bei-der-salto-systems-ag\/","name":"Changement de direction chez Salto Systems - Save","isPartOf":{"@id":"https:\/\/news.save.ch\/de\/#website"},"primaryImageOfPage":{"@id":"https:\/\/news.save.ch\/fuehrungswechsel-bei-der-salto-systems-ag\/#primaryimage"},"image":{"@id":"https:\/\/news.save.ch\/fuehrungswechsel-bei-der-salto-systems-ag\/#primaryimage"},"thumbnailUrl":"https:\/\/news.save.ch\/wp-content\/uploads\/2019\/06\/salto_keller-isler-neher-graf-scaled-1-scaled.jpg","datePublished":"2019-06-06T16:12:47+00:00","dateModified":"2023-03-14T08:00:00+00:00","description":"Urs Keller, directeur g\u00e9n\u00e9ral de Salto Systems AG, se retire de la direction op\u00e9rationnelle. Son successeur est Roger Isler.","breadcrumb":{"@id":"https:\/\/news.save.ch\/fuehrungswechsel-bei-der-salto-systems-ag\/#breadcrumb"},"inLanguage":"fr-FR","potentialAction":[{"@type":"ReadAction","target":["https:\/\/news.save.ch\/fuehrungswechsel-bei-der-salto-systems-ag\/"]}]},{"@type":"ImageObject","inLanguage":"fr-FR","@id":"https:\/\/news.save.ch\/fuehrungswechsel-bei-der-salto-systems-ag\/#primaryimage","url":"https:\/\/news.save.ch\/wp-content\/uploads\/2019\/06\/salto_keller-isler-neher-graf-scaled-1-scaled.jpg","contentUrl":"https:\/\/news.save.ch\/wp-content\/uploads\/2019\/06\/salto_keller-isler-neher-graf-scaled-1-scaled.jpg","width":1400,"height":479,"caption":"Neue Funktionen bei der Salto Systems AG (v.l.n.r.): Urs Keller, Delegierter des Verwaltungsrats, Roger Isler, Gesch\u00e4ftsleiter, Andreas Neher, Verkaufsleiter, Daniel Graf, Key Account Manager. (Foto: Salto Systems)"},{"@type":"BreadcrumbList","@id":"https:\/\/news.save.ch\/fuehrungswechsel-bei-der-salto-systems-ag\/#breadcrumb","itemListElement":[{"@type":"ListItem","position":1,"name":"Home","item":"https:\/\/news.save.ch\/de\/"},{"@type":"ListItem","position":2,"name":"F\u00fchrungswechsel bei Salto Systems"}]},{"@type":"WebSite","@id":"https:\/\/news.save.ch\/de\/#website","url":"https:\/\/news.save.ch\/de\/","name":"Save","description":"Revue suisse sp\u00e9cialis\u00e9e dans la s\u00e9curit\u00e9","publisher":{"@id":"https:\/\/news.save.ch\/de\/#organization"},"potentialAction":[{"@type":"SearchAction","target":{"@type":"EntryPoint","urlTemplate":"https:\/\/news.save.ch\/de\/?s={search_term_string}"},"query-input":{"@type":"PropertyValueSpecification","valueRequired":true,"valueName":"search_term_string"}}],"inLanguage":"fr-FR"},{"@type":"Organization","@id":"https:\/\/news.save.ch\/de\/#organization","name":"Forum sur la s\u00e9curit\u00e9","url":"https:\/\/news.save.ch\/de\/","logo":{"@type":"ImageObject","inLanguage":"fr-FR","@id":"https:\/\/news.save.ch\/de\/#\/schema\/logo\/image\/","url":"https:\/\/news.save.ch\/wp-content\/uploads\/2022\/06\/Logo_SF_2012.png","contentUrl":"https:\/\/news.save.ch\/wp-content\/uploads\/2022\/06\/Logo_SF_2012.png","width":1100,"height":91,"caption":"Sicherheitsforum"},"image":{"@id":"https:\/\/news.save.ch\/de\/#\/schema\/logo\/image\/"}},{"@type":"Person","@id":"https:\/\/news.save.ch\/de\/#\/schema\/person\/d5022db048e0e2b9785c50e5b24da5aa","name":"Roger Str\u00e4ssle","image":{"@type":"ImageObject","inLanguage":"fr-FR","@id":"https:\/\/secure.gravatar.com\/avatar\/862a5569d087de48e5856e32f45d719a03804c891d6deb8d4f71a660e79e4a47?s=96&d=mm&r=g","url":"https:\/\/secure.gravatar.com\/avatar\/862a5569d087de48e5856e32f45d719a03804c891d6deb8d4f71a660e79e4a47?s=96&d=mm&r=g","contentUrl":"https:\/\/secure.gravatar.com\/avatar\/862a5569d087de48e5856e32f45d719a03804c891d6deb8d4f71a660e79e4a47?s=96&d=mm&r=g","caption":"Roger Str\u00e4ssle"},"url":"https:\/\/news.save.ch\/fr\/author\/roger-straessle\/"}]}},"_links":{"self":[{"href":"https:\/\/news.save.ch\/fr\/wp-json\/wp\/v2\/posts\/8184","targetHints":{"allow":["GET"]}}],"collection":[{"href":"https:\/\/news.save.ch\/fr\/wp-json\/wp\/v2\/posts"}],"about":[{"href":"https:\/\/news.save.ch\/fr\/wp-json\/wp\/v2\/types\/post"}],"author":[{"embeddable":true,"href":"https:\/\/news.save.ch\/fr\/wp-json\/wp\/v2\/users\/8"}],"replies":[{"embeddable":true,"href":"https:\/\/news.save.ch\/fr\/wp-json\/wp\/v2\/comments?post=8184"}],"version-history":[{"count":1,"href":"https:\/\/news.save.ch\/fr\/wp-json\/wp\/v2\/posts\/8184\/revisions"}],"predecessor-version":[{"id":17983,"href":"https:\/\/news.save.ch\/fr\/wp-json\/wp\/v2\/posts\/8184\/revisions\/17983"}],"wp:featuredmedia":[{"embeddable":true,"href":"https:\/\/news.save.ch\/fr\/wp-json\/wp\/v2\/media\/8185"}],"wp:attachment":[{"href":"https:\/\/news.save.ch\/fr\/wp-json\/wp\/v2\/media?parent=8184"}],"wp:term":[{"taxonomy":"category","embeddable":true,"href":"https:\/\/news.save.ch\/fr\/wp-json\/wp\/v2\/categories?post=8184"},{"taxonomy":"post_tag","embeddable":true,"href":"https:\/\/news.save.ch\/fr\/wp-json\/wp\/v2\/tags?post=8184"}],"curies":[{"name":"wp","href":"https:\/\/api.w.org\/{rel}","templated":true}]}}