{"id":8307,"date":"2019-07-04T10:09:39","date_gmt":"2019-07-04T08:09:39","guid":{"rendered":"https:\/\/news.save.ch\/?p=8307"},"modified":"2019-07-04T10:09:39","modified_gmt":"2019-07-04T08:09:39","slug":"neue-verwaltungsraete-fuer-die-securitas-ag","status":null,"type":"post","link":"https:\/\/news.save.ch\/fr\/neue-verwaltungsraete-fuer-die-securitas-ag\/","title":{"rendered":"Nouveaux administrateurs pour Securitas"},"content":{"rendered":"<p>&nbsp;<\/p>\n<figure id=\"attachment_8308\" aria-describedby=\"caption-attachment-8308\" style=\"width: 236px\" class=\"wp-caption alignleft\"><img loading=\"lazy\" decoding=\"async\" class=\"wp-image-8308\" src=\"https:\/\/news.save.ch\/wp-content\/uploads\/2019\/07\/Stephanie-Zuellig-scaled-1.jpg\" alt=\"\" width=\"236\" height=\"157\" \/><figcaption id=\"caption-attachment-8308\" class=\"wp-caption-text\">Stephanie Z\u00fcllig et Stefan Gerber<\/figcaption><\/figure>\n<p><img loading=\"lazy\" decoding=\"async\" class=\"wp-image-8310\" src=\"https:\/\/news.save.ch\/wp-content\/uploads\/2019\/07\/Gerber-def-1.jpg\" alt=\"\" width=\"182\" height=\"169\" \/><\/p>\n<p>&nbsp;<\/p>\n<div class=\"mceTemp\"><\/div>\n<p>&nbsp;<\/p>\n<p>Lors de l'assembl\u00e9e g\u00e9n\u00e9rale de Securitas de cette ann\u00e9e, le conseil d'administration a \u00e9t\u00e9 renouvel\u00e9 pour trois ans. Le professeur Richard K\u00fchn a pris sa retraite apr\u00e8s 30 ans pass\u00e9s au conseil d'administration du Groupe Securitas, comme l'indique l'entreprise. Oliver Vietze ne s'est pas non plus repr\u00e9sent\u00e9 pour un nouveau mandat. Il se concentrera \u00e0 l'avenir enti\u00e8rement sur le d\u00e9veloppement de son entreprise familiale, le groupe Baumer.<\/p>\n<p><strong>Nouvelles t\u00eates<\/strong><\/p>\n<p>Stephanie Z\u00fcllig et Stefan Gerber ont \u00e9t\u00e9 \u00e9lus au conseil d'administration. Z\u00fcllig a acquis plus de 17 ans d'exp\u00e9rience industrielle chez Siemens, elle est aujourd'hui CEO de MindScale et si\u00e8ge dans plusieurs conseils d'administration.<\/p>\n<p>Stefan Gerber, avocat et notaire, a \u00e9t\u00e9 membre de la direction de la Banque cantonale bernoise jusqu'\u00e0 fin f\u00e9vrier 2019 et est aujourd'hui, entre autres, membre du conseil d'administration de Jura Elektroapparate AG. Selon les informations fournies, le conseil d'administration du Groupe Securitas, compos\u00e9 de onze membres, comprend d\u00e9sormais trois femmes et huit hommes.<\/p>\n<p>Le Groupe Securitas, qui op\u00e8re depuis Zollikofen\/Berne, est divis\u00e9 en deux divisions : \"Services de s\u00e9curit\u00e9\" et \"Syst\u00e8mes d'alarme et de s\u00e9curit\u00e9\". 16'225 collaborateurs sont au service des nombreuses entreprises du groupe en Suisse, en Europe et au-del\u00e0, est-il pr\u00e9cis\u00e9. Le groupe a r\u00e9alis\u00e9 en 2018 un chiffre d'affaires de 1,38 milliard de francs.<\/p>\n<p>&nbsp;<\/p>","protected":false},"excerpt":{"rendered":"<p>&nbsp; &nbsp; &nbsp; An der diesj\u00e4hrigen Generalversammlung der Securitas wurde der Verwaltungsrat f\u00fcr drei Jahre neu bestellt. Prof. Dr. Richard K\u00fchn verabschiedet sich nach 30 Jahren im Verwaltungsrat der Securitas Gruppe altershalber, wie das Unternehmen schreibt. Auch Oliver Vietze habe sich nicht mehr zur Wiederwahl gestellt. Er werde sich in Zukunft ganz auf die Entwicklung [&hellip;]<\/p>\n","protected":false},"author":8,"featured_media":8308,"comment_status":"open","ping_status":"open","sticky":false,"template":"","format":"standard","meta":{"_acf_changed":false,"pgc_sgb_lightbox_settings":"","footnotes":""},"categories":[1],"tags":[65],"class_list":["post-8307","post","type-post","status-publish","format-standard","has-post-thumbnail","hentry","category-allgemein","tag-unternehmen"],"acf":[],"hkrextid":null,"publication":null,"issue":null,"workflow":null,"startPage":null,"spitzmarke":null,"_posts_by_tag_page_fields":{"widget_title":"","widget_tags":""},"_at_widget":"1","_yoast_wpseo_primary_category":"1","_yoast_wpseo_focuskw_text_input":"Securitas AG","_yoast_wpseo_opengraph-image":null,"_yoast_wpseo_opengraph-description":null,"_yoast_wpseo_opengraph-title":null,"enclosure":null,"_yoast_wpseo_twitter-title":null,"_yoast_wpseo_twitter-description":null,"_yoast_wpseo_twitter-image":null,"_wp_old_slug":null,"_yoast_wpseo_title":null,"_yoast_wpseo_canonical":null,"yoast_head":"<!-- This site is optimized with the Yoast SEO plugin v27.5 - https:\/\/yoast.com\/product\/yoast-seo-wordpress\/ -->\n<title>Neue Verwaltungsr\u00e4te f\u00fcr die Securitas - Save<\/title>\n<meta name=\"description\" content=\"Stephanie Z\u00fcllig und Stefan Gerber sind an der Generalversammlung der Securitas AG in den Verwaltungsrat gew\u00e4hlt worden.\" \/>\n<meta name=\"robots\" content=\"index, follow, max-snippet:-1, max-image-preview:large, max-video-preview:-1\" \/>\n<link rel=\"canonical\" href=\"https:\/\/news.save.ch\/fr\/neue-verwaltungsraete-fuer-die-securitas-ag\/\" \/>\n<meta property=\"og:locale\" content=\"fr_FR\" \/>\n<meta property=\"og:type\" content=\"article\" \/>\n<meta property=\"og:title\" content=\"Neue Verwaltungsr\u00e4te f\u00fcr die Securitas - Save\" \/>\n<meta property=\"og:description\" content=\"Stephanie Z\u00fcllig und Stefan Gerber sind an der Generalversammlung der Securitas AG in den Verwaltungsrat gew\u00e4hlt worden.\" \/>\n<meta property=\"og:url\" content=\"https:\/\/news.save.ch\/fr\/neue-verwaltungsraete-fuer-die-securitas-ag\/\" \/>\n<meta property=\"og:site_name\" content=\"Save\" \/>\n<meta property=\"article:published_time\" content=\"2019-07-04T08:09:39+00:00\" \/>\n<meta property=\"og:image\" content=\"https:\/\/news.save.ch\/wp-content\/uploads\/2019\/07\/Stephanie-Zuellig-scaled-1-scaled.jpg\" \/>\n\t<meta property=\"og:image:width\" content=\"1400\" \/>\n\t<meta property=\"og:image:height\" content=\"935\" \/>\n\t<meta property=\"og:image:type\" content=\"image\/jpeg\" \/>\n<meta name=\"author\" content=\"Roger Str\u00e4ssle\" \/>\n<meta name=\"twitter:card\" content=\"summary_large_image\" \/>\n<meta name=\"twitter:label1\" content=\"\u00c9crit par\" \/>\n\t<meta name=\"twitter:data1\" content=\"Roger Str\u00e4ssle\" \/>\n\t<meta name=\"twitter:label2\" content=\"Dur\u00e9e de lecture estim\u00e9e\" \/>\n\t<meta name=\"twitter:data2\" content=\"1 minute\" \/>\n<script type=\"application\/ld+json\" class=\"yoast-schema-graph\">{\"@context\":\"https:\\\/\\\/schema.org\",\"@graph\":[{\"@type\":\"Article\",\"@id\":\"https:\\\/\\\/news.save.ch\\\/neue-verwaltungsraete-fuer-die-securitas-ag\\\/#article\",\"isPartOf\":{\"@id\":\"https:\\\/\\\/news.save.ch\\\/neue-verwaltungsraete-fuer-die-securitas-ag\\\/\"},\"author\":{\"name\":\"Roger Str\u00e4ssle\",\"@id\":\"https:\\\/\\\/news.save.ch\\\/de\\\/#\\\/schema\\\/person\\\/d5022db048e0e2b9785c50e5b24da5aa\"},\"headline\":\"Neue Verwaltungsr\u00e4te f\u00fcr die Securitas\",\"datePublished\":\"2019-07-04T08:09:39+00:00\",\"mainEntityOfPage\":{\"@id\":\"https:\\\/\\\/news.save.ch\\\/neue-verwaltungsraete-fuer-die-securitas-ag\\\/\"},\"wordCount\":215,\"commentCount\":0,\"publisher\":{\"@id\":\"https:\\\/\\\/news.save.ch\\\/de\\\/#organization\"},\"image\":{\"@id\":\"https:\\\/\\\/news.save.ch\\\/neue-verwaltungsraete-fuer-die-securitas-ag\\\/#primaryimage\"},\"thumbnailUrl\":\"https:\\\/\\\/news.save.ch\\\/wp-content\\\/uploads\\\/2019\\\/07\\\/Stephanie-Zuellig-scaled-1-scaled.jpg\",\"keywords\":[\"Unternehmen\"],\"articleSection\":[\"ALLGEMEIN\"],\"inLanguage\":\"fr-FR\"},{\"@type\":\"WebPage\",\"@id\":\"https:\\\/\\\/news.save.ch\\\/neue-verwaltungsraete-fuer-die-securitas-ag\\\/\",\"url\":\"https:\\\/\\\/news.save.ch\\\/neue-verwaltungsraete-fuer-die-securitas-ag\\\/\",\"name\":\"Neue Verwaltungsr\u00e4te f\u00fcr die Securitas - Save\",\"isPartOf\":{\"@id\":\"https:\\\/\\\/news.save.ch\\\/de\\\/#website\"},\"primaryImageOfPage\":{\"@id\":\"https:\\\/\\\/news.save.ch\\\/neue-verwaltungsraete-fuer-die-securitas-ag\\\/#primaryimage\"},\"image\":{\"@id\":\"https:\\\/\\\/news.save.ch\\\/neue-verwaltungsraete-fuer-die-securitas-ag\\\/#primaryimage\"},\"thumbnailUrl\":\"https:\\\/\\\/news.save.ch\\\/wp-content\\\/uploads\\\/2019\\\/07\\\/Stephanie-Zuellig-scaled-1-scaled.jpg\",\"datePublished\":\"2019-07-04T08:09:39+00:00\",\"description\":\"Stephanie Z\u00fcllig und Stefan Gerber sind an der Generalversammlung der Securitas AG in den Verwaltungsrat gew\u00e4hlt worden.\",\"breadcrumb\":{\"@id\":\"https:\\\/\\\/news.save.ch\\\/neue-verwaltungsraete-fuer-die-securitas-ag\\\/#breadcrumb\"},\"inLanguage\":\"fr-FR\",\"potentialAction\":[{\"@type\":\"ReadAction\",\"target\":[\"https:\\\/\\\/news.save.ch\\\/neue-verwaltungsraete-fuer-die-securitas-ag\\\/\"]}]},{\"@type\":\"ImageObject\",\"inLanguage\":\"fr-FR\",\"@id\":\"https:\\\/\\\/news.save.ch\\\/neue-verwaltungsraete-fuer-die-securitas-ag\\\/#primaryimage\",\"url\":\"https:\\\/\\\/news.save.ch\\\/wp-content\\\/uploads\\\/2019\\\/07\\\/Stephanie-Zuellig-scaled-1-scaled.jpg\",\"contentUrl\":\"https:\\\/\\\/news.save.ch\\\/wp-content\\\/uploads\\\/2019\\\/07\\\/Stephanie-Zuellig-scaled-1-scaled.jpg\",\"width\":1400,\"height\":935,\"caption\":\"Stephanie Z\u00fcllig\"},{\"@type\":\"BreadcrumbList\",\"@id\":\"https:\\\/\\\/news.save.ch\\\/neue-verwaltungsraete-fuer-die-securitas-ag\\\/#breadcrumb\",\"itemListElement\":[{\"@type\":\"ListItem\",\"position\":1,\"name\":\"Home\",\"item\":\"https:\\\/\\\/news.save.ch\\\/de\\\/\"},{\"@type\":\"ListItem\",\"position\":2,\"name\":\"Neue Verwaltungsr\u00e4te f\u00fcr die Securitas\"}]},{\"@type\":\"WebSite\",\"@id\":\"https:\\\/\\\/news.save.ch\\\/de\\\/#website\",\"url\":\"https:\\\/\\\/news.save.ch\\\/de\\\/\",\"name\":\"Save\",\"description\":\"Schweizer Fachzeitschrift f\u00fcr Sicherheit\",\"publisher\":{\"@id\":\"https:\\\/\\\/news.save.ch\\\/de\\\/#organization\"},\"potentialAction\":[{\"@type\":\"SearchAction\",\"target\":{\"@type\":\"EntryPoint\",\"urlTemplate\":\"https:\\\/\\\/news.save.ch\\\/de\\\/?s={search_term_string}\"},\"query-input\":{\"@type\":\"PropertyValueSpecification\",\"valueRequired\":true,\"valueName\":\"search_term_string\"}}],\"inLanguage\":\"fr-FR\"},{\"@type\":\"Organization\",\"@id\":\"https:\\\/\\\/news.save.ch\\\/de\\\/#organization\",\"name\":\"Sicherheitsforum\",\"url\":\"https:\\\/\\\/news.save.ch\\\/de\\\/\",\"logo\":{\"@type\":\"ImageObject\",\"inLanguage\":\"fr-FR\",\"@id\":\"https:\\\/\\\/news.save.ch\\\/de\\\/#\\\/schema\\\/logo\\\/image\\\/\",\"url\":\"https:\\\/\\\/news.save.ch\\\/wp-content\\\/uploads\\\/2022\\\/06\\\/Logo_SF_2012.png\",\"contentUrl\":\"https:\\\/\\\/news.save.ch\\\/wp-content\\\/uploads\\\/2022\\\/06\\\/Logo_SF_2012.png\",\"width\":1100,\"height\":91,\"caption\":\"Sicherheitsforum\"},\"image\":{\"@id\":\"https:\\\/\\\/news.save.ch\\\/de\\\/#\\\/schema\\\/logo\\\/image\\\/\"}},{\"@type\":\"Person\",\"@id\":\"https:\\\/\\\/news.save.ch\\\/de\\\/#\\\/schema\\\/person\\\/d5022db048e0e2b9785c50e5b24da5aa\",\"name\":\"Roger Str\u00e4ssle\",\"image\":{\"@type\":\"ImageObject\",\"inLanguage\":\"fr-FR\",\"@id\":\"https:\\\/\\\/secure.gravatar.com\\\/avatar\\\/862a5569d087de48e5856e32f45d719a03804c891d6deb8d4f71a660e79e4a47?s=96&d=mm&r=g\",\"url\":\"https:\\\/\\\/secure.gravatar.com\\\/avatar\\\/862a5569d087de48e5856e32f45d719a03804c891d6deb8d4f71a660e79e4a47?s=96&d=mm&r=g\",\"contentUrl\":\"https:\\\/\\\/secure.gravatar.com\\\/avatar\\\/862a5569d087de48e5856e32f45d719a03804c891d6deb8d4f71a660e79e4a47?s=96&d=mm&r=g\",\"caption\":\"Roger Str\u00e4ssle\"},\"url\":\"https:\\\/\\\/news.save.ch\\\/fr\\\/author\\\/roger-straessle\\\/\"}]}<\/script>\n<!-- \/ Yoast SEO plugin. -->","yoast_head_json":{"title":"Nouveaux administrateurs pour Securitas - Save","description":"Stephanie Z\u00fcllig et Stefan Gerber ont \u00e9t\u00e9 \u00e9lus au conseil d'administration de Securitas SA lors de l'assembl\u00e9e g\u00e9n\u00e9rale.","robots":{"index":"index","follow":"follow","max-snippet":"max-snippet:-1","max-image-preview":"max-image-preview:large","max-video-preview":"max-video-preview:-1"},"canonical":"https:\/\/news.save.ch\/fr\/neue-verwaltungsraete-fuer-die-securitas-ag\/","og_locale":"fr_FR","og_type":"article","og_title":"Neue Verwaltungsr\u00e4te f\u00fcr die Securitas - Save","og_description":"Stephanie Z\u00fcllig und Stefan Gerber sind an der Generalversammlung der Securitas AG in den Verwaltungsrat gew\u00e4hlt worden.","og_url":"https:\/\/news.save.ch\/fr\/neue-verwaltungsraete-fuer-die-securitas-ag\/","og_site_name":"Save","article_published_time":"2019-07-04T08:09:39+00:00","og_image":[{"width":1400,"height":935,"url":"https:\/\/news.save.ch\/wp-content\/uploads\/2019\/07\/Stephanie-Zuellig-scaled-1-scaled.jpg","type":"image\/jpeg"}],"author":"Roger Str\u00e4ssle","twitter_card":"summary_large_image","twitter_misc":{"\u00c9crit par":"Roger Str\u00e4ssle","Dur\u00e9e de lecture estim\u00e9e":"1 minute"},"schema":{"@context":"https:\/\/schema.org","@graph":[{"@type":"Article","@id":"https:\/\/news.save.ch\/neue-verwaltungsraete-fuer-die-securitas-ag\/#article","isPartOf":{"@id":"https:\/\/news.save.ch\/neue-verwaltungsraete-fuer-die-securitas-ag\/"},"author":{"name":"Roger Str\u00e4ssle","@id":"https:\/\/news.save.ch\/de\/#\/schema\/person\/d5022db048e0e2b9785c50e5b24da5aa"},"headline":"Neue Verwaltungsr\u00e4te f\u00fcr die Securitas","datePublished":"2019-07-04T08:09:39+00:00","mainEntityOfPage":{"@id":"https:\/\/news.save.ch\/neue-verwaltungsraete-fuer-die-securitas-ag\/"},"wordCount":215,"commentCount":0,"publisher":{"@id":"https:\/\/news.save.ch\/de\/#organization"},"image":{"@id":"https:\/\/news.save.ch\/neue-verwaltungsraete-fuer-die-securitas-ag\/#primaryimage"},"thumbnailUrl":"https:\/\/news.save.ch\/wp-content\/uploads\/2019\/07\/Stephanie-Zuellig-scaled-1-scaled.jpg","keywords":["Unternehmen"],"articleSection":["ALLGEMEIN"],"inLanguage":"fr-FR"},{"@type":"WebPage","@id":"https:\/\/news.save.ch\/neue-verwaltungsraete-fuer-die-securitas-ag\/","url":"https:\/\/news.save.ch\/neue-verwaltungsraete-fuer-die-securitas-ag\/","name":"Nouveaux administrateurs pour Securitas - Save","isPartOf":{"@id":"https:\/\/news.save.ch\/de\/#website"},"primaryImageOfPage":{"@id":"https:\/\/news.save.ch\/neue-verwaltungsraete-fuer-die-securitas-ag\/#primaryimage"},"image":{"@id":"https:\/\/news.save.ch\/neue-verwaltungsraete-fuer-die-securitas-ag\/#primaryimage"},"thumbnailUrl":"https:\/\/news.save.ch\/wp-content\/uploads\/2019\/07\/Stephanie-Zuellig-scaled-1-scaled.jpg","datePublished":"2019-07-04T08:09:39+00:00","description":"Stephanie Z\u00fcllig et Stefan Gerber ont \u00e9t\u00e9 \u00e9lus au conseil d'administration de Securitas SA lors de l'assembl\u00e9e g\u00e9n\u00e9rale.","breadcrumb":{"@id":"https:\/\/news.save.ch\/neue-verwaltungsraete-fuer-die-securitas-ag\/#breadcrumb"},"inLanguage":"fr-FR","potentialAction":[{"@type":"ReadAction","target":["https:\/\/news.save.ch\/neue-verwaltungsraete-fuer-die-securitas-ag\/"]}]},{"@type":"ImageObject","inLanguage":"fr-FR","@id":"https:\/\/news.save.ch\/neue-verwaltungsraete-fuer-die-securitas-ag\/#primaryimage","url":"https:\/\/news.save.ch\/wp-content\/uploads\/2019\/07\/Stephanie-Zuellig-scaled-1-scaled.jpg","contentUrl":"https:\/\/news.save.ch\/wp-content\/uploads\/2019\/07\/Stephanie-Zuellig-scaled-1-scaled.jpg","width":1400,"height":935,"caption":"Stephanie Z\u00fcllig"},{"@type":"BreadcrumbList","@id":"https:\/\/news.save.ch\/neue-verwaltungsraete-fuer-die-securitas-ag\/#breadcrumb","itemListElement":[{"@type":"ListItem","position":1,"name":"Home","item":"https:\/\/news.save.ch\/de\/"},{"@type":"ListItem","position":2,"name":"Neue Verwaltungsr\u00e4te f\u00fcr die Securitas"}]},{"@type":"WebSite","@id":"https:\/\/news.save.ch\/de\/#website","url":"https:\/\/news.save.ch\/de\/","name":"Save","description":"Revue suisse sp\u00e9cialis\u00e9e dans la s\u00e9curit\u00e9","publisher":{"@id":"https:\/\/news.save.ch\/de\/#organization"},"potentialAction":[{"@type":"SearchAction","target":{"@type":"EntryPoint","urlTemplate":"https:\/\/news.save.ch\/de\/?s={search_term_string}"},"query-input":{"@type":"PropertyValueSpecification","valueRequired":true,"valueName":"search_term_string"}}],"inLanguage":"fr-FR"},{"@type":"Organization","@id":"https:\/\/news.save.ch\/de\/#organization","name":"Forum sur la s\u00e9curit\u00e9","url":"https:\/\/news.save.ch\/de\/","logo":{"@type":"ImageObject","inLanguage":"fr-FR","@id":"https:\/\/news.save.ch\/de\/#\/schema\/logo\/image\/","url":"https:\/\/news.save.ch\/wp-content\/uploads\/2022\/06\/Logo_SF_2012.png","contentUrl":"https:\/\/news.save.ch\/wp-content\/uploads\/2022\/06\/Logo_SF_2012.png","width":1100,"height":91,"caption":"Sicherheitsforum"},"image":{"@id":"https:\/\/news.save.ch\/de\/#\/schema\/logo\/image\/"}},{"@type":"Person","@id":"https:\/\/news.save.ch\/de\/#\/schema\/person\/d5022db048e0e2b9785c50e5b24da5aa","name":"Roger Str\u00e4ssle","image":{"@type":"ImageObject","inLanguage":"fr-FR","@id":"https:\/\/secure.gravatar.com\/avatar\/862a5569d087de48e5856e32f45d719a03804c891d6deb8d4f71a660e79e4a47?s=96&d=mm&r=g","url":"https:\/\/secure.gravatar.com\/avatar\/862a5569d087de48e5856e32f45d719a03804c891d6deb8d4f71a660e79e4a47?s=96&d=mm&r=g","contentUrl":"https:\/\/secure.gravatar.com\/avatar\/862a5569d087de48e5856e32f45d719a03804c891d6deb8d4f71a660e79e4a47?s=96&d=mm&r=g","caption":"Roger Str\u00e4ssle"},"url":"https:\/\/news.save.ch\/fr\/author\/roger-straessle\/"}]}},"_links":{"self":[{"href":"https:\/\/news.save.ch\/fr\/wp-json\/wp\/v2\/posts\/8307","targetHints":{"allow":["GET"]}}],"collection":[{"href":"https:\/\/news.save.ch\/fr\/wp-json\/wp\/v2\/posts"}],"about":[{"href":"https:\/\/news.save.ch\/fr\/wp-json\/wp\/v2\/types\/post"}],"author":[{"embeddable":true,"href":"https:\/\/news.save.ch\/fr\/wp-json\/wp\/v2\/users\/8"}],"replies":[{"embeddable":true,"href":"https:\/\/news.save.ch\/fr\/wp-json\/wp\/v2\/comments?post=8307"}],"version-history":[{"count":0,"href":"https:\/\/news.save.ch\/fr\/wp-json\/wp\/v2\/posts\/8307\/revisions"}],"wp:featuredmedia":[{"embeddable":true,"href":"https:\/\/news.save.ch\/fr\/wp-json\/wp\/v2\/media\/8308"}],"wp:attachment":[{"href":"https:\/\/news.save.ch\/fr\/wp-json\/wp\/v2\/media?parent=8307"}],"wp:term":[{"taxonomy":"category","embeddable":true,"href":"https:\/\/news.save.ch\/fr\/wp-json\/wp\/v2\/categories?post=8307"},{"taxonomy":"post_tag","embeddable":true,"href":"https:\/\/news.save.ch\/fr\/wp-json\/wp\/v2\/tags?post=8307"}],"curies":[{"name":"wp","href":"https:\/\/api.w.org\/{rel}","templated":true}]}}