{"id":8382,"date":"2022-01-19T08:53:59","date_gmt":"2022-01-19T07:53:59","guid":{"rendered":"https:\/\/news.save.ch\/?p=8382"},"modified":"2023-07-08T11:07:48","modified_gmt":"2023-07-08T09:07:48","slug":"wir-wollen-unsere-stellung-weiter-ausbauen","status":null,"type":"post","link":"https:\/\/news.save.ch\/fr\/wir-wollen-unsere-stellung-weiter-ausbauen\/","title":{"rendered":"\"Nous voulons continuer \u00e0 renforcer notre position\""},"content":{"rendered":"<p><strong><img loading=\"lazy\" decoding=\"async\" class=\"alignnone wp-image-8384 size-full\" src=\"https:\/\/news.save.ch\/wp-content\/uploads\/2022\/01\/Graber_teaser.jpg\" alt=\"swiss safety\" width=\"669\" height=\"594\" srcset=\"https:\/\/news.save.ch\/wp-content\/uploads\/2022\/01\/Graber_teaser.jpg 669w, https:\/\/news.save.ch\/wp-content\/uploads\/2022\/01\/Graber_teaser-14x12.jpg 14w, https:\/\/news.save.ch\/wp-content\/uploads\/2022\/01\/Graber_teaser-338x300.jpg 338w, https:\/\/news.save.ch\/wp-content\/uploads\/2022\/01\/Graber_teaser-394x350.jpg 394w\" sizes=\"auto, (max-width: 669px) 100vw, 669px\" \/><\/strong><\/p>\n<p><strong>Monsieur Graber, quels sont actuellement les plus grands d\u00e9fis dans le secteur des EPI en Suisse ?\u00a0<\/strong><strong>en ce qui concerne les fabricants ou les fournisseurs ?<\/strong><\/p>\n<p>Du c\u00f4t\u00e9 des fabricants, les difficult\u00e9s de livraison de divers mat\u00e9riaux sont toujours d'actualit\u00e9. La recertification selon le nouveau r\u00e8glement europ\u00e9en 2016\/425 est \u00e9galement toujours en cours. Des questions se posent r\u00e9guli\u00e8rement \u00e0 ce sujet, d'autant plus que de nombreux organismes notifi\u00e9s (organismes d\u00e9sign\u00e9s par l'UE) donnent parfois des interpr\u00e9tations diff\u00e9rentes du r\u00e8glement. En fin de compte, les exigences suppl\u00e9mentaires qui nous sont impos\u00e9es par la loi - qu'elles soient utiles ou non - doivent \u00e9galement \u00eatre prises en compte dans le calcul des co\u00fbts. Pour les petits fabricants en particulier, les cons\u00e9quences financi\u00e8res des recertifications ne sont pas n\u00e9gligeables.<\/p>\n<p><strong>Quelles sont les cons\u00e9quences pour les utilisateurs ?<\/strong><\/p>\n<p>Tout comme les fabricants, les employeurs\/utilisateurs sont mis sous pression par l'adaptation des ordonnances et des lois. L\u00e0 aussi, il est parfois difficile de garder une vue d'ensemble, et encore plus de former et d'instruire en permanence les collaborateurs afin qu'ils soient \"up to date\" sur les sujets d\u00e9cisifs dans le domaine des EPI. Souvent, l'importance de l'\u00e9quipement de protection individuelle n'est pas non plus comprise \u00e0 l'\u00e9tage de la direction, ce qui a pour cons\u00e9quence que l'on \u00e9conomise sur les EPI. On ach\u00e8te des produits qui ne sont accept\u00e9s que sous certaines conditions et qui ne sont donc pas port\u00e9s syst\u00e9matiquement. Il vaut donc la peine d'impliquer les collaborateurs dans le choix du bon EPI, car seul un EPI port\u00e9 est un bon EPI. Enfin, chaque franc investi dans la s\u00e9curit\u00e9 au travail a un retour sur investissement d'un facteur 2,2.<\/p>\n<p><strong>Qu'est-ce qui est actuellement \u00e0 l'ordre du jour de l'association ?<\/strong><\/p>\n<p>Notre strat\u00e9gie est chapeaut\u00e9e par la Vision 2030, avec laquelle nous poursuivons l'objectif de devenir LE centre de comp\u00e9tences pour les EPI en Suisse d'ici 2030. Les \u00e9tapes suivantes sont d\u00e9j\u00e0 en cours ou planifi\u00e9es : un programme de formation ind\u00e9pendant des produits et sp\u00e9cifique \u00e0 la branche, compos\u00e9 d'une partie th\u00e9orique et d'une partie pratique. Les premiers cours sont actuellement en cours et\/ou annonc\u00e9s. Des cours portant sur la culture de la s\u00e9curit\u00e9 et les changements culturels possibles sont envisag\u00e9s - ils ne sont toutefois qu'en cours de planification. La \"mise en valeur\" de la Suisse romande sous la forme d'un bureau en Suisse romande fait \u00e9galement partie de notre strat\u00e9gie.<\/p>\n<p>Une autre cat\u00e9gorie de membres appel\u00e9e \"Vitamine EPI\" pour les responsables de la s\u00e9curit\u00e9 dans l'industrie fait \u00e9galement partie de notre strat\u00e9gie, afin de g\u00e9n\u00e9rer l\u00e0 aussi des \u00e9changes de qualit\u00e9. En outre, nous sommes actuellement dans la phase finale de la num\u00e9risation de la bo\u00eete \u00e0 outils. Nous avons d\u00e9j\u00e0 pu faire appel \u00e0 l'un des plus grands employeurs de Suisse pour la mise en \u0153uvre. Cela signifie que la bo\u00eete \u00e0 outils \u00e9lectronique y sera bient\u00f4t disponible sur tous les terminaux pour que les collaborateurs puissent la consulter et recevoir des instructions.<\/p>\n<p><strong>L'association Swiss Safety propose d\u00e9sormais des formations EPI pour diff\u00e9rentes branches. Comment en est-on arriv\u00e9 l\u00e0 ?<\/strong><\/p>\n<p>La transmission du savoir-faire est une pr\u00e9occupation majeure de Swiss Safety. Nous voulions cr\u00e9er une offre de formation judicieuse qui aide les participants \u00e0 utiliser correctement les EPI dans leur travail quotidien. Nous avons longuement discut\u00e9 de cette id\u00e9e en interne, avons regard\u00e9 au-del\u00e0 des fronti\u00e8res nationales et avons discut\u00e9 des possibilit\u00e9s en premier lieu avec nos membres. Deux d'entre eux sont actifs dans le domaine de la formation et savaient ce qui manquait encore \u00e0 la branche : une formation ax\u00e9e sur la pratique autour des EPI. Nous souhaitons th\u00e9matiser l'utilisation des EPI et les former de mani\u00e8re absolument neutre par rapport aux produits et proche de la pratique.<\/p>\n<p><strong>Quel est l'\u00e9cho rencontr\u00e9 jusqu'\u00e0 pr\u00e9sent ?<\/strong><\/p>\n<p>Je ne peux pas encore en dire beaucoup plus, car nous venons de d\u00e9marrer. Mais l'int\u00e9r\u00eat est en principe grand, car nous ne proposons pas de manifestations de vente, mais des formats neutres par rapport aux produits.<\/p>\n<p><em>Cette interview a \u00e9t\u00e9 publi\u00e9e \u00e0 l'origine dans l'\u00e9dition imprim\u00e9e SAFETY-PLUS 4-2021.<\/em><\/p>\n<p><em>Vous souhaitez lire l'interview compl\u00e8te dans ce num\u00e9ro ? Alors fermez tout de suite\u00a0<a href=\"https:\/\/news.save.ch\/fr\/abo-bestellung\/\" target=\"_blank\" rel=\"noopener\">ici<\/a>\u00a0un abonnement.<\/em><\/p>\n<p><a href=\"https:\/\/www.swiss-safety.ch\/\" target=\"_blank\" rel=\"noopener\">www.swiss-safety.ch<\/a><\/p>","protected":false},"excerpt":{"rendered":"<p>Herr Graber, was sind gegenw\u00e4rtig die gr\u00f6ssten Herausforderungen in der PSA-Branche der Schweiz\u00a0in Bezug auf die Hersteller bzw. Anbieter? Seitens Hersteller sind momentan nach wie vor Lieferengp\u00e4sse diverser Materialien ein Thema. Auch die Rezertifizierung nach der neuen EU-Verordnung 2016\/425 ist immer noch im Gange. Hier kommen immer wieder Fragen auf, zumal viele Notified Bodies (von [&hellip;]<\/p>\n","protected":false},"author":9,"featured_media":8384,"comment_status":"closed","ping_status":"closed","sticky":false,"template":"","format":"standard","meta":{"_acf_changed":false,"pgc_sgb_lightbox_settings":"","footnotes":""},"categories":[1,3314],"tags":[4946,4947,2722,4945,3052,3054],"class_list":["post-8382","post","type-post","status-publish","format-standard","has-post-thumbnail","hentry","category-allgemein","category-health-safety","tag-eu-verordnung-2016-425","tag-notified-bodies-und-psa-schulungen","tag-psa","tag-rezertifizierung","tag-swiss-safety","tag-swiss-safety-verband"],"acf":[],"hkrextid":null,"publication":null,"issue":null,"workflow":null,"startPage":null,"spitzmarke":null,"_posts_by_tag_page_fields":{"widget_title":"","widget_tags":""},"_at_widget":"1","_yoast_wpseo_primary_category":"1","_yoast_wpseo_focuskw_text_input":null,"_yoast_wpseo_opengraph-image":null,"_yoast_wpseo_opengraph-description":null,"_yoast_wpseo_opengraph-title":null,"enclosure":null,"_yoast_wpseo_twitter-title":null,"_yoast_wpseo_twitter-description":null,"_yoast_wpseo_twitter-image":null,"_wp_old_slug":null,"_yoast_wpseo_title":null,"_yoast_wpseo_canonical":null,"yoast_head":"<!-- This site is optimized with the Yoast SEO plugin v27.4 - https:\/\/yoast.com\/product\/yoast-seo-wordpress\/ -->\n<title>\u00abWir wollen unsere Stellung weiter ausbauen\u00bb - Save<\/title>\n<meta name=\"description\" content=\"swiss safety, der Branchenverband der Schweizer PSA-Anbieter, hat sich f\u00fcr die Agenda 2022 einige grosse Ziele auf die Fahne geschrieben. Wie es um den Schweizer PSA-Markt bestellt ist und auf welche Milestones der Verband zur\u00fcckblicken kann, dazu Pr\u00e4sident Dominique Graber im Interview.\" \/>\n<meta name=\"robots\" content=\"index, follow, max-snippet:-1, max-image-preview:large, max-video-preview:-1\" \/>\n<link rel=\"canonical\" href=\"https:\/\/news.save.ch\/fr\/wir-wollen-unsere-stellung-weiter-ausbauen\/\" \/>\n<meta property=\"og:locale\" content=\"fr_FR\" \/>\n<meta property=\"og:type\" content=\"article\" \/>\n<meta property=\"og:title\" content=\"\u00abWir wollen unsere Stellung weiter ausbauen\u00bb - Save\" \/>\n<meta property=\"og:description\" content=\"swiss safety, der Branchenverband der Schweizer PSA-Anbieter, hat sich f\u00fcr die Agenda 2022 einige grosse Ziele auf die Fahne geschrieben. Wie es um den Schweizer PSA-Markt bestellt ist und auf welche Milestones der Verband zur\u00fcckblicken kann, dazu Pr\u00e4sident Dominique Graber im Interview.\" \/>\n<meta property=\"og:url\" content=\"https:\/\/news.save.ch\/fr\/wir-wollen-unsere-stellung-weiter-ausbauen\/\" \/>\n<meta property=\"og:site_name\" content=\"Save\" \/>\n<meta property=\"article:published_time\" content=\"2022-01-19T07:53:59+00:00\" \/>\n<meta property=\"article:modified_time\" content=\"2023-07-08T09:07:48+00:00\" \/>\n<meta property=\"og:image\" content=\"https:\/\/news.save.ch\/wp-content\/uploads\/2022\/01\/Graber_teaser.jpg\" \/>\n\t<meta property=\"og:image:width\" content=\"669\" \/>\n\t<meta property=\"og:image:height\" content=\"594\" \/>\n\t<meta property=\"og:image:type\" content=\"image\/jpeg\" \/>\n<meta name=\"author\" content=\"Simon Gr\u00f6flin\" \/>\n<meta name=\"twitter:card\" content=\"summary_large_image\" \/>\n<meta name=\"twitter:label1\" content=\"\u00c9crit par\" \/>\n\t<meta name=\"twitter:data1\" content=\"Simon Gr\u00f6flin\" \/>\n\t<meta name=\"twitter:label2\" content=\"Dur\u00e9e de lecture estim\u00e9e\" \/>\n\t<meta name=\"twitter:data2\" content=\"4 minutes\" \/>\n<script type=\"application\/ld+json\" class=\"yoast-schema-graph\">{\"@context\":\"https:\\\/\\\/schema.org\",\"@graph\":[{\"@type\":\"Article\",\"@id\":\"https:\\\/\\\/news.save.ch\\\/wir-wollen-unsere-stellung-weiter-ausbauen\\\/#article\",\"isPartOf\":{\"@id\":\"https:\\\/\\\/news.save.ch\\\/wir-wollen-unsere-stellung-weiter-ausbauen\\\/\"},\"author\":{\"name\":\"Simon Gr\u00f6flin\",\"@id\":\"https:\\\/\\\/news.save.ch\\\/de\\\/#\\\/schema\\\/person\\\/ad4ef21102fd6125312409ac57d5296d\"},\"headline\":\"\u00abWir wollen unsere Stellung weiter ausbauen\u00bb\",\"datePublished\":\"2022-01-19T07:53:59+00:00\",\"dateModified\":\"2023-07-08T09:07:48+00:00\",\"mainEntityOfPage\":{\"@id\":\"https:\\\/\\\/news.save.ch\\\/wir-wollen-unsere-stellung-weiter-ausbauen\\\/\"},\"wordCount\":606,\"publisher\":{\"@id\":\"https:\\\/\\\/news.save.ch\\\/de\\\/#organization\"},\"image\":{\"@id\":\"https:\\\/\\\/news.save.ch\\\/wir-wollen-unsere-stellung-weiter-ausbauen\\\/#primaryimage\"},\"thumbnailUrl\":\"https:\\\/\\\/news.save.ch\\\/wp-content\\\/uploads\\\/2022\\\/01\\\/Graber_teaser.jpg\",\"keywords\":[\"EU-Verordnung 2016\\\/425\",\"Notified Bodies und PSA-Schulungen\",\"PSA\",\"Rezertifizierung\",\"Swiss Safety\",\"Swiss Safety Verband\"],\"articleSection\":[\"ALLGEMEIN\",\"HEALTH &amp; SAFETY\"],\"inLanguage\":\"fr-FR\"},{\"@type\":\"WebPage\",\"@id\":\"https:\\\/\\\/news.save.ch\\\/wir-wollen-unsere-stellung-weiter-ausbauen\\\/\",\"url\":\"https:\\\/\\\/news.save.ch\\\/wir-wollen-unsere-stellung-weiter-ausbauen\\\/\",\"name\":\"\u00abWir wollen unsere Stellung weiter ausbauen\u00bb - Save\",\"isPartOf\":{\"@id\":\"https:\\\/\\\/news.save.ch\\\/de\\\/#website\"},\"primaryImageOfPage\":{\"@id\":\"https:\\\/\\\/news.save.ch\\\/wir-wollen-unsere-stellung-weiter-ausbauen\\\/#primaryimage\"},\"image\":{\"@id\":\"https:\\\/\\\/news.save.ch\\\/wir-wollen-unsere-stellung-weiter-ausbauen\\\/#primaryimage\"},\"thumbnailUrl\":\"https:\\\/\\\/news.save.ch\\\/wp-content\\\/uploads\\\/2022\\\/01\\\/Graber_teaser.jpg\",\"datePublished\":\"2022-01-19T07:53:59+00:00\",\"dateModified\":\"2023-07-08T09:07:48+00:00\",\"description\":\"swiss safety, der Branchenverband der Schweizer PSA-Anbieter, hat sich f\u00fcr die Agenda 2022 einige grosse Ziele auf die Fahne geschrieben. Wie es um den Schweizer PSA-Markt bestellt ist und auf welche Milestones der Verband zur\u00fcckblicken kann, dazu Pr\u00e4sident Dominique Graber im Interview.\",\"breadcrumb\":{\"@id\":\"https:\\\/\\\/news.save.ch\\\/wir-wollen-unsere-stellung-weiter-ausbauen\\\/#breadcrumb\"},\"inLanguage\":\"fr-FR\",\"potentialAction\":[{\"@type\":\"ReadAction\",\"target\":[\"https:\\\/\\\/news.save.ch\\\/wir-wollen-unsere-stellung-weiter-ausbauen\\\/\"]}]},{\"@type\":\"ImageObject\",\"inLanguage\":\"fr-FR\",\"@id\":\"https:\\\/\\\/news.save.ch\\\/wir-wollen-unsere-stellung-weiter-ausbauen\\\/#primaryimage\",\"url\":\"https:\\\/\\\/news.save.ch\\\/wp-content\\\/uploads\\\/2022\\\/01\\\/Graber_teaser.jpg\",\"contentUrl\":\"https:\\\/\\\/news.save.ch\\\/wp-content\\\/uploads\\\/2022\\\/01\\\/Graber_teaser.jpg\",\"width\":669,\"height\":594,\"caption\":\"\u00abWir wollen unsere Stellung weiter ausbauen\u00bb\"},{\"@type\":\"BreadcrumbList\",\"@id\":\"https:\\\/\\\/news.save.ch\\\/wir-wollen-unsere-stellung-weiter-ausbauen\\\/#breadcrumb\",\"itemListElement\":[{\"@type\":\"ListItem\",\"position\":1,\"name\":\"Home\",\"item\":\"https:\\\/\\\/news.save.ch\\\/de\\\/\"},{\"@type\":\"ListItem\",\"position\":2,\"name\":\"\u00abWir wollen unsere Stellung weiter ausbauen\u00bb\"}]},{\"@type\":\"WebSite\",\"@id\":\"https:\\\/\\\/news.save.ch\\\/de\\\/#website\",\"url\":\"https:\\\/\\\/news.save.ch\\\/de\\\/\",\"name\":\"Save\",\"description\":\"Schweizer Fachzeitschrift f\u00fcr Sicherheit\",\"publisher\":{\"@id\":\"https:\\\/\\\/news.save.ch\\\/de\\\/#organization\"},\"potentialAction\":[{\"@type\":\"SearchAction\",\"target\":{\"@type\":\"EntryPoint\",\"urlTemplate\":\"https:\\\/\\\/news.save.ch\\\/de\\\/?s={search_term_string}\"},\"query-input\":{\"@type\":\"PropertyValueSpecification\",\"valueRequired\":true,\"valueName\":\"search_term_string\"}}],\"inLanguage\":\"fr-FR\"},{\"@type\":\"Organization\",\"@id\":\"https:\\\/\\\/news.save.ch\\\/de\\\/#organization\",\"name\":\"Sicherheitsforum\",\"url\":\"https:\\\/\\\/news.save.ch\\\/de\\\/\",\"logo\":{\"@type\":\"ImageObject\",\"inLanguage\":\"fr-FR\",\"@id\":\"https:\\\/\\\/news.save.ch\\\/de\\\/#\\\/schema\\\/logo\\\/image\\\/\",\"url\":\"https:\\\/\\\/news.save.ch\\\/wp-content\\\/uploads\\\/2022\\\/06\\\/Logo_SF_2012.png\",\"contentUrl\":\"https:\\\/\\\/news.save.ch\\\/wp-content\\\/uploads\\\/2022\\\/06\\\/Logo_SF_2012.png\",\"width\":1100,\"height\":91,\"caption\":\"Sicherheitsforum\"},\"image\":{\"@id\":\"https:\\\/\\\/news.save.ch\\\/de\\\/#\\\/schema\\\/logo\\\/image\\\/\"}},{\"@type\":\"Person\",\"@id\":\"https:\\\/\\\/news.save.ch\\\/de\\\/#\\\/schema\\\/person\\\/ad4ef21102fd6125312409ac57d5296d\",\"name\":\"Simon Gr\u00f6flin\",\"image\":{\"@type\":\"ImageObject\",\"inLanguage\":\"fr-FR\",\"@id\":\"https:\\\/\\\/secure.gravatar.com\\\/avatar\\\/6ddceb80eb734354635539e0ea5140bb7c41e42de7c45c9a2ab9921b5d5c9a83?s=96&d=mm&r=g\",\"url\":\"https:\\\/\\\/secure.gravatar.com\\\/avatar\\\/6ddceb80eb734354635539e0ea5140bb7c41e42de7c45c9a2ab9921b5d5c9a83?s=96&d=mm&r=g\",\"contentUrl\":\"https:\\\/\\\/secure.gravatar.com\\\/avatar\\\/6ddceb80eb734354635539e0ea5140bb7c41e42de7c45c9a2ab9921b5d5c9a83?s=96&d=mm&r=g\",\"caption\":\"Simon Gr\u00f6flin\"},\"url\":\"https:\\\/\\\/news.save.ch\\\/fr\\\/author\\\/simon-groeflin\\\/\"}]}<\/script>\n<!-- \/ Yoast SEO plugin. -->","yoast_head_json":{"title":"\"Nous voulons continuer \u00e0 renforcer notre position\" - Save","description":"swiss safety, l'association professionnelle des fournisseurs suisses d'EPI, s'est fix\u00e9 quelques grands objectifs pour l'agenda 2022. Dominique Graber, pr\u00e9sident de swiss safety, nous parle de l'\u00e9tat du march\u00e9 suisse des EPI et des \u00e9tapes importantes que l'association a franchies.","robots":{"index":"index","follow":"follow","max-snippet":"max-snippet:-1","max-image-preview":"max-image-preview:large","max-video-preview":"max-video-preview:-1"},"canonical":"https:\/\/news.save.ch\/fr\/wir-wollen-unsere-stellung-weiter-ausbauen\/","og_locale":"fr_FR","og_type":"article","og_title":"\u00abWir wollen unsere Stellung weiter ausbauen\u00bb - Save","og_description":"swiss safety, der Branchenverband der Schweizer PSA-Anbieter, hat sich f\u00fcr die Agenda 2022 einige grosse Ziele auf die Fahne geschrieben. Wie es um den Schweizer PSA-Markt bestellt ist und auf welche Milestones der Verband zur\u00fcckblicken kann, dazu Pr\u00e4sident Dominique Graber im Interview.","og_url":"https:\/\/news.save.ch\/fr\/wir-wollen-unsere-stellung-weiter-ausbauen\/","og_site_name":"Save","article_published_time":"2022-01-19T07:53:59+00:00","article_modified_time":"2023-07-08T09:07:48+00:00","og_image":[{"width":669,"height":594,"url":"https:\/\/news.save.ch\/wp-content\/uploads\/2022\/01\/Graber_teaser.jpg","type":"image\/jpeg"}],"author":"Simon Gr\u00f6flin","twitter_card":"summary_large_image","twitter_misc":{"\u00c9crit par":"Simon Gr\u00f6flin","Dur\u00e9e de lecture estim\u00e9e":"4 minutes"},"schema":{"@context":"https:\/\/schema.org","@graph":[{"@type":"Article","@id":"https:\/\/news.save.ch\/wir-wollen-unsere-stellung-weiter-ausbauen\/#article","isPartOf":{"@id":"https:\/\/news.save.ch\/wir-wollen-unsere-stellung-weiter-ausbauen\/"},"author":{"name":"Simon Gr\u00f6flin","@id":"https:\/\/news.save.ch\/de\/#\/schema\/person\/ad4ef21102fd6125312409ac57d5296d"},"headline":"\u00abWir wollen unsere Stellung weiter ausbauen\u00bb","datePublished":"2022-01-19T07:53:59+00:00","dateModified":"2023-07-08T09:07:48+00:00","mainEntityOfPage":{"@id":"https:\/\/news.save.ch\/wir-wollen-unsere-stellung-weiter-ausbauen\/"},"wordCount":606,"publisher":{"@id":"https:\/\/news.save.ch\/de\/#organization"},"image":{"@id":"https:\/\/news.save.ch\/wir-wollen-unsere-stellung-weiter-ausbauen\/#primaryimage"},"thumbnailUrl":"https:\/\/news.save.ch\/wp-content\/uploads\/2022\/01\/Graber_teaser.jpg","keywords":["EU-Verordnung 2016\/425","Notified Bodies und PSA-Schulungen","PSA","Rezertifizierung","Swiss Safety","Swiss Safety Verband"],"articleSection":["ALLGEMEIN","HEALTH &amp; SAFETY"],"inLanguage":"fr-FR"},{"@type":"WebPage","@id":"https:\/\/news.save.ch\/wir-wollen-unsere-stellung-weiter-ausbauen\/","url":"https:\/\/news.save.ch\/wir-wollen-unsere-stellung-weiter-ausbauen\/","name":"\"Nous voulons continuer \u00e0 renforcer notre position\" - Save","isPartOf":{"@id":"https:\/\/news.save.ch\/de\/#website"},"primaryImageOfPage":{"@id":"https:\/\/news.save.ch\/wir-wollen-unsere-stellung-weiter-ausbauen\/#primaryimage"},"image":{"@id":"https:\/\/news.save.ch\/wir-wollen-unsere-stellung-weiter-ausbauen\/#primaryimage"},"thumbnailUrl":"https:\/\/news.save.ch\/wp-content\/uploads\/2022\/01\/Graber_teaser.jpg","datePublished":"2022-01-19T07:53:59+00:00","dateModified":"2023-07-08T09:07:48+00:00","description":"swiss safety, l'association professionnelle des fournisseurs suisses d'EPI, s'est fix\u00e9 quelques grands objectifs pour l'agenda 2022. Dominique Graber, pr\u00e9sident de swiss safety, nous parle de l'\u00e9tat du march\u00e9 suisse des EPI et des \u00e9tapes importantes que l'association a franchies.","breadcrumb":{"@id":"https:\/\/news.save.ch\/wir-wollen-unsere-stellung-weiter-ausbauen\/#breadcrumb"},"inLanguage":"fr-FR","potentialAction":[{"@type":"ReadAction","target":["https:\/\/news.save.ch\/wir-wollen-unsere-stellung-weiter-ausbauen\/"]}]},{"@type":"ImageObject","inLanguage":"fr-FR","@id":"https:\/\/news.save.ch\/wir-wollen-unsere-stellung-weiter-ausbauen\/#primaryimage","url":"https:\/\/news.save.ch\/wp-content\/uploads\/2022\/01\/Graber_teaser.jpg","contentUrl":"https:\/\/news.save.ch\/wp-content\/uploads\/2022\/01\/Graber_teaser.jpg","width":669,"height":594,"caption":"\u00abWir wollen unsere Stellung weiter ausbauen\u00bb"},{"@type":"BreadcrumbList","@id":"https:\/\/news.save.ch\/wir-wollen-unsere-stellung-weiter-ausbauen\/#breadcrumb","itemListElement":[{"@type":"ListItem","position":1,"name":"Home","item":"https:\/\/news.save.ch\/de\/"},{"@type":"ListItem","position":2,"name":"\u00abWir wollen unsere Stellung weiter ausbauen\u00bb"}]},{"@type":"WebSite","@id":"https:\/\/news.save.ch\/de\/#website","url":"https:\/\/news.save.ch\/de\/","name":"Save","description":"Revue suisse sp\u00e9cialis\u00e9e dans la s\u00e9curit\u00e9","publisher":{"@id":"https:\/\/news.save.ch\/de\/#organization"},"potentialAction":[{"@type":"SearchAction","target":{"@type":"EntryPoint","urlTemplate":"https:\/\/news.save.ch\/de\/?s={search_term_string}"},"query-input":{"@type":"PropertyValueSpecification","valueRequired":true,"valueName":"search_term_string"}}],"inLanguage":"fr-FR"},{"@type":"Organization","@id":"https:\/\/news.save.ch\/de\/#organization","name":"Forum sur la s\u00e9curit\u00e9","url":"https:\/\/news.save.ch\/de\/","logo":{"@type":"ImageObject","inLanguage":"fr-FR","@id":"https:\/\/news.save.ch\/de\/#\/schema\/logo\/image\/","url":"https:\/\/news.save.ch\/wp-content\/uploads\/2022\/06\/Logo_SF_2012.png","contentUrl":"https:\/\/news.save.ch\/wp-content\/uploads\/2022\/06\/Logo_SF_2012.png","width":1100,"height":91,"caption":"Sicherheitsforum"},"image":{"@id":"https:\/\/news.save.ch\/de\/#\/schema\/logo\/image\/"}},{"@type":"Person","@id":"https:\/\/news.save.ch\/de\/#\/schema\/person\/ad4ef21102fd6125312409ac57d5296d","name":"Simon Gr\u00f6flin","image":{"@type":"ImageObject","inLanguage":"fr-FR","@id":"https:\/\/secure.gravatar.com\/avatar\/6ddceb80eb734354635539e0ea5140bb7c41e42de7c45c9a2ab9921b5d5c9a83?s=96&d=mm&r=g","url":"https:\/\/secure.gravatar.com\/avatar\/6ddceb80eb734354635539e0ea5140bb7c41e42de7c45c9a2ab9921b5d5c9a83?s=96&d=mm&r=g","contentUrl":"https:\/\/secure.gravatar.com\/avatar\/6ddceb80eb734354635539e0ea5140bb7c41e42de7c45c9a2ab9921b5d5c9a83?s=96&d=mm&r=g","caption":"Simon Gr\u00f6flin"},"url":"https:\/\/news.save.ch\/fr\/author\/simon-groeflin\/"}]}},"_links":{"self":[{"href":"https:\/\/news.save.ch\/fr\/wp-json\/wp\/v2\/posts\/8382","targetHints":{"allow":["GET"]}}],"collection":[{"href":"https:\/\/news.save.ch\/fr\/wp-json\/wp\/v2\/posts"}],"about":[{"href":"https:\/\/news.save.ch\/fr\/wp-json\/wp\/v2\/types\/post"}],"author":[{"embeddable":true,"href":"https:\/\/news.save.ch\/fr\/wp-json\/wp\/v2\/users\/9"}],"replies":[{"embeddable":true,"href":"https:\/\/news.save.ch\/fr\/wp-json\/wp\/v2\/comments?post=8382"}],"version-history":[{"count":3,"href":"https:\/\/news.save.ch\/fr\/wp-json\/wp\/v2\/posts\/8382\/revisions"}],"predecessor-version":[{"id":20644,"href":"https:\/\/news.save.ch\/fr\/wp-json\/wp\/v2\/posts\/8382\/revisions\/20644"}],"wp:featuredmedia":[{"embeddable":true,"href":"https:\/\/news.save.ch\/fr\/wp-json\/wp\/v2\/media\/8384"}],"wp:attachment":[{"href":"https:\/\/news.save.ch\/fr\/wp-json\/wp\/v2\/media?parent=8382"}],"wp:term":[{"taxonomy":"category","embeddable":true,"href":"https:\/\/news.save.ch\/fr\/wp-json\/wp\/v2\/categories?post=8382"},{"taxonomy":"post_tag","embeddable":true,"href":"https:\/\/news.save.ch\/fr\/wp-json\/wp\/v2\/tags?post=8382"}],"curies":[{"name":"wp","href":"https:\/\/api.w.org\/{rel}","templated":true}]}}