{"id":8394,"date":"2022-01-20T08:44:31","date_gmt":"2022-01-20T07:44:31","guid":{"rendered":"https:\/\/news.save.ch\/?p=8394"},"modified":"2023-07-08T10:56:18","modified_gmt":"2023-07-08T08:56:18","slug":"swiss-safety-center-ag-robin-seitz-wird-neuer-qualitaetsleiter-der-svti-gruppe-2","status":null,"type":"post","link":"https:\/\/news.save.ch\/fr\/swiss-safety-center-ag-robin-seitz-wird-neuer-qualitaetsleiter-der-svti-gruppe-2\/","title":{"rendered":"Robin Setz devient le nouveau responsable qualit\u00e9 du groupe ASIT"},"content":{"rendered":"<figure id=\"attachment_13393\" aria-describedby=\"caption-attachment-13393\" style=\"width: 816px\" class=\"wp-caption alignleft\"><img loading=\"lazy\" decoding=\"async\" class=\"wp-image-13393 size-full\" src=\"https:\/\/news.save.ch\/wp-content\/uploads\/2022\/01\/Seitz_teaser.jpg\" alt=\"Responsable de la gestion de la qualit\u00e9\" width=\"816\" height=\"773\" srcset=\"https:\/\/news.save.ch\/wp-content\/uploads\/2022\/01\/Seitz_teaser.jpg 816w, https:\/\/news.save.ch\/wp-content\/uploads\/2022\/01\/Seitz_teaser-317x300.jpg 317w\" sizes=\"auto, (max-width: 816px) 100vw, 816px\" \/><figcaption id=\"caption-attachment-13393\" class=\"wp-caption-text\">Source : SVTI<\/figcaption><\/figure>\n<p>Depuis novembre 2021, Robin Setz travaille au sein du groupe d'entreprises et a repris la responsabilit\u00e9 de tous les aspects de la gestion de la qualit\u00e9, tant pour l'ASIT Association suisse d'inspection technique que pour Swiss Safety Center SA. Il succ\u00e8de \u00e0 Elisabetta Ramsperger-Prati. L'ASIT compte parmi les institutions suisses les plus importantes dans le domaine de la surveillance de la s\u00e9curit\u00e9 technique. L'objectif de l'ASIT est de pr\u00e9venir les accidents, les pannes et les dommages et d'\u00e9liminer les dangers lors de la fabrication et de l'exploitation d'installations techniques de toutes sortes.<\/p>\n<p>Robin Setz est un expert en gestion de la qualit\u00e9, en gestion de projet et en gestion des processus. Il apporte une longue exp\u00e9rience et a occup\u00e9 diff\u00e9rentes fonctions de gestion de projet et de qualit\u00e9 dans des entreprises internationales. Derni\u00e8rement, en tant que responsable de la gestion des processus et de la qualit\u00e9 dans une entreprise industrielle, il \u00e9tait charg\u00e9 de la mise en place et de l'introduction du syst\u00e8me de gestion des processus et de la qualit\u00e9. Son objectif est que le groupe ASIT dispose d'un syst\u00e8me de gestion de la qualit\u00e9 moderne, qui soit appr\u00e9ci\u00e9 et v\u00e9cu de la m\u00eame mani\u00e8re par les collaborateurs, les cadres, les clients et les auditeurs.<\/p>\n<p>Son activit\u00e9 secondaire d'enseignant en gestion de projets et de processus \u00e0 la Haute \u00e9cole sp\u00e9cialis\u00e9e des Grisons lui permet de jeter un pont entre la th\u00e9orie et la pratique.<\/p>\n<p><em>Source : communiqu\u00e9 de presse<\/em><\/p>","protected":false},"excerpt":{"rendered":"<p>Seit November 2021 ist Robin Setz in der Unternehmens-Gruppe t\u00e4tig und hat die Verantwortung f\u00fcr s\u00e4mtliche QM-Belange sowohl f\u00fcr den SVTI Schweizerischer Verein f\u00fcr technische Inspektionen wie auch f\u00fcr die Swiss Safety Center AG \u00fcbernommen. Er tritt die Nachfolge von Dr. Elisabetta Ramsperger-Prati an. Der SVTI z\u00e4hlt zu den wichtigsten Schweizer Institutionen auf dem Gebiet [&hellip;]<\/p>\n","protected":false},"author":9,"featured_media":8395,"comment_status":"closed","ping_status":"closed","sticky":false,"template":"","format":"standard","meta":{"_acf_changed":false,"pgc_sgb_lightbox_settings":"","footnotes":""},"categories":[1],"tags":[4944,4943,813,4942,446,3045,1234],"class_list":["post-8394","post","type-post","status-publish","format-standard","has-post-thumbnail","hentry","category-allgemein","tag-fachhochschule-graubuenden","tag-prozessmanagement","tag-qualitaetsmanagement","tag-robin-setz","tag-svti","tag-svti-gruppe","tag-swiss-safety-center-ag"],"acf":[],"hkrextid":null,"publication":null,"issue":null,"workflow":null,"startPage":null,"spitzmarke":null,"_posts_by_tag_page_fields":{"widget_title":"","widget_tags":""},"_at_widget":"1","_yoast_wpseo_primary_category":"1","_yoast_wpseo_focuskw_text_input":null,"_yoast_wpseo_opengraph-image":null,"_yoast_wpseo_opengraph-description":null,"_yoast_wpseo_opengraph-title":null,"enclosure":null,"_yoast_wpseo_twitter-title":null,"_yoast_wpseo_twitter-description":null,"_yoast_wpseo_twitter-image":null,"_wp_old_slug":null,"_yoast_wpseo_title":null,"_yoast_wpseo_canonical":"https:\/\/news.save.ch\/swiss-safety-center-ag-robin-seitz-wird-neuer-qualitaetsleiter-der-svti-gruppe\/","yoast_head":"<!-- This site is optimized with the Yoast SEO plugin v27.5 - https:\/\/yoast.com\/product\/yoast-seo-wordpress\/ -->\n<title>Robin Setz wird neuer Qualit\u00e4tsleiter der SVTI-Gruppe - Save<\/title>\n<meta name=\"description\" content=\"Im Zuge einer Nachfolgeregelung wurde beim Schweizerischen Verein f\u00fcr technische Inspektionen Robin Seitz zum neuen Qualit\u00e4tsmanagement-Beauftragten ernannt. Seitz folgt auf Dr. Elisabetta Ramsperger-Prati.\" \/>\n<meta name=\"robots\" content=\"index, follow, max-snippet:-1, max-image-preview:large, max-video-preview:-1\" \/>\n<link rel=\"canonical\" href=\"https:\/\/news.save.ch\/fr\/swiss-safety-center-ag-robin-seitz-wird-neuer-qualitaetsleiter-der-svti-gruppe\/\" \/>\n<meta property=\"og:locale\" content=\"fr_FR\" \/>\n<meta property=\"og:type\" content=\"article\" \/>\n<meta property=\"og:title\" content=\"Robin Setz wird neuer Qualit\u00e4tsleiter der SVTI-Gruppe - Save\" \/>\n<meta property=\"og:description\" content=\"Im Zuge einer Nachfolgeregelung wurde beim Schweizerischen Verein f\u00fcr technische Inspektionen Robin Seitz zum neuen Qualit\u00e4tsmanagement-Beauftragten ernannt. Seitz folgt auf Dr. Elisabetta Ramsperger-Prati.\" \/>\n<meta property=\"og:url\" content=\"https:\/\/news.save.ch\/fr\/swiss-safety-center-ag-robin-seitz-wird-neuer-qualitaetsleiter-der-svti-gruppe\/\" \/>\n<meta property=\"og:site_name\" content=\"Save\" \/>\n<meta property=\"article:published_time\" content=\"2022-01-20T07:44:31+00:00\" \/>\n<meta property=\"article:modified_time\" content=\"2023-07-08T08:56:18+00:00\" \/>\n<meta property=\"og:image\" content=\"https:\/\/news.save.ch\/wp-content\/uploads\/2022\/01\/Seitz_teaser-1.jpg\" \/>\n\t<meta property=\"og:image:width\" content=\"816\" \/>\n\t<meta property=\"og:image:height\" content=\"773\" \/>\n\t<meta property=\"og:image:type\" content=\"image\/jpeg\" \/>\n<meta name=\"author\" content=\"Simon Gr\u00f6flin\" \/>\n<meta name=\"twitter:card\" content=\"summary_large_image\" \/>\n<meta name=\"twitter:label1\" content=\"\u00c9crit par\" \/>\n\t<meta name=\"twitter:data1\" content=\"Simon Gr\u00f6flin\" \/>\n\t<meta name=\"twitter:label2\" content=\"Dur\u00e9e de lecture estim\u00e9e\" \/>\n\t<meta name=\"twitter:data2\" content=\"2 minutes\" \/>\n<script type=\"application\/ld+json\" class=\"yoast-schema-graph\">{\"@context\":\"https:\\\/\\\/schema.org\",\"@graph\":[{\"@type\":\"Article\",\"@id\":\"https:\\\/\\\/news.save.ch\\\/swiss-safety-center-ag-robin-seitz-wird-neuer-qualitaetsleiter-der-svti-gruppe\\\/#article\",\"isPartOf\":{\"@id\":\"https:\\\/\\\/news.save.ch\\\/swiss-safety-center-ag-robin-seitz-wird-neuer-qualitaetsleiter-der-svti-gruppe-2\\\/\"},\"author\":{\"name\":\"Simon Gr\u00f6flin\",\"@id\":\"https:\\\/\\\/news.save.ch\\\/de\\\/#\\\/schema\\\/person\\\/ad4ef21102fd6125312409ac57d5296d\"},\"headline\":\"Robin Setz wird neuer Qualit\u00e4tsleiter der SVTI-Gruppe\",\"datePublished\":\"2022-01-20T07:44:31+00:00\",\"dateModified\":\"2023-07-08T08:56:18+00:00\",\"mainEntityOfPage\":{\"@id\":\"https:\\\/\\\/news.save.ch\\\/swiss-safety-center-ag-robin-seitz-wird-neuer-qualitaetsleiter-der-svti-gruppe-2\\\/\"},\"wordCount\":234,\"publisher\":{\"@id\":\"https:\\\/\\\/news.save.ch\\\/de\\\/#organization\"},\"image\":{\"@id\":\"https:\\\/\\\/news.save.ch\\\/swiss-safety-center-ag-robin-seitz-wird-neuer-qualitaetsleiter-der-svti-gruppe\\\/#primaryimage\"},\"thumbnailUrl\":\"https:\\\/\\\/news.save.ch\\\/wp-content\\\/uploads\\\/2022\\\/01\\\/Seitz_teaser-1.jpg\",\"keywords\":[\"Fachhochschule Graub\u00fcnden\",\"Prozessmanagement\",\"Qualit\u00e4tsmanagement\",\"Robin Setz\",\"SVTI\",\"SVTI-Gruppe\",\"Swiss Safety Center AG\"],\"articleSection\":[\"ALLGEMEIN\"],\"inLanguage\":\"fr-FR\"},{\"@type\":\"WebPage\",\"@id\":\"https:\\\/\\\/news.save.ch\\\/swiss-safety-center-ag-robin-seitz-wird-neuer-qualitaetsleiter-der-svti-gruppe-2\\\/\",\"url\":\"https:\\\/\\\/news.save.ch\\\/swiss-safety-center-ag-robin-seitz-wird-neuer-qualitaetsleiter-der-svti-gruppe\\\/\",\"name\":\"Robin Setz wird neuer Qualit\u00e4tsleiter der SVTI-Gruppe - Save\",\"isPartOf\":{\"@id\":\"https:\\\/\\\/news.save.ch\\\/de\\\/#website\"},\"primaryImageOfPage\":{\"@id\":\"https:\\\/\\\/news.save.ch\\\/swiss-safety-center-ag-robin-seitz-wird-neuer-qualitaetsleiter-der-svti-gruppe\\\/#primaryimage\"},\"image\":{\"@id\":\"https:\\\/\\\/news.save.ch\\\/swiss-safety-center-ag-robin-seitz-wird-neuer-qualitaetsleiter-der-svti-gruppe\\\/#primaryimage\"},\"thumbnailUrl\":\"https:\\\/\\\/news.save.ch\\\/wp-content\\\/uploads\\\/2022\\\/01\\\/Seitz_teaser-1.jpg\",\"datePublished\":\"2022-01-20T07:44:31+00:00\",\"dateModified\":\"2023-07-08T08:56:18+00:00\",\"description\":\"Im Zuge einer Nachfolgeregelung wurde beim Schweizerischen Verein f\u00fcr technische Inspektionen Robin Seitz zum neuen Qualit\u00e4tsmanagement-Beauftragten ernannt. Seitz folgt auf Dr. Elisabetta Ramsperger-Prati.\",\"breadcrumb\":{\"@id\":\"https:\\\/\\\/news.save.ch\\\/swiss-safety-center-ag-robin-seitz-wird-neuer-qualitaetsleiter-der-svti-gruppe\\\/#breadcrumb\"},\"inLanguage\":\"fr-FR\",\"potentialAction\":[{\"@type\":\"ReadAction\",\"target\":[\"https:\\\/\\\/news.save.ch\\\/swiss-safety-center-ag-robin-seitz-wird-neuer-qualitaetsleiter-der-svti-gruppe\\\/\"]}]},{\"@type\":\"ImageObject\",\"inLanguage\":\"fr-FR\",\"@id\":\"https:\\\/\\\/news.save.ch\\\/swiss-safety-center-ag-robin-seitz-wird-neuer-qualitaetsleiter-der-svti-gruppe\\\/#primaryimage\",\"url\":\"https:\\\/\\\/news.save.ch\\\/wp-content\\\/uploads\\\/2022\\\/01\\\/Seitz_teaser-1.jpg\",\"contentUrl\":\"https:\\\/\\\/news.save.ch\\\/wp-content\\\/uploads\\\/2022\\\/01\\\/Seitz_teaser-1.jpg\",\"width\":816,\"height\":773,\"caption\":\"Swiss Safety Center AG: Robin Seitz wird neuer Qualit\u00e4tsleiter der SVTI-Gruppe\"},{\"@type\":\"BreadcrumbList\",\"@id\":\"https:\\\/\\\/news.save.ch\\\/swiss-safety-center-ag-robin-seitz-wird-neuer-qualitaetsleiter-der-svti-gruppe\\\/#breadcrumb\",\"itemListElement\":[{\"@type\":\"ListItem\",\"position\":1,\"name\":\"Home\",\"item\":\"https:\\\/\\\/news.save.ch\\\/de\\\/\"},{\"@type\":\"ListItem\",\"position\":2,\"name\":\"Robin Setz wird neuer Qualit\u00e4tsleiter der SVTI-Gruppe\"}]},{\"@type\":\"WebSite\",\"@id\":\"https:\\\/\\\/news.save.ch\\\/de\\\/#website\",\"url\":\"https:\\\/\\\/news.save.ch\\\/de\\\/\",\"name\":\"Save\",\"description\":\"Schweizer Fachzeitschrift f\u00fcr Sicherheit\",\"publisher\":{\"@id\":\"https:\\\/\\\/news.save.ch\\\/de\\\/#organization\"},\"potentialAction\":[{\"@type\":\"SearchAction\",\"target\":{\"@type\":\"EntryPoint\",\"urlTemplate\":\"https:\\\/\\\/news.save.ch\\\/de\\\/?s={search_term_string}\"},\"query-input\":{\"@type\":\"PropertyValueSpecification\",\"valueRequired\":true,\"valueName\":\"search_term_string\"}}],\"inLanguage\":\"fr-FR\"},{\"@type\":\"Organization\",\"@id\":\"https:\\\/\\\/news.save.ch\\\/de\\\/#organization\",\"name\":\"Sicherheitsforum\",\"url\":\"https:\\\/\\\/news.save.ch\\\/de\\\/\",\"logo\":{\"@type\":\"ImageObject\",\"inLanguage\":\"fr-FR\",\"@id\":\"https:\\\/\\\/news.save.ch\\\/de\\\/#\\\/schema\\\/logo\\\/image\\\/\",\"url\":\"https:\\\/\\\/news.save.ch\\\/wp-content\\\/uploads\\\/2022\\\/06\\\/Logo_SF_2012.png\",\"contentUrl\":\"https:\\\/\\\/news.save.ch\\\/wp-content\\\/uploads\\\/2022\\\/06\\\/Logo_SF_2012.png\",\"width\":1100,\"height\":91,\"caption\":\"Sicherheitsforum\"},\"image\":{\"@id\":\"https:\\\/\\\/news.save.ch\\\/de\\\/#\\\/schema\\\/logo\\\/image\\\/\"}},{\"@type\":\"Person\",\"@id\":\"https:\\\/\\\/news.save.ch\\\/de\\\/#\\\/schema\\\/person\\\/ad4ef21102fd6125312409ac57d5296d\",\"name\":\"Simon Gr\u00f6flin\",\"image\":{\"@type\":\"ImageObject\",\"inLanguage\":\"fr-FR\",\"@id\":\"https:\\\/\\\/secure.gravatar.com\\\/avatar\\\/6ddceb80eb734354635539e0ea5140bb7c41e42de7c45c9a2ab9921b5d5c9a83?s=96&d=mm&r=g\",\"url\":\"https:\\\/\\\/secure.gravatar.com\\\/avatar\\\/6ddceb80eb734354635539e0ea5140bb7c41e42de7c45c9a2ab9921b5d5c9a83?s=96&d=mm&r=g\",\"contentUrl\":\"https:\\\/\\\/secure.gravatar.com\\\/avatar\\\/6ddceb80eb734354635539e0ea5140bb7c41e42de7c45c9a2ab9921b5d5c9a83?s=96&d=mm&r=g\",\"caption\":\"Simon Gr\u00f6flin\"},\"url\":\"https:\\\/\\\/news.save.ch\\\/fr\\\/author\\\/simon-groeflin\\\/\"}]}<\/script>\n<!-- \/ Yoast SEO plugin. -->","yoast_head_json":{"title":"Robin Setz devient le nouveau responsable qualit\u00e9 du groupe ASIT - Save","description":"Dans le cadre d'un r\u00e8glement de succession, Robin Seitz a \u00e9t\u00e9 nomm\u00e9 nouveau responsable de la gestion de la qualit\u00e9 au sein de l'Association suisse d'inspection technique. Seitz succ\u00e8de au Dr Elisabetta Ramsperger-Prati.","robots":{"index":"index","follow":"follow","max-snippet":"max-snippet:-1","max-image-preview":"max-image-preview:large","max-video-preview":"max-video-preview:-1"},"canonical":"https:\/\/news.save.ch\/fr\/swiss-safety-center-ag-robin-seitz-wird-neuer-qualitaetsleiter-der-svti-gruppe\/","og_locale":"fr_FR","og_type":"article","og_title":"Robin Setz wird neuer Qualit\u00e4tsleiter der SVTI-Gruppe - Save","og_description":"Im Zuge einer Nachfolgeregelung wurde beim Schweizerischen Verein f\u00fcr technische Inspektionen Robin Seitz zum neuen Qualit\u00e4tsmanagement-Beauftragten ernannt. Seitz folgt auf Dr. Elisabetta Ramsperger-Prati.","og_url":"https:\/\/news.save.ch\/fr\/swiss-safety-center-ag-robin-seitz-wird-neuer-qualitaetsleiter-der-svti-gruppe\/","og_site_name":"Save","article_published_time":"2022-01-20T07:44:31+00:00","article_modified_time":"2023-07-08T08:56:18+00:00","og_image":[{"width":816,"height":773,"url":"https:\/\/news.save.ch\/wp-content\/uploads\/2022\/01\/Seitz_teaser-1.jpg","type":"image\/jpeg"}],"author":"Simon Gr\u00f6flin","twitter_card":"summary_large_image","twitter_misc":{"\u00c9crit par":"Simon Gr\u00f6flin","Dur\u00e9e de lecture estim\u00e9e":"2 minutes"},"schema":{"@context":"https:\/\/schema.org","@graph":[{"@type":"Article","@id":"https:\/\/news.save.ch\/swiss-safety-center-ag-robin-seitz-wird-neuer-qualitaetsleiter-der-svti-gruppe\/#article","isPartOf":{"@id":"https:\/\/news.save.ch\/swiss-safety-center-ag-robin-seitz-wird-neuer-qualitaetsleiter-der-svti-gruppe-2\/"},"author":{"name":"Simon Gr\u00f6flin","@id":"https:\/\/news.save.ch\/de\/#\/schema\/person\/ad4ef21102fd6125312409ac57d5296d"},"headline":"Robin Setz wird neuer Qualit\u00e4tsleiter der SVTI-Gruppe","datePublished":"2022-01-20T07:44:31+00:00","dateModified":"2023-07-08T08:56:18+00:00","mainEntityOfPage":{"@id":"https:\/\/news.save.ch\/swiss-safety-center-ag-robin-seitz-wird-neuer-qualitaetsleiter-der-svti-gruppe-2\/"},"wordCount":234,"publisher":{"@id":"https:\/\/news.save.ch\/de\/#organization"},"image":{"@id":"https:\/\/news.save.ch\/swiss-safety-center-ag-robin-seitz-wird-neuer-qualitaetsleiter-der-svti-gruppe\/#primaryimage"},"thumbnailUrl":"https:\/\/news.save.ch\/wp-content\/uploads\/2022\/01\/Seitz_teaser-1.jpg","keywords":["Fachhochschule Graub\u00fcnden","Prozessmanagement","Qualit\u00e4tsmanagement","Robin Setz","SVTI","SVTI-Gruppe","Swiss Safety Center AG"],"articleSection":["ALLGEMEIN"],"inLanguage":"fr-FR"},{"@type":"WebPage","@id":"https:\/\/news.save.ch\/swiss-safety-center-ag-robin-seitz-wird-neuer-qualitaetsleiter-der-svti-gruppe-2\/","url":"https:\/\/news.save.ch\/swiss-safety-center-ag-robin-seitz-wird-neuer-qualitaetsleiter-der-svti-gruppe\/","name":"Robin Setz devient le nouveau responsable qualit\u00e9 du groupe ASIT - Save","isPartOf":{"@id":"https:\/\/news.save.ch\/de\/#website"},"primaryImageOfPage":{"@id":"https:\/\/news.save.ch\/swiss-safety-center-ag-robin-seitz-wird-neuer-qualitaetsleiter-der-svti-gruppe\/#primaryimage"},"image":{"@id":"https:\/\/news.save.ch\/swiss-safety-center-ag-robin-seitz-wird-neuer-qualitaetsleiter-der-svti-gruppe\/#primaryimage"},"thumbnailUrl":"https:\/\/news.save.ch\/wp-content\/uploads\/2022\/01\/Seitz_teaser-1.jpg","datePublished":"2022-01-20T07:44:31+00:00","dateModified":"2023-07-08T08:56:18+00:00","description":"Dans le cadre d'un r\u00e8glement de succession, Robin Seitz a \u00e9t\u00e9 nomm\u00e9 nouveau responsable de la gestion de la qualit\u00e9 au sein de l'Association suisse d'inspection technique. Seitz succ\u00e8de au Dr Elisabetta Ramsperger-Prati.","breadcrumb":{"@id":"https:\/\/news.save.ch\/swiss-safety-center-ag-robin-seitz-wird-neuer-qualitaetsleiter-der-svti-gruppe\/#breadcrumb"},"inLanguage":"fr-FR","potentialAction":[{"@type":"ReadAction","target":["https:\/\/news.save.ch\/swiss-safety-center-ag-robin-seitz-wird-neuer-qualitaetsleiter-der-svti-gruppe\/"]}]},{"@type":"ImageObject","inLanguage":"fr-FR","@id":"https:\/\/news.save.ch\/swiss-safety-center-ag-robin-seitz-wird-neuer-qualitaetsleiter-der-svti-gruppe\/#primaryimage","url":"https:\/\/news.save.ch\/wp-content\/uploads\/2022\/01\/Seitz_teaser-1.jpg","contentUrl":"https:\/\/news.save.ch\/wp-content\/uploads\/2022\/01\/Seitz_teaser-1.jpg","width":816,"height":773,"caption":"Swiss Safety Center AG: Robin Seitz wird neuer Qualit\u00e4tsleiter der SVTI-Gruppe"},{"@type":"BreadcrumbList","@id":"https:\/\/news.save.ch\/swiss-safety-center-ag-robin-seitz-wird-neuer-qualitaetsleiter-der-svti-gruppe\/#breadcrumb","itemListElement":[{"@type":"ListItem","position":1,"name":"Home","item":"https:\/\/news.save.ch\/de\/"},{"@type":"ListItem","position":2,"name":"Robin Setz wird neuer Qualit\u00e4tsleiter der SVTI-Gruppe"}]},{"@type":"WebSite","@id":"https:\/\/news.save.ch\/de\/#website","url":"https:\/\/news.save.ch\/de\/","name":"Save","description":"Revue suisse sp\u00e9cialis\u00e9e dans la s\u00e9curit\u00e9","publisher":{"@id":"https:\/\/news.save.ch\/de\/#organization"},"potentialAction":[{"@type":"SearchAction","target":{"@type":"EntryPoint","urlTemplate":"https:\/\/news.save.ch\/de\/?s={search_term_string}"},"query-input":{"@type":"PropertyValueSpecification","valueRequired":true,"valueName":"search_term_string"}}],"inLanguage":"fr-FR"},{"@type":"Organization","@id":"https:\/\/news.save.ch\/de\/#organization","name":"Forum sur la s\u00e9curit\u00e9","url":"https:\/\/news.save.ch\/de\/","logo":{"@type":"ImageObject","inLanguage":"fr-FR","@id":"https:\/\/news.save.ch\/de\/#\/schema\/logo\/image\/","url":"https:\/\/news.save.ch\/wp-content\/uploads\/2022\/06\/Logo_SF_2012.png","contentUrl":"https:\/\/news.save.ch\/wp-content\/uploads\/2022\/06\/Logo_SF_2012.png","width":1100,"height":91,"caption":"Sicherheitsforum"},"image":{"@id":"https:\/\/news.save.ch\/de\/#\/schema\/logo\/image\/"}},{"@type":"Person","@id":"https:\/\/news.save.ch\/de\/#\/schema\/person\/ad4ef21102fd6125312409ac57d5296d","name":"Simon Gr\u00f6flin","image":{"@type":"ImageObject","inLanguage":"fr-FR","@id":"https:\/\/secure.gravatar.com\/avatar\/6ddceb80eb734354635539e0ea5140bb7c41e42de7c45c9a2ab9921b5d5c9a83?s=96&d=mm&r=g","url":"https:\/\/secure.gravatar.com\/avatar\/6ddceb80eb734354635539e0ea5140bb7c41e42de7c45c9a2ab9921b5d5c9a83?s=96&d=mm&r=g","contentUrl":"https:\/\/secure.gravatar.com\/avatar\/6ddceb80eb734354635539e0ea5140bb7c41e42de7c45c9a2ab9921b5d5c9a83?s=96&d=mm&r=g","caption":"Simon Gr\u00f6flin"},"url":"https:\/\/news.save.ch\/fr\/author\/simon-groeflin\/"}]}},"_links":{"self":[{"href":"https:\/\/news.save.ch\/fr\/wp-json\/wp\/v2\/posts\/8394","targetHints":{"allow":["GET"]}}],"collection":[{"href":"https:\/\/news.save.ch\/fr\/wp-json\/wp\/v2\/posts"}],"about":[{"href":"https:\/\/news.save.ch\/fr\/wp-json\/wp\/v2\/types\/post"}],"author":[{"embeddable":true,"href":"https:\/\/news.save.ch\/fr\/wp-json\/wp\/v2\/users\/9"}],"replies":[{"embeddable":true,"href":"https:\/\/news.save.ch\/fr\/wp-json\/wp\/v2\/comments?post=8394"}],"version-history":[{"count":2,"href":"https:\/\/news.save.ch\/fr\/wp-json\/wp\/v2\/posts\/8394\/revisions"}],"predecessor-version":[{"id":20643,"href":"https:\/\/news.save.ch\/fr\/wp-json\/wp\/v2\/posts\/8394\/revisions\/20643"}],"wp:featuredmedia":[{"embeddable":true,"href":"https:\/\/news.save.ch\/fr\/wp-json\/wp\/v2\/media\/8395"}],"wp:attachment":[{"href":"https:\/\/news.save.ch\/fr\/wp-json\/wp\/v2\/media?parent=8394"}],"wp:term":[{"taxonomy":"category","embeddable":true,"href":"https:\/\/news.save.ch\/fr\/wp-json\/wp\/v2\/categories?post=8394"},{"taxonomy":"post_tag","embeddable":true,"href":"https:\/\/news.save.ch\/fr\/wp-json\/wp\/v2\/tags?post=8394"}],"curies":[{"name":"wp","href":"https:\/\/api.w.org\/{rel}","templated":true}]}}