{"id":8460,"date":"2019-08-08T16:27:39","date_gmt":"2019-08-08T14:27:39","guid":{"rendered":"https:\/\/news.save.ch\/?p=8460"},"modified":"2019-08-08T16:27:39","modified_gmt":"2019-08-08T14:27:39","slug":"swissbau-mit-sicherheitsthemen","status":null,"type":"post","link":"https:\/\/news.save.ch\/fr\/swissbau-mit-sicherheitsthemen\/","title":{"rendered":"Swissbau avec des th\u00e8mes sur la s\u00e9curit\u00e9"},"content":{"rendered":"<figure id=\"attachment_8461\" aria-describedby=\"caption-attachment-8461\" style=\"width: 680px\" class=\"wp-caption aligncenter\"><img loading=\"lazy\" decoding=\"async\" class=\"wp-image-8461 size-medium\" src=\"https:\/\/news.save.ch\/wp-content\/uploads\/2019\/08\/06_Bild_1_Swissbau-scaled-1.jpg\" alt=\"Congr\u00e8s sur la s\u00e9curit\u00e9\" width=\"680\" height=\"453\" \/><figcaption id=\"caption-attachment-8461\" class=\"wp-caption-text\">Photo : R. Str\u00e4ssle<\/figcaption><\/figure>\n<p>\"Rassemblez tout\" - tel est le slogan du salon Swissbau, qui se tiendra \u00e0 B\u00e2le du 14 au 18 janvier 2020. Et il est vrai que cette plus grande manifestation du secteur de la construction et de l'immobilier en Suisse propose une grande diversit\u00e9 de th\u00e8mes : dans les forums de discussion, mais aussi par les plus de 1000 exposants.<\/p>\n<p>Cette fois-ci, le th\u00e8me de la s\u00e9curit\u00e9 sera davantage repr\u00e9sent\u00e9 car, comme on le sait, le traditionnel salon de la s\u00e9curit\u00e9 et son congr\u00e8s sp\u00e9cialis\u00e9 ne se tiendront plus \u00e0 Zurich, mais seront int\u00e9gr\u00e9s \u00e0 Swissbau, dont le th\u00e8me a \u00e9t\u00e9 \u00e9largi (plus d'infos sur l'historique <a href=\"https:\/\/news.save.ch\/fr\/sicherheit-und-ineltec-eine-neue-heimat-fuer-das-gescheiterte-messeduo\/\">ici<\/a>). La s\u00e9curit\u00e9 des b\u00e2timents et la protection contre les incendies sont donc encore mieux repr\u00e9sent\u00e9es lors de cette grande manifestation.<\/p>\n<p><strong>Cinq modules d'une demi-journ\u00e9e consacr\u00e9s \u00e0 la s\u00e9curit\u00e9<\/strong><\/p>\n<p>Le Congr\u00e8s sur la s\u00e9curit\u00e9 2020 \u00e0 B\u00e2le se compose de cinq modules d'une demi-journ\u00e9e :<\/p>\n<ul>\n<li>Mardi apr\u00e8s-midi, 14 janvier, Situation de la menace : tendances actuelles et mesures \u00e0 prendre<\/li>\n<li>Mercredi matin, 15 janv., Conception des b\u00e2timents et s\u00e9curit\u00e9 : tout est routine ?<\/li>\n<li>Mercredi apr\u00e8s-midi, 15 janv., Assurance qualit\u00e9 &amp; responsabilit\u00e9s en mati\u00e8re de s\u00e9curit\u00e9 incendie<\/li>\n<li>Jeudi matin 16 janvier, Innovations dans la s\u00e9curit\u00e9 des b\u00e2timents<\/li>\n<li>Jeudi apr\u00e8s-midi, 16 janv., Protection incendie : th\u00e8mes choisis<\/li>\n<\/ul>\n<p>Les organisations professionnelles FGST Swiss Engineering, SES, SFPE, SGAS, SSI, VBSF, VBSF-Altmeister, VKF, VSSB ainsi que le Swiss Safety Center en sont les patrons.<\/p>\n<p>Les conf\u00e9renciers transmettent dans leurs th\u00e8mes cl\u00e9s les d\u00e9fis actuels avec des approches de solutions correspondantes. Les personnes int\u00e9ress\u00e9es par la s\u00e9curit\u00e9 profitent de ces connaissances pratiques et de l'\u00e9change entre sp\u00e9cialistes. En outre, la visite de Swissbau 2020 \u00e0 B\u00e2le peut \u00eatre associ\u00e9e \u00e0 une formation continue reconnue dans le domaine de la s\u00e9curit\u00e9.<\/p>\n<p><em>Pour plus d'informations sur le <a href=\"https:\/\/save.ch\/events\/sicherheitskongress-01-2020\/\">Congr\u00e8s sur la s\u00e9curit\u00e9\u00a0<\/a><\/em><\/p>\n<p><em>Pour plus d'informations sur la <a href=\"https:\/\/www.swissbau.ch\">Swissbau<\/a>\u00a0<\/em><\/p>\n<figure id=\"attachment_8475\" aria-describedby=\"caption-attachment-8475\" style=\"width: 600px\" class=\"wp-caption aligncenter\"><img loading=\"lazy\" decoding=\"async\" class=\"wp-image-8475 size-full\" src=\"https:\/\/news.save.ch\/wp-content\/uploads\/2019\/08\/swissbau.jpg\" alt=\"Congr\u00e8s sur la s\u00e9curit\u00e9\" width=\"600\" height=\"382\" srcset=\"https:\/\/news.save.ch\/wp-content\/uploads\/2019\/08\/swissbau.jpg 600w, https:\/\/news.save.ch\/wp-content\/uploads\/2019\/08\/swissbau-375x239.jpg 375w\" sizes=\"auto, (max-width: 600px) 100vw, 600px\" \/><figcaption id=\"caption-attachment-8475\" class=\"wp-caption-text\">L'aper\u00e7u montre o\u00f9 se trouvent les th\u00e8mes de s\u00e9curit\u00e9 \u00e0 la Swissbau. \u00a9 Swissbau<\/figcaption><\/figure>","protected":false},"excerpt":{"rendered":"<p>\u00abBringt alles zusammen\u00bb \u2013 so der Slogan der Messe Swissbau, die vom 14. bis 18. Januar 2020 in Basel durchgef\u00fchrt wird. Und wahrlich, an diesem gr\u00f6ssten Anlass der Bau- und Immobilienwirtschaft in der Schweiz wird eine grosse Themenvielfalt geboten: in Diskussionsforen, aber auch von den \u00fcber 1000 Ausstellern. Verst\u00e4rkt wird diesmal das Thema Sicherheit vertreten [&hellip;]<\/p>\n","protected":false},"author":8,"featured_media":8461,"comment_status":"open","ping_status":"open","sticky":false,"template":"","format":"standard","meta":{"_acf_changed":false,"pgc_sgb_lightbox_settings":"","footnotes":""},"categories":[1],"tags":[191,160],"class_list":["post-8460","post","type-post","status-publish","format-standard","has-post-thumbnail","hentry","category-allgemein","tag-sicherheitsmesse","tag-veranstaltungen"],"acf":[],"hkrextid":null,"publication":null,"issue":null,"workflow":null,"startPage":null,"spitzmarke":null,"_posts_by_tag_page_fields":{"widget_title":"","widget_tags":""},"_at_widget":"1","_yoast_wpseo_primary_category":"1","_yoast_wpseo_focuskw_text_input":"Sicherheitskongress","_yoast_wpseo_opengraph-image":null,"_yoast_wpseo_opengraph-description":null,"_yoast_wpseo_opengraph-title":null,"enclosure":null,"_yoast_wpseo_twitter-title":null,"_yoast_wpseo_twitter-description":null,"_yoast_wpseo_twitter-image":null,"_wp_old_slug":null,"_yoast_wpseo_title":null,"_yoast_wpseo_canonical":null,"yoast_head":"<!-- This site is optimized with the Yoast SEO plugin v27.4 - https:\/\/yoast.com\/product\/yoast-seo-wordpress\/ -->\n<title>Swissbau mit Sicherheitsthemen - Save<\/title>\n<meta name=\"description\" content=\"Die Swissbau 2020 hat ihr Themenspektrum erweitert \u2013 der Sicherheitskongress ist Teil davon. Die Themen sind bereits bekannt.\" \/>\n<meta name=\"robots\" content=\"index, follow, max-snippet:-1, max-image-preview:large, max-video-preview:-1\" \/>\n<link rel=\"canonical\" href=\"https:\/\/news.save.ch\/fr\/swissbau-mit-sicherheitsthemen\/\" \/>\n<meta property=\"og:locale\" content=\"fr_FR\" \/>\n<meta property=\"og:type\" content=\"article\" \/>\n<meta property=\"og:title\" content=\"Swissbau mit Sicherheitsthemen - Save\" \/>\n<meta property=\"og:description\" content=\"Die Swissbau 2020 hat ihr Themenspektrum erweitert \u2013 der Sicherheitskongress ist Teil davon. Die Themen sind bereits bekannt.\" \/>\n<meta property=\"og:url\" content=\"https:\/\/news.save.ch\/fr\/swissbau-mit-sicherheitsthemen\/\" \/>\n<meta property=\"og:site_name\" content=\"Save\" \/>\n<meta property=\"article:published_time\" content=\"2019-08-08T14:27:39+00:00\" \/>\n<meta property=\"og:image\" content=\"https:\/\/news.save.ch\/wp-content\/uploads\/2019\/08\/06_Bild_1_Swissbau-scaled-1-scaled.jpg\" \/>\n\t<meta property=\"og:image:width\" content=\"1400\" \/>\n\t<meta property=\"og:image:height\" content=\"934\" \/>\n\t<meta property=\"og:image:type\" content=\"image\/jpeg\" \/>\n<meta name=\"author\" content=\"Roger Str\u00e4ssle\" \/>\n<meta name=\"twitter:card\" content=\"summary_large_image\" \/>\n<meta name=\"twitter:label1\" content=\"\u00c9crit par\" \/>\n\t<meta name=\"twitter:data1\" content=\"Roger Str\u00e4ssle\" \/>\n\t<meta name=\"twitter:label2\" content=\"Dur\u00e9e de lecture estim\u00e9e\" \/>\n\t<meta name=\"twitter:data2\" content=\"1 minute\" \/>\n<script type=\"application\/ld+json\" class=\"yoast-schema-graph\">{\"@context\":\"https:\\\/\\\/schema.org\",\"@graph\":[{\"@type\":\"Article\",\"@id\":\"https:\\\/\\\/news.save.ch\\\/swissbau-mit-sicherheitsthemen\\\/#article\",\"isPartOf\":{\"@id\":\"https:\\\/\\\/news.save.ch\\\/swissbau-mit-sicherheitsthemen\\\/\"},\"author\":{\"name\":\"Roger Str\u00e4ssle\",\"@id\":\"https:\\\/\\\/news.save.ch\\\/de\\\/#\\\/schema\\\/person\\\/d5022db048e0e2b9785c50e5b24da5aa\"},\"headline\":\"Swissbau mit Sicherheitsthemen\",\"datePublished\":\"2019-08-08T14:27:39+00:00\",\"mainEntityOfPage\":{\"@id\":\"https:\\\/\\\/news.save.ch\\\/swissbau-mit-sicherheitsthemen\\\/\"},\"wordCount\":249,\"commentCount\":0,\"publisher\":{\"@id\":\"https:\\\/\\\/news.save.ch\\\/de\\\/#organization\"},\"image\":{\"@id\":\"https:\\\/\\\/news.save.ch\\\/swissbau-mit-sicherheitsthemen\\\/#primaryimage\"},\"thumbnailUrl\":\"https:\\\/\\\/news.save.ch\\\/wp-content\\\/uploads\\\/2019\\\/08\\\/06_Bild_1_Swissbau-scaled-1-scaled.jpg\",\"keywords\":[\"Sicherheitsmesse\",\"Veranstaltungen\"],\"articleSection\":[\"ALLGEMEIN\"],\"inLanguage\":\"fr-FR\"},{\"@type\":\"WebPage\",\"@id\":\"https:\\\/\\\/news.save.ch\\\/swissbau-mit-sicherheitsthemen\\\/\",\"url\":\"https:\\\/\\\/news.save.ch\\\/swissbau-mit-sicherheitsthemen\\\/\",\"name\":\"Swissbau mit Sicherheitsthemen - Save\",\"isPartOf\":{\"@id\":\"https:\\\/\\\/news.save.ch\\\/de\\\/#website\"},\"primaryImageOfPage\":{\"@id\":\"https:\\\/\\\/news.save.ch\\\/swissbau-mit-sicherheitsthemen\\\/#primaryimage\"},\"image\":{\"@id\":\"https:\\\/\\\/news.save.ch\\\/swissbau-mit-sicherheitsthemen\\\/#primaryimage\"},\"thumbnailUrl\":\"https:\\\/\\\/news.save.ch\\\/wp-content\\\/uploads\\\/2019\\\/08\\\/06_Bild_1_Swissbau-scaled-1-scaled.jpg\",\"datePublished\":\"2019-08-08T14:27:39+00:00\",\"description\":\"Die Swissbau 2020 hat ihr Themenspektrum erweitert \u2013 der Sicherheitskongress ist Teil davon. Die Themen sind bereits bekannt.\",\"breadcrumb\":{\"@id\":\"https:\\\/\\\/news.save.ch\\\/swissbau-mit-sicherheitsthemen\\\/#breadcrumb\"},\"inLanguage\":\"fr-FR\",\"potentialAction\":[{\"@type\":\"ReadAction\",\"target\":[\"https:\\\/\\\/news.save.ch\\\/swissbau-mit-sicherheitsthemen\\\/\"]}]},{\"@type\":\"ImageObject\",\"inLanguage\":\"fr-FR\",\"@id\":\"https:\\\/\\\/news.save.ch\\\/swissbau-mit-sicherheitsthemen\\\/#primaryimage\",\"url\":\"https:\\\/\\\/news.save.ch\\\/wp-content\\\/uploads\\\/2019\\\/08\\\/06_Bild_1_Swissbau-scaled-1-scaled.jpg\",\"contentUrl\":\"https:\\\/\\\/news.save.ch\\\/wp-content\\\/uploads\\\/2019\\\/08\\\/06_Bild_1_Swissbau-scaled-1-scaled.jpg\",\"width\":1400,\"height\":934,\"caption\":\"Foto: R. Str\u00e4ssle\"},{\"@type\":\"BreadcrumbList\",\"@id\":\"https:\\\/\\\/news.save.ch\\\/swissbau-mit-sicherheitsthemen\\\/#breadcrumb\",\"itemListElement\":[{\"@type\":\"ListItem\",\"position\":1,\"name\":\"Home\",\"item\":\"https:\\\/\\\/news.save.ch\\\/de\\\/\"},{\"@type\":\"ListItem\",\"position\":2,\"name\":\"Swissbau mit Sicherheitsthemen\"}]},{\"@type\":\"WebSite\",\"@id\":\"https:\\\/\\\/news.save.ch\\\/de\\\/#website\",\"url\":\"https:\\\/\\\/news.save.ch\\\/de\\\/\",\"name\":\"Save\",\"description\":\"Schweizer Fachzeitschrift f\u00fcr Sicherheit\",\"publisher\":{\"@id\":\"https:\\\/\\\/news.save.ch\\\/de\\\/#organization\"},\"potentialAction\":[{\"@type\":\"SearchAction\",\"target\":{\"@type\":\"EntryPoint\",\"urlTemplate\":\"https:\\\/\\\/news.save.ch\\\/de\\\/?s={search_term_string}\"},\"query-input\":{\"@type\":\"PropertyValueSpecification\",\"valueRequired\":true,\"valueName\":\"search_term_string\"}}],\"inLanguage\":\"fr-FR\"},{\"@type\":\"Organization\",\"@id\":\"https:\\\/\\\/news.save.ch\\\/de\\\/#organization\",\"name\":\"Sicherheitsforum\",\"url\":\"https:\\\/\\\/news.save.ch\\\/de\\\/\",\"logo\":{\"@type\":\"ImageObject\",\"inLanguage\":\"fr-FR\",\"@id\":\"https:\\\/\\\/news.save.ch\\\/de\\\/#\\\/schema\\\/logo\\\/image\\\/\",\"url\":\"https:\\\/\\\/news.save.ch\\\/wp-content\\\/uploads\\\/2022\\\/06\\\/Logo_SF_2012.png\",\"contentUrl\":\"https:\\\/\\\/news.save.ch\\\/wp-content\\\/uploads\\\/2022\\\/06\\\/Logo_SF_2012.png\",\"width\":1100,\"height\":91,\"caption\":\"Sicherheitsforum\"},\"image\":{\"@id\":\"https:\\\/\\\/news.save.ch\\\/de\\\/#\\\/schema\\\/logo\\\/image\\\/\"}},{\"@type\":\"Person\",\"@id\":\"https:\\\/\\\/news.save.ch\\\/de\\\/#\\\/schema\\\/person\\\/d5022db048e0e2b9785c50e5b24da5aa\",\"name\":\"Roger Str\u00e4ssle\",\"image\":{\"@type\":\"ImageObject\",\"inLanguage\":\"fr-FR\",\"@id\":\"https:\\\/\\\/secure.gravatar.com\\\/avatar\\\/862a5569d087de48e5856e32f45d719a03804c891d6deb8d4f71a660e79e4a47?s=96&d=mm&r=g\",\"url\":\"https:\\\/\\\/secure.gravatar.com\\\/avatar\\\/862a5569d087de48e5856e32f45d719a03804c891d6deb8d4f71a660e79e4a47?s=96&d=mm&r=g\",\"contentUrl\":\"https:\\\/\\\/secure.gravatar.com\\\/avatar\\\/862a5569d087de48e5856e32f45d719a03804c891d6deb8d4f71a660e79e4a47?s=96&d=mm&r=g\",\"caption\":\"Roger Str\u00e4ssle\"},\"url\":\"https:\\\/\\\/news.save.ch\\\/fr\\\/author\\\/roger-straessle\\\/\"}]}<\/script>\n<!-- \/ Yoast SEO plugin. -->","yoast_head_json":{"title":"Swissbau avec des th\u00e8mes sur la s\u00e9curit\u00e9 - Save","description":"Swissbau 2020 a \u00e9largi son \u00e9ventail de th\u00e8mes - le congr\u00e8s sur la s\u00e9curit\u00e9 en fait partie. Les th\u00e8mes sont d\u00e9j\u00e0 connus.","robots":{"index":"index","follow":"follow","max-snippet":"max-snippet:-1","max-image-preview":"max-image-preview:large","max-video-preview":"max-video-preview:-1"},"canonical":"https:\/\/news.save.ch\/fr\/swissbau-mit-sicherheitsthemen\/","og_locale":"fr_FR","og_type":"article","og_title":"Swissbau mit Sicherheitsthemen - Save","og_description":"Die Swissbau 2020 hat ihr Themenspektrum erweitert \u2013 der Sicherheitskongress ist Teil davon. Die Themen sind bereits bekannt.","og_url":"https:\/\/news.save.ch\/fr\/swissbau-mit-sicherheitsthemen\/","og_site_name":"Save","article_published_time":"2019-08-08T14:27:39+00:00","og_image":[{"width":1400,"height":934,"url":"https:\/\/news.save.ch\/wp-content\/uploads\/2019\/08\/06_Bild_1_Swissbau-scaled-1-scaled.jpg","type":"image\/jpeg"}],"author":"Roger Str\u00e4ssle","twitter_card":"summary_large_image","twitter_misc":{"\u00c9crit par":"Roger Str\u00e4ssle","Dur\u00e9e de lecture estim\u00e9e":"1 minute"},"schema":{"@context":"https:\/\/schema.org","@graph":[{"@type":"Article","@id":"https:\/\/news.save.ch\/swissbau-mit-sicherheitsthemen\/#article","isPartOf":{"@id":"https:\/\/news.save.ch\/swissbau-mit-sicherheitsthemen\/"},"author":{"name":"Roger Str\u00e4ssle","@id":"https:\/\/news.save.ch\/de\/#\/schema\/person\/d5022db048e0e2b9785c50e5b24da5aa"},"headline":"Swissbau mit Sicherheitsthemen","datePublished":"2019-08-08T14:27:39+00:00","mainEntityOfPage":{"@id":"https:\/\/news.save.ch\/swissbau-mit-sicherheitsthemen\/"},"wordCount":249,"commentCount":0,"publisher":{"@id":"https:\/\/news.save.ch\/de\/#organization"},"image":{"@id":"https:\/\/news.save.ch\/swissbau-mit-sicherheitsthemen\/#primaryimage"},"thumbnailUrl":"https:\/\/news.save.ch\/wp-content\/uploads\/2019\/08\/06_Bild_1_Swissbau-scaled-1-scaled.jpg","keywords":["Sicherheitsmesse","Veranstaltungen"],"articleSection":["ALLGEMEIN"],"inLanguage":"fr-FR"},{"@type":"WebPage","@id":"https:\/\/news.save.ch\/swissbau-mit-sicherheitsthemen\/","url":"https:\/\/news.save.ch\/swissbau-mit-sicherheitsthemen\/","name":"Swissbau avec des th\u00e8mes sur la s\u00e9curit\u00e9 - Save","isPartOf":{"@id":"https:\/\/news.save.ch\/de\/#website"},"primaryImageOfPage":{"@id":"https:\/\/news.save.ch\/swissbau-mit-sicherheitsthemen\/#primaryimage"},"image":{"@id":"https:\/\/news.save.ch\/swissbau-mit-sicherheitsthemen\/#primaryimage"},"thumbnailUrl":"https:\/\/news.save.ch\/wp-content\/uploads\/2019\/08\/06_Bild_1_Swissbau-scaled-1-scaled.jpg","datePublished":"2019-08-08T14:27:39+00:00","description":"Swissbau 2020 a \u00e9largi son \u00e9ventail de th\u00e8mes - le congr\u00e8s sur la s\u00e9curit\u00e9 en fait partie. Les th\u00e8mes sont d\u00e9j\u00e0 connus.","breadcrumb":{"@id":"https:\/\/news.save.ch\/swissbau-mit-sicherheitsthemen\/#breadcrumb"},"inLanguage":"fr-FR","potentialAction":[{"@type":"ReadAction","target":["https:\/\/news.save.ch\/swissbau-mit-sicherheitsthemen\/"]}]},{"@type":"ImageObject","inLanguage":"fr-FR","@id":"https:\/\/news.save.ch\/swissbau-mit-sicherheitsthemen\/#primaryimage","url":"https:\/\/news.save.ch\/wp-content\/uploads\/2019\/08\/06_Bild_1_Swissbau-scaled-1-scaled.jpg","contentUrl":"https:\/\/news.save.ch\/wp-content\/uploads\/2019\/08\/06_Bild_1_Swissbau-scaled-1-scaled.jpg","width":1400,"height":934,"caption":"Foto: R. Str\u00e4ssle"},{"@type":"BreadcrumbList","@id":"https:\/\/news.save.ch\/swissbau-mit-sicherheitsthemen\/#breadcrumb","itemListElement":[{"@type":"ListItem","position":1,"name":"Home","item":"https:\/\/news.save.ch\/de\/"},{"@type":"ListItem","position":2,"name":"Swissbau mit Sicherheitsthemen"}]},{"@type":"WebSite","@id":"https:\/\/news.save.ch\/de\/#website","url":"https:\/\/news.save.ch\/de\/","name":"Save","description":"Revue suisse sp\u00e9cialis\u00e9e dans la s\u00e9curit\u00e9","publisher":{"@id":"https:\/\/news.save.ch\/de\/#organization"},"potentialAction":[{"@type":"SearchAction","target":{"@type":"EntryPoint","urlTemplate":"https:\/\/news.save.ch\/de\/?s={search_term_string}"},"query-input":{"@type":"PropertyValueSpecification","valueRequired":true,"valueName":"search_term_string"}}],"inLanguage":"fr-FR"},{"@type":"Organization","@id":"https:\/\/news.save.ch\/de\/#organization","name":"Forum sur la s\u00e9curit\u00e9","url":"https:\/\/news.save.ch\/de\/","logo":{"@type":"ImageObject","inLanguage":"fr-FR","@id":"https:\/\/news.save.ch\/de\/#\/schema\/logo\/image\/","url":"https:\/\/news.save.ch\/wp-content\/uploads\/2022\/06\/Logo_SF_2012.png","contentUrl":"https:\/\/news.save.ch\/wp-content\/uploads\/2022\/06\/Logo_SF_2012.png","width":1100,"height":91,"caption":"Sicherheitsforum"},"image":{"@id":"https:\/\/news.save.ch\/de\/#\/schema\/logo\/image\/"}},{"@type":"Person","@id":"https:\/\/news.save.ch\/de\/#\/schema\/person\/d5022db048e0e2b9785c50e5b24da5aa","name":"Roger Str\u00e4ssle","image":{"@type":"ImageObject","inLanguage":"fr-FR","@id":"https:\/\/secure.gravatar.com\/avatar\/862a5569d087de48e5856e32f45d719a03804c891d6deb8d4f71a660e79e4a47?s=96&d=mm&r=g","url":"https:\/\/secure.gravatar.com\/avatar\/862a5569d087de48e5856e32f45d719a03804c891d6deb8d4f71a660e79e4a47?s=96&d=mm&r=g","contentUrl":"https:\/\/secure.gravatar.com\/avatar\/862a5569d087de48e5856e32f45d719a03804c891d6deb8d4f71a660e79e4a47?s=96&d=mm&r=g","caption":"Roger Str\u00e4ssle"},"url":"https:\/\/news.save.ch\/fr\/author\/roger-straessle\/"}]}},"_links":{"self":[{"href":"https:\/\/news.save.ch\/fr\/wp-json\/wp\/v2\/posts\/8460","targetHints":{"allow":["GET"]}}],"collection":[{"href":"https:\/\/news.save.ch\/fr\/wp-json\/wp\/v2\/posts"}],"about":[{"href":"https:\/\/news.save.ch\/fr\/wp-json\/wp\/v2\/types\/post"}],"author":[{"embeddable":true,"href":"https:\/\/news.save.ch\/fr\/wp-json\/wp\/v2\/users\/8"}],"replies":[{"embeddable":true,"href":"https:\/\/news.save.ch\/fr\/wp-json\/wp\/v2\/comments?post=8460"}],"version-history":[{"count":0,"href":"https:\/\/news.save.ch\/fr\/wp-json\/wp\/v2\/posts\/8460\/revisions"}],"wp:featuredmedia":[{"embeddable":true,"href":"https:\/\/news.save.ch\/fr\/wp-json\/wp\/v2\/media\/8461"}],"wp:attachment":[{"href":"https:\/\/news.save.ch\/fr\/wp-json\/wp\/v2\/media?parent=8460"}],"wp:term":[{"taxonomy":"category","embeddable":true,"href":"https:\/\/news.save.ch\/fr\/wp-json\/wp\/v2\/categories?post=8460"},{"taxonomy":"post_tag","embeddable":true,"href":"https:\/\/news.save.ch\/fr\/wp-json\/wp\/v2\/tags?post=8460"}],"curies":[{"name":"wp","href":"https:\/\/api.w.org\/{rel}","templated":true}]}}