{"id":8506,"date":"2022-02-10T08:14:57","date_gmt":"2022-02-10T07:14:57","guid":{"rendered":"https:\/\/news.save.ch\/?p=8506"},"modified":"2023-07-07T16:54:43","modified_gmt":"2023-07-07T14:54:43","slug":"neuer-leiter-werkstofftechnik-im-swiss-safety-center-2","status":null,"type":"post","link":"https:\/\/news.save.ch\/fr\/neuer-leiter-werkstofftechnik-im-swiss-safety-center-2\/","title":{"rendered":"Nouveau responsable de la technologie des mat\u00e9riaux au Swiss Safety Center"},"content":{"rendered":"<p><img loading=\"lazy\" decoding=\"async\" class=\"alignleft wp-image-13518 size-full\" src=\"https:\/\/news.save.ch\/wp-content\/uploads\/2022\/02\/Hoertnagl.jpg\" alt=\"Technique des mat\u00e9riaux\" width=\"680\" height=\"532\" srcset=\"https:\/\/news.save.ch\/wp-content\/uploads\/2022\/02\/Hoertnagl.jpg 680w, https:\/\/news.save.ch\/wp-content\/uploads\/2022\/02\/Hoertnagl-375x293.jpg 375w\" sizes=\"auto, (max-width: 680px) 100vw, 680px\" \/><\/p>\n<p>Apr\u00e8s avoir r\u00e9cemment lanc\u00e9 un\u00a0<a href=\"https:\/\/news.save.ch\/fr\/swiss-safety-center-ag-robin-seitz-wird-neuer-qualitaetsleiter-der-svti-gruppe\/\" target=\"_blank\" rel=\"noopener\">nouveau responsable qualit\u00e9<\/a>\u00a0pour l'ensemble du groupe ASIT, le Swiss Safety Center annonce une nouvelle nomination : Depuis novembre 2021, le Dr Arnulf H\u00f6rtnagl est le nouveau responsable de la technique des mat\u00e9riaux.<\/p>\n<p>Il est ing\u00e9nieur en m\u00e9canique avec des sp\u00e9cialisations compl\u00e9mentaires en technique de fabrication et en science des mat\u00e9riaux. Son activit\u00e9 scientifique l'a amen\u00e9 \u00e0 faire un doctorat et \u00e0 se sp\u00e9cialiser dans les domaines de la corrosion, de la tribologie et des aciers inoxydables. Gr\u00e2ce \u00e0 son activit\u00e9 professionnelle dans diff\u00e9rents laboratoires internationaux, il a \u00e9largi son savoir-faire \u00e0 la plasturgie et s'est form\u00e9 \u00e0 la vente et \u00e0 la gestion de projets R&amp;D. Dans le domaine de la transmission de connaissances sp\u00e9cialis\u00e9es, il apporte l'exp\u00e9rience de ses deux ann\u00e9es d'enseignement de la science des mat\u00e9riaux. Son excellent r\u00e9seau dans le milieu des PME suisses compl\u00e8te id\u00e9alement son profil, comme le fait savoir le Swiss Safety Center.<\/p>\n<h3>D\u00e9velopper le domaine de comp\u00e9tence de la technologie des mat\u00e9riaux<\/h3>\n<p>Dans sa nouvelle fonction, il est responsable du laboratoire d'essai, dont la comp\u00e9tence principale est le contr\u00f4le des mat\u00e9riaux et l'analyse des dommages sur des mat\u00e9riaux essentiellement m\u00e9talliques. Son objectif est d'\u00e9largir l'offre de services aux essais et analyses d'aciers inoxydables et au domaine de la technique des mati\u00e8res plastiques, ainsi que d'approfondir les mesures \u00e9lectrochimiques de la corrosion. Il consid\u00e8re le laboratoire d'essais comme un centre de comp\u00e9tences et un partenaire pour les analyses individuelles jusqu'aux questions complexes pour les PME de toutes tailles, des branches les plus diverses, au niveau national et international.<\/p>\n<p>Le Swiss Safety Center, qui fait partie du groupe ASIT, dispose, dans le cadre de ses domaines d'activit\u00e9 relatifs \u00e0 la pr\u00e9vention des dommages et \u00e0 la protection contre l'incendie, de comp\u00e9tences reconnues dans les domaines de la technique et de la science des mat\u00e9riaux, de la m\u00e9tallurgie, de la mat\u00e9riographie et de la corrosion, et \u00e9tablit des analyses de dommages, des expertises et des rapports. Pour ce faire, le Swiss Safety Center effectue un grand nombre de contr\u00f4les de mat\u00e9riaux, \u00e9galement non destructifs, de mani\u00e8re stationnaire dans son propre laboratoire d'essais ou mobile sur place.<\/p>\n<p><em>Source : Swiss Safety Center\u00a0<\/em><\/p>","protected":false},"excerpt":{"rendered":"<p>Nachdem bereits k\u00fcrzlich ein\u00a0neuer Qualit\u00e4tsleiter\u00a0f\u00fcr die gesamte SVTI-Gruppe vorgestellt worden war, gibt es im Swiss Safety Center eine weitere Personalie zu vermelden: Seit November 2021 ist nun Dr. Arnulf H\u00f6rtnagl neuer Leiter Werkstofftechnik. Er ist Maschinenbau-Ingenieur mit weiterf\u00fchrenden Vertiefungen auf Fertigungstechnik und Werkstoffkunde. Seine wissenschaftliche T\u00e4tigkeit f\u00fchrte zur Promotion und zur Vertiefung in den Bereich [&hellip;]<\/p>\n","protected":false},"author":9,"featured_media":8507,"comment_status":"closed","ping_status":"closed","sticky":false,"template":"","format":"standard","meta":{"_acf_changed":false,"pgc_sgb_lightbox_settings":"","footnotes":""},"categories":[1,3314],"tags":[4806,4807,4808,2741,466,1234,3247,4805],"class_list":["post-8506","post","type-post","status-publish","format-standard","has-post-thumbnail","hentry","category-allgemein","category-health-safety","tag-dr-arnulf-hoertnagl","tag-korrosion","tag-kunststofftechnik","tag-qualitaetsleiter","tag-swiss-safety-center","tag-swiss-safety-center-ag","tag-werkstoffe","tag-werkstofftechnik"],"acf":[],"hkrextid":null,"publication":null,"issue":null,"workflow":null,"startPage":null,"spitzmarke":null,"_posts_by_tag_page_fields":{"widget_title":"","widget_tags":""},"_at_widget":"1","_yoast_wpseo_primary_category":"1","_yoast_wpseo_focuskw_text_input":null,"_yoast_wpseo_opengraph-image":null,"_yoast_wpseo_opengraph-description":null,"_yoast_wpseo_opengraph-title":null,"enclosure":null,"_yoast_wpseo_twitter-title":null,"_yoast_wpseo_twitter-description":null,"_yoast_wpseo_twitter-image":null,"_wp_old_slug":null,"_yoast_wpseo_title":null,"_yoast_wpseo_canonical":"https:\/\/news.save.ch\/neuer-leiter-werkstofftechnik-im-swiss-safety-center\/","yoast_head":"<!-- This site is optimized with the Yoast SEO plugin v27.4 - https:\/\/yoast.com\/product\/yoast-seo-wordpress\/ -->\n<title>Neuer Leiter Werkstofftechnik im Swiss Safety Center - Save<\/title>\n<meta name=\"description\" content=\"Bereits seit November 2021 leitet neu Dr. Arnulf H\u00f6rtnagl den Bereich Werkstofftechnik des Swiss Safety Centers in Wallisellen. Er will das Dienstleistungsangebot weiter ausbauen.\" \/>\n<meta name=\"robots\" content=\"index, follow, max-snippet:-1, max-image-preview:large, max-video-preview:-1\" \/>\n<link rel=\"canonical\" href=\"https:\/\/news.save.ch\/fr\/neuer-leiter-werkstofftechnik-im-swiss-safety-center\/\" \/>\n<meta property=\"og:locale\" content=\"fr_FR\" \/>\n<meta property=\"og:type\" content=\"article\" \/>\n<meta property=\"og:title\" content=\"Neuer Leiter Werkstofftechnik im Swiss Safety Center - Save\" \/>\n<meta property=\"og:description\" content=\"Bereits seit November 2021 leitet neu Dr. Arnulf H\u00f6rtnagl den Bereich Werkstofftechnik des Swiss Safety Centers in Wallisellen. Er will das Dienstleistungsangebot weiter ausbauen.\" \/>\n<meta property=\"og:url\" content=\"https:\/\/news.save.ch\/fr\/neuer-leiter-werkstofftechnik-im-swiss-safety-center\/\" \/>\n<meta property=\"og:site_name\" content=\"Save\" \/>\n<meta property=\"article:published_time\" content=\"2022-02-10T07:14:57+00:00\" \/>\n<meta property=\"article:modified_time\" content=\"2023-07-07T14:54:43+00:00\" \/>\n<meta property=\"og:image\" content=\"https:\/\/news.save.ch\/wp-content\/uploads\/2022\/02\/Hoertnagl-1.jpg\" \/>\n\t<meta property=\"og:image:width\" content=\"680\" \/>\n\t<meta property=\"og:image:height\" content=\"532\" \/>\n\t<meta property=\"og:image:type\" content=\"image\/jpeg\" \/>\n<meta name=\"author\" content=\"Simon Gr\u00f6flin\" \/>\n<meta name=\"twitter:card\" content=\"summary_large_image\" \/>\n<meta name=\"twitter:label1\" content=\"\u00c9crit par\" \/>\n\t<meta name=\"twitter:data1\" content=\"Simon Gr\u00f6flin\" \/>\n\t<meta name=\"twitter:label2\" content=\"Dur\u00e9e de lecture estim\u00e9e\" \/>\n\t<meta name=\"twitter:data2\" content=\"2 minutes\" \/>\n<script type=\"application\/ld+json\" class=\"yoast-schema-graph\">{\"@context\":\"https:\\\/\\\/schema.org\",\"@graph\":[{\"@type\":\"Article\",\"@id\":\"https:\\\/\\\/news.save.ch\\\/neuer-leiter-werkstofftechnik-im-swiss-safety-center\\\/#article\",\"isPartOf\":{\"@id\":\"https:\\\/\\\/news.save.ch\\\/neuer-leiter-werkstofftechnik-im-swiss-safety-center-2\\\/\"},\"author\":{\"name\":\"Simon Gr\u00f6flin\",\"@id\":\"https:\\\/\\\/news.save.ch\\\/de\\\/#\\\/schema\\\/person\\\/ad4ef21102fd6125312409ac57d5296d\"},\"headline\":\"Neuer Leiter Werkstofftechnik im Swiss Safety Center\",\"datePublished\":\"2022-02-10T07:14:57+00:00\",\"dateModified\":\"2023-07-07T14:54:43+00:00\",\"mainEntityOfPage\":{\"@id\":\"https:\\\/\\\/news.save.ch\\\/neuer-leiter-werkstofftechnik-im-swiss-safety-center-2\\\/\"},\"wordCount\":302,\"publisher\":{\"@id\":\"https:\\\/\\\/news.save.ch\\\/de\\\/#organization\"},\"image\":{\"@id\":\"https:\\\/\\\/news.save.ch\\\/neuer-leiter-werkstofftechnik-im-swiss-safety-center\\\/#primaryimage\"},\"thumbnailUrl\":\"https:\\\/\\\/news.save.ch\\\/wp-content\\\/uploads\\\/2022\\\/02\\\/Hoertnagl-1.jpg\",\"keywords\":[\"Dr. Arnulf H\u00f6rtnagl\",\"Korrosion\",\"Kunststofftechnik\",\"Qualit\u00e4tsleiter\",\"Swiss Safety Center\",\"Swiss Safety Center AG\",\"Werkstoffe\",\"Werkstofftechnik\"],\"articleSection\":[\"ALLGEMEIN\",\"HEALTH &amp; SAFETY\"],\"inLanguage\":\"fr-FR\"},{\"@type\":\"WebPage\",\"@id\":\"https:\\\/\\\/news.save.ch\\\/neuer-leiter-werkstofftechnik-im-swiss-safety-center-2\\\/\",\"url\":\"https:\\\/\\\/news.save.ch\\\/neuer-leiter-werkstofftechnik-im-swiss-safety-center\\\/\",\"name\":\"Neuer Leiter Werkstofftechnik im Swiss Safety Center - Save\",\"isPartOf\":{\"@id\":\"https:\\\/\\\/news.save.ch\\\/de\\\/#website\"},\"primaryImageOfPage\":{\"@id\":\"https:\\\/\\\/news.save.ch\\\/neuer-leiter-werkstofftechnik-im-swiss-safety-center\\\/#primaryimage\"},\"image\":{\"@id\":\"https:\\\/\\\/news.save.ch\\\/neuer-leiter-werkstofftechnik-im-swiss-safety-center\\\/#primaryimage\"},\"thumbnailUrl\":\"https:\\\/\\\/news.save.ch\\\/wp-content\\\/uploads\\\/2022\\\/02\\\/Hoertnagl-1.jpg\",\"datePublished\":\"2022-02-10T07:14:57+00:00\",\"dateModified\":\"2023-07-07T14:54:43+00:00\",\"description\":\"Bereits seit November 2021 leitet neu Dr. Arnulf H\u00f6rtnagl den Bereich Werkstofftechnik des Swiss Safety Centers in Wallisellen. Er will das Dienstleistungsangebot weiter ausbauen.\",\"breadcrumb\":{\"@id\":\"https:\\\/\\\/news.save.ch\\\/neuer-leiter-werkstofftechnik-im-swiss-safety-center\\\/#breadcrumb\"},\"inLanguage\":\"fr-FR\",\"potentialAction\":[{\"@type\":\"ReadAction\",\"target\":[\"https:\\\/\\\/news.save.ch\\\/neuer-leiter-werkstofftechnik-im-swiss-safety-center\\\/\"]}]},{\"@type\":\"ImageObject\",\"inLanguage\":\"fr-FR\",\"@id\":\"https:\\\/\\\/news.save.ch\\\/neuer-leiter-werkstofftechnik-im-swiss-safety-center\\\/#primaryimage\",\"url\":\"https:\\\/\\\/news.save.ch\\\/wp-content\\\/uploads\\\/2022\\\/02\\\/Hoertnagl-1.jpg\",\"contentUrl\":\"https:\\\/\\\/news.save.ch\\\/wp-content\\\/uploads\\\/2022\\\/02\\\/Hoertnagl-1.jpg\",\"width\":680,\"height\":532,\"caption\":\"Neuer Leiter Werkstofftechnik im Swiss Safety Center\"},{\"@type\":\"BreadcrumbList\",\"@id\":\"https:\\\/\\\/news.save.ch\\\/neuer-leiter-werkstofftechnik-im-swiss-safety-center\\\/#breadcrumb\",\"itemListElement\":[{\"@type\":\"ListItem\",\"position\":1,\"name\":\"Home\",\"item\":\"https:\\\/\\\/news.save.ch\\\/de\\\/\"},{\"@type\":\"ListItem\",\"position\":2,\"name\":\"Neuer Leiter Werkstofftechnik im Swiss Safety Center\"}]},{\"@type\":\"WebSite\",\"@id\":\"https:\\\/\\\/news.save.ch\\\/de\\\/#website\",\"url\":\"https:\\\/\\\/news.save.ch\\\/de\\\/\",\"name\":\"Save\",\"description\":\"Schweizer Fachzeitschrift f\u00fcr Sicherheit\",\"publisher\":{\"@id\":\"https:\\\/\\\/news.save.ch\\\/de\\\/#organization\"},\"potentialAction\":[{\"@type\":\"SearchAction\",\"target\":{\"@type\":\"EntryPoint\",\"urlTemplate\":\"https:\\\/\\\/news.save.ch\\\/de\\\/?s={search_term_string}\"},\"query-input\":{\"@type\":\"PropertyValueSpecification\",\"valueRequired\":true,\"valueName\":\"search_term_string\"}}],\"inLanguage\":\"fr-FR\"},{\"@type\":\"Organization\",\"@id\":\"https:\\\/\\\/news.save.ch\\\/de\\\/#organization\",\"name\":\"Sicherheitsforum\",\"url\":\"https:\\\/\\\/news.save.ch\\\/de\\\/\",\"logo\":{\"@type\":\"ImageObject\",\"inLanguage\":\"fr-FR\",\"@id\":\"https:\\\/\\\/news.save.ch\\\/de\\\/#\\\/schema\\\/logo\\\/image\\\/\",\"url\":\"https:\\\/\\\/news.save.ch\\\/wp-content\\\/uploads\\\/2022\\\/06\\\/Logo_SF_2012.png\",\"contentUrl\":\"https:\\\/\\\/news.save.ch\\\/wp-content\\\/uploads\\\/2022\\\/06\\\/Logo_SF_2012.png\",\"width\":1100,\"height\":91,\"caption\":\"Sicherheitsforum\"},\"image\":{\"@id\":\"https:\\\/\\\/news.save.ch\\\/de\\\/#\\\/schema\\\/logo\\\/image\\\/\"}},{\"@type\":\"Person\",\"@id\":\"https:\\\/\\\/news.save.ch\\\/de\\\/#\\\/schema\\\/person\\\/ad4ef21102fd6125312409ac57d5296d\",\"name\":\"Simon Gr\u00f6flin\",\"image\":{\"@type\":\"ImageObject\",\"inLanguage\":\"fr-FR\",\"@id\":\"https:\\\/\\\/secure.gravatar.com\\\/avatar\\\/6ddceb80eb734354635539e0ea5140bb7c41e42de7c45c9a2ab9921b5d5c9a83?s=96&d=mm&r=g\",\"url\":\"https:\\\/\\\/secure.gravatar.com\\\/avatar\\\/6ddceb80eb734354635539e0ea5140bb7c41e42de7c45c9a2ab9921b5d5c9a83?s=96&d=mm&r=g\",\"contentUrl\":\"https:\\\/\\\/secure.gravatar.com\\\/avatar\\\/6ddceb80eb734354635539e0ea5140bb7c41e42de7c45c9a2ab9921b5d5c9a83?s=96&d=mm&r=g\",\"caption\":\"Simon Gr\u00f6flin\"},\"url\":\"https:\\\/\\\/news.save.ch\\\/fr\\\/author\\\/simon-groeflin\\\/\"}]}<\/script>\n<!-- \/ Yoast SEO plugin. -->","yoast_head_json":{"title":"Nouveau responsable de la technologie des mat\u00e9riaux au Swiss Safety Center - Save","description":"Depuis novembre 2021 d\u00e9j\u00e0, le Dr Arnulf H\u00f6rtnagl dirige le secteur Technique des mat\u00e9riaux du Swiss Safety Center \u00e0 Wallisellen. Il souhaite continuer \u00e0 d\u00e9velopper l'offre de prestations.","robots":{"index":"index","follow":"follow","max-snippet":"max-snippet:-1","max-image-preview":"max-image-preview:large","max-video-preview":"max-video-preview:-1"},"canonical":"https:\/\/news.save.ch\/fr\/neuer-leiter-werkstofftechnik-im-swiss-safety-center\/","og_locale":"fr_FR","og_type":"article","og_title":"Neuer Leiter Werkstofftechnik im Swiss Safety Center - Save","og_description":"Bereits seit November 2021 leitet neu Dr. Arnulf H\u00f6rtnagl den Bereich Werkstofftechnik des Swiss Safety Centers in Wallisellen. Er will das Dienstleistungsangebot weiter ausbauen.","og_url":"https:\/\/news.save.ch\/fr\/neuer-leiter-werkstofftechnik-im-swiss-safety-center\/","og_site_name":"Save","article_published_time":"2022-02-10T07:14:57+00:00","article_modified_time":"2023-07-07T14:54:43+00:00","og_image":[{"width":680,"height":532,"url":"https:\/\/news.save.ch\/wp-content\/uploads\/2022\/02\/Hoertnagl-1.jpg","type":"image\/jpeg"}],"author":"Simon Gr\u00f6flin","twitter_card":"summary_large_image","twitter_misc":{"\u00c9crit par":"Simon Gr\u00f6flin","Dur\u00e9e de lecture estim\u00e9e":"2 minutes"},"schema":{"@context":"https:\/\/schema.org","@graph":[{"@type":"Article","@id":"https:\/\/news.save.ch\/neuer-leiter-werkstofftechnik-im-swiss-safety-center\/#article","isPartOf":{"@id":"https:\/\/news.save.ch\/neuer-leiter-werkstofftechnik-im-swiss-safety-center-2\/"},"author":{"name":"Simon Gr\u00f6flin","@id":"https:\/\/news.save.ch\/de\/#\/schema\/person\/ad4ef21102fd6125312409ac57d5296d"},"headline":"Neuer Leiter Werkstofftechnik im Swiss Safety Center","datePublished":"2022-02-10T07:14:57+00:00","dateModified":"2023-07-07T14:54:43+00:00","mainEntityOfPage":{"@id":"https:\/\/news.save.ch\/neuer-leiter-werkstofftechnik-im-swiss-safety-center-2\/"},"wordCount":302,"publisher":{"@id":"https:\/\/news.save.ch\/de\/#organization"},"image":{"@id":"https:\/\/news.save.ch\/neuer-leiter-werkstofftechnik-im-swiss-safety-center\/#primaryimage"},"thumbnailUrl":"https:\/\/news.save.ch\/wp-content\/uploads\/2022\/02\/Hoertnagl-1.jpg","keywords":["Dr. Arnulf H\u00f6rtnagl","Korrosion","Kunststofftechnik","Qualit\u00e4tsleiter","Swiss Safety Center","Swiss Safety Center AG","Werkstoffe","Werkstofftechnik"],"articleSection":["ALLGEMEIN","HEALTH &amp; SAFETY"],"inLanguage":"fr-FR"},{"@type":"WebPage","@id":"https:\/\/news.save.ch\/neuer-leiter-werkstofftechnik-im-swiss-safety-center-2\/","url":"https:\/\/news.save.ch\/neuer-leiter-werkstofftechnik-im-swiss-safety-center\/","name":"Nouveau responsable de la technologie des mat\u00e9riaux au Swiss Safety Center - Save","isPartOf":{"@id":"https:\/\/news.save.ch\/de\/#website"},"primaryImageOfPage":{"@id":"https:\/\/news.save.ch\/neuer-leiter-werkstofftechnik-im-swiss-safety-center\/#primaryimage"},"image":{"@id":"https:\/\/news.save.ch\/neuer-leiter-werkstofftechnik-im-swiss-safety-center\/#primaryimage"},"thumbnailUrl":"https:\/\/news.save.ch\/wp-content\/uploads\/2022\/02\/Hoertnagl-1.jpg","datePublished":"2022-02-10T07:14:57+00:00","dateModified":"2023-07-07T14:54:43+00:00","description":"Depuis novembre 2021 d\u00e9j\u00e0, le Dr Arnulf H\u00f6rtnagl dirige le secteur Technique des mat\u00e9riaux du Swiss Safety Center \u00e0 Wallisellen. Il souhaite continuer \u00e0 d\u00e9velopper l'offre de prestations.","breadcrumb":{"@id":"https:\/\/news.save.ch\/neuer-leiter-werkstofftechnik-im-swiss-safety-center\/#breadcrumb"},"inLanguage":"fr-FR","potentialAction":[{"@type":"ReadAction","target":["https:\/\/news.save.ch\/neuer-leiter-werkstofftechnik-im-swiss-safety-center\/"]}]},{"@type":"ImageObject","inLanguage":"fr-FR","@id":"https:\/\/news.save.ch\/neuer-leiter-werkstofftechnik-im-swiss-safety-center\/#primaryimage","url":"https:\/\/news.save.ch\/wp-content\/uploads\/2022\/02\/Hoertnagl-1.jpg","contentUrl":"https:\/\/news.save.ch\/wp-content\/uploads\/2022\/02\/Hoertnagl-1.jpg","width":680,"height":532,"caption":"Neuer Leiter Werkstofftechnik im Swiss Safety Center"},{"@type":"BreadcrumbList","@id":"https:\/\/news.save.ch\/neuer-leiter-werkstofftechnik-im-swiss-safety-center\/#breadcrumb","itemListElement":[{"@type":"ListItem","position":1,"name":"Home","item":"https:\/\/news.save.ch\/de\/"},{"@type":"ListItem","position":2,"name":"Neuer Leiter Werkstofftechnik im Swiss Safety Center"}]},{"@type":"WebSite","@id":"https:\/\/news.save.ch\/de\/#website","url":"https:\/\/news.save.ch\/de\/","name":"Save","description":"Revue suisse sp\u00e9cialis\u00e9e dans la s\u00e9curit\u00e9","publisher":{"@id":"https:\/\/news.save.ch\/de\/#organization"},"potentialAction":[{"@type":"SearchAction","target":{"@type":"EntryPoint","urlTemplate":"https:\/\/news.save.ch\/de\/?s={search_term_string}"},"query-input":{"@type":"PropertyValueSpecification","valueRequired":true,"valueName":"search_term_string"}}],"inLanguage":"fr-FR"},{"@type":"Organization","@id":"https:\/\/news.save.ch\/de\/#organization","name":"Forum sur la s\u00e9curit\u00e9","url":"https:\/\/news.save.ch\/de\/","logo":{"@type":"ImageObject","inLanguage":"fr-FR","@id":"https:\/\/news.save.ch\/de\/#\/schema\/logo\/image\/","url":"https:\/\/news.save.ch\/wp-content\/uploads\/2022\/06\/Logo_SF_2012.png","contentUrl":"https:\/\/news.save.ch\/wp-content\/uploads\/2022\/06\/Logo_SF_2012.png","width":1100,"height":91,"caption":"Sicherheitsforum"},"image":{"@id":"https:\/\/news.save.ch\/de\/#\/schema\/logo\/image\/"}},{"@type":"Person","@id":"https:\/\/news.save.ch\/de\/#\/schema\/person\/ad4ef21102fd6125312409ac57d5296d","name":"Simon Gr\u00f6flin","image":{"@type":"ImageObject","inLanguage":"fr-FR","@id":"https:\/\/secure.gravatar.com\/avatar\/6ddceb80eb734354635539e0ea5140bb7c41e42de7c45c9a2ab9921b5d5c9a83?s=96&d=mm&r=g","url":"https:\/\/secure.gravatar.com\/avatar\/6ddceb80eb734354635539e0ea5140bb7c41e42de7c45c9a2ab9921b5d5c9a83?s=96&d=mm&r=g","contentUrl":"https:\/\/secure.gravatar.com\/avatar\/6ddceb80eb734354635539e0ea5140bb7c41e42de7c45c9a2ab9921b5d5c9a83?s=96&d=mm&r=g","caption":"Simon Gr\u00f6flin"},"url":"https:\/\/news.save.ch\/fr\/author\/simon-groeflin\/"}]}},"_links":{"self":[{"href":"https:\/\/news.save.ch\/fr\/wp-json\/wp\/v2\/posts\/8506","targetHints":{"allow":["GET"]}}],"collection":[{"href":"https:\/\/news.save.ch\/fr\/wp-json\/wp\/v2\/posts"}],"about":[{"href":"https:\/\/news.save.ch\/fr\/wp-json\/wp\/v2\/types\/post"}],"author":[{"embeddable":true,"href":"https:\/\/news.save.ch\/fr\/wp-json\/wp\/v2\/users\/9"}],"replies":[{"embeddable":true,"href":"https:\/\/news.save.ch\/fr\/wp-json\/wp\/v2\/comments?post=8506"}],"version-history":[{"count":3,"href":"https:\/\/news.save.ch\/fr\/wp-json\/wp\/v2\/posts\/8506\/revisions"}],"predecessor-version":[{"id":20568,"href":"https:\/\/news.save.ch\/fr\/wp-json\/wp\/v2\/posts\/8506\/revisions\/20568"}],"wp:featuredmedia":[{"embeddable":true,"href":"https:\/\/news.save.ch\/fr\/wp-json\/wp\/v2\/media\/8507"}],"wp:attachment":[{"href":"https:\/\/news.save.ch\/fr\/wp-json\/wp\/v2\/media?parent=8506"}],"wp:term":[{"taxonomy":"category","embeddable":true,"href":"https:\/\/news.save.ch\/fr\/wp-json\/wp\/v2\/categories?post=8506"},{"taxonomy":"post_tag","embeddable":true,"href":"https:\/\/news.save.ch\/fr\/wp-json\/wp\/v2\/tags?post=8506"}],"curies":[{"name":"wp","href":"https:\/\/api.w.org\/{rel}","templated":true}]}}