{"id":8638,"date":"2019-09-10T14:20:50","date_gmt":"2019-09-10T12:20:50","guid":{"rendered":"https:\/\/news.save.ch\/?p=8638"},"modified":"2023-03-14T08:58:57","modified_gmt":"2023-03-14T07:58:57","slug":"praeventionstipps-gegen-naturgefahren","status":null,"type":"post","link":"https:\/\/news.save.ch\/fr\/praeventionstipps-gegen-naturgefahren\/","title":{"rendered":"Conseils de pr\u00e9vention contre les dangers naturels"},"content":{"rendered":"<figure id=\"attachment_8639\" aria-describedby=\"caption-attachment-8639\" style=\"width: 680px\" class=\"wp-caption aligncenter\"><img loading=\"lazy\" decoding=\"async\" class=\"wp-image-8639 size-medium\" src=\"https:\/\/news.save.ch\/wp-content\/uploads\/2019\/09\/Zurich.jpg\" alt=\"Pr\u00e9vention des risques naturels\" width=\"680\" height=\"385\" srcset=\"https:\/\/news.save.ch\/wp-content\/uploads\/2019\/09\/Zurich.jpg 1261w, https:\/\/news.save.ch\/wp-content\/uploads\/2019\/09\/Zurich-375x212.jpg 375w\" sizes=\"auto, (max-width: 680px) 100vw, 680px\" \/><figcaption id=\"caption-attachment-8639\" class=\"wp-caption-text\">Zurich<\/figcaption><\/figure>\n<p>Qu'il s'agisse de propri\u00e9taires, d'entrepreneurs, d'architectes, de facility managers, etc., tous sont bien avis\u00e9s de se pencher sur les dangers naturels possibles en Suisse afin de r\u00e9duire ou d'\u00e9viter les dommages.<\/p>\n<p><strong>Des experts informent<\/strong><\/p>\n<p>C'est pourquoi Zurich lance, en collaboration avec divers partenaires tels que la publication sp\u00e9cialis\u00e9e SicherheitsForum, une nouvelle s\u00e9rie de manifestations sur la pr\u00e9vention des dangers naturels \u00e0 l'Umwelt-Arena de Spreitenbach. Lors de cet \u00e9v\u00e9nement, des experts de la branche et des sp\u00e9cialistes des sinistres montreront comment prot\u00e9ger ses biens immobiliers contre les dangers naturels et \u00e0 quel point un site est menac\u00e9.<\/p>\n<p>Une analyse en ligne de l'immeuble avec le radar des dangers naturels de la Zurich peut \u00eatre r\u00e9alis\u00e9e en cinq minutes et devrait faire partie int\u00e9grante de tout conseil FM. Lors de la manifestation, des experts vous expliqueront comment r\u00e9aliser facilement une analyse des risques, \u00e0 quel point un site est menac\u00e9, quand les propri\u00e9taires d'ouvrages sont responsables et comment les biens immobiliers peuvent \u00eatre prot\u00e9g\u00e9s contre les dangers naturels.<\/p>\n<blockquote>\n<p>L'\u00e9v\u00e9nement <strong>Pr\u00e9vention des risques naturels<\/strong> avec le partenaire SicherheitsForum aura lieu le jeudi, <strong>26 septembre, 17h45<\/strong>de l'ann\u00e9e derni\u00e8re. Notre publication sp\u00e9cialis\u00e9e dispose d'un contingent de places r\u00e9serv\u00e9es que nous offrons \u00e0 nos lecteurs.<strong>\u00a0<a href=\"https:\/\/change-the-picture.ch\/events\/donnerstag-26-september-2019\/\">mettre \u00e0 disposition gratuitement<\/a><\/strong>. Si la date de l'\u00e9v\u00e9nement que vous avez choisi est compl\u00e8te, envoyez un e-mail avec le mot-cl\u00e9 \"Forum de la s\u00e9curit\u00e9\" et la date souhait\u00e9e de l'\u00e9v\u00e9nement (voir sous <a href=\"https:\/\/www.change-the-picture.ch\">www.change-the-picture.ch<\/a>) :<\/p>\n<p>contact@change-the-picture.ch<\/p>\n<\/blockquote>","protected":false},"excerpt":{"rendered":"<p>Ob Hauseigent\u00fcmer, Unternehmer, Architekt, Facility-Manager usw., sie alle sind gut beraten, wenn sie sich mit den m\u00f6glichen Naturgefahren in der Schweiz auseinandersetzen, um Sch\u00e4den zu reduzieren oder zu verhindern. Experten informieren Aus diesem Grund startet die Zurich in Zusammenarbeit mit diversen Partnern wie beispielsweise der Fachpublikation SicherheitsForum eine neue Veranstaltungsreihe zur Naturgefahrenpr\u00e4vention in der Umwelt-Arena [&hellip;]<\/p>\n","protected":false},"author":8,"featured_media":8639,"comment_status":"open","ping_status":"open","sticky":false,"template":"","format":"standard","meta":{"_acf_changed":false,"pgc_sgb_lightbox_settings":"","footnotes":""},"categories":[3312],"tags":[170],"class_list":["post-8638","post","type-post","status-publish","format-standard","has-post-thumbnail","hentry","category-sicherheit","tag-naturgefahren"],"acf":[],"hkrextid":null,"publication":null,"issue":null,"workflow":null,"startPage":null,"spitzmarke":null,"_posts_by_tag_page_fields":{"widget_title":"","widget_tags":""},"_at_widget":"1","_yoast_wpseo_primary_category":"5","_yoast_wpseo_focuskw_text_input":"Naturgefahrenpr\u00e4vention","_yoast_wpseo_opengraph-image":null,"_yoast_wpseo_opengraph-description":null,"_yoast_wpseo_opengraph-title":null,"enclosure":null,"_yoast_wpseo_twitter-title":null,"_yoast_wpseo_twitter-description":null,"_yoast_wpseo_twitter-image":null,"_wp_old_slug":null,"_yoast_wpseo_title":null,"_yoast_wpseo_canonical":null,"yoast_head":"<!-- This site is optimized with the Yoast SEO plugin v27.4 - https:\/\/yoast.com\/product\/yoast-seo-wordpress\/ -->\n<title>Pr\u00e4ventionstipps gegen Naturgefahren - Save<\/title>\n<meta name=\"description\" content=\"Pr\u00e4ventionstipps gegen Naturgefahren erhalten Leser des SicherheitsForums an einer kostenlosen Veranstaltungsreihe der Zurich Verischerungen.\" \/>\n<meta name=\"robots\" content=\"index, follow, max-snippet:-1, max-image-preview:large, max-video-preview:-1\" \/>\n<link rel=\"canonical\" href=\"https:\/\/news.save.ch\/fr\/praeventionstipps-gegen-naturgefahren\/\" \/>\n<meta property=\"og:locale\" content=\"fr_FR\" \/>\n<meta property=\"og:type\" content=\"article\" \/>\n<meta property=\"og:title\" content=\"Pr\u00e4ventionstipps gegen Naturgefahren - Save\" \/>\n<meta property=\"og:description\" content=\"Pr\u00e4ventionstipps gegen Naturgefahren erhalten Leser des SicherheitsForums an einer kostenlosen Veranstaltungsreihe der Zurich Verischerungen.\" \/>\n<meta property=\"og:url\" content=\"https:\/\/news.save.ch\/fr\/praeventionstipps-gegen-naturgefahren\/\" \/>\n<meta property=\"og:site_name\" content=\"Save\" \/>\n<meta property=\"article:published_time\" content=\"2019-09-10T12:20:50+00:00\" \/>\n<meta property=\"article:modified_time\" content=\"2023-03-14T07:58:57+00:00\" \/>\n<meta property=\"og:image\" content=\"https:\/\/news.save.ch\/wp-content\/uploads\/2019\/09\/Zurich.jpg\" \/>\n\t<meta property=\"og:image:width\" content=\"1261\" \/>\n\t<meta property=\"og:image:height\" content=\"714\" \/>\n\t<meta property=\"og:image:type\" content=\"image\/jpeg\" \/>\n<meta name=\"author\" content=\"Roger Str\u00e4ssle\" \/>\n<meta name=\"twitter:card\" content=\"summary_large_image\" \/>\n<meta name=\"twitter:label1\" content=\"\u00c9crit par\" \/>\n\t<meta name=\"twitter:data1\" content=\"Roger Str\u00e4ssle\" \/>\n\t<meta name=\"twitter:label2\" content=\"Dur\u00e9e de lecture estim\u00e9e\" \/>\n\t<meta name=\"twitter:data2\" content=\"1 minute\" \/>\n<script type=\"application\/ld+json\" class=\"yoast-schema-graph\">{\"@context\":\"https:\\\/\\\/schema.org\",\"@graph\":[{\"@type\":\"Article\",\"@id\":\"https:\\\/\\\/news.save.ch\\\/praeventionstipps-gegen-naturgefahren\\\/#article\",\"isPartOf\":{\"@id\":\"https:\\\/\\\/news.save.ch\\\/praeventionstipps-gegen-naturgefahren\\\/\"},\"author\":{\"name\":\"Roger Str\u00e4ssle\",\"@id\":\"https:\\\/\\\/news.save.ch\\\/de\\\/#\\\/schema\\\/person\\\/d5022db048e0e2b9785c50e5b24da5aa\"},\"headline\":\"Pr\u00e4ventionstipps gegen Naturgefahren\",\"datePublished\":\"2019-09-10T12:20:50+00:00\",\"dateModified\":\"2023-03-14T07:58:57+00:00\",\"mainEntityOfPage\":{\"@id\":\"https:\\\/\\\/news.save.ch\\\/praeventionstipps-gegen-naturgefahren\\\/\"},\"wordCount\":217,\"commentCount\":0,\"publisher\":{\"@id\":\"https:\\\/\\\/news.save.ch\\\/de\\\/#organization\"},\"image\":{\"@id\":\"https:\\\/\\\/news.save.ch\\\/praeventionstipps-gegen-naturgefahren\\\/#primaryimage\"},\"thumbnailUrl\":\"https:\\\/\\\/news.save.ch\\\/wp-content\\\/uploads\\\/2019\\\/09\\\/Zurich.jpg\",\"keywords\":[\"Naturgefahren\"],\"articleSection\":[\"SICHERHEIT\"],\"inLanguage\":\"fr-FR\"},{\"@type\":\"WebPage\",\"@id\":\"https:\\\/\\\/news.save.ch\\\/praeventionstipps-gegen-naturgefahren\\\/\",\"url\":\"https:\\\/\\\/news.save.ch\\\/praeventionstipps-gegen-naturgefahren\\\/\",\"name\":\"Pr\u00e4ventionstipps gegen Naturgefahren - Save\",\"isPartOf\":{\"@id\":\"https:\\\/\\\/news.save.ch\\\/de\\\/#website\"},\"primaryImageOfPage\":{\"@id\":\"https:\\\/\\\/news.save.ch\\\/praeventionstipps-gegen-naturgefahren\\\/#primaryimage\"},\"image\":{\"@id\":\"https:\\\/\\\/news.save.ch\\\/praeventionstipps-gegen-naturgefahren\\\/#primaryimage\"},\"thumbnailUrl\":\"https:\\\/\\\/news.save.ch\\\/wp-content\\\/uploads\\\/2019\\\/09\\\/Zurich.jpg\",\"datePublished\":\"2019-09-10T12:20:50+00:00\",\"dateModified\":\"2023-03-14T07:58:57+00:00\",\"description\":\"Pr\u00e4ventionstipps gegen Naturgefahren erhalten Leser des SicherheitsForums an einer kostenlosen Veranstaltungsreihe der Zurich Verischerungen.\",\"breadcrumb\":{\"@id\":\"https:\\\/\\\/news.save.ch\\\/praeventionstipps-gegen-naturgefahren\\\/#breadcrumb\"},\"inLanguage\":\"fr-FR\",\"potentialAction\":[{\"@type\":\"ReadAction\",\"target\":[\"https:\\\/\\\/news.save.ch\\\/praeventionstipps-gegen-naturgefahren\\\/\"]}]},{\"@type\":\"ImageObject\",\"inLanguage\":\"fr-FR\",\"@id\":\"https:\\\/\\\/news.save.ch\\\/praeventionstipps-gegen-naturgefahren\\\/#primaryimage\",\"url\":\"https:\\\/\\\/news.save.ch\\\/wp-content\\\/uploads\\\/2019\\\/09\\\/Zurich.jpg\",\"contentUrl\":\"https:\\\/\\\/news.save.ch\\\/wp-content\\\/uploads\\\/2019\\\/09\\\/Zurich.jpg\",\"width\":1261,\"height\":714,\"caption\":\"\u00a9 Zurich\"},{\"@type\":\"BreadcrumbList\",\"@id\":\"https:\\\/\\\/news.save.ch\\\/praeventionstipps-gegen-naturgefahren\\\/#breadcrumb\",\"itemListElement\":[{\"@type\":\"ListItem\",\"position\":1,\"name\":\"Home\",\"item\":\"https:\\\/\\\/news.save.ch\\\/de\\\/\"},{\"@type\":\"ListItem\",\"position\":2,\"name\":\"Pr\u00e4ventionstipps gegen Naturgefahren\"}]},{\"@type\":\"WebSite\",\"@id\":\"https:\\\/\\\/news.save.ch\\\/de\\\/#website\",\"url\":\"https:\\\/\\\/news.save.ch\\\/de\\\/\",\"name\":\"Save\",\"description\":\"Schweizer Fachzeitschrift f\u00fcr Sicherheit\",\"publisher\":{\"@id\":\"https:\\\/\\\/news.save.ch\\\/de\\\/#organization\"},\"potentialAction\":[{\"@type\":\"SearchAction\",\"target\":{\"@type\":\"EntryPoint\",\"urlTemplate\":\"https:\\\/\\\/news.save.ch\\\/de\\\/?s={search_term_string}\"},\"query-input\":{\"@type\":\"PropertyValueSpecification\",\"valueRequired\":true,\"valueName\":\"search_term_string\"}}],\"inLanguage\":\"fr-FR\"},{\"@type\":\"Organization\",\"@id\":\"https:\\\/\\\/news.save.ch\\\/de\\\/#organization\",\"name\":\"Sicherheitsforum\",\"url\":\"https:\\\/\\\/news.save.ch\\\/de\\\/\",\"logo\":{\"@type\":\"ImageObject\",\"inLanguage\":\"fr-FR\",\"@id\":\"https:\\\/\\\/news.save.ch\\\/de\\\/#\\\/schema\\\/logo\\\/image\\\/\",\"url\":\"https:\\\/\\\/news.save.ch\\\/wp-content\\\/uploads\\\/2022\\\/06\\\/Logo_SF_2012.png\",\"contentUrl\":\"https:\\\/\\\/news.save.ch\\\/wp-content\\\/uploads\\\/2022\\\/06\\\/Logo_SF_2012.png\",\"width\":1100,\"height\":91,\"caption\":\"Sicherheitsforum\"},\"image\":{\"@id\":\"https:\\\/\\\/news.save.ch\\\/de\\\/#\\\/schema\\\/logo\\\/image\\\/\"}},{\"@type\":\"Person\",\"@id\":\"https:\\\/\\\/news.save.ch\\\/de\\\/#\\\/schema\\\/person\\\/d5022db048e0e2b9785c50e5b24da5aa\",\"name\":\"Roger Str\u00e4ssle\",\"image\":{\"@type\":\"ImageObject\",\"inLanguage\":\"fr-FR\",\"@id\":\"https:\\\/\\\/secure.gravatar.com\\\/avatar\\\/862a5569d087de48e5856e32f45d719a03804c891d6deb8d4f71a660e79e4a47?s=96&d=mm&r=g\",\"url\":\"https:\\\/\\\/secure.gravatar.com\\\/avatar\\\/862a5569d087de48e5856e32f45d719a03804c891d6deb8d4f71a660e79e4a47?s=96&d=mm&r=g\",\"contentUrl\":\"https:\\\/\\\/secure.gravatar.com\\\/avatar\\\/862a5569d087de48e5856e32f45d719a03804c891d6deb8d4f71a660e79e4a47?s=96&d=mm&r=g\",\"caption\":\"Roger Str\u00e4ssle\"},\"url\":\"https:\\\/\\\/news.save.ch\\\/fr\\\/author\\\/roger-straessle\\\/\"}]}<\/script>\n<!-- \/ Yoast SEO plugin. -->","yoast_head_json":{"title":"Conseils de pr\u00e9vention contre les dangers naturels - Save","description":"Les lecteurs du Forum de la s\u00e9curit\u00e9 peuvent obtenir des conseils de pr\u00e9vention contre les dangers naturels lors d'une s\u00e9rie de manifestations gratuites organis\u00e9es par les assurances Zurich.","robots":{"index":"index","follow":"follow","max-snippet":"max-snippet:-1","max-image-preview":"max-image-preview:large","max-video-preview":"max-video-preview:-1"},"canonical":"https:\/\/news.save.ch\/fr\/praeventionstipps-gegen-naturgefahren\/","og_locale":"fr_FR","og_type":"article","og_title":"Pr\u00e4ventionstipps gegen Naturgefahren - Save","og_description":"Pr\u00e4ventionstipps gegen Naturgefahren erhalten Leser des SicherheitsForums an einer kostenlosen Veranstaltungsreihe der Zurich Verischerungen.","og_url":"https:\/\/news.save.ch\/fr\/praeventionstipps-gegen-naturgefahren\/","og_site_name":"Save","article_published_time":"2019-09-10T12:20:50+00:00","article_modified_time":"2023-03-14T07:58:57+00:00","og_image":[{"width":1261,"height":714,"url":"https:\/\/news.save.ch\/wp-content\/uploads\/2019\/09\/Zurich.jpg","type":"image\/jpeg"}],"author":"Roger Str\u00e4ssle","twitter_card":"summary_large_image","twitter_misc":{"\u00c9crit par":"Roger Str\u00e4ssle","Dur\u00e9e de lecture estim\u00e9e":"1 minute"},"schema":{"@context":"https:\/\/schema.org","@graph":[{"@type":"Article","@id":"https:\/\/news.save.ch\/praeventionstipps-gegen-naturgefahren\/#article","isPartOf":{"@id":"https:\/\/news.save.ch\/praeventionstipps-gegen-naturgefahren\/"},"author":{"name":"Roger Str\u00e4ssle","@id":"https:\/\/news.save.ch\/de\/#\/schema\/person\/d5022db048e0e2b9785c50e5b24da5aa"},"headline":"Pr\u00e4ventionstipps gegen Naturgefahren","datePublished":"2019-09-10T12:20:50+00:00","dateModified":"2023-03-14T07:58:57+00:00","mainEntityOfPage":{"@id":"https:\/\/news.save.ch\/praeventionstipps-gegen-naturgefahren\/"},"wordCount":217,"commentCount":0,"publisher":{"@id":"https:\/\/news.save.ch\/de\/#organization"},"image":{"@id":"https:\/\/news.save.ch\/praeventionstipps-gegen-naturgefahren\/#primaryimage"},"thumbnailUrl":"https:\/\/news.save.ch\/wp-content\/uploads\/2019\/09\/Zurich.jpg","keywords":["Naturgefahren"],"articleSection":["SICHERHEIT"],"inLanguage":"fr-FR"},{"@type":"WebPage","@id":"https:\/\/news.save.ch\/praeventionstipps-gegen-naturgefahren\/","url":"https:\/\/news.save.ch\/praeventionstipps-gegen-naturgefahren\/","name":"Conseils de pr\u00e9vention contre les dangers naturels - Save","isPartOf":{"@id":"https:\/\/news.save.ch\/de\/#website"},"primaryImageOfPage":{"@id":"https:\/\/news.save.ch\/praeventionstipps-gegen-naturgefahren\/#primaryimage"},"image":{"@id":"https:\/\/news.save.ch\/praeventionstipps-gegen-naturgefahren\/#primaryimage"},"thumbnailUrl":"https:\/\/news.save.ch\/wp-content\/uploads\/2019\/09\/Zurich.jpg","datePublished":"2019-09-10T12:20:50+00:00","dateModified":"2023-03-14T07:58:57+00:00","description":"Les lecteurs du Forum de la s\u00e9curit\u00e9 peuvent obtenir des conseils de pr\u00e9vention contre les dangers naturels lors d'une s\u00e9rie de manifestations gratuites organis\u00e9es par les assurances Zurich.","breadcrumb":{"@id":"https:\/\/news.save.ch\/praeventionstipps-gegen-naturgefahren\/#breadcrumb"},"inLanguage":"fr-FR","potentialAction":[{"@type":"ReadAction","target":["https:\/\/news.save.ch\/praeventionstipps-gegen-naturgefahren\/"]}]},{"@type":"ImageObject","inLanguage":"fr-FR","@id":"https:\/\/news.save.ch\/praeventionstipps-gegen-naturgefahren\/#primaryimage","url":"https:\/\/news.save.ch\/wp-content\/uploads\/2019\/09\/Zurich.jpg","contentUrl":"https:\/\/news.save.ch\/wp-content\/uploads\/2019\/09\/Zurich.jpg","width":1261,"height":714,"caption":"\u00a9 Zurich"},{"@type":"BreadcrumbList","@id":"https:\/\/news.save.ch\/praeventionstipps-gegen-naturgefahren\/#breadcrumb","itemListElement":[{"@type":"ListItem","position":1,"name":"Home","item":"https:\/\/news.save.ch\/de\/"},{"@type":"ListItem","position":2,"name":"Pr\u00e4ventionstipps gegen Naturgefahren"}]},{"@type":"WebSite","@id":"https:\/\/news.save.ch\/de\/#website","url":"https:\/\/news.save.ch\/de\/","name":"Save","description":"Revue suisse sp\u00e9cialis\u00e9e dans la s\u00e9curit\u00e9","publisher":{"@id":"https:\/\/news.save.ch\/de\/#organization"},"potentialAction":[{"@type":"SearchAction","target":{"@type":"EntryPoint","urlTemplate":"https:\/\/news.save.ch\/de\/?s={search_term_string}"},"query-input":{"@type":"PropertyValueSpecification","valueRequired":true,"valueName":"search_term_string"}}],"inLanguage":"fr-FR"},{"@type":"Organization","@id":"https:\/\/news.save.ch\/de\/#organization","name":"Forum sur la s\u00e9curit\u00e9","url":"https:\/\/news.save.ch\/de\/","logo":{"@type":"ImageObject","inLanguage":"fr-FR","@id":"https:\/\/news.save.ch\/de\/#\/schema\/logo\/image\/","url":"https:\/\/news.save.ch\/wp-content\/uploads\/2022\/06\/Logo_SF_2012.png","contentUrl":"https:\/\/news.save.ch\/wp-content\/uploads\/2022\/06\/Logo_SF_2012.png","width":1100,"height":91,"caption":"Sicherheitsforum"},"image":{"@id":"https:\/\/news.save.ch\/de\/#\/schema\/logo\/image\/"}},{"@type":"Person","@id":"https:\/\/news.save.ch\/de\/#\/schema\/person\/d5022db048e0e2b9785c50e5b24da5aa","name":"Roger Str\u00e4ssle","image":{"@type":"ImageObject","inLanguage":"fr-FR","@id":"https:\/\/secure.gravatar.com\/avatar\/862a5569d087de48e5856e32f45d719a03804c891d6deb8d4f71a660e79e4a47?s=96&d=mm&r=g","url":"https:\/\/secure.gravatar.com\/avatar\/862a5569d087de48e5856e32f45d719a03804c891d6deb8d4f71a660e79e4a47?s=96&d=mm&r=g","contentUrl":"https:\/\/secure.gravatar.com\/avatar\/862a5569d087de48e5856e32f45d719a03804c891d6deb8d4f71a660e79e4a47?s=96&d=mm&r=g","caption":"Roger Str\u00e4ssle"},"url":"https:\/\/news.save.ch\/fr\/author\/roger-straessle\/"}]}},"_links":{"self":[{"href":"https:\/\/news.save.ch\/fr\/wp-json\/wp\/v2\/posts\/8638","targetHints":{"allow":["GET"]}}],"collection":[{"href":"https:\/\/news.save.ch\/fr\/wp-json\/wp\/v2\/posts"}],"about":[{"href":"https:\/\/news.save.ch\/fr\/wp-json\/wp\/v2\/types\/post"}],"author":[{"embeddable":true,"href":"https:\/\/news.save.ch\/fr\/wp-json\/wp\/v2\/users\/8"}],"replies":[{"embeddable":true,"href":"https:\/\/news.save.ch\/fr\/wp-json\/wp\/v2\/comments?post=8638"}],"version-history":[{"count":1,"href":"https:\/\/news.save.ch\/fr\/wp-json\/wp\/v2\/posts\/8638\/revisions"}],"predecessor-version":[{"id":17855,"href":"https:\/\/news.save.ch\/fr\/wp-json\/wp\/v2\/posts\/8638\/revisions\/17855"}],"wp:featuredmedia":[{"embeddable":true,"href":"https:\/\/news.save.ch\/fr\/wp-json\/wp\/v2\/media\/8639"}],"wp:attachment":[{"href":"https:\/\/news.save.ch\/fr\/wp-json\/wp\/v2\/media?parent=8638"}],"wp:term":[{"taxonomy":"category","embeddable":true,"href":"https:\/\/news.save.ch\/fr\/wp-json\/wp\/v2\/categories?post=8638"},{"taxonomy":"post_tag","embeddable":true,"href":"https:\/\/news.save.ch\/fr\/wp-json\/wp\/v2\/tags?post=8638"}],"curies":[{"name":"wp","href":"https:\/\/api.w.org\/{rel}","templated":true}]}}