{"id":8732,"date":"2019-09-26T17:39:24","date_gmt":"2019-09-26T15:39:24","guid":{"rendered":"https:\/\/news.save.ch\/?p=8732"},"modified":"2019-09-26T17:39:24","modified_gmt":"2019-09-26T15:39:24","slug":"dna-strafverfolgung-will-weitere-dna-merkmale-nutzen","status":null,"type":"post","link":"https:\/\/news.save.ch\/fr\/dna-strafverfolgung-will-weitere-dna-merkmale-nutzen\/","title":{"rendered":"Les forces de l'ordre veulent utiliser d'autres caract\u00e9ristiques ADN"},"content":{"rendered":"<p>&nbsp;<\/p>\n<figure id=\"attachment_8733\" aria-describedby=\"caption-attachment-8733\" style=\"width: 680px\" class=\"wp-caption aligncenter\"><img loading=\"lazy\" decoding=\"async\" class=\"wp-image-8733 size-medium\" src=\"https:\/\/news.save.ch\/wp-content\/uploads\/2019\/09\/Depositphotos_60843281_l-2015.jpg\" alt=\"ADN\" width=\"680\" height=\"453\" \/><figcaption id=\"caption-attachment-8733\" class=\"wp-caption-text\">depositphotos, paulistano<\/figcaption><\/figure>\n<p>Si des traces biologiques telles que des cheveux, du sang, etc. sont retrouv\u00e9es sur le lieu du crime, il est possible d'\u00e9tablir un profil ADN. Gr\u00e2ce au ph\u00e9notypage, il est aujourd'hui possible de d\u00e9terminer les caract\u00e9ristiques visibles d'une personne \u00e0 partir d'une trace d'ADN, comme l'\u00e9crit l'Office f\u00e9d\u00e9ral de la police (Fedpol). Ces nouvelles possibilit\u00e9s doivent \u00eatre utilis\u00e9es \u00e0 l'avenir pour combler une lacune dans les techniques d'enqu\u00eate. Aujourd'hui, seul le sexe peut \u00eatre d\u00e9termin\u00e9 \u00e0 partir d'une trace d'ADN en tant que caract\u00e9ristique personnelle. D\u00e9sormais, les autorit\u00e9s de poursuite p\u00e9nale souhaitent \u00e9galement d\u00e9terminer la couleur des yeux, des cheveux et de la peau, l'origine biog\u00e9ographique ainsi que l'\u00e2ge, car cela fournit de pr\u00e9cieuses indications pour le travail d'enqu\u00eate et de recherche. Selon Fedpol, cela permettrait, en combinaison avec des d\u00e9clarations de t\u00e9moins ou des analyses de donn\u00e9es num\u00e9riques, d'obtenir une image plus pr\u00e9cise de la personne recherch\u00e9e.<\/p>\n<p><strong>Les caract\u00e9ristiques ne doivent pas figurer dans la banque de donn\u00e9es ADN<\/strong><\/p>\n<p>Selon Fedpol, la m\u00e9thode ne doit \u00eatre utilis\u00e9e que pour les crimes, c'est-\u00e0-dire les infractions punies d'une peine d'emprisonnement de trois ans ou plus (p. ex. viol, meurtre, vol qualifi\u00e9, prise d'otage). La proc\u00e9dure n'est pas disponible pour les d\u00e9lits tels que les dommages mat\u00e9riels. Le r\u00e9sultat de l'analyse du ph\u00e9notypage ne peut \u00eatre utilis\u00e9 que dans le cadre d'une enqu\u00eate sur un cas concret et actuel. Il ne doit pas \u00eatre enregistr\u00e9 dans la banque de donn\u00e9es ADN, est-il express\u00e9ment pr\u00e9cis\u00e9. Le Conseil f\u00e9d\u00e9ral a r\u00e9cemment mis en consultation le projet d'adaptation de la loi sur les profils d'ADN. Le site <a href=\"https:\/\/www.ejpd.admin.ch\/ejpd\/de\/home\/aktuell\/news\/2019\/2019-08-28.html\">loi r\u00e9vis\u00e9e<\/a> Selon l'information, la loi sur la protection des donn\u00e9es d\u00e9finit quand il est possible d'analyser, \u00e0 partir d'une trace d'ADN, non seulement le sexe, mais aussi d'autres caract\u00e9ristiques ext\u00e9rieures d'une personne. En outre, la loi simplifie les d\u00e9lais d'effacement des profils d'ADN et r\u00e9glemente explicitement la comparaison d'une trace avec un lien de parent\u00e9. La consultation dure jusqu'au 30 novembre 2019.<\/p>\n<p>&nbsp;<\/p>\n<p>&nbsp;<\/p>\n<p>&nbsp;<\/p>\n<p>&nbsp;<\/p>","protected":false},"excerpt":{"rendered":"<p>&nbsp; Falls am Tatort biologisches Spurenmaterial wie Haare, Blut usw. sichergestellt werden kann, l\u00e4sst sich daraus ein DNA-Profil erstellen. Mit der sogenannten Ph\u00e4notypisierung ist es heute m\u00f6glich, aus einer DNA-Spur \u00e4usserlich sichtbare Merkmale einer Person herauszulesen, wie das Bundesamt f\u00fcr Polizei (Fedpol) schreibt. Diese neuen M\u00f6glichkeiten will man k\u00fcnftig nutzen k\u00f6nnen, um damit eine ermittlungstechnische [&hellip;]<\/p>\n","protected":false},"author":8,"featured_media":8733,"comment_status":"open","ping_status":"open","sticky":false,"template":"","format":"standard","meta":{"_acf_changed":false,"pgc_sgb_lightbox_settings":"","footnotes":""},"categories":[1],"tags":[536,537],"class_list":["post-8732","post","type-post","status-publish","format-standard","has-post-thumbnail","hentry","category-allgemein","tag-dna-profil","tag-strafverfolgung"],"acf":[],"hkrextid":null,"publication":null,"issue":null,"workflow":null,"startPage":null,"spitzmarke":null,"_posts_by_tag_page_fields":{"widget_title":"","widget_tags":""},"_at_widget":"1","_yoast_wpseo_primary_category":"1","_yoast_wpseo_focuskw_text_input":"DNA","_yoast_wpseo_opengraph-image":null,"_yoast_wpseo_opengraph-description":null,"_yoast_wpseo_opengraph-title":null,"enclosure":null,"_yoast_wpseo_twitter-title":null,"_yoast_wpseo_twitter-description":null,"_yoast_wpseo_twitter-image":null,"_wp_old_slug":null,"_yoast_wpseo_title":null,"_yoast_wpseo_canonical":null,"yoast_head":"<!-- This site is optimized with the Yoast SEO plugin v27.5 - https:\/\/yoast.com\/product\/yoast-seo-wordpress\/ -->\n<title>Strafverfolgung will weitere DNA-Merkmale nutzen - Save<\/title>\n<meta name=\"description\" content=\"Die Strafverfolgung soll k\u00fcnftig mehr Informationen aus einer DNA-Spur herauslesen d\u00fcrfen. Die entsprechende Gesetzes\u00e4nderung ist in Vernehmlassung.\" \/>\n<meta name=\"robots\" content=\"index, follow, max-snippet:-1, max-image-preview:large, max-video-preview:-1\" \/>\n<link rel=\"canonical\" href=\"https:\/\/news.save.ch\/fr\/dna-strafverfolgung-will-weitere-dna-merkmale-nutzen\/\" \/>\n<meta property=\"og:locale\" content=\"fr_FR\" \/>\n<meta property=\"og:type\" content=\"article\" \/>\n<meta property=\"og:title\" content=\"Strafverfolgung will weitere DNA-Merkmale nutzen - Save\" \/>\n<meta property=\"og:description\" content=\"Die Strafverfolgung soll k\u00fcnftig mehr Informationen aus einer DNA-Spur herauslesen d\u00fcrfen. Die entsprechende Gesetzes\u00e4nderung ist in Vernehmlassung.\" \/>\n<meta property=\"og:url\" content=\"https:\/\/news.save.ch\/fr\/dna-strafverfolgung-will-weitere-dna-merkmale-nutzen\/\" \/>\n<meta property=\"og:site_name\" content=\"Save\" \/>\n<meta property=\"article:published_time\" content=\"2019-09-26T15:39:24+00:00\" \/>\n<meta property=\"og:image\" content=\"https:\/\/news.save.ch\/wp-content\/uploads\/2019\/09\/Depositphotos_60843281_l-2015-scaled.jpg\" \/>\n\t<meta property=\"og:image:width\" content=\"1400\" \/>\n\t<meta property=\"og:image:height\" content=\"932\" \/>\n\t<meta property=\"og:image:type\" content=\"image\/jpeg\" \/>\n<meta name=\"author\" content=\"Roger Str\u00e4ssle\" \/>\n<meta name=\"twitter:card\" content=\"summary_large_image\" \/>\n<meta name=\"twitter:label1\" content=\"\u00c9crit par\" \/>\n\t<meta name=\"twitter:data1\" content=\"Roger Str\u00e4ssle\" \/>\n\t<meta name=\"twitter:label2\" content=\"Dur\u00e9e de lecture estim\u00e9e\" \/>\n\t<meta name=\"twitter:data2\" content=\"1 minute\" \/>\n<script type=\"application\/ld+json\" class=\"yoast-schema-graph\">{\"@context\":\"https:\\\/\\\/schema.org\",\"@graph\":[{\"@type\":\"Article\",\"@id\":\"https:\\\/\\\/news.save.ch\\\/dna-strafverfolgung-will-weitere-dna-merkmale-nutzen\\\/#article\",\"isPartOf\":{\"@id\":\"https:\\\/\\\/news.save.ch\\\/dna-strafverfolgung-will-weitere-dna-merkmale-nutzen\\\/\"},\"author\":{\"name\":\"Roger Str\u00e4ssle\",\"@id\":\"https:\\\/\\\/news.save.ch\\\/de\\\/#\\\/schema\\\/person\\\/d5022db048e0e2b9785c50e5b24da5aa\"},\"headline\":\"Strafverfolgung will weitere DNA-Merkmale nutzen\",\"datePublished\":\"2019-09-26T15:39:24+00:00\",\"mainEntityOfPage\":{\"@id\":\"https:\\\/\\\/news.save.ch\\\/dna-strafverfolgung-will-weitere-dna-merkmale-nutzen\\\/\"},\"wordCount\":298,\"commentCount\":0,\"publisher\":{\"@id\":\"https:\\\/\\\/news.save.ch\\\/de\\\/#organization\"},\"image\":{\"@id\":\"https:\\\/\\\/news.save.ch\\\/dna-strafverfolgung-will-weitere-dna-merkmale-nutzen\\\/#primaryimage\"},\"thumbnailUrl\":\"https:\\\/\\\/news.save.ch\\\/wp-content\\\/uploads\\\/2019\\\/09\\\/Depositphotos_60843281_l-2015-scaled.jpg\",\"keywords\":[\"DNA-Profil\",\"Strafverfolgung\"],\"articleSection\":[\"ALLGEMEIN\"],\"inLanguage\":\"fr-FR\"},{\"@type\":\"WebPage\",\"@id\":\"https:\\\/\\\/news.save.ch\\\/dna-strafverfolgung-will-weitere-dna-merkmale-nutzen\\\/\",\"url\":\"https:\\\/\\\/news.save.ch\\\/dna-strafverfolgung-will-weitere-dna-merkmale-nutzen\\\/\",\"name\":\"Strafverfolgung will weitere DNA-Merkmale nutzen - Save\",\"isPartOf\":{\"@id\":\"https:\\\/\\\/news.save.ch\\\/de\\\/#website\"},\"primaryImageOfPage\":{\"@id\":\"https:\\\/\\\/news.save.ch\\\/dna-strafverfolgung-will-weitere-dna-merkmale-nutzen\\\/#primaryimage\"},\"image\":{\"@id\":\"https:\\\/\\\/news.save.ch\\\/dna-strafverfolgung-will-weitere-dna-merkmale-nutzen\\\/#primaryimage\"},\"thumbnailUrl\":\"https:\\\/\\\/news.save.ch\\\/wp-content\\\/uploads\\\/2019\\\/09\\\/Depositphotos_60843281_l-2015-scaled.jpg\",\"datePublished\":\"2019-09-26T15:39:24+00:00\",\"description\":\"Die Strafverfolgung soll k\u00fcnftig mehr Informationen aus einer DNA-Spur herauslesen d\u00fcrfen. Die entsprechende Gesetzes\u00e4nderung ist in Vernehmlassung.\",\"breadcrumb\":{\"@id\":\"https:\\\/\\\/news.save.ch\\\/dna-strafverfolgung-will-weitere-dna-merkmale-nutzen\\\/#breadcrumb\"},\"inLanguage\":\"fr-FR\",\"potentialAction\":[{\"@type\":\"ReadAction\",\"target\":[\"https:\\\/\\\/news.save.ch\\\/dna-strafverfolgung-will-weitere-dna-merkmale-nutzen\\\/\"]}]},{\"@type\":\"ImageObject\",\"inLanguage\":\"fr-FR\",\"@id\":\"https:\\\/\\\/news.save.ch\\\/dna-strafverfolgung-will-weitere-dna-merkmale-nutzen\\\/#primaryimage\",\"url\":\"https:\\\/\\\/news.save.ch\\\/wp-content\\\/uploads\\\/2019\\\/09\\\/Depositphotos_60843281_l-2015-scaled.jpg\",\"contentUrl\":\"https:\\\/\\\/news.save.ch\\\/wp-content\\\/uploads\\\/2019\\\/09\\\/Depositphotos_60843281_l-2015-scaled.jpg\",\"width\":1400,\"height\":932,\"caption\":\"\u00a9 depositphotos, paulistano\"},{\"@type\":\"BreadcrumbList\",\"@id\":\"https:\\\/\\\/news.save.ch\\\/dna-strafverfolgung-will-weitere-dna-merkmale-nutzen\\\/#breadcrumb\",\"itemListElement\":[{\"@type\":\"ListItem\",\"position\":1,\"name\":\"Home\",\"item\":\"https:\\\/\\\/news.save.ch\\\/de\\\/\"},{\"@type\":\"ListItem\",\"position\":2,\"name\":\"Strafverfolgung will weitere DNA-Merkmale nutzen\"}]},{\"@type\":\"WebSite\",\"@id\":\"https:\\\/\\\/news.save.ch\\\/de\\\/#website\",\"url\":\"https:\\\/\\\/news.save.ch\\\/de\\\/\",\"name\":\"Save\",\"description\":\"Schweizer Fachzeitschrift f\u00fcr Sicherheit\",\"publisher\":{\"@id\":\"https:\\\/\\\/news.save.ch\\\/de\\\/#organization\"},\"potentialAction\":[{\"@type\":\"SearchAction\",\"target\":{\"@type\":\"EntryPoint\",\"urlTemplate\":\"https:\\\/\\\/news.save.ch\\\/de\\\/?s={search_term_string}\"},\"query-input\":{\"@type\":\"PropertyValueSpecification\",\"valueRequired\":true,\"valueName\":\"search_term_string\"}}],\"inLanguage\":\"fr-FR\"},{\"@type\":\"Organization\",\"@id\":\"https:\\\/\\\/news.save.ch\\\/de\\\/#organization\",\"name\":\"Sicherheitsforum\",\"url\":\"https:\\\/\\\/news.save.ch\\\/de\\\/\",\"logo\":{\"@type\":\"ImageObject\",\"inLanguage\":\"fr-FR\",\"@id\":\"https:\\\/\\\/news.save.ch\\\/de\\\/#\\\/schema\\\/logo\\\/image\\\/\",\"url\":\"https:\\\/\\\/news.save.ch\\\/wp-content\\\/uploads\\\/2022\\\/06\\\/Logo_SF_2012.png\",\"contentUrl\":\"https:\\\/\\\/news.save.ch\\\/wp-content\\\/uploads\\\/2022\\\/06\\\/Logo_SF_2012.png\",\"width\":1100,\"height\":91,\"caption\":\"Sicherheitsforum\"},\"image\":{\"@id\":\"https:\\\/\\\/news.save.ch\\\/de\\\/#\\\/schema\\\/logo\\\/image\\\/\"}},{\"@type\":\"Person\",\"@id\":\"https:\\\/\\\/news.save.ch\\\/de\\\/#\\\/schema\\\/person\\\/d5022db048e0e2b9785c50e5b24da5aa\",\"name\":\"Roger Str\u00e4ssle\",\"image\":{\"@type\":\"ImageObject\",\"inLanguage\":\"fr-FR\",\"@id\":\"https:\\\/\\\/secure.gravatar.com\\\/avatar\\\/862a5569d087de48e5856e32f45d719a03804c891d6deb8d4f71a660e79e4a47?s=96&d=mm&r=g\",\"url\":\"https:\\\/\\\/secure.gravatar.com\\\/avatar\\\/862a5569d087de48e5856e32f45d719a03804c891d6deb8d4f71a660e79e4a47?s=96&d=mm&r=g\",\"contentUrl\":\"https:\\\/\\\/secure.gravatar.com\\\/avatar\\\/862a5569d087de48e5856e32f45d719a03804c891d6deb8d4f71a660e79e4a47?s=96&d=mm&r=g\",\"caption\":\"Roger Str\u00e4ssle\"},\"url\":\"https:\\\/\\\/news.save.ch\\\/fr\\\/author\\\/roger-straessle\\\/\"}]}<\/script>\n<!-- \/ Yoast SEO plugin. -->","yoast_head_json":{"title":"Les forces de l'ordre veulent utiliser d'autres caract\u00e9ristiques ADN - Save","description":"A l'avenir, les poursuites p\u00e9nales devraient pouvoir extraire davantage d'informations d'une trace d'ADN. La modification de la loi correspondante est en consultation.","robots":{"index":"index","follow":"follow","max-snippet":"max-snippet:-1","max-image-preview":"max-image-preview:large","max-video-preview":"max-video-preview:-1"},"canonical":"https:\/\/news.save.ch\/fr\/dna-strafverfolgung-will-weitere-dna-merkmale-nutzen\/","og_locale":"fr_FR","og_type":"article","og_title":"Strafverfolgung will weitere DNA-Merkmale nutzen - Save","og_description":"Die Strafverfolgung soll k\u00fcnftig mehr Informationen aus einer DNA-Spur herauslesen d\u00fcrfen. Die entsprechende Gesetzes\u00e4nderung ist in Vernehmlassung.","og_url":"https:\/\/news.save.ch\/fr\/dna-strafverfolgung-will-weitere-dna-merkmale-nutzen\/","og_site_name":"Save","article_published_time":"2019-09-26T15:39:24+00:00","og_image":[{"width":1400,"height":932,"url":"https:\/\/news.save.ch\/wp-content\/uploads\/2019\/09\/Depositphotos_60843281_l-2015-scaled.jpg","type":"image\/jpeg"}],"author":"Roger Str\u00e4ssle","twitter_card":"summary_large_image","twitter_misc":{"\u00c9crit par":"Roger Str\u00e4ssle","Dur\u00e9e de lecture estim\u00e9e":"1 minute"},"schema":{"@context":"https:\/\/schema.org","@graph":[{"@type":"Article","@id":"https:\/\/news.save.ch\/dna-strafverfolgung-will-weitere-dna-merkmale-nutzen\/#article","isPartOf":{"@id":"https:\/\/news.save.ch\/dna-strafverfolgung-will-weitere-dna-merkmale-nutzen\/"},"author":{"name":"Roger Str\u00e4ssle","@id":"https:\/\/news.save.ch\/de\/#\/schema\/person\/d5022db048e0e2b9785c50e5b24da5aa"},"headline":"Strafverfolgung will weitere DNA-Merkmale nutzen","datePublished":"2019-09-26T15:39:24+00:00","mainEntityOfPage":{"@id":"https:\/\/news.save.ch\/dna-strafverfolgung-will-weitere-dna-merkmale-nutzen\/"},"wordCount":298,"commentCount":0,"publisher":{"@id":"https:\/\/news.save.ch\/de\/#organization"},"image":{"@id":"https:\/\/news.save.ch\/dna-strafverfolgung-will-weitere-dna-merkmale-nutzen\/#primaryimage"},"thumbnailUrl":"https:\/\/news.save.ch\/wp-content\/uploads\/2019\/09\/Depositphotos_60843281_l-2015-scaled.jpg","keywords":["DNA-Profil","Strafverfolgung"],"articleSection":["ALLGEMEIN"],"inLanguage":"fr-FR"},{"@type":"WebPage","@id":"https:\/\/news.save.ch\/dna-strafverfolgung-will-weitere-dna-merkmale-nutzen\/","url":"https:\/\/news.save.ch\/dna-strafverfolgung-will-weitere-dna-merkmale-nutzen\/","name":"Les forces de l'ordre veulent utiliser d'autres caract\u00e9ristiques ADN - Save","isPartOf":{"@id":"https:\/\/news.save.ch\/de\/#website"},"primaryImageOfPage":{"@id":"https:\/\/news.save.ch\/dna-strafverfolgung-will-weitere-dna-merkmale-nutzen\/#primaryimage"},"image":{"@id":"https:\/\/news.save.ch\/dna-strafverfolgung-will-weitere-dna-merkmale-nutzen\/#primaryimage"},"thumbnailUrl":"https:\/\/news.save.ch\/wp-content\/uploads\/2019\/09\/Depositphotos_60843281_l-2015-scaled.jpg","datePublished":"2019-09-26T15:39:24+00:00","description":"A l'avenir, les poursuites p\u00e9nales devraient pouvoir extraire davantage d'informations d'une trace d'ADN. La modification de la loi correspondante est en consultation.","breadcrumb":{"@id":"https:\/\/news.save.ch\/dna-strafverfolgung-will-weitere-dna-merkmale-nutzen\/#breadcrumb"},"inLanguage":"fr-FR","potentialAction":[{"@type":"ReadAction","target":["https:\/\/news.save.ch\/dna-strafverfolgung-will-weitere-dna-merkmale-nutzen\/"]}]},{"@type":"ImageObject","inLanguage":"fr-FR","@id":"https:\/\/news.save.ch\/dna-strafverfolgung-will-weitere-dna-merkmale-nutzen\/#primaryimage","url":"https:\/\/news.save.ch\/wp-content\/uploads\/2019\/09\/Depositphotos_60843281_l-2015-scaled.jpg","contentUrl":"https:\/\/news.save.ch\/wp-content\/uploads\/2019\/09\/Depositphotos_60843281_l-2015-scaled.jpg","width":1400,"height":932,"caption":"\u00a9 depositphotos, paulistano"},{"@type":"BreadcrumbList","@id":"https:\/\/news.save.ch\/dna-strafverfolgung-will-weitere-dna-merkmale-nutzen\/#breadcrumb","itemListElement":[{"@type":"ListItem","position":1,"name":"Home","item":"https:\/\/news.save.ch\/de\/"},{"@type":"ListItem","position":2,"name":"Strafverfolgung will weitere DNA-Merkmale nutzen"}]},{"@type":"WebSite","@id":"https:\/\/news.save.ch\/de\/#website","url":"https:\/\/news.save.ch\/de\/","name":"Save","description":"Revue suisse sp\u00e9cialis\u00e9e dans la s\u00e9curit\u00e9","publisher":{"@id":"https:\/\/news.save.ch\/de\/#organization"},"potentialAction":[{"@type":"SearchAction","target":{"@type":"EntryPoint","urlTemplate":"https:\/\/news.save.ch\/de\/?s={search_term_string}"},"query-input":{"@type":"PropertyValueSpecification","valueRequired":true,"valueName":"search_term_string"}}],"inLanguage":"fr-FR"},{"@type":"Organization","@id":"https:\/\/news.save.ch\/de\/#organization","name":"Forum sur la s\u00e9curit\u00e9","url":"https:\/\/news.save.ch\/de\/","logo":{"@type":"ImageObject","inLanguage":"fr-FR","@id":"https:\/\/news.save.ch\/de\/#\/schema\/logo\/image\/","url":"https:\/\/news.save.ch\/wp-content\/uploads\/2022\/06\/Logo_SF_2012.png","contentUrl":"https:\/\/news.save.ch\/wp-content\/uploads\/2022\/06\/Logo_SF_2012.png","width":1100,"height":91,"caption":"Sicherheitsforum"},"image":{"@id":"https:\/\/news.save.ch\/de\/#\/schema\/logo\/image\/"}},{"@type":"Person","@id":"https:\/\/news.save.ch\/de\/#\/schema\/person\/d5022db048e0e2b9785c50e5b24da5aa","name":"Roger Str\u00e4ssle","image":{"@type":"ImageObject","inLanguage":"fr-FR","@id":"https:\/\/secure.gravatar.com\/avatar\/862a5569d087de48e5856e32f45d719a03804c891d6deb8d4f71a660e79e4a47?s=96&d=mm&r=g","url":"https:\/\/secure.gravatar.com\/avatar\/862a5569d087de48e5856e32f45d719a03804c891d6deb8d4f71a660e79e4a47?s=96&d=mm&r=g","contentUrl":"https:\/\/secure.gravatar.com\/avatar\/862a5569d087de48e5856e32f45d719a03804c891d6deb8d4f71a660e79e4a47?s=96&d=mm&r=g","caption":"Roger Str\u00e4ssle"},"url":"https:\/\/news.save.ch\/fr\/author\/roger-straessle\/"}]}},"_links":{"self":[{"href":"https:\/\/news.save.ch\/fr\/wp-json\/wp\/v2\/posts\/8732","targetHints":{"allow":["GET"]}}],"collection":[{"href":"https:\/\/news.save.ch\/fr\/wp-json\/wp\/v2\/posts"}],"about":[{"href":"https:\/\/news.save.ch\/fr\/wp-json\/wp\/v2\/types\/post"}],"author":[{"embeddable":true,"href":"https:\/\/news.save.ch\/fr\/wp-json\/wp\/v2\/users\/8"}],"replies":[{"embeddable":true,"href":"https:\/\/news.save.ch\/fr\/wp-json\/wp\/v2\/comments?post=8732"}],"version-history":[{"count":0,"href":"https:\/\/news.save.ch\/fr\/wp-json\/wp\/v2\/posts\/8732\/revisions"}],"wp:featuredmedia":[{"embeddable":true,"href":"https:\/\/news.save.ch\/fr\/wp-json\/wp\/v2\/media\/8733"}],"wp:attachment":[{"href":"https:\/\/news.save.ch\/fr\/wp-json\/wp\/v2\/media?parent=8732"}],"wp:term":[{"taxonomy":"category","embeddable":true,"href":"https:\/\/news.save.ch\/fr\/wp-json\/wp\/v2\/categories?post=8732"},{"taxonomy":"post_tag","embeddable":true,"href":"https:\/\/news.save.ch\/fr\/wp-json\/wp\/v2\/tags?post=8732"}],"curies":[{"name":"wp","href":"https:\/\/api.w.org\/{rel}","templated":true}]}}