{"id":8758,"date":"2019-10-01T06:28:31","date_gmt":"2019-10-01T04:28:31","guid":{"rendered":"https:\/\/news.save.ch\/?p=8758"},"modified":"2019-10-01T06:28:31","modified_gmt":"2019-10-01T04:28:31","slug":"bundesasylzentren-mandate-fuer-sicherheitsdienstleistungen-vergeben","status":null,"type":"post","link":"https:\/\/news.save.ch\/fr\/bundesasylzentren-mandate-fuer-sicherheitsdienstleistungen-vergeben\/","title":{"rendered":"Centres f\u00e9d\u00e9raux d'asile : attribution de mandats pour des prestations de s\u00e9curit\u00e9"},"content":{"rendered":"<figure id=\"attachment_8759\" aria-describedby=\"caption-attachment-8759\" style=\"width: 680px\" class=\"wp-caption aligncenter\"><img loading=\"lazy\" decoding=\"async\" class=\"wp-image-8759 size-medium\" src=\"https:\/\/news.save.ch\/wp-content\/uploads\/2019\/10\/Depositphotos_97124196_l-2015-1.jpg\" alt=\"Services de s\u00e9curit\u00e9\" width=\"680\" height=\"454\" \/><figcaption id=\"caption-attachment-8759\" class=\"wp-caption-text\">\u00a9 depositphotos, Andrey Popov<\/figcaption><\/figure>\n<p>&nbsp;<\/p>\n<p>Pour quatre des six <a href=\"https:\/\/www.sem.admin.ch\/dam\/data\/sem\/aktuell\/news\/2019\/2019-10-01\/20191001-sicherheitsdienstleistungen-d.pdf\">En vrac<\/a> dans les b\u00e2timents et sur les sites (Inhouse), c'est Securitas SA qui a remport\u00e9 le march\u00e9, comme l'\u00e9crit le Secr\u00e9tariat d'Etat aux migrations (SEM). Les deux autres lots Inhouse ont \u00e9t\u00e9 attribu\u00e9s \u00e0 Protectas SA. Dans le domaine des patrouilles ext\u00e9rieures, outre Protectas (deux lots) et Securitas (deux lots), c'est d\u00e9sormais la Surveillance du trafic Suisse SA qui a remport\u00e9 deux lots.<\/p>\n<p>L'objet des mandats est, selon le SEM, les prestations de s\u00e9curit\u00e9 qui seront fournies dans les centres f\u00e9d\u00e9raux d'asile du 1er janvier 2020 au 31 d\u00e9cembre 2021. Ces mandats peuvent \u00eatre prolong\u00e9s en option deux fois de trois ans, au maximum jusqu'au 31 d\u00e9cembre 2027, pr\u00e9cise le communiqu\u00e9.<\/p>\n<p><strong>Catalogue des t\u00e2ches<\/strong><\/p>\n<p>Selon le SEM, les prestations de s\u00e9curit\u00e9 comprennent des t\u00e2ches importantes telles que les services de loge, de surveillance et de gardiennage. Il s'agit notamment d'assurer l'accueil des visiteurs, le contr\u00f4le des entr\u00e9es, le traitement des alarmes et l'utilisation des installations importantes pour la s\u00e9curit\u00e9. Dans le domaine des patrouilles ext\u00e9rieures, une pr\u00e9sence en uniforme permettrait de lutter pr\u00e9ventivement contre les probl\u00e8mes aux alentours des centres f\u00e9d\u00e9raux d'asile.<\/p>\n<p>La Conf\u00e9d\u00e9ration avait lanc\u00e9 un appel d'offres public pour ces mandats en juin 2019. Les soumissionnaires devaient notamment prouver leur capacit\u00e9 \u00e9conomique et financi\u00e8re et leur capacit\u00e9 d'organisation et d'exploitation, ainsi que l'exp\u00e9rience pertinente pour le mandat, les qualifications professionnelles et la formation et le perfectionnement ad\u00e9quats et permanents des collaborateurs. Les offres des partenaires contractuels ont convaincu par leur meilleur rapport qualit\u00e9-prix, comme le souligne le SEM.<\/p>\n<p><em>Source : Secr\u00e9tariat d'\u00c9tat aux migrations<\/em><\/p>","protected":false},"excerpt":{"rendered":"<p>&nbsp; F\u00fcr vier der sechs Lose in den Geb\u00e4uden und auf den Arealen (Inhouse) hat die Securitas AG den Zuschlag erhalten, wie das Staatssekretariat f\u00fcr Migration (SEM) schreibt. Die beiden anderen Inhouse-Lose wurden an die Protectas AG vergeben. Im Bereich der Aussenpatrouillen habe neben der Protectas (zwei Lose) und der Securitas (zwei Lose) neu auch [&hellip;]<\/p>\n","protected":false},"author":8,"featured_media":8759,"comment_status":"open","ping_status":"open","sticky":false,"template":"","format":"standard","meta":{"_acf_changed":false,"pgc_sgb_lightbox_settings":"","footnotes":""},"categories":[1],"tags":[522,65],"class_list":["post-8758","post","type-post","status-publish","format-standard","has-post-thumbnail","hentry","category-allgemein","tag-sicherheitsdienstleistungen","tag-unternehmen"],"acf":[],"hkrextid":null,"publication":null,"issue":null,"workflow":null,"startPage":null,"spitzmarke":null,"_posts_by_tag_page_fields":{"widget_title":"","widget_tags":""},"_at_widget":"1","_yoast_wpseo_primary_category":"1","_yoast_wpseo_focuskw_text_input":"Sicherheitsdienstleistungen","_yoast_wpseo_opengraph-image":null,"_yoast_wpseo_opengraph-description":null,"_yoast_wpseo_opengraph-title":null,"enclosure":null,"_yoast_wpseo_twitter-title":null,"_yoast_wpseo_twitter-description":null,"_yoast_wpseo_twitter-image":null,"_wp_old_slug":null,"_yoast_wpseo_title":null,"_yoast_wpseo_canonical":null,"yoast_head":"<!-- This site is optimized with the Yoast SEO plugin v27.5 - https:\/\/yoast.com\/product\/yoast-seo-wordpress\/ -->\n<title>Bundesasylzentren: Mandate f\u00fcr Sicherheitsdienstleistungen vergeben - Save<\/title>\n<meta name=\"description\" content=\"Das Staatssekretariat f\u00fcr Migration hat die Mandate f\u00fcr die Sicherheitsdienstleistungen in den Bundesasylzentren ab 1. Januar 2020 vergeben.\" \/>\n<meta name=\"robots\" content=\"index, follow, max-snippet:-1, max-image-preview:large, max-video-preview:-1\" \/>\n<link rel=\"canonical\" href=\"https:\/\/news.save.ch\/fr\/bundesasylzentren-mandate-fuer-sicherheitsdienstleistungen-vergeben\/\" \/>\n<meta property=\"og:locale\" content=\"fr_FR\" \/>\n<meta property=\"og:type\" content=\"article\" \/>\n<meta property=\"og:title\" content=\"Bundesasylzentren: Mandate f\u00fcr Sicherheitsdienstleistungen vergeben - Save\" \/>\n<meta property=\"og:description\" content=\"Das Staatssekretariat f\u00fcr Migration hat die Mandate f\u00fcr die Sicherheitsdienstleistungen in den Bundesasylzentren ab 1. Januar 2020 vergeben.\" \/>\n<meta property=\"og:url\" content=\"https:\/\/news.save.ch\/fr\/bundesasylzentren-mandate-fuer-sicherheitsdienstleistungen-vergeben\/\" \/>\n<meta property=\"og:site_name\" content=\"Save\" \/>\n<meta property=\"article:published_time\" content=\"2019-10-01T04:28:31+00:00\" \/>\n<meta property=\"og:image\" content=\"https:\/\/news.save.ch\/wp-content\/uploads\/2019\/10\/Depositphotos_97124196_l-2015-1-scaled.jpg\" \/>\n\t<meta property=\"og:image:width\" content=\"1400\" \/>\n\t<meta property=\"og:image:height\" content=\"935\" \/>\n\t<meta property=\"og:image:type\" content=\"image\/jpeg\" \/>\n<meta name=\"author\" content=\"Roger Str\u00e4ssle\" \/>\n<meta name=\"twitter:card\" content=\"summary_large_image\" \/>\n<meta name=\"twitter:label1\" content=\"\u00c9crit par\" \/>\n\t<meta name=\"twitter:data1\" content=\"Roger Str\u00e4ssle\" \/>\n\t<meta name=\"twitter:label2\" content=\"Dur\u00e9e de lecture estim\u00e9e\" \/>\n\t<meta name=\"twitter:data2\" content=\"1 minute\" \/>\n<script type=\"application\/ld+json\" class=\"yoast-schema-graph\">{\"@context\":\"https:\\\/\\\/schema.org\",\"@graph\":[{\"@type\":\"Article\",\"@id\":\"https:\\\/\\\/news.save.ch\\\/bundesasylzentren-mandate-fuer-sicherheitsdienstleistungen-vergeben\\\/#article\",\"isPartOf\":{\"@id\":\"https:\\\/\\\/news.save.ch\\\/bundesasylzentren-mandate-fuer-sicherheitsdienstleistungen-vergeben\\\/\"},\"author\":{\"name\":\"Roger Str\u00e4ssle\",\"@id\":\"https:\\\/\\\/news.save.ch\\\/de\\\/#\\\/schema\\\/person\\\/d5022db048e0e2b9785c50e5b24da5aa\"},\"headline\":\"Bundesasylzentren: Mandate f\u00fcr Sicherheitsdienstleistungen vergeben\",\"datePublished\":\"2019-10-01T04:28:31+00:00\",\"mainEntityOfPage\":{\"@id\":\"https:\\\/\\\/news.save.ch\\\/bundesasylzentren-mandate-fuer-sicherheitsdienstleistungen-vergeben\\\/\"},\"wordCount\":233,\"commentCount\":0,\"publisher\":{\"@id\":\"https:\\\/\\\/news.save.ch\\\/de\\\/#organization\"},\"image\":{\"@id\":\"https:\\\/\\\/news.save.ch\\\/bundesasylzentren-mandate-fuer-sicherheitsdienstleistungen-vergeben\\\/#primaryimage\"},\"thumbnailUrl\":\"https:\\\/\\\/news.save.ch\\\/wp-content\\\/uploads\\\/2019\\\/10\\\/Depositphotos_97124196_l-2015-1-scaled.jpg\",\"keywords\":[\"Sicherheitsdienstleistungen\",\"Unternehmen\"],\"articleSection\":[\"ALLGEMEIN\"],\"inLanguage\":\"fr-FR\"},{\"@type\":\"WebPage\",\"@id\":\"https:\\\/\\\/news.save.ch\\\/bundesasylzentren-mandate-fuer-sicherheitsdienstleistungen-vergeben\\\/\",\"url\":\"https:\\\/\\\/news.save.ch\\\/bundesasylzentren-mandate-fuer-sicherheitsdienstleistungen-vergeben\\\/\",\"name\":\"Bundesasylzentren: Mandate f\u00fcr Sicherheitsdienstleistungen vergeben - Save\",\"isPartOf\":{\"@id\":\"https:\\\/\\\/news.save.ch\\\/de\\\/#website\"},\"primaryImageOfPage\":{\"@id\":\"https:\\\/\\\/news.save.ch\\\/bundesasylzentren-mandate-fuer-sicherheitsdienstleistungen-vergeben\\\/#primaryimage\"},\"image\":{\"@id\":\"https:\\\/\\\/news.save.ch\\\/bundesasylzentren-mandate-fuer-sicherheitsdienstleistungen-vergeben\\\/#primaryimage\"},\"thumbnailUrl\":\"https:\\\/\\\/news.save.ch\\\/wp-content\\\/uploads\\\/2019\\\/10\\\/Depositphotos_97124196_l-2015-1-scaled.jpg\",\"datePublished\":\"2019-10-01T04:28:31+00:00\",\"description\":\"Das Staatssekretariat f\u00fcr Migration hat die Mandate f\u00fcr die Sicherheitsdienstleistungen in den Bundesasylzentren ab 1. Januar 2020 vergeben.\",\"breadcrumb\":{\"@id\":\"https:\\\/\\\/news.save.ch\\\/bundesasylzentren-mandate-fuer-sicherheitsdienstleistungen-vergeben\\\/#breadcrumb\"},\"inLanguage\":\"fr-FR\",\"potentialAction\":[{\"@type\":\"ReadAction\",\"target\":[\"https:\\\/\\\/news.save.ch\\\/bundesasylzentren-mandate-fuer-sicherheitsdienstleistungen-vergeben\\\/\"]}]},{\"@type\":\"ImageObject\",\"inLanguage\":\"fr-FR\",\"@id\":\"https:\\\/\\\/news.save.ch\\\/bundesasylzentren-mandate-fuer-sicherheitsdienstleistungen-vergeben\\\/#primaryimage\",\"url\":\"https:\\\/\\\/news.save.ch\\\/wp-content\\\/uploads\\\/2019\\\/10\\\/Depositphotos_97124196_l-2015-1-scaled.jpg\",\"contentUrl\":\"https:\\\/\\\/news.save.ch\\\/wp-content\\\/uploads\\\/2019\\\/10\\\/Depositphotos_97124196_l-2015-1-scaled.jpg\",\"width\":1400,\"height\":935,\"caption\":\"\u00a9 depositphotos, AndreyPopov\"},{\"@type\":\"BreadcrumbList\",\"@id\":\"https:\\\/\\\/news.save.ch\\\/bundesasylzentren-mandate-fuer-sicherheitsdienstleistungen-vergeben\\\/#breadcrumb\",\"itemListElement\":[{\"@type\":\"ListItem\",\"position\":1,\"name\":\"Home\",\"item\":\"https:\\\/\\\/news.save.ch\\\/de\\\/\"},{\"@type\":\"ListItem\",\"position\":2,\"name\":\"Bundesasylzentren: Mandate f\u00fcr Sicherheitsdienstleistungen vergeben\"}]},{\"@type\":\"WebSite\",\"@id\":\"https:\\\/\\\/news.save.ch\\\/de\\\/#website\",\"url\":\"https:\\\/\\\/news.save.ch\\\/de\\\/\",\"name\":\"Save\",\"description\":\"Schweizer Fachzeitschrift f\u00fcr Sicherheit\",\"publisher\":{\"@id\":\"https:\\\/\\\/news.save.ch\\\/de\\\/#organization\"},\"potentialAction\":[{\"@type\":\"SearchAction\",\"target\":{\"@type\":\"EntryPoint\",\"urlTemplate\":\"https:\\\/\\\/news.save.ch\\\/de\\\/?s={search_term_string}\"},\"query-input\":{\"@type\":\"PropertyValueSpecification\",\"valueRequired\":true,\"valueName\":\"search_term_string\"}}],\"inLanguage\":\"fr-FR\"},{\"@type\":\"Organization\",\"@id\":\"https:\\\/\\\/news.save.ch\\\/de\\\/#organization\",\"name\":\"Sicherheitsforum\",\"url\":\"https:\\\/\\\/news.save.ch\\\/de\\\/\",\"logo\":{\"@type\":\"ImageObject\",\"inLanguage\":\"fr-FR\",\"@id\":\"https:\\\/\\\/news.save.ch\\\/de\\\/#\\\/schema\\\/logo\\\/image\\\/\",\"url\":\"https:\\\/\\\/news.save.ch\\\/wp-content\\\/uploads\\\/2022\\\/06\\\/Logo_SF_2012.png\",\"contentUrl\":\"https:\\\/\\\/news.save.ch\\\/wp-content\\\/uploads\\\/2022\\\/06\\\/Logo_SF_2012.png\",\"width\":1100,\"height\":91,\"caption\":\"Sicherheitsforum\"},\"image\":{\"@id\":\"https:\\\/\\\/news.save.ch\\\/de\\\/#\\\/schema\\\/logo\\\/image\\\/\"}},{\"@type\":\"Person\",\"@id\":\"https:\\\/\\\/news.save.ch\\\/de\\\/#\\\/schema\\\/person\\\/d5022db048e0e2b9785c50e5b24da5aa\",\"name\":\"Roger Str\u00e4ssle\",\"image\":{\"@type\":\"ImageObject\",\"inLanguage\":\"fr-FR\",\"@id\":\"https:\\\/\\\/secure.gravatar.com\\\/avatar\\\/862a5569d087de48e5856e32f45d719a03804c891d6deb8d4f71a660e79e4a47?s=96&d=mm&r=g\",\"url\":\"https:\\\/\\\/secure.gravatar.com\\\/avatar\\\/862a5569d087de48e5856e32f45d719a03804c891d6deb8d4f71a660e79e4a47?s=96&d=mm&r=g\",\"contentUrl\":\"https:\\\/\\\/secure.gravatar.com\\\/avatar\\\/862a5569d087de48e5856e32f45d719a03804c891d6deb8d4f71a660e79e4a47?s=96&d=mm&r=g\",\"caption\":\"Roger Str\u00e4ssle\"},\"url\":\"https:\\\/\\\/news.save.ch\\\/fr\\\/author\\\/roger-straessle\\\/\"}]}<\/script>\n<!-- \/ Yoast SEO plugin. -->","yoast_head_json":{"title":"Centres f\u00e9d\u00e9raux d'asile : attribution de mandats de prestations de s\u00e9curit\u00e9 - Save","description":"Le Secr\u00e9tariat d'Etat aux migrations a attribu\u00e9 les mandats pour les prestations de s\u00e9curit\u00e9 dans les centres f\u00e9d\u00e9raux d'asile \u00e0 partir du 1er janvier 2020.","robots":{"index":"index","follow":"follow","max-snippet":"max-snippet:-1","max-image-preview":"max-image-preview:large","max-video-preview":"max-video-preview:-1"},"canonical":"https:\/\/news.save.ch\/fr\/bundesasylzentren-mandate-fuer-sicherheitsdienstleistungen-vergeben\/","og_locale":"fr_FR","og_type":"article","og_title":"Bundesasylzentren: Mandate f\u00fcr Sicherheitsdienstleistungen vergeben - Save","og_description":"Das Staatssekretariat f\u00fcr Migration hat die Mandate f\u00fcr die Sicherheitsdienstleistungen in den Bundesasylzentren ab 1. Januar 2020 vergeben.","og_url":"https:\/\/news.save.ch\/fr\/bundesasylzentren-mandate-fuer-sicherheitsdienstleistungen-vergeben\/","og_site_name":"Save","article_published_time":"2019-10-01T04:28:31+00:00","og_image":[{"width":1400,"height":935,"url":"https:\/\/news.save.ch\/wp-content\/uploads\/2019\/10\/Depositphotos_97124196_l-2015-1-scaled.jpg","type":"image\/jpeg"}],"author":"Roger Str\u00e4ssle","twitter_card":"summary_large_image","twitter_misc":{"\u00c9crit par":"Roger Str\u00e4ssle","Dur\u00e9e de lecture estim\u00e9e":"1 minute"},"schema":{"@context":"https:\/\/schema.org","@graph":[{"@type":"Article","@id":"https:\/\/news.save.ch\/bundesasylzentren-mandate-fuer-sicherheitsdienstleistungen-vergeben\/#article","isPartOf":{"@id":"https:\/\/news.save.ch\/bundesasylzentren-mandate-fuer-sicherheitsdienstleistungen-vergeben\/"},"author":{"name":"Roger Str\u00e4ssle","@id":"https:\/\/news.save.ch\/de\/#\/schema\/person\/d5022db048e0e2b9785c50e5b24da5aa"},"headline":"Bundesasylzentren: Mandate f\u00fcr Sicherheitsdienstleistungen vergeben","datePublished":"2019-10-01T04:28:31+00:00","mainEntityOfPage":{"@id":"https:\/\/news.save.ch\/bundesasylzentren-mandate-fuer-sicherheitsdienstleistungen-vergeben\/"},"wordCount":233,"commentCount":0,"publisher":{"@id":"https:\/\/news.save.ch\/de\/#organization"},"image":{"@id":"https:\/\/news.save.ch\/bundesasylzentren-mandate-fuer-sicherheitsdienstleistungen-vergeben\/#primaryimage"},"thumbnailUrl":"https:\/\/news.save.ch\/wp-content\/uploads\/2019\/10\/Depositphotos_97124196_l-2015-1-scaled.jpg","keywords":["Sicherheitsdienstleistungen","Unternehmen"],"articleSection":["ALLGEMEIN"],"inLanguage":"fr-FR"},{"@type":"WebPage","@id":"https:\/\/news.save.ch\/bundesasylzentren-mandate-fuer-sicherheitsdienstleistungen-vergeben\/","url":"https:\/\/news.save.ch\/bundesasylzentren-mandate-fuer-sicherheitsdienstleistungen-vergeben\/","name":"Centres f\u00e9d\u00e9raux d'asile : attribution de mandats de prestations de s\u00e9curit\u00e9 - Save","isPartOf":{"@id":"https:\/\/news.save.ch\/de\/#website"},"primaryImageOfPage":{"@id":"https:\/\/news.save.ch\/bundesasylzentren-mandate-fuer-sicherheitsdienstleistungen-vergeben\/#primaryimage"},"image":{"@id":"https:\/\/news.save.ch\/bundesasylzentren-mandate-fuer-sicherheitsdienstleistungen-vergeben\/#primaryimage"},"thumbnailUrl":"https:\/\/news.save.ch\/wp-content\/uploads\/2019\/10\/Depositphotos_97124196_l-2015-1-scaled.jpg","datePublished":"2019-10-01T04:28:31+00:00","description":"Le Secr\u00e9tariat d'Etat aux migrations a attribu\u00e9 les mandats pour les prestations de s\u00e9curit\u00e9 dans les centres f\u00e9d\u00e9raux d'asile \u00e0 partir du 1er janvier 2020.","breadcrumb":{"@id":"https:\/\/news.save.ch\/bundesasylzentren-mandate-fuer-sicherheitsdienstleistungen-vergeben\/#breadcrumb"},"inLanguage":"fr-FR","potentialAction":[{"@type":"ReadAction","target":["https:\/\/news.save.ch\/bundesasylzentren-mandate-fuer-sicherheitsdienstleistungen-vergeben\/"]}]},{"@type":"ImageObject","inLanguage":"fr-FR","@id":"https:\/\/news.save.ch\/bundesasylzentren-mandate-fuer-sicherheitsdienstleistungen-vergeben\/#primaryimage","url":"https:\/\/news.save.ch\/wp-content\/uploads\/2019\/10\/Depositphotos_97124196_l-2015-1-scaled.jpg","contentUrl":"https:\/\/news.save.ch\/wp-content\/uploads\/2019\/10\/Depositphotos_97124196_l-2015-1-scaled.jpg","width":1400,"height":935,"caption":"\u00a9 depositphotos, AndreyPopov"},{"@type":"BreadcrumbList","@id":"https:\/\/news.save.ch\/bundesasylzentren-mandate-fuer-sicherheitsdienstleistungen-vergeben\/#breadcrumb","itemListElement":[{"@type":"ListItem","position":1,"name":"Home","item":"https:\/\/news.save.ch\/de\/"},{"@type":"ListItem","position":2,"name":"Bundesasylzentren: Mandate f\u00fcr Sicherheitsdienstleistungen vergeben"}]},{"@type":"WebSite","@id":"https:\/\/news.save.ch\/de\/#website","url":"https:\/\/news.save.ch\/de\/","name":"Save","description":"Revue suisse sp\u00e9cialis\u00e9e dans la s\u00e9curit\u00e9","publisher":{"@id":"https:\/\/news.save.ch\/de\/#organization"},"potentialAction":[{"@type":"SearchAction","target":{"@type":"EntryPoint","urlTemplate":"https:\/\/news.save.ch\/de\/?s={search_term_string}"},"query-input":{"@type":"PropertyValueSpecification","valueRequired":true,"valueName":"search_term_string"}}],"inLanguage":"fr-FR"},{"@type":"Organization","@id":"https:\/\/news.save.ch\/de\/#organization","name":"Forum sur la s\u00e9curit\u00e9","url":"https:\/\/news.save.ch\/de\/","logo":{"@type":"ImageObject","inLanguage":"fr-FR","@id":"https:\/\/news.save.ch\/de\/#\/schema\/logo\/image\/","url":"https:\/\/news.save.ch\/wp-content\/uploads\/2022\/06\/Logo_SF_2012.png","contentUrl":"https:\/\/news.save.ch\/wp-content\/uploads\/2022\/06\/Logo_SF_2012.png","width":1100,"height":91,"caption":"Sicherheitsforum"},"image":{"@id":"https:\/\/news.save.ch\/de\/#\/schema\/logo\/image\/"}},{"@type":"Person","@id":"https:\/\/news.save.ch\/de\/#\/schema\/person\/d5022db048e0e2b9785c50e5b24da5aa","name":"Roger Str\u00e4ssle","image":{"@type":"ImageObject","inLanguage":"fr-FR","@id":"https:\/\/secure.gravatar.com\/avatar\/862a5569d087de48e5856e32f45d719a03804c891d6deb8d4f71a660e79e4a47?s=96&d=mm&r=g","url":"https:\/\/secure.gravatar.com\/avatar\/862a5569d087de48e5856e32f45d719a03804c891d6deb8d4f71a660e79e4a47?s=96&d=mm&r=g","contentUrl":"https:\/\/secure.gravatar.com\/avatar\/862a5569d087de48e5856e32f45d719a03804c891d6deb8d4f71a660e79e4a47?s=96&d=mm&r=g","caption":"Roger Str\u00e4ssle"},"url":"https:\/\/news.save.ch\/fr\/author\/roger-straessle\/"}]}},"_links":{"self":[{"href":"https:\/\/news.save.ch\/fr\/wp-json\/wp\/v2\/posts\/8758","targetHints":{"allow":["GET"]}}],"collection":[{"href":"https:\/\/news.save.ch\/fr\/wp-json\/wp\/v2\/posts"}],"about":[{"href":"https:\/\/news.save.ch\/fr\/wp-json\/wp\/v2\/types\/post"}],"author":[{"embeddable":true,"href":"https:\/\/news.save.ch\/fr\/wp-json\/wp\/v2\/users\/8"}],"replies":[{"embeddable":true,"href":"https:\/\/news.save.ch\/fr\/wp-json\/wp\/v2\/comments?post=8758"}],"version-history":[{"count":0,"href":"https:\/\/news.save.ch\/fr\/wp-json\/wp\/v2\/posts\/8758\/revisions"}],"wp:featuredmedia":[{"embeddable":true,"href":"https:\/\/news.save.ch\/fr\/wp-json\/wp\/v2\/media\/8759"}],"wp:attachment":[{"href":"https:\/\/news.save.ch\/fr\/wp-json\/wp\/v2\/media?parent=8758"}],"wp:term":[{"taxonomy":"category","embeddable":true,"href":"https:\/\/news.save.ch\/fr\/wp-json\/wp\/v2\/categories?post=8758"},{"taxonomy":"post_tag","embeddable":true,"href":"https:\/\/news.save.ch\/fr\/wp-json\/wp\/v2\/tags?post=8758"}],"curies":[{"name":"wp","href":"https:\/\/api.w.org\/{rel}","templated":true}]}}