{"id":8777,"date":"2019-10-03T13:15:54","date_gmt":"2019-10-03T11:15:54","guid":{"rendered":"https:\/\/news.save.ch\/?p=8777"},"modified":"2019-10-03T13:15:54","modified_gmt":"2019-10-03T11:15:54","slug":"securitas-verstaerkt-mit-uebernahme-praesenz-in-der-westschweiz","status":null,"type":"post","link":"https:\/\/news.save.ch\/fr\/securitas-verstaerkt-mit-uebernahme-praesenz-in-der-westschweiz\/","title":{"rendered":"Securitas renforce sa pr\u00e9sence en Suisse romande gr\u00e2ce \u00e0 une acquisition"},"content":{"rendered":"<figure id=\"attachment_8778\" aria-describedby=\"caption-attachment-8778\" style=\"width: 680px\" class=\"wp-caption aligncenter\"><img loading=\"lazy\" decoding=\"async\" class=\"wp-image-8778 size-medium\" src=\"https:\/\/news.save.ch\/wp-content\/uploads\/2019\/10\/Depositphotos_151248194_l-2015.jpg\" alt=\"Reprise\" width=\"680\" height=\"454\" \/><figcaption id=\"caption-attachment-8778\" class=\"wp-caption-text\">\u00a9 depositphotos, DmitryPoch<\/figcaption><\/figure>\n<p>Du point de vue de Jean-Pierre Grangier, fondateur de <a href=\"https:\/\/www.etrinex.com\/\">Etrinex<\/a>L'acquisition est une \u00e9tape importante dans le d\u00e9veloppement de l'entreprise qui, depuis sa cr\u00e9ation en 2001, n'a cess\u00e9 de cro\u00eetre et emploie aujourd'hui 11 personnes. \"L'association avec un groupe d'entreprises solide \u00e9tait n\u00e9cessaire pour assurer le succ\u00e8s et le d\u00e9veloppement de notre soci\u00e9t\u00e9\", explique Grangier. Le fondateur de l'entreprise se retire des affaires op\u00e9rationnelles pour se concentrer sur un r\u00f4le de conseiller pour l'entreprise.<\/p>\n<p>Pierre Comte, qui assume la pr\u00e9sidence du conseil d'administration et la direction op\u00e9rationnelle, ajoute : \"En collaborant avec le Groupe Securitas, Etrinex SA offre une solution durable \u00e0 ses clients et \u00e0 ses collaborateurs. En m\u00eame temps, la soci\u00e9t\u00e9 b\u00e9n\u00e9ficiera de synergies en termes de soutien administratif, de performance et de r\u00e9putation, et poursuivra son d\u00e9veloppement\".<\/p>\n<p><strong>\u00a0<\/strong><strong>En mains familiales<\/strong><\/p>\n<p>Le Groupe Securitas mettra tout en \u0153uvre pour que l'entreprise de Bulle puisse continuer \u00e0 se d\u00e9velopper en tant qu'entreprise ind\u00e9pendante avec le soutien de Securitas, d\u00e9clare Armin Berchtold, CEO du Groupe Securitas. Ce qui distingue les deux entreprises suisses en mains familiales, c'est certainement l'excellente r\u00e9putation dont elles jouissent toutes deux. Toutes deux s'appuient sur des valeurs humaines, de sorte que l'on peut envisager l'avenir commun avec confiance, ajoute Armin Berchtold.<\/p>\n<p><em>Source : <a href=\"https:\/\/www.securitas.ch\/ueber-uns\/die-securitas-gruppe.html\">Groupe Securitas<\/a><\/em><\/p>\n<p>&nbsp;<\/p>\n<p>&nbsp;<\/p>","protected":false},"excerpt":{"rendered":"<p>Aus der Warte von Jean-Pierre Grangier, Gr\u00fcnder von Etrinex, handelt es sich bei der\u00a0\u00dcbernahme um einen Meilenstein in der Entwicklung der Firma, die seit ihrem Entstehen im Jahr 2001 stetig gewachsen ist und heute 11 Mitarbeitende besch\u00e4ftigt. \u00abDie Verbindung mit einer starken Unternehmensgruppe wurde n\u00f6tig, um den Erfolg und die Weiterentwicklung unserer Firma zu sichern\u00bb, [&hellip;]<\/p>\n","protected":false},"author":8,"featured_media":8778,"comment_status":"open","ping_status":"open","sticky":false,"template":"","format":"standard","meta":{"_acf_changed":false,"pgc_sgb_lightbox_settings":"","footnotes":""},"categories":[1],"tags":[79],"class_list":["post-8777","post","type-post","status-publish","format-standard","has-post-thumbnail","hentry","category-allgemein","tag-uebernahme"],"acf":[],"hkrextid":null,"publication":null,"issue":null,"workflow":null,"startPage":null,"spitzmarke":null,"_posts_by_tag_page_fields":{"widget_title":"","widget_tags":""},"_at_widget":"1","_yoast_wpseo_primary_category":"1","_yoast_wpseo_focuskw_text_input":"\u00dcbernahme","_yoast_wpseo_opengraph-image":null,"_yoast_wpseo_opengraph-description":null,"_yoast_wpseo_opengraph-title":null,"enclosure":null,"_yoast_wpseo_twitter-title":null,"_yoast_wpseo_twitter-description":null,"_yoast_wpseo_twitter-image":null,"_wp_old_slug":null,"_yoast_wpseo_title":null,"_yoast_wpseo_canonical":null,"yoast_head":"<!-- This site is optimized with the Yoast SEO plugin v27.5 - https:\/\/yoast.com\/product\/yoast-seo-wordpress\/ -->\n<title>Securitas verst\u00e4rkt mit \u00dcbernahme ihre Pr\u00e4senz in der Westschweiz - Save<\/title>\n<meta name=\"description\" content=\"Die Securitas Gruppe hat das Sicherheitsunternehmen Etrinex SA in Bulle \u00fcbernommen. Das Unternehmen ist in der ganzen Westschweiz aktiv.\" \/>\n<meta name=\"robots\" content=\"index, follow, max-snippet:-1, max-image-preview:large, max-video-preview:-1\" \/>\n<link rel=\"canonical\" href=\"https:\/\/news.save.ch\/fr\/securitas-verstaerkt-mit-uebernahme-praesenz-in-der-westschweiz\/\" \/>\n<meta property=\"og:locale\" content=\"fr_FR\" \/>\n<meta property=\"og:type\" content=\"article\" \/>\n<meta property=\"og:title\" content=\"Securitas verst\u00e4rkt mit \u00dcbernahme ihre Pr\u00e4senz in der Westschweiz - Save\" \/>\n<meta property=\"og:description\" content=\"Die Securitas Gruppe hat das Sicherheitsunternehmen Etrinex SA in Bulle \u00fcbernommen. Das Unternehmen ist in der ganzen Westschweiz aktiv.\" \/>\n<meta property=\"og:url\" content=\"https:\/\/news.save.ch\/fr\/securitas-verstaerkt-mit-uebernahme-praesenz-in-der-westschweiz\/\" \/>\n<meta property=\"og:site_name\" content=\"Save\" \/>\n<meta property=\"article:published_time\" content=\"2019-10-03T11:15:54+00:00\" \/>\n<meta property=\"og:image\" content=\"https:\/\/news.save.ch\/wp-content\/uploads\/2019\/10\/Depositphotos_151248194_l-2015-scaled.jpg\" \/>\n\t<meta property=\"og:image:width\" content=\"1400\" \/>\n\t<meta property=\"og:image:height\" content=\"935\" \/>\n\t<meta property=\"og:image:type\" content=\"image\/jpeg\" \/>\n<meta name=\"author\" content=\"Roger Str\u00e4ssle\" \/>\n<meta name=\"twitter:card\" content=\"summary_large_image\" \/>\n<meta name=\"twitter:label1\" content=\"\u00c9crit par\" \/>\n\t<meta name=\"twitter:data1\" content=\"Roger Str\u00e4ssle\" \/>\n\t<meta name=\"twitter:label2\" content=\"Dur\u00e9e de lecture estim\u00e9e\" \/>\n\t<meta name=\"twitter:data2\" content=\"1 minute\" \/>\n<script type=\"application\/ld+json\" class=\"yoast-schema-graph\">{\"@context\":\"https:\\\/\\\/schema.org\",\"@graph\":[{\"@type\":\"Article\",\"@id\":\"https:\\\/\\\/news.save.ch\\\/securitas-verstaerkt-mit-uebernahme-praesenz-in-der-westschweiz\\\/#article\",\"isPartOf\":{\"@id\":\"https:\\\/\\\/news.save.ch\\\/securitas-verstaerkt-mit-uebernahme-praesenz-in-der-westschweiz\\\/\"},\"author\":{\"name\":\"Roger Str\u00e4ssle\",\"@id\":\"https:\\\/\\\/news.save.ch\\\/de\\\/#\\\/schema\\\/person\\\/d5022db048e0e2b9785c50e5b24da5aa\"},\"headline\":\"Securitas verst\u00e4rkt mit \u00dcbernahme ihre Pr\u00e4senz in der Westschweiz\",\"datePublished\":\"2019-10-03T11:15:54+00:00\",\"mainEntityOfPage\":{\"@id\":\"https:\\\/\\\/news.save.ch\\\/securitas-verstaerkt-mit-uebernahme-praesenz-in-der-westschweiz\\\/\"},\"wordCount\":234,\"commentCount\":0,\"publisher\":{\"@id\":\"https:\\\/\\\/news.save.ch\\\/de\\\/#organization\"},\"image\":{\"@id\":\"https:\\\/\\\/news.save.ch\\\/securitas-verstaerkt-mit-uebernahme-praesenz-in-der-westschweiz\\\/#primaryimage\"},\"thumbnailUrl\":\"https:\\\/\\\/news.save.ch\\\/wp-content\\\/uploads\\\/2019\\\/10\\\/Depositphotos_151248194_l-2015-scaled.jpg\",\"keywords\":[\"\u00dcbernahme\"],\"articleSection\":[\"ALLGEMEIN\"],\"inLanguage\":\"fr-FR\"},{\"@type\":\"WebPage\",\"@id\":\"https:\\\/\\\/news.save.ch\\\/securitas-verstaerkt-mit-uebernahme-praesenz-in-der-westschweiz\\\/\",\"url\":\"https:\\\/\\\/news.save.ch\\\/securitas-verstaerkt-mit-uebernahme-praesenz-in-der-westschweiz\\\/\",\"name\":\"Securitas verst\u00e4rkt mit \u00dcbernahme ihre Pr\u00e4senz in der Westschweiz - Save\",\"isPartOf\":{\"@id\":\"https:\\\/\\\/news.save.ch\\\/de\\\/#website\"},\"primaryImageOfPage\":{\"@id\":\"https:\\\/\\\/news.save.ch\\\/securitas-verstaerkt-mit-uebernahme-praesenz-in-der-westschweiz\\\/#primaryimage\"},\"image\":{\"@id\":\"https:\\\/\\\/news.save.ch\\\/securitas-verstaerkt-mit-uebernahme-praesenz-in-der-westschweiz\\\/#primaryimage\"},\"thumbnailUrl\":\"https:\\\/\\\/news.save.ch\\\/wp-content\\\/uploads\\\/2019\\\/10\\\/Depositphotos_151248194_l-2015-scaled.jpg\",\"datePublished\":\"2019-10-03T11:15:54+00:00\",\"description\":\"Die Securitas Gruppe hat das Sicherheitsunternehmen Etrinex SA in Bulle \u00fcbernommen. Das Unternehmen ist in der ganzen Westschweiz aktiv.\",\"breadcrumb\":{\"@id\":\"https:\\\/\\\/news.save.ch\\\/securitas-verstaerkt-mit-uebernahme-praesenz-in-der-westschweiz\\\/#breadcrumb\"},\"inLanguage\":\"fr-FR\",\"potentialAction\":[{\"@type\":\"ReadAction\",\"target\":[\"https:\\\/\\\/news.save.ch\\\/securitas-verstaerkt-mit-uebernahme-praesenz-in-der-westschweiz\\\/\"]}]},{\"@type\":\"ImageObject\",\"inLanguage\":\"fr-FR\",\"@id\":\"https:\\\/\\\/news.save.ch\\\/securitas-verstaerkt-mit-uebernahme-praesenz-in-der-westschweiz\\\/#primaryimage\",\"url\":\"https:\\\/\\\/news.save.ch\\\/wp-content\\\/uploads\\\/2019\\\/10\\\/Depositphotos_151248194_l-2015-scaled.jpg\",\"contentUrl\":\"https:\\\/\\\/news.save.ch\\\/wp-content\\\/uploads\\\/2019\\\/10\\\/Depositphotos_151248194_l-2015-scaled.jpg\",\"width\":1400,\"height\":935,\"caption\":\"\u00a9 depositphotos, DmitryPoch\"},{\"@type\":\"BreadcrumbList\",\"@id\":\"https:\\\/\\\/news.save.ch\\\/securitas-verstaerkt-mit-uebernahme-praesenz-in-der-westschweiz\\\/#breadcrumb\",\"itemListElement\":[{\"@type\":\"ListItem\",\"position\":1,\"name\":\"Home\",\"item\":\"https:\\\/\\\/news.save.ch\\\/de\\\/\"},{\"@type\":\"ListItem\",\"position\":2,\"name\":\"Securitas verst\u00e4rkt mit \u00dcbernahme ihre Pr\u00e4senz in der Westschweiz\"}]},{\"@type\":\"WebSite\",\"@id\":\"https:\\\/\\\/news.save.ch\\\/de\\\/#website\",\"url\":\"https:\\\/\\\/news.save.ch\\\/de\\\/\",\"name\":\"Save\",\"description\":\"Schweizer Fachzeitschrift f\u00fcr Sicherheit\",\"publisher\":{\"@id\":\"https:\\\/\\\/news.save.ch\\\/de\\\/#organization\"},\"potentialAction\":[{\"@type\":\"SearchAction\",\"target\":{\"@type\":\"EntryPoint\",\"urlTemplate\":\"https:\\\/\\\/news.save.ch\\\/de\\\/?s={search_term_string}\"},\"query-input\":{\"@type\":\"PropertyValueSpecification\",\"valueRequired\":true,\"valueName\":\"search_term_string\"}}],\"inLanguage\":\"fr-FR\"},{\"@type\":\"Organization\",\"@id\":\"https:\\\/\\\/news.save.ch\\\/de\\\/#organization\",\"name\":\"Sicherheitsforum\",\"url\":\"https:\\\/\\\/news.save.ch\\\/de\\\/\",\"logo\":{\"@type\":\"ImageObject\",\"inLanguage\":\"fr-FR\",\"@id\":\"https:\\\/\\\/news.save.ch\\\/de\\\/#\\\/schema\\\/logo\\\/image\\\/\",\"url\":\"https:\\\/\\\/news.save.ch\\\/wp-content\\\/uploads\\\/2022\\\/06\\\/Logo_SF_2012.png\",\"contentUrl\":\"https:\\\/\\\/news.save.ch\\\/wp-content\\\/uploads\\\/2022\\\/06\\\/Logo_SF_2012.png\",\"width\":1100,\"height\":91,\"caption\":\"Sicherheitsforum\"},\"image\":{\"@id\":\"https:\\\/\\\/news.save.ch\\\/de\\\/#\\\/schema\\\/logo\\\/image\\\/\"}},{\"@type\":\"Person\",\"@id\":\"https:\\\/\\\/news.save.ch\\\/de\\\/#\\\/schema\\\/person\\\/d5022db048e0e2b9785c50e5b24da5aa\",\"name\":\"Roger Str\u00e4ssle\",\"image\":{\"@type\":\"ImageObject\",\"inLanguage\":\"fr-FR\",\"@id\":\"https:\\\/\\\/secure.gravatar.com\\\/avatar\\\/862a5569d087de48e5856e32f45d719a03804c891d6deb8d4f71a660e79e4a47?s=96&d=mm&r=g\",\"url\":\"https:\\\/\\\/secure.gravatar.com\\\/avatar\\\/862a5569d087de48e5856e32f45d719a03804c891d6deb8d4f71a660e79e4a47?s=96&d=mm&r=g\",\"contentUrl\":\"https:\\\/\\\/secure.gravatar.com\\\/avatar\\\/862a5569d087de48e5856e32f45d719a03804c891d6deb8d4f71a660e79e4a47?s=96&d=mm&r=g\",\"caption\":\"Roger Str\u00e4ssle\"},\"url\":\"https:\\\/\\\/news.save.ch\\\/fr\\\/author\\\/roger-straessle\\\/\"}]}<\/script>\n<!-- \/ Yoast SEO plugin. -->","yoast_head_json":{"title":"Securitas renforce sa pr\u00e9sence en Suisse romande gr\u00e2ce \u00e0 une acquisition - Save","description":"Le Groupe Securitas a rachet\u00e9 l'entreprise de s\u00e9curit\u00e9 Etrinex SA \u00e0 Bulle. L'entreprise est active dans toute la Suisse romande.","robots":{"index":"index","follow":"follow","max-snippet":"max-snippet:-1","max-image-preview":"max-image-preview:large","max-video-preview":"max-video-preview:-1"},"canonical":"https:\/\/news.save.ch\/fr\/securitas-verstaerkt-mit-uebernahme-praesenz-in-der-westschweiz\/","og_locale":"fr_FR","og_type":"article","og_title":"Securitas verst\u00e4rkt mit \u00dcbernahme ihre Pr\u00e4senz in der Westschweiz - Save","og_description":"Die Securitas Gruppe hat das Sicherheitsunternehmen Etrinex SA in Bulle \u00fcbernommen. Das Unternehmen ist in der ganzen Westschweiz aktiv.","og_url":"https:\/\/news.save.ch\/fr\/securitas-verstaerkt-mit-uebernahme-praesenz-in-der-westschweiz\/","og_site_name":"Save","article_published_time":"2019-10-03T11:15:54+00:00","og_image":[{"width":1400,"height":935,"url":"https:\/\/news.save.ch\/wp-content\/uploads\/2019\/10\/Depositphotos_151248194_l-2015-scaled.jpg","type":"image\/jpeg"}],"author":"Roger Str\u00e4ssle","twitter_card":"summary_large_image","twitter_misc":{"\u00c9crit par":"Roger Str\u00e4ssle","Dur\u00e9e de lecture estim\u00e9e":"1 minute"},"schema":{"@context":"https:\/\/schema.org","@graph":[{"@type":"Article","@id":"https:\/\/news.save.ch\/securitas-verstaerkt-mit-uebernahme-praesenz-in-der-westschweiz\/#article","isPartOf":{"@id":"https:\/\/news.save.ch\/securitas-verstaerkt-mit-uebernahme-praesenz-in-der-westschweiz\/"},"author":{"name":"Roger Str\u00e4ssle","@id":"https:\/\/news.save.ch\/de\/#\/schema\/person\/d5022db048e0e2b9785c50e5b24da5aa"},"headline":"Securitas verst\u00e4rkt mit \u00dcbernahme ihre Pr\u00e4senz in der Westschweiz","datePublished":"2019-10-03T11:15:54+00:00","mainEntityOfPage":{"@id":"https:\/\/news.save.ch\/securitas-verstaerkt-mit-uebernahme-praesenz-in-der-westschweiz\/"},"wordCount":234,"commentCount":0,"publisher":{"@id":"https:\/\/news.save.ch\/de\/#organization"},"image":{"@id":"https:\/\/news.save.ch\/securitas-verstaerkt-mit-uebernahme-praesenz-in-der-westschweiz\/#primaryimage"},"thumbnailUrl":"https:\/\/news.save.ch\/wp-content\/uploads\/2019\/10\/Depositphotos_151248194_l-2015-scaled.jpg","keywords":["\u00dcbernahme"],"articleSection":["ALLGEMEIN"],"inLanguage":"fr-FR"},{"@type":"WebPage","@id":"https:\/\/news.save.ch\/securitas-verstaerkt-mit-uebernahme-praesenz-in-der-westschweiz\/","url":"https:\/\/news.save.ch\/securitas-verstaerkt-mit-uebernahme-praesenz-in-der-westschweiz\/","name":"Securitas renforce sa pr\u00e9sence en Suisse romande gr\u00e2ce \u00e0 une acquisition - Save","isPartOf":{"@id":"https:\/\/news.save.ch\/de\/#website"},"primaryImageOfPage":{"@id":"https:\/\/news.save.ch\/securitas-verstaerkt-mit-uebernahme-praesenz-in-der-westschweiz\/#primaryimage"},"image":{"@id":"https:\/\/news.save.ch\/securitas-verstaerkt-mit-uebernahme-praesenz-in-der-westschweiz\/#primaryimage"},"thumbnailUrl":"https:\/\/news.save.ch\/wp-content\/uploads\/2019\/10\/Depositphotos_151248194_l-2015-scaled.jpg","datePublished":"2019-10-03T11:15:54+00:00","description":"Le Groupe Securitas a rachet\u00e9 l'entreprise de s\u00e9curit\u00e9 Etrinex SA \u00e0 Bulle. L'entreprise est active dans toute la Suisse romande.","breadcrumb":{"@id":"https:\/\/news.save.ch\/securitas-verstaerkt-mit-uebernahme-praesenz-in-der-westschweiz\/#breadcrumb"},"inLanguage":"fr-FR","potentialAction":[{"@type":"ReadAction","target":["https:\/\/news.save.ch\/securitas-verstaerkt-mit-uebernahme-praesenz-in-der-westschweiz\/"]}]},{"@type":"ImageObject","inLanguage":"fr-FR","@id":"https:\/\/news.save.ch\/securitas-verstaerkt-mit-uebernahme-praesenz-in-der-westschweiz\/#primaryimage","url":"https:\/\/news.save.ch\/wp-content\/uploads\/2019\/10\/Depositphotos_151248194_l-2015-scaled.jpg","contentUrl":"https:\/\/news.save.ch\/wp-content\/uploads\/2019\/10\/Depositphotos_151248194_l-2015-scaled.jpg","width":1400,"height":935,"caption":"\u00a9 depositphotos, DmitryPoch"},{"@type":"BreadcrumbList","@id":"https:\/\/news.save.ch\/securitas-verstaerkt-mit-uebernahme-praesenz-in-der-westschweiz\/#breadcrumb","itemListElement":[{"@type":"ListItem","position":1,"name":"Home","item":"https:\/\/news.save.ch\/de\/"},{"@type":"ListItem","position":2,"name":"Securitas verst\u00e4rkt mit \u00dcbernahme ihre Pr\u00e4senz in der Westschweiz"}]},{"@type":"WebSite","@id":"https:\/\/news.save.ch\/de\/#website","url":"https:\/\/news.save.ch\/de\/","name":"Save","description":"Revue suisse sp\u00e9cialis\u00e9e dans la s\u00e9curit\u00e9","publisher":{"@id":"https:\/\/news.save.ch\/de\/#organization"},"potentialAction":[{"@type":"SearchAction","target":{"@type":"EntryPoint","urlTemplate":"https:\/\/news.save.ch\/de\/?s={search_term_string}"},"query-input":{"@type":"PropertyValueSpecification","valueRequired":true,"valueName":"search_term_string"}}],"inLanguage":"fr-FR"},{"@type":"Organization","@id":"https:\/\/news.save.ch\/de\/#organization","name":"Forum sur la s\u00e9curit\u00e9","url":"https:\/\/news.save.ch\/de\/","logo":{"@type":"ImageObject","inLanguage":"fr-FR","@id":"https:\/\/news.save.ch\/de\/#\/schema\/logo\/image\/","url":"https:\/\/news.save.ch\/wp-content\/uploads\/2022\/06\/Logo_SF_2012.png","contentUrl":"https:\/\/news.save.ch\/wp-content\/uploads\/2022\/06\/Logo_SF_2012.png","width":1100,"height":91,"caption":"Sicherheitsforum"},"image":{"@id":"https:\/\/news.save.ch\/de\/#\/schema\/logo\/image\/"}},{"@type":"Person","@id":"https:\/\/news.save.ch\/de\/#\/schema\/person\/d5022db048e0e2b9785c50e5b24da5aa","name":"Roger Str\u00e4ssle","image":{"@type":"ImageObject","inLanguage":"fr-FR","@id":"https:\/\/secure.gravatar.com\/avatar\/862a5569d087de48e5856e32f45d719a03804c891d6deb8d4f71a660e79e4a47?s=96&d=mm&r=g","url":"https:\/\/secure.gravatar.com\/avatar\/862a5569d087de48e5856e32f45d719a03804c891d6deb8d4f71a660e79e4a47?s=96&d=mm&r=g","contentUrl":"https:\/\/secure.gravatar.com\/avatar\/862a5569d087de48e5856e32f45d719a03804c891d6deb8d4f71a660e79e4a47?s=96&d=mm&r=g","caption":"Roger Str\u00e4ssle"},"url":"https:\/\/news.save.ch\/fr\/author\/roger-straessle\/"}]}},"_links":{"self":[{"href":"https:\/\/news.save.ch\/fr\/wp-json\/wp\/v2\/posts\/8777","targetHints":{"allow":["GET"]}}],"collection":[{"href":"https:\/\/news.save.ch\/fr\/wp-json\/wp\/v2\/posts"}],"about":[{"href":"https:\/\/news.save.ch\/fr\/wp-json\/wp\/v2\/types\/post"}],"author":[{"embeddable":true,"href":"https:\/\/news.save.ch\/fr\/wp-json\/wp\/v2\/users\/8"}],"replies":[{"embeddable":true,"href":"https:\/\/news.save.ch\/fr\/wp-json\/wp\/v2\/comments?post=8777"}],"version-history":[{"count":0,"href":"https:\/\/news.save.ch\/fr\/wp-json\/wp\/v2\/posts\/8777\/revisions"}],"wp:featuredmedia":[{"embeddable":true,"href":"https:\/\/news.save.ch\/fr\/wp-json\/wp\/v2\/media\/8778"}],"wp:attachment":[{"href":"https:\/\/news.save.ch\/fr\/wp-json\/wp\/v2\/media?parent=8777"}],"wp:term":[{"taxonomy":"category","embeddable":true,"href":"https:\/\/news.save.ch\/fr\/wp-json\/wp\/v2\/categories?post=8777"},{"taxonomy":"post_tag","embeddable":true,"href":"https:\/\/news.save.ch\/fr\/wp-json\/wp\/v2\/tags?post=8777"}],"curies":[{"name":"wp","href":"https:\/\/api.w.org\/{rel}","templated":true}]}}