{"id":8825,"date":"2022-04-11T09:51:47","date_gmt":"2022-04-11T07:51:47","guid":{"rendered":"https:\/\/news.save.ch\/?p=8825"},"modified":"2023-06-26T09:03:20","modified_gmt":"2023-06-26T07:03:20","slug":"eidgenoessisches-rohrleitungsinspektorat-unter-neuer-leitung-2","status":null,"type":"post","link":"https:\/\/news.save.ch\/fr\/eidgenoessisches-rohrleitungsinspektorat-unter-neuer-leitung-2\/","title":{"rendered":"L'Inspection f\u00e9d\u00e9rale des pipelines sous une nouvelle direction"},"content":{"rendered":"<figure id=\"attachment_13967\" aria-describedby=\"caption-attachment-13967\" style=\"width: 715px\" class=\"wp-caption alignleft\"><img loading=\"lazy\" decoding=\"async\" class=\"wp-image-13967 size-full\" src=\"https:\/\/news.save.ch\/wp-content\/uploads\/2022\/04\/Baechtiger.jpg\" alt=\"Inspection f\u00e9d\u00e9rale des pipelines\" width=\"715\" height=\"575\" srcset=\"https:\/\/news.save.ch\/wp-content\/uploads\/2022\/04\/Baechtiger.jpg 715w, https:\/\/news.save.ch\/wp-content\/uploads\/2022\/04\/Baechtiger-373x300.jpg 373w\" sizes=\"auto, (max-width: 715px) 100vw, 715px\" \/><figcaption id=\"caption-attachment-13967\" class=\"wp-caption-text\">Roger B\u00e4chtiger prend la direction de l'Inspection f\u00e9d\u00e9rale des pipelines (IFP). (Image : ASIT)<\/figcaption><\/figure>\n<p>Apr\u00e8s presque trente ans \u00e0 la t\u00eate de l'Inspection f\u00e9d\u00e9rale des pipelines (ERI), Ruedi Wendelspiess prendra une retraite active fin mars 2022. Son vaste savoir-faire restera \u00e0 la disposition de l'ERI jusqu'\u00e0 nouvel ordre, gr\u00e2ce \u00e0 un soutien li\u00e9 \u00e0 des projets. Son successeur est Roger B\u00e4chtiger, qui travaille d\u00e9j\u00e0 depuis 2019 \u00e0 l'Inspection f\u00e9d\u00e9rale des pipelines. Dans sa nouvelle fonction, il est \u00e9galement membre de la direction de l'ASIT.<\/p>\n<p>Roger B\u00e4chtiger est ing\u00e9nieur dipl\u00f4m\u00e9 en g\u00e9nie m\u00e9canique, titulaire d'un M.Sc. en technologies industrielles et d'un Executive MBA en management g\u00e9n\u00e9ral ainsi que de formations continues, notamment en technologie des mat\u00e9riaux. Il apporte \u00e0 la fois une exp\u00e9rience de direction et une exp\u00e9rience industrielle dans diff\u00e9rents domaines, notamment gr\u00e2ce \u00e0 ses activit\u00e9s pr\u00e9c\u00e9dentes chez un fabricant suisse renomm\u00e9 de v\u00e9hicules ferroviaires et dans une entreprise de construction m\u00e9canique cot\u00e9e en bourse dans le nord-est de la Suisse. Chez ce dernier, il a occup\u00e9 le poste de chef de projet et d'ing\u00e9nieur de processus pour les grandes installations industrielles et de processus.<\/p>\n<p>L'Inspection f\u00e9d\u00e9rale des pipelines (IFP) surveille la conception, la construction et l'exploitation des installations de pipelines destin\u00e9es au transport de combustibles et carburants liquides ou gazeux en Suisse et dans la Principaut\u00e9 de Liechtenstein, dans la mesure o\u00f9 ces installations sont soumises \u00e0 la loi sur les pipelines. En tant qu'instance ind\u00e9pendante - l'ERI n'est pas subordonn\u00e9e \u00e0 l'Office f\u00e9d\u00e9ral de l'\u00e9nergie - elle est int\u00e9gr\u00e9e \u00e0 l'ASIT, l'Association suisse d'inspection technique. L'objectif de l'ASIT est de pr\u00e9venir les accidents, les pannes et les dommages et d'\u00e9liminer les dangers lors de la fabrication et de l'exploitation d'installations techniques de toutes sortes.<\/p>\n<p><a href=\"https:\/\/www.svti.ch\/eidg-rohrleitungsinspektorat\" target=\"_blank\" rel=\"noopener\"><em>Source et informations compl\u00e9mentaires<\/em><\/a><\/p>","protected":false},"excerpt":{"rendered":"<p>Nach fast dreissig Jahren in der Funktion als Leiter des Eidg. Rohrleitungsinspektorates (ERI) tritt Ruedi Wendelspiess Ende M\u00e4rz 2022 in den aktiven Ruhestand. Sein umfassendes Know-how wird dem ERI, dank projektbezogener Unterst\u00fctzung, bis auf weiteres zur Verf\u00fcgung stehen. Sein Nachfolger ist Roger B\u00e4chtiger, welcher bereits seit 2019 im Eidgen\u00f6ssischen Rohrleitungsinspektorat t\u00e4tig ist. In seiner neuen [&hellip;]<\/p>\n","protected":false},"author":9,"featured_media":8826,"comment_status":"closed","ping_status":"closed","sticky":false,"template":"","format":"standard","meta":{"_acf_changed":false,"pgc_sgb_lightbox_settings":"","footnotes":""},"categories":[3314],"tags":[4624,4626,4627,1403,4625,446],"class_list":["post-8825","post","type-post","status-publish","format-standard","has-post-thumbnail","hentry","category-health-safety","tag-eidg-rohrleitungsinspektorat","tag-roger-baechtiger","tag-rohrleitungsgesetz","tag-rohrleitungssysteme","tag-ruedi-wendelspiess","tag-svti"],"acf":[],"hkrextid":null,"publication":null,"issue":null,"workflow":null,"startPage":null,"spitzmarke":null,"_posts_by_tag_page_fields":{"widget_title":"","widget_tags":""},"_at_widget":"1","_yoast_wpseo_primary_category":"","_yoast_wpseo_focuskw_text_input":null,"_yoast_wpseo_opengraph-image":null,"_yoast_wpseo_opengraph-description":null,"_yoast_wpseo_opengraph-title":null,"enclosure":null,"_yoast_wpseo_twitter-title":null,"_yoast_wpseo_twitter-description":null,"_yoast_wpseo_twitter-image":null,"_wp_old_slug":null,"_yoast_wpseo_title":null,"_yoast_wpseo_canonical":null,"yoast_head":"<!-- This site is optimized with the Yoast SEO plugin v27.5 - https:\/\/yoast.com\/product\/yoast-seo-wordpress\/ -->\n<title>Eidgen\u00f6ssisches Rohrleitungsinspektorat unter neuer Leitung - Save<\/title>\n<meta name=\"description\" content=\"Das Eidg. Rohrleitungsinspektorat steht unter neuer Leitung: Roger B\u00e4chtiger tritt die Nachfolge von Ruedi Wendelspiess an.\" \/>\n<meta name=\"robots\" content=\"index, follow, max-snippet:-1, max-image-preview:large, max-video-preview:-1\" \/>\n<link rel=\"canonical\" href=\"https:\/\/news.save.ch\/fr\/eidgenoessisches-rohrleitungsinspektorat-unter-neuer-leitung-2\/\" \/>\n<meta property=\"og:locale\" content=\"fr_FR\" \/>\n<meta property=\"og:type\" content=\"article\" \/>\n<meta property=\"og:title\" content=\"Eidgen\u00f6ssisches Rohrleitungsinspektorat unter neuer Leitung - Save\" \/>\n<meta property=\"og:description\" content=\"Das Eidg. Rohrleitungsinspektorat steht unter neuer Leitung: Roger B\u00e4chtiger tritt die Nachfolge von Ruedi Wendelspiess an.\" \/>\n<meta property=\"og:url\" content=\"https:\/\/news.save.ch\/fr\/eidgenoessisches-rohrleitungsinspektorat-unter-neuer-leitung-2\/\" \/>\n<meta property=\"og:site_name\" content=\"Save\" \/>\n<meta property=\"article:published_time\" content=\"2022-04-11T07:51:47+00:00\" \/>\n<meta property=\"article:modified_time\" content=\"2023-06-26T07:03:20+00:00\" \/>\n<meta property=\"og:image\" content=\"https:\/\/news.save.ch\/wp-content\/uploads\/2022\/04\/Baechtiger-1.jpg\" \/>\n\t<meta property=\"og:image:width\" content=\"715\" \/>\n\t<meta property=\"og:image:height\" content=\"575\" \/>\n\t<meta property=\"og:image:type\" content=\"image\/jpeg\" \/>\n<meta name=\"author\" content=\"Simon Gr\u00f6flin\" \/>\n<meta name=\"twitter:card\" content=\"summary_large_image\" \/>\n<meta name=\"twitter:label1\" content=\"\u00c9crit par\" \/>\n\t<meta name=\"twitter:data1\" content=\"Simon Gr\u00f6flin\" \/>\n\t<meta name=\"twitter:label2\" content=\"Dur\u00e9e de lecture estim\u00e9e\" \/>\n\t<meta name=\"twitter:data2\" content=\"2 minutes\" \/>\n<script type=\"application\/ld+json\" class=\"yoast-schema-graph\">{\"@context\":\"https:\\\/\\\/schema.org\",\"@graph\":[{\"@type\":\"Article\",\"@id\":\"https:\\\/\\\/news.save.ch\\\/eidgenoessisches-rohrleitungsinspektorat-unter-neuer-leitung-2\\\/#article\",\"isPartOf\":{\"@id\":\"https:\\\/\\\/news.save.ch\\\/eidgenoessisches-rohrleitungsinspektorat-unter-neuer-leitung-2\\\/\"},\"author\":{\"name\":\"Simon Gr\u00f6flin\",\"@id\":\"https:\\\/\\\/news.save.ch\\\/de\\\/#\\\/schema\\\/person\\\/ad4ef21102fd6125312409ac57d5296d\"},\"headline\":\"Eidgen\u00f6ssisches Rohrleitungsinspektorat unter neuer Leitung\",\"datePublished\":\"2022-04-11T07:51:47+00:00\",\"dateModified\":\"2023-06-26T07:03:20+00:00\",\"mainEntityOfPage\":{\"@id\":\"https:\\\/\\\/news.save.ch\\\/eidgenoessisches-rohrleitungsinspektorat-unter-neuer-leitung-2\\\/\"},\"wordCount\":270,\"publisher\":{\"@id\":\"https:\\\/\\\/news.save.ch\\\/de\\\/#organization\"},\"image\":{\"@id\":\"https:\\\/\\\/news.save.ch\\\/eidgenoessisches-rohrleitungsinspektorat-unter-neuer-leitung-2\\\/#primaryimage\"},\"thumbnailUrl\":\"https:\\\/\\\/news.save.ch\\\/wp-content\\\/uploads\\\/2022\\\/04\\\/Baechtiger-1.jpg\",\"keywords\":[\"Eidg. Rohrleitungsinspektorat\",\"Roger B\u00e4chtiger\",\"Rohrleitungsgesetz\",\"Rohrleitungssysteme\",\"Ruedi Wendelspiess\",\"SVTI\"],\"articleSection\":[\"HEALTH &amp; SAFETY\"],\"inLanguage\":\"fr-FR\"},{\"@type\":\"WebPage\",\"@id\":\"https:\\\/\\\/news.save.ch\\\/eidgenoessisches-rohrleitungsinspektorat-unter-neuer-leitung-2\\\/\",\"url\":\"https:\\\/\\\/news.save.ch\\\/eidgenoessisches-rohrleitungsinspektorat-unter-neuer-leitung-2\\\/\",\"name\":\"Eidgen\u00f6ssisches Rohrleitungsinspektorat unter neuer Leitung - Save\",\"isPartOf\":{\"@id\":\"https:\\\/\\\/news.save.ch\\\/de\\\/#website\"},\"primaryImageOfPage\":{\"@id\":\"https:\\\/\\\/news.save.ch\\\/eidgenoessisches-rohrleitungsinspektorat-unter-neuer-leitung-2\\\/#primaryimage\"},\"image\":{\"@id\":\"https:\\\/\\\/news.save.ch\\\/eidgenoessisches-rohrleitungsinspektorat-unter-neuer-leitung-2\\\/#primaryimage\"},\"thumbnailUrl\":\"https:\\\/\\\/news.save.ch\\\/wp-content\\\/uploads\\\/2022\\\/04\\\/Baechtiger-1.jpg\",\"datePublished\":\"2022-04-11T07:51:47+00:00\",\"dateModified\":\"2023-06-26T07:03:20+00:00\",\"description\":\"Das Eidg. Rohrleitungsinspektorat steht unter neuer Leitung: Roger B\u00e4chtiger tritt die Nachfolge von Ruedi Wendelspiess an.\",\"breadcrumb\":{\"@id\":\"https:\\\/\\\/news.save.ch\\\/eidgenoessisches-rohrleitungsinspektorat-unter-neuer-leitung-2\\\/#breadcrumb\"},\"inLanguage\":\"fr-FR\",\"potentialAction\":[{\"@type\":\"ReadAction\",\"target\":[\"https:\\\/\\\/news.save.ch\\\/eidgenoessisches-rohrleitungsinspektorat-unter-neuer-leitung-2\\\/\"]}]},{\"@type\":\"ImageObject\",\"inLanguage\":\"fr-FR\",\"@id\":\"https:\\\/\\\/news.save.ch\\\/eidgenoessisches-rohrleitungsinspektorat-unter-neuer-leitung-2\\\/#primaryimage\",\"url\":\"https:\\\/\\\/news.save.ch\\\/wp-content\\\/uploads\\\/2022\\\/04\\\/Baechtiger-1.jpg\",\"contentUrl\":\"https:\\\/\\\/news.save.ch\\\/wp-content\\\/uploads\\\/2022\\\/04\\\/Baechtiger-1.jpg\",\"width\":715,\"height\":575},{\"@type\":\"BreadcrumbList\",\"@id\":\"https:\\\/\\\/news.save.ch\\\/eidgenoessisches-rohrleitungsinspektorat-unter-neuer-leitung-2\\\/#breadcrumb\",\"itemListElement\":[{\"@type\":\"ListItem\",\"position\":1,\"name\":\"Home\",\"item\":\"https:\\\/\\\/news.save.ch\\\/de\\\/\"},{\"@type\":\"ListItem\",\"position\":2,\"name\":\"Eidgen\u00f6ssisches Rohrleitungsinspektorat unter neuer Leitung\"}]},{\"@type\":\"WebSite\",\"@id\":\"https:\\\/\\\/news.save.ch\\\/de\\\/#website\",\"url\":\"https:\\\/\\\/news.save.ch\\\/de\\\/\",\"name\":\"Save\",\"description\":\"Schweizer Fachzeitschrift f\u00fcr Sicherheit\",\"publisher\":{\"@id\":\"https:\\\/\\\/news.save.ch\\\/de\\\/#organization\"},\"potentialAction\":[{\"@type\":\"SearchAction\",\"target\":{\"@type\":\"EntryPoint\",\"urlTemplate\":\"https:\\\/\\\/news.save.ch\\\/de\\\/?s={search_term_string}\"},\"query-input\":{\"@type\":\"PropertyValueSpecification\",\"valueRequired\":true,\"valueName\":\"search_term_string\"}}],\"inLanguage\":\"fr-FR\"},{\"@type\":\"Organization\",\"@id\":\"https:\\\/\\\/news.save.ch\\\/de\\\/#organization\",\"name\":\"Sicherheitsforum\",\"url\":\"https:\\\/\\\/news.save.ch\\\/de\\\/\",\"logo\":{\"@type\":\"ImageObject\",\"inLanguage\":\"fr-FR\",\"@id\":\"https:\\\/\\\/news.save.ch\\\/de\\\/#\\\/schema\\\/logo\\\/image\\\/\",\"url\":\"https:\\\/\\\/news.save.ch\\\/wp-content\\\/uploads\\\/2022\\\/06\\\/Logo_SF_2012.png\",\"contentUrl\":\"https:\\\/\\\/news.save.ch\\\/wp-content\\\/uploads\\\/2022\\\/06\\\/Logo_SF_2012.png\",\"width\":1100,\"height\":91,\"caption\":\"Sicherheitsforum\"},\"image\":{\"@id\":\"https:\\\/\\\/news.save.ch\\\/de\\\/#\\\/schema\\\/logo\\\/image\\\/\"}},{\"@type\":\"Person\",\"@id\":\"https:\\\/\\\/news.save.ch\\\/de\\\/#\\\/schema\\\/person\\\/ad4ef21102fd6125312409ac57d5296d\",\"name\":\"Simon Gr\u00f6flin\",\"image\":{\"@type\":\"ImageObject\",\"inLanguage\":\"fr-FR\",\"@id\":\"https:\\\/\\\/secure.gravatar.com\\\/avatar\\\/6ddceb80eb734354635539e0ea5140bb7c41e42de7c45c9a2ab9921b5d5c9a83?s=96&d=mm&r=g\",\"url\":\"https:\\\/\\\/secure.gravatar.com\\\/avatar\\\/6ddceb80eb734354635539e0ea5140bb7c41e42de7c45c9a2ab9921b5d5c9a83?s=96&d=mm&r=g\",\"contentUrl\":\"https:\\\/\\\/secure.gravatar.com\\\/avatar\\\/6ddceb80eb734354635539e0ea5140bb7c41e42de7c45c9a2ab9921b5d5c9a83?s=96&d=mm&r=g\",\"caption\":\"Simon Gr\u00f6flin\"},\"url\":\"https:\\\/\\\/news.save.ch\\\/fr\\\/author\\\/simon-groeflin\\\/\"}]}<\/script>\n<!-- \/ Yoast SEO plugin. -->","yoast_head_json":{"title":"L'Inspection f\u00e9d\u00e9rale des pipelines sous une nouvelle direction - Save","description":"L'Inspection f\u00e9d\u00e9rale des pipelines a une nouvelle direction : Roger B\u00e4chtiger succ\u00e8de \u00e0 Ruedi Wendelspiess.","robots":{"index":"index","follow":"follow","max-snippet":"max-snippet:-1","max-image-preview":"max-image-preview:large","max-video-preview":"max-video-preview:-1"},"canonical":"https:\/\/news.save.ch\/fr\/eidgenoessisches-rohrleitungsinspektorat-unter-neuer-leitung-2\/","og_locale":"fr_FR","og_type":"article","og_title":"Eidgen\u00f6ssisches Rohrleitungsinspektorat unter neuer Leitung - Save","og_description":"Das Eidg. Rohrleitungsinspektorat steht unter neuer Leitung: Roger B\u00e4chtiger tritt die Nachfolge von Ruedi Wendelspiess an.","og_url":"https:\/\/news.save.ch\/fr\/eidgenoessisches-rohrleitungsinspektorat-unter-neuer-leitung-2\/","og_site_name":"Save","article_published_time":"2022-04-11T07:51:47+00:00","article_modified_time":"2023-06-26T07:03:20+00:00","og_image":[{"width":715,"height":575,"url":"https:\/\/news.save.ch\/wp-content\/uploads\/2022\/04\/Baechtiger-1.jpg","type":"image\/jpeg"}],"author":"Simon Gr\u00f6flin","twitter_card":"summary_large_image","twitter_misc":{"\u00c9crit par":"Simon Gr\u00f6flin","Dur\u00e9e de lecture estim\u00e9e":"2 minutes"},"schema":{"@context":"https:\/\/schema.org","@graph":[{"@type":"Article","@id":"https:\/\/news.save.ch\/eidgenoessisches-rohrleitungsinspektorat-unter-neuer-leitung-2\/#article","isPartOf":{"@id":"https:\/\/news.save.ch\/eidgenoessisches-rohrleitungsinspektorat-unter-neuer-leitung-2\/"},"author":{"name":"Simon Gr\u00f6flin","@id":"https:\/\/news.save.ch\/de\/#\/schema\/person\/ad4ef21102fd6125312409ac57d5296d"},"headline":"Eidgen\u00f6ssisches Rohrleitungsinspektorat unter neuer Leitung","datePublished":"2022-04-11T07:51:47+00:00","dateModified":"2023-06-26T07:03:20+00:00","mainEntityOfPage":{"@id":"https:\/\/news.save.ch\/eidgenoessisches-rohrleitungsinspektorat-unter-neuer-leitung-2\/"},"wordCount":270,"publisher":{"@id":"https:\/\/news.save.ch\/de\/#organization"},"image":{"@id":"https:\/\/news.save.ch\/eidgenoessisches-rohrleitungsinspektorat-unter-neuer-leitung-2\/#primaryimage"},"thumbnailUrl":"https:\/\/news.save.ch\/wp-content\/uploads\/2022\/04\/Baechtiger-1.jpg","keywords":["Eidg. Rohrleitungsinspektorat","Roger B\u00e4chtiger","Rohrleitungsgesetz","Rohrleitungssysteme","Ruedi Wendelspiess","SVTI"],"articleSection":["HEALTH &amp; SAFETY"],"inLanguage":"fr-FR"},{"@type":"WebPage","@id":"https:\/\/news.save.ch\/eidgenoessisches-rohrleitungsinspektorat-unter-neuer-leitung-2\/","url":"https:\/\/news.save.ch\/eidgenoessisches-rohrleitungsinspektorat-unter-neuer-leitung-2\/","name":"L'Inspection f\u00e9d\u00e9rale des pipelines sous une nouvelle direction - Save","isPartOf":{"@id":"https:\/\/news.save.ch\/de\/#website"},"primaryImageOfPage":{"@id":"https:\/\/news.save.ch\/eidgenoessisches-rohrleitungsinspektorat-unter-neuer-leitung-2\/#primaryimage"},"image":{"@id":"https:\/\/news.save.ch\/eidgenoessisches-rohrleitungsinspektorat-unter-neuer-leitung-2\/#primaryimage"},"thumbnailUrl":"https:\/\/news.save.ch\/wp-content\/uploads\/2022\/04\/Baechtiger-1.jpg","datePublished":"2022-04-11T07:51:47+00:00","dateModified":"2023-06-26T07:03:20+00:00","description":"L'Inspection f\u00e9d\u00e9rale des pipelines a une nouvelle direction : Roger B\u00e4chtiger succ\u00e8de \u00e0 Ruedi Wendelspiess.","breadcrumb":{"@id":"https:\/\/news.save.ch\/eidgenoessisches-rohrleitungsinspektorat-unter-neuer-leitung-2\/#breadcrumb"},"inLanguage":"fr-FR","potentialAction":[{"@type":"ReadAction","target":["https:\/\/news.save.ch\/eidgenoessisches-rohrleitungsinspektorat-unter-neuer-leitung-2\/"]}]},{"@type":"ImageObject","inLanguage":"fr-FR","@id":"https:\/\/news.save.ch\/eidgenoessisches-rohrleitungsinspektorat-unter-neuer-leitung-2\/#primaryimage","url":"https:\/\/news.save.ch\/wp-content\/uploads\/2022\/04\/Baechtiger-1.jpg","contentUrl":"https:\/\/news.save.ch\/wp-content\/uploads\/2022\/04\/Baechtiger-1.jpg","width":715,"height":575},{"@type":"BreadcrumbList","@id":"https:\/\/news.save.ch\/eidgenoessisches-rohrleitungsinspektorat-unter-neuer-leitung-2\/#breadcrumb","itemListElement":[{"@type":"ListItem","position":1,"name":"Home","item":"https:\/\/news.save.ch\/de\/"},{"@type":"ListItem","position":2,"name":"Eidgen\u00f6ssisches Rohrleitungsinspektorat unter neuer Leitung"}]},{"@type":"WebSite","@id":"https:\/\/news.save.ch\/de\/#website","url":"https:\/\/news.save.ch\/de\/","name":"Save","description":"Revue suisse sp\u00e9cialis\u00e9e dans la s\u00e9curit\u00e9","publisher":{"@id":"https:\/\/news.save.ch\/de\/#organization"},"potentialAction":[{"@type":"SearchAction","target":{"@type":"EntryPoint","urlTemplate":"https:\/\/news.save.ch\/de\/?s={search_term_string}"},"query-input":{"@type":"PropertyValueSpecification","valueRequired":true,"valueName":"search_term_string"}}],"inLanguage":"fr-FR"},{"@type":"Organization","@id":"https:\/\/news.save.ch\/de\/#organization","name":"Forum sur la s\u00e9curit\u00e9","url":"https:\/\/news.save.ch\/de\/","logo":{"@type":"ImageObject","inLanguage":"fr-FR","@id":"https:\/\/news.save.ch\/de\/#\/schema\/logo\/image\/","url":"https:\/\/news.save.ch\/wp-content\/uploads\/2022\/06\/Logo_SF_2012.png","contentUrl":"https:\/\/news.save.ch\/wp-content\/uploads\/2022\/06\/Logo_SF_2012.png","width":1100,"height":91,"caption":"Sicherheitsforum"},"image":{"@id":"https:\/\/news.save.ch\/de\/#\/schema\/logo\/image\/"}},{"@type":"Person","@id":"https:\/\/news.save.ch\/de\/#\/schema\/person\/ad4ef21102fd6125312409ac57d5296d","name":"Simon Gr\u00f6flin","image":{"@type":"ImageObject","inLanguage":"fr-FR","@id":"https:\/\/secure.gravatar.com\/avatar\/6ddceb80eb734354635539e0ea5140bb7c41e42de7c45c9a2ab9921b5d5c9a83?s=96&d=mm&r=g","url":"https:\/\/secure.gravatar.com\/avatar\/6ddceb80eb734354635539e0ea5140bb7c41e42de7c45c9a2ab9921b5d5c9a83?s=96&d=mm&r=g","contentUrl":"https:\/\/secure.gravatar.com\/avatar\/6ddceb80eb734354635539e0ea5140bb7c41e42de7c45c9a2ab9921b5d5c9a83?s=96&d=mm&r=g","caption":"Simon Gr\u00f6flin"},"url":"https:\/\/news.save.ch\/fr\/author\/simon-groeflin\/"}]}},"_links":{"self":[{"href":"https:\/\/news.save.ch\/fr\/wp-json\/wp\/v2\/posts\/8825","targetHints":{"allow":["GET"]}}],"collection":[{"href":"https:\/\/news.save.ch\/fr\/wp-json\/wp\/v2\/posts"}],"about":[{"href":"https:\/\/news.save.ch\/fr\/wp-json\/wp\/v2\/types\/post"}],"author":[{"embeddable":true,"href":"https:\/\/news.save.ch\/fr\/wp-json\/wp\/v2\/users\/9"}],"replies":[{"embeddable":true,"href":"https:\/\/news.save.ch\/fr\/wp-json\/wp\/v2\/comments?post=8825"}],"version-history":[{"count":3,"href":"https:\/\/news.save.ch\/fr\/wp-json\/wp\/v2\/posts\/8825\/revisions"}],"predecessor-version":[{"id":20256,"href":"https:\/\/news.save.ch\/fr\/wp-json\/wp\/v2\/posts\/8825\/revisions\/20256"}],"wp:featuredmedia":[{"embeddable":true,"href":"https:\/\/news.save.ch\/fr\/wp-json\/wp\/v2\/media\/8826"}],"wp:attachment":[{"href":"https:\/\/news.save.ch\/fr\/wp-json\/wp\/v2\/media?parent=8825"}],"wp:term":[{"taxonomy":"category","embeddable":true,"href":"https:\/\/news.save.ch\/fr\/wp-json\/wp\/v2\/categories?post=8825"},{"taxonomy":"post_tag","embeddable":true,"href":"https:\/\/news.save.ch\/fr\/wp-json\/wp\/v2\/tags?post=8825"}],"curies":[{"name":"wp","href":"https:\/\/api.w.org\/{rel}","templated":true}]}}