{"id":8888,"date":"2019-10-16T09:48:00","date_gmt":"2019-10-16T07:48:00","guid":{"rendered":"https:\/\/news.save.ch\/?p=8888"},"modified":"2019-10-16T09:48:00","modified_gmt":"2019-10-16T07:48:00","slug":"die-zehn-gefaehrlichsten-krisenausloeser","status":null,"type":"post","link":"https:\/\/news.save.ch\/fr\/die-zehn-gefaehrlichsten-krisenausloeser\/","title":{"rendered":"Les dix d\u00e9clencheurs de crise les plus dangereux"},"content":{"rendered":"<figure id=\"attachment_8889\" aria-describedby=\"caption-attachment-8889\" style=\"width: 680px\" class=\"wp-caption aligncenter\"><img loading=\"lazy\" decoding=\"async\" class=\"wp-image-8889 size-medium\" src=\"https:\/\/news.save.ch\/wp-content\/uploads\/2019\/10\/Depositphotos_134534214_l-2015_bearbeitet-1-1.jpg\" alt=\"Communication de crise\" width=\"680\" height=\"414\" \/><figcaption id=\"caption-attachment-8889\" class=\"wp-caption-text\">\u00a9 depositphotos, alphaspirit<\/figcaption><\/figure>\n<p>ots. Les crises d'entreprise surviennent le plus souvent lorsque des erreurs sont dissimul\u00e9es. Souvent, un comportement erron\u00e9 du top management conduit \u00e9galement \u00e0 une crise. C'est \u00e0 cette conclusion que parvient l'actuel Trendmonitor RP, auquel ont particip\u00e9 130 sp\u00e9cialistes et cadres suisses des RP. La filiale de la dpa a demand\u00e9, en collaboration avec Faktenkontor, quels \u00e9taient les d\u00e9clencheurs les plus dangereux des crises de communication.<\/p>\n<p><strong>Dissimulation d'erreurs<\/strong><\/p>\n<p>Selon cette \u00e9tude, plus de la moiti\u00e9 des professionnels des RP pensent que le fait de cacher ses erreurs se retourne contre eux (58%). Un peu plus d'une personne interrog\u00e9e sur trois attribue les crises au comportement personnel erron\u00e9 ou \u00e0 la d\u00e9faillance des chefs (40 et 35%).<\/p>\n<p>En revanche, un professionnel de la communication sur cinq redoute les effets n\u00e9gatifs d'une temp\u00eate sur les m\u00e9dias sociaux ou de fausses informations (20 et 19%). Un mauvais service et de mauvaises conditions de travail inqui\u00e8tent \u00e9galement les personnes interrog\u00e9es : une personne sur dix y voit des d\u00e9clencheurs dangereux de crises de communication (12 et 11%).<\/p>\n<p>Les dix d\u00e9clencheurs de crise les plus dangereux dans les RP :<\/p>\n<ol>\n<li>Couvrir les erreurs (58%)<\/li>\n<li>Faute personnelle du top management (40%)<\/li>\n<li>\u00c9chec du top management (35%)<\/li>\n<li>Probl\u00e8mes de conformit\u00e9 (28%)<\/li>\n<li>Temp\u00eate de critiques sur les m\u00e9dias sociaux (20%)<\/li>\n<li>Fausses d\u00e9clarations (19%)<\/li>\n<li>Produits d\u00e9fectueux (16%)<\/li>\n<li>Enqu\u00eates du minist\u00e8re public (13%)<\/li>\n<li>Mauvais service (12%)<\/li>\n<li>Mauvaises conditions de travail (11%)<\/li>\n<\/ol>\n<p><em>Plus d'articles sur le sujet :<\/em><\/p>\n<p><a href=\"https:\/\/news.save.ch\/fr\/was-sagt-die-krisenpraeventionsumfrage-2019\/\">Enqu\u00eate sur la pr\u00e9vention des crises 2019<\/a><\/p>\n<p><a href=\"https:\/\/news.save.ch\/fr\/reputation-und-image-schuetzen\/\">Prot\u00e9ger la r\u00e9putation et l'image<\/a><\/p>\n<p><a href=\"https:\/\/news.save.ch\/fr\/iso%e2%80%8919600-kommt-im-neuen-kleid-als-iso%e2%80%8937301-daher\/\">Conformit\u00e9 : ISO 19600 fait peau neuve sous le nom d'ISO 37301<\/a><\/p>\n<p>&nbsp;<\/p>","protected":false},"excerpt":{"rendered":"<p>ots. Unternehmenskrisen entstehen am ehesten, wenn Fehler vertuscht werden. H\u00e4ufig f\u00fchrt auch falsches Verhalten des Topmanagements zu einer Krise. Zu diesem Ergebnis kommt der aktuelle PR-Trendmonitor, an dem 130 Schweizer Fach- und F\u00fchrungskr\u00e4fte der PR teilgenommen haben. Die dpa-Tochter hat gemeinsam mit Faktenkontor gefragt, was die gef\u00e4hrlichsten Ausl\u00f6ser f\u00fcr Kommunikationskrisen sind. Verheimlichen von Fehlern Demnach [&hellip;]<\/p>\n","protected":false},"author":8,"featured_media":8889,"comment_status":"open","ping_status":"open","sticky":false,"template":"","format":"standard","meta":{"_acf_changed":false,"pgc_sgb_lightbox_settings":"","footnotes":""},"categories":[1],"tags":[348,470,562],"class_list":["post-8888","post","type-post","status-publish","format-standard","has-post-thumbnail","hentry","category-allgemein","tag-compliance","tag-krisenkommunikation","tag-reputation"],"acf":[],"hkrextid":null,"publication":null,"issue":null,"workflow":null,"startPage":null,"spitzmarke":null,"_posts_by_tag_page_fields":{"widget_title":"","widget_tags":""},"_at_widget":"1","_yoast_wpseo_primary_category":"1","_yoast_wpseo_focuskw_text_input":"Krisenkommunikation","_yoast_wpseo_opengraph-image":null,"_yoast_wpseo_opengraph-description":null,"_yoast_wpseo_opengraph-title":null,"enclosure":null,"_yoast_wpseo_twitter-title":null,"_yoast_wpseo_twitter-description":null,"_yoast_wpseo_twitter-image":null,"_wp_old_slug":null,"_yoast_wpseo_title":null,"_yoast_wpseo_canonical":null,"yoast_head":"<!-- This site is optimized with the Yoast SEO plugin v27.5 - https:\/\/yoast.com\/product\/yoast-seo-wordpress\/ -->\n<title>Die zehn gef\u00e4hrlichsten Krisenausl\u00f6ser - Save<\/title>\n<meta name=\"description\" content=\"Krisenkommunikation: Welches sind die gef\u00e4hrlichsten Krisenausl\u00f6ser im Unternehmen, was sagt der aktuelle PR-Trendmonitor?\" \/>\n<meta name=\"robots\" content=\"index, follow, max-snippet:-1, max-image-preview:large, max-video-preview:-1\" \/>\n<link rel=\"canonical\" href=\"https:\/\/news.save.ch\/fr\/die-zehn-gefaehrlichsten-krisenausloeser\/\" \/>\n<meta property=\"og:locale\" content=\"fr_FR\" \/>\n<meta property=\"og:type\" content=\"article\" \/>\n<meta property=\"og:title\" content=\"Die zehn gef\u00e4hrlichsten Krisenausl\u00f6ser - Save\" \/>\n<meta property=\"og:description\" content=\"Krisenkommunikation: Welches sind die gef\u00e4hrlichsten Krisenausl\u00f6ser im Unternehmen, was sagt der aktuelle PR-Trendmonitor?\" \/>\n<meta property=\"og:url\" content=\"https:\/\/news.save.ch\/fr\/die-zehn-gefaehrlichsten-krisenausloeser\/\" \/>\n<meta property=\"og:site_name\" content=\"Save\" \/>\n<meta property=\"article:published_time\" content=\"2019-10-16T07:48:00+00:00\" \/>\n<meta property=\"og:image\" content=\"https:\/\/news.save.ch\/wp-content\/uploads\/2019\/10\/Depositphotos_134534214_l-2015_bearbeitet-1-1-scaled.jpg\" \/>\n\t<meta property=\"og:image:width\" content=\"1400\" \/>\n\t<meta property=\"og:image:height\" content=\"853\" \/>\n\t<meta property=\"og:image:type\" content=\"image\/jpeg\" \/>\n<meta name=\"author\" content=\"Roger Str\u00e4ssle\" \/>\n<meta name=\"twitter:card\" content=\"summary_large_image\" \/>\n<meta name=\"twitter:label1\" content=\"\u00c9crit par\" \/>\n\t<meta name=\"twitter:data1\" content=\"Roger Str\u00e4ssle\" \/>\n\t<meta name=\"twitter:label2\" content=\"Dur\u00e9e de lecture estim\u00e9e\" \/>\n\t<meta name=\"twitter:data2\" content=\"1 minute\" \/>\n<script type=\"application\/ld+json\" class=\"yoast-schema-graph\">{\"@context\":\"https:\\\/\\\/schema.org\",\"@graph\":[{\"@type\":\"Article\",\"@id\":\"https:\\\/\\\/news.save.ch\\\/die-zehn-gefaehrlichsten-krisenausloeser\\\/#article\",\"isPartOf\":{\"@id\":\"https:\\\/\\\/news.save.ch\\\/die-zehn-gefaehrlichsten-krisenausloeser\\\/\"},\"author\":{\"name\":\"Roger Str\u00e4ssle\",\"@id\":\"https:\\\/\\\/news.save.ch\\\/de\\\/#\\\/schema\\\/person\\\/d5022db048e0e2b9785c50e5b24da5aa\"},\"headline\":\"Die zehn gef\u00e4hrlichsten Krisenausl\u00f6ser\",\"datePublished\":\"2019-10-16T07:48:00+00:00\",\"mainEntityOfPage\":{\"@id\":\"https:\\\/\\\/news.save.ch\\\/die-zehn-gefaehrlichsten-krisenausloeser\\\/\"},\"wordCount\":204,\"commentCount\":0,\"publisher\":{\"@id\":\"https:\\\/\\\/news.save.ch\\\/de\\\/#organization\"},\"image\":{\"@id\":\"https:\\\/\\\/news.save.ch\\\/die-zehn-gefaehrlichsten-krisenausloeser\\\/#primaryimage\"},\"thumbnailUrl\":\"https:\\\/\\\/news.save.ch\\\/wp-content\\\/uploads\\\/2019\\\/10\\\/Depositphotos_134534214_l-2015_bearbeitet-1-1-scaled.jpg\",\"keywords\":[\"Compliance\",\"Krisenkommunikation\",\"Reputation\"],\"articleSection\":[\"ALLGEMEIN\"],\"inLanguage\":\"fr-FR\"},{\"@type\":\"WebPage\",\"@id\":\"https:\\\/\\\/news.save.ch\\\/die-zehn-gefaehrlichsten-krisenausloeser\\\/\",\"url\":\"https:\\\/\\\/news.save.ch\\\/die-zehn-gefaehrlichsten-krisenausloeser\\\/\",\"name\":\"Die zehn gef\u00e4hrlichsten Krisenausl\u00f6ser - Save\",\"isPartOf\":{\"@id\":\"https:\\\/\\\/news.save.ch\\\/de\\\/#website\"},\"primaryImageOfPage\":{\"@id\":\"https:\\\/\\\/news.save.ch\\\/die-zehn-gefaehrlichsten-krisenausloeser\\\/#primaryimage\"},\"image\":{\"@id\":\"https:\\\/\\\/news.save.ch\\\/die-zehn-gefaehrlichsten-krisenausloeser\\\/#primaryimage\"},\"thumbnailUrl\":\"https:\\\/\\\/news.save.ch\\\/wp-content\\\/uploads\\\/2019\\\/10\\\/Depositphotos_134534214_l-2015_bearbeitet-1-1-scaled.jpg\",\"datePublished\":\"2019-10-16T07:48:00+00:00\",\"description\":\"Krisenkommunikation: Welches sind die gef\u00e4hrlichsten Krisenausl\u00f6ser im Unternehmen, was sagt der aktuelle PR-Trendmonitor?\",\"breadcrumb\":{\"@id\":\"https:\\\/\\\/news.save.ch\\\/die-zehn-gefaehrlichsten-krisenausloeser\\\/#breadcrumb\"},\"inLanguage\":\"fr-FR\",\"potentialAction\":[{\"@type\":\"ReadAction\",\"target\":[\"https:\\\/\\\/news.save.ch\\\/die-zehn-gefaehrlichsten-krisenausloeser\\\/\"]}]},{\"@type\":\"ImageObject\",\"inLanguage\":\"fr-FR\",\"@id\":\"https:\\\/\\\/news.save.ch\\\/die-zehn-gefaehrlichsten-krisenausloeser\\\/#primaryimage\",\"url\":\"https:\\\/\\\/news.save.ch\\\/wp-content\\\/uploads\\\/2019\\\/10\\\/Depositphotos_134534214_l-2015_bearbeitet-1-1-scaled.jpg\",\"contentUrl\":\"https:\\\/\\\/news.save.ch\\\/wp-content\\\/uploads\\\/2019\\\/10\\\/Depositphotos_134534214_l-2015_bearbeitet-1-1-scaled.jpg\",\"width\":1400,\"height\":853,\"caption\":\"\u00a9 depositphotos, alphaspirit\"},{\"@type\":\"BreadcrumbList\",\"@id\":\"https:\\\/\\\/news.save.ch\\\/die-zehn-gefaehrlichsten-krisenausloeser\\\/#breadcrumb\",\"itemListElement\":[{\"@type\":\"ListItem\",\"position\":1,\"name\":\"Home\",\"item\":\"https:\\\/\\\/news.save.ch\\\/de\\\/\"},{\"@type\":\"ListItem\",\"position\":2,\"name\":\"Die zehn gef\u00e4hrlichsten Krisenausl\u00f6ser\"}]},{\"@type\":\"WebSite\",\"@id\":\"https:\\\/\\\/news.save.ch\\\/de\\\/#website\",\"url\":\"https:\\\/\\\/news.save.ch\\\/de\\\/\",\"name\":\"Save\",\"description\":\"Schweizer Fachzeitschrift f\u00fcr Sicherheit\",\"publisher\":{\"@id\":\"https:\\\/\\\/news.save.ch\\\/de\\\/#organization\"},\"potentialAction\":[{\"@type\":\"SearchAction\",\"target\":{\"@type\":\"EntryPoint\",\"urlTemplate\":\"https:\\\/\\\/news.save.ch\\\/de\\\/?s={search_term_string}\"},\"query-input\":{\"@type\":\"PropertyValueSpecification\",\"valueRequired\":true,\"valueName\":\"search_term_string\"}}],\"inLanguage\":\"fr-FR\"},{\"@type\":\"Organization\",\"@id\":\"https:\\\/\\\/news.save.ch\\\/de\\\/#organization\",\"name\":\"Sicherheitsforum\",\"url\":\"https:\\\/\\\/news.save.ch\\\/de\\\/\",\"logo\":{\"@type\":\"ImageObject\",\"inLanguage\":\"fr-FR\",\"@id\":\"https:\\\/\\\/news.save.ch\\\/de\\\/#\\\/schema\\\/logo\\\/image\\\/\",\"url\":\"https:\\\/\\\/news.save.ch\\\/wp-content\\\/uploads\\\/2022\\\/06\\\/Logo_SF_2012.png\",\"contentUrl\":\"https:\\\/\\\/news.save.ch\\\/wp-content\\\/uploads\\\/2022\\\/06\\\/Logo_SF_2012.png\",\"width\":1100,\"height\":91,\"caption\":\"Sicherheitsforum\"},\"image\":{\"@id\":\"https:\\\/\\\/news.save.ch\\\/de\\\/#\\\/schema\\\/logo\\\/image\\\/\"}},{\"@type\":\"Person\",\"@id\":\"https:\\\/\\\/news.save.ch\\\/de\\\/#\\\/schema\\\/person\\\/d5022db048e0e2b9785c50e5b24da5aa\",\"name\":\"Roger Str\u00e4ssle\",\"image\":{\"@type\":\"ImageObject\",\"inLanguage\":\"fr-FR\",\"@id\":\"https:\\\/\\\/secure.gravatar.com\\\/avatar\\\/862a5569d087de48e5856e32f45d719a03804c891d6deb8d4f71a660e79e4a47?s=96&d=mm&r=g\",\"url\":\"https:\\\/\\\/secure.gravatar.com\\\/avatar\\\/862a5569d087de48e5856e32f45d719a03804c891d6deb8d4f71a660e79e4a47?s=96&d=mm&r=g\",\"contentUrl\":\"https:\\\/\\\/secure.gravatar.com\\\/avatar\\\/862a5569d087de48e5856e32f45d719a03804c891d6deb8d4f71a660e79e4a47?s=96&d=mm&r=g\",\"caption\":\"Roger Str\u00e4ssle\"},\"url\":\"https:\\\/\\\/news.save.ch\\\/fr\\\/author\\\/roger-straessle\\\/\"}]}<\/script>\n<!-- \/ Yoast SEO plugin. -->","yoast_head_json":{"title":"Les dix d\u00e9clencheurs de crise les plus dangereux - Save","description":"Communication de crise : quels sont les d\u00e9clencheurs de crise les plus dangereux dans l'entreprise, que dit le Trendmonitor actuel des RP ?","robots":{"index":"index","follow":"follow","max-snippet":"max-snippet:-1","max-image-preview":"max-image-preview:large","max-video-preview":"max-video-preview:-1"},"canonical":"https:\/\/news.save.ch\/fr\/die-zehn-gefaehrlichsten-krisenausloeser\/","og_locale":"fr_FR","og_type":"article","og_title":"Die zehn gef\u00e4hrlichsten Krisenausl\u00f6ser - Save","og_description":"Krisenkommunikation: Welches sind die gef\u00e4hrlichsten Krisenausl\u00f6ser im Unternehmen, was sagt der aktuelle PR-Trendmonitor?","og_url":"https:\/\/news.save.ch\/fr\/die-zehn-gefaehrlichsten-krisenausloeser\/","og_site_name":"Save","article_published_time":"2019-10-16T07:48:00+00:00","og_image":[{"width":1400,"height":853,"url":"https:\/\/news.save.ch\/wp-content\/uploads\/2019\/10\/Depositphotos_134534214_l-2015_bearbeitet-1-1-scaled.jpg","type":"image\/jpeg"}],"author":"Roger Str\u00e4ssle","twitter_card":"summary_large_image","twitter_misc":{"\u00c9crit par":"Roger Str\u00e4ssle","Dur\u00e9e de lecture estim\u00e9e":"1 minute"},"schema":{"@context":"https:\/\/schema.org","@graph":[{"@type":"Article","@id":"https:\/\/news.save.ch\/die-zehn-gefaehrlichsten-krisenausloeser\/#article","isPartOf":{"@id":"https:\/\/news.save.ch\/die-zehn-gefaehrlichsten-krisenausloeser\/"},"author":{"name":"Roger Str\u00e4ssle","@id":"https:\/\/news.save.ch\/de\/#\/schema\/person\/d5022db048e0e2b9785c50e5b24da5aa"},"headline":"Die zehn gef\u00e4hrlichsten Krisenausl\u00f6ser","datePublished":"2019-10-16T07:48:00+00:00","mainEntityOfPage":{"@id":"https:\/\/news.save.ch\/die-zehn-gefaehrlichsten-krisenausloeser\/"},"wordCount":204,"commentCount":0,"publisher":{"@id":"https:\/\/news.save.ch\/de\/#organization"},"image":{"@id":"https:\/\/news.save.ch\/die-zehn-gefaehrlichsten-krisenausloeser\/#primaryimage"},"thumbnailUrl":"https:\/\/news.save.ch\/wp-content\/uploads\/2019\/10\/Depositphotos_134534214_l-2015_bearbeitet-1-1-scaled.jpg","keywords":["Compliance","Krisenkommunikation","Reputation"],"articleSection":["ALLGEMEIN"],"inLanguage":"fr-FR"},{"@type":"WebPage","@id":"https:\/\/news.save.ch\/die-zehn-gefaehrlichsten-krisenausloeser\/","url":"https:\/\/news.save.ch\/die-zehn-gefaehrlichsten-krisenausloeser\/","name":"Les dix d\u00e9clencheurs de crise les plus dangereux - Save","isPartOf":{"@id":"https:\/\/news.save.ch\/de\/#website"},"primaryImageOfPage":{"@id":"https:\/\/news.save.ch\/die-zehn-gefaehrlichsten-krisenausloeser\/#primaryimage"},"image":{"@id":"https:\/\/news.save.ch\/die-zehn-gefaehrlichsten-krisenausloeser\/#primaryimage"},"thumbnailUrl":"https:\/\/news.save.ch\/wp-content\/uploads\/2019\/10\/Depositphotos_134534214_l-2015_bearbeitet-1-1-scaled.jpg","datePublished":"2019-10-16T07:48:00+00:00","description":"Communication de crise : quels sont les d\u00e9clencheurs de crise les plus dangereux dans l'entreprise, que dit le Trendmonitor actuel des RP ?","breadcrumb":{"@id":"https:\/\/news.save.ch\/die-zehn-gefaehrlichsten-krisenausloeser\/#breadcrumb"},"inLanguage":"fr-FR","potentialAction":[{"@type":"ReadAction","target":["https:\/\/news.save.ch\/die-zehn-gefaehrlichsten-krisenausloeser\/"]}]},{"@type":"ImageObject","inLanguage":"fr-FR","@id":"https:\/\/news.save.ch\/die-zehn-gefaehrlichsten-krisenausloeser\/#primaryimage","url":"https:\/\/news.save.ch\/wp-content\/uploads\/2019\/10\/Depositphotos_134534214_l-2015_bearbeitet-1-1-scaled.jpg","contentUrl":"https:\/\/news.save.ch\/wp-content\/uploads\/2019\/10\/Depositphotos_134534214_l-2015_bearbeitet-1-1-scaled.jpg","width":1400,"height":853,"caption":"\u00a9 depositphotos, alphaspirit"},{"@type":"BreadcrumbList","@id":"https:\/\/news.save.ch\/die-zehn-gefaehrlichsten-krisenausloeser\/#breadcrumb","itemListElement":[{"@type":"ListItem","position":1,"name":"Home","item":"https:\/\/news.save.ch\/de\/"},{"@type":"ListItem","position":2,"name":"Die zehn gef\u00e4hrlichsten Krisenausl\u00f6ser"}]},{"@type":"WebSite","@id":"https:\/\/news.save.ch\/de\/#website","url":"https:\/\/news.save.ch\/de\/","name":"Save","description":"Revue suisse sp\u00e9cialis\u00e9e dans la s\u00e9curit\u00e9","publisher":{"@id":"https:\/\/news.save.ch\/de\/#organization"},"potentialAction":[{"@type":"SearchAction","target":{"@type":"EntryPoint","urlTemplate":"https:\/\/news.save.ch\/de\/?s={search_term_string}"},"query-input":{"@type":"PropertyValueSpecification","valueRequired":true,"valueName":"search_term_string"}}],"inLanguage":"fr-FR"},{"@type":"Organization","@id":"https:\/\/news.save.ch\/de\/#organization","name":"Forum sur la s\u00e9curit\u00e9","url":"https:\/\/news.save.ch\/de\/","logo":{"@type":"ImageObject","inLanguage":"fr-FR","@id":"https:\/\/news.save.ch\/de\/#\/schema\/logo\/image\/","url":"https:\/\/news.save.ch\/wp-content\/uploads\/2022\/06\/Logo_SF_2012.png","contentUrl":"https:\/\/news.save.ch\/wp-content\/uploads\/2022\/06\/Logo_SF_2012.png","width":1100,"height":91,"caption":"Sicherheitsforum"},"image":{"@id":"https:\/\/news.save.ch\/de\/#\/schema\/logo\/image\/"}},{"@type":"Person","@id":"https:\/\/news.save.ch\/de\/#\/schema\/person\/d5022db048e0e2b9785c50e5b24da5aa","name":"Roger Str\u00e4ssle","image":{"@type":"ImageObject","inLanguage":"fr-FR","@id":"https:\/\/secure.gravatar.com\/avatar\/862a5569d087de48e5856e32f45d719a03804c891d6deb8d4f71a660e79e4a47?s=96&d=mm&r=g","url":"https:\/\/secure.gravatar.com\/avatar\/862a5569d087de48e5856e32f45d719a03804c891d6deb8d4f71a660e79e4a47?s=96&d=mm&r=g","contentUrl":"https:\/\/secure.gravatar.com\/avatar\/862a5569d087de48e5856e32f45d719a03804c891d6deb8d4f71a660e79e4a47?s=96&d=mm&r=g","caption":"Roger Str\u00e4ssle"},"url":"https:\/\/news.save.ch\/fr\/author\/roger-straessle\/"}]}},"_links":{"self":[{"href":"https:\/\/news.save.ch\/fr\/wp-json\/wp\/v2\/posts\/8888","targetHints":{"allow":["GET"]}}],"collection":[{"href":"https:\/\/news.save.ch\/fr\/wp-json\/wp\/v2\/posts"}],"about":[{"href":"https:\/\/news.save.ch\/fr\/wp-json\/wp\/v2\/types\/post"}],"author":[{"embeddable":true,"href":"https:\/\/news.save.ch\/fr\/wp-json\/wp\/v2\/users\/8"}],"replies":[{"embeddable":true,"href":"https:\/\/news.save.ch\/fr\/wp-json\/wp\/v2\/comments?post=8888"}],"version-history":[{"count":0,"href":"https:\/\/news.save.ch\/fr\/wp-json\/wp\/v2\/posts\/8888\/revisions"}],"wp:featuredmedia":[{"embeddable":true,"href":"https:\/\/news.save.ch\/fr\/wp-json\/wp\/v2\/media\/8889"}],"wp:attachment":[{"href":"https:\/\/news.save.ch\/fr\/wp-json\/wp\/v2\/media?parent=8888"}],"wp:term":[{"taxonomy":"category","embeddable":true,"href":"https:\/\/news.save.ch\/fr\/wp-json\/wp\/v2\/categories?post=8888"},{"taxonomy":"post_tag","embeddable":true,"href":"https:\/\/news.save.ch\/fr\/wp-json\/wp\/v2\/tags?post=8888"}],"curies":[{"name":"wp","href":"https:\/\/api.w.org\/{rel}","templated":true}]}}