{"id":8951,"date":"2019-11-01T14:21:45","date_gmt":"2019-11-01T13:21:45","guid":{"rendered":"https:\/\/news.save.ch\/?p=8951"},"modified":"2023-03-14T08:59:19","modified_gmt":"2023-03-14T07:59:19","slug":"was-sagen-befragte-zur-ueberwachung-im-privatbereich","status":null,"type":"post","link":"https:\/\/news.save.ch\/fr\/was-sagen-befragte-zur-ueberwachung-im-privatbereich\/","title":{"rendered":"S\u00e9curit\u00e9 \u00e0 domicile : que disent les personnes interrog\u00e9es ?"},"content":{"rendered":"<figure id=\"attachment_8952\" aria-describedby=\"caption-attachment-8952\" style=\"width: 680px\" class=\"wp-caption aligncenter\"><img loading=\"lazy\" decoding=\"async\" class=\"size-medium wp-image-8952\" src=\"https:\/\/news.save.ch\/wp-content\/uploads\/2019\/11\/Depositphotos_212538716_s-2019.jpg\" alt=\"\" width=\"680\" height=\"454\" srcset=\"https:\/\/news.save.ch\/wp-content\/uploads\/2019\/11\/Depositphotos_212538716_s-2019.jpg 1000w, https:\/\/news.save.ch\/wp-content\/uploads\/2019\/11\/Depositphotos_212538716_s-2019-375x250.jpg 375w\" sizes=\"auto, (max-width: 680px) 100vw, 680px\" \/><figcaption id=\"caption-attachment-8952\" class=\"wp-caption-text\">\u00a9 depositphotos, luckybusiness<\/figcaption><\/figure>\n<p>&nbsp;<\/p>\n<p>Il existe diff\u00e9rentes raisons pour lesquelles une cam\u00e9ra de surveillance est utilis\u00e9e : La raison la plus souvent cit\u00e9e est \"la pr\u00e9servation de preuves en cas de vol\" (bien 80%), selon Homegate.<\/p>\n<p>Les personnes qui rendent visite \u00e0 des amis ou \u00e0 des connaissances ne souhaitent peut-\u00eatre pas n\u00e9cessairement \u00eatre surveill\u00e9es par cam\u00e9ra. L'enqu\u00eate a montr\u00e9 que plus de 50% des personnes interrog\u00e9es consid\u00e8rent qu'il est immoral de surveiller des personnes \u00e0 leur insu chez elles. Un bon quart est d'avis qu'une trop grande surveillance est en principe mauvaise, comme l'\u00e9crit Homegate. Au Tessin, un tiers des participants consid\u00e9rerait toutefois la surveillance vid\u00e9o des b\u00e9b\u00e9s ou des animaux domestiques comme un avantage en mati\u00e8re de s\u00e9curit\u00e9.<\/p>\n<p><strong>La lumi\u00e8re comme protection contre les cambriolages <\/strong><\/p>\n<p>Environ un tiers des personnes interrog\u00e9es ont indiqu\u00e9 que leur domicile ou celui de leurs voisins avait d\u00e9j\u00e0 \u00e9t\u00e9 cambriol\u00e9. 16% des personnes interrog\u00e9es en Suisse romande en ont d\u00e9j\u00e0 fait l'exp\u00e9rience. Avec seulement 7%, cette proportion est nettement plus faible au Tessin. Les voleurs visitent souvent les personnes de 55 ans et plus (23%) et les m\u00e9nages de plusieurs personnes sans enfants (16%), comme le montre l'enqu\u00eate.<\/p>\n<p>Comment les habitants se prot\u00e8gent-ils des cambrioleurs ? \"\u00c9viter autant que possible de laisser des traces de son absence\" est une mesure fr\u00e9quemment cit\u00e9e (38%). Laisser la lumi\u00e8re allum\u00e9e\" ou une minuterie est cit\u00e9e en deuxi\u00e8me position (32%). La fermeture des volets est mentionn\u00e9e en troisi\u00e8me position (24%), suivie d'un syst\u00e8me d'alarme (13%) et d'un gardien appel\u00e9 chien (10%).<\/p>\n<p>Il serait int\u00e9ressant de savoir si les participants au sondage, en particulier ceux qui occupent la premi\u00e8re place, diffusent \u00e0 chaque fois des messages du type \"Hourra, nous sommes en vacances\" sur Facebook et autres en cas d'absence ...<\/p>\n<p><em>Conception de l'\u00e9tude : <\/em>Selon les informations fournies, l'\u00e9tude comprend une analyse syst\u00e9matique des conditions de logement des personnes r\u00e9sidant en Suisse. Pour ce faire, 1'294 personnes \u00e2g\u00e9es de 18 \u00e0 74 ans ont \u00e9t\u00e9 interrog\u00e9es en Suisse al\u00e9manique, romande et italienne.<em>\u00a0(rs)<\/em><\/p>\n<p><em>Source : \u00e9tude th\u00e9matique suisse Tamedia\/homegate.ch<\/em><\/p>\n<p>&nbsp;<\/p>","protected":false},"excerpt":{"rendered":"<p>&nbsp; Es gibt verschiedene Gr\u00fcnde, weshalb eine \u00dcberwachungskamera eingesetzt wird: Der h\u00e4ufigst genannte Grund sei \u00abdie Sicherung von Beweismaterial bei Diebst\u00e4hlen\u00bb (gut 80%), so Homegate. Wer Freunde oder Bekannte besucht, m\u00f6chte wom\u00f6glich nicht unbedingt via Kamera \u00fcberwacht werden. Die Umfrage hat denn auch gezeigt, dass \u00fcber 50% der Befragten eine \u00dcberwachung von Personen ohne deren [&hellip;]<\/p>\n","protected":false},"author":8,"featured_media":8952,"comment_status":"open","ping_status":"open","sticky":false,"template":"","format":"standard","meta":{"_acf_changed":false,"pgc_sgb_lightbox_settings":"","footnotes":""},"categories":[3312],"tags":[367,78],"class_list":["post-8951","post","type-post","status-publish","format-standard","has-post-thumbnail","hentry","category-sicherheit","tag-umfrage","tag-videoueberwachung"],"acf":[],"hkrextid":null,"publication":null,"issue":null,"workflow":null,"startPage":null,"spitzmarke":null,"_posts_by_tag_page_fields":{"widget_title":"","widget_tags":""},"_at_widget":"1","_yoast_wpseo_primary_category":"529","_yoast_wpseo_focuskw_text_input":"Home Security","_yoast_wpseo_opengraph-image":null,"_yoast_wpseo_opengraph-description":null,"_yoast_wpseo_opengraph-title":null,"enclosure":null,"_yoast_wpseo_twitter-title":null,"_yoast_wpseo_twitter-description":null,"_yoast_wpseo_twitter-image":null,"_wp_old_slug":null,"_yoast_wpseo_title":null,"_yoast_wpseo_canonical":null,"yoast_head":"<!-- This site is optimized with the Yoast SEO plugin v27.5 - https:\/\/yoast.com\/product\/yoast-seo-wordpress\/ -->\n<title>Sicherheit im eigenen Zuhause: Was sagen Befragte? - Save<\/title>\n<meta name=\"description\" content=\"Sicherheit im eigenen Zuhause: Video\u00fcberwachung gilt als unmoralisch. Das jedenfalls sagte eine Mehrheit in einer Umfrage.\" \/>\n<meta name=\"robots\" content=\"index, follow, max-snippet:-1, max-image-preview:large, max-video-preview:-1\" \/>\n<link rel=\"canonical\" href=\"https:\/\/news.save.ch\/fr\/was-sagen-befragte-zur-ueberwachung-im-privatbereich\/\" \/>\n<meta property=\"og:locale\" content=\"fr_FR\" \/>\n<meta property=\"og:type\" content=\"article\" \/>\n<meta property=\"og:title\" content=\"Sicherheit im eigenen Zuhause: Was sagen Befragte? - Save\" \/>\n<meta property=\"og:description\" content=\"Sicherheit im eigenen Zuhause: Video\u00fcberwachung gilt als unmoralisch. Das jedenfalls sagte eine Mehrheit in einer Umfrage.\" \/>\n<meta property=\"og:url\" content=\"https:\/\/news.save.ch\/fr\/was-sagen-befragte-zur-ueberwachung-im-privatbereich\/\" \/>\n<meta property=\"og:site_name\" content=\"Save\" \/>\n<meta property=\"article:published_time\" content=\"2019-11-01T13:21:45+00:00\" \/>\n<meta property=\"article:modified_time\" content=\"2023-03-14T07:59:19+00:00\" \/>\n<meta property=\"og:image\" content=\"https:\/\/news.save.ch\/wp-content\/uploads\/2019\/11\/Depositphotos_212538716_s-2019.jpg\" \/>\n\t<meta property=\"og:image:width\" content=\"1000\" \/>\n\t<meta property=\"og:image:height\" content=\"667\" \/>\n\t<meta property=\"og:image:type\" content=\"image\/jpeg\" \/>\n<meta name=\"author\" content=\"Roger Str\u00e4ssle\" \/>\n<meta name=\"twitter:card\" content=\"summary_large_image\" \/>\n<meta name=\"twitter:label1\" content=\"\u00c9crit par\" \/>\n\t<meta name=\"twitter:data1\" content=\"Roger Str\u00e4ssle\" \/>\n\t<meta name=\"twitter:label2\" content=\"Dur\u00e9e de lecture estim\u00e9e\" \/>\n\t<meta name=\"twitter:data2\" content=\"1 minute\" \/>\n<script type=\"application\/ld+json\" class=\"yoast-schema-graph\">{\"@context\":\"https:\\\/\\\/schema.org\",\"@graph\":[{\"@type\":\"Article\",\"@id\":\"https:\\\/\\\/news.save.ch\\\/was-sagen-befragte-zur-ueberwachung-im-privatbereich\\\/#article\",\"isPartOf\":{\"@id\":\"https:\\\/\\\/news.save.ch\\\/was-sagen-befragte-zur-ueberwachung-im-privatbereich\\\/\"},\"author\":{\"name\":\"Roger Str\u00e4ssle\",\"@id\":\"https:\\\/\\\/news.save.ch\\\/de\\\/#\\\/schema\\\/person\\\/d5022db048e0e2b9785c50e5b24da5aa\"},\"headline\":\"Sicherheit im eigenen Zuhause: Was sagen Befragte?\",\"datePublished\":\"2019-11-01T13:21:45+00:00\",\"dateModified\":\"2023-03-14T07:59:19+00:00\",\"mainEntityOfPage\":{\"@id\":\"https:\\\/\\\/news.save.ch\\\/was-sagen-befragte-zur-ueberwachung-im-privatbereich\\\/\"},\"wordCount\":298,\"commentCount\":0,\"publisher\":{\"@id\":\"https:\\\/\\\/news.save.ch\\\/de\\\/#organization\"},\"image\":{\"@id\":\"https:\\\/\\\/news.save.ch\\\/was-sagen-befragte-zur-ueberwachung-im-privatbereich\\\/#primaryimage\"},\"thumbnailUrl\":\"https:\\\/\\\/news.save.ch\\\/wp-content\\\/uploads\\\/2019\\\/11\\\/Depositphotos_212538716_s-2019.jpg\",\"keywords\":[\"Umfrage\",\"Video\u00fcberwachung\"],\"articleSection\":[\"SICHERHEIT\"],\"inLanguage\":\"fr-FR\"},{\"@type\":\"WebPage\",\"@id\":\"https:\\\/\\\/news.save.ch\\\/was-sagen-befragte-zur-ueberwachung-im-privatbereich\\\/\",\"url\":\"https:\\\/\\\/news.save.ch\\\/was-sagen-befragte-zur-ueberwachung-im-privatbereich\\\/\",\"name\":\"Sicherheit im eigenen Zuhause: Was sagen Befragte? - Save\",\"isPartOf\":{\"@id\":\"https:\\\/\\\/news.save.ch\\\/de\\\/#website\"},\"primaryImageOfPage\":{\"@id\":\"https:\\\/\\\/news.save.ch\\\/was-sagen-befragte-zur-ueberwachung-im-privatbereich\\\/#primaryimage\"},\"image\":{\"@id\":\"https:\\\/\\\/news.save.ch\\\/was-sagen-befragte-zur-ueberwachung-im-privatbereich\\\/#primaryimage\"},\"thumbnailUrl\":\"https:\\\/\\\/news.save.ch\\\/wp-content\\\/uploads\\\/2019\\\/11\\\/Depositphotos_212538716_s-2019.jpg\",\"datePublished\":\"2019-11-01T13:21:45+00:00\",\"dateModified\":\"2023-03-14T07:59:19+00:00\",\"description\":\"Sicherheit im eigenen Zuhause: Video\u00fcberwachung gilt als unmoralisch. Das jedenfalls sagte eine Mehrheit in einer Umfrage.\",\"breadcrumb\":{\"@id\":\"https:\\\/\\\/news.save.ch\\\/was-sagen-befragte-zur-ueberwachung-im-privatbereich\\\/#breadcrumb\"},\"inLanguage\":\"fr-FR\",\"potentialAction\":[{\"@type\":\"ReadAction\",\"target\":[\"https:\\\/\\\/news.save.ch\\\/was-sagen-befragte-zur-ueberwachung-im-privatbereich\\\/\"]}]},{\"@type\":\"ImageObject\",\"inLanguage\":\"fr-FR\",\"@id\":\"https:\\\/\\\/news.save.ch\\\/was-sagen-befragte-zur-ueberwachung-im-privatbereich\\\/#primaryimage\",\"url\":\"https:\\\/\\\/news.save.ch\\\/wp-content\\\/uploads\\\/2019\\\/11\\\/Depositphotos_212538716_s-2019.jpg\",\"contentUrl\":\"https:\\\/\\\/news.save.ch\\\/wp-content\\\/uploads\\\/2019\\\/11\\\/Depositphotos_212538716_s-2019.jpg\",\"width\":1000,\"height\":667,\"caption\":\"\u00a9 depositphotos, luckybusiness\"},{\"@type\":\"BreadcrumbList\",\"@id\":\"https:\\\/\\\/news.save.ch\\\/was-sagen-befragte-zur-ueberwachung-im-privatbereich\\\/#breadcrumb\",\"itemListElement\":[{\"@type\":\"ListItem\",\"position\":1,\"name\":\"Home\",\"item\":\"https:\\\/\\\/news.save.ch\\\/de\\\/\"},{\"@type\":\"ListItem\",\"position\":2,\"name\":\"Sicherheit im eigenen Zuhause: Was sagen Befragte?\"}]},{\"@type\":\"WebSite\",\"@id\":\"https:\\\/\\\/news.save.ch\\\/de\\\/#website\",\"url\":\"https:\\\/\\\/news.save.ch\\\/de\\\/\",\"name\":\"Save\",\"description\":\"Schweizer Fachzeitschrift f\u00fcr Sicherheit\",\"publisher\":{\"@id\":\"https:\\\/\\\/news.save.ch\\\/de\\\/#organization\"},\"potentialAction\":[{\"@type\":\"SearchAction\",\"target\":{\"@type\":\"EntryPoint\",\"urlTemplate\":\"https:\\\/\\\/news.save.ch\\\/de\\\/?s={search_term_string}\"},\"query-input\":{\"@type\":\"PropertyValueSpecification\",\"valueRequired\":true,\"valueName\":\"search_term_string\"}}],\"inLanguage\":\"fr-FR\"},{\"@type\":\"Organization\",\"@id\":\"https:\\\/\\\/news.save.ch\\\/de\\\/#organization\",\"name\":\"Sicherheitsforum\",\"url\":\"https:\\\/\\\/news.save.ch\\\/de\\\/\",\"logo\":{\"@type\":\"ImageObject\",\"inLanguage\":\"fr-FR\",\"@id\":\"https:\\\/\\\/news.save.ch\\\/de\\\/#\\\/schema\\\/logo\\\/image\\\/\",\"url\":\"https:\\\/\\\/news.save.ch\\\/wp-content\\\/uploads\\\/2022\\\/06\\\/Logo_SF_2012.png\",\"contentUrl\":\"https:\\\/\\\/news.save.ch\\\/wp-content\\\/uploads\\\/2022\\\/06\\\/Logo_SF_2012.png\",\"width\":1100,\"height\":91,\"caption\":\"Sicherheitsforum\"},\"image\":{\"@id\":\"https:\\\/\\\/news.save.ch\\\/de\\\/#\\\/schema\\\/logo\\\/image\\\/\"}},{\"@type\":\"Person\",\"@id\":\"https:\\\/\\\/news.save.ch\\\/de\\\/#\\\/schema\\\/person\\\/d5022db048e0e2b9785c50e5b24da5aa\",\"name\":\"Roger Str\u00e4ssle\",\"image\":{\"@type\":\"ImageObject\",\"inLanguage\":\"fr-FR\",\"@id\":\"https:\\\/\\\/secure.gravatar.com\\\/avatar\\\/862a5569d087de48e5856e32f45d719a03804c891d6deb8d4f71a660e79e4a47?s=96&d=mm&r=g\",\"url\":\"https:\\\/\\\/secure.gravatar.com\\\/avatar\\\/862a5569d087de48e5856e32f45d719a03804c891d6deb8d4f71a660e79e4a47?s=96&d=mm&r=g\",\"contentUrl\":\"https:\\\/\\\/secure.gravatar.com\\\/avatar\\\/862a5569d087de48e5856e32f45d719a03804c891d6deb8d4f71a660e79e4a47?s=96&d=mm&r=g\",\"caption\":\"Roger Str\u00e4ssle\"},\"url\":\"https:\\\/\\\/news.save.ch\\\/fr\\\/author\\\/roger-straessle\\\/\"}]}<\/script>\n<!-- \/ Yoast SEO plugin. -->","yoast_head_json":{"title":"S\u00e9curit\u00e9 \u00e0 domicile : que disent les personnes interrog\u00e9es ? - Save","description":"S\u00e9curit\u00e9 \u00e0 domicile : la vid\u00e9osurveillance est consid\u00e9r\u00e9e comme immorale. C'est en tout cas ce qu'a d\u00e9clar\u00e9 une majorit\u00e9 lors d'un sondage.","robots":{"index":"index","follow":"follow","max-snippet":"max-snippet:-1","max-image-preview":"max-image-preview:large","max-video-preview":"max-video-preview:-1"},"canonical":"https:\/\/news.save.ch\/fr\/was-sagen-befragte-zur-ueberwachung-im-privatbereich\/","og_locale":"fr_FR","og_type":"article","og_title":"Sicherheit im eigenen Zuhause: Was sagen Befragte? - Save","og_description":"Sicherheit im eigenen Zuhause: Video\u00fcberwachung gilt als unmoralisch. Das jedenfalls sagte eine Mehrheit in einer Umfrage.","og_url":"https:\/\/news.save.ch\/fr\/was-sagen-befragte-zur-ueberwachung-im-privatbereich\/","og_site_name":"Save","article_published_time":"2019-11-01T13:21:45+00:00","article_modified_time":"2023-03-14T07:59:19+00:00","og_image":[{"width":1000,"height":667,"url":"https:\/\/news.save.ch\/wp-content\/uploads\/2019\/11\/Depositphotos_212538716_s-2019.jpg","type":"image\/jpeg"}],"author":"Roger Str\u00e4ssle","twitter_card":"summary_large_image","twitter_misc":{"\u00c9crit par":"Roger Str\u00e4ssle","Dur\u00e9e de lecture estim\u00e9e":"1 minute"},"schema":{"@context":"https:\/\/schema.org","@graph":[{"@type":"Article","@id":"https:\/\/news.save.ch\/was-sagen-befragte-zur-ueberwachung-im-privatbereich\/#article","isPartOf":{"@id":"https:\/\/news.save.ch\/was-sagen-befragte-zur-ueberwachung-im-privatbereich\/"},"author":{"name":"Roger Str\u00e4ssle","@id":"https:\/\/news.save.ch\/de\/#\/schema\/person\/d5022db048e0e2b9785c50e5b24da5aa"},"headline":"Sicherheit im eigenen Zuhause: Was sagen Befragte?","datePublished":"2019-11-01T13:21:45+00:00","dateModified":"2023-03-14T07:59:19+00:00","mainEntityOfPage":{"@id":"https:\/\/news.save.ch\/was-sagen-befragte-zur-ueberwachung-im-privatbereich\/"},"wordCount":298,"commentCount":0,"publisher":{"@id":"https:\/\/news.save.ch\/de\/#organization"},"image":{"@id":"https:\/\/news.save.ch\/was-sagen-befragte-zur-ueberwachung-im-privatbereich\/#primaryimage"},"thumbnailUrl":"https:\/\/news.save.ch\/wp-content\/uploads\/2019\/11\/Depositphotos_212538716_s-2019.jpg","keywords":["Umfrage","Video\u00fcberwachung"],"articleSection":["SICHERHEIT"],"inLanguage":"fr-FR"},{"@type":"WebPage","@id":"https:\/\/news.save.ch\/was-sagen-befragte-zur-ueberwachung-im-privatbereich\/","url":"https:\/\/news.save.ch\/was-sagen-befragte-zur-ueberwachung-im-privatbereich\/","name":"S\u00e9curit\u00e9 \u00e0 domicile : que disent les personnes interrog\u00e9es ? - Save","isPartOf":{"@id":"https:\/\/news.save.ch\/de\/#website"},"primaryImageOfPage":{"@id":"https:\/\/news.save.ch\/was-sagen-befragte-zur-ueberwachung-im-privatbereich\/#primaryimage"},"image":{"@id":"https:\/\/news.save.ch\/was-sagen-befragte-zur-ueberwachung-im-privatbereich\/#primaryimage"},"thumbnailUrl":"https:\/\/news.save.ch\/wp-content\/uploads\/2019\/11\/Depositphotos_212538716_s-2019.jpg","datePublished":"2019-11-01T13:21:45+00:00","dateModified":"2023-03-14T07:59:19+00:00","description":"S\u00e9curit\u00e9 \u00e0 domicile : la vid\u00e9osurveillance est consid\u00e9r\u00e9e comme immorale. C'est en tout cas ce qu'a d\u00e9clar\u00e9 une majorit\u00e9 lors d'un sondage.","breadcrumb":{"@id":"https:\/\/news.save.ch\/was-sagen-befragte-zur-ueberwachung-im-privatbereich\/#breadcrumb"},"inLanguage":"fr-FR","potentialAction":[{"@type":"ReadAction","target":["https:\/\/news.save.ch\/was-sagen-befragte-zur-ueberwachung-im-privatbereich\/"]}]},{"@type":"ImageObject","inLanguage":"fr-FR","@id":"https:\/\/news.save.ch\/was-sagen-befragte-zur-ueberwachung-im-privatbereich\/#primaryimage","url":"https:\/\/news.save.ch\/wp-content\/uploads\/2019\/11\/Depositphotos_212538716_s-2019.jpg","contentUrl":"https:\/\/news.save.ch\/wp-content\/uploads\/2019\/11\/Depositphotos_212538716_s-2019.jpg","width":1000,"height":667,"caption":"\u00a9 depositphotos, luckybusiness"},{"@type":"BreadcrumbList","@id":"https:\/\/news.save.ch\/was-sagen-befragte-zur-ueberwachung-im-privatbereich\/#breadcrumb","itemListElement":[{"@type":"ListItem","position":1,"name":"Home","item":"https:\/\/news.save.ch\/de\/"},{"@type":"ListItem","position":2,"name":"Sicherheit im eigenen Zuhause: Was sagen Befragte?"}]},{"@type":"WebSite","@id":"https:\/\/news.save.ch\/de\/#website","url":"https:\/\/news.save.ch\/de\/","name":"Save","description":"Revue suisse sp\u00e9cialis\u00e9e dans la s\u00e9curit\u00e9","publisher":{"@id":"https:\/\/news.save.ch\/de\/#organization"},"potentialAction":[{"@type":"SearchAction","target":{"@type":"EntryPoint","urlTemplate":"https:\/\/news.save.ch\/de\/?s={search_term_string}"},"query-input":{"@type":"PropertyValueSpecification","valueRequired":true,"valueName":"search_term_string"}}],"inLanguage":"fr-FR"},{"@type":"Organization","@id":"https:\/\/news.save.ch\/de\/#organization","name":"Forum sur la s\u00e9curit\u00e9","url":"https:\/\/news.save.ch\/de\/","logo":{"@type":"ImageObject","inLanguage":"fr-FR","@id":"https:\/\/news.save.ch\/de\/#\/schema\/logo\/image\/","url":"https:\/\/news.save.ch\/wp-content\/uploads\/2022\/06\/Logo_SF_2012.png","contentUrl":"https:\/\/news.save.ch\/wp-content\/uploads\/2022\/06\/Logo_SF_2012.png","width":1100,"height":91,"caption":"Sicherheitsforum"},"image":{"@id":"https:\/\/news.save.ch\/de\/#\/schema\/logo\/image\/"}},{"@type":"Person","@id":"https:\/\/news.save.ch\/de\/#\/schema\/person\/d5022db048e0e2b9785c50e5b24da5aa","name":"Roger Str\u00e4ssle","image":{"@type":"ImageObject","inLanguage":"fr-FR","@id":"https:\/\/secure.gravatar.com\/avatar\/862a5569d087de48e5856e32f45d719a03804c891d6deb8d4f71a660e79e4a47?s=96&d=mm&r=g","url":"https:\/\/secure.gravatar.com\/avatar\/862a5569d087de48e5856e32f45d719a03804c891d6deb8d4f71a660e79e4a47?s=96&d=mm&r=g","contentUrl":"https:\/\/secure.gravatar.com\/avatar\/862a5569d087de48e5856e32f45d719a03804c891d6deb8d4f71a660e79e4a47?s=96&d=mm&r=g","caption":"Roger Str\u00e4ssle"},"url":"https:\/\/news.save.ch\/fr\/author\/roger-straessle\/"}]}},"_links":{"self":[{"href":"https:\/\/news.save.ch\/fr\/wp-json\/wp\/v2\/posts\/8951","targetHints":{"allow":["GET"]}}],"collection":[{"href":"https:\/\/news.save.ch\/fr\/wp-json\/wp\/v2\/posts"}],"about":[{"href":"https:\/\/news.save.ch\/fr\/wp-json\/wp\/v2\/types\/post"}],"author":[{"embeddable":true,"href":"https:\/\/news.save.ch\/fr\/wp-json\/wp\/v2\/users\/8"}],"replies":[{"embeddable":true,"href":"https:\/\/news.save.ch\/fr\/wp-json\/wp\/v2\/comments?post=8951"}],"version-history":[{"count":1,"href":"https:\/\/news.save.ch\/fr\/wp-json\/wp\/v2\/posts\/8951\/revisions"}],"predecessor-version":[{"id":17916,"href":"https:\/\/news.save.ch\/fr\/wp-json\/wp\/v2\/posts\/8951\/revisions\/17916"}],"wp:featuredmedia":[{"embeddable":true,"href":"https:\/\/news.save.ch\/fr\/wp-json\/wp\/v2\/media\/8952"}],"wp:attachment":[{"href":"https:\/\/news.save.ch\/fr\/wp-json\/wp\/v2\/media?parent=8951"}],"wp:term":[{"taxonomy":"category","embeddable":true,"href":"https:\/\/news.save.ch\/fr\/wp-json\/wp\/v2\/categories?post=8951"},{"taxonomy":"post_tag","embeddable":true,"href":"https:\/\/news.save.ch\/fr\/wp-json\/wp\/v2\/tags?post=8951"}],"curies":[{"name":"wp","href":"https:\/\/api.w.org\/{rel}","templated":true}]}}