{"id":8995,"date":"2019-11-11T15:32:06","date_gmt":"2019-11-11T14:32:06","guid":{"rendered":"https:\/\/news.save.ch\/?p=8995"},"modified":"2023-03-14T08:56:43","modified_gmt":"2023-03-14T07:56:43","slug":"bka-lagebericht-zeigt-cybercrime-steigt-weiter-an","status":null,"type":"post","link":"https:\/\/news.save.ch\/fr\/bka-lagebericht-zeigt-cybercrime-steigt-weiter-an\/","title":{"rendered":"Le rapport de situation du BKA montre que la cybercriminalit\u00e9 continue d'augmenter"},"content":{"rendered":"<figure id=\"attachment_8996\" aria-describedby=\"caption-attachment-8996\" style=\"width: 680px\" class=\"wp-caption aligncenter\"><img loading=\"lazy\" decoding=\"async\" class=\"size-medium wp-image-8996\" src=\"https:\/\/news.save.ch\/wp-content\/uploads\/2019\/11\/Depositphotos_194190330_l-2015.jpg\" alt=\"\" width=\"680\" height=\"454\" \/><figcaption id=\"caption-attachment-8996\" class=\"wp-caption-text\">\u00a9 depositphotos, stevanovicigor<\/figcaption><\/figure>\n<p>&nbsp;<\/p>\n<p>Le nombre de cyber-attaques en Allemagne a continu\u00e9 d'augmenter l'ann\u00e9e derni\u00e8re. Environ 87 000 cas de cybercriminalit\u00e9 ont \u00e9t\u00e9 enregistr\u00e9s par la police, soit 1% de plus que l'ann\u00e9e pr\u00e9c\u00e9dente. Une augmentation d'environ 5% (271 864 cas) a \u00e9galement \u00e9t\u00e9 enregistr\u00e9e dans le nombre de d\u00e9lits pour lesquels Internet a \u00e9t\u00e9 utilis\u00e9 comme moyen d'action en 2018. C'est ce qui ressort de l'image de la situation \"Cybercrime\" publi\u00e9e aujourd'hui par l'Office f\u00e9d\u00e9ral de la police criminelle (BKA). La diversit\u00e9 des cibles d'attaques num\u00e9riques fait que le volume total des logiciels malveillants d\u00e9tect\u00e9s ne cesse lui aussi d'augmenter.<\/p>\n<p><strong>Crime-as-a-Service<\/strong><\/p>\n<p>Les cybercriminels ne doivent pas n\u00e9cessairement cr\u00e9er eux-m\u00eames ces logiciels malveillants. Selon le BKA, une multitude d'offres ill\u00e9gales sont propos\u00e9es contre paiement sur les places de march\u00e9 du Clearnet, du Deepweb et du Darknet, par exemple pour lancer des attaques sur des r\u00e9seaux d'entreprises et des sites web ou pour faire programmer des virus. Ce mod\u00e8le commercial s'appelle \"Crime-as-a-Service\" et consiste \u00e0 vendre non seulement des logiciels malveillants, mais aussi des donn\u00e9es vol\u00e9es ou des services d'anonymisation.<\/p>\n<p>L'une de ces places de march\u00e9 \u00e9tait \"Webstresser\", une plateforme sp\u00e9cialis\u00e9e dans l'ex\u00e9cution d'attaques dites DDoS (Distributed Denial of Service) sur des sites web pour le compte de ses clients. Les attaques DDoS visent \u00e0 surcharger les sites web, les serveurs et les r\u00e9seaux de telle sorte qu'ils ne soient plus accessibles. Selon le BKA, le logiciel \"Webstresser\" permettait \u00e9galement \u00e0 des profanes de lancer ces attaques. En avril 2018, le site, qui \u00e9tait notamment h\u00e9berg\u00e9 \u00e0 Francfort-sur-le-Main, a \u00e9t\u00e9 retir\u00e9 du r\u00e9seau dans le cadre d'une mesure coordonn\u00e9e au niveau international par plusieurs autorit\u00e9s de poursuite p\u00e9nale, \u00e0 laquelle le BKA a \u00e9galement particip\u00e9. Jusqu'\u00e0 cette date, \"Webstresser\" avait \u00e9t\u00e9 utilis\u00e9 pour plus de quatre millions d'attaques DDoS dans le monde entier. L'administrateur du site a \u00e9t\u00e9 arr\u00eat\u00e9 et une enqu\u00eate a \u00e9t\u00e9 ouverte contre 250 utilisateurs de la plateforme.<\/p>\n<p><strong>Pr\u00e9judice r\u00e9el sup\u00e9rieur \u00e0 100 milliards d'euros<\/strong><\/p>\n<p><strong>\u00a0<\/strong>Selon le BKA, la cybercriminalit\u00e9 a caus\u00e9 en 2018 des dommages d'un montant de plus de 60 millions d'euros, soit une baisse d'environ 18% par rapport \u00e0 l'ann\u00e9e pr\u00e9c\u00e9dente (2017 : 71,4 millions d'euros). Ce chiffre ne refl\u00e8te toutefois que ce qui a \u00e9t\u00e9 port\u00e9 \u00e0 la connaissance de la police. Le BKA parle d'un pr\u00e9judice estim\u00e9 \u00e0 plus de 100 milliards d'euros pour les entreprises. Les entreprises, en particulier, continueraient \u00e0 d\u00e9noncer relativement rarement les cas de cybercriminalit\u00e9 et les dommages mat\u00e9riels qui y sont li\u00e9s. La crainte d'une perte de confiance de la part des partenaires et des clients s'oppose \u00e0 l'int\u00e9r\u00eat de faire poursuivre l'acte en justice. Les pirates ne s'int\u00e9ressent pas seulement \u00e0 l'argent des entreprises. L'espionnage des connaissances technologiques est \u00e9galement important pour eux.<\/p>\n<p><strong>L'annonce a un effet positif<\/strong><\/p>\n<p>Le BKA conseille aussi bien aux entreprises qu'aux particuliers de porter plainte pour chaque cas de cybercriminalit\u00e9. Il convient en outre de prendre des mesures de s\u00e9curit\u00e9 pr\u00e9ventives pour les appareils et les processus. L'exemple du phishing dans les services bancaires en ligne montre que cela a un effet positif : en 2018, 723 cas ont \u00e9t\u00e9 signal\u00e9s concernant le ph\u00e9nom\u00e8ne du phishing, ce qui correspond \u00e0 une baisse de pr\u00e8s de 50% par rapport \u00e0 l'ann\u00e9e pr\u00e9c\u00e9dente. La baisse des chiffres s'explique par le fait que les banques ont continu\u00e9 \u00e0 d\u00e9velopper leurs proc\u00e9dures TAN et \u00e0 combler les failles de s\u00e9curit\u00e9, selon le communiqu\u00e9. Dans l'ensemble, le BKA s'attend toutefois \u00e0 ce que le nombre de cas dans le domaine de la cybercriminalit\u00e9 continue d'augmenter dans les ann\u00e9es \u00e0 venir.<\/p>\n<p><strong>Et le crime organis\u00e9 ?<\/strong><\/p>\n<p>La cybercriminalit\u00e9 est \u00e9galement importante dans le cadre de la lutte contre le crime organis\u00e9 (CO). Ainsi, l'ann\u00e9e derni\u00e8re, 13 des 535 groupes du CO enregistr\u00e9s ont \u00e9t\u00e9 recens\u00e9s dans le domaine de la criminalit\u00e9 cybercriminelle (2017 : 17 groupes du CO), comme le montre le dernier rapport de situation du BKA.<\/p>\n<p>Du point de vue de la criminalit\u00e9, on ne constate aucune diff\u00e9rence avec les auteurs isol\u00e9s ou les r\u00e9seaux l\u00e2ches. Les groupes du CO commencent \u00e9galement \u00e0 commettre les d\u00e9lits typiques de la cybercriminalit\u00e9, de la fraude informatique \u00e0 la diffusion de ransomware dans le but de faire du chantage num\u00e9rique, en passant par les attaques contre les services bancaires en ligne, peut-on lire \u00e0 ce sujet.\u00a0<em>(ots)<\/em><\/p>\n<p><em>Pour plus d'informations, voir le dernier <a href=\"https:\/\/www.bka.de\/SharedDocs\/Downloads\/DE\/Publikationen\/JahresberichteUndLagebilder\/Cybercri me\/cybercrimeBundeslagebild2018.html\">Rapport f\u00e9d\u00e9ral sur la cybercriminalit\u00e9<\/a> \u00e0 trouver.<\/em><\/p>\n<p>&nbsp;<\/p>","protected":false},"excerpt":{"rendered":"<p>&nbsp; Die Anzahl der Cyberangriffe in Deutschland ist im letzten Jahr weiter angestiegen. Rund 87\u2019000 F\u00e4lle von Cybercrime wurden von der Polizei erfasst, 1% mehr als im Jahr zuvor. Ein Anstieg von rund 5% (271\u2019864 F\u00e4lle) war auch bei der Zahl der Straftaten zu verzeichnen, bei denen 2018 das Internet als Tatmittel genutzt wurde. Das [&hellip;]<\/p>\n","protected":false},"author":8,"featured_media":8996,"comment_status":"open","ping_status":"open","sticky":false,"template":"","format":"standard","meta":{"_acf_changed":false,"pgc_sgb_lightbox_settings":"","footnotes":""},"categories":[3313],"tags":[570,63],"class_list":["post-8995","post","type-post","status-publish","format-standard","has-post-thumbnail","hentry","category-digitalisierung","tag-bundeslagebild","tag-it-security"],"acf":[],"hkrextid":null,"publication":null,"issue":null,"workflow":null,"startPage":null,"spitzmarke":null,"_posts_by_tag_page_fields":{"widget_title":"","widget_tags":""},"_at_widget":"1","_yoast_wpseo_primary_category":"2","_yoast_wpseo_focuskw_text_input":"Cybercrime","_yoast_wpseo_opengraph-image":null,"_yoast_wpseo_opengraph-description":null,"_yoast_wpseo_opengraph-title":null,"enclosure":null,"_yoast_wpseo_twitter-title":null,"_yoast_wpseo_twitter-description":null,"_yoast_wpseo_twitter-image":null,"_wp_old_slug":null,"_yoast_wpseo_title":null,"_yoast_wpseo_canonical":null,"yoast_head":"<!-- This site is optimized with the Yoast SEO plugin v27.5 - https:\/\/yoast.com\/product\/yoast-seo-wordpress\/ -->\n<title>BKA-Lagebericht zeigt: Cybercrime steigt weiter an - Save<\/title>\n<meta name=\"description\" content=\"Die fortschreitende Digitalisierung hat auch Schattenseiten, wie der ver\u00f6ffentlichte Cybercrime-Lagebericht des Bundeskriminalamtes in Deutschland zeigt.\" \/>\n<meta name=\"robots\" content=\"index, follow, max-snippet:-1, max-image-preview:large, max-video-preview:-1\" \/>\n<link rel=\"canonical\" href=\"https:\/\/news.save.ch\/fr\/bka-lagebericht-zeigt-cybercrime-steigt-weiter-an\/\" \/>\n<meta property=\"og:locale\" content=\"fr_FR\" \/>\n<meta property=\"og:type\" content=\"article\" \/>\n<meta property=\"og:title\" content=\"BKA-Lagebericht zeigt: Cybercrime steigt weiter an - Save\" \/>\n<meta property=\"og:description\" content=\"Die fortschreitende Digitalisierung hat auch Schattenseiten, wie der ver\u00f6ffentlichte Cybercrime-Lagebericht des Bundeskriminalamtes in Deutschland zeigt.\" \/>\n<meta property=\"og:url\" content=\"https:\/\/news.save.ch\/fr\/bka-lagebericht-zeigt-cybercrime-steigt-weiter-an\/\" \/>\n<meta property=\"og:site_name\" content=\"Save\" \/>\n<meta property=\"article:published_time\" content=\"2019-11-11T14:32:06+00:00\" \/>\n<meta property=\"article:modified_time\" content=\"2023-03-14T07:56:43+00:00\" \/>\n<meta property=\"og:image\" content=\"https:\/\/news.save.ch\/wp-content\/uploads\/2019\/11\/Depositphotos_194190330_l-2015-scaled.jpg\" \/>\n\t<meta property=\"og:image:width\" content=\"1400\" \/>\n\t<meta property=\"og:image:height\" content=\"935\" \/>\n\t<meta property=\"og:image:type\" content=\"image\/jpeg\" \/>\n<meta name=\"author\" content=\"Roger Str\u00e4ssle\" \/>\n<meta name=\"twitter:card\" content=\"summary_large_image\" \/>\n<meta name=\"twitter:label1\" content=\"\u00c9crit par\" \/>\n\t<meta name=\"twitter:data1\" content=\"Roger Str\u00e4ssle\" \/>\n\t<meta name=\"twitter:label2\" content=\"Dur\u00e9e de lecture estim\u00e9e\" \/>\n\t<meta name=\"twitter:data2\" content=\"3 minutes\" \/>\n<script type=\"application\/ld+json\" class=\"yoast-schema-graph\">{\"@context\":\"https:\\\/\\\/schema.org\",\"@graph\":[{\"@type\":\"Article\",\"@id\":\"https:\\\/\\\/news.save.ch\\\/bka-lagebericht-zeigt-cybercrime-steigt-weiter-an\\\/#article\",\"isPartOf\":{\"@id\":\"https:\\\/\\\/news.save.ch\\\/bka-lagebericht-zeigt-cybercrime-steigt-weiter-an\\\/\"},\"author\":{\"name\":\"Roger Str\u00e4ssle\",\"@id\":\"https:\\\/\\\/news.save.ch\\\/de\\\/#\\\/schema\\\/person\\\/d5022db048e0e2b9785c50e5b24da5aa\"},\"headline\":\"BKA-Lagebericht zeigt: Cybercrime steigt weiter an\",\"datePublished\":\"2019-11-11T14:32:06+00:00\",\"dateModified\":\"2023-03-14T07:56:43+00:00\",\"mainEntityOfPage\":{\"@id\":\"https:\\\/\\\/news.save.ch\\\/bka-lagebericht-zeigt-cybercrime-steigt-weiter-an\\\/\"},\"wordCount\":610,\"commentCount\":0,\"publisher\":{\"@id\":\"https:\\\/\\\/news.save.ch\\\/de\\\/#organization\"},\"image\":{\"@id\":\"https:\\\/\\\/news.save.ch\\\/bka-lagebericht-zeigt-cybercrime-steigt-weiter-an\\\/#primaryimage\"},\"thumbnailUrl\":\"https:\\\/\\\/news.save.ch\\\/wp-content\\\/uploads\\\/2019\\\/11\\\/Depositphotos_194190330_l-2015-scaled.jpg\",\"keywords\":[\"Bundeslagebild\",\"IT-SECURITY\"],\"articleSection\":[\"DIGITALISIERUNG\"],\"inLanguage\":\"fr-FR\"},{\"@type\":\"WebPage\",\"@id\":\"https:\\\/\\\/news.save.ch\\\/bka-lagebericht-zeigt-cybercrime-steigt-weiter-an\\\/\",\"url\":\"https:\\\/\\\/news.save.ch\\\/bka-lagebericht-zeigt-cybercrime-steigt-weiter-an\\\/\",\"name\":\"BKA-Lagebericht zeigt: Cybercrime steigt weiter an - Save\",\"isPartOf\":{\"@id\":\"https:\\\/\\\/news.save.ch\\\/de\\\/#website\"},\"primaryImageOfPage\":{\"@id\":\"https:\\\/\\\/news.save.ch\\\/bka-lagebericht-zeigt-cybercrime-steigt-weiter-an\\\/#primaryimage\"},\"image\":{\"@id\":\"https:\\\/\\\/news.save.ch\\\/bka-lagebericht-zeigt-cybercrime-steigt-weiter-an\\\/#primaryimage\"},\"thumbnailUrl\":\"https:\\\/\\\/news.save.ch\\\/wp-content\\\/uploads\\\/2019\\\/11\\\/Depositphotos_194190330_l-2015-scaled.jpg\",\"datePublished\":\"2019-11-11T14:32:06+00:00\",\"dateModified\":\"2023-03-14T07:56:43+00:00\",\"description\":\"Die fortschreitende Digitalisierung hat auch Schattenseiten, wie der ver\u00f6ffentlichte Cybercrime-Lagebericht des Bundeskriminalamtes in Deutschland zeigt.\",\"breadcrumb\":{\"@id\":\"https:\\\/\\\/news.save.ch\\\/bka-lagebericht-zeigt-cybercrime-steigt-weiter-an\\\/#breadcrumb\"},\"inLanguage\":\"fr-FR\",\"potentialAction\":[{\"@type\":\"ReadAction\",\"target\":[\"https:\\\/\\\/news.save.ch\\\/bka-lagebericht-zeigt-cybercrime-steigt-weiter-an\\\/\"]}]},{\"@type\":\"ImageObject\",\"inLanguage\":\"fr-FR\",\"@id\":\"https:\\\/\\\/news.save.ch\\\/bka-lagebericht-zeigt-cybercrime-steigt-weiter-an\\\/#primaryimage\",\"url\":\"https:\\\/\\\/news.save.ch\\\/wp-content\\\/uploads\\\/2019\\\/11\\\/Depositphotos_194190330_l-2015-scaled.jpg\",\"contentUrl\":\"https:\\\/\\\/news.save.ch\\\/wp-content\\\/uploads\\\/2019\\\/11\\\/Depositphotos_194190330_l-2015-scaled.jpg\",\"width\":1400,\"height\":935,\"caption\":\"\u00a9 depositphotos, stevanovicigor\"},{\"@type\":\"BreadcrumbList\",\"@id\":\"https:\\\/\\\/news.save.ch\\\/bka-lagebericht-zeigt-cybercrime-steigt-weiter-an\\\/#breadcrumb\",\"itemListElement\":[{\"@type\":\"ListItem\",\"position\":1,\"name\":\"Home\",\"item\":\"https:\\\/\\\/news.save.ch\\\/de\\\/\"},{\"@type\":\"ListItem\",\"position\":2,\"name\":\"BKA-Lagebericht zeigt: Cybercrime steigt weiter an\"}]},{\"@type\":\"WebSite\",\"@id\":\"https:\\\/\\\/news.save.ch\\\/de\\\/#website\",\"url\":\"https:\\\/\\\/news.save.ch\\\/de\\\/\",\"name\":\"Save\",\"description\":\"Schweizer Fachzeitschrift f\u00fcr Sicherheit\",\"publisher\":{\"@id\":\"https:\\\/\\\/news.save.ch\\\/de\\\/#organization\"},\"potentialAction\":[{\"@type\":\"SearchAction\",\"target\":{\"@type\":\"EntryPoint\",\"urlTemplate\":\"https:\\\/\\\/news.save.ch\\\/de\\\/?s={search_term_string}\"},\"query-input\":{\"@type\":\"PropertyValueSpecification\",\"valueRequired\":true,\"valueName\":\"search_term_string\"}}],\"inLanguage\":\"fr-FR\"},{\"@type\":\"Organization\",\"@id\":\"https:\\\/\\\/news.save.ch\\\/de\\\/#organization\",\"name\":\"Sicherheitsforum\",\"url\":\"https:\\\/\\\/news.save.ch\\\/de\\\/\",\"logo\":{\"@type\":\"ImageObject\",\"inLanguage\":\"fr-FR\",\"@id\":\"https:\\\/\\\/news.save.ch\\\/de\\\/#\\\/schema\\\/logo\\\/image\\\/\",\"url\":\"https:\\\/\\\/news.save.ch\\\/wp-content\\\/uploads\\\/2022\\\/06\\\/Logo_SF_2012.png\",\"contentUrl\":\"https:\\\/\\\/news.save.ch\\\/wp-content\\\/uploads\\\/2022\\\/06\\\/Logo_SF_2012.png\",\"width\":1100,\"height\":91,\"caption\":\"Sicherheitsforum\"},\"image\":{\"@id\":\"https:\\\/\\\/news.save.ch\\\/de\\\/#\\\/schema\\\/logo\\\/image\\\/\"}},{\"@type\":\"Person\",\"@id\":\"https:\\\/\\\/news.save.ch\\\/de\\\/#\\\/schema\\\/person\\\/d5022db048e0e2b9785c50e5b24da5aa\",\"name\":\"Roger Str\u00e4ssle\",\"image\":{\"@type\":\"ImageObject\",\"inLanguage\":\"fr-FR\",\"@id\":\"https:\\\/\\\/secure.gravatar.com\\\/avatar\\\/862a5569d087de48e5856e32f45d719a03804c891d6deb8d4f71a660e79e4a47?s=96&d=mm&r=g\",\"url\":\"https:\\\/\\\/secure.gravatar.com\\\/avatar\\\/862a5569d087de48e5856e32f45d719a03804c891d6deb8d4f71a660e79e4a47?s=96&d=mm&r=g\",\"contentUrl\":\"https:\\\/\\\/secure.gravatar.com\\\/avatar\\\/862a5569d087de48e5856e32f45d719a03804c891d6deb8d4f71a660e79e4a47?s=96&d=mm&r=g\",\"caption\":\"Roger Str\u00e4ssle\"},\"url\":\"https:\\\/\\\/news.save.ch\\\/fr\\\/author\\\/roger-straessle\\\/\"}]}<\/script>\n<!-- \/ Yoast SEO plugin. -->","yoast_head_json":{"title":"Le rapport de situation du BKA montre que la cybercriminalit\u00e9 continue d'augmenter - Save","description":"L'avanc\u00e9e de la num\u00e9risation a aussi des c\u00f4t\u00e9s sombres, comme le montre le rapport sur la situation de la cybercriminalit\u00e9 publi\u00e9 par l'Office f\u00e9d\u00e9ral de la police criminelle en Allemagne.","robots":{"index":"index","follow":"follow","max-snippet":"max-snippet:-1","max-image-preview":"max-image-preview:large","max-video-preview":"max-video-preview:-1"},"canonical":"https:\/\/news.save.ch\/fr\/bka-lagebericht-zeigt-cybercrime-steigt-weiter-an\/","og_locale":"fr_FR","og_type":"article","og_title":"BKA-Lagebericht zeigt: Cybercrime steigt weiter an - Save","og_description":"Die fortschreitende Digitalisierung hat auch Schattenseiten, wie der ver\u00f6ffentlichte Cybercrime-Lagebericht des Bundeskriminalamtes in Deutschland zeigt.","og_url":"https:\/\/news.save.ch\/fr\/bka-lagebericht-zeigt-cybercrime-steigt-weiter-an\/","og_site_name":"Save","article_published_time":"2019-11-11T14:32:06+00:00","article_modified_time":"2023-03-14T07:56:43+00:00","og_image":[{"width":1400,"height":935,"url":"https:\/\/news.save.ch\/wp-content\/uploads\/2019\/11\/Depositphotos_194190330_l-2015-scaled.jpg","type":"image\/jpeg"}],"author":"Roger Str\u00e4ssle","twitter_card":"summary_large_image","twitter_misc":{"\u00c9crit par":"Roger Str\u00e4ssle","Dur\u00e9e de lecture estim\u00e9e":"3 minutes"},"schema":{"@context":"https:\/\/schema.org","@graph":[{"@type":"Article","@id":"https:\/\/news.save.ch\/bka-lagebericht-zeigt-cybercrime-steigt-weiter-an\/#article","isPartOf":{"@id":"https:\/\/news.save.ch\/bka-lagebericht-zeigt-cybercrime-steigt-weiter-an\/"},"author":{"name":"Roger Str\u00e4ssle","@id":"https:\/\/news.save.ch\/de\/#\/schema\/person\/d5022db048e0e2b9785c50e5b24da5aa"},"headline":"BKA-Lagebericht zeigt: Cybercrime steigt weiter an","datePublished":"2019-11-11T14:32:06+00:00","dateModified":"2023-03-14T07:56:43+00:00","mainEntityOfPage":{"@id":"https:\/\/news.save.ch\/bka-lagebericht-zeigt-cybercrime-steigt-weiter-an\/"},"wordCount":610,"commentCount":0,"publisher":{"@id":"https:\/\/news.save.ch\/de\/#organization"},"image":{"@id":"https:\/\/news.save.ch\/bka-lagebericht-zeigt-cybercrime-steigt-weiter-an\/#primaryimage"},"thumbnailUrl":"https:\/\/news.save.ch\/wp-content\/uploads\/2019\/11\/Depositphotos_194190330_l-2015-scaled.jpg","keywords":["Bundeslagebild","IT-SECURITY"],"articleSection":["DIGITALISIERUNG"],"inLanguage":"fr-FR"},{"@type":"WebPage","@id":"https:\/\/news.save.ch\/bka-lagebericht-zeigt-cybercrime-steigt-weiter-an\/","url":"https:\/\/news.save.ch\/bka-lagebericht-zeigt-cybercrime-steigt-weiter-an\/","name":"Le rapport de situation du BKA montre que la cybercriminalit\u00e9 continue d'augmenter - Save","isPartOf":{"@id":"https:\/\/news.save.ch\/de\/#website"},"primaryImageOfPage":{"@id":"https:\/\/news.save.ch\/bka-lagebericht-zeigt-cybercrime-steigt-weiter-an\/#primaryimage"},"image":{"@id":"https:\/\/news.save.ch\/bka-lagebericht-zeigt-cybercrime-steigt-weiter-an\/#primaryimage"},"thumbnailUrl":"https:\/\/news.save.ch\/wp-content\/uploads\/2019\/11\/Depositphotos_194190330_l-2015-scaled.jpg","datePublished":"2019-11-11T14:32:06+00:00","dateModified":"2023-03-14T07:56:43+00:00","description":"L'avanc\u00e9e de la num\u00e9risation a aussi des c\u00f4t\u00e9s sombres, comme le montre le rapport sur la situation de la cybercriminalit\u00e9 publi\u00e9 par l'Office f\u00e9d\u00e9ral de la police criminelle en Allemagne.","breadcrumb":{"@id":"https:\/\/news.save.ch\/bka-lagebericht-zeigt-cybercrime-steigt-weiter-an\/#breadcrumb"},"inLanguage":"fr-FR","potentialAction":[{"@type":"ReadAction","target":["https:\/\/news.save.ch\/bka-lagebericht-zeigt-cybercrime-steigt-weiter-an\/"]}]},{"@type":"ImageObject","inLanguage":"fr-FR","@id":"https:\/\/news.save.ch\/bka-lagebericht-zeigt-cybercrime-steigt-weiter-an\/#primaryimage","url":"https:\/\/news.save.ch\/wp-content\/uploads\/2019\/11\/Depositphotos_194190330_l-2015-scaled.jpg","contentUrl":"https:\/\/news.save.ch\/wp-content\/uploads\/2019\/11\/Depositphotos_194190330_l-2015-scaled.jpg","width":1400,"height":935,"caption":"\u00a9 depositphotos, stevanovicigor"},{"@type":"BreadcrumbList","@id":"https:\/\/news.save.ch\/bka-lagebericht-zeigt-cybercrime-steigt-weiter-an\/#breadcrumb","itemListElement":[{"@type":"ListItem","position":1,"name":"Home","item":"https:\/\/news.save.ch\/de\/"},{"@type":"ListItem","position":2,"name":"BKA-Lagebericht zeigt: Cybercrime steigt weiter an"}]},{"@type":"WebSite","@id":"https:\/\/news.save.ch\/de\/#website","url":"https:\/\/news.save.ch\/de\/","name":"Save","description":"Revue suisse sp\u00e9cialis\u00e9e dans la s\u00e9curit\u00e9","publisher":{"@id":"https:\/\/news.save.ch\/de\/#organization"},"potentialAction":[{"@type":"SearchAction","target":{"@type":"EntryPoint","urlTemplate":"https:\/\/news.save.ch\/de\/?s={search_term_string}"},"query-input":{"@type":"PropertyValueSpecification","valueRequired":true,"valueName":"search_term_string"}}],"inLanguage":"fr-FR"},{"@type":"Organization","@id":"https:\/\/news.save.ch\/de\/#organization","name":"Forum sur la s\u00e9curit\u00e9","url":"https:\/\/news.save.ch\/de\/","logo":{"@type":"ImageObject","inLanguage":"fr-FR","@id":"https:\/\/news.save.ch\/de\/#\/schema\/logo\/image\/","url":"https:\/\/news.save.ch\/wp-content\/uploads\/2022\/06\/Logo_SF_2012.png","contentUrl":"https:\/\/news.save.ch\/wp-content\/uploads\/2022\/06\/Logo_SF_2012.png","width":1100,"height":91,"caption":"Sicherheitsforum"},"image":{"@id":"https:\/\/news.save.ch\/de\/#\/schema\/logo\/image\/"}},{"@type":"Person","@id":"https:\/\/news.save.ch\/de\/#\/schema\/person\/d5022db048e0e2b9785c50e5b24da5aa","name":"Roger Str\u00e4ssle","image":{"@type":"ImageObject","inLanguage":"fr-FR","@id":"https:\/\/secure.gravatar.com\/avatar\/862a5569d087de48e5856e32f45d719a03804c891d6deb8d4f71a660e79e4a47?s=96&d=mm&r=g","url":"https:\/\/secure.gravatar.com\/avatar\/862a5569d087de48e5856e32f45d719a03804c891d6deb8d4f71a660e79e4a47?s=96&d=mm&r=g","contentUrl":"https:\/\/secure.gravatar.com\/avatar\/862a5569d087de48e5856e32f45d719a03804c891d6deb8d4f71a660e79e4a47?s=96&d=mm&r=g","caption":"Roger Str\u00e4ssle"},"url":"https:\/\/news.save.ch\/fr\/author\/roger-straessle\/"}]}},"_links":{"self":[{"href":"https:\/\/news.save.ch\/fr\/wp-json\/wp\/v2\/posts\/8995","targetHints":{"allow":["GET"]}}],"collection":[{"href":"https:\/\/news.save.ch\/fr\/wp-json\/wp\/v2\/posts"}],"about":[{"href":"https:\/\/news.save.ch\/fr\/wp-json\/wp\/v2\/types\/post"}],"author":[{"embeddable":true,"href":"https:\/\/news.save.ch\/fr\/wp-json\/wp\/v2\/users\/8"}],"replies":[{"embeddable":true,"href":"https:\/\/news.save.ch\/fr\/wp-json\/wp\/v2\/comments?post=8995"}],"version-history":[{"count":1,"href":"https:\/\/news.save.ch\/fr\/wp-json\/wp\/v2\/posts\/8995\/revisions"}],"predecessor-version":[{"id":17365,"href":"https:\/\/news.save.ch\/fr\/wp-json\/wp\/v2\/posts\/8995\/revisions\/17365"}],"wp:featuredmedia":[{"embeddable":true,"href":"https:\/\/news.save.ch\/fr\/wp-json\/wp\/v2\/media\/8996"}],"wp:attachment":[{"href":"https:\/\/news.save.ch\/fr\/wp-json\/wp\/v2\/media?parent=8995"}],"wp:term":[{"taxonomy":"category","embeddable":true,"href":"https:\/\/news.save.ch\/fr\/wp-json\/wp\/v2\/categories?post=8995"},{"taxonomy":"post_tag","embeddable":true,"href":"https:\/\/news.save.ch\/fr\/wp-json\/wp\/v2\/tags?post=8995"}],"curies":[{"name":"wp","href":"https:\/\/api.w.org\/{rel}","templated":true}]}}