{"id":9034,"date":"2022-05-20T08:36:19","date_gmt":"2022-05-20T06:36:19","guid":{"rendered":"https:\/\/news.save.ch\/?p=9034"},"modified":"2023-06-27T06:13:27","modified_gmt":"2023-06-27T04:13:27","slug":"media-markt-ruft-reiseladegeraet-der-marke-isy-wegen-brandgefahr-zurueck","status":null,"type":"post","link":"https:\/\/news.save.ch\/fr\/media-markt-ruft-reiseladegeraet-der-marke-isy-wegen-brandgefahr-zurueck\/","title":{"rendered":"Media Markt rappelle le chargeur de voyage de la marque \"ISY\" en raison d'un risque d'incendie"},"content":{"rendered":"<figure id=\"attachment_9036\" aria-describedby=\"caption-attachment-9036\" style=\"width: 680px\" class=\"wp-caption alignnone\"><img loading=\"lazy\" decoding=\"async\" class=\"wp-image-9036 size-medium\" src=\"https:\/\/news.save.ch\/wp-content\/uploads\/2022\/05\/71595-680x707.jpg\" alt=\"Rappel\" width=\"680\" height=\"707\" srcset=\"https:\/\/news.save.ch\/wp-content\/uploads\/2022\/05\/71595-680x707.jpg 680w, https:\/\/news.save.ch\/wp-content\/uploads\/2022\/05\/71595-985x1024.jpg 985w, https:\/\/news.save.ch\/wp-content\/uploads\/2022\/05\/71595-768x798.jpg 768w, https:\/\/news.save.ch\/wp-content\/uploads\/2022\/05\/71595-12x12.jpg 12w, https:\/\/news.save.ch\/wp-content\/uploads\/2022\/05\/71595-289x300.jpg 289w, https:\/\/news.save.ch\/wp-content\/uploads\/2022\/05\/71595-337x350.jpg 337w, https:\/\/news.save.ch\/wp-content\/uploads\/2022\/05\/71595-770x800.jpg 770w, https:\/\/news.save.ch\/wp-content\/uploads\/2022\/05\/71595.jpg 1265w\" sizes=\"auto, (max-width: 680px) 100vw, 680px\" \/><figcaption id=\"caption-attachment-9036\" class=\"wp-caption-text\">Image du produit concern\u00e9<\/figcaption><\/figure>\n<p>Media Markt Suisse SA rappelle, en collaboration avec l'Inspection f\u00e9d\u00e9rale des installations \u00e0 courant fort (ESTI), le chargeur de voyage ITS-2000 ILTN Travel Charger Set <a href=\"https:\/\/www.newsd.admin.ch\/newsd\/message\/attachments\/71598.pdf\" target=\"_blank\" rel=\"noopener\">retour<\/a>. Il existe un risque d'\u00e9lectrocution, d'incendie et de br\u00fblures. Les clients concern\u00e9s se verront rembourser le prix d'achat.<\/p>\n<p>Justification : Les chargeurs de voyage concern\u00e9s ne r\u00e9pondent pas aux exigences de s\u00e9curit\u00e9 selon les normes applicables. Le chargeur de voyage \"ITS-2000 ILTN Travel Charger Set\" de la marque \"ISY\", portant le num\u00e9ro d'article 1846959, est concern\u00e9 par un rappel.<\/p>\n<p>Les consommateurs et consommatrices qui poss\u00e8dent l'un des chargeurs de voyage concern\u00e9s sont pri\u00e9s de ne plus l'utiliser et de le rapporter dans une succursale de Media Markt ou de l'envoyer \u00e0 l'adresse suivante :<\/p>\n<p>Media Markt E-commerce<br \/>\nc\/o ALSO Suisse SA \/ Centre de service<br \/>\n7, rue de la m\u00e9tairie<br \/>\n6032 Emmen<\/p>\n<p><em>Source : ESTI<\/em><\/p>","protected":false},"excerpt":{"rendered":"<p>Media Markt Schweiz AG ruft in Zusammenarbeit mit dem Eidgen\u00f6ssischen Starkstrominspektorat (ESTI) das Reiselladeger\u00e4t\u00a0ITS-2000 ILTN Travel Charger Set zur\u00fcck. Es bestehe eine Stromschlag-, Brand- und Verbrennungsgefahr. Betroffene Kunden erhalten den Kaufpreis zur\u00fcckerstattet. Begr\u00fcndung: Die betroffenen Reiseladeger\u00e4te erf\u00fcllen die Anforderungen an die Sicherheit gem\u00e4ss den anwendbaren Normen nicht. Betroffen von einem R\u00fcckruf ist das Reiseladeger\u00e4t \u00abITS-2000 [&hellip;]<\/p>\n","protected":false},"author":9,"featured_media":9036,"comment_status":"closed","ping_status":"closed","sticky":false,"template":"","format":"standard","meta":{"_acf_changed":false,"pgc_sgb_lightbox_settings":"","footnotes":""},"categories":[1],"tags":[4504,837,4505,4506,4503,2715,2816],"class_list":["post-9034","post","type-post","status-publish","format-standard","has-post-thumbnail","hentry","category-allgemein","tag-eidgenoessisches-starkstrominspektorat","tag-esti","tag-its-2000-iltn-travel-charger-set","tag-kaufpreis-zurueckerstattet","tag-media-markt-schweiz-ag","tag-produktrueckruf","tag-rueckruf"],"acf":[],"hkrextid":null,"publication":null,"issue":null,"workflow":null,"startPage":null,"spitzmarke":null,"_posts_by_tag_page_fields":{"widget_title":"","widget_tags":""},"_at_widget":"1","_yoast_wpseo_primary_category":"","_yoast_wpseo_focuskw_text_input":null,"_yoast_wpseo_opengraph-image":null,"_yoast_wpseo_opengraph-description":null,"_yoast_wpseo_opengraph-title":null,"enclosure":null,"_yoast_wpseo_twitter-title":null,"_yoast_wpseo_twitter-description":null,"_yoast_wpseo_twitter-image":null,"_wp_old_slug":null,"_yoast_wpseo_title":null,"_yoast_wpseo_canonical":null,"yoast_head":"<!-- This site is optimized with the Yoast SEO plugin v27.4 - https:\/\/yoast.com\/product\/yoast-seo-wordpress\/ -->\n<title>Media Markt ruft Reiseladeger\u00e4t der Marke \u00abISY\u00bb wegen Brandgefahr zur\u00fcck - Save<\/title>\n<meta name=\"description\" content=\"\u00a0In Zusammenarbeit mit dem Eidgen\u00f6ssischen Starkstrominspektorat (ESTI) ruft die Media Markt Schweiz AG das Reiseladeger\u00e4t \u00abITS-2000 ILTN Travel Charger Set\u00bb der Marke \u00abISY\u00bb zur\u00fcck. Es besteht eine Stromschlag-, Brand- und Verbrennungsgefahr. Betroffene Kunden erhalten den Kaufpreis r\u00fcckerstattet.\" \/>\n<meta name=\"robots\" content=\"index, follow, max-snippet:-1, max-image-preview:large, max-video-preview:-1\" \/>\n<link rel=\"canonical\" href=\"https:\/\/news.save.ch\/fr\/media-markt-ruft-reiseladegeraet-der-marke-isy-wegen-brandgefahr-zurueck\/\" \/>\n<meta property=\"og:locale\" content=\"fr_FR\" \/>\n<meta property=\"og:type\" content=\"article\" \/>\n<meta property=\"og:title\" content=\"Media Markt ruft Reiseladeger\u00e4t der Marke \u00abISY\u00bb wegen Brandgefahr zur\u00fcck - Save\" \/>\n<meta property=\"og:description\" content=\"\u00a0In Zusammenarbeit mit dem Eidgen\u00f6ssischen Starkstrominspektorat (ESTI) ruft die Media Markt Schweiz AG das Reiseladeger\u00e4t \u00abITS-2000 ILTN Travel Charger Set\u00bb der Marke \u00abISY\u00bb zur\u00fcck. Es besteht eine Stromschlag-, Brand- und Verbrennungsgefahr. Betroffene Kunden erhalten den Kaufpreis r\u00fcckerstattet.\" \/>\n<meta property=\"og:url\" content=\"https:\/\/news.save.ch\/fr\/media-markt-ruft-reiseladegeraet-der-marke-isy-wegen-brandgefahr-zurueck\/\" \/>\n<meta property=\"og:site_name\" content=\"Save\" \/>\n<meta property=\"article:published_time\" content=\"2022-05-20T06:36:19+00:00\" \/>\n<meta property=\"article:modified_time\" content=\"2023-06-27T04:13:27+00:00\" \/>\n<meta property=\"og:image\" content=\"https:\/\/news.save.ch\/wp-content\/uploads\/2022\/05\/71595.jpg\" \/>\n\t<meta property=\"og:image:width\" content=\"1265\" \/>\n\t<meta property=\"og:image:height\" content=\"1315\" \/>\n\t<meta property=\"og:image:type\" content=\"image\/jpeg\" \/>\n<meta name=\"author\" content=\"Simon Gr\u00f6flin\" \/>\n<meta name=\"twitter:card\" content=\"summary_large_image\" \/>\n<meta name=\"twitter:label1\" content=\"\u00c9crit par\" \/>\n\t<meta name=\"twitter:data1\" content=\"Simon Gr\u00f6flin\" \/>\n\t<meta name=\"twitter:label2\" content=\"Dur\u00e9e de lecture estim\u00e9e\" \/>\n\t<meta name=\"twitter:data2\" content=\"1 minute\" \/>\n<script type=\"application\/ld+json\" class=\"yoast-schema-graph\">{\"@context\":\"https:\\\/\\\/schema.org\",\"@graph\":[{\"@type\":\"Article\",\"@id\":\"https:\\\/\\\/news.save.ch\\\/media-markt-ruft-reiseladegeraet-der-marke-isy-wegen-brandgefahr-zurueck\\\/#article\",\"isPartOf\":{\"@id\":\"https:\\\/\\\/news.save.ch\\\/media-markt-ruft-reiseladegeraet-der-marke-isy-wegen-brandgefahr-zurueck\\\/\"},\"author\":{\"name\":\"Simon Gr\u00f6flin\",\"@id\":\"https:\\\/\\\/news.save.ch\\\/de\\\/#\\\/schema\\\/person\\\/ad4ef21102fd6125312409ac57d5296d\"},\"headline\":\"Media Markt ruft Reiseladeger\u00e4t der Marke \u00abISY\u00bb wegen Brandgefahr zur\u00fcck\",\"datePublished\":\"2022-05-20T06:36:19+00:00\",\"dateModified\":\"2023-06-27T04:13:27+00:00\",\"mainEntityOfPage\":{\"@id\":\"https:\\\/\\\/news.save.ch\\\/media-markt-ruft-reiseladegeraet-der-marke-isy-wegen-brandgefahr-zurueck\\\/\"},\"wordCount\":146,\"publisher\":{\"@id\":\"https:\\\/\\\/news.save.ch\\\/de\\\/#organization\"},\"image\":{\"@id\":\"https:\\\/\\\/news.save.ch\\\/media-markt-ruft-reiseladegeraet-der-marke-isy-wegen-brandgefahr-zurueck\\\/#primaryimage\"},\"thumbnailUrl\":\"https:\\\/\\\/news.save.ch\\\/wp-content\\\/uploads\\\/2022\\\/05\\\/71595.jpg\",\"keywords\":[\"Eidgen\u00f6ssisches Starkstrominspektorat\",\"ESTI\",\"ITS-2000 ILTN Travel Charger Set\",\"Kaufpreis zur\u00fcckerstattet\",\"Media Markt Schweiz AG\",\"Produktr\u00fcckruf\",\"R\u00fcckruf\"],\"articleSection\":[\"ALLGEMEIN\"],\"inLanguage\":\"fr-FR\"},{\"@type\":\"WebPage\",\"@id\":\"https:\\\/\\\/news.save.ch\\\/media-markt-ruft-reiseladegeraet-der-marke-isy-wegen-brandgefahr-zurueck\\\/\",\"url\":\"https:\\\/\\\/news.save.ch\\\/media-markt-ruft-reiseladegeraet-der-marke-isy-wegen-brandgefahr-zurueck\\\/\",\"name\":\"Media Markt ruft Reiseladeger\u00e4t der Marke \u00abISY\u00bb wegen Brandgefahr zur\u00fcck - Save\",\"isPartOf\":{\"@id\":\"https:\\\/\\\/news.save.ch\\\/de\\\/#website\"},\"primaryImageOfPage\":{\"@id\":\"https:\\\/\\\/news.save.ch\\\/media-markt-ruft-reiseladegeraet-der-marke-isy-wegen-brandgefahr-zurueck\\\/#primaryimage\"},\"image\":{\"@id\":\"https:\\\/\\\/news.save.ch\\\/media-markt-ruft-reiseladegeraet-der-marke-isy-wegen-brandgefahr-zurueck\\\/#primaryimage\"},\"thumbnailUrl\":\"https:\\\/\\\/news.save.ch\\\/wp-content\\\/uploads\\\/2022\\\/05\\\/71595.jpg\",\"datePublished\":\"2022-05-20T06:36:19+00:00\",\"dateModified\":\"2023-06-27T04:13:27+00:00\",\"description\":\"\u00a0In Zusammenarbeit mit dem Eidgen\u00f6ssischen Starkstrominspektorat (ESTI) ruft die Media Markt Schweiz AG das Reiseladeger\u00e4t \u00abITS-2000 ILTN Travel Charger Set\u00bb der Marke \u00abISY\u00bb zur\u00fcck. Es besteht eine Stromschlag-, Brand- und Verbrennungsgefahr. Betroffene Kunden erhalten den Kaufpreis r\u00fcckerstattet.\",\"breadcrumb\":{\"@id\":\"https:\\\/\\\/news.save.ch\\\/media-markt-ruft-reiseladegeraet-der-marke-isy-wegen-brandgefahr-zurueck\\\/#breadcrumb\"},\"inLanguage\":\"fr-FR\",\"potentialAction\":[{\"@type\":\"ReadAction\",\"target\":[\"https:\\\/\\\/news.save.ch\\\/media-markt-ruft-reiseladegeraet-der-marke-isy-wegen-brandgefahr-zurueck\\\/\"]}]},{\"@type\":\"ImageObject\",\"inLanguage\":\"fr-FR\",\"@id\":\"https:\\\/\\\/news.save.ch\\\/media-markt-ruft-reiseladegeraet-der-marke-isy-wegen-brandgefahr-zurueck\\\/#primaryimage\",\"url\":\"https:\\\/\\\/news.save.ch\\\/wp-content\\\/uploads\\\/2022\\\/05\\\/71595.jpg\",\"contentUrl\":\"https:\\\/\\\/news.save.ch\\\/wp-content\\\/uploads\\\/2022\\\/05\\\/71595.jpg\",\"width\":1265,\"height\":1315,\"caption\":\"R\u00fcckruf, Eidgen\u00f6ssisches Starkstrominspektorat (ESTI)\"},{\"@type\":\"BreadcrumbList\",\"@id\":\"https:\\\/\\\/news.save.ch\\\/media-markt-ruft-reiseladegeraet-der-marke-isy-wegen-brandgefahr-zurueck\\\/#breadcrumb\",\"itemListElement\":[{\"@type\":\"ListItem\",\"position\":1,\"name\":\"Home\",\"item\":\"https:\\\/\\\/news.save.ch\\\/de\\\/\"},{\"@type\":\"ListItem\",\"position\":2,\"name\":\"Media Markt ruft Reiseladeger\u00e4t der Marke \u00abISY\u00bb wegen Brandgefahr zur\u00fcck\"}]},{\"@type\":\"WebSite\",\"@id\":\"https:\\\/\\\/news.save.ch\\\/de\\\/#website\",\"url\":\"https:\\\/\\\/news.save.ch\\\/de\\\/\",\"name\":\"Save\",\"description\":\"Schweizer Fachzeitschrift f\u00fcr Sicherheit\",\"publisher\":{\"@id\":\"https:\\\/\\\/news.save.ch\\\/de\\\/#organization\"},\"potentialAction\":[{\"@type\":\"SearchAction\",\"target\":{\"@type\":\"EntryPoint\",\"urlTemplate\":\"https:\\\/\\\/news.save.ch\\\/de\\\/?s={search_term_string}\"},\"query-input\":{\"@type\":\"PropertyValueSpecification\",\"valueRequired\":true,\"valueName\":\"search_term_string\"}}],\"inLanguage\":\"fr-FR\"},{\"@type\":\"Organization\",\"@id\":\"https:\\\/\\\/news.save.ch\\\/de\\\/#organization\",\"name\":\"Sicherheitsforum\",\"url\":\"https:\\\/\\\/news.save.ch\\\/de\\\/\",\"logo\":{\"@type\":\"ImageObject\",\"inLanguage\":\"fr-FR\",\"@id\":\"https:\\\/\\\/news.save.ch\\\/de\\\/#\\\/schema\\\/logo\\\/image\\\/\",\"url\":\"https:\\\/\\\/news.save.ch\\\/wp-content\\\/uploads\\\/2022\\\/06\\\/Logo_SF_2012.png\",\"contentUrl\":\"https:\\\/\\\/news.save.ch\\\/wp-content\\\/uploads\\\/2022\\\/06\\\/Logo_SF_2012.png\",\"width\":1100,\"height\":91,\"caption\":\"Sicherheitsforum\"},\"image\":{\"@id\":\"https:\\\/\\\/news.save.ch\\\/de\\\/#\\\/schema\\\/logo\\\/image\\\/\"}},{\"@type\":\"Person\",\"@id\":\"https:\\\/\\\/news.save.ch\\\/de\\\/#\\\/schema\\\/person\\\/ad4ef21102fd6125312409ac57d5296d\",\"name\":\"Simon Gr\u00f6flin\",\"image\":{\"@type\":\"ImageObject\",\"inLanguage\":\"fr-FR\",\"@id\":\"https:\\\/\\\/secure.gravatar.com\\\/avatar\\\/6ddceb80eb734354635539e0ea5140bb7c41e42de7c45c9a2ab9921b5d5c9a83?s=96&d=mm&r=g\",\"url\":\"https:\\\/\\\/secure.gravatar.com\\\/avatar\\\/6ddceb80eb734354635539e0ea5140bb7c41e42de7c45c9a2ab9921b5d5c9a83?s=96&d=mm&r=g\",\"contentUrl\":\"https:\\\/\\\/secure.gravatar.com\\\/avatar\\\/6ddceb80eb734354635539e0ea5140bb7c41e42de7c45c9a2ab9921b5d5c9a83?s=96&d=mm&r=g\",\"caption\":\"Simon Gr\u00f6flin\"},\"url\":\"https:\\\/\\\/news.save.ch\\\/fr\\\/author\\\/simon-groeflin\\\/\"}]}<\/script>\n<!-- \/ Yoast SEO plugin. -->","yoast_head_json":{"title":"Media Markt rappelle le chargeur de voyage de la marque \"ISY\" en raison d'un risque d'incendie - Save","description":"\u00a0En collaboration avec l'Inspection f\u00e9d\u00e9rale des installations \u00e0 courant fort (ESTI), Media Markt Schweiz AG rappelle le chargeur de voyage \"ITS-2000 ILTN Travel Charger Set\" de la marque \"ISY\". Il existe un risque d'\u00e9lectrocution, d'incendie et de br\u00fblures. Les clients concern\u00e9s se verront rembourser le prix d'achat.","robots":{"index":"index","follow":"follow","max-snippet":"max-snippet:-1","max-image-preview":"max-image-preview:large","max-video-preview":"max-video-preview:-1"},"canonical":"https:\/\/news.save.ch\/fr\/media-markt-ruft-reiseladegeraet-der-marke-isy-wegen-brandgefahr-zurueck\/","og_locale":"fr_FR","og_type":"article","og_title":"Media Markt ruft Reiseladeger\u00e4t der Marke \u00abISY\u00bb wegen Brandgefahr zur\u00fcck - Save","og_description":"\u00a0In Zusammenarbeit mit dem Eidgen\u00f6ssischen Starkstrominspektorat (ESTI) ruft die Media Markt Schweiz AG das Reiseladeger\u00e4t \u00abITS-2000 ILTN Travel Charger Set\u00bb der Marke \u00abISY\u00bb zur\u00fcck. Es besteht eine Stromschlag-, Brand- und Verbrennungsgefahr. Betroffene Kunden erhalten den Kaufpreis r\u00fcckerstattet.","og_url":"https:\/\/news.save.ch\/fr\/media-markt-ruft-reiseladegeraet-der-marke-isy-wegen-brandgefahr-zurueck\/","og_site_name":"Save","article_published_time":"2022-05-20T06:36:19+00:00","article_modified_time":"2023-06-27T04:13:27+00:00","og_image":[{"width":1265,"height":1315,"url":"https:\/\/news.save.ch\/wp-content\/uploads\/2022\/05\/71595.jpg","type":"image\/jpeg"}],"author":"Simon Gr\u00f6flin","twitter_card":"summary_large_image","twitter_misc":{"\u00c9crit par":"Simon Gr\u00f6flin","Dur\u00e9e de lecture estim\u00e9e":"1 minute"},"schema":{"@context":"https:\/\/schema.org","@graph":[{"@type":"Article","@id":"https:\/\/news.save.ch\/media-markt-ruft-reiseladegeraet-der-marke-isy-wegen-brandgefahr-zurueck\/#article","isPartOf":{"@id":"https:\/\/news.save.ch\/media-markt-ruft-reiseladegeraet-der-marke-isy-wegen-brandgefahr-zurueck\/"},"author":{"name":"Simon Gr\u00f6flin","@id":"https:\/\/news.save.ch\/de\/#\/schema\/person\/ad4ef21102fd6125312409ac57d5296d"},"headline":"Media Markt ruft Reiseladeger\u00e4t der Marke \u00abISY\u00bb wegen Brandgefahr zur\u00fcck","datePublished":"2022-05-20T06:36:19+00:00","dateModified":"2023-06-27T04:13:27+00:00","mainEntityOfPage":{"@id":"https:\/\/news.save.ch\/media-markt-ruft-reiseladegeraet-der-marke-isy-wegen-brandgefahr-zurueck\/"},"wordCount":146,"publisher":{"@id":"https:\/\/news.save.ch\/de\/#organization"},"image":{"@id":"https:\/\/news.save.ch\/media-markt-ruft-reiseladegeraet-der-marke-isy-wegen-brandgefahr-zurueck\/#primaryimage"},"thumbnailUrl":"https:\/\/news.save.ch\/wp-content\/uploads\/2022\/05\/71595.jpg","keywords":["Eidgen\u00f6ssisches Starkstrominspektorat","ESTI","ITS-2000 ILTN Travel Charger Set","Kaufpreis zur\u00fcckerstattet","Media Markt Schweiz AG","Produktr\u00fcckruf","R\u00fcckruf"],"articleSection":["ALLGEMEIN"],"inLanguage":"fr-FR"},{"@type":"WebPage","@id":"https:\/\/news.save.ch\/media-markt-ruft-reiseladegeraet-der-marke-isy-wegen-brandgefahr-zurueck\/","url":"https:\/\/news.save.ch\/media-markt-ruft-reiseladegeraet-der-marke-isy-wegen-brandgefahr-zurueck\/","name":"Media Markt rappelle le chargeur de voyage de la marque \"ISY\" en raison d'un risque d'incendie - Save","isPartOf":{"@id":"https:\/\/news.save.ch\/de\/#website"},"primaryImageOfPage":{"@id":"https:\/\/news.save.ch\/media-markt-ruft-reiseladegeraet-der-marke-isy-wegen-brandgefahr-zurueck\/#primaryimage"},"image":{"@id":"https:\/\/news.save.ch\/media-markt-ruft-reiseladegeraet-der-marke-isy-wegen-brandgefahr-zurueck\/#primaryimage"},"thumbnailUrl":"https:\/\/news.save.ch\/wp-content\/uploads\/2022\/05\/71595.jpg","datePublished":"2022-05-20T06:36:19+00:00","dateModified":"2023-06-27T04:13:27+00:00","description":"\u00a0En collaboration avec l'Inspection f\u00e9d\u00e9rale des installations \u00e0 courant fort (ESTI), Media Markt Schweiz AG rappelle le chargeur de voyage \"ITS-2000 ILTN Travel Charger Set\" de la marque \"ISY\". Il existe un risque d'\u00e9lectrocution, d'incendie et de br\u00fblures. Les clients concern\u00e9s se verront rembourser le prix d'achat.","breadcrumb":{"@id":"https:\/\/news.save.ch\/media-markt-ruft-reiseladegeraet-der-marke-isy-wegen-brandgefahr-zurueck\/#breadcrumb"},"inLanguage":"fr-FR","potentialAction":[{"@type":"ReadAction","target":["https:\/\/news.save.ch\/media-markt-ruft-reiseladegeraet-der-marke-isy-wegen-brandgefahr-zurueck\/"]}]},{"@type":"ImageObject","inLanguage":"fr-FR","@id":"https:\/\/news.save.ch\/media-markt-ruft-reiseladegeraet-der-marke-isy-wegen-brandgefahr-zurueck\/#primaryimage","url":"https:\/\/news.save.ch\/wp-content\/uploads\/2022\/05\/71595.jpg","contentUrl":"https:\/\/news.save.ch\/wp-content\/uploads\/2022\/05\/71595.jpg","width":1265,"height":1315,"caption":"R\u00fcckruf, Eidgen\u00f6ssisches Starkstrominspektorat (ESTI)"},{"@type":"BreadcrumbList","@id":"https:\/\/news.save.ch\/media-markt-ruft-reiseladegeraet-der-marke-isy-wegen-brandgefahr-zurueck\/#breadcrumb","itemListElement":[{"@type":"ListItem","position":1,"name":"Home","item":"https:\/\/news.save.ch\/de\/"},{"@type":"ListItem","position":2,"name":"Media Markt ruft Reiseladeger\u00e4t der Marke \u00abISY\u00bb wegen Brandgefahr zur\u00fcck"}]},{"@type":"WebSite","@id":"https:\/\/news.save.ch\/de\/#website","url":"https:\/\/news.save.ch\/de\/","name":"Save","description":"Revue suisse sp\u00e9cialis\u00e9e dans la s\u00e9curit\u00e9","publisher":{"@id":"https:\/\/news.save.ch\/de\/#organization"},"potentialAction":[{"@type":"SearchAction","target":{"@type":"EntryPoint","urlTemplate":"https:\/\/news.save.ch\/de\/?s={search_term_string}"},"query-input":{"@type":"PropertyValueSpecification","valueRequired":true,"valueName":"search_term_string"}}],"inLanguage":"fr-FR"},{"@type":"Organization","@id":"https:\/\/news.save.ch\/de\/#organization","name":"Forum sur la s\u00e9curit\u00e9","url":"https:\/\/news.save.ch\/de\/","logo":{"@type":"ImageObject","inLanguage":"fr-FR","@id":"https:\/\/news.save.ch\/de\/#\/schema\/logo\/image\/","url":"https:\/\/news.save.ch\/wp-content\/uploads\/2022\/06\/Logo_SF_2012.png","contentUrl":"https:\/\/news.save.ch\/wp-content\/uploads\/2022\/06\/Logo_SF_2012.png","width":1100,"height":91,"caption":"Sicherheitsforum"},"image":{"@id":"https:\/\/news.save.ch\/de\/#\/schema\/logo\/image\/"}},{"@type":"Person","@id":"https:\/\/news.save.ch\/de\/#\/schema\/person\/ad4ef21102fd6125312409ac57d5296d","name":"Simon Gr\u00f6flin","image":{"@type":"ImageObject","inLanguage":"fr-FR","@id":"https:\/\/secure.gravatar.com\/avatar\/6ddceb80eb734354635539e0ea5140bb7c41e42de7c45c9a2ab9921b5d5c9a83?s=96&d=mm&r=g","url":"https:\/\/secure.gravatar.com\/avatar\/6ddceb80eb734354635539e0ea5140bb7c41e42de7c45c9a2ab9921b5d5c9a83?s=96&d=mm&r=g","contentUrl":"https:\/\/secure.gravatar.com\/avatar\/6ddceb80eb734354635539e0ea5140bb7c41e42de7c45c9a2ab9921b5d5c9a83?s=96&d=mm&r=g","caption":"Simon Gr\u00f6flin"},"url":"https:\/\/news.save.ch\/fr\/author\/simon-groeflin\/"}]}},"_links":{"self":[{"href":"https:\/\/news.save.ch\/fr\/wp-json\/wp\/v2\/posts\/9034","targetHints":{"allow":["GET"]}}],"collection":[{"href":"https:\/\/news.save.ch\/fr\/wp-json\/wp\/v2\/posts"}],"about":[{"href":"https:\/\/news.save.ch\/fr\/wp-json\/wp\/v2\/types\/post"}],"author":[{"embeddable":true,"href":"https:\/\/news.save.ch\/fr\/wp-json\/wp\/v2\/users\/9"}],"replies":[{"embeddable":true,"href":"https:\/\/news.save.ch\/fr\/wp-json\/wp\/v2\/comments?post=9034"}],"version-history":[{"count":2,"href":"https:\/\/news.save.ch\/fr\/wp-json\/wp\/v2\/posts\/9034\/revisions"}],"predecessor-version":[{"id":20319,"href":"https:\/\/news.save.ch\/fr\/wp-json\/wp\/v2\/posts\/9034\/revisions\/20319"}],"wp:featuredmedia":[{"embeddable":true,"href":"https:\/\/news.save.ch\/fr\/wp-json\/wp\/v2\/media\/9036"}],"wp:attachment":[{"href":"https:\/\/news.save.ch\/fr\/wp-json\/wp\/v2\/media?parent=9034"}],"wp:term":[{"taxonomy":"category","embeddable":true,"href":"https:\/\/news.save.ch\/fr\/wp-json\/wp\/v2\/categories?post=9034"},{"taxonomy":"post_tag","embeddable":true,"href":"https:\/\/news.save.ch\/fr\/wp-json\/wp\/v2\/tags?post=9034"}],"curies":[{"name":"wp","href":"https:\/\/api.w.org\/{rel}","templated":true}]}}