{"id":9064,"date":"2019-11-27T09:40:56","date_gmt":"2019-11-27T08:40:56","guid":{"rendered":"https:\/\/news.save.ch\/?p=9064"},"modified":"2023-03-14T08:56:42","modified_gmt":"2023-03-14T07:56:42","slug":"ein-neuer-verein-fuer-datenschutzfragen","status":null,"type":"post","link":"https:\/\/news.save.ch\/fr\/ein-neuer-verein-fuer-datenschutzfragen\/","title":{"rendered":"Une nouvelle association pour les questions de protection des donn\u00e9es"},"content":{"rendered":"<p>&nbsp;<\/p>\n<figure id=\"attachment_9065\" aria-describedby=\"caption-attachment-9065\" style=\"width: 680px\" class=\"wp-caption aligncenter\"><img loading=\"lazy\" decoding=\"async\" class=\"wp-image-9065 size-medium\" src=\"https:\/\/news.save.ch\/wp-content\/uploads\/2019\/11\/Verein.jpg\" alt=\"Protection des donn\u00e9es\" width=\"680\" height=\"493\" srcset=\"https:\/\/news.save.ch\/wp-content\/uploads\/2019\/11\/Verein.jpg 834w, https:\/\/news.save.ch\/wp-content\/uploads\/2019\/11\/Verein-375x272.jpg 375w\" sizes=\"auto, (max-width: 680px) 100vw, 680px\" \/><figcaption id=\"caption-attachment-9065\" class=\"wp-caption-text\"><br \/>Communaut\u00e9 de la protection des donn\u00e9es<\/figcaption><\/figure>\n<p>Le nouveau r\u00e8glement europ\u00e9en sur la protection des donn\u00e9es et la r\u00e9vision \u00e0 venir de la loi f\u00e9d\u00e9rale sur la protection des donn\u00e9es suscitent l'inqui\u00e9tude des PME et des organisations suisses. L'association \"Data Privacy Community\", lanc\u00e9e \u00e0 l'initiative de la Haute \u00e9cole de Lucerne, doit aider \u00e0 clarifier les questions les plus urgentes de toutes les parties concern\u00e9es et permettre \u00e0 la Suisse de faire un grand pas en avant en mati\u00e8re de protection des donn\u00e9es, comme l'indique l'association dans son communiqu\u00e9.<\/p>\n<p>La \"Data Privacy Community\", cr\u00e9\u00e9e il y a quelques jours par des experts de la protection des donn\u00e9es, promeut les connaissances en mati\u00e8re de protection des donn\u00e9es et soutient les entreprises et les organisations dans la mise en \u0153uvre des dispositions l\u00e9gales correspondantes.<\/p>\n<p><strong>Missions principales de l'association<\/strong><\/p>\n<p>L'association d\u00e9crit ses t\u00e2ches principales comme suit :<\/p>\n<ul>\n<li>Acc\u00e8s facile aux connaissances et aux informations<\/li>\n<li>Formations continues dans le domaine de la protection des donn\u00e9es<\/li>\n<li>Mise en r\u00e9seau entre les personnes concern\u00e9es par la protection des donn\u00e9es (perspective juridique et technique)<\/li>\n<li>Interlocuteur pour la politique, les entreprises et d'autres organisations<\/li>\n<li>Coop\u00e9ration internationale, principalement dans la r\u00e9gion DACH (Allemagne, Autriche, Suisse)<\/li>\n<\/ul>\n<p><strong>Le conseil d'administration<\/strong><\/p>\n<p>Le pr\u00e9sident de la nouvelle association est J\u00e9r\u00f4me Egli, Data Privacy Officer chez Swica. La vice-pr\u00e9sidente est Ursula Sury, experte en protection des donn\u00e9es et vice-directrice du d\u00e9partement informatique de la Haute \u00e9cole de Lucerne. Le secr\u00e9tariat se trouve sur le site de la haute \u00e9cole, sur le campus de Zoug-Rotkreuz.<\/p>\n<p><em>Source : <a href=\"https:\/\/dapri-community.ch\">Communaut\u00e9 de la protection des donn\u00e9es <\/a><\/em><\/p>","protected":false},"excerpt":{"rendered":"<p>&nbsp; Die neue EU-Datenschutzverordnung und die anstehende Revision des Eidgen\u00f6ssischen Datenschutzgesetzes sorgen bei Schweizer KMU und Organisationen f\u00fcr Verunsicherung. Der auf Initiative der Hochschule Luzern lancierte Verein \u00abData Privacy Community\u00bb soll helfen, die dr\u00e4ngendsten Fragen aller Beteiligten zu kl\u00e4ren und die Schweiz in Datenschutzfragen einen grossen Schritt nach vorne zu bringen, wie der Verein in [&hellip;]<\/p>\n","protected":false},"author":8,"featured_media":9065,"comment_status":"open","ping_status":"open","sticky":false,"template":"","format":"standard","meta":{"_acf_changed":false,"pgc_sgb_lightbox_settings":"","footnotes":""},"categories":[3313],"tags":[118,143],"class_list":["post-9064","post","type-post","status-publish","format-standard","has-post-thumbnail","hentry","category-digitalisierung","tag-datenschutz","tag-vereine"],"acf":[],"hkrextid":null,"publication":null,"issue":null,"workflow":null,"startPage":null,"spitzmarke":null,"_posts_by_tag_page_fields":{"widget_title":"","widget_tags":""},"_at_widget":"1","_yoast_wpseo_primary_category":"2","_yoast_wpseo_focuskw_text_input":"Datenschutz","_yoast_wpseo_opengraph-image":null,"_yoast_wpseo_opengraph-description":null,"_yoast_wpseo_opengraph-title":null,"enclosure":null,"_yoast_wpseo_twitter-title":null,"_yoast_wpseo_twitter-description":null,"_yoast_wpseo_twitter-image":null,"_wp_old_slug":null,"_yoast_wpseo_title":null,"_yoast_wpseo_canonical":null,"yoast_head":"<!-- This site is optimized with the Yoast SEO plugin v27.5 - https:\/\/yoast.com\/product\/yoast-seo-wordpress\/ -->\n<title>Ein neuer Verein f\u00fcr Datenschutzfragen - Save<\/title>\n<meta name=\"description\" content=\"K\u00fcrzlich hat sich der neue Verein \u00abData Privacy Community\u00bb formiert. Er will die Schweiz in Sachen Datenschutzfragen vorw\u00e4rts bringen.\" \/>\n<meta name=\"robots\" content=\"index, follow, max-snippet:-1, max-image-preview:large, max-video-preview:-1\" \/>\n<link rel=\"canonical\" href=\"https:\/\/news.save.ch\/fr\/ein-neuer-verein-fuer-datenschutzfragen\/\" \/>\n<meta property=\"og:locale\" content=\"fr_FR\" \/>\n<meta property=\"og:type\" content=\"article\" \/>\n<meta property=\"og:title\" content=\"Ein neuer Verein f\u00fcr Datenschutzfragen - Save\" \/>\n<meta property=\"og:description\" content=\"K\u00fcrzlich hat sich der neue Verein \u00abData Privacy Community\u00bb formiert. Er will die Schweiz in Sachen Datenschutzfragen vorw\u00e4rts bringen.\" \/>\n<meta property=\"og:url\" content=\"https:\/\/news.save.ch\/fr\/ein-neuer-verein-fuer-datenschutzfragen\/\" \/>\n<meta property=\"og:site_name\" content=\"Save\" \/>\n<meta property=\"article:published_time\" content=\"2019-11-27T08:40:56+00:00\" \/>\n<meta property=\"article:modified_time\" content=\"2023-03-14T07:56:42+00:00\" \/>\n<meta property=\"og:image\" content=\"https:\/\/news.save.ch\/wp-content\/uploads\/2019\/11\/Verein.jpg\" \/>\n\t<meta property=\"og:image:width\" content=\"834\" \/>\n\t<meta property=\"og:image:height\" content=\"605\" \/>\n\t<meta property=\"og:image:type\" content=\"image\/jpeg\" \/>\n<meta name=\"author\" content=\"Roger Str\u00e4ssle\" \/>\n<meta name=\"twitter:card\" content=\"summary_large_image\" \/>\n<meta name=\"twitter:label1\" content=\"\u00c9crit par\" \/>\n\t<meta name=\"twitter:data1\" content=\"Roger Str\u00e4ssle\" \/>\n\t<meta name=\"twitter:label2\" content=\"Dur\u00e9e de lecture estim\u00e9e\" \/>\n\t<meta name=\"twitter:data2\" content=\"1 minute\" \/>\n<script type=\"application\/ld+json\" class=\"yoast-schema-graph\">{\"@context\":\"https:\\\/\\\/schema.org\",\"@graph\":[{\"@type\":\"Article\",\"@id\":\"https:\\\/\\\/news.save.ch\\\/ein-neuer-verein-fuer-datenschutzfragen\\\/#article\",\"isPartOf\":{\"@id\":\"https:\\\/\\\/news.save.ch\\\/ein-neuer-verein-fuer-datenschutzfragen\\\/\"},\"author\":{\"name\":\"Roger Str\u00e4ssle\",\"@id\":\"https:\\\/\\\/news.save.ch\\\/de\\\/#\\\/schema\\\/person\\\/d5022db048e0e2b9785c50e5b24da5aa\"},\"headline\":\"Ein neuer Verein f\u00fcr Datenschutzfragen\",\"datePublished\":\"2019-11-27T08:40:56+00:00\",\"dateModified\":\"2023-03-14T07:56:42+00:00\",\"mainEntityOfPage\":{\"@id\":\"https:\\\/\\\/news.save.ch\\\/ein-neuer-verein-fuer-datenschutzfragen\\\/\"},\"wordCount\":203,\"commentCount\":0,\"publisher\":{\"@id\":\"https:\\\/\\\/news.save.ch\\\/de\\\/#organization\"},\"image\":{\"@id\":\"https:\\\/\\\/news.save.ch\\\/ein-neuer-verein-fuer-datenschutzfragen\\\/#primaryimage\"},\"thumbnailUrl\":\"https:\\\/\\\/news.save.ch\\\/wp-content\\\/uploads\\\/2019\\\/11\\\/Verein.jpg\",\"keywords\":[\"Datenschutz\",\"Vereine\"],\"articleSection\":[\"DIGITALISIERUNG\"],\"inLanguage\":\"fr-FR\"},{\"@type\":\"WebPage\",\"@id\":\"https:\\\/\\\/news.save.ch\\\/ein-neuer-verein-fuer-datenschutzfragen\\\/\",\"url\":\"https:\\\/\\\/news.save.ch\\\/ein-neuer-verein-fuer-datenschutzfragen\\\/\",\"name\":\"Ein neuer Verein f\u00fcr Datenschutzfragen - Save\",\"isPartOf\":{\"@id\":\"https:\\\/\\\/news.save.ch\\\/de\\\/#website\"},\"primaryImageOfPage\":{\"@id\":\"https:\\\/\\\/news.save.ch\\\/ein-neuer-verein-fuer-datenschutzfragen\\\/#primaryimage\"},\"image\":{\"@id\":\"https:\\\/\\\/news.save.ch\\\/ein-neuer-verein-fuer-datenschutzfragen\\\/#primaryimage\"},\"thumbnailUrl\":\"https:\\\/\\\/news.save.ch\\\/wp-content\\\/uploads\\\/2019\\\/11\\\/Verein.jpg\",\"datePublished\":\"2019-11-27T08:40:56+00:00\",\"dateModified\":\"2023-03-14T07:56:42+00:00\",\"description\":\"K\u00fcrzlich hat sich der neue Verein \u00abData Privacy Community\u00bb formiert. Er will die Schweiz in Sachen Datenschutzfragen vorw\u00e4rts bringen.\",\"breadcrumb\":{\"@id\":\"https:\\\/\\\/news.save.ch\\\/ein-neuer-verein-fuer-datenschutzfragen\\\/#breadcrumb\"},\"inLanguage\":\"fr-FR\",\"potentialAction\":[{\"@type\":\"ReadAction\",\"target\":[\"https:\\\/\\\/news.save.ch\\\/ein-neuer-verein-fuer-datenschutzfragen\\\/\"]}]},{\"@type\":\"ImageObject\",\"inLanguage\":\"fr-FR\",\"@id\":\"https:\\\/\\\/news.save.ch\\\/ein-neuer-verein-fuer-datenschutzfragen\\\/#primaryimage\",\"url\":\"https:\\\/\\\/news.save.ch\\\/wp-content\\\/uploads\\\/2019\\\/11\\\/Verein.jpg\",\"contentUrl\":\"https:\\\/\\\/news.save.ch\\\/wp-content\\\/uploads\\\/2019\\\/11\\\/Verein.jpg\",\"width\":834,\"height\":605,\"caption\":\"\u00a9 Data Privacy Community\"},{\"@type\":\"BreadcrumbList\",\"@id\":\"https:\\\/\\\/news.save.ch\\\/ein-neuer-verein-fuer-datenschutzfragen\\\/#breadcrumb\",\"itemListElement\":[{\"@type\":\"ListItem\",\"position\":1,\"name\":\"Home\",\"item\":\"https:\\\/\\\/news.save.ch\\\/de\\\/\"},{\"@type\":\"ListItem\",\"position\":2,\"name\":\"Ein neuer Verein f\u00fcr Datenschutzfragen\"}]},{\"@type\":\"WebSite\",\"@id\":\"https:\\\/\\\/news.save.ch\\\/de\\\/#website\",\"url\":\"https:\\\/\\\/news.save.ch\\\/de\\\/\",\"name\":\"Save\",\"description\":\"Schweizer Fachzeitschrift f\u00fcr Sicherheit\",\"publisher\":{\"@id\":\"https:\\\/\\\/news.save.ch\\\/de\\\/#organization\"},\"potentialAction\":[{\"@type\":\"SearchAction\",\"target\":{\"@type\":\"EntryPoint\",\"urlTemplate\":\"https:\\\/\\\/news.save.ch\\\/de\\\/?s={search_term_string}\"},\"query-input\":{\"@type\":\"PropertyValueSpecification\",\"valueRequired\":true,\"valueName\":\"search_term_string\"}}],\"inLanguage\":\"fr-FR\"},{\"@type\":\"Organization\",\"@id\":\"https:\\\/\\\/news.save.ch\\\/de\\\/#organization\",\"name\":\"Sicherheitsforum\",\"url\":\"https:\\\/\\\/news.save.ch\\\/de\\\/\",\"logo\":{\"@type\":\"ImageObject\",\"inLanguage\":\"fr-FR\",\"@id\":\"https:\\\/\\\/news.save.ch\\\/de\\\/#\\\/schema\\\/logo\\\/image\\\/\",\"url\":\"https:\\\/\\\/news.save.ch\\\/wp-content\\\/uploads\\\/2022\\\/06\\\/Logo_SF_2012.png\",\"contentUrl\":\"https:\\\/\\\/news.save.ch\\\/wp-content\\\/uploads\\\/2022\\\/06\\\/Logo_SF_2012.png\",\"width\":1100,\"height\":91,\"caption\":\"Sicherheitsforum\"},\"image\":{\"@id\":\"https:\\\/\\\/news.save.ch\\\/de\\\/#\\\/schema\\\/logo\\\/image\\\/\"}},{\"@type\":\"Person\",\"@id\":\"https:\\\/\\\/news.save.ch\\\/de\\\/#\\\/schema\\\/person\\\/d5022db048e0e2b9785c50e5b24da5aa\",\"name\":\"Roger Str\u00e4ssle\",\"image\":{\"@type\":\"ImageObject\",\"inLanguage\":\"fr-FR\",\"@id\":\"https:\\\/\\\/secure.gravatar.com\\\/avatar\\\/862a5569d087de48e5856e32f45d719a03804c891d6deb8d4f71a660e79e4a47?s=96&d=mm&r=g\",\"url\":\"https:\\\/\\\/secure.gravatar.com\\\/avatar\\\/862a5569d087de48e5856e32f45d719a03804c891d6deb8d4f71a660e79e4a47?s=96&d=mm&r=g\",\"contentUrl\":\"https:\\\/\\\/secure.gravatar.com\\\/avatar\\\/862a5569d087de48e5856e32f45d719a03804c891d6deb8d4f71a660e79e4a47?s=96&d=mm&r=g\",\"caption\":\"Roger Str\u00e4ssle\"},\"url\":\"https:\\\/\\\/news.save.ch\\\/fr\\\/author\\\/roger-straessle\\\/\"}]}<\/script>\n<!-- \/ Yoast SEO plugin. -->","yoast_head_json":{"title":"Une nouvelle association pour les questions de protection des donn\u00e9es - Save","description":"La nouvelle association \"Data Privacy Community\" s'est r\u00e9cemment constitu\u00e9e. Elle veut faire avancer la Suisse en mati\u00e8re de protection des donn\u00e9es.","robots":{"index":"index","follow":"follow","max-snippet":"max-snippet:-1","max-image-preview":"max-image-preview:large","max-video-preview":"max-video-preview:-1"},"canonical":"https:\/\/news.save.ch\/fr\/ein-neuer-verein-fuer-datenschutzfragen\/","og_locale":"fr_FR","og_type":"article","og_title":"Ein neuer Verein f\u00fcr Datenschutzfragen - Save","og_description":"K\u00fcrzlich hat sich der neue Verein \u00abData Privacy Community\u00bb formiert. Er will die Schweiz in Sachen Datenschutzfragen vorw\u00e4rts bringen.","og_url":"https:\/\/news.save.ch\/fr\/ein-neuer-verein-fuer-datenschutzfragen\/","og_site_name":"Save","article_published_time":"2019-11-27T08:40:56+00:00","article_modified_time":"2023-03-14T07:56:42+00:00","og_image":[{"width":834,"height":605,"url":"https:\/\/news.save.ch\/wp-content\/uploads\/2019\/11\/Verein.jpg","type":"image\/jpeg"}],"author":"Roger Str\u00e4ssle","twitter_card":"summary_large_image","twitter_misc":{"\u00c9crit par":"Roger Str\u00e4ssle","Dur\u00e9e de lecture estim\u00e9e":"1 minute"},"schema":{"@context":"https:\/\/schema.org","@graph":[{"@type":"Article","@id":"https:\/\/news.save.ch\/ein-neuer-verein-fuer-datenschutzfragen\/#article","isPartOf":{"@id":"https:\/\/news.save.ch\/ein-neuer-verein-fuer-datenschutzfragen\/"},"author":{"name":"Roger Str\u00e4ssle","@id":"https:\/\/news.save.ch\/de\/#\/schema\/person\/d5022db048e0e2b9785c50e5b24da5aa"},"headline":"Ein neuer Verein f\u00fcr Datenschutzfragen","datePublished":"2019-11-27T08:40:56+00:00","dateModified":"2023-03-14T07:56:42+00:00","mainEntityOfPage":{"@id":"https:\/\/news.save.ch\/ein-neuer-verein-fuer-datenschutzfragen\/"},"wordCount":203,"commentCount":0,"publisher":{"@id":"https:\/\/news.save.ch\/de\/#organization"},"image":{"@id":"https:\/\/news.save.ch\/ein-neuer-verein-fuer-datenschutzfragen\/#primaryimage"},"thumbnailUrl":"https:\/\/news.save.ch\/wp-content\/uploads\/2019\/11\/Verein.jpg","keywords":["Datenschutz","Vereine"],"articleSection":["DIGITALISIERUNG"],"inLanguage":"fr-FR"},{"@type":"WebPage","@id":"https:\/\/news.save.ch\/ein-neuer-verein-fuer-datenschutzfragen\/","url":"https:\/\/news.save.ch\/ein-neuer-verein-fuer-datenschutzfragen\/","name":"Une nouvelle association pour les questions de protection des donn\u00e9es - Save","isPartOf":{"@id":"https:\/\/news.save.ch\/de\/#website"},"primaryImageOfPage":{"@id":"https:\/\/news.save.ch\/ein-neuer-verein-fuer-datenschutzfragen\/#primaryimage"},"image":{"@id":"https:\/\/news.save.ch\/ein-neuer-verein-fuer-datenschutzfragen\/#primaryimage"},"thumbnailUrl":"https:\/\/news.save.ch\/wp-content\/uploads\/2019\/11\/Verein.jpg","datePublished":"2019-11-27T08:40:56+00:00","dateModified":"2023-03-14T07:56:42+00:00","description":"La nouvelle association \"Data Privacy Community\" s'est r\u00e9cemment constitu\u00e9e. Elle veut faire avancer la Suisse en mati\u00e8re de protection des donn\u00e9es.","breadcrumb":{"@id":"https:\/\/news.save.ch\/ein-neuer-verein-fuer-datenschutzfragen\/#breadcrumb"},"inLanguage":"fr-FR","potentialAction":[{"@type":"ReadAction","target":["https:\/\/news.save.ch\/ein-neuer-verein-fuer-datenschutzfragen\/"]}]},{"@type":"ImageObject","inLanguage":"fr-FR","@id":"https:\/\/news.save.ch\/ein-neuer-verein-fuer-datenschutzfragen\/#primaryimage","url":"https:\/\/news.save.ch\/wp-content\/uploads\/2019\/11\/Verein.jpg","contentUrl":"https:\/\/news.save.ch\/wp-content\/uploads\/2019\/11\/Verein.jpg","width":834,"height":605,"caption":"\u00a9 Data Privacy Community"},{"@type":"BreadcrumbList","@id":"https:\/\/news.save.ch\/ein-neuer-verein-fuer-datenschutzfragen\/#breadcrumb","itemListElement":[{"@type":"ListItem","position":1,"name":"Home","item":"https:\/\/news.save.ch\/de\/"},{"@type":"ListItem","position":2,"name":"Ein neuer Verein f\u00fcr Datenschutzfragen"}]},{"@type":"WebSite","@id":"https:\/\/news.save.ch\/de\/#website","url":"https:\/\/news.save.ch\/de\/","name":"Save","description":"Revue suisse sp\u00e9cialis\u00e9e dans la s\u00e9curit\u00e9","publisher":{"@id":"https:\/\/news.save.ch\/de\/#organization"},"potentialAction":[{"@type":"SearchAction","target":{"@type":"EntryPoint","urlTemplate":"https:\/\/news.save.ch\/de\/?s={search_term_string}"},"query-input":{"@type":"PropertyValueSpecification","valueRequired":true,"valueName":"search_term_string"}}],"inLanguage":"fr-FR"},{"@type":"Organization","@id":"https:\/\/news.save.ch\/de\/#organization","name":"Forum sur la s\u00e9curit\u00e9","url":"https:\/\/news.save.ch\/de\/","logo":{"@type":"ImageObject","inLanguage":"fr-FR","@id":"https:\/\/news.save.ch\/de\/#\/schema\/logo\/image\/","url":"https:\/\/news.save.ch\/wp-content\/uploads\/2022\/06\/Logo_SF_2012.png","contentUrl":"https:\/\/news.save.ch\/wp-content\/uploads\/2022\/06\/Logo_SF_2012.png","width":1100,"height":91,"caption":"Sicherheitsforum"},"image":{"@id":"https:\/\/news.save.ch\/de\/#\/schema\/logo\/image\/"}},{"@type":"Person","@id":"https:\/\/news.save.ch\/de\/#\/schema\/person\/d5022db048e0e2b9785c50e5b24da5aa","name":"Roger Str\u00e4ssle","image":{"@type":"ImageObject","inLanguage":"fr-FR","@id":"https:\/\/secure.gravatar.com\/avatar\/862a5569d087de48e5856e32f45d719a03804c891d6deb8d4f71a660e79e4a47?s=96&d=mm&r=g","url":"https:\/\/secure.gravatar.com\/avatar\/862a5569d087de48e5856e32f45d719a03804c891d6deb8d4f71a660e79e4a47?s=96&d=mm&r=g","contentUrl":"https:\/\/secure.gravatar.com\/avatar\/862a5569d087de48e5856e32f45d719a03804c891d6deb8d4f71a660e79e4a47?s=96&d=mm&r=g","caption":"Roger Str\u00e4ssle"},"url":"https:\/\/news.save.ch\/fr\/author\/roger-straessle\/"}]}},"_links":{"self":[{"href":"https:\/\/news.save.ch\/fr\/wp-json\/wp\/v2\/posts\/9064","targetHints":{"allow":["GET"]}}],"collection":[{"href":"https:\/\/news.save.ch\/fr\/wp-json\/wp\/v2\/posts"}],"about":[{"href":"https:\/\/news.save.ch\/fr\/wp-json\/wp\/v2\/types\/post"}],"author":[{"embeddable":true,"href":"https:\/\/news.save.ch\/fr\/wp-json\/wp\/v2\/users\/8"}],"replies":[{"embeddable":true,"href":"https:\/\/news.save.ch\/fr\/wp-json\/wp\/v2\/comments?post=9064"}],"version-history":[{"count":1,"href":"https:\/\/news.save.ch\/fr\/wp-json\/wp\/v2\/posts\/9064\/revisions"}],"predecessor-version":[{"id":17359,"href":"https:\/\/news.save.ch\/fr\/wp-json\/wp\/v2\/posts\/9064\/revisions\/17359"}],"wp:featuredmedia":[{"embeddable":true,"href":"https:\/\/news.save.ch\/fr\/wp-json\/wp\/v2\/media\/9065"}],"wp:attachment":[{"href":"https:\/\/news.save.ch\/fr\/wp-json\/wp\/v2\/media?parent=9064"}],"wp:term":[{"taxonomy":"category","embeddable":true,"href":"https:\/\/news.save.ch\/fr\/wp-json\/wp\/v2\/categories?post=9064"},{"taxonomy":"post_tag","embeddable":true,"href":"https:\/\/news.save.ch\/fr\/wp-json\/wp\/v2\/tags?post=9064"}],"curies":[{"name":"wp","href":"https:\/\/api.w.org\/{rel}","templated":true}]}}