{"id":9131,"date":"2019-12-03T13:14:23","date_gmt":"2019-12-03T12:14:23","guid":{"rendered":"https:\/\/news.save.ch\/?p=9131"},"modified":"2019-12-03T13:14:23","modified_gmt":"2019-12-03T12:14:23","slug":"peter-gardo-staerkt-den-bereich-spielplatzsicherheit-im-swiss-safety-center","status":null,"type":"post","link":"https:\/\/news.save.ch\/fr\/peter-gardo-staerkt-den-bereich-spielplatzsicherheit-im-swiss-safety-center\/","title":{"rendered":"Peter Gardo renforce le secteur de la s\u00e9curit\u00e9 des aires de jeux au Swiss Safety Center"},"content":{"rendered":"<figure id=\"attachment_9132\" aria-describedby=\"caption-attachment-9132\" style=\"width: 680px\" class=\"wp-caption aligncenter\"><img loading=\"lazy\" decoding=\"async\" class=\"size-medium wp-image-9132\" src=\"https:\/\/news.save.ch\/wp-content\/uploads\/2019\/12\/Peter-Gardo-HR_bearbeitet-1.jpg\" alt=\"\" width=\"680\" height=\"830\" \/><figcaption id=\"caption-attachment-9132\" class=\"wp-caption-text\">Peter Gardo<\/figcaption><\/figure>\n<p>&nbsp;<\/p>\n<p>Peter Gardo, un fin connaisseur de la branche des aires de jeux, a d\u00e9but\u00e9 son activit\u00e9 au Swiss Safety Center le 1er novembre 2019. Avec son savoir-faire et son \u00e9quipe, il aide les constructeurs, les exploitants et les propri\u00e9taires d'aires de jeux - par exemple les architectes et jardiniers paysagistes, les communes, les r\u00e9gies immobili\u00e8res, les entreprises de tourisme et de restauration - \u00e0 respecter les normes de s\u00e9curit\u00e9 exig\u00e9es (par exemple EN 1176 et EN 1177) pour les nouvelles installations ou les installations existantes, comme l'\u00e9crit l'entreprise. \"Le grand art consiste \u00e0 ne pas perdre de vue la valeur des installations tout en se concentrant sur la s\u00e9curit\u00e9. Une aire de jeux sans facteur de plaisir n'a aucun sens, ni pour l'exploitant ni pour l'utilisateur\", conclut Gardo.<\/p>\n<p>Le nouveau venu apporte le savoir-faire de son ancienne activit\u00e9 chez le plus grand fabricant mondial d'\u00e9quipements de jeux. En tant que professionnel de la vente et Key Account Manager de longue date dans diff\u00e9rentes branches, il est habitu\u00e9 \u00e0 concilier les exigences de s\u00e9curit\u00e9 complexes et les besoins des clients, \u00e9crit son nouvel employeur.<\/p>\n<p>Le secteur d'activit\u00e9 \"S\u00e9curit\u00e9 dans les loisirs\" de Swiss Safety Center SA r\u00e9alise des inspections techniques de s\u00e9curit\u00e9 d'installations de loisirs de tous types. L'\u00e9ventail des prestations comprend<\/p>\n<ul>\n<li>Soutien lors de la planification de nouvelles installations<\/li>\n<li>Attestation de conformit\u00e9 selon la norme SN EN 1176<\/li>\n<li>Inspection de base des installations nouvelles et existantes<\/li>\n<li>Inspection annuelle principale des installations existantes<\/li>\n<li>Analyse des dangers et \u00e9valuation des risques<\/li>\n<li>D\u00e9finition des mesures de r\u00e9paration ou de correction obligatoires et \u00e9valuation des risques r\u00e9siduels pour les installations existantes<\/li>\n<li>Aide \u00e0 l'\u00e9laboration du concept d'inspection et de maintenance<\/li>\n<li>Mesure HIC (mesure de protection contre les chutes) selon SN EN 1177:2018<\/li>\n<li>Attestation de conformit\u00e9 selon la norme SN EN 16630 pour les appareils de fitness d'ext\u00e9rieur fix\u00e9s au sol<\/li>\n<\/ul>\n<p><em>Pour plus d'informations : <a href=\"https:\/\/www.safetycenter.ch\/spielplaetze\">www.safetycenter.ch\/spielplaetze<\/a><\/em><\/p>\n<p>&nbsp;<\/p>\n<p>&nbsp;<\/p>\n<p>&nbsp;<\/p>\n<p>&nbsp;<\/p>","protected":false},"excerpt":{"rendered":"<p>&nbsp; Peter Gardo, ein ausgewiesener Kenner der Spielplatzbranche, startete per 1. November 2019 seine T\u00e4tigkeit im Swiss Safety Center. Mit seinem Know-how und seinem Team unterst\u00fctzt er Erbauer, Betreiber und Besitzer von Spielpl\u00e4tzen \u2013 z.B. Landschaftsarchitekten und -g\u00e4rtner, Gemeinden, Immobilienverwaltungen, Tourismus- und Gastronomiebetriebe \u2013 bei der Einhaltung der geforderten Sicherheitsnormen (z.B. EN 1176 und EN [&hellip;]<\/p>\n","protected":false},"author":8,"featured_media":9132,"comment_status":"closed","ping_status":"closed","sticky":false,"template":"","format":"standard","meta":{"_acf_changed":false,"pgc_sgb_lightbox_settings":"","footnotes":""},"categories":[1],"tags":[590,591,65],"class_list":["post-9131","post","type-post","status-publish","format-standard","has-post-thumbnail","hentry","category-allgemein","tag-freizeit","tag-spielplatzsicherheit","tag-unternehmen"],"acf":[],"hkrextid":null,"publication":null,"issue":null,"workflow":null,"startPage":null,"spitzmarke":null,"_posts_by_tag_page_fields":{"widget_title":"","widget_tags":""},"_at_widget":"1","_yoast_wpseo_primary_category":"1","_yoast_wpseo_focuskw_text_input":"Spielplatzsicherheit","_yoast_wpseo_opengraph-image":null,"_yoast_wpseo_opengraph-description":null,"_yoast_wpseo_opengraph-title":null,"enclosure":null,"_yoast_wpseo_twitter-title":null,"_yoast_wpseo_twitter-description":null,"_yoast_wpseo_twitter-image":null,"_wp_old_slug":null,"_yoast_wpseo_title":null,"_yoast_wpseo_canonical":null,"yoast_head":"<!-- This site is optimized with the Yoast SEO plugin v27.5 - https:\/\/yoast.com\/product\/yoast-seo-wordpress\/ -->\n<title>Peter Gardo st\u00e4rkt den Bereich Spielplatzsicherheit im Swiss Safety Center - Save<\/title>\n<meta name=\"robots\" content=\"index, follow, max-snippet:-1, max-image-preview:large, max-video-preview:-1\" \/>\n<link rel=\"canonical\" href=\"https:\/\/news.save.ch\/fr\/peter-gardo-staerkt-den-bereich-spielplatzsicherheit-im-swiss-safety-center\/\" \/>\n<meta property=\"og:locale\" content=\"fr_FR\" \/>\n<meta property=\"og:type\" content=\"article\" \/>\n<meta property=\"og:title\" content=\"Peter Gardo st\u00e4rkt den Bereich Spielplatzsicherheit im Swiss Safety Center - Save\" \/>\n<meta property=\"og:description\" content=\"&nbsp; Peter Gardo, ein ausgewiesener Kenner der Spielplatzbranche, startete per 1. November 2019 seine T\u00e4tigkeit im Swiss Safety Center. Mit seinem Know-how und seinem Team unterst\u00fctzt er Erbauer, Betreiber und Besitzer von Spielpl\u00e4tzen \u2013 z.B. Landschaftsarchitekten und -g\u00e4rtner, Gemeinden, Immobilienverwaltungen, Tourismus- und Gastronomiebetriebe \u2013 bei der Einhaltung der geforderten Sicherheitsnormen (z.B. EN 1176 und EN [&hellip;]\" \/>\n<meta property=\"og:url\" content=\"https:\/\/news.save.ch\/fr\/peter-gardo-staerkt-den-bereich-spielplatzsicherheit-im-swiss-safety-center\/\" \/>\n<meta property=\"og:site_name\" content=\"Save\" \/>\n<meta property=\"article:published_time\" content=\"2019-12-03T12:14:23+00:00\" \/>\n<meta property=\"og:image\" content=\"https:\/\/news.save.ch\/wp-content\/uploads\/2019\/12\/Peter-Gardo-HR_bearbeitet-1-scaled.jpg\" \/>\n\t<meta property=\"og:image:width\" content=\"1147\" \/>\n\t<meta property=\"og:image:height\" content=\"1400\" \/>\n\t<meta property=\"og:image:type\" content=\"image\/jpeg\" \/>\n<meta name=\"author\" content=\"Roger Str\u00e4ssle\" \/>\n<meta name=\"twitter:card\" content=\"summary_large_image\" \/>\n<meta name=\"twitter:label1\" content=\"\u00c9crit par\" \/>\n\t<meta name=\"twitter:data1\" content=\"Roger Str\u00e4ssle\" \/>\n\t<meta name=\"twitter:label2\" content=\"Dur\u00e9e de lecture estim\u00e9e\" \/>\n\t<meta name=\"twitter:data2\" content=\"1 minute\" \/>\n<script type=\"application\/ld+json\" class=\"yoast-schema-graph\">{\"@context\":\"https:\\\/\\\/schema.org\",\"@graph\":[{\"@type\":\"Article\",\"@id\":\"https:\\\/\\\/news.save.ch\\\/peter-gardo-staerkt-den-bereich-spielplatzsicherheit-im-swiss-safety-center\\\/#article\",\"isPartOf\":{\"@id\":\"https:\\\/\\\/news.save.ch\\\/peter-gardo-staerkt-den-bereich-spielplatzsicherheit-im-swiss-safety-center\\\/\"},\"author\":{\"name\":\"Roger Str\u00e4ssle\",\"@id\":\"https:\\\/\\\/news.save.ch\\\/de\\\/#\\\/schema\\\/person\\\/d5022db048e0e2b9785c50e5b24da5aa\"},\"headline\":\"Peter Gardo st\u00e4rkt den Bereich Spielplatzsicherheit im Swiss Safety Center\",\"datePublished\":\"2019-12-03T12:14:23+00:00\",\"mainEntityOfPage\":{\"@id\":\"https:\\\/\\\/news.save.ch\\\/peter-gardo-staerkt-den-bereich-spielplatzsicherheit-im-swiss-safety-center\\\/\"},\"wordCount\":269,\"publisher\":{\"@id\":\"https:\\\/\\\/news.save.ch\\\/de\\\/#organization\"},\"image\":{\"@id\":\"https:\\\/\\\/news.save.ch\\\/peter-gardo-staerkt-den-bereich-spielplatzsicherheit-im-swiss-safety-center\\\/#primaryimage\"},\"thumbnailUrl\":\"https:\\\/\\\/news.save.ch\\\/wp-content\\\/uploads\\\/2019\\\/12\\\/Peter-Gardo-HR_bearbeitet-1-scaled.jpg\",\"keywords\":[\"Freizeit\",\"Spielplatzsicherheit\",\"Unternehmen\"],\"articleSection\":[\"ALLGEMEIN\"],\"inLanguage\":\"fr-FR\"},{\"@type\":\"WebPage\",\"@id\":\"https:\\\/\\\/news.save.ch\\\/peter-gardo-staerkt-den-bereich-spielplatzsicherheit-im-swiss-safety-center\\\/\",\"url\":\"https:\\\/\\\/news.save.ch\\\/peter-gardo-staerkt-den-bereich-spielplatzsicherheit-im-swiss-safety-center\\\/\",\"name\":\"Peter Gardo st\u00e4rkt den Bereich Spielplatzsicherheit im Swiss Safety Center - Save\",\"isPartOf\":{\"@id\":\"https:\\\/\\\/news.save.ch\\\/de\\\/#website\"},\"primaryImageOfPage\":{\"@id\":\"https:\\\/\\\/news.save.ch\\\/peter-gardo-staerkt-den-bereich-spielplatzsicherheit-im-swiss-safety-center\\\/#primaryimage\"},\"image\":{\"@id\":\"https:\\\/\\\/news.save.ch\\\/peter-gardo-staerkt-den-bereich-spielplatzsicherheit-im-swiss-safety-center\\\/#primaryimage\"},\"thumbnailUrl\":\"https:\\\/\\\/news.save.ch\\\/wp-content\\\/uploads\\\/2019\\\/12\\\/Peter-Gardo-HR_bearbeitet-1-scaled.jpg\",\"datePublished\":\"2019-12-03T12:14:23+00:00\",\"breadcrumb\":{\"@id\":\"https:\\\/\\\/news.save.ch\\\/peter-gardo-staerkt-den-bereich-spielplatzsicherheit-im-swiss-safety-center\\\/#breadcrumb\"},\"inLanguage\":\"fr-FR\",\"potentialAction\":[{\"@type\":\"ReadAction\",\"target\":[\"https:\\\/\\\/news.save.ch\\\/peter-gardo-staerkt-den-bereich-spielplatzsicherheit-im-swiss-safety-center\\\/\"]}]},{\"@type\":\"ImageObject\",\"inLanguage\":\"fr-FR\",\"@id\":\"https:\\\/\\\/news.save.ch\\\/peter-gardo-staerkt-den-bereich-spielplatzsicherheit-im-swiss-safety-center\\\/#primaryimage\",\"url\":\"https:\\\/\\\/news.save.ch\\\/wp-content\\\/uploads\\\/2019\\\/12\\\/Peter-Gardo-HR_bearbeitet-1-scaled.jpg\",\"contentUrl\":\"https:\\\/\\\/news.save.ch\\\/wp-content\\\/uploads\\\/2019\\\/12\\\/Peter-Gardo-HR_bearbeitet-1-scaled.jpg\",\"width\":1147,\"height\":1400,\"caption\":\"Peter Gardo\"},{\"@type\":\"BreadcrumbList\",\"@id\":\"https:\\\/\\\/news.save.ch\\\/peter-gardo-staerkt-den-bereich-spielplatzsicherheit-im-swiss-safety-center\\\/#breadcrumb\",\"itemListElement\":[{\"@type\":\"ListItem\",\"position\":1,\"name\":\"Home\",\"item\":\"https:\\\/\\\/news.save.ch\\\/de\\\/\"},{\"@type\":\"ListItem\",\"position\":2,\"name\":\"Peter Gardo st\u00e4rkt den Bereich Spielplatzsicherheit im Swiss Safety Center\"}]},{\"@type\":\"WebSite\",\"@id\":\"https:\\\/\\\/news.save.ch\\\/de\\\/#website\",\"url\":\"https:\\\/\\\/news.save.ch\\\/de\\\/\",\"name\":\"Save\",\"description\":\"Schweizer Fachzeitschrift f\u00fcr Sicherheit\",\"publisher\":{\"@id\":\"https:\\\/\\\/news.save.ch\\\/de\\\/#organization\"},\"potentialAction\":[{\"@type\":\"SearchAction\",\"target\":{\"@type\":\"EntryPoint\",\"urlTemplate\":\"https:\\\/\\\/news.save.ch\\\/de\\\/?s={search_term_string}\"},\"query-input\":{\"@type\":\"PropertyValueSpecification\",\"valueRequired\":true,\"valueName\":\"search_term_string\"}}],\"inLanguage\":\"fr-FR\"},{\"@type\":\"Organization\",\"@id\":\"https:\\\/\\\/news.save.ch\\\/de\\\/#organization\",\"name\":\"Sicherheitsforum\",\"url\":\"https:\\\/\\\/news.save.ch\\\/de\\\/\",\"logo\":{\"@type\":\"ImageObject\",\"inLanguage\":\"fr-FR\",\"@id\":\"https:\\\/\\\/news.save.ch\\\/de\\\/#\\\/schema\\\/logo\\\/image\\\/\",\"url\":\"https:\\\/\\\/news.save.ch\\\/wp-content\\\/uploads\\\/2022\\\/06\\\/Logo_SF_2012.png\",\"contentUrl\":\"https:\\\/\\\/news.save.ch\\\/wp-content\\\/uploads\\\/2022\\\/06\\\/Logo_SF_2012.png\",\"width\":1100,\"height\":91,\"caption\":\"Sicherheitsforum\"},\"image\":{\"@id\":\"https:\\\/\\\/news.save.ch\\\/de\\\/#\\\/schema\\\/logo\\\/image\\\/\"}},{\"@type\":\"Person\",\"@id\":\"https:\\\/\\\/news.save.ch\\\/de\\\/#\\\/schema\\\/person\\\/d5022db048e0e2b9785c50e5b24da5aa\",\"name\":\"Roger Str\u00e4ssle\",\"image\":{\"@type\":\"ImageObject\",\"inLanguage\":\"fr-FR\",\"@id\":\"https:\\\/\\\/secure.gravatar.com\\\/avatar\\\/862a5569d087de48e5856e32f45d719a03804c891d6deb8d4f71a660e79e4a47?s=96&d=mm&r=g\",\"url\":\"https:\\\/\\\/secure.gravatar.com\\\/avatar\\\/862a5569d087de48e5856e32f45d719a03804c891d6deb8d4f71a660e79e4a47?s=96&d=mm&r=g\",\"contentUrl\":\"https:\\\/\\\/secure.gravatar.com\\\/avatar\\\/862a5569d087de48e5856e32f45d719a03804c891d6deb8d4f71a660e79e4a47?s=96&d=mm&r=g\",\"caption\":\"Roger Str\u00e4ssle\"},\"url\":\"https:\\\/\\\/news.save.ch\\\/fr\\\/author\\\/roger-straessle\\\/\"}]}<\/script>\n<!-- \/ Yoast SEO plugin. -->","yoast_head_json":{"title":"Peter Gardo renforce le secteur de la s\u00e9curit\u00e9 des aires de jeux au Swiss Safety Center - Save","robots":{"index":"index","follow":"follow","max-snippet":"max-snippet:-1","max-image-preview":"max-image-preview:large","max-video-preview":"max-video-preview:-1"},"canonical":"https:\/\/news.save.ch\/fr\/peter-gardo-staerkt-den-bereich-spielplatzsicherheit-im-swiss-safety-center\/","og_locale":"fr_FR","og_type":"article","og_title":"Peter Gardo st\u00e4rkt den Bereich Spielplatzsicherheit im Swiss Safety Center - Save","og_description":"&nbsp; Peter Gardo, ein ausgewiesener Kenner der Spielplatzbranche, startete per 1. November 2019 seine T\u00e4tigkeit im Swiss Safety Center. Mit seinem Know-how und seinem Team unterst\u00fctzt er Erbauer, Betreiber und Besitzer von Spielpl\u00e4tzen \u2013 z.B. Landschaftsarchitekten und -g\u00e4rtner, Gemeinden, Immobilienverwaltungen, Tourismus- und Gastronomiebetriebe \u2013 bei der Einhaltung der geforderten Sicherheitsnormen (z.B. EN 1176 und EN [&hellip;]","og_url":"https:\/\/news.save.ch\/fr\/peter-gardo-staerkt-den-bereich-spielplatzsicherheit-im-swiss-safety-center\/","og_site_name":"Save","article_published_time":"2019-12-03T12:14:23+00:00","og_image":[{"width":1147,"height":1400,"url":"https:\/\/news.save.ch\/wp-content\/uploads\/2019\/12\/Peter-Gardo-HR_bearbeitet-1-scaled.jpg","type":"image\/jpeg"}],"author":"Roger Str\u00e4ssle","twitter_card":"summary_large_image","twitter_misc":{"\u00c9crit par":"Roger Str\u00e4ssle","Dur\u00e9e de lecture estim\u00e9e":"1 minute"},"schema":{"@context":"https:\/\/schema.org","@graph":[{"@type":"Article","@id":"https:\/\/news.save.ch\/peter-gardo-staerkt-den-bereich-spielplatzsicherheit-im-swiss-safety-center\/#article","isPartOf":{"@id":"https:\/\/news.save.ch\/peter-gardo-staerkt-den-bereich-spielplatzsicherheit-im-swiss-safety-center\/"},"author":{"name":"Roger Str\u00e4ssle","@id":"https:\/\/news.save.ch\/de\/#\/schema\/person\/d5022db048e0e2b9785c50e5b24da5aa"},"headline":"Peter Gardo st\u00e4rkt den Bereich Spielplatzsicherheit im Swiss Safety Center","datePublished":"2019-12-03T12:14:23+00:00","mainEntityOfPage":{"@id":"https:\/\/news.save.ch\/peter-gardo-staerkt-den-bereich-spielplatzsicherheit-im-swiss-safety-center\/"},"wordCount":269,"publisher":{"@id":"https:\/\/news.save.ch\/de\/#organization"},"image":{"@id":"https:\/\/news.save.ch\/peter-gardo-staerkt-den-bereich-spielplatzsicherheit-im-swiss-safety-center\/#primaryimage"},"thumbnailUrl":"https:\/\/news.save.ch\/wp-content\/uploads\/2019\/12\/Peter-Gardo-HR_bearbeitet-1-scaled.jpg","keywords":["Freizeit","Spielplatzsicherheit","Unternehmen"],"articleSection":["ALLGEMEIN"],"inLanguage":"fr-FR"},{"@type":"WebPage","@id":"https:\/\/news.save.ch\/peter-gardo-staerkt-den-bereich-spielplatzsicherheit-im-swiss-safety-center\/","url":"https:\/\/news.save.ch\/peter-gardo-staerkt-den-bereich-spielplatzsicherheit-im-swiss-safety-center\/","name":"Peter Gardo renforce le secteur de la s\u00e9curit\u00e9 des aires de jeux au Swiss Safety Center - Save","isPartOf":{"@id":"https:\/\/news.save.ch\/de\/#website"},"primaryImageOfPage":{"@id":"https:\/\/news.save.ch\/peter-gardo-staerkt-den-bereich-spielplatzsicherheit-im-swiss-safety-center\/#primaryimage"},"image":{"@id":"https:\/\/news.save.ch\/peter-gardo-staerkt-den-bereich-spielplatzsicherheit-im-swiss-safety-center\/#primaryimage"},"thumbnailUrl":"https:\/\/news.save.ch\/wp-content\/uploads\/2019\/12\/Peter-Gardo-HR_bearbeitet-1-scaled.jpg","datePublished":"2019-12-03T12:14:23+00:00","breadcrumb":{"@id":"https:\/\/news.save.ch\/peter-gardo-staerkt-den-bereich-spielplatzsicherheit-im-swiss-safety-center\/#breadcrumb"},"inLanguage":"fr-FR","potentialAction":[{"@type":"ReadAction","target":["https:\/\/news.save.ch\/peter-gardo-staerkt-den-bereich-spielplatzsicherheit-im-swiss-safety-center\/"]}]},{"@type":"ImageObject","inLanguage":"fr-FR","@id":"https:\/\/news.save.ch\/peter-gardo-staerkt-den-bereich-spielplatzsicherheit-im-swiss-safety-center\/#primaryimage","url":"https:\/\/news.save.ch\/wp-content\/uploads\/2019\/12\/Peter-Gardo-HR_bearbeitet-1-scaled.jpg","contentUrl":"https:\/\/news.save.ch\/wp-content\/uploads\/2019\/12\/Peter-Gardo-HR_bearbeitet-1-scaled.jpg","width":1147,"height":1400,"caption":"Peter Gardo"},{"@type":"BreadcrumbList","@id":"https:\/\/news.save.ch\/peter-gardo-staerkt-den-bereich-spielplatzsicherheit-im-swiss-safety-center\/#breadcrumb","itemListElement":[{"@type":"ListItem","position":1,"name":"Home","item":"https:\/\/news.save.ch\/de\/"},{"@type":"ListItem","position":2,"name":"Peter Gardo st\u00e4rkt den Bereich Spielplatzsicherheit im Swiss Safety Center"}]},{"@type":"WebSite","@id":"https:\/\/news.save.ch\/de\/#website","url":"https:\/\/news.save.ch\/de\/","name":"Save","description":"Revue suisse sp\u00e9cialis\u00e9e dans la s\u00e9curit\u00e9","publisher":{"@id":"https:\/\/news.save.ch\/de\/#organization"},"potentialAction":[{"@type":"SearchAction","target":{"@type":"EntryPoint","urlTemplate":"https:\/\/news.save.ch\/de\/?s={search_term_string}"},"query-input":{"@type":"PropertyValueSpecification","valueRequired":true,"valueName":"search_term_string"}}],"inLanguage":"fr-FR"},{"@type":"Organization","@id":"https:\/\/news.save.ch\/de\/#organization","name":"Forum sur la s\u00e9curit\u00e9","url":"https:\/\/news.save.ch\/de\/","logo":{"@type":"ImageObject","inLanguage":"fr-FR","@id":"https:\/\/news.save.ch\/de\/#\/schema\/logo\/image\/","url":"https:\/\/news.save.ch\/wp-content\/uploads\/2022\/06\/Logo_SF_2012.png","contentUrl":"https:\/\/news.save.ch\/wp-content\/uploads\/2022\/06\/Logo_SF_2012.png","width":1100,"height":91,"caption":"Sicherheitsforum"},"image":{"@id":"https:\/\/news.save.ch\/de\/#\/schema\/logo\/image\/"}},{"@type":"Person","@id":"https:\/\/news.save.ch\/de\/#\/schema\/person\/d5022db048e0e2b9785c50e5b24da5aa","name":"Roger Str\u00e4ssle","image":{"@type":"ImageObject","inLanguage":"fr-FR","@id":"https:\/\/secure.gravatar.com\/avatar\/862a5569d087de48e5856e32f45d719a03804c891d6deb8d4f71a660e79e4a47?s=96&d=mm&r=g","url":"https:\/\/secure.gravatar.com\/avatar\/862a5569d087de48e5856e32f45d719a03804c891d6deb8d4f71a660e79e4a47?s=96&d=mm&r=g","contentUrl":"https:\/\/secure.gravatar.com\/avatar\/862a5569d087de48e5856e32f45d719a03804c891d6deb8d4f71a660e79e4a47?s=96&d=mm&r=g","caption":"Roger Str\u00e4ssle"},"url":"https:\/\/news.save.ch\/fr\/author\/roger-straessle\/"}]}},"_links":{"self":[{"href":"https:\/\/news.save.ch\/fr\/wp-json\/wp\/v2\/posts\/9131","targetHints":{"allow":["GET"]}}],"collection":[{"href":"https:\/\/news.save.ch\/fr\/wp-json\/wp\/v2\/posts"}],"about":[{"href":"https:\/\/news.save.ch\/fr\/wp-json\/wp\/v2\/types\/post"}],"author":[{"embeddable":true,"href":"https:\/\/news.save.ch\/fr\/wp-json\/wp\/v2\/users\/8"}],"replies":[{"embeddable":true,"href":"https:\/\/news.save.ch\/fr\/wp-json\/wp\/v2\/comments?post=9131"}],"version-history":[{"count":0,"href":"https:\/\/news.save.ch\/fr\/wp-json\/wp\/v2\/posts\/9131\/revisions"}],"wp:featuredmedia":[{"embeddable":true,"href":"https:\/\/news.save.ch\/fr\/wp-json\/wp\/v2\/media\/9132"}],"wp:attachment":[{"href":"https:\/\/news.save.ch\/fr\/wp-json\/wp\/v2\/media?parent=9131"}],"wp:term":[{"taxonomy":"category","embeddable":true,"href":"https:\/\/news.save.ch\/fr\/wp-json\/wp\/v2\/categories?post=9131"},{"taxonomy":"post_tag","embeddable":true,"href":"https:\/\/news.save.ch\/fr\/wp-json\/wp\/v2\/tags?post=9131"}],"curies":[{"name":"wp","href":"https:\/\/api.w.org\/{rel}","templated":true}]}}