{"id":9153,"date":"2019-12-06T10:36:52","date_gmt":"2019-12-06T09:36:52","guid":{"rendered":"https:\/\/news.save.ch\/?p=9153"},"modified":"2019-12-06T10:36:52","modified_gmt":"2019-12-06T09:36:52","slug":"hurra-bestanden","status":null,"type":"post","link":"https:\/\/news.save.ch\/fr\/hurra-bestanden\/","title":{"rendered":"Hourra, tu as r\u00e9ussi !"},"content":{"rendered":"<figure id=\"attachment_9165\" aria-describedby=\"caption-attachment-9165\" style=\"width: 680px\" class=\"wp-caption aligncenter\"><img loading=\"lazy\" decoding=\"async\" class=\"size-medium wp-image-9165\" src=\"https:\/\/news.save.ch\/wp-content\/uploads\/2019\/12\/korr-2-vssu-1-scaled-1.jpg\" alt=\"\" width=\"680\" height=\"453\" \/><figcaption id=\"caption-attachment-9165\" class=\"wp-caption-text\">Heureux d'avoir obtenu leur dipl\u00f4me professionnel, remis par la VSSU : 264 femmes et hommes du secteur de la s\u00e9curit\u00e9 priv\u00e9e. Photo : R. Str\u00e4ssle<\/figcaption><\/figure>\n<p>Comme toujours en d\u00e9cembre, le Landhaus de Soleure est \"pris d'assaut\" par des femmes et des hommes de la s\u00e9curit\u00e9 priv\u00e9e : C'est le jour o\u00f9 les jeunes recrues des prestataires de services de s\u00e9curit\u00e9 priv\u00e9s re\u00e7oivent leur brevet f\u00e9d\u00e9ral tant convoit\u00e9. 265 dipl\u00f4m\u00e9s peuvent \u00eatre tr\u00e8s satisfaits de leur performance, car ils font partie de ceux qui ont r\u00e9ussi avec brio l'examen professionnel en 2019. Ils sont d\u00e9sormais en possession de leur brevet et peuvent porter le titre professionnel de \"sp\u00e9cialiste de la s\u00e9curit\u00e9 et de la surveillance\" ou de \"sp\u00e9cialiste de la protection de personnes et de biens\". Ils le doivent \u00e0 l'Association des entreprises suisses de services de s\u00e9curit\u00e9 (<a href=\"https:\/\/www.vssu.org\/\">VSSU<\/a>), qui propose cette formation. Cette ann\u00e9e, 64 % des candidats ont r\u00e9ussi l'examen professionnel, selon l'association. L'objectif de 70 pour cent n'est donc pas encore tout \u00e0 fait atteint.<\/p>\n<p><strong>De plus en plus important pour la qualit\u00e9 de vie<\/strong><\/p>\n<p>Le vice-pr\u00e9sident de la VSSU, Charles Zaugg, a f\u00e9licit\u00e9 les sp\u00e9cialistes r\u00e9compens\u00e9s \u00e0 Soleure et a soulign\u00e9 qu'avec leur formation, ils avaient pos\u00e9 les bases de leur avenir professionnel et qu'ils contribuaient ainsi \u00e0 la professionnalisation du m\u00e9tier. Leur activit\u00e9 gagne en importance, car la s\u00e9curit\u00e9 devient de plus en plus importante pour la qualit\u00e9 de vie. Apr\u00e8s son discours, il a remis leur dipl\u00f4me aux candidats dans un cadre solennel et en pr\u00e9sence de nombreuses personnalit\u00e9s du domaine de la s\u00e9curit\u00e9.<\/p>\n<p><strong>Meilleurs examens professionnels\u00a0<\/strong><\/p>\n<p>Les meilleurs dipl\u00f4m\u00e9s de l'ann\u00e9e d'examen 2019 sont :<\/p>\n<ul>\n<li>Manuel-Spreng-Award Examen professionnel \"Surveillance\" : Nicolas Ihasz<\/li>\n<li>Manuel-Spreng-Award Examen professionnel \"Protection des personnes\" : Yehor Kyrylov<\/li>\n<li>VSSU-Award examen professionnel \"Manifestations\" : Marc Dentan<\/li>\n<\/ul>\n<p>La VSSU r\u00e9compense \u00e0 chaque fois les meilleurs dipl\u00f4m\u00e9s des examens professionnels annuels et compl\u00e8te ainsi le Manuel Spreng Award, d\u00e9cern\u00e9 par la <a href=\"https:\/\/www.security-ligue.org\">Ligue internationale des soci\u00e9t\u00e9s de gardiennage<\/a> de l'ann\u00e9e. Cette ann\u00e9e, Nicolas Ihasz, qui a obtenu la note de 5,3, a remport\u00e9 le VSSU-Award, dot\u00e9 de 1000 francs. (<em>rs)<\/em><\/p>\n<p>&nbsp;<\/p>\n<figure id=\"attachment_9163\" aria-describedby=\"caption-attachment-9163\" style=\"width: 620px\" class=\"wp-caption alignleft\"><img loading=\"lazy\" decoding=\"async\" class=\"wp-image-9163\" src=\"https:\/\/news.save.ch\/wp-content\/uploads\/2019\/12\/Bild_2_IMG_1856_bearbeitet-1.jpg\" alt=\"\" width=\"620\" height=\"433\" \/><figcaption id=\"caption-attachment-9163\" class=\"wp-caption-text\">Brillant avec la meilleure note : Nicolas Ihasz (\u00e0 droite) en pr\u00e9sence du vice-pr\u00e9sident de la VSSU Charles Zaugg. Photo : R. Str\u00e4ssle<\/figcaption><\/figure>\n<p>&nbsp;<\/p>","protected":false},"excerpt":{"rendered":"<p>Wie immer im Dezember wird das Landhaus in Solothurn von Frauen und M\u00e4nnern des privaten Sicherheitsdienstes \u00abgest\u00fcrmt\u00bb: Es ist der Tag, an dem die Nachwuchskr\u00e4fte der privaten Sicherheitsdienstleister die begehrten eidgen\u00f6ssischen Fachausweise erhalten. 265 Absolventinnen und Absolventen d\u00fcrfen mit ihrer Leistung sehr zufrieden sein, denn sie geh\u00f6ren zu denjenigen, die 2019 die Berufspr\u00fcfung mit Bravour [&hellip;]<\/p>\n","protected":false},"author":8,"featured_media":9163,"comment_status":"closed","ping_status":"closed","sticky":false,"template":"","format":"standard","meta":{"_acf_changed":false,"pgc_sgb_lightbox_settings":"","footnotes":""},"categories":[1],"tags":[592,66,331],"class_list":["post-9153","post","type-post","status-publish","format-standard","has-post-thumbnail","hentry","category-allgemein","tag-diplomfeier","tag-verbaende","tag-vssu"],"acf":[],"hkrextid":null,"publication":null,"issue":null,"workflow":null,"startPage":null,"spitzmarke":null,"_posts_by_tag_page_fields":{"widget_title":"","widget_tags":""},"_at_widget":"1","_yoast_wpseo_primary_category":"","_yoast_wpseo_focuskw_text_input":"VSSU","_yoast_wpseo_opengraph-image":null,"_yoast_wpseo_opengraph-description":null,"_yoast_wpseo_opengraph-title":null,"enclosure":null,"_yoast_wpseo_twitter-title":null,"_yoast_wpseo_twitter-description":null,"_yoast_wpseo_twitter-image":null,"_wp_old_slug":null,"_yoast_wpseo_title":"VSSU %%title%% %%page%% %%sep%% %%sitename%%","_yoast_wpseo_canonical":null,"yoast_head":"<!-- This site is optimized with the Yoast SEO plugin v27.5 - https:\/\/yoast.com\/product\/yoast-seo-wordpress\/ -->\n<title>VSSU Hurra, bestanden! - Save<\/title>\n<meta name=\"description\" content=\"Der Verband Schweizerischer Sicherheitsdienstleistungs-Unternehmen (VSSU) konnte 2019 erneut 264 Berufsleuten den eidgen\u00f6ssischen Fachausweis \u00fcberreichen.\" \/>\n<meta name=\"robots\" content=\"index, follow, max-snippet:-1, max-image-preview:large, max-video-preview:-1\" \/>\n<link rel=\"canonical\" href=\"https:\/\/news.save.ch\/fr\/hurra-bestanden\/\" \/>\n<meta property=\"og:locale\" content=\"fr_FR\" \/>\n<meta property=\"og:type\" content=\"article\" \/>\n<meta property=\"og:title\" content=\"VSSU Hurra, bestanden! - Save\" \/>\n<meta property=\"og:description\" content=\"Der Verband Schweizerischer Sicherheitsdienstleistungs-Unternehmen (VSSU) konnte 2019 erneut 264 Berufsleuten den eidgen\u00f6ssischen Fachausweis \u00fcberreichen.\" \/>\n<meta property=\"og:url\" content=\"https:\/\/news.save.ch\/fr\/hurra-bestanden\/\" \/>\n<meta property=\"og:site_name\" content=\"Save\" \/>\n<meta property=\"article:published_time\" content=\"2019-12-06T09:36:52+00:00\" \/>\n<meta property=\"og:image\" content=\"https:\/\/news.save.ch\/wp-content\/uploads\/2019\/12\/Bild_2_IMG_1856_bearbeitet-1-scaled.jpg\" \/>\n\t<meta property=\"og:image:width\" content=\"1400\" \/>\n\t<meta property=\"og:image:height\" content=\"979\" \/>\n\t<meta property=\"og:image:type\" content=\"image\/jpeg\" \/>\n<meta name=\"author\" content=\"Roger Str\u00e4ssle\" \/>\n<meta name=\"twitter:card\" content=\"summary_large_image\" \/>\n<meta name=\"twitter:label1\" content=\"\u00c9crit par\" \/>\n\t<meta name=\"twitter:data1\" content=\"Roger Str\u00e4ssle\" \/>\n\t<meta name=\"twitter:label2\" content=\"Dur\u00e9e de lecture estim\u00e9e\" \/>\n\t<meta name=\"twitter:data2\" content=\"2 minutes\" \/>\n<script type=\"application\/ld+json\" class=\"yoast-schema-graph\">{\"@context\":\"https:\\\/\\\/schema.org\",\"@graph\":[{\"@type\":\"Article\",\"@id\":\"https:\\\/\\\/news.save.ch\\\/hurra-bestanden\\\/#article\",\"isPartOf\":{\"@id\":\"https:\\\/\\\/news.save.ch\\\/hurra-bestanden\\\/\"},\"author\":{\"name\":\"Roger Str\u00e4ssle\",\"@id\":\"https:\\\/\\\/news.save.ch\\\/de\\\/#\\\/schema\\\/person\\\/d5022db048e0e2b9785c50e5b24da5aa\"},\"headline\":\"Hurra, bestanden!\",\"datePublished\":\"2019-12-06T09:36:52+00:00\",\"mainEntityOfPage\":{\"@id\":\"https:\\\/\\\/news.save.ch\\\/hurra-bestanden\\\/\"},\"wordCount\":357,\"publisher\":{\"@id\":\"https:\\\/\\\/news.save.ch\\\/de\\\/#organization\"},\"image\":{\"@id\":\"https:\\\/\\\/news.save.ch\\\/hurra-bestanden\\\/#primaryimage\"},\"thumbnailUrl\":\"https:\\\/\\\/news.save.ch\\\/wp-content\\\/uploads\\\/2019\\\/12\\\/Bild_2_IMG_1856_bearbeitet-1-scaled.jpg\",\"keywords\":[\"Diplomfeier\",\"Verb\u00e4nde\",\"VSSU\"],\"articleSection\":[\"ALLGEMEIN\"],\"inLanguage\":\"fr-FR\"},{\"@type\":\"WebPage\",\"@id\":\"https:\\\/\\\/news.save.ch\\\/hurra-bestanden\\\/\",\"url\":\"https:\\\/\\\/news.save.ch\\\/hurra-bestanden\\\/\",\"name\":\"VSSU Hurra, bestanden! - Save\",\"isPartOf\":{\"@id\":\"https:\\\/\\\/news.save.ch\\\/de\\\/#website\"},\"primaryImageOfPage\":{\"@id\":\"https:\\\/\\\/news.save.ch\\\/hurra-bestanden\\\/#primaryimage\"},\"image\":{\"@id\":\"https:\\\/\\\/news.save.ch\\\/hurra-bestanden\\\/#primaryimage\"},\"thumbnailUrl\":\"https:\\\/\\\/news.save.ch\\\/wp-content\\\/uploads\\\/2019\\\/12\\\/Bild_2_IMG_1856_bearbeitet-1-scaled.jpg\",\"datePublished\":\"2019-12-06T09:36:52+00:00\",\"description\":\"Der Verband Schweizerischer Sicherheitsdienstleistungs-Unternehmen (VSSU) konnte 2019 erneut 264 Berufsleuten den eidgen\u00f6ssischen Fachausweis \u00fcberreichen.\",\"breadcrumb\":{\"@id\":\"https:\\\/\\\/news.save.ch\\\/hurra-bestanden\\\/#breadcrumb\"},\"inLanguage\":\"fr-FR\",\"potentialAction\":[{\"@type\":\"ReadAction\",\"target\":[\"https:\\\/\\\/news.save.ch\\\/hurra-bestanden\\\/\"]}]},{\"@type\":\"ImageObject\",\"inLanguage\":\"fr-FR\",\"@id\":\"https:\\\/\\\/news.save.ch\\\/hurra-bestanden\\\/#primaryimage\",\"url\":\"https:\\\/\\\/news.save.ch\\\/wp-content\\\/uploads\\\/2019\\\/12\\\/Bild_2_IMG_1856_bearbeitet-1-scaled.jpg\",\"contentUrl\":\"https:\\\/\\\/news.save.ch\\\/wp-content\\\/uploads\\\/2019\\\/12\\\/Bild_2_IMG_1856_bearbeitet-1-scaled.jpg\",\"width\":1400,\"height\":979,\"caption\":\"Brillierte mit Bestnote: Nicolas Ihasz (rechts) im Beisein von VSSU-Vizepr\u00e4sident Charles Zaugg.\u00a0Foto: R. Str\u00e4ssle\"},{\"@type\":\"BreadcrumbList\",\"@id\":\"https:\\\/\\\/news.save.ch\\\/hurra-bestanden\\\/#breadcrumb\",\"itemListElement\":[{\"@type\":\"ListItem\",\"position\":1,\"name\":\"Home\",\"item\":\"https:\\\/\\\/news.save.ch\\\/de\\\/\"},{\"@type\":\"ListItem\",\"position\":2,\"name\":\"Hurra, bestanden!\"}]},{\"@type\":\"WebSite\",\"@id\":\"https:\\\/\\\/news.save.ch\\\/de\\\/#website\",\"url\":\"https:\\\/\\\/news.save.ch\\\/de\\\/\",\"name\":\"Save\",\"description\":\"Schweizer Fachzeitschrift f\u00fcr Sicherheit\",\"publisher\":{\"@id\":\"https:\\\/\\\/news.save.ch\\\/de\\\/#organization\"},\"potentialAction\":[{\"@type\":\"SearchAction\",\"target\":{\"@type\":\"EntryPoint\",\"urlTemplate\":\"https:\\\/\\\/news.save.ch\\\/de\\\/?s={search_term_string}\"},\"query-input\":{\"@type\":\"PropertyValueSpecification\",\"valueRequired\":true,\"valueName\":\"search_term_string\"}}],\"inLanguage\":\"fr-FR\"},{\"@type\":\"Organization\",\"@id\":\"https:\\\/\\\/news.save.ch\\\/de\\\/#organization\",\"name\":\"Sicherheitsforum\",\"url\":\"https:\\\/\\\/news.save.ch\\\/de\\\/\",\"logo\":{\"@type\":\"ImageObject\",\"inLanguage\":\"fr-FR\",\"@id\":\"https:\\\/\\\/news.save.ch\\\/de\\\/#\\\/schema\\\/logo\\\/image\\\/\",\"url\":\"https:\\\/\\\/news.save.ch\\\/wp-content\\\/uploads\\\/2022\\\/06\\\/Logo_SF_2012.png\",\"contentUrl\":\"https:\\\/\\\/news.save.ch\\\/wp-content\\\/uploads\\\/2022\\\/06\\\/Logo_SF_2012.png\",\"width\":1100,\"height\":91,\"caption\":\"Sicherheitsforum\"},\"image\":{\"@id\":\"https:\\\/\\\/news.save.ch\\\/de\\\/#\\\/schema\\\/logo\\\/image\\\/\"}},{\"@type\":\"Person\",\"@id\":\"https:\\\/\\\/news.save.ch\\\/de\\\/#\\\/schema\\\/person\\\/d5022db048e0e2b9785c50e5b24da5aa\",\"name\":\"Roger Str\u00e4ssle\",\"image\":{\"@type\":\"ImageObject\",\"inLanguage\":\"fr-FR\",\"@id\":\"https:\\\/\\\/secure.gravatar.com\\\/avatar\\\/862a5569d087de48e5856e32f45d719a03804c891d6deb8d4f71a660e79e4a47?s=96&d=mm&r=g\",\"url\":\"https:\\\/\\\/secure.gravatar.com\\\/avatar\\\/862a5569d087de48e5856e32f45d719a03804c891d6deb8d4f71a660e79e4a47?s=96&d=mm&r=g\",\"contentUrl\":\"https:\\\/\\\/secure.gravatar.com\\\/avatar\\\/862a5569d087de48e5856e32f45d719a03804c891d6deb8d4f71a660e79e4a47?s=96&d=mm&r=g\",\"caption\":\"Roger Str\u00e4ssle\"},\"url\":\"https:\\\/\\\/news.save.ch\\\/fr\\\/author\\\/roger-straessle\\\/\"}]}<\/script>\n<!-- \/ Yoast SEO plugin. -->","yoast_head_json":{"title":"VSSU Hourra, c'est r\u00e9ussi ! - Sauver","description":"En 2019, l'Association des entreprises suisses de services de s\u00e9curit\u00e9 (VSSU) a de nouveau pu remettre le brevet f\u00e9d\u00e9ral \u00e0 264 professionnels.","robots":{"index":"index","follow":"follow","max-snippet":"max-snippet:-1","max-image-preview":"max-image-preview:large","max-video-preview":"max-video-preview:-1"},"canonical":"https:\/\/news.save.ch\/fr\/hurra-bestanden\/","og_locale":"fr_FR","og_type":"article","og_title":"VSSU Hurra, bestanden! - Save","og_description":"Der Verband Schweizerischer Sicherheitsdienstleistungs-Unternehmen (VSSU) konnte 2019 erneut 264 Berufsleuten den eidgen\u00f6ssischen Fachausweis \u00fcberreichen.","og_url":"https:\/\/news.save.ch\/fr\/hurra-bestanden\/","og_site_name":"Save","article_published_time":"2019-12-06T09:36:52+00:00","og_image":[{"width":1400,"height":979,"url":"https:\/\/news.save.ch\/wp-content\/uploads\/2019\/12\/Bild_2_IMG_1856_bearbeitet-1-scaled.jpg","type":"image\/jpeg"}],"author":"Roger Str\u00e4ssle","twitter_card":"summary_large_image","twitter_misc":{"\u00c9crit par":"Roger Str\u00e4ssle","Dur\u00e9e de lecture estim\u00e9e":"2 minutes"},"schema":{"@context":"https:\/\/schema.org","@graph":[{"@type":"Article","@id":"https:\/\/news.save.ch\/hurra-bestanden\/#article","isPartOf":{"@id":"https:\/\/news.save.ch\/hurra-bestanden\/"},"author":{"name":"Roger Str\u00e4ssle","@id":"https:\/\/news.save.ch\/de\/#\/schema\/person\/d5022db048e0e2b9785c50e5b24da5aa"},"headline":"Hurra, bestanden!","datePublished":"2019-12-06T09:36:52+00:00","mainEntityOfPage":{"@id":"https:\/\/news.save.ch\/hurra-bestanden\/"},"wordCount":357,"publisher":{"@id":"https:\/\/news.save.ch\/de\/#organization"},"image":{"@id":"https:\/\/news.save.ch\/hurra-bestanden\/#primaryimage"},"thumbnailUrl":"https:\/\/news.save.ch\/wp-content\/uploads\/2019\/12\/Bild_2_IMG_1856_bearbeitet-1-scaled.jpg","keywords":["Diplomfeier","Verb\u00e4nde","VSSU"],"articleSection":["ALLGEMEIN"],"inLanguage":"fr-FR"},{"@type":"WebPage","@id":"https:\/\/news.save.ch\/hurra-bestanden\/","url":"https:\/\/news.save.ch\/hurra-bestanden\/","name":"VSSU Hourra, c'est r\u00e9ussi ! - Sauver","isPartOf":{"@id":"https:\/\/news.save.ch\/de\/#website"},"primaryImageOfPage":{"@id":"https:\/\/news.save.ch\/hurra-bestanden\/#primaryimage"},"image":{"@id":"https:\/\/news.save.ch\/hurra-bestanden\/#primaryimage"},"thumbnailUrl":"https:\/\/news.save.ch\/wp-content\/uploads\/2019\/12\/Bild_2_IMG_1856_bearbeitet-1-scaled.jpg","datePublished":"2019-12-06T09:36:52+00:00","description":"En 2019, l'Association des entreprises suisses de services de s\u00e9curit\u00e9 (VSSU) a de nouveau pu remettre le brevet f\u00e9d\u00e9ral \u00e0 264 professionnels.","breadcrumb":{"@id":"https:\/\/news.save.ch\/hurra-bestanden\/#breadcrumb"},"inLanguage":"fr-FR","potentialAction":[{"@type":"ReadAction","target":["https:\/\/news.save.ch\/hurra-bestanden\/"]}]},{"@type":"ImageObject","inLanguage":"fr-FR","@id":"https:\/\/news.save.ch\/hurra-bestanden\/#primaryimage","url":"https:\/\/news.save.ch\/wp-content\/uploads\/2019\/12\/Bild_2_IMG_1856_bearbeitet-1-scaled.jpg","contentUrl":"https:\/\/news.save.ch\/wp-content\/uploads\/2019\/12\/Bild_2_IMG_1856_bearbeitet-1-scaled.jpg","width":1400,"height":979,"caption":"Brillierte mit Bestnote: Nicolas Ihasz (rechts) im Beisein von VSSU-Vizepr\u00e4sident Charles Zaugg.\u00a0Foto: R. Str\u00e4ssle"},{"@type":"BreadcrumbList","@id":"https:\/\/news.save.ch\/hurra-bestanden\/#breadcrumb","itemListElement":[{"@type":"ListItem","position":1,"name":"Home","item":"https:\/\/news.save.ch\/de\/"},{"@type":"ListItem","position":2,"name":"Hurra, bestanden!"}]},{"@type":"WebSite","@id":"https:\/\/news.save.ch\/de\/#website","url":"https:\/\/news.save.ch\/de\/","name":"Save","description":"Revue suisse sp\u00e9cialis\u00e9e dans la s\u00e9curit\u00e9","publisher":{"@id":"https:\/\/news.save.ch\/de\/#organization"},"potentialAction":[{"@type":"SearchAction","target":{"@type":"EntryPoint","urlTemplate":"https:\/\/news.save.ch\/de\/?s={search_term_string}"},"query-input":{"@type":"PropertyValueSpecification","valueRequired":true,"valueName":"search_term_string"}}],"inLanguage":"fr-FR"},{"@type":"Organization","@id":"https:\/\/news.save.ch\/de\/#organization","name":"Forum sur la s\u00e9curit\u00e9","url":"https:\/\/news.save.ch\/de\/","logo":{"@type":"ImageObject","inLanguage":"fr-FR","@id":"https:\/\/news.save.ch\/de\/#\/schema\/logo\/image\/","url":"https:\/\/news.save.ch\/wp-content\/uploads\/2022\/06\/Logo_SF_2012.png","contentUrl":"https:\/\/news.save.ch\/wp-content\/uploads\/2022\/06\/Logo_SF_2012.png","width":1100,"height":91,"caption":"Sicherheitsforum"},"image":{"@id":"https:\/\/news.save.ch\/de\/#\/schema\/logo\/image\/"}},{"@type":"Person","@id":"https:\/\/news.save.ch\/de\/#\/schema\/person\/d5022db048e0e2b9785c50e5b24da5aa","name":"Roger Str\u00e4ssle","image":{"@type":"ImageObject","inLanguage":"fr-FR","@id":"https:\/\/secure.gravatar.com\/avatar\/862a5569d087de48e5856e32f45d719a03804c891d6deb8d4f71a660e79e4a47?s=96&d=mm&r=g","url":"https:\/\/secure.gravatar.com\/avatar\/862a5569d087de48e5856e32f45d719a03804c891d6deb8d4f71a660e79e4a47?s=96&d=mm&r=g","contentUrl":"https:\/\/secure.gravatar.com\/avatar\/862a5569d087de48e5856e32f45d719a03804c891d6deb8d4f71a660e79e4a47?s=96&d=mm&r=g","caption":"Roger Str\u00e4ssle"},"url":"https:\/\/news.save.ch\/fr\/author\/roger-straessle\/"}]}},"_links":{"self":[{"href":"https:\/\/news.save.ch\/fr\/wp-json\/wp\/v2\/posts\/9153","targetHints":{"allow":["GET"]}}],"collection":[{"href":"https:\/\/news.save.ch\/fr\/wp-json\/wp\/v2\/posts"}],"about":[{"href":"https:\/\/news.save.ch\/fr\/wp-json\/wp\/v2\/types\/post"}],"author":[{"embeddable":true,"href":"https:\/\/news.save.ch\/fr\/wp-json\/wp\/v2\/users\/8"}],"replies":[{"embeddable":true,"href":"https:\/\/news.save.ch\/fr\/wp-json\/wp\/v2\/comments?post=9153"}],"version-history":[{"count":0,"href":"https:\/\/news.save.ch\/fr\/wp-json\/wp\/v2\/posts\/9153\/revisions"}],"wp:featuredmedia":[{"embeddable":true,"href":"https:\/\/news.save.ch\/fr\/wp-json\/wp\/v2\/media\/9163"}],"wp:attachment":[{"href":"https:\/\/news.save.ch\/fr\/wp-json\/wp\/v2\/media?parent=9153"}],"wp:term":[{"taxonomy":"category","embeddable":true,"href":"https:\/\/news.save.ch\/fr\/wp-json\/wp\/v2\/categories?post=9153"},{"taxonomy":"post_tag","embeddable":true,"href":"https:\/\/news.save.ch\/fr\/wp-json\/wp\/v2\/tags?post=9153"}],"curies":[{"name":"wp","href":"https:\/\/api.w.org\/{rel}","templated":true}]}}