{"id":9164,"date":"2022-06-16T08:15:10","date_gmt":"2022-06-16T06:15:10","guid":{"rendered":"https:\/\/news.save.ch\/?p=9164"},"modified":"2023-06-27T07:05:56","modified_gmt":"2023-06-27T05:05:56","slug":"neuer-leiter-militaerversicherung-bei-der-suva","status":null,"type":"post","link":"https:\/\/news.save.ch\/fr\/neuer-leiter-militaerversicherung-bei-der-suva\/","title":{"rendered":"Nouveau responsable de l'assurance militaire \u00e0 la Suva"},"content":{"rendered":"<figure id=\"attachment_9168\" aria-describedby=\"caption-attachment-9168\" style=\"width: 680px\" class=\"wp-caption alignnone\"><img loading=\"lazy\" decoding=\"async\" class=\"wp-image-9168 size-medium\" src=\"https:\/\/news.save.ch\/wp-content\/uploads\/2022\/06\/Neuer-Leiter-Militarversicherung_Martin-Rufenacht-1.jpg\" alt=\"Assurance militaire\" width=\"680\" height=\"491\" \/><figcaption id=\"caption-attachment-9168\" class=\"wp-caption-text\">Image : Suva<\/figcaption><\/figure>\n<p>La Suva a un nouveau directeur pour l'assurance militaire : Martin R\u00fcfenacht occupera son poste \u00e0 l'automne 2022. Ag\u00e9 de 43 ans, il a su convaincre la commission de s\u00e9lection du comit\u00e9 du conseil de la Suva d'accepter le poste en raison de ses \"prestations compl\u00e8tes et de longue dur\u00e9e\".<\/p>\n<p>R\u00fcfenacht a \u00e9tudi\u00e9 le droit \u00e0 l'universit\u00e9 de Zurich et a obtenu un master en administration de la sant\u00e9 \u00e0 l'universit\u00e9 de Berne. Il est \u00e9galement titulaire du titre de \"Certified Strategy Professional\" de l'universit\u00e9 de Saint-Gall (HSG). \u00c2g\u00e9 de 43 ans et p\u00e8re de trois enfants, il a grandi dans le Freiamt argovien.<\/p>\n<p>Avec Martin R\u00fcfenacht, la Suva a trouv\u00e9 un juriste comp\u00e9tent et un dirigeant exp\u00e9riment\u00e9 disposant de solides connaissances dans le domaine des processus et des tarifs, comme elle l'indique dans un communiqu\u00e9. Selon Daniel Roscher, membre de la direction de la Suva et pr\u00e9sident de la Commission des tarifs m\u00e9dicaux LAA, R\u00fcfenacht dispose d'une grande exp\u00e9rience et de comp\u00e9tences sociales \u00e9lev\u00e9es.<\/p>\n<p>M. R\u00fcfenacht succ\u00e8de \u00e0 Stefan A. Dettwiler, qui a d\u00e9cid\u00e9 de quitter la Suva apr\u00e8s de nombreuses ann\u00e9es de service.<\/p>\n<p><em>Source : Suva<\/em><\/p>","protected":false},"excerpt":{"rendered":"<p>Die Suva hat einen neuen Leiter bei der Milit\u00e4rversicherung: Martin R\u00fcfenacht besetzt seine Stelle im Herbst 2022. Der 43-J\u00e4hrige vermochte die Findungskommission des Suva-Ratsausschusses aufgrund eines \u00abumfassenden und langj\u00e4hrigen Leistungsausweises\u00bb f\u00fcr die Position zu \u00fcberzeugen. R\u00fcfenacht studierte Rechtswissenschaften an der Universit\u00e4t Z\u00fcrich und absolvierte einen Master in Health Administration an der Universit\u00e4t in Bern und [&hellip;]<\/p>\n","protected":false},"author":9,"featured_media":16534,"comment_status":"closed","ping_status":"closed","sticky":false,"template":"","format":"standard","meta":{"_acf_changed":false,"pgc_sgb_lightbox_settings":"","footnotes":""},"categories":[1],"tags":[4434,4433,4432,2543,167],"class_list":["post-9164","post","type-post","status-publish","format-standard","has-post-thumbnail","hentry","category-allgemein","tag-herbst-2022","tag-jurist","tag-martin-ruefenacht","tag-militaerversicherung","tag-suva"],"acf":[],"hkrextid":null,"publication":null,"issue":null,"workflow":null,"startPage":null,"spitzmarke":null,"_posts_by_tag_page_fields":{"widget_title":"","widget_tags":""},"_at_widget":"1","_yoast_wpseo_primary_category":"","_yoast_wpseo_focuskw_text_input":null,"_yoast_wpseo_opengraph-image":null,"_yoast_wpseo_opengraph-description":null,"_yoast_wpseo_opengraph-title":null,"enclosure":null,"_yoast_wpseo_twitter-title":null,"_yoast_wpseo_twitter-description":null,"_yoast_wpseo_twitter-image":null,"_wp_old_slug":null,"_yoast_wpseo_title":null,"_yoast_wpseo_canonical":null,"yoast_head":"<!-- This site is optimized with the Yoast SEO plugin v27.5 - https:\/\/yoast.com\/product\/yoast-seo-wordpress\/ -->\n<title>Neuer Leiter Milit\u00e4rversicherung bei der Suva - Save<\/title>\n<meta name=\"description\" content=\"Die Suva hat an ihrer Sitzung vom 14. Juni 2022 Martin R\u00fcfenacht zum neuen Leiter der Milit\u00e4rversicherung gew\u00e4hlt. Der 43-j\u00e4hrige Jurist wird voraussichtlich seine neue Position im Herbst 2022 antreten.\" \/>\n<meta name=\"robots\" content=\"index, follow, max-snippet:-1, max-image-preview:large, max-video-preview:-1\" \/>\n<link rel=\"canonical\" href=\"https:\/\/news.save.ch\/fr\/neuer-leiter-militaerversicherung-bei-der-suva\/\" \/>\n<meta property=\"og:locale\" content=\"fr_FR\" \/>\n<meta property=\"og:type\" content=\"article\" \/>\n<meta property=\"og:title\" content=\"Neuer Leiter Milit\u00e4rversicherung bei der Suva - Save\" \/>\n<meta property=\"og:description\" content=\"Die Suva hat an ihrer Sitzung vom 14. Juni 2022 Martin R\u00fcfenacht zum neuen Leiter der Milit\u00e4rversicherung gew\u00e4hlt. Der 43-j\u00e4hrige Jurist wird voraussichtlich seine neue Position im Herbst 2022 antreten.\" \/>\n<meta property=\"og:url\" content=\"https:\/\/news.save.ch\/fr\/neuer-leiter-militaerversicherung-bei-der-suva\/\" \/>\n<meta property=\"og:site_name\" content=\"Save\" \/>\n<meta property=\"article:published_time\" content=\"2022-06-16T06:15:10+00:00\" \/>\n<meta property=\"article:modified_time\" content=\"2023-06-27T05:05:56+00:00\" \/>\n<meta property=\"og:image\" content=\"https:\/\/news.save.ch\/wp-content\/uploads\/2022\/06\/Neuer-Leiter-Militarversicherung_Martin-Rufenacht-1.jpg\" \/>\n\t<meta property=\"og:image:width\" content=\"1200\" \/>\n\t<meta property=\"og:image:height\" content=\"866\" \/>\n\t<meta property=\"og:image:type\" content=\"image\/jpeg\" \/>\n<meta name=\"author\" content=\"Simon Gr\u00f6flin\" \/>\n<meta name=\"twitter:card\" content=\"summary_large_image\" \/>\n<meta name=\"twitter:label1\" content=\"\u00c9crit par\" \/>\n\t<meta name=\"twitter:data1\" content=\"Simon Gr\u00f6flin\" \/>\n\t<meta name=\"twitter:label2\" content=\"Dur\u00e9e de lecture estim\u00e9e\" \/>\n\t<meta name=\"twitter:data2\" content=\"2 minutes\" \/>\n<script type=\"application\/ld+json\" class=\"yoast-schema-graph\">{\"@context\":\"https:\\\/\\\/schema.org\",\"@graph\":[{\"@type\":\"Article\",\"@id\":\"https:\\\/\\\/news.save.ch\\\/neuer-leiter-militaerversicherung-bei-der-suva\\\/#article\",\"isPartOf\":{\"@id\":\"https:\\\/\\\/news.save.ch\\\/neuer-leiter-militaerversicherung-bei-der-suva\\\/\"},\"author\":{\"name\":\"Simon Gr\u00f6flin\",\"@id\":\"https:\\\/\\\/news.save.ch\\\/de\\\/#\\\/schema\\\/person\\\/ad4ef21102fd6125312409ac57d5296d\"},\"headline\":\"Neuer Leiter Milit\u00e4rversicherung bei der Suva\",\"datePublished\":\"2022-06-16T06:15:10+00:00\",\"dateModified\":\"2023-06-27T05:05:56+00:00\",\"mainEntityOfPage\":{\"@id\":\"https:\\\/\\\/news.save.ch\\\/neuer-leiter-militaerversicherung-bei-der-suva\\\/\"},\"wordCount\":183,\"publisher\":{\"@id\":\"https:\\\/\\\/news.save.ch\\\/de\\\/#organization\"},\"image\":{\"@id\":\"https:\\\/\\\/news.save.ch\\\/neuer-leiter-militaerversicherung-bei-der-suva\\\/#primaryimage\"},\"thumbnailUrl\":\"https:\\\/\\\/news.save.ch\\\/wp-content\\\/uploads\\\/2022\\\/06\\\/Neuer-Leiter-Militarversicherung_Martin-Rufenacht-1.jpg\",\"keywords\":[\"Herbst 2022\",\"Jurist\",\"Martin R\u00fcfenacht\",\"Milit\u00e4rversicherung\",\"SUVA\"],\"articleSection\":[\"ALLGEMEIN\"],\"inLanguage\":\"fr-FR\"},{\"@type\":\"WebPage\",\"@id\":\"https:\\\/\\\/news.save.ch\\\/neuer-leiter-militaerversicherung-bei-der-suva\\\/\",\"url\":\"https:\\\/\\\/news.save.ch\\\/neuer-leiter-militaerversicherung-bei-der-suva\\\/\",\"name\":\"Neuer Leiter Milit\u00e4rversicherung bei der Suva - Save\",\"isPartOf\":{\"@id\":\"https:\\\/\\\/news.save.ch\\\/de\\\/#website\"},\"primaryImageOfPage\":{\"@id\":\"https:\\\/\\\/news.save.ch\\\/neuer-leiter-militaerversicherung-bei-der-suva\\\/#primaryimage\"},\"image\":{\"@id\":\"https:\\\/\\\/news.save.ch\\\/neuer-leiter-militaerversicherung-bei-der-suva\\\/#primaryimage\"},\"thumbnailUrl\":\"https:\\\/\\\/news.save.ch\\\/wp-content\\\/uploads\\\/2022\\\/06\\\/Neuer-Leiter-Militarversicherung_Martin-Rufenacht-1.jpg\",\"datePublished\":\"2022-06-16T06:15:10+00:00\",\"dateModified\":\"2023-06-27T05:05:56+00:00\",\"description\":\"Die Suva hat an ihrer Sitzung vom 14. Juni 2022 Martin R\u00fcfenacht zum neuen Leiter der Milit\u00e4rversicherung gew\u00e4hlt. Der 43-j\u00e4hrige Jurist wird voraussichtlich seine neue Position im Herbst 2022 antreten.\",\"breadcrumb\":{\"@id\":\"https:\\\/\\\/news.save.ch\\\/neuer-leiter-militaerversicherung-bei-der-suva\\\/#breadcrumb\"},\"inLanguage\":\"fr-FR\",\"potentialAction\":[{\"@type\":\"ReadAction\",\"target\":[\"https:\\\/\\\/news.save.ch\\\/neuer-leiter-militaerversicherung-bei-der-suva\\\/\"]}]},{\"@type\":\"ImageObject\",\"inLanguage\":\"fr-FR\",\"@id\":\"https:\\\/\\\/news.save.ch\\\/neuer-leiter-militaerversicherung-bei-der-suva\\\/#primaryimage\",\"url\":\"https:\\\/\\\/news.save.ch\\\/wp-content\\\/uploads\\\/2022\\\/06\\\/Neuer-Leiter-Militarversicherung_Martin-Rufenacht-1.jpg\",\"contentUrl\":\"https:\\\/\\\/news.save.ch\\\/wp-content\\\/uploads\\\/2022\\\/06\\\/Neuer-Leiter-Militarversicherung_Martin-Rufenacht-1.jpg\",\"width\":1200,\"height\":866,\"caption\":\"Martin R\u00fcfenacht, Milit\u00e4rversicherung\"},{\"@type\":\"BreadcrumbList\",\"@id\":\"https:\\\/\\\/news.save.ch\\\/neuer-leiter-militaerversicherung-bei-der-suva\\\/#breadcrumb\",\"itemListElement\":[{\"@type\":\"ListItem\",\"position\":1,\"name\":\"Home\",\"item\":\"https:\\\/\\\/news.save.ch\\\/de\\\/\"},{\"@type\":\"ListItem\",\"position\":2,\"name\":\"Neuer Leiter Milit\u00e4rversicherung bei der Suva\"}]},{\"@type\":\"WebSite\",\"@id\":\"https:\\\/\\\/news.save.ch\\\/de\\\/#website\",\"url\":\"https:\\\/\\\/news.save.ch\\\/de\\\/\",\"name\":\"Save\",\"description\":\"Schweizer Fachzeitschrift f\u00fcr Sicherheit\",\"publisher\":{\"@id\":\"https:\\\/\\\/news.save.ch\\\/de\\\/#organization\"},\"potentialAction\":[{\"@type\":\"SearchAction\",\"target\":{\"@type\":\"EntryPoint\",\"urlTemplate\":\"https:\\\/\\\/news.save.ch\\\/de\\\/?s={search_term_string}\"},\"query-input\":{\"@type\":\"PropertyValueSpecification\",\"valueRequired\":true,\"valueName\":\"search_term_string\"}}],\"inLanguage\":\"fr-FR\"},{\"@type\":\"Organization\",\"@id\":\"https:\\\/\\\/news.save.ch\\\/de\\\/#organization\",\"name\":\"Sicherheitsforum\",\"url\":\"https:\\\/\\\/news.save.ch\\\/de\\\/\",\"logo\":{\"@type\":\"ImageObject\",\"inLanguage\":\"fr-FR\",\"@id\":\"https:\\\/\\\/news.save.ch\\\/de\\\/#\\\/schema\\\/logo\\\/image\\\/\",\"url\":\"https:\\\/\\\/news.save.ch\\\/wp-content\\\/uploads\\\/2022\\\/06\\\/Logo_SF_2012.png\",\"contentUrl\":\"https:\\\/\\\/news.save.ch\\\/wp-content\\\/uploads\\\/2022\\\/06\\\/Logo_SF_2012.png\",\"width\":1100,\"height\":91,\"caption\":\"Sicherheitsforum\"},\"image\":{\"@id\":\"https:\\\/\\\/news.save.ch\\\/de\\\/#\\\/schema\\\/logo\\\/image\\\/\"}},{\"@type\":\"Person\",\"@id\":\"https:\\\/\\\/news.save.ch\\\/de\\\/#\\\/schema\\\/person\\\/ad4ef21102fd6125312409ac57d5296d\",\"name\":\"Simon Gr\u00f6flin\",\"image\":{\"@type\":\"ImageObject\",\"inLanguage\":\"fr-FR\",\"@id\":\"https:\\\/\\\/secure.gravatar.com\\\/avatar\\\/6ddceb80eb734354635539e0ea5140bb7c41e42de7c45c9a2ab9921b5d5c9a83?s=96&d=mm&r=g\",\"url\":\"https:\\\/\\\/secure.gravatar.com\\\/avatar\\\/6ddceb80eb734354635539e0ea5140bb7c41e42de7c45c9a2ab9921b5d5c9a83?s=96&d=mm&r=g\",\"contentUrl\":\"https:\\\/\\\/secure.gravatar.com\\\/avatar\\\/6ddceb80eb734354635539e0ea5140bb7c41e42de7c45c9a2ab9921b5d5c9a83?s=96&d=mm&r=g\",\"caption\":\"Simon Gr\u00f6flin\"},\"url\":\"https:\\\/\\\/news.save.ch\\\/fr\\\/author\\\/simon-groeflin\\\/\"}]}<\/script>\n<!-- \/ Yoast SEO plugin. -->","yoast_head_json":{"title":"Nouveau responsable de l'assurance militaire \u00e0 la Suva - Save","description":"Lors de sa s\u00e9ance du 14 juin 2022, la Suva a nomm\u00e9 Martin R\u00fcfenacht au poste de directeur de l'assurance militaire. Ce juriste de 43 ans devrait prendre ses fonctions \u00e0 l'automne 2022.","robots":{"index":"index","follow":"follow","max-snippet":"max-snippet:-1","max-image-preview":"max-image-preview:large","max-video-preview":"max-video-preview:-1"},"canonical":"https:\/\/news.save.ch\/fr\/neuer-leiter-militaerversicherung-bei-der-suva\/","og_locale":"fr_FR","og_type":"article","og_title":"Neuer Leiter Milit\u00e4rversicherung bei der Suva - Save","og_description":"Die Suva hat an ihrer Sitzung vom 14. Juni 2022 Martin R\u00fcfenacht zum neuen Leiter der Milit\u00e4rversicherung gew\u00e4hlt. Der 43-j\u00e4hrige Jurist wird voraussichtlich seine neue Position im Herbst 2022 antreten.","og_url":"https:\/\/news.save.ch\/fr\/neuer-leiter-militaerversicherung-bei-der-suva\/","og_site_name":"Save","article_published_time":"2022-06-16T06:15:10+00:00","article_modified_time":"2023-06-27T05:05:56+00:00","og_image":[{"width":1200,"height":866,"url":"https:\/\/news.save.ch\/wp-content\/uploads\/2022\/06\/Neuer-Leiter-Militarversicherung_Martin-Rufenacht-1.jpg","type":"image\/jpeg"}],"author":"Simon Gr\u00f6flin","twitter_card":"summary_large_image","twitter_misc":{"\u00c9crit par":"Simon Gr\u00f6flin","Dur\u00e9e de lecture estim\u00e9e":"2 minutes"},"schema":{"@context":"https:\/\/schema.org","@graph":[{"@type":"Article","@id":"https:\/\/news.save.ch\/neuer-leiter-militaerversicherung-bei-der-suva\/#article","isPartOf":{"@id":"https:\/\/news.save.ch\/neuer-leiter-militaerversicherung-bei-der-suva\/"},"author":{"name":"Simon Gr\u00f6flin","@id":"https:\/\/news.save.ch\/de\/#\/schema\/person\/ad4ef21102fd6125312409ac57d5296d"},"headline":"Neuer Leiter Milit\u00e4rversicherung bei der Suva","datePublished":"2022-06-16T06:15:10+00:00","dateModified":"2023-06-27T05:05:56+00:00","mainEntityOfPage":{"@id":"https:\/\/news.save.ch\/neuer-leiter-militaerversicherung-bei-der-suva\/"},"wordCount":183,"publisher":{"@id":"https:\/\/news.save.ch\/de\/#organization"},"image":{"@id":"https:\/\/news.save.ch\/neuer-leiter-militaerversicherung-bei-der-suva\/#primaryimage"},"thumbnailUrl":"https:\/\/news.save.ch\/wp-content\/uploads\/2022\/06\/Neuer-Leiter-Militarversicherung_Martin-Rufenacht-1.jpg","keywords":["Herbst 2022","Jurist","Martin R\u00fcfenacht","Milit\u00e4rversicherung","SUVA"],"articleSection":["ALLGEMEIN"],"inLanguage":"fr-FR"},{"@type":"WebPage","@id":"https:\/\/news.save.ch\/neuer-leiter-militaerversicherung-bei-der-suva\/","url":"https:\/\/news.save.ch\/neuer-leiter-militaerversicherung-bei-der-suva\/","name":"Nouveau responsable de l'assurance militaire \u00e0 la Suva - Save","isPartOf":{"@id":"https:\/\/news.save.ch\/de\/#website"},"primaryImageOfPage":{"@id":"https:\/\/news.save.ch\/neuer-leiter-militaerversicherung-bei-der-suva\/#primaryimage"},"image":{"@id":"https:\/\/news.save.ch\/neuer-leiter-militaerversicherung-bei-der-suva\/#primaryimage"},"thumbnailUrl":"https:\/\/news.save.ch\/wp-content\/uploads\/2022\/06\/Neuer-Leiter-Militarversicherung_Martin-Rufenacht-1.jpg","datePublished":"2022-06-16T06:15:10+00:00","dateModified":"2023-06-27T05:05:56+00:00","description":"Lors de sa s\u00e9ance du 14 juin 2022, la Suva a nomm\u00e9 Martin R\u00fcfenacht au poste de directeur de l'assurance militaire. Ce juriste de 43 ans devrait prendre ses fonctions \u00e0 l'automne 2022.","breadcrumb":{"@id":"https:\/\/news.save.ch\/neuer-leiter-militaerversicherung-bei-der-suva\/#breadcrumb"},"inLanguage":"fr-FR","potentialAction":[{"@type":"ReadAction","target":["https:\/\/news.save.ch\/neuer-leiter-militaerversicherung-bei-der-suva\/"]}]},{"@type":"ImageObject","inLanguage":"fr-FR","@id":"https:\/\/news.save.ch\/neuer-leiter-militaerversicherung-bei-der-suva\/#primaryimage","url":"https:\/\/news.save.ch\/wp-content\/uploads\/2022\/06\/Neuer-Leiter-Militarversicherung_Martin-Rufenacht-1.jpg","contentUrl":"https:\/\/news.save.ch\/wp-content\/uploads\/2022\/06\/Neuer-Leiter-Militarversicherung_Martin-Rufenacht-1.jpg","width":1200,"height":866,"caption":"Martin R\u00fcfenacht, Milit\u00e4rversicherung"},{"@type":"BreadcrumbList","@id":"https:\/\/news.save.ch\/neuer-leiter-militaerversicherung-bei-der-suva\/#breadcrumb","itemListElement":[{"@type":"ListItem","position":1,"name":"Home","item":"https:\/\/news.save.ch\/de\/"},{"@type":"ListItem","position":2,"name":"Neuer Leiter Milit\u00e4rversicherung bei der Suva"}]},{"@type":"WebSite","@id":"https:\/\/news.save.ch\/de\/#website","url":"https:\/\/news.save.ch\/de\/","name":"Save","description":"Revue suisse sp\u00e9cialis\u00e9e dans la s\u00e9curit\u00e9","publisher":{"@id":"https:\/\/news.save.ch\/de\/#organization"},"potentialAction":[{"@type":"SearchAction","target":{"@type":"EntryPoint","urlTemplate":"https:\/\/news.save.ch\/de\/?s={search_term_string}"},"query-input":{"@type":"PropertyValueSpecification","valueRequired":true,"valueName":"search_term_string"}}],"inLanguage":"fr-FR"},{"@type":"Organization","@id":"https:\/\/news.save.ch\/de\/#organization","name":"Forum sur la s\u00e9curit\u00e9","url":"https:\/\/news.save.ch\/de\/","logo":{"@type":"ImageObject","inLanguage":"fr-FR","@id":"https:\/\/news.save.ch\/de\/#\/schema\/logo\/image\/","url":"https:\/\/news.save.ch\/wp-content\/uploads\/2022\/06\/Logo_SF_2012.png","contentUrl":"https:\/\/news.save.ch\/wp-content\/uploads\/2022\/06\/Logo_SF_2012.png","width":1100,"height":91,"caption":"Sicherheitsforum"},"image":{"@id":"https:\/\/news.save.ch\/de\/#\/schema\/logo\/image\/"}},{"@type":"Person","@id":"https:\/\/news.save.ch\/de\/#\/schema\/person\/ad4ef21102fd6125312409ac57d5296d","name":"Simon Gr\u00f6flin","image":{"@type":"ImageObject","inLanguage":"fr-FR","@id":"https:\/\/secure.gravatar.com\/avatar\/6ddceb80eb734354635539e0ea5140bb7c41e42de7c45c9a2ab9921b5d5c9a83?s=96&d=mm&r=g","url":"https:\/\/secure.gravatar.com\/avatar\/6ddceb80eb734354635539e0ea5140bb7c41e42de7c45c9a2ab9921b5d5c9a83?s=96&d=mm&r=g","contentUrl":"https:\/\/secure.gravatar.com\/avatar\/6ddceb80eb734354635539e0ea5140bb7c41e42de7c45c9a2ab9921b5d5c9a83?s=96&d=mm&r=g","caption":"Simon Gr\u00f6flin"},"url":"https:\/\/news.save.ch\/fr\/author\/simon-groeflin\/"}]}},"_links":{"self":[{"href":"https:\/\/news.save.ch\/fr\/wp-json\/wp\/v2\/posts\/9164","targetHints":{"allow":["GET"]}}],"collection":[{"href":"https:\/\/news.save.ch\/fr\/wp-json\/wp\/v2\/posts"}],"about":[{"href":"https:\/\/news.save.ch\/fr\/wp-json\/wp\/v2\/types\/post"}],"author":[{"embeddable":true,"href":"https:\/\/news.save.ch\/fr\/wp-json\/wp\/v2\/users\/9"}],"replies":[{"embeddable":true,"href":"https:\/\/news.save.ch\/fr\/wp-json\/wp\/v2\/comments?post=9164"}],"version-history":[{"count":2,"href":"https:\/\/news.save.ch\/fr\/wp-json\/wp\/v2\/posts\/9164\/revisions"}],"predecessor-version":[{"id":20352,"href":"https:\/\/news.save.ch\/fr\/wp-json\/wp\/v2\/posts\/9164\/revisions\/20352"}],"wp:featuredmedia":[{"embeddable":true,"href":"https:\/\/news.save.ch\/fr\/wp-json\/wp\/v2\/media\/16534"}],"wp:attachment":[{"href":"https:\/\/news.save.ch\/fr\/wp-json\/wp\/v2\/media?parent=9164"}],"wp:term":[{"taxonomy":"category","embeddable":true,"href":"https:\/\/news.save.ch\/fr\/wp-json\/wp\/v2\/categories?post=9164"},{"taxonomy":"post_tag","embeddable":true,"href":"https:\/\/news.save.ch\/fr\/wp-json\/wp\/v2\/tags?post=9164"}],"curies":[{"name":"wp","href":"https:\/\/api.w.org\/{rel}","templated":true}]}}