{"id":9176,"date":"2019-12-11T15:00:56","date_gmt":"2019-12-11T14:00:56","guid":{"rendered":"https:\/\/news.save.ch\/?p=9176"},"modified":"2019-12-11T15:00:56","modified_gmt":"2019-12-11T14:00:56","slug":"geldtransporte-von-und-nach-daillens-eingestellt","status":null,"type":"post","link":"https:\/\/news.save.ch\/fr\/geldtransporte-von-und-nach-daillens-eingestellt\/","title":{"rendered":"Braquage d'un fourgon blind\u00e9 : le gouvernement vaudois agit"},"content":{"rendered":"<figure id=\"attachment_9177\" aria-describedby=\"caption-attachment-9177\" style=\"width: 680px\" class=\"wp-caption aligncenter\"><img loading=\"lazy\" decoding=\"async\" class=\"wp-image-9177 size-medium\" src=\"https:\/\/news.save.ch\/wp-content\/uploads\/2019\/12\/Depositphotos_10044316_s-2019.jpg\" alt=\"Transport de fonds\" width=\"680\" height=\"452\" srcset=\"https:\/\/news.save.ch\/wp-content\/uploads\/2019\/12\/Depositphotos_10044316_s-2019.jpg 1000w, https:\/\/news.save.ch\/wp-content\/uploads\/2019\/12\/Depositphotos_10044316_s-2019-375x249.jpg 375w\" sizes=\"auto, (max-width: 680px) 100vw, 680px\" \/><figcaption id=\"caption-attachment-9177\" class=\"wp-caption-text\">Dans le canton de Vaud, seuls les transports de fonds lourdement blind\u00e9s sont d\u00e9sormais autoris\u00e9s \u00e0 circuler.\u00a0<br \/>(Image d'illustration : \u00a9 depositphotos, tangducminh)<\/figcaption><\/figure>\n<p>&nbsp;<\/p>\n<p>Selon le communiqu\u00e9 de presse du gouvernement cantonal vaudois, seuls les v\u00e9hicules de transport de fonds lourdement blind\u00e9s de plus de 3,5 tonnes peuvent transporter des fonds \u00e0 partir de maintenant. Et ces services de messagerie doivent avoir lieu sur le territoire cantonal entre 5 et 22 heures, car en Suisse, les v\u00e9hicules motoris\u00e9s lourds sont interdits de circulation la nuit (voir ci-dessous). En outre, et c'est un autre point important, la quantit\u00e9 d'argent par v\u00e9hicule est limit\u00e9e \u00e0 dix millions de francs. De telles limites sont d'ailleurs connues en France, pr\u00e9cise le gouvernement. Par ailleurs, la police renforce sa pr\u00e9sence, notamment dans les zones frontali\u00e8res.<\/p>\n<p>Luc A. Sergy, directeur de l'Association des entreprises suisses de services de s\u00e9curit\u00e9 (VSSU), avait \u00e9galement demand\u00e9 qu'en cas d'agression, les billets de banque soient color\u00e9s et donc rendus inutilisables. Ce dernier point a d\u00e9j\u00e0 \u00e9t\u00e9 mis en \u0153uvre par la Poste, comme elle l'a fait savoir il y a quelques jours.<\/p>\n<p><strong>L'assureur annule la protection sans pr\u00e9avis<\/strong><\/p>\n<p>Revenons un instant en arri\u00e8re : le 2 d\u00e9cembre 2019, des malfaiteurs ont sauvagement attaqu\u00e9 un fourgon blind\u00e9 de Secure Post, une filiale de La Poste, dans le canton de Vaud. Des vols \u00e0 main arm\u00e9e commis par des bandes ont d\u00e9j\u00e0 eu lieu plusieurs fois en Suisse romande dans un pass\u00e9 r\u00e9cent. Apr\u00e8s le dernier braquage en date \u00e0 <a href=\"https:\/\/www.daillens.ch\/\">Daillens<\/a>\u00a0VD, l'assureur de Secure Post a suspendu avec effet imm\u00e9diat la couverture d'assurance pour les v\u00e9hicules en provenance et \u00e0 destination de cette localit\u00e9, comme la Poste l'a fait savoir le 9 d\u00e9cembre. La suppression \u00e0 court terme et sans pr\u00e9avis de la couverture d'assurance a pour cons\u00e9quence que la Poste ne peut plus effectuer de transports d'argent et d'objets de valeur de et vers Daillens.<\/p>\n<p><strong>Une d\u00e9rogation sera-t-elle accord\u00e9e au niveau f\u00e9d\u00e9ral ?<\/strong><\/p>\n<p>Comme nous l'avons d\u00e9j\u00e0 mentionn\u00e9, les v\u00e9hicules \u00e0 moteur lourds, tels que les v\u00e9hicules blind\u00e9s de transport de fonds, sont interdits de circulation la nuit en Suisse pour des raisons de bruit. Si des bancomats doivent donc \u00eatre r\u00e9approvisionn\u00e9s la nuit, cela ne peut se faire qu'avec une camionnette normale, ce qui provoque des vols brutaux, comme l'ont montr\u00e9 des exemples r\u00e9cents. C'est pourquoi une proposition de loi a \u00e9t\u00e9 d\u00e9pos\u00e9e au Conseil national. <a href=\"https:\/\/www.parlament.ch\/de\/ratsbetrieb\/suche-curia-vista\/geschaeft?AffairId=20193425\">Motion<\/a> d'Olivier Feller (PLR), qui demande une d\u00e9rogation \u00e0 l'interdiction de circuler la nuit pour les v\u00e9hicules lourds de transport de fonds de plus de 3,5 tonnes, est en suspens. Dans sa prise de position, le Conseil f\u00e9d\u00e9ral indique qu'il existe sur le march\u00e9 des v\u00e9hicules blind\u00e9s d'un poids total inf\u00e9rieur \u00e0 3,5 tonnes. De tels v\u00e9hicules sont d\u00e9j\u00e0 exempt\u00e9s de l'interdiction de circuler le dimanche et la nuit. Le Conseil f\u00e9d\u00e9ral propose donc de rejeter la motion Feller.\u00a0<em>(rs)<\/em><\/p>\n<p>&nbsp;<\/p>\n<p>&nbsp;<\/p>\n<p>&nbsp;<\/p>","protected":false},"excerpt":{"rendered":"<p>&nbsp; Gem\u00e4ss der Medienmitteilung der kantonalen Regierung in Waadt d\u00fcrfen per sofort nur noch schwer gepanzerte Geldtransporter mit einem Gewicht von \u00fcber 3,5 Tonnen Gelder transportiert werden. Und diese Kurierdienste m\u00fcssen im Kantonsgebiet zwischen 5 und 22 Uhr stattfinden, denn in der Schweiz gilt f\u00fcr schwere Motorfahrzeuge ein Nachtfahrverbot (siehe unten). Ausserdem, und dies ist [&hellip;]<\/p>\n","protected":false},"author":8,"featured_media":9177,"comment_status":"closed","ping_status":"closed","sticky":false,"template":"","format":"standard","meta":{"_acf_changed":false,"pgc_sgb_lightbox_settings":"","footnotes":""},"categories":[1],"tags":[71,72],"class_list":["post-9176","post","type-post","status-publish","format-standard","has-post-thumbnail","hentry","category-allgemein","tag-geldtransport","tag-ueberfall"],"acf":[],"hkrextid":null,"publication":null,"issue":null,"workflow":null,"startPage":null,"spitzmarke":null,"_posts_by_tag_page_fields":{"widget_title":"","widget_tags":""},"_at_widget":"1","_yoast_wpseo_primary_category":"1","_yoast_wpseo_focuskw_text_input":"Geldtransport","_yoast_wpseo_opengraph-image":null,"_yoast_wpseo_opengraph-description":null,"_yoast_wpseo_opengraph-title":null,"enclosure":null,"_yoast_wpseo_twitter-title":null,"_yoast_wpseo_twitter-description":null,"_yoast_wpseo_twitter-image":null,"_wp_old_slug":null,"_yoast_wpseo_title":null,"_yoast_wpseo_canonical":null,"yoast_head":"<!-- This site is optimized with the Yoast SEO plugin v27.5 - https:\/\/yoast.com\/product\/yoast-seo-wordpress\/ -->\n<title>\u00dcberfall auf Geldtransporter: Waadtl\u00e4nder Regierung handelt - Save<\/title>\n<meta name=\"description\" content=\"Der Versicherer von Secure Post hat den Versicherungsschutz f\u00fcr Geldtransporte in Daillens aufgehoben, wie die Post mitgeteilt hat.\" \/>\n<meta name=\"robots\" content=\"index, follow, max-snippet:-1, max-image-preview:large, max-video-preview:-1\" \/>\n<link rel=\"canonical\" href=\"https:\/\/news.save.ch\/fr\/geldtransporte-von-und-nach-daillens-eingestellt\/\" \/>\n<meta property=\"og:locale\" content=\"fr_FR\" \/>\n<meta property=\"og:type\" content=\"article\" \/>\n<meta property=\"og:title\" content=\"\u00dcberfall auf Geldtransporter: Waadtl\u00e4nder Regierung handelt - Save\" \/>\n<meta property=\"og:description\" content=\"Der Versicherer von Secure Post hat den Versicherungsschutz f\u00fcr Geldtransporte in Daillens aufgehoben, wie die Post mitgeteilt hat.\" \/>\n<meta property=\"og:url\" content=\"https:\/\/news.save.ch\/fr\/geldtransporte-von-und-nach-daillens-eingestellt\/\" \/>\n<meta property=\"og:site_name\" content=\"Save\" \/>\n<meta property=\"article:published_time\" content=\"2019-12-11T14:00:56+00:00\" \/>\n<meta property=\"og:image\" content=\"https:\/\/news.save.ch\/wp-content\/uploads\/2019\/12\/Depositphotos_10044316_s-2019.jpg\" \/>\n\t<meta property=\"og:image:width\" content=\"1000\" \/>\n\t<meta property=\"og:image:height\" content=\"664\" \/>\n\t<meta property=\"og:image:type\" content=\"image\/jpeg\" \/>\n<meta name=\"author\" content=\"Roger Str\u00e4ssle\" \/>\n<meta name=\"twitter:card\" content=\"summary_large_image\" \/>\n<meta name=\"twitter:label1\" content=\"\u00c9crit par\" \/>\n\t<meta name=\"twitter:data1\" content=\"Roger Str\u00e4ssle\" \/>\n\t<meta name=\"twitter:label2\" content=\"Dur\u00e9e de lecture estim\u00e9e\" \/>\n\t<meta name=\"twitter:data2\" content=\"2 minutes\" \/>\n<script type=\"application\/ld+json\" class=\"yoast-schema-graph\">{\"@context\":\"https:\\\/\\\/schema.org\",\"@graph\":[{\"@type\":\"Article\",\"@id\":\"https:\\\/\\\/news.save.ch\\\/geldtransporte-von-und-nach-daillens-eingestellt\\\/#article\",\"isPartOf\":{\"@id\":\"https:\\\/\\\/news.save.ch\\\/geldtransporte-von-und-nach-daillens-eingestellt\\\/\"},\"author\":{\"name\":\"Roger Str\u00e4ssle\",\"@id\":\"https:\\\/\\\/news.save.ch\\\/de\\\/#\\\/schema\\\/person\\\/d5022db048e0e2b9785c50e5b24da5aa\"},\"headline\":\"\u00dcberfall auf Geldtransporter: Waadtl\u00e4nder Regierung handelt\",\"datePublished\":\"2019-12-11T14:00:56+00:00\",\"mainEntityOfPage\":{\"@id\":\"https:\\\/\\\/news.save.ch\\\/geldtransporte-von-und-nach-daillens-eingestellt\\\/\"},\"wordCount\":405,\"publisher\":{\"@id\":\"https:\\\/\\\/news.save.ch\\\/de\\\/#organization\"},\"image\":{\"@id\":\"https:\\\/\\\/news.save.ch\\\/geldtransporte-von-und-nach-daillens-eingestellt\\\/#primaryimage\"},\"thumbnailUrl\":\"https:\\\/\\\/news.save.ch\\\/wp-content\\\/uploads\\\/2019\\\/12\\\/Depositphotos_10044316_s-2019.jpg\",\"keywords\":[\"Geldtransport\",\"\u00dcberfall\"],\"articleSection\":[\"ALLGEMEIN\"],\"inLanguage\":\"fr-FR\"},{\"@type\":\"WebPage\",\"@id\":\"https:\\\/\\\/news.save.ch\\\/geldtransporte-von-und-nach-daillens-eingestellt\\\/\",\"url\":\"https:\\\/\\\/news.save.ch\\\/geldtransporte-von-und-nach-daillens-eingestellt\\\/\",\"name\":\"\u00dcberfall auf Geldtransporter: Waadtl\u00e4nder Regierung handelt - Save\",\"isPartOf\":{\"@id\":\"https:\\\/\\\/news.save.ch\\\/de\\\/#website\"},\"primaryImageOfPage\":{\"@id\":\"https:\\\/\\\/news.save.ch\\\/geldtransporte-von-und-nach-daillens-eingestellt\\\/#primaryimage\"},\"image\":{\"@id\":\"https:\\\/\\\/news.save.ch\\\/geldtransporte-von-und-nach-daillens-eingestellt\\\/#primaryimage\"},\"thumbnailUrl\":\"https:\\\/\\\/news.save.ch\\\/wp-content\\\/uploads\\\/2019\\\/12\\\/Depositphotos_10044316_s-2019.jpg\",\"datePublished\":\"2019-12-11T14:00:56+00:00\",\"description\":\"Der Versicherer von Secure Post hat den Versicherungsschutz f\u00fcr Geldtransporte in Daillens aufgehoben, wie die Post mitgeteilt hat.\",\"breadcrumb\":{\"@id\":\"https:\\\/\\\/news.save.ch\\\/geldtransporte-von-und-nach-daillens-eingestellt\\\/#breadcrumb\"},\"inLanguage\":\"fr-FR\",\"potentialAction\":[{\"@type\":\"ReadAction\",\"target\":[\"https:\\\/\\\/news.save.ch\\\/geldtransporte-von-und-nach-daillens-eingestellt\\\/\"]}]},{\"@type\":\"ImageObject\",\"inLanguage\":\"fr-FR\",\"@id\":\"https:\\\/\\\/news.save.ch\\\/geldtransporte-von-und-nach-daillens-eingestellt\\\/#primaryimage\",\"url\":\"https:\\\/\\\/news.save.ch\\\/wp-content\\\/uploads\\\/2019\\\/12\\\/Depositphotos_10044316_s-2019.jpg\",\"contentUrl\":\"https:\\\/\\\/news.save.ch\\\/wp-content\\\/uploads\\\/2019\\\/12\\\/Depositphotos_10044316_s-2019.jpg\",\"width\":1000,\"height\":664,\"caption\":\"Der VSSU-Direktor fordert f\u00fcr Geldtransporte nur noch schwer gepanzerte Fahrzeuge. \u00a9 depositphotos, tangducminh\"},{\"@type\":\"BreadcrumbList\",\"@id\":\"https:\\\/\\\/news.save.ch\\\/geldtransporte-von-und-nach-daillens-eingestellt\\\/#breadcrumb\",\"itemListElement\":[{\"@type\":\"ListItem\",\"position\":1,\"name\":\"Home\",\"item\":\"https:\\\/\\\/news.save.ch\\\/de\\\/\"},{\"@type\":\"ListItem\",\"position\":2,\"name\":\"\u00dcberfall auf Geldtransporter: Waadtl\u00e4nder Regierung handelt\"}]},{\"@type\":\"WebSite\",\"@id\":\"https:\\\/\\\/news.save.ch\\\/de\\\/#website\",\"url\":\"https:\\\/\\\/news.save.ch\\\/de\\\/\",\"name\":\"Save\",\"description\":\"Schweizer Fachzeitschrift f\u00fcr Sicherheit\",\"publisher\":{\"@id\":\"https:\\\/\\\/news.save.ch\\\/de\\\/#organization\"},\"potentialAction\":[{\"@type\":\"SearchAction\",\"target\":{\"@type\":\"EntryPoint\",\"urlTemplate\":\"https:\\\/\\\/news.save.ch\\\/de\\\/?s={search_term_string}\"},\"query-input\":{\"@type\":\"PropertyValueSpecification\",\"valueRequired\":true,\"valueName\":\"search_term_string\"}}],\"inLanguage\":\"fr-FR\"},{\"@type\":\"Organization\",\"@id\":\"https:\\\/\\\/news.save.ch\\\/de\\\/#organization\",\"name\":\"Sicherheitsforum\",\"url\":\"https:\\\/\\\/news.save.ch\\\/de\\\/\",\"logo\":{\"@type\":\"ImageObject\",\"inLanguage\":\"fr-FR\",\"@id\":\"https:\\\/\\\/news.save.ch\\\/de\\\/#\\\/schema\\\/logo\\\/image\\\/\",\"url\":\"https:\\\/\\\/news.save.ch\\\/wp-content\\\/uploads\\\/2022\\\/06\\\/Logo_SF_2012.png\",\"contentUrl\":\"https:\\\/\\\/news.save.ch\\\/wp-content\\\/uploads\\\/2022\\\/06\\\/Logo_SF_2012.png\",\"width\":1100,\"height\":91,\"caption\":\"Sicherheitsforum\"},\"image\":{\"@id\":\"https:\\\/\\\/news.save.ch\\\/de\\\/#\\\/schema\\\/logo\\\/image\\\/\"}},{\"@type\":\"Person\",\"@id\":\"https:\\\/\\\/news.save.ch\\\/de\\\/#\\\/schema\\\/person\\\/d5022db048e0e2b9785c50e5b24da5aa\",\"name\":\"Roger Str\u00e4ssle\",\"image\":{\"@type\":\"ImageObject\",\"inLanguage\":\"fr-FR\",\"@id\":\"https:\\\/\\\/secure.gravatar.com\\\/avatar\\\/862a5569d087de48e5856e32f45d719a03804c891d6deb8d4f71a660e79e4a47?s=96&d=mm&r=g\",\"url\":\"https:\\\/\\\/secure.gravatar.com\\\/avatar\\\/862a5569d087de48e5856e32f45d719a03804c891d6deb8d4f71a660e79e4a47?s=96&d=mm&r=g\",\"contentUrl\":\"https:\\\/\\\/secure.gravatar.com\\\/avatar\\\/862a5569d087de48e5856e32f45d719a03804c891d6deb8d4f71a660e79e4a47?s=96&d=mm&r=g\",\"caption\":\"Roger Str\u00e4ssle\"},\"url\":\"https:\\\/\\\/news.save.ch\\\/fr\\\/author\\\/roger-straessle\\\/\"}]}<\/script>\n<!-- \/ Yoast SEO plugin. -->","yoast_head_json":{"title":"Braquage d'un fourgon blind\u00e9 : le gouvernement vaudois agit - Save","description":"L'assureur de Secure Post a supprim\u00e9 la couverture d'assurance pour les transports de fonds \u00e0 Daillens, comme l'a communiqu\u00e9 la Poste.","robots":{"index":"index","follow":"follow","max-snippet":"max-snippet:-1","max-image-preview":"max-image-preview:large","max-video-preview":"max-video-preview:-1"},"canonical":"https:\/\/news.save.ch\/fr\/geldtransporte-von-und-nach-daillens-eingestellt\/","og_locale":"fr_FR","og_type":"article","og_title":"\u00dcberfall auf Geldtransporter: Waadtl\u00e4nder Regierung handelt - Save","og_description":"Der Versicherer von Secure Post hat den Versicherungsschutz f\u00fcr Geldtransporte in Daillens aufgehoben, wie die Post mitgeteilt hat.","og_url":"https:\/\/news.save.ch\/fr\/geldtransporte-von-und-nach-daillens-eingestellt\/","og_site_name":"Save","article_published_time":"2019-12-11T14:00:56+00:00","og_image":[{"width":1000,"height":664,"url":"https:\/\/news.save.ch\/wp-content\/uploads\/2019\/12\/Depositphotos_10044316_s-2019.jpg","type":"image\/jpeg"}],"author":"Roger Str\u00e4ssle","twitter_card":"summary_large_image","twitter_misc":{"\u00c9crit par":"Roger Str\u00e4ssle","Dur\u00e9e de lecture estim\u00e9e":"2 minutes"},"schema":{"@context":"https:\/\/schema.org","@graph":[{"@type":"Article","@id":"https:\/\/news.save.ch\/geldtransporte-von-und-nach-daillens-eingestellt\/#article","isPartOf":{"@id":"https:\/\/news.save.ch\/geldtransporte-von-und-nach-daillens-eingestellt\/"},"author":{"name":"Roger Str\u00e4ssle","@id":"https:\/\/news.save.ch\/de\/#\/schema\/person\/d5022db048e0e2b9785c50e5b24da5aa"},"headline":"\u00dcberfall auf Geldtransporter: Waadtl\u00e4nder Regierung handelt","datePublished":"2019-12-11T14:00:56+00:00","mainEntityOfPage":{"@id":"https:\/\/news.save.ch\/geldtransporte-von-und-nach-daillens-eingestellt\/"},"wordCount":405,"publisher":{"@id":"https:\/\/news.save.ch\/de\/#organization"},"image":{"@id":"https:\/\/news.save.ch\/geldtransporte-von-und-nach-daillens-eingestellt\/#primaryimage"},"thumbnailUrl":"https:\/\/news.save.ch\/wp-content\/uploads\/2019\/12\/Depositphotos_10044316_s-2019.jpg","keywords":["Geldtransport","\u00dcberfall"],"articleSection":["ALLGEMEIN"],"inLanguage":"fr-FR"},{"@type":"WebPage","@id":"https:\/\/news.save.ch\/geldtransporte-von-und-nach-daillens-eingestellt\/","url":"https:\/\/news.save.ch\/geldtransporte-von-und-nach-daillens-eingestellt\/","name":"Braquage d'un fourgon blind\u00e9 : le gouvernement vaudois agit - Save","isPartOf":{"@id":"https:\/\/news.save.ch\/de\/#website"},"primaryImageOfPage":{"@id":"https:\/\/news.save.ch\/geldtransporte-von-und-nach-daillens-eingestellt\/#primaryimage"},"image":{"@id":"https:\/\/news.save.ch\/geldtransporte-von-und-nach-daillens-eingestellt\/#primaryimage"},"thumbnailUrl":"https:\/\/news.save.ch\/wp-content\/uploads\/2019\/12\/Depositphotos_10044316_s-2019.jpg","datePublished":"2019-12-11T14:00:56+00:00","description":"L'assureur de Secure Post a supprim\u00e9 la couverture d'assurance pour les transports de fonds \u00e0 Daillens, comme l'a communiqu\u00e9 la Poste.","breadcrumb":{"@id":"https:\/\/news.save.ch\/geldtransporte-von-und-nach-daillens-eingestellt\/#breadcrumb"},"inLanguage":"fr-FR","potentialAction":[{"@type":"ReadAction","target":["https:\/\/news.save.ch\/geldtransporte-von-und-nach-daillens-eingestellt\/"]}]},{"@type":"ImageObject","inLanguage":"fr-FR","@id":"https:\/\/news.save.ch\/geldtransporte-von-und-nach-daillens-eingestellt\/#primaryimage","url":"https:\/\/news.save.ch\/wp-content\/uploads\/2019\/12\/Depositphotos_10044316_s-2019.jpg","contentUrl":"https:\/\/news.save.ch\/wp-content\/uploads\/2019\/12\/Depositphotos_10044316_s-2019.jpg","width":1000,"height":664,"caption":"Der VSSU-Direktor fordert f\u00fcr Geldtransporte nur noch schwer gepanzerte Fahrzeuge. \u00a9 depositphotos, tangducminh"},{"@type":"BreadcrumbList","@id":"https:\/\/news.save.ch\/geldtransporte-von-und-nach-daillens-eingestellt\/#breadcrumb","itemListElement":[{"@type":"ListItem","position":1,"name":"Home","item":"https:\/\/news.save.ch\/de\/"},{"@type":"ListItem","position":2,"name":"\u00dcberfall auf Geldtransporter: Waadtl\u00e4nder Regierung handelt"}]},{"@type":"WebSite","@id":"https:\/\/news.save.ch\/de\/#website","url":"https:\/\/news.save.ch\/de\/","name":"Save","description":"Revue suisse sp\u00e9cialis\u00e9e dans la s\u00e9curit\u00e9","publisher":{"@id":"https:\/\/news.save.ch\/de\/#organization"},"potentialAction":[{"@type":"SearchAction","target":{"@type":"EntryPoint","urlTemplate":"https:\/\/news.save.ch\/de\/?s={search_term_string}"},"query-input":{"@type":"PropertyValueSpecification","valueRequired":true,"valueName":"search_term_string"}}],"inLanguage":"fr-FR"},{"@type":"Organization","@id":"https:\/\/news.save.ch\/de\/#organization","name":"Forum sur la s\u00e9curit\u00e9","url":"https:\/\/news.save.ch\/de\/","logo":{"@type":"ImageObject","inLanguage":"fr-FR","@id":"https:\/\/news.save.ch\/de\/#\/schema\/logo\/image\/","url":"https:\/\/news.save.ch\/wp-content\/uploads\/2022\/06\/Logo_SF_2012.png","contentUrl":"https:\/\/news.save.ch\/wp-content\/uploads\/2022\/06\/Logo_SF_2012.png","width":1100,"height":91,"caption":"Sicherheitsforum"},"image":{"@id":"https:\/\/news.save.ch\/de\/#\/schema\/logo\/image\/"}},{"@type":"Person","@id":"https:\/\/news.save.ch\/de\/#\/schema\/person\/d5022db048e0e2b9785c50e5b24da5aa","name":"Roger Str\u00e4ssle","image":{"@type":"ImageObject","inLanguage":"fr-FR","@id":"https:\/\/secure.gravatar.com\/avatar\/862a5569d087de48e5856e32f45d719a03804c891d6deb8d4f71a660e79e4a47?s=96&d=mm&r=g","url":"https:\/\/secure.gravatar.com\/avatar\/862a5569d087de48e5856e32f45d719a03804c891d6deb8d4f71a660e79e4a47?s=96&d=mm&r=g","contentUrl":"https:\/\/secure.gravatar.com\/avatar\/862a5569d087de48e5856e32f45d719a03804c891d6deb8d4f71a660e79e4a47?s=96&d=mm&r=g","caption":"Roger Str\u00e4ssle"},"url":"https:\/\/news.save.ch\/fr\/author\/roger-straessle\/"}]}},"_links":{"self":[{"href":"https:\/\/news.save.ch\/fr\/wp-json\/wp\/v2\/posts\/9176","targetHints":{"allow":["GET"]}}],"collection":[{"href":"https:\/\/news.save.ch\/fr\/wp-json\/wp\/v2\/posts"}],"about":[{"href":"https:\/\/news.save.ch\/fr\/wp-json\/wp\/v2\/types\/post"}],"author":[{"embeddable":true,"href":"https:\/\/news.save.ch\/fr\/wp-json\/wp\/v2\/users\/8"}],"replies":[{"embeddable":true,"href":"https:\/\/news.save.ch\/fr\/wp-json\/wp\/v2\/comments?post=9176"}],"version-history":[{"count":0,"href":"https:\/\/news.save.ch\/fr\/wp-json\/wp\/v2\/posts\/9176\/revisions"}],"wp:featuredmedia":[{"embeddable":true,"href":"https:\/\/news.save.ch\/fr\/wp-json\/wp\/v2\/media\/9177"}],"wp:attachment":[{"href":"https:\/\/news.save.ch\/fr\/wp-json\/wp\/v2\/media?parent=9176"}],"wp:term":[{"taxonomy":"category","embeddable":true,"href":"https:\/\/news.save.ch\/fr\/wp-json\/wp\/v2\/categories?post=9176"},{"taxonomy":"post_tag","embeddable":true,"href":"https:\/\/news.save.ch\/fr\/wp-json\/wp\/v2\/tags?post=9176"}],"curies":[{"name":"wp","href":"https:\/\/api.w.org\/{rel}","templated":true}]}}