{"id":9183,"date":"2019-12-13T10:09:15","date_gmt":"2019-12-13T09:09:15","guid":{"rendered":"https:\/\/news.save.ch\/?p=9183"},"modified":"2023-03-14T08:59:58","modified_gmt":"2023-03-14T07:59:58","slug":"perimeter-protection-fokusthema-drohnendetektion-und-abwehr","status":null,"type":"post","link":"https:\/\/news.save.ch\/fr\/perimeter-protection-fokusthema-drohnendetektion-und-abwehr\/","title":{"rendered":"P\u00e9rim\u00e8tre de protection : focus sur la d\u00e9tection et la d\u00e9fense contre les drones"},"content":{"rendered":"<figure id=\"attachment_9184\" aria-describedby=\"caption-attachment-9184\" style=\"width: 680px\" class=\"wp-caption aligncenter\"><img loading=\"lazy\" decoding=\"async\" class=\"wp-image-9184 size-medium\" src=\"https:\/\/news.save.ch\/wp-content\/uploads\/2019\/12\/Permiter_Protection_Picture_4.jpg\" alt=\"Protection du p\u00e9rim\u00e8tre\" width=\"680\" height=\"454\" srcset=\"https:\/\/news.save.ch\/wp-content\/uploads\/2019\/12\/Permiter_Protection_Picture_4.jpg 1000w, https:\/\/news.save.ch\/wp-content\/uploads\/2019\/12\/Permiter_Protection_Picture_4-375x250.jpg 375w\" sizes=\"auto, (max-width: 680px) 100vw, 680px\" \/><figcaption id=\"caption-attachment-9184\" class=\"wp-caption-text\">N\u00fcrnberg Messe, T. Geiger<\/figcaption><\/figure>\n<p>&nbsp;<\/p>\n<p>Le salon international de la protection p\u00e9rim\u00e9trique pr\u00e9sente l'ensemble de l'offre de solutions de s\u00e9curit\u00e9 m\u00e9caniques, \u00e9lectriques et \u00e9lectroniques. Il pr\u00e9sente l'ensemble de l'offre de solutions de s\u00e9curit\u00e9 m\u00e9caniques, \u00e9lectriques et \u00e9lectroniques pour la protection des espaces ext\u00e9rieurs.<\/p>\n<p>En r\u00e9action \u00e0 l'augmentation rapide des drones et de leurs possibilit\u00e9s, le domaine de la d\u00e9tection et de la d\u00e9fense contre les drones sera cette ann\u00e9e le th\u00e8me principal du salon. Il est clair que la surveillance et la protection des espaces a\u00e9riens contre les objets volants sans pilote font de plus en plus partie de la s\u00e9curisation des terrains. Le th\u00e8me central doit fournir des informations compl\u00e8tes sur la d\u00e9tection, l'identification et la d\u00e9fense contre les drones.<\/p>\n<p><strong>Nouveau forum professionnel<\/strong><\/p>\n<p>En collaboration avec l'Association pour la technique de s\u00e9curit\u00e9 (VfS), les organisateurs ont \u00e9galement d\u00e9velopp\u00e9 un nouveau forum sp\u00e9cialis\u00e9. Le programme s'\u00e9tend de l'optimisation des processus par l'utilisation de syst\u00e8mes p\u00e9rim\u00e9triques aux innovations en mati\u00e8re de menaces, de syst\u00e8mes de d\u00e9tection, de services \u00e0 distance et de solutions de s\u00e9curit\u00e9 int\u00e9gr\u00e9es, en passant par les exigences en mati\u00e8re de protection des acc\u00e8s et de blocage des passages. Le forum est \u00e9galement l'occasion d'\u00e9changes professionnels et de discussions entre experts.<\/p>\n<p>Des visiteurs professionnels de l'industrie, des autorit\u00e9s et des communes ainsi que des planificateurs en technique du b\u00e2timent et des monteurs de syst\u00e8mes pour la s\u00e9curit\u00e9 des b\u00e2timents sont attendus. Le nombre d'exposants sur place est plus \u00e9lev\u00e9 que lors de la manifestation d'il y a deux ans. Le nombre de visiteurs internationaux a \u00e9galement augment\u00e9.<\/p>\n<p>Pour plus d'informations sur le salon et le forum professionnel :\u00a0<a href=\"https:\/\/www.perimeter-protection.de\">www.perimeter-protection.de<\/a><\/p>","protected":false},"excerpt":{"rendered":"<p>&nbsp; Die internationale Fachmesse f\u00fcr Perimeter-Schutz pr\u00e4sentiert das gesamte Angebotsspektrum an mechanischen, elektrischen und elektronischen Sicherheitsl\u00f6sungen. Sie pr\u00e4sentiert das gesamte Angebotsspektrum an mechanischen, elektrischen und elektronischen Sicherheitsl\u00f6sungen zur Freigel\u00e4ndesicherung. Als Reaktion auf die rasante Zunahme von Drohnen und deren M\u00f6glichkeiten wird der Bereich Drohnendetektion und -abwehr in diesem Jahr Fokusthema der Messe sein. Klar, zur [&hellip;]<\/p>\n","protected":false},"author":8,"featured_media":9184,"comment_status":"closed","ping_status":"closed","sticky":false,"template":"","format":"standard","meta":{"_acf_changed":false,"pgc_sgb_lightbox_settings":"","footnotes":""},"categories":[3312],"tags":[594,278,595,596,160],"class_list":["post-9183","post","type-post","status-publish","format-standard","has-post-thumbnail","hentry","category-sicherheit","tag-drohnendetektion","tag-fachkongress-fachmesse","tag-freigelaendesicherung","tag-veranstaltung","tag-veranstaltungen"],"acf":[],"hkrextid":null,"publication":null,"issue":null,"workflow":null,"startPage":null,"spitzmarke":null,"_posts_by_tag_page_fields":{"widget_title":"","widget_tags":""},"_at_widget":"1","_yoast_wpseo_primary_category":"3303","_yoast_wpseo_focuskw_text_input":"Perimeter Protection","_yoast_wpseo_opengraph-image":null,"_yoast_wpseo_opengraph-description":null,"_yoast_wpseo_opengraph-title":null,"enclosure":null,"_yoast_wpseo_twitter-title":null,"_yoast_wpseo_twitter-description":null,"_yoast_wpseo_twitter-image":null,"_wp_old_slug":null,"_yoast_wpseo_title":null,"_yoast_wpseo_canonical":null,"yoast_head":"<!-- This site is optimized with the Yoast SEO plugin v27.4 - https:\/\/yoast.com\/product\/yoast-seo-wordpress\/ -->\n<title>Perimeter Protection: Fokusthema Drohnendetektion und -abwehr - Save<\/title>\n<meta name=\"description\" content=\"Vom 14. bis 16. Januar 2020 \u00f6ffnet die Perimeter Protection, internationale Fachmesse f\u00fcr Perimeter-Schutz, im Messezentrum N\u00fcrnberg ihre Tore.\" \/>\n<meta name=\"robots\" content=\"index, follow, max-snippet:-1, max-image-preview:large, max-video-preview:-1\" \/>\n<link rel=\"canonical\" href=\"https:\/\/news.save.ch\/fr\/perimeter-protection-fokusthema-drohnendetektion-und-abwehr\/\" \/>\n<meta property=\"og:locale\" content=\"fr_FR\" \/>\n<meta property=\"og:type\" content=\"article\" \/>\n<meta property=\"og:title\" content=\"Perimeter Protection: Fokusthema Drohnendetektion und -abwehr - Save\" \/>\n<meta property=\"og:description\" content=\"Vom 14. bis 16. Januar 2020 \u00f6ffnet die Perimeter Protection, internationale Fachmesse f\u00fcr Perimeter-Schutz, im Messezentrum N\u00fcrnberg ihre Tore.\" \/>\n<meta property=\"og:url\" content=\"https:\/\/news.save.ch\/fr\/perimeter-protection-fokusthema-drohnendetektion-und-abwehr\/\" \/>\n<meta property=\"og:site_name\" content=\"Save\" \/>\n<meta property=\"article:published_time\" content=\"2019-12-13T09:09:15+00:00\" \/>\n<meta property=\"article:modified_time\" content=\"2023-03-14T07:59:58+00:00\" \/>\n<meta property=\"og:image\" content=\"https:\/\/news.save.ch\/wp-content\/uploads\/2019\/12\/Permiter_Protection_Picture_4.jpg\" \/>\n\t<meta property=\"og:image:width\" content=\"1000\" \/>\n\t<meta property=\"og:image:height\" content=\"667\" \/>\n\t<meta property=\"og:image:type\" content=\"image\/jpeg\" \/>\n<meta name=\"author\" content=\"Roger Str\u00e4ssle\" \/>\n<meta name=\"twitter:card\" content=\"summary_large_image\" \/>\n<meta name=\"twitter:label1\" content=\"\u00c9crit par\" \/>\n\t<meta name=\"twitter:data1\" content=\"Roger Str\u00e4ssle\" \/>\n\t<meta name=\"twitter:label2\" content=\"Dur\u00e9e de lecture estim\u00e9e\" \/>\n\t<meta name=\"twitter:data2\" content=\"1 minute\" \/>\n<script type=\"application\/ld+json\" class=\"yoast-schema-graph\">{\"@context\":\"https:\\\/\\\/schema.org\",\"@graph\":[{\"@type\":\"Article\",\"@id\":\"https:\\\/\\\/news.save.ch\\\/perimeter-protection-fokusthema-drohnendetektion-und-abwehr\\\/#article\",\"isPartOf\":{\"@id\":\"https:\\\/\\\/news.save.ch\\\/perimeter-protection-fokusthema-drohnendetektion-und-abwehr\\\/\"},\"author\":{\"name\":\"Roger Str\u00e4ssle\",\"@id\":\"https:\\\/\\\/news.save.ch\\\/de\\\/#\\\/schema\\\/person\\\/d5022db048e0e2b9785c50e5b24da5aa\"},\"headline\":\"Perimeter Protection: Fokusthema Drohnendetektion und -abwehr\",\"datePublished\":\"2019-12-13T09:09:15+00:00\",\"dateModified\":\"2023-03-14T07:59:58+00:00\",\"mainEntityOfPage\":{\"@id\":\"https:\\\/\\\/news.save.ch\\\/perimeter-protection-fokusthema-drohnendetektion-und-abwehr\\\/\"},\"wordCount\":221,\"publisher\":{\"@id\":\"https:\\\/\\\/news.save.ch\\\/de\\\/#organization\"},\"image\":{\"@id\":\"https:\\\/\\\/news.save.ch\\\/perimeter-protection-fokusthema-drohnendetektion-und-abwehr\\\/#primaryimage\"},\"thumbnailUrl\":\"https:\\\/\\\/news.save.ch\\\/wp-content\\\/uploads\\\/2019\\\/12\\\/Permiter_Protection_Picture_4.jpg\",\"keywords\":[\"Drohnendetektion\",\"Fachkongress \\\/ Fachmesse\",\"Freigel\u00e4ndesicherung\",\"Veranstaltung\",\"Veranstaltungen\"],\"articleSection\":[\"SICHERHEIT\"],\"inLanguage\":\"fr-FR\"},{\"@type\":\"WebPage\",\"@id\":\"https:\\\/\\\/news.save.ch\\\/perimeter-protection-fokusthema-drohnendetektion-und-abwehr\\\/\",\"url\":\"https:\\\/\\\/news.save.ch\\\/perimeter-protection-fokusthema-drohnendetektion-und-abwehr\\\/\",\"name\":\"Perimeter Protection: Fokusthema Drohnendetektion und -abwehr - Save\",\"isPartOf\":{\"@id\":\"https:\\\/\\\/news.save.ch\\\/de\\\/#website\"},\"primaryImageOfPage\":{\"@id\":\"https:\\\/\\\/news.save.ch\\\/perimeter-protection-fokusthema-drohnendetektion-und-abwehr\\\/#primaryimage\"},\"image\":{\"@id\":\"https:\\\/\\\/news.save.ch\\\/perimeter-protection-fokusthema-drohnendetektion-und-abwehr\\\/#primaryimage\"},\"thumbnailUrl\":\"https:\\\/\\\/news.save.ch\\\/wp-content\\\/uploads\\\/2019\\\/12\\\/Permiter_Protection_Picture_4.jpg\",\"datePublished\":\"2019-12-13T09:09:15+00:00\",\"dateModified\":\"2023-03-14T07:59:58+00:00\",\"description\":\"Vom 14. bis 16. Januar 2020 \u00f6ffnet die Perimeter Protection, internationale Fachmesse f\u00fcr Perimeter-Schutz, im Messezentrum N\u00fcrnberg ihre Tore.\",\"breadcrumb\":{\"@id\":\"https:\\\/\\\/news.save.ch\\\/perimeter-protection-fokusthema-drohnendetektion-und-abwehr\\\/#breadcrumb\"},\"inLanguage\":\"fr-FR\",\"potentialAction\":[{\"@type\":\"ReadAction\",\"target\":[\"https:\\\/\\\/news.save.ch\\\/perimeter-protection-fokusthema-drohnendetektion-und-abwehr\\\/\"]}]},{\"@type\":\"ImageObject\",\"inLanguage\":\"fr-FR\",\"@id\":\"https:\\\/\\\/news.save.ch\\\/perimeter-protection-fokusthema-drohnendetektion-und-abwehr\\\/#primaryimage\",\"url\":\"https:\\\/\\\/news.save.ch\\\/wp-content\\\/uploads\\\/2019\\\/12\\\/Permiter_Protection_Picture_4.jpg\",\"contentUrl\":\"https:\\\/\\\/news.save.ch\\\/wp-content\\\/uploads\\\/2019\\\/12\\\/Permiter_Protection_Picture_4.jpg\",\"width\":1000,\"height\":667,\"caption\":\"\u00a9 N\u00fcrnberg Messe, T. Geiger\"},{\"@type\":\"BreadcrumbList\",\"@id\":\"https:\\\/\\\/news.save.ch\\\/perimeter-protection-fokusthema-drohnendetektion-und-abwehr\\\/#breadcrumb\",\"itemListElement\":[{\"@type\":\"ListItem\",\"position\":1,\"name\":\"Home\",\"item\":\"https:\\\/\\\/news.save.ch\\\/de\\\/\"},{\"@type\":\"ListItem\",\"position\":2,\"name\":\"Perimeter Protection: Fokusthema Drohnendetektion und -abwehr\"}]},{\"@type\":\"WebSite\",\"@id\":\"https:\\\/\\\/news.save.ch\\\/de\\\/#website\",\"url\":\"https:\\\/\\\/news.save.ch\\\/de\\\/\",\"name\":\"Save\",\"description\":\"Schweizer Fachzeitschrift f\u00fcr Sicherheit\",\"publisher\":{\"@id\":\"https:\\\/\\\/news.save.ch\\\/de\\\/#organization\"},\"potentialAction\":[{\"@type\":\"SearchAction\",\"target\":{\"@type\":\"EntryPoint\",\"urlTemplate\":\"https:\\\/\\\/news.save.ch\\\/de\\\/?s={search_term_string}\"},\"query-input\":{\"@type\":\"PropertyValueSpecification\",\"valueRequired\":true,\"valueName\":\"search_term_string\"}}],\"inLanguage\":\"fr-FR\"},{\"@type\":\"Organization\",\"@id\":\"https:\\\/\\\/news.save.ch\\\/de\\\/#organization\",\"name\":\"Sicherheitsforum\",\"url\":\"https:\\\/\\\/news.save.ch\\\/de\\\/\",\"logo\":{\"@type\":\"ImageObject\",\"inLanguage\":\"fr-FR\",\"@id\":\"https:\\\/\\\/news.save.ch\\\/de\\\/#\\\/schema\\\/logo\\\/image\\\/\",\"url\":\"https:\\\/\\\/news.save.ch\\\/wp-content\\\/uploads\\\/2022\\\/06\\\/Logo_SF_2012.png\",\"contentUrl\":\"https:\\\/\\\/news.save.ch\\\/wp-content\\\/uploads\\\/2022\\\/06\\\/Logo_SF_2012.png\",\"width\":1100,\"height\":91,\"caption\":\"Sicherheitsforum\"},\"image\":{\"@id\":\"https:\\\/\\\/news.save.ch\\\/de\\\/#\\\/schema\\\/logo\\\/image\\\/\"}},{\"@type\":\"Person\",\"@id\":\"https:\\\/\\\/news.save.ch\\\/de\\\/#\\\/schema\\\/person\\\/d5022db048e0e2b9785c50e5b24da5aa\",\"name\":\"Roger Str\u00e4ssle\",\"image\":{\"@type\":\"ImageObject\",\"inLanguage\":\"fr-FR\",\"@id\":\"https:\\\/\\\/secure.gravatar.com\\\/avatar\\\/862a5569d087de48e5856e32f45d719a03804c891d6deb8d4f71a660e79e4a47?s=96&d=mm&r=g\",\"url\":\"https:\\\/\\\/secure.gravatar.com\\\/avatar\\\/862a5569d087de48e5856e32f45d719a03804c891d6deb8d4f71a660e79e4a47?s=96&d=mm&r=g\",\"contentUrl\":\"https:\\\/\\\/secure.gravatar.com\\\/avatar\\\/862a5569d087de48e5856e32f45d719a03804c891d6deb8d4f71a660e79e4a47?s=96&d=mm&r=g\",\"caption\":\"Roger Str\u00e4ssle\"},\"url\":\"https:\\\/\\\/news.save.ch\\\/fr\\\/author\\\/roger-straessle\\\/\"}]}<\/script>\n<!-- \/ Yoast SEO plugin. -->","yoast_head_json":{"title":"Perimeter Protection : Focus sur la d\u00e9tection et la d\u00e9fense contre les drones - Save","description":"Du 14 au 16 janvier 2020, le Perimeter Protection, salon professionnel international de la protection p\u00e9rim\u00e9trique, ouvrira ses portes au Parc des Expositions de Nuremberg.","robots":{"index":"index","follow":"follow","max-snippet":"max-snippet:-1","max-image-preview":"max-image-preview:large","max-video-preview":"max-video-preview:-1"},"canonical":"https:\/\/news.save.ch\/fr\/perimeter-protection-fokusthema-drohnendetektion-und-abwehr\/","og_locale":"fr_FR","og_type":"article","og_title":"Perimeter Protection: Fokusthema Drohnendetektion und -abwehr - Save","og_description":"Vom 14. bis 16. Januar 2020 \u00f6ffnet die Perimeter Protection, internationale Fachmesse f\u00fcr Perimeter-Schutz, im Messezentrum N\u00fcrnberg ihre Tore.","og_url":"https:\/\/news.save.ch\/fr\/perimeter-protection-fokusthema-drohnendetektion-und-abwehr\/","og_site_name":"Save","article_published_time":"2019-12-13T09:09:15+00:00","article_modified_time":"2023-03-14T07:59:58+00:00","og_image":[{"width":1000,"height":667,"url":"https:\/\/news.save.ch\/wp-content\/uploads\/2019\/12\/Permiter_Protection_Picture_4.jpg","type":"image\/jpeg"}],"author":"Roger Str\u00e4ssle","twitter_card":"summary_large_image","twitter_misc":{"\u00c9crit par":"Roger Str\u00e4ssle","Dur\u00e9e de lecture estim\u00e9e":"1 minute"},"schema":{"@context":"https:\/\/schema.org","@graph":[{"@type":"Article","@id":"https:\/\/news.save.ch\/perimeter-protection-fokusthema-drohnendetektion-und-abwehr\/#article","isPartOf":{"@id":"https:\/\/news.save.ch\/perimeter-protection-fokusthema-drohnendetektion-und-abwehr\/"},"author":{"name":"Roger Str\u00e4ssle","@id":"https:\/\/news.save.ch\/de\/#\/schema\/person\/d5022db048e0e2b9785c50e5b24da5aa"},"headline":"Perimeter Protection: Fokusthema Drohnendetektion und -abwehr","datePublished":"2019-12-13T09:09:15+00:00","dateModified":"2023-03-14T07:59:58+00:00","mainEntityOfPage":{"@id":"https:\/\/news.save.ch\/perimeter-protection-fokusthema-drohnendetektion-und-abwehr\/"},"wordCount":221,"publisher":{"@id":"https:\/\/news.save.ch\/de\/#organization"},"image":{"@id":"https:\/\/news.save.ch\/perimeter-protection-fokusthema-drohnendetektion-und-abwehr\/#primaryimage"},"thumbnailUrl":"https:\/\/news.save.ch\/wp-content\/uploads\/2019\/12\/Permiter_Protection_Picture_4.jpg","keywords":["Drohnendetektion","Fachkongress \/ Fachmesse","Freigel\u00e4ndesicherung","Veranstaltung","Veranstaltungen"],"articleSection":["SICHERHEIT"],"inLanguage":"fr-FR"},{"@type":"WebPage","@id":"https:\/\/news.save.ch\/perimeter-protection-fokusthema-drohnendetektion-und-abwehr\/","url":"https:\/\/news.save.ch\/perimeter-protection-fokusthema-drohnendetektion-und-abwehr\/","name":"Perimeter Protection : Focus sur la d\u00e9tection et la d\u00e9fense contre les drones - Save","isPartOf":{"@id":"https:\/\/news.save.ch\/de\/#website"},"primaryImageOfPage":{"@id":"https:\/\/news.save.ch\/perimeter-protection-fokusthema-drohnendetektion-und-abwehr\/#primaryimage"},"image":{"@id":"https:\/\/news.save.ch\/perimeter-protection-fokusthema-drohnendetektion-und-abwehr\/#primaryimage"},"thumbnailUrl":"https:\/\/news.save.ch\/wp-content\/uploads\/2019\/12\/Permiter_Protection_Picture_4.jpg","datePublished":"2019-12-13T09:09:15+00:00","dateModified":"2023-03-14T07:59:58+00:00","description":"Du 14 au 16 janvier 2020, le Perimeter Protection, salon professionnel international de la protection p\u00e9rim\u00e9trique, ouvrira ses portes au Parc des Expositions de Nuremberg.","breadcrumb":{"@id":"https:\/\/news.save.ch\/perimeter-protection-fokusthema-drohnendetektion-und-abwehr\/#breadcrumb"},"inLanguage":"fr-FR","potentialAction":[{"@type":"ReadAction","target":["https:\/\/news.save.ch\/perimeter-protection-fokusthema-drohnendetektion-und-abwehr\/"]}]},{"@type":"ImageObject","inLanguage":"fr-FR","@id":"https:\/\/news.save.ch\/perimeter-protection-fokusthema-drohnendetektion-und-abwehr\/#primaryimage","url":"https:\/\/news.save.ch\/wp-content\/uploads\/2019\/12\/Permiter_Protection_Picture_4.jpg","contentUrl":"https:\/\/news.save.ch\/wp-content\/uploads\/2019\/12\/Permiter_Protection_Picture_4.jpg","width":1000,"height":667,"caption":"\u00a9 N\u00fcrnberg Messe, T. Geiger"},{"@type":"BreadcrumbList","@id":"https:\/\/news.save.ch\/perimeter-protection-fokusthema-drohnendetektion-und-abwehr\/#breadcrumb","itemListElement":[{"@type":"ListItem","position":1,"name":"Home","item":"https:\/\/news.save.ch\/de\/"},{"@type":"ListItem","position":2,"name":"Perimeter Protection: Fokusthema Drohnendetektion und -abwehr"}]},{"@type":"WebSite","@id":"https:\/\/news.save.ch\/de\/#website","url":"https:\/\/news.save.ch\/de\/","name":"Save","description":"Revue suisse sp\u00e9cialis\u00e9e dans la s\u00e9curit\u00e9","publisher":{"@id":"https:\/\/news.save.ch\/de\/#organization"},"potentialAction":[{"@type":"SearchAction","target":{"@type":"EntryPoint","urlTemplate":"https:\/\/news.save.ch\/de\/?s={search_term_string}"},"query-input":{"@type":"PropertyValueSpecification","valueRequired":true,"valueName":"search_term_string"}}],"inLanguage":"fr-FR"},{"@type":"Organization","@id":"https:\/\/news.save.ch\/de\/#organization","name":"Forum sur la s\u00e9curit\u00e9","url":"https:\/\/news.save.ch\/de\/","logo":{"@type":"ImageObject","inLanguage":"fr-FR","@id":"https:\/\/news.save.ch\/de\/#\/schema\/logo\/image\/","url":"https:\/\/news.save.ch\/wp-content\/uploads\/2022\/06\/Logo_SF_2012.png","contentUrl":"https:\/\/news.save.ch\/wp-content\/uploads\/2022\/06\/Logo_SF_2012.png","width":1100,"height":91,"caption":"Sicherheitsforum"},"image":{"@id":"https:\/\/news.save.ch\/de\/#\/schema\/logo\/image\/"}},{"@type":"Person","@id":"https:\/\/news.save.ch\/de\/#\/schema\/person\/d5022db048e0e2b9785c50e5b24da5aa","name":"Roger Str\u00e4ssle","image":{"@type":"ImageObject","inLanguage":"fr-FR","@id":"https:\/\/secure.gravatar.com\/avatar\/862a5569d087de48e5856e32f45d719a03804c891d6deb8d4f71a660e79e4a47?s=96&d=mm&r=g","url":"https:\/\/secure.gravatar.com\/avatar\/862a5569d087de48e5856e32f45d719a03804c891d6deb8d4f71a660e79e4a47?s=96&d=mm&r=g","contentUrl":"https:\/\/secure.gravatar.com\/avatar\/862a5569d087de48e5856e32f45d719a03804c891d6deb8d4f71a660e79e4a47?s=96&d=mm&r=g","caption":"Roger Str\u00e4ssle"},"url":"https:\/\/news.save.ch\/fr\/author\/roger-straessle\/"}]}},"_links":{"self":[{"href":"https:\/\/news.save.ch\/fr\/wp-json\/wp\/v2\/posts\/9183","targetHints":{"allow":["GET"]}}],"collection":[{"href":"https:\/\/news.save.ch\/fr\/wp-json\/wp\/v2\/posts"}],"about":[{"href":"https:\/\/news.save.ch\/fr\/wp-json\/wp\/v2\/types\/post"}],"author":[{"embeddable":true,"href":"https:\/\/news.save.ch\/fr\/wp-json\/wp\/v2\/users\/8"}],"replies":[{"embeddable":true,"href":"https:\/\/news.save.ch\/fr\/wp-json\/wp\/v2\/comments?post=9183"}],"version-history":[{"count":1,"href":"https:\/\/news.save.ch\/fr\/wp-json\/wp\/v2\/posts\/9183\/revisions"}],"predecessor-version":[{"id":17974,"href":"https:\/\/news.save.ch\/fr\/wp-json\/wp\/v2\/posts\/9183\/revisions\/17974"}],"wp:featuredmedia":[{"embeddable":true,"href":"https:\/\/news.save.ch\/fr\/wp-json\/wp\/v2\/media\/9184"}],"wp:attachment":[{"href":"https:\/\/news.save.ch\/fr\/wp-json\/wp\/v2\/media?parent=9183"}],"wp:term":[{"taxonomy":"category","embeddable":true,"href":"https:\/\/news.save.ch\/fr\/wp-json\/wp\/v2\/categories?post=9183"},{"taxonomy":"post_tag","embeddable":true,"href":"https:\/\/news.save.ch\/fr\/wp-json\/wp\/v2\/tags?post=9183"}],"curies":[{"name":"wp","href":"https:\/\/api.w.org\/{rel}","templated":true}]}}