{"id":9269,"date":"2022-06-30T07:26:58","date_gmt":"2022-06-30T05:26:58","guid":{"rendered":"https:\/\/news.save.ch\/?p=9269"},"modified":"2023-06-27T07:41:43","modified_gmt":"2023-06-27T05:41:43","slug":"jaehrlich-wird-jeder-achte-lernende-opfer-eines-berufsunfalls","status":null,"type":"post","link":"https:\/\/news.save.ch\/fr\/jaehrlich-wird-jeder-achte-lernende-opfer-eines-berufsunfalls\/","title":{"rendered":"Chaque ann\u00e9e, un apprenti sur huit est victime d'un accident professionnel"},"content":{"rendered":"<figure id=\"attachment_7587\" aria-describedby=\"caption-attachment-7587\" style=\"width: 680px\" class=\"wp-caption alignnone\"><img loading=\"lazy\" decoding=\"async\" class=\"wp-image-7587 size-medium\" src=\"https:\/\/news.save.ch\/wp-content\/uploads\/2021\/08\/Lehrzeit-680x510.jpeg\" alt=\"Apprenants\" width=\"680\" height=\"510\" srcset=\"https:\/\/news.save.ch\/wp-content\/uploads\/2021\/08\/Lehrzeit-680x510.jpeg 680w, https:\/\/news.save.ch\/wp-content\/uploads\/2021\/08\/Lehrzeit-768x576.jpeg 768w, https:\/\/news.save.ch\/wp-content\/uploads\/2021\/08\/Lehrzeit-16x12.jpeg 16w, https:\/\/news.save.ch\/wp-content\/uploads\/2021\/08\/Lehrzeit-375x281.jpeg 375w, https:\/\/news.save.ch\/wp-content\/uploads\/2021\/08\/Lehrzeit-467x350.jpeg 467w, https:\/\/news.save.ch\/wp-content\/uploads\/2021\/08\/Lehrzeit.jpeg 960w\" sizes=\"auto, (max-width: 680px) 100vw, 680px\" \/><figcaption id=\"caption-attachment-7587\" class=\"wp-caption-text\">zVg<\/figcaption><\/figure>\n<p>En m'approchant, j'ai vu les draps avec les deux corps sans vie en dessous\". C'est ainsi que Thomas Schwegler, directeur d'une PME, se souvient de ce jour qu'il n'oubliera jamais. Un collaborateur et un apprenti ont perdu la vie en effectuant un travail qui fait partie du quotidien de l'entreprise. \"Avant cet accident, je n'aurais jamais pu imaginer me retrouver un jour dans une telle situation. Et je ne souhaite rien de plus que d'avoir quelqu'un qui soit l\u00e0 pour dire stop\".<\/p>\n<h2>Risque \u00e9lev\u00e9<\/h2>\n<p>Chaque ann\u00e9e, un apprenti sur huit est victime d'un accident professionnel. Deux y perdent m\u00eame la vie chaque ann\u00e9e. Le risque d'accident est presque deux fois plus \u00e9lev\u00e9 pour les apprentis que pour les autres employ\u00e9s. Diff\u00e9rentes raisons y contribuent : Les apprentis sont nouveaux dans le m\u00e9tier et dans l'entreprise. Ils sont moins exp\u00e9riment\u00e9s et souvent moins prudents. Ils surestiment leurs capacit\u00e9s et n'osent pas poser de questions. En outre, les sup\u00e9rieurs ne se comportent pas toujours de mani\u00e8re exemplaire et n'instruisent pas assez. La responsabilit\u00e9 de ces derniers est d'autant plus grande.<\/p>\n<h2>Le badge \"Stop\" comme symbole<\/h2>\n<p>Les formateurs ou les formatrices jouent un r\u00f4le central pendant l'apprentissage. Ils sont des personnes de confiance importantes et des acteurs cl\u00e9s pour les questions de s\u00e9curit\u00e9. Le permis d'arr\u00eat sert de base \u00e0 une p\u00e9riode d'apprentissage s\u00fbre. Il est rempli au d\u00e9but de l'apprentissage avec les apprentis. Il symbolise le droit et le devoir de dire stop en cas de danger. Les apprentis doivent dire stop lorsqu'une r\u00e8gle vitale n'est pas respect\u00e9e, lorsque l'ordre de travail n'est pas clair ou lorsqu'ils se sentent peu s\u00fbrs ou d\u00e9pass\u00e9s.<\/p>\n<h2>Conseils pour dire stop<\/h2>\n<p>Il n'est pas toujours facile de dire stop et d'interrompre le travail en cas de danger. Les apprentis ont besoin de beaucoup de courage et de confiance en eux. Les jeunes professionnels peuvent \u00eatre aid\u00e9s par des \u00e9changes avec les ma\u00eetres d'apprentissage ou les coll\u00e8gues de l'\u00e9cole professionnelle. Les conseils donn\u00e9s par les jeunes du m\u00eame \u00e2ge sur la mani\u00e8re de dire stop encouragent \u00e0 l'appliquer dans la pratique. Les sup\u00e9rieurs devraient d\u00e9j\u00e0 travailler avec les apprentis sur la mani\u00e8re dont ils pourraient r\u00e9agir si quelqu'un r\u00e9agissait n\u00e9gativement au fait de dire stop. Si les formateurs encouragent r\u00e9guli\u00e8rement leurs apprentis \u00e0 poser des questions, cela renforce la confiance en soi des jeunes professionnels. Apr\u00e8s tout, ils sont encore en formation et ont le droit de parler de leurs incertitudes.<\/p>\n<h2>Dix conseils aux apprenants<\/h2>\n<ul>\n<li>Je respecte les r\u00e8gles de s\u00e9curit\u00e9 de l'\u00e9tablissement.<\/li>\n<li>J'utilise toujours l'\u00e9quipement de protection individuelle.<\/li>\n<li>Je respecte les r\u00e8gles vitales de ma profession.<\/li>\n<li>Je ne travaille avec un \u00e9quipement de travail que lorsque j'ai re\u00e7u des instructions \u00e0 ce sujet.<\/li>\n<li>J'effectue les travaux de mani\u00e8re syst\u00e9matique et je pr\u00e9vois suffisamment de temps pour cela.<\/li>\n<li>Je pose des questions si quelque chose n'est pas clair.<\/li>\n<li>Je ne me laisse pas distraire au travail.<\/li>\n<li>J'arrive au travail repos\u00e9.<\/li>\n<li>J'arrive au travail \u00e0 jeun.<\/li>\n<li>Je me comporte en cours d'\u00e9ducation physique de mani\u00e8re \u00e0 ne pas me blesser.<\/li>\n<\/ul>\n<p><em>Source : Suva<\/em><\/p>\n<p>&nbsp;<\/p>","protected":false},"excerpt":{"rendered":"<p>Als ich n\u00e4her kam, sah ich die Leint\u00fccher mit den zwei leblosen K\u00f6rpern darunter.\u00bb So erinnert sich Thomas Schwegler, Gesch\u00e4ftsf\u00fchrer eines KMU, an den Tag, den er niemals vergessen wird. Ein Mitarbeiter und ein Lernender kamen bei einer Arbeit ums Leben, die im Betrieb zum Alltag geh\u00f6rt. \u00abIch konnte mir vor diesem Unfall nie vorstellen, [&hellip;]<\/p>\n","protected":false},"author":9,"featured_media":7587,"comment_status":"closed","ping_status":"closed","sticky":false,"template":"","format":"standard","meta":{"_acf_changed":false,"pgc_sgb_lightbox_settings":"","footnotes":""},"categories":[3314],"tags":[1767,1781,2460,4390,4389,4391],"class_list":["post-9269","post","type-post","status-publish","format-standard","has-post-thumbnail","hentry","category-health-safety","tag-berufsunfall","tag-betriebsunfaelle","tag-lernende","tag-sicherheit-am-arbeitsplatz","tag-stopp-ausweis","tag-verantwortung-der-vorgesetzten"],"acf":[],"hkrextid":null,"publication":null,"issue":null,"workflow":null,"startPage":null,"spitzmarke":null,"_posts_by_tag_page_fields":{"widget_title":"","widget_tags":""},"_at_widget":"1","_yoast_wpseo_primary_category":"","_yoast_wpseo_focuskw_text_input":null,"_yoast_wpseo_opengraph-image":null,"_yoast_wpseo_opengraph-description":null,"_yoast_wpseo_opengraph-title":null,"enclosure":null,"_yoast_wpseo_twitter-title":null,"_yoast_wpseo_twitter-description":null,"_yoast_wpseo_twitter-image":null,"_wp_old_slug":null,"_yoast_wpseo_title":null,"_yoast_wpseo_canonical":null,"yoast_head":"<!-- This site is optimized with the Yoast SEO plugin v27.4 - https:\/\/yoast.com\/product\/yoast-seo-wordpress\/ -->\n<title>J\u00e4hrlich wird jeder achte Lernende Opfer eines Berufsunfalls - Save<\/title>\n<meta name=\"description\" content=\"25&#039;000 Lernende verunfallen j\u00e4hrlich in der Schweiz bei der Arbeit. Um diese Zahl zu senken, brauchen Lernende die Unterst\u00fctzung durch die Berufsbildenden und den Mut, Stopp zu sagen.\" \/>\n<meta name=\"robots\" content=\"index, follow, max-snippet:-1, max-image-preview:large, max-video-preview:-1\" \/>\n<link rel=\"canonical\" href=\"https:\/\/news.save.ch\/fr\/jaehrlich-wird-jeder-achte-lernende-opfer-eines-berufsunfalls\/\" \/>\n<meta property=\"og:locale\" content=\"fr_FR\" \/>\n<meta property=\"og:type\" content=\"article\" \/>\n<meta property=\"og:title\" content=\"J\u00e4hrlich wird jeder achte Lernende Opfer eines Berufsunfalls - Save\" \/>\n<meta property=\"og:description\" content=\"25&#039;000 Lernende verunfallen j\u00e4hrlich in der Schweiz bei der Arbeit. Um diese Zahl zu senken, brauchen Lernende die Unterst\u00fctzung durch die Berufsbildenden und den Mut, Stopp zu sagen.\" \/>\n<meta property=\"og:url\" content=\"https:\/\/news.save.ch\/fr\/jaehrlich-wird-jeder-achte-lernende-opfer-eines-berufsunfalls\/\" \/>\n<meta property=\"og:site_name\" content=\"Save\" \/>\n<meta property=\"article:published_time\" content=\"2022-06-30T05:26:58+00:00\" \/>\n<meta property=\"article:modified_time\" content=\"2023-06-27T05:41:43+00:00\" \/>\n<meta property=\"og:image\" content=\"https:\/\/news.save.ch\/wp-content\/uploads\/2021\/08\/Lehrzeit.jpeg\" \/>\n\t<meta property=\"og:image:width\" content=\"960\" \/>\n\t<meta property=\"og:image:height\" content=\"720\" \/>\n\t<meta property=\"og:image:type\" content=\"image\/jpeg\" \/>\n<meta name=\"author\" content=\"Simon Gr\u00f6flin\" \/>\n<meta name=\"twitter:card\" content=\"summary_large_image\" \/>\n<meta name=\"twitter:label1\" content=\"\u00c9crit par\" \/>\n\t<meta name=\"twitter:data1\" content=\"Simon Gr\u00f6flin\" \/>\n\t<meta name=\"twitter:label2\" content=\"Dur\u00e9e de lecture estim\u00e9e\" \/>\n\t<meta name=\"twitter:data2\" content=\"3 minutes\" \/>\n<script type=\"application\/ld+json\" class=\"yoast-schema-graph\">{\"@context\":\"https:\\\/\\\/schema.org\",\"@graph\":[{\"@type\":\"Article\",\"@id\":\"https:\\\/\\\/news.save.ch\\\/jaehrlich-wird-jeder-achte-lernende-opfer-eines-berufsunfalls\\\/#article\",\"isPartOf\":{\"@id\":\"https:\\\/\\\/news.save.ch\\\/jaehrlich-wird-jeder-achte-lernende-opfer-eines-berufsunfalls\\\/\"},\"author\":{\"name\":\"Simon Gr\u00f6flin\",\"@id\":\"https:\\\/\\\/news.save.ch\\\/de\\\/#\\\/schema\\\/person\\\/ad4ef21102fd6125312409ac57d5296d\"},\"headline\":\"J\u00e4hrlich wird jeder achte Lernende Opfer eines Berufsunfalls\",\"datePublished\":\"2022-06-30T05:26:58+00:00\",\"dateModified\":\"2023-06-27T05:41:43+00:00\",\"mainEntityOfPage\":{\"@id\":\"https:\\\/\\\/news.save.ch\\\/jaehrlich-wird-jeder-achte-lernende-opfer-eines-berufsunfalls\\\/\"},\"wordCount\":487,\"publisher\":{\"@id\":\"https:\\\/\\\/news.save.ch\\\/de\\\/#organization\"},\"image\":{\"@id\":\"https:\\\/\\\/news.save.ch\\\/jaehrlich-wird-jeder-achte-lernende-opfer-eines-berufsunfalls\\\/#primaryimage\"},\"thumbnailUrl\":\"https:\\\/\\\/news.save.ch\\\/wp-content\\\/uploads\\\/2021\\\/08\\\/Lehrzeit.jpeg\",\"keywords\":[\"Berufsunfall\",\"Betriebsunf\u00e4lle\",\"Lernende\",\"Sicherheit am Arbeitsplatz\",\"Stopp-Ausweis\",\"Verantwortung der Vorgesetzten\"],\"articleSection\":[\"HEALTH &amp; SAFETY\"],\"inLanguage\":\"fr-FR\"},{\"@type\":\"WebPage\",\"@id\":\"https:\\\/\\\/news.save.ch\\\/jaehrlich-wird-jeder-achte-lernende-opfer-eines-berufsunfalls\\\/\",\"url\":\"https:\\\/\\\/news.save.ch\\\/jaehrlich-wird-jeder-achte-lernende-opfer-eines-berufsunfalls\\\/\",\"name\":\"J\u00e4hrlich wird jeder achte Lernende Opfer eines Berufsunfalls - Save\",\"isPartOf\":{\"@id\":\"https:\\\/\\\/news.save.ch\\\/de\\\/#website\"},\"primaryImageOfPage\":{\"@id\":\"https:\\\/\\\/news.save.ch\\\/jaehrlich-wird-jeder-achte-lernende-opfer-eines-berufsunfalls\\\/#primaryimage\"},\"image\":{\"@id\":\"https:\\\/\\\/news.save.ch\\\/jaehrlich-wird-jeder-achte-lernende-opfer-eines-berufsunfalls\\\/#primaryimage\"},\"thumbnailUrl\":\"https:\\\/\\\/news.save.ch\\\/wp-content\\\/uploads\\\/2021\\\/08\\\/Lehrzeit.jpeg\",\"datePublished\":\"2022-06-30T05:26:58+00:00\",\"dateModified\":\"2023-06-27T05:41:43+00:00\",\"description\":\"25'000 Lernende verunfallen j\u00e4hrlich in der Schweiz bei der Arbeit. Um diese Zahl zu senken, brauchen Lernende die Unterst\u00fctzung durch die Berufsbildenden und den Mut, Stopp zu sagen.\",\"breadcrumb\":{\"@id\":\"https:\\\/\\\/news.save.ch\\\/jaehrlich-wird-jeder-achte-lernende-opfer-eines-berufsunfalls\\\/#breadcrumb\"},\"inLanguage\":\"fr-FR\",\"potentialAction\":[{\"@type\":\"ReadAction\",\"target\":[\"https:\\\/\\\/news.save.ch\\\/jaehrlich-wird-jeder-achte-lernende-opfer-eines-berufsunfalls\\\/\"]}]},{\"@type\":\"ImageObject\",\"inLanguage\":\"fr-FR\",\"@id\":\"https:\\\/\\\/news.save.ch\\\/jaehrlich-wird-jeder-achte-lernende-opfer-eines-berufsunfalls\\\/#primaryimage\",\"url\":\"https:\\\/\\\/news.save.ch\\\/wp-content\\\/uploads\\\/2021\\\/08\\\/Lehrzeit.jpeg\",\"contentUrl\":\"https:\\\/\\\/news.save.ch\\\/wp-content\\\/uploads\\\/2021\\\/08\\\/Lehrzeit.jpeg\",\"width\":960,\"height\":720,\"caption\":\"zVg\"},{\"@type\":\"BreadcrumbList\",\"@id\":\"https:\\\/\\\/news.save.ch\\\/jaehrlich-wird-jeder-achte-lernende-opfer-eines-berufsunfalls\\\/#breadcrumb\",\"itemListElement\":[{\"@type\":\"ListItem\",\"position\":1,\"name\":\"Home\",\"item\":\"https:\\\/\\\/news.save.ch\\\/de\\\/\"},{\"@type\":\"ListItem\",\"position\":2,\"name\":\"J\u00e4hrlich wird jeder achte Lernende Opfer eines Berufsunfalls\"}]},{\"@type\":\"WebSite\",\"@id\":\"https:\\\/\\\/news.save.ch\\\/de\\\/#website\",\"url\":\"https:\\\/\\\/news.save.ch\\\/de\\\/\",\"name\":\"Save\",\"description\":\"Schweizer Fachzeitschrift f\u00fcr Sicherheit\",\"publisher\":{\"@id\":\"https:\\\/\\\/news.save.ch\\\/de\\\/#organization\"},\"potentialAction\":[{\"@type\":\"SearchAction\",\"target\":{\"@type\":\"EntryPoint\",\"urlTemplate\":\"https:\\\/\\\/news.save.ch\\\/de\\\/?s={search_term_string}\"},\"query-input\":{\"@type\":\"PropertyValueSpecification\",\"valueRequired\":true,\"valueName\":\"search_term_string\"}}],\"inLanguage\":\"fr-FR\"},{\"@type\":\"Organization\",\"@id\":\"https:\\\/\\\/news.save.ch\\\/de\\\/#organization\",\"name\":\"Sicherheitsforum\",\"url\":\"https:\\\/\\\/news.save.ch\\\/de\\\/\",\"logo\":{\"@type\":\"ImageObject\",\"inLanguage\":\"fr-FR\",\"@id\":\"https:\\\/\\\/news.save.ch\\\/de\\\/#\\\/schema\\\/logo\\\/image\\\/\",\"url\":\"https:\\\/\\\/news.save.ch\\\/wp-content\\\/uploads\\\/2022\\\/06\\\/Logo_SF_2012.png\",\"contentUrl\":\"https:\\\/\\\/news.save.ch\\\/wp-content\\\/uploads\\\/2022\\\/06\\\/Logo_SF_2012.png\",\"width\":1100,\"height\":91,\"caption\":\"Sicherheitsforum\"},\"image\":{\"@id\":\"https:\\\/\\\/news.save.ch\\\/de\\\/#\\\/schema\\\/logo\\\/image\\\/\"}},{\"@type\":\"Person\",\"@id\":\"https:\\\/\\\/news.save.ch\\\/de\\\/#\\\/schema\\\/person\\\/ad4ef21102fd6125312409ac57d5296d\",\"name\":\"Simon Gr\u00f6flin\",\"image\":{\"@type\":\"ImageObject\",\"inLanguage\":\"fr-FR\",\"@id\":\"https:\\\/\\\/secure.gravatar.com\\\/avatar\\\/6ddceb80eb734354635539e0ea5140bb7c41e42de7c45c9a2ab9921b5d5c9a83?s=96&d=mm&r=g\",\"url\":\"https:\\\/\\\/secure.gravatar.com\\\/avatar\\\/6ddceb80eb734354635539e0ea5140bb7c41e42de7c45c9a2ab9921b5d5c9a83?s=96&d=mm&r=g\",\"contentUrl\":\"https:\\\/\\\/secure.gravatar.com\\\/avatar\\\/6ddceb80eb734354635539e0ea5140bb7c41e42de7c45c9a2ab9921b5d5c9a83?s=96&d=mm&r=g\",\"caption\":\"Simon Gr\u00f6flin\"},\"url\":\"https:\\\/\\\/news.save.ch\\\/fr\\\/author\\\/simon-groeflin\\\/\"}]}<\/script>\n<!-- \/ Yoast SEO plugin. -->","yoast_head_json":{"title":"Chaque ann\u00e9e, un apprenti sur huit est victime d'un accident professionnel - Save","description":"Chaque ann\u00e9e, 25 000 apprentis sont victimes d'un accident du travail en Suisse. Pour faire baisser ce chiffre, les apprentis ont besoin du soutien des formateurs et du courage de dire stop.","robots":{"index":"index","follow":"follow","max-snippet":"max-snippet:-1","max-image-preview":"max-image-preview:large","max-video-preview":"max-video-preview:-1"},"canonical":"https:\/\/news.save.ch\/fr\/jaehrlich-wird-jeder-achte-lernende-opfer-eines-berufsunfalls\/","og_locale":"fr_FR","og_type":"article","og_title":"J\u00e4hrlich wird jeder achte Lernende Opfer eines Berufsunfalls - Save","og_description":"25'000 Lernende verunfallen j\u00e4hrlich in der Schweiz bei der Arbeit. Um diese Zahl zu senken, brauchen Lernende die Unterst\u00fctzung durch die Berufsbildenden und den Mut, Stopp zu sagen.","og_url":"https:\/\/news.save.ch\/fr\/jaehrlich-wird-jeder-achte-lernende-opfer-eines-berufsunfalls\/","og_site_name":"Save","article_published_time":"2022-06-30T05:26:58+00:00","article_modified_time":"2023-06-27T05:41:43+00:00","og_image":[{"width":960,"height":720,"url":"https:\/\/news.save.ch\/wp-content\/uploads\/2021\/08\/Lehrzeit.jpeg","type":"image\/jpeg"}],"author":"Simon Gr\u00f6flin","twitter_card":"summary_large_image","twitter_misc":{"\u00c9crit par":"Simon Gr\u00f6flin","Dur\u00e9e de lecture estim\u00e9e":"3 minutes"},"schema":{"@context":"https:\/\/schema.org","@graph":[{"@type":"Article","@id":"https:\/\/news.save.ch\/jaehrlich-wird-jeder-achte-lernende-opfer-eines-berufsunfalls\/#article","isPartOf":{"@id":"https:\/\/news.save.ch\/jaehrlich-wird-jeder-achte-lernende-opfer-eines-berufsunfalls\/"},"author":{"name":"Simon Gr\u00f6flin","@id":"https:\/\/news.save.ch\/de\/#\/schema\/person\/ad4ef21102fd6125312409ac57d5296d"},"headline":"J\u00e4hrlich wird jeder achte Lernende Opfer eines Berufsunfalls","datePublished":"2022-06-30T05:26:58+00:00","dateModified":"2023-06-27T05:41:43+00:00","mainEntityOfPage":{"@id":"https:\/\/news.save.ch\/jaehrlich-wird-jeder-achte-lernende-opfer-eines-berufsunfalls\/"},"wordCount":487,"publisher":{"@id":"https:\/\/news.save.ch\/de\/#organization"},"image":{"@id":"https:\/\/news.save.ch\/jaehrlich-wird-jeder-achte-lernende-opfer-eines-berufsunfalls\/#primaryimage"},"thumbnailUrl":"https:\/\/news.save.ch\/wp-content\/uploads\/2021\/08\/Lehrzeit.jpeg","keywords":["Berufsunfall","Betriebsunf\u00e4lle","Lernende","Sicherheit am Arbeitsplatz","Stopp-Ausweis","Verantwortung der Vorgesetzten"],"articleSection":["HEALTH &amp; SAFETY"],"inLanguage":"fr-FR"},{"@type":"WebPage","@id":"https:\/\/news.save.ch\/jaehrlich-wird-jeder-achte-lernende-opfer-eines-berufsunfalls\/","url":"https:\/\/news.save.ch\/jaehrlich-wird-jeder-achte-lernende-opfer-eines-berufsunfalls\/","name":"Chaque ann\u00e9e, un apprenti sur huit est victime d'un accident professionnel - Save","isPartOf":{"@id":"https:\/\/news.save.ch\/de\/#website"},"primaryImageOfPage":{"@id":"https:\/\/news.save.ch\/jaehrlich-wird-jeder-achte-lernende-opfer-eines-berufsunfalls\/#primaryimage"},"image":{"@id":"https:\/\/news.save.ch\/jaehrlich-wird-jeder-achte-lernende-opfer-eines-berufsunfalls\/#primaryimage"},"thumbnailUrl":"https:\/\/news.save.ch\/wp-content\/uploads\/2021\/08\/Lehrzeit.jpeg","datePublished":"2022-06-30T05:26:58+00:00","dateModified":"2023-06-27T05:41:43+00:00","description":"Chaque ann\u00e9e, 25 000 apprentis sont victimes d'un accident du travail en Suisse. Pour faire baisser ce chiffre, les apprentis ont besoin du soutien des formateurs et du courage de dire stop.","breadcrumb":{"@id":"https:\/\/news.save.ch\/jaehrlich-wird-jeder-achte-lernende-opfer-eines-berufsunfalls\/#breadcrumb"},"inLanguage":"fr-FR","potentialAction":[{"@type":"ReadAction","target":["https:\/\/news.save.ch\/jaehrlich-wird-jeder-achte-lernende-opfer-eines-berufsunfalls\/"]}]},{"@type":"ImageObject","inLanguage":"fr-FR","@id":"https:\/\/news.save.ch\/jaehrlich-wird-jeder-achte-lernende-opfer-eines-berufsunfalls\/#primaryimage","url":"https:\/\/news.save.ch\/wp-content\/uploads\/2021\/08\/Lehrzeit.jpeg","contentUrl":"https:\/\/news.save.ch\/wp-content\/uploads\/2021\/08\/Lehrzeit.jpeg","width":960,"height":720,"caption":"zVg"},{"@type":"BreadcrumbList","@id":"https:\/\/news.save.ch\/jaehrlich-wird-jeder-achte-lernende-opfer-eines-berufsunfalls\/#breadcrumb","itemListElement":[{"@type":"ListItem","position":1,"name":"Home","item":"https:\/\/news.save.ch\/de\/"},{"@type":"ListItem","position":2,"name":"J\u00e4hrlich wird jeder achte Lernende Opfer eines Berufsunfalls"}]},{"@type":"WebSite","@id":"https:\/\/news.save.ch\/de\/#website","url":"https:\/\/news.save.ch\/de\/","name":"Save","description":"Revue suisse sp\u00e9cialis\u00e9e dans la s\u00e9curit\u00e9","publisher":{"@id":"https:\/\/news.save.ch\/de\/#organization"},"potentialAction":[{"@type":"SearchAction","target":{"@type":"EntryPoint","urlTemplate":"https:\/\/news.save.ch\/de\/?s={search_term_string}"},"query-input":{"@type":"PropertyValueSpecification","valueRequired":true,"valueName":"search_term_string"}}],"inLanguage":"fr-FR"},{"@type":"Organization","@id":"https:\/\/news.save.ch\/de\/#organization","name":"Forum sur la s\u00e9curit\u00e9","url":"https:\/\/news.save.ch\/de\/","logo":{"@type":"ImageObject","inLanguage":"fr-FR","@id":"https:\/\/news.save.ch\/de\/#\/schema\/logo\/image\/","url":"https:\/\/news.save.ch\/wp-content\/uploads\/2022\/06\/Logo_SF_2012.png","contentUrl":"https:\/\/news.save.ch\/wp-content\/uploads\/2022\/06\/Logo_SF_2012.png","width":1100,"height":91,"caption":"Sicherheitsforum"},"image":{"@id":"https:\/\/news.save.ch\/de\/#\/schema\/logo\/image\/"}},{"@type":"Person","@id":"https:\/\/news.save.ch\/de\/#\/schema\/person\/ad4ef21102fd6125312409ac57d5296d","name":"Simon Gr\u00f6flin","image":{"@type":"ImageObject","inLanguage":"fr-FR","@id":"https:\/\/secure.gravatar.com\/avatar\/6ddceb80eb734354635539e0ea5140bb7c41e42de7c45c9a2ab9921b5d5c9a83?s=96&d=mm&r=g","url":"https:\/\/secure.gravatar.com\/avatar\/6ddceb80eb734354635539e0ea5140bb7c41e42de7c45c9a2ab9921b5d5c9a83?s=96&d=mm&r=g","contentUrl":"https:\/\/secure.gravatar.com\/avatar\/6ddceb80eb734354635539e0ea5140bb7c41e42de7c45c9a2ab9921b5d5c9a83?s=96&d=mm&r=g","caption":"Simon Gr\u00f6flin"},"url":"https:\/\/news.save.ch\/fr\/author\/simon-groeflin\/"}]}},"_links":{"self":[{"href":"https:\/\/news.save.ch\/fr\/wp-json\/wp\/v2\/posts\/9269","targetHints":{"allow":["GET"]}}],"collection":[{"href":"https:\/\/news.save.ch\/fr\/wp-json\/wp\/v2\/posts"}],"about":[{"href":"https:\/\/news.save.ch\/fr\/wp-json\/wp\/v2\/types\/post"}],"author":[{"embeddable":true,"href":"https:\/\/news.save.ch\/fr\/wp-json\/wp\/v2\/users\/9"}],"replies":[{"embeddable":true,"href":"https:\/\/news.save.ch\/fr\/wp-json\/wp\/v2\/comments?post=9269"}],"version-history":[{"count":4,"href":"https:\/\/news.save.ch\/fr\/wp-json\/wp\/v2\/posts\/9269\/revisions"}],"predecessor-version":[{"id":20376,"href":"https:\/\/news.save.ch\/fr\/wp-json\/wp\/v2\/posts\/9269\/revisions\/20376"}],"wp:featuredmedia":[{"embeddable":true,"href":"https:\/\/news.save.ch\/fr\/wp-json\/wp\/v2\/media\/7587"}],"wp:attachment":[{"href":"https:\/\/news.save.ch\/fr\/wp-json\/wp\/v2\/media?parent=9269"}],"wp:term":[{"taxonomy":"category","embeddable":true,"href":"https:\/\/news.save.ch\/fr\/wp-json\/wp\/v2\/categories?post=9269"},{"taxonomy":"post_tag","embeddable":true,"href":"https:\/\/news.save.ch\/fr\/wp-json\/wp\/v2\/tags?post=9269"}],"curies":[{"name":"wp","href":"https:\/\/api.w.org\/{rel}","templated":true}]}}