{"id":9316,"date":"2020-01-16T08:21:04","date_gmt":"2020-01-16T07:21:04","guid":{"rendered":"https:\/\/news.save.ch\/?p=9316"},"modified":"2023-03-14T08:56:41","modified_gmt":"2023-03-14T07:56:41","slug":"verschmelzung-von-it-und-ot-bringt-neue-security-herausforderungen","status":null,"type":"post","link":"https:\/\/news.save.ch\/fr\/verschmelzung-von-it-und-ot-bringt-neue-security-herausforderungen\/","title":{"rendered":"La fusion de l'IT et de l'OT entra\u00eene de nouveaux d\u00e9fis en mati\u00e8re de s\u00e9curit\u00e9"},"content":{"rendered":"<figure id=\"attachment_9317\" aria-describedby=\"caption-attachment-9317\" style=\"width: 680px\" class=\"wp-caption aligncenter\"><img loading=\"lazy\" decoding=\"async\" class=\"size-medium wp-image-9317\" src=\"https:\/\/news.save.ch\/wp-content\/uploads\/2020\/01\/Depositphotos_14877217_s-2019.jpg\" alt=\"\" width=\"680\" height=\"389\" srcset=\"https:\/\/news.save.ch\/wp-content\/uploads\/2020\/01\/Depositphotos_14877217_s-2019.jpg 999w, https:\/\/news.save.ch\/wp-content\/uploads\/2020\/01\/Depositphotos_14877217_s-2019-375x214.jpg 375w\" sizes=\"auto, (max-width: 680px) 100vw, 680px\" \/><figcaption id=\"caption-attachment-9317\" class=\"wp-caption-text\">Si la collaboration entre les \u00e9quipes IT et OT ne fonctionne pas, la s\u00e9curit\u00e9 de l'entreprise est menac\u00e9e. \u00a9 depositphotos, Sergey Nivens<\/figcaption><\/figure>\n<p>Selon la derni\u00e8re \u00e9tude de <a href=\"https:\/\/www.fortinet.com\/\">Fortinet<\/a>Les entreprises industrielles veulent continuer \u00e0 num\u00e9riser leurs usines afin d'\u00eatre plus efficaces et d'obtenir une meilleure compr\u00e9hension de leurs processus de production gr\u00e2ce aux donn\u00e9es collect\u00e9es. 66 % des personnes interrog\u00e9es d\u00e9clarent que leur production passe par des r\u00e9seaux IP et qu'elles utilisent d\u00e9j\u00e0 des donn\u00e9es en temps r\u00e9el pour prendre des d\u00e9cisions commerciales. Toutefois, ces r\u00e9seaux entra\u00eenent \u00e9galement de nouveaux risques de s\u00e9curit\u00e9. Pour 73 % des personnes interrog\u00e9es, la surface d'attaque de leur entreprise s'en est trouv\u00e9e augment\u00e9e. Seule la moiti\u00e9 d'entre elles estiment que leur parc de machines est en mesure de repousser les attaques. Inversement, cela signifie que la moiti\u00e9 des machines ne sont pas \u00e9quip\u00e9es contre les cyber-attaques.<\/p>\n<p><strong>Manque de collaboration entre les \u00e9quipes IT et OT<\/strong><\/p>\n<p>Autre r\u00e9sultat important de l'\u00e9tude : le manque de collaboration entre les \u00e9quipes IT et OT met en danger la s\u00e9curit\u00e9 des syst\u00e8mes de contr\u00f4le industriels (ICS). 51 % des personnes interrog\u00e9es ont indiqu\u00e9 qu'elles travaillaient de mani\u00e8re isol\u00e9e. Cela signifie que l'\u00e9quipe OT g\u00e8re les installations industrielles importantes et leur cybers\u00e9curit\u00e9, tandis que l'\u00e9quipe IT est responsable de la s\u00e9curit\u00e9 des technologies de l'information. De plus, un quart \u00e0 plus d'un tiers des personnes interrog\u00e9es ne savaient pas qui \u00e9tait le principal responsable des solutions de cybers\u00e9curit\u00e9 telles que les syst\u00e8mes de processus, de contr\u00f4le et d'automatisation - ou m\u00eame de la planification commerciale et de la logistique. Cependant, 91 % pensent que l'informatique et l'OT devraient \u00eatre conjointement responsables de la s\u00e9curit\u00e9 du parc de machines. 58 pour cent affirment en outre que les deux \u00e9quipes devraient r\u00e9guli\u00e8rement \u00e9changer des informations sur l'interconnexion de l'IT et de l'OT.<\/p>\n<p>Les entreprises peuvent tirer d'\u00e9normes avantages de l'association de l'informatique et de l'OT et de la collaboration \u00e9troite entre les \u00e9quipes responsables. La majorit\u00e9 des personnes interrog\u00e9es (66 pour cent) citent ici l'acc\u00e8s aux donn\u00e9es en temps r\u00e9el des op\u00e9rations de fabrication. Pour 59 pour cent, un meilleur aper\u00e7u des donn\u00e9es de production pour d\u00e9velopper de nouveaux mod\u00e8les commerciaux est un avantage important. En outre, les gains d'efficacit\u00e9 sont nombreux : 43 % des personnes interrog\u00e9es indiquent qu'elles ont pu r\u00e9duire les redondances dans les processus et les flux de travail, et qu'elles ont \u00e9galement b\u00e9n\u00e9fici\u00e9 d'une meilleure visibilit\u00e9 pour att\u00e9nuer les cyber-menaces.<\/p>\n<p>\"Les entreprises industrielles doivent se transformer au niveau op\u00e9rationnel pour combler le foss\u00e9 entre les environnements IT et OT. Il faut instaurer la confiance entre les \u00e9quipes comp\u00e9tentes afin de garantir une mise en r\u00e9seau r\u00e9ussie. Les surfaces d'attaque \u00e9tant de plus en plus grandes, les \u00e9quipes IT et OT doivent collaborer pour am\u00e9liorer la transparence et se d\u00e9fendre contre les cybermenaces. C'est pourquoi, chez Fortinet, nous investissons beaucoup de temps et de ressources dans la recherche et le d\u00e9veloppement de solutions de cybers\u00e9curit\u00e9 ICS\", explique Franz Kaiser de Fortinet.<\/p>\n<p><strong>Vers l'\u00e9tude<\/strong><\/p>\n<p>L'enqu\u00eate en ligne a \u00e9t\u00e9 men\u00e9e par Forrester Consulting pour le compte de Fortinet. 459 d\u00e9cideurs IT et OT d'Inde, de Turquie, du Royaume-Uni, d'Espagne, de Pologne, d'Allemagne, de Slovaquie, d'Italie, de France, de R\u00e9publique tch\u00e8que et des Pays-Bas, responsables de syst\u00e8mes de contr\u00f4le industriel (ICS) dans des entreprises industrielles comptant au moins 1000 collaborateurs dans les secteurs de l'automobile, du transport, de la fabrication, de la marine et de l'a\u00e9ronautique, ont particip\u00e9 \u00e0 cette enqu\u00eate. L'objectif \u00e9tait d'obtenir des informations sur la mani\u00e8re dont les entreprises industrielles organisent la s\u00e9curit\u00e9, les r\u00f4les et les responsabilit\u00e9s en mati\u00e8re de s\u00e9curit\u00e9 entre l'IT et l'OT, ainsi que sur les d\u00e9fis et les opportunit\u00e9s que pr\u00e9sente la fusion de l'IT et de l'OT.<\/p>\n<blockquote>\n<p>Quelle est la situation dans le secteur de la s\u00e9curit\u00e9 ?<\/p>\n<p>L'Association suisse des constructeurs de syst\u00e8mes de s\u00e9curit\u00e9 (SES) a publi\u00e9 un nouveau guide sur la cybers\u00e9curit\u00e9. Celui-ci aide les installateurs de syst\u00e8mes de s\u00e9curit\u00e9 \u00e0 prot\u00e9ger leurs syst\u00e8mes le mieux possible contre les attaques de pirates informatiques.<\/p>\n<p>La publication sp\u00e9cialis\u00e9e SicherheitsForum (SF) publie dans son num\u00e9ro 1\/2020 une interview avec deux auteurs du guide. Il y est \u00e9galement question de l'interaction entre la technologie de l'information et la technologie op\u00e9rationnelle, c'est-\u00e0-dire la technique de s\u00e9curit\u00e9 proprement dite.<\/p>\n<p><a href=\"https:\/\/news.save.ch\/fr\/sicherheitsforum\/\"><em>Cliquez ici pour l'abonnement d'essai SF.<\/em><\/a><\/p>\n<\/blockquote>\n<p>&nbsp;<\/p>\n<p>&nbsp;<\/p>","protected":false},"excerpt":{"rendered":"<p>Laut der aktuellen Studie von Fortinet, wollen Industrieunternehmen ihre Fabrikhallen weiter digitalisieren, um effizienter zu werden und mithilfe gesammelter Daten tiefere Einblicke in ihre Produktionsprozesse zu gewinnen. 66 Prozent der Befragten geben an, dass ihre Fertigung \u00fcber IP-verbundene Netzwerke l\u00e4uft und sie bereits Echtzeitdaten f\u00fcr Gesch\u00e4ftsentscheidungen nutzen. Diese Netzwerke bringen jedoch auch neue Sicherheitsrisiken mit [&hellip;]<\/p>\n","protected":false},"author":8,"featured_media":9317,"comment_status":"closed","ping_status":"closed","sticky":false,"template":"","format":"standard","meta":{"_acf_changed":false,"pgc_sgb_lightbox_settings":"","footnotes":""},"categories":[3313],"tags":[542,543],"class_list":["post-9316","post","type-post","status-publish","format-standard","has-post-thumbnail","hentry","category-digitalisierung","tag-informationstechnologie","tag-operational-technology"],"acf":[],"hkrextid":null,"publication":null,"issue":null,"workflow":null,"startPage":null,"spitzmarke":null,"_posts_by_tag_page_fields":{"widget_title":"","widget_tags":""},"_at_widget":"1","_yoast_wpseo_primary_category":"2","_yoast_wpseo_focuskw_text_input":"IT und OT","_yoast_wpseo_opengraph-image":null,"_yoast_wpseo_opengraph-description":null,"_yoast_wpseo_opengraph-title":null,"enclosure":null,"_yoast_wpseo_twitter-title":null,"_yoast_wpseo_twitter-description":null,"_yoast_wpseo_twitter-image":null,"_wp_old_slug":null,"_yoast_wpseo_title":null,"_yoast_wpseo_canonical":null,"yoast_head":"<!-- This site is optimized with the Yoast SEO plugin v27.5 - https:\/\/yoast.com\/product\/yoast-seo-wordpress\/ -->\n<title>Verschmelzung von IT und OT bringt neue Security-Herausforderungen - Save<\/title>\n<meta name=\"description\" content=\"Gem\u00e4ss Studie bedroht das mangelnde Zusammenspiel von Informationstechnologie (IT) und Operational Technology (OT) die Cyber-Sicherheit der Unternehmen.\" \/>\n<meta name=\"robots\" content=\"index, follow, max-snippet:-1, max-image-preview:large, max-video-preview:-1\" \/>\n<link rel=\"canonical\" href=\"https:\/\/news.save.ch\/fr\/verschmelzung-von-it-und-ot-bringt-neue-security-herausforderungen\/\" \/>\n<meta property=\"og:locale\" content=\"fr_FR\" \/>\n<meta property=\"og:type\" content=\"article\" \/>\n<meta property=\"og:title\" content=\"Verschmelzung von IT und OT bringt neue Security-Herausforderungen - Save\" \/>\n<meta property=\"og:description\" content=\"Gem\u00e4ss Studie bedroht das mangelnde Zusammenspiel von Informationstechnologie (IT) und Operational Technology (OT) die Cyber-Sicherheit der Unternehmen.\" \/>\n<meta property=\"og:url\" content=\"https:\/\/news.save.ch\/fr\/verschmelzung-von-it-und-ot-bringt-neue-security-herausforderungen\/\" \/>\n<meta property=\"og:site_name\" content=\"Save\" \/>\n<meta property=\"article:published_time\" content=\"2020-01-16T07:21:04+00:00\" \/>\n<meta property=\"article:modified_time\" content=\"2023-03-14T07:56:41+00:00\" \/>\n<meta property=\"og:image\" content=\"https:\/\/news.save.ch\/wp-content\/uploads\/2020\/01\/Depositphotos_14877217_s-2019.jpg\" \/>\n\t<meta property=\"og:image:width\" content=\"999\" \/>\n\t<meta property=\"og:image:height\" content=\"571\" \/>\n\t<meta property=\"og:image:type\" content=\"image\/jpeg\" \/>\n<meta name=\"author\" content=\"Roger Str\u00e4ssle\" \/>\n<meta name=\"twitter:card\" content=\"summary_large_image\" \/>\n<meta name=\"twitter:label1\" content=\"\u00c9crit par\" \/>\n\t<meta name=\"twitter:data1\" content=\"Roger Str\u00e4ssle\" \/>\n\t<meta name=\"twitter:label2\" content=\"Dur\u00e9e de lecture estim\u00e9e\" \/>\n\t<meta name=\"twitter:data2\" content=\"3 minutes\" \/>\n<script type=\"application\/ld+json\" class=\"yoast-schema-graph\">{\"@context\":\"https:\\\/\\\/schema.org\",\"@graph\":[{\"@type\":\"Article\",\"@id\":\"https:\\\/\\\/news.save.ch\\\/verschmelzung-von-it-und-ot-bringt-neue-security-herausforderungen\\\/#article\",\"isPartOf\":{\"@id\":\"https:\\\/\\\/news.save.ch\\\/verschmelzung-von-it-und-ot-bringt-neue-security-herausforderungen\\\/\"},\"author\":{\"name\":\"Roger Str\u00e4ssle\",\"@id\":\"https:\\\/\\\/news.save.ch\\\/de\\\/#\\\/schema\\\/person\\\/d5022db048e0e2b9785c50e5b24da5aa\"},\"headline\":\"Verschmelzung von IT und OT bringt neue Security-Herausforderungen\",\"datePublished\":\"2020-01-16T07:21:04+00:00\",\"dateModified\":\"2023-03-14T07:56:41+00:00\",\"mainEntityOfPage\":{\"@id\":\"https:\\\/\\\/news.save.ch\\\/verschmelzung-von-it-und-ot-bringt-neue-security-herausforderungen\\\/\"},\"wordCount\":607,\"publisher\":{\"@id\":\"https:\\\/\\\/news.save.ch\\\/de\\\/#organization\"},\"image\":{\"@id\":\"https:\\\/\\\/news.save.ch\\\/verschmelzung-von-it-und-ot-bringt-neue-security-herausforderungen\\\/#primaryimage\"},\"thumbnailUrl\":\"https:\\\/\\\/news.save.ch\\\/wp-content\\\/uploads\\\/2020\\\/01\\\/Depositphotos_14877217_s-2019.jpg\",\"keywords\":[\"Informationstechnologie\",\"Operational Technology\"],\"articleSection\":[\"DIGITALISIERUNG\"],\"inLanguage\":\"fr-FR\"},{\"@type\":\"WebPage\",\"@id\":\"https:\\\/\\\/news.save.ch\\\/verschmelzung-von-it-und-ot-bringt-neue-security-herausforderungen\\\/\",\"url\":\"https:\\\/\\\/news.save.ch\\\/verschmelzung-von-it-und-ot-bringt-neue-security-herausforderungen\\\/\",\"name\":\"Verschmelzung von IT und OT bringt neue Security-Herausforderungen - Save\",\"isPartOf\":{\"@id\":\"https:\\\/\\\/news.save.ch\\\/de\\\/#website\"},\"primaryImageOfPage\":{\"@id\":\"https:\\\/\\\/news.save.ch\\\/verschmelzung-von-it-und-ot-bringt-neue-security-herausforderungen\\\/#primaryimage\"},\"image\":{\"@id\":\"https:\\\/\\\/news.save.ch\\\/verschmelzung-von-it-und-ot-bringt-neue-security-herausforderungen\\\/#primaryimage\"},\"thumbnailUrl\":\"https:\\\/\\\/news.save.ch\\\/wp-content\\\/uploads\\\/2020\\\/01\\\/Depositphotos_14877217_s-2019.jpg\",\"datePublished\":\"2020-01-16T07:21:04+00:00\",\"dateModified\":\"2023-03-14T07:56:41+00:00\",\"description\":\"Gem\u00e4ss Studie bedroht das mangelnde Zusammenspiel von Informationstechnologie (IT) und Operational Technology (OT) die Cyber-Sicherheit der Unternehmen.\",\"breadcrumb\":{\"@id\":\"https:\\\/\\\/news.save.ch\\\/verschmelzung-von-it-und-ot-bringt-neue-security-herausforderungen\\\/#breadcrumb\"},\"inLanguage\":\"fr-FR\",\"potentialAction\":[{\"@type\":\"ReadAction\",\"target\":[\"https:\\\/\\\/news.save.ch\\\/verschmelzung-von-it-und-ot-bringt-neue-security-herausforderungen\\\/\"]}]},{\"@type\":\"ImageObject\",\"inLanguage\":\"fr-FR\",\"@id\":\"https:\\\/\\\/news.save.ch\\\/verschmelzung-von-it-und-ot-bringt-neue-security-herausforderungen\\\/#primaryimage\",\"url\":\"https:\\\/\\\/news.save.ch\\\/wp-content\\\/uploads\\\/2020\\\/01\\\/Depositphotos_14877217_s-2019.jpg\",\"contentUrl\":\"https:\\\/\\\/news.save.ch\\\/wp-content\\\/uploads\\\/2020\\\/01\\\/Depositphotos_14877217_s-2019.jpg\",\"width\":999,\"height\":571,\"caption\":\"\u00a9 depositphotos, Sergey Nivens\"},{\"@type\":\"BreadcrumbList\",\"@id\":\"https:\\\/\\\/news.save.ch\\\/verschmelzung-von-it-und-ot-bringt-neue-security-herausforderungen\\\/#breadcrumb\",\"itemListElement\":[{\"@type\":\"ListItem\",\"position\":1,\"name\":\"Home\",\"item\":\"https:\\\/\\\/news.save.ch\\\/de\\\/\"},{\"@type\":\"ListItem\",\"position\":2,\"name\":\"Verschmelzung von IT und OT bringt neue Security-Herausforderungen\"}]},{\"@type\":\"WebSite\",\"@id\":\"https:\\\/\\\/news.save.ch\\\/de\\\/#website\",\"url\":\"https:\\\/\\\/news.save.ch\\\/de\\\/\",\"name\":\"Save\",\"description\":\"Schweizer Fachzeitschrift f\u00fcr Sicherheit\",\"publisher\":{\"@id\":\"https:\\\/\\\/news.save.ch\\\/de\\\/#organization\"},\"potentialAction\":[{\"@type\":\"SearchAction\",\"target\":{\"@type\":\"EntryPoint\",\"urlTemplate\":\"https:\\\/\\\/news.save.ch\\\/de\\\/?s={search_term_string}\"},\"query-input\":{\"@type\":\"PropertyValueSpecification\",\"valueRequired\":true,\"valueName\":\"search_term_string\"}}],\"inLanguage\":\"fr-FR\"},{\"@type\":\"Organization\",\"@id\":\"https:\\\/\\\/news.save.ch\\\/de\\\/#organization\",\"name\":\"Sicherheitsforum\",\"url\":\"https:\\\/\\\/news.save.ch\\\/de\\\/\",\"logo\":{\"@type\":\"ImageObject\",\"inLanguage\":\"fr-FR\",\"@id\":\"https:\\\/\\\/news.save.ch\\\/de\\\/#\\\/schema\\\/logo\\\/image\\\/\",\"url\":\"https:\\\/\\\/news.save.ch\\\/wp-content\\\/uploads\\\/2022\\\/06\\\/Logo_SF_2012.png\",\"contentUrl\":\"https:\\\/\\\/news.save.ch\\\/wp-content\\\/uploads\\\/2022\\\/06\\\/Logo_SF_2012.png\",\"width\":1100,\"height\":91,\"caption\":\"Sicherheitsforum\"},\"image\":{\"@id\":\"https:\\\/\\\/news.save.ch\\\/de\\\/#\\\/schema\\\/logo\\\/image\\\/\"}},{\"@type\":\"Person\",\"@id\":\"https:\\\/\\\/news.save.ch\\\/de\\\/#\\\/schema\\\/person\\\/d5022db048e0e2b9785c50e5b24da5aa\",\"name\":\"Roger Str\u00e4ssle\",\"image\":{\"@type\":\"ImageObject\",\"inLanguage\":\"fr-FR\",\"@id\":\"https:\\\/\\\/secure.gravatar.com\\\/avatar\\\/862a5569d087de48e5856e32f45d719a03804c891d6deb8d4f71a660e79e4a47?s=96&d=mm&r=g\",\"url\":\"https:\\\/\\\/secure.gravatar.com\\\/avatar\\\/862a5569d087de48e5856e32f45d719a03804c891d6deb8d4f71a660e79e4a47?s=96&d=mm&r=g\",\"contentUrl\":\"https:\\\/\\\/secure.gravatar.com\\\/avatar\\\/862a5569d087de48e5856e32f45d719a03804c891d6deb8d4f71a660e79e4a47?s=96&d=mm&r=g\",\"caption\":\"Roger Str\u00e4ssle\"},\"url\":\"https:\\\/\\\/news.save.ch\\\/fr\\\/author\\\/roger-straessle\\\/\"}]}<\/script>\n<!-- \/ Yoast SEO plugin. -->","yoast_head_json":{"title":"La fusion de l'IT et de l'OT entra\u00eene de nouveaux d\u00e9fis de s\u00e9curit\u00e9 - Save","description":"Selon l'\u00e9tude, le manque d'interaction entre les technologies de l'information (IT) et les technologies op\u00e9rationnelles (OT) menace la cybers\u00e9curit\u00e9 des entreprises.","robots":{"index":"index","follow":"follow","max-snippet":"max-snippet:-1","max-image-preview":"max-image-preview:large","max-video-preview":"max-video-preview:-1"},"canonical":"https:\/\/news.save.ch\/fr\/verschmelzung-von-it-und-ot-bringt-neue-security-herausforderungen\/","og_locale":"fr_FR","og_type":"article","og_title":"Verschmelzung von IT und OT bringt neue Security-Herausforderungen - Save","og_description":"Gem\u00e4ss Studie bedroht das mangelnde Zusammenspiel von Informationstechnologie (IT) und Operational Technology (OT) die Cyber-Sicherheit der Unternehmen.","og_url":"https:\/\/news.save.ch\/fr\/verschmelzung-von-it-und-ot-bringt-neue-security-herausforderungen\/","og_site_name":"Save","article_published_time":"2020-01-16T07:21:04+00:00","article_modified_time":"2023-03-14T07:56:41+00:00","og_image":[{"width":999,"height":571,"url":"https:\/\/news.save.ch\/wp-content\/uploads\/2020\/01\/Depositphotos_14877217_s-2019.jpg","type":"image\/jpeg"}],"author":"Roger Str\u00e4ssle","twitter_card":"summary_large_image","twitter_misc":{"\u00c9crit par":"Roger Str\u00e4ssle","Dur\u00e9e de lecture estim\u00e9e":"3 minutes"},"schema":{"@context":"https:\/\/schema.org","@graph":[{"@type":"Article","@id":"https:\/\/news.save.ch\/verschmelzung-von-it-und-ot-bringt-neue-security-herausforderungen\/#article","isPartOf":{"@id":"https:\/\/news.save.ch\/verschmelzung-von-it-und-ot-bringt-neue-security-herausforderungen\/"},"author":{"name":"Roger Str\u00e4ssle","@id":"https:\/\/news.save.ch\/de\/#\/schema\/person\/d5022db048e0e2b9785c50e5b24da5aa"},"headline":"Verschmelzung von IT und OT bringt neue Security-Herausforderungen","datePublished":"2020-01-16T07:21:04+00:00","dateModified":"2023-03-14T07:56:41+00:00","mainEntityOfPage":{"@id":"https:\/\/news.save.ch\/verschmelzung-von-it-und-ot-bringt-neue-security-herausforderungen\/"},"wordCount":607,"publisher":{"@id":"https:\/\/news.save.ch\/de\/#organization"},"image":{"@id":"https:\/\/news.save.ch\/verschmelzung-von-it-und-ot-bringt-neue-security-herausforderungen\/#primaryimage"},"thumbnailUrl":"https:\/\/news.save.ch\/wp-content\/uploads\/2020\/01\/Depositphotos_14877217_s-2019.jpg","keywords":["Informationstechnologie","Operational Technology"],"articleSection":["DIGITALISIERUNG"],"inLanguage":"fr-FR"},{"@type":"WebPage","@id":"https:\/\/news.save.ch\/verschmelzung-von-it-und-ot-bringt-neue-security-herausforderungen\/","url":"https:\/\/news.save.ch\/verschmelzung-von-it-und-ot-bringt-neue-security-herausforderungen\/","name":"La fusion de l'IT et de l'OT entra\u00eene de nouveaux d\u00e9fis de s\u00e9curit\u00e9 - Save","isPartOf":{"@id":"https:\/\/news.save.ch\/de\/#website"},"primaryImageOfPage":{"@id":"https:\/\/news.save.ch\/verschmelzung-von-it-und-ot-bringt-neue-security-herausforderungen\/#primaryimage"},"image":{"@id":"https:\/\/news.save.ch\/verschmelzung-von-it-und-ot-bringt-neue-security-herausforderungen\/#primaryimage"},"thumbnailUrl":"https:\/\/news.save.ch\/wp-content\/uploads\/2020\/01\/Depositphotos_14877217_s-2019.jpg","datePublished":"2020-01-16T07:21:04+00:00","dateModified":"2023-03-14T07:56:41+00:00","description":"Selon l'\u00e9tude, le manque d'interaction entre les technologies de l'information (IT) et les technologies op\u00e9rationnelles (OT) menace la cybers\u00e9curit\u00e9 des entreprises.","breadcrumb":{"@id":"https:\/\/news.save.ch\/verschmelzung-von-it-und-ot-bringt-neue-security-herausforderungen\/#breadcrumb"},"inLanguage":"fr-FR","potentialAction":[{"@type":"ReadAction","target":["https:\/\/news.save.ch\/verschmelzung-von-it-und-ot-bringt-neue-security-herausforderungen\/"]}]},{"@type":"ImageObject","inLanguage":"fr-FR","@id":"https:\/\/news.save.ch\/verschmelzung-von-it-und-ot-bringt-neue-security-herausforderungen\/#primaryimage","url":"https:\/\/news.save.ch\/wp-content\/uploads\/2020\/01\/Depositphotos_14877217_s-2019.jpg","contentUrl":"https:\/\/news.save.ch\/wp-content\/uploads\/2020\/01\/Depositphotos_14877217_s-2019.jpg","width":999,"height":571,"caption":"\u00a9 depositphotos, Sergey Nivens"},{"@type":"BreadcrumbList","@id":"https:\/\/news.save.ch\/verschmelzung-von-it-und-ot-bringt-neue-security-herausforderungen\/#breadcrumb","itemListElement":[{"@type":"ListItem","position":1,"name":"Home","item":"https:\/\/news.save.ch\/de\/"},{"@type":"ListItem","position":2,"name":"Verschmelzung von IT und OT bringt neue Security-Herausforderungen"}]},{"@type":"WebSite","@id":"https:\/\/news.save.ch\/de\/#website","url":"https:\/\/news.save.ch\/de\/","name":"Save","description":"Revue suisse sp\u00e9cialis\u00e9e dans la s\u00e9curit\u00e9","publisher":{"@id":"https:\/\/news.save.ch\/de\/#organization"},"potentialAction":[{"@type":"SearchAction","target":{"@type":"EntryPoint","urlTemplate":"https:\/\/news.save.ch\/de\/?s={search_term_string}"},"query-input":{"@type":"PropertyValueSpecification","valueRequired":true,"valueName":"search_term_string"}}],"inLanguage":"fr-FR"},{"@type":"Organization","@id":"https:\/\/news.save.ch\/de\/#organization","name":"Forum sur la s\u00e9curit\u00e9","url":"https:\/\/news.save.ch\/de\/","logo":{"@type":"ImageObject","inLanguage":"fr-FR","@id":"https:\/\/news.save.ch\/de\/#\/schema\/logo\/image\/","url":"https:\/\/news.save.ch\/wp-content\/uploads\/2022\/06\/Logo_SF_2012.png","contentUrl":"https:\/\/news.save.ch\/wp-content\/uploads\/2022\/06\/Logo_SF_2012.png","width":1100,"height":91,"caption":"Sicherheitsforum"},"image":{"@id":"https:\/\/news.save.ch\/de\/#\/schema\/logo\/image\/"}},{"@type":"Person","@id":"https:\/\/news.save.ch\/de\/#\/schema\/person\/d5022db048e0e2b9785c50e5b24da5aa","name":"Roger Str\u00e4ssle","image":{"@type":"ImageObject","inLanguage":"fr-FR","@id":"https:\/\/secure.gravatar.com\/avatar\/862a5569d087de48e5856e32f45d719a03804c891d6deb8d4f71a660e79e4a47?s=96&d=mm&r=g","url":"https:\/\/secure.gravatar.com\/avatar\/862a5569d087de48e5856e32f45d719a03804c891d6deb8d4f71a660e79e4a47?s=96&d=mm&r=g","contentUrl":"https:\/\/secure.gravatar.com\/avatar\/862a5569d087de48e5856e32f45d719a03804c891d6deb8d4f71a660e79e4a47?s=96&d=mm&r=g","caption":"Roger Str\u00e4ssle"},"url":"https:\/\/news.save.ch\/fr\/author\/roger-straessle\/"}]}},"_links":{"self":[{"href":"https:\/\/news.save.ch\/fr\/wp-json\/wp\/v2\/posts\/9316","targetHints":{"allow":["GET"]}}],"collection":[{"href":"https:\/\/news.save.ch\/fr\/wp-json\/wp\/v2\/posts"}],"about":[{"href":"https:\/\/news.save.ch\/fr\/wp-json\/wp\/v2\/types\/post"}],"author":[{"embeddable":true,"href":"https:\/\/news.save.ch\/fr\/wp-json\/wp\/v2\/users\/8"}],"replies":[{"embeddable":true,"href":"https:\/\/news.save.ch\/fr\/wp-json\/wp\/v2\/comments?post=9316"}],"version-history":[{"count":1,"href":"https:\/\/news.save.ch\/fr\/wp-json\/wp\/v2\/posts\/9316\/revisions"}],"predecessor-version":[{"id":17352,"href":"https:\/\/news.save.ch\/fr\/wp-json\/wp\/v2\/posts\/9316\/revisions\/17352"}],"wp:featuredmedia":[{"embeddable":true,"href":"https:\/\/news.save.ch\/fr\/wp-json\/wp\/v2\/media\/9317"}],"wp:attachment":[{"href":"https:\/\/news.save.ch\/fr\/wp-json\/wp\/v2\/media?parent=9316"}],"wp:term":[{"taxonomy":"category","embeddable":true,"href":"https:\/\/news.save.ch\/fr\/wp-json\/wp\/v2\/categories?post=9316"},{"taxonomy":"post_tag","embeddable":true,"href":"https:\/\/news.save.ch\/fr\/wp-json\/wp\/v2\/tags?post=9316"}],"curies":[{"name":"wp","href":"https:\/\/api.w.org\/{rel}","templated":true}]}}